{"id":101172,"date":"2023-10-12T11:00:19","date_gmt":"2023-10-12T09:00:19","guid":{"rendered":"https:\/\/www.matrix4design.com\/?p=101172"},"modified":"2024-01-22T10:23:53","modified_gmt":"2024-01-22T09:23:53","slug":"mostra-icons-of-architecture-2023-linaugurazione-con-open-project","status":"publish","type":"post","link":"https:\/\/www.matrix4design.com\/it\/architettura\/mostra-icons-of-architecture-2023-linaugurazione-con-open-project\/","title":{"rendered":"Mostra Icons of Architecture 2023, l\u2019inaugurazione con Open Project"},"content":{"rendered":"<p>&nbsp;<\/p>\n<p>Si \u00e8 svolta marted\u00ec 10 ottobre presso lo showroom <a href=\"https:\/\/www.cristinarubinetterie.com\/\" target=\"_blank\" rel=\"noopener\"><strong>CRISTINA Rubinetterie<\/strong><\/a> di Milano l\u2019inaugurazione della mostra fotografica <a href=\"https:\/\/www.matrix4design.com\/it\/architettura\/icons-of-architecture-le-icone-dellarchitettura-in-10-fotografie-in-mostra-a-milano\/\" target=\"_blank\" rel=\"noopener\"><strong><em>Icons of Architecture<\/em><\/strong><\/a>, nel corso di una serata dedicata all\u2019incontro tra fotografia e architettura che ha visto l\u2019intervento dell\u2019architetto <strong>Francesco Conserva<\/strong>, Partner e Vicepresidente dello studio <a href=\"https:\/\/www.openproject.it\/\" target=\"_blank\" rel=\"noopener\"><strong>Open Project<\/strong><\/a>.<\/p>\n<figure id=\"attachment_101174\" aria-describedby=\"caption-attachment-101174\" style=\"width: 1280px\" class=\"wp-caption aligncenter\"><img loading=\"lazy\" decoding=\"async\" class=\"wp-image-101174 size-full\" src=\"https:\/\/www.matrix4design.com\/wp-content\/uploads\/2023\/10\/1697019770974.jpg\" alt=\"\" width=\"1280\" height=\"1707\" srcset=\"https:\/\/www.matrix4design.com\/wp-content\/uploads\/2023\/10\/1697019770974.jpg 1280w, https:\/\/www.matrix4design.com\/wp-content\/uploads\/2023\/10\/1697019770974-225x300.jpg 225w, https:\/\/www.matrix4design.com\/wp-content\/uploads\/2023\/10\/1697019770974-768x1024.jpg 768w, https:\/\/www.matrix4design.com\/wp-content\/uploads\/2023\/10\/1697019770974-1152x1536.jpg 1152w, https:\/\/www.matrix4design.com\/wp-content\/uploads\/2023\/10\/1697019770974-150x200.jpg 150w, https:\/\/www.matrix4design.com\/wp-content\/uploads\/2023\/10\/1697019770974-300x400.jpg 300w, https:\/\/www.matrix4design.com\/wp-content\/uploads\/2023\/10\/1697019770974-696x928.jpg 696w, https:\/\/www.matrix4design.com\/wp-content\/uploads\/2023\/10\/1697019770974-1068x1424.jpg 1068w\" sizes=\"auto, (max-width: 1280px) 100vw, 1280px\" \/><figcaption id=\"caption-attachment-101174\" class=\"wp-caption-text\">La locandina della Mostra presso lo showroom Cristina Rubinetterie.<\/figcaption><\/figure>\n<p>L\u2019apertura dell\u2019esposizione, che <strong>fino al 24 ottobre<\/strong> porta in mostra le dieci fotografie finaliste del <strong>Premio Icons of Architecture 2023<\/strong>, promosso da <strong>Matrix4Design <\/strong>in collaborazione con <a href=\"https:\/\/www.urbanphotoawards.com\/it\/\" target=\"_blank\" rel=\"noopener\"><strong>URBAN Photo Awards<\/strong><\/a>, \u00e8 stata l\u2019occasione per una riflessione sull\u2019approccio dei fotografi all\u2019architettura nonch\u00e9 per un\u2019analisi del progetto contemporaneo e delle connesse responsabilit\u00e0 di architetti e designer in termini di sostenibilit\u00e0 sociale e ambientale. Come in ogni edizione del Premio, l\u2019obiettivo resta quello di sottolineare il legame tra mondo del progetto e mondo della fotografia laddove la ricerca visiva incontra e racconta i cambiamenti dello spazio.<\/p>\n<figure id=\"attachment_101202\" aria-describedby=\"caption-attachment-101202\" style=\"width: 1600px\" class=\"wp-caption aligncenter\"><img loading=\"lazy\" decoding=\"async\" class=\"size-full wp-image-101202\" src=\"https:\/\/www.matrix4design.com\/wp-content\/uploads\/2023\/10\/IMG_6192.jpg\" alt=\"\" width=\"1600\" height=\"1200\" srcset=\"https:\/\/www.matrix4design.com\/wp-content\/uploads\/2023\/10\/IMG_6192.jpg 1600w, https:\/\/www.matrix4design.com\/wp-content\/uploads\/2023\/10\/IMG_6192-300x225.jpg 300w, https:\/\/www.matrix4design.com\/wp-content\/uploads\/2023\/10\/IMG_6192-1024x768.jpg 1024w, https:\/\/www.matrix4design.com\/wp-content\/uploads\/2023\/10\/IMG_6192-768x576.jpg 768w, https:\/\/www.matrix4design.com\/wp-content\/uploads\/2023\/10\/IMG_6192-1536x1152.jpg 1536w, https:\/\/www.matrix4design.com\/wp-content\/uploads\/2023\/10\/IMG_6192-150x113.jpg 150w, https:\/\/www.matrix4design.com\/wp-content\/uploads\/2023\/10\/IMG_6192-696x522.jpg 696w, https:\/\/www.matrix4design.com\/wp-content\/uploads\/2023\/10\/IMG_6192-1068x801.jpg 1068w, https:\/\/www.matrix4design.com\/wp-content\/uploads\/2023\/10\/IMG_6192-265x198.jpg 265w\" sizes=\"auto, (max-width: 1600px) 100vw, 1600px\" \/><figcaption id=\"caption-attachment-101202\" class=\"wp-caption-text\">L&#8217;allestimento della Mostra presso lo showroom Cristina Rubinetterie.<\/figcaption><\/figure>\n<p>Dopo i saluti di <strong>Marco Caleffi<\/strong>, Presidente di CRISTINA Rubinetterie, il talk si \u00e8 aperto con l\u2019intervento di <strong>Andrea Boni<\/strong>, editore di Matrix4Design, ideatore e promotore del Premio Icons of Architecture, che ha spiegato:<\/p>\n<p>\u201c<em>Nel corso delle quattro edizioni del Premio abbiamo notato un\u2019evoluzione nelle fotografie. Inizialmente, le fotografie che ricevevamo erano pi\u00f9 fredde, statiche, puramente descrittive dell\u2019edificio rappresentato<\/em>. <em>Quest\u2019anno invece le fotografie sono pi\u00f9 intimiste, presentano un punto di vista pi\u00f9 libero, inedito e personale. Scegliere \u00e8 stato difficile perch\u00e9 sono arrivate 225 fotografie da 65 Paesi del mondo, a testimonianza della platea internazionale alla quale ci rivolgiamo grazie anche all\u2019aiuto di URBAN Photo Awards. Le fotografie finaliste esposte in mostra consentiranno ai visitatori di rinnovare il proprio sguardo sui grandi edifici moderni e contemporanei, osservandoli da nuove prospettive, nuove distanze, nuove angolazioni e nuovi colori.<\/em>\u201d<\/p>\n<figure id=\"attachment_101176\" aria-describedby=\"caption-attachment-101176\" style=\"width: 2048px\" class=\"wp-caption aligncenter\"><img loading=\"lazy\" decoding=\"async\" class=\"size-full wp-image-101176\" src=\"https:\/\/www.matrix4design.com\/wp-content\/uploads\/2023\/10\/1697019772595.jpg\" alt=\"\" width=\"2048\" height=\"1536\" srcset=\"https:\/\/www.matrix4design.com\/wp-content\/uploads\/2023\/10\/1697019772595.jpg 2048w, https:\/\/www.matrix4design.com\/wp-content\/uploads\/2023\/10\/1697019772595-300x225.jpg 300w, https:\/\/www.matrix4design.com\/wp-content\/uploads\/2023\/10\/1697019772595-1024x768.jpg 1024w, https:\/\/www.matrix4design.com\/wp-content\/uploads\/2023\/10\/1697019772595-768x576.jpg 768w, https:\/\/www.matrix4design.com\/wp-content\/uploads\/2023\/10\/1697019772595-1536x1152.jpg 1536w, https:\/\/www.matrix4design.com\/wp-content\/uploads\/2023\/10\/1697019772595-150x113.jpg 150w, https:\/\/www.matrix4design.com\/wp-content\/uploads\/2023\/10\/1697019772595-696x522.jpg 696w, https:\/\/www.matrix4design.com\/wp-content\/uploads\/2023\/10\/1697019772595-1068x801.jpg 1068w, https:\/\/www.matrix4design.com\/wp-content\/uploads\/2023\/10\/1697019772595-1920x1440.jpg 1920w, https:\/\/www.matrix4design.com\/wp-content\/uploads\/2023\/10\/1697019772595-265x198.jpg 265w, https:\/\/www.matrix4design.com\/wp-content\/uploads\/2023\/10\/1697019772595-1800x1350.jpg 1800w\" sizes=\"auto, (max-width: 2048px) 100vw, 2048px\" \/><figcaption id=\"caption-attachment-101176\" class=\"wp-caption-text\">Fotografie in mostra presso lo showroom Cristina Rubinetterie.<\/figcaption><\/figure>\n<p>\u00c8 stata poi la volta dell\u2019ospite della serata, <strong>Francesco Conserva<\/strong>, con il quale abbiamo esplorato la filosofia progettuale dello studio Open Project, che dal 1984 immagina e realizza interventi di rigenerazione urbana, strutture alberghiere, studentati, poli culturali, spazi di lavoro, seguendo un approccio multidisciplinare, integrato e sostenibile. Soffermandosi sull\u2019urgenza di ripensare i concetti stessi di costruzione e riqualificazione, in contesti urbani ma non solo, l\u2019architetto Conserva ha detto:<\/p>\n<p>\u201c<em>Come Open Project, il tema della sostenibilit\u00e0 fa parte da sempre del nostro modo di agire, del nostro modo di pensare. Di fronte alle sfide del cambiamento climatico, noi architetti siamo chiamati a progettare in modo olistico, puntando su valori di maggiore coordinamento e interferenza con gli aspetti impiantistici e di cura del verde. L\u2019obiettivo deve essere quello di anticipare le situazioni future, motivo per il quale \u00e8 necessario che i tecnici, gli architetti, gli impiantisti sappiano andare oltre il proprio punto di vista, sappiano cambiare la propria prospettiva per cambiare di conseguenza il proprio modo di agire rispetto alle nuove esigenze ambientali. Esattamente come accade in fotografia, quando la ricerca di chi sta dietro l\u2019obiettivo offre a tutti noi la possibilit\u00e0 di modificare il nostro sguardo sull\u2019architettura e sulla realt\u00e0 che la circonda, dando origine a nuove visioni\u201d.<\/em><\/p>\n<figure id=\"attachment_101179\" aria-describedby=\"caption-attachment-101179\" style=\"width: 2048px\" class=\"wp-caption aligncenter\"><img loading=\"lazy\" decoding=\"async\" class=\"wp-image-101179 size-full\" src=\"https:\/\/www.matrix4design.com\/wp-content\/uploads\/2023\/10\/1697019788195.jpg\" alt=\"\" width=\"2048\" height=\"1536\" srcset=\"https:\/\/www.matrix4design.com\/wp-content\/uploads\/2023\/10\/1697019788195.jpg 2048w, https:\/\/www.matrix4design.com\/wp-content\/uploads\/2023\/10\/1697019788195-300x225.jpg 300w, https:\/\/www.matrix4design.com\/wp-content\/uploads\/2023\/10\/1697019788195-1024x768.jpg 1024w, https:\/\/www.matrix4design.com\/wp-content\/uploads\/2023\/10\/1697019788195-768x576.jpg 768w, https:\/\/www.matrix4design.com\/wp-content\/uploads\/2023\/10\/1697019788195-1536x1152.jpg 1536w, https:\/\/www.matrix4design.com\/wp-content\/uploads\/2023\/10\/1697019788195-150x113.jpg 150w, https:\/\/www.matrix4design.com\/wp-content\/uploads\/2023\/10\/1697019788195-696x522.jpg 696w, https:\/\/www.matrix4design.com\/wp-content\/uploads\/2023\/10\/1697019788195-1068x801.jpg 1068w, https:\/\/www.matrix4design.com\/wp-content\/uploads\/2023\/10\/1697019788195-1920x1440.jpg 1920w, https:\/\/www.matrix4design.com\/wp-content\/uploads\/2023\/10\/1697019788195-265x198.jpg 265w, https:\/\/www.matrix4design.com\/wp-content\/uploads\/2023\/10\/1697019788195-1800x1350.jpg 1800w\" sizes=\"auto, (max-width: 2048px) 100vw, 2048px\" \/><figcaption id=\"caption-attachment-101179\" class=\"wp-caption-text\">Francesco Conserva racconta i pi\u00f9 recenti progetti di Open Project durante il talk inaugurale della Mostra.<\/figcaption><\/figure>\n<p>Il video completo del talk \u00e8 disponibile a <a href=\"https:\/\/www.youtube.com\/watch?v=sqqjv2oVZ1A\" target=\"_blank\" rel=\"noopener\"><strong>questo link<\/strong><\/a>.<\/p>\n<p><em>La Mostra Fotografica <strong>Icons of Architecture<\/strong> \u00e8 visitabile dall\u201911 al 24 ottobre presso lo showroom CRISTINA Rubinetterie in Via Pontaccio 8\/10 negli orari di apertura dello showroom, come parte del programma di <a href=\"https:\/\/www.milanophotofestival.it\/\" target=\"_blank\" rel=\"noopener\">Milano Photofestival<\/a>.<\/em><\/p>\n","protected":false},"excerpt":{"rendered":"<p>&nbsp; Si \u00e8 svolta marted\u00ec 10 ottobre presso lo showroom CRISTINA Rubinetterie di Milano l\u2019inaugurazione della mostra fotografica Icons of Architecture, nel corso di una serata dedicata all\u2019incontro tra fotografia e architettura che ha visto l\u2019intervento dell\u2019architetto Francesco Conserva, Partner e Vicepresidente dello studio Open Project. L\u2019apertura dell\u2019esposizione, che fino al 24 ottobre porta in [&hellip;]<\/p>\n","protected":false},"author":6,"featured_media":101177,"comment_status":"closed","ping_status":"closed","sticky":false,"template":"","format":"video","meta":{"_acf_changed":false,"footnotes":""},"categories":[367,417,379,532,534,535],"tags":[],"class_list":{"0":"post-101172","1":"post","2":"type-post","3":"status-publish","4":"format-video","5":"has-post-thumbnail","7":"category-architettura","8":"category-architettura-home","9":"category-focus-home","10":"category-talk","11":"category-video","12":"category-video-in-evidenza","13":"post_format-post-format-video"},"acf":[],"yoast_head":"<!-- This site is optimized with the Yoast SEO plugin v27.0 - https:\/\/yoast.com\/product\/yoast-seo-wordpress\/ -->\n<title>Mostra Icons of Architecture 2023, l\u2019inaugurazione con Open Project<\/title>\n<meta name=\"description\" content=\"Si \u00e8 svolta marted\u00ec 10 ottobre presso lo showroom CRISTINA Rubinetterie di Milano l\u2019inaugurazione della mostra fotografica Icons of Architecture, nel corso di una serata dedicata all\u2019incontro tra fotografia e architettura che ha visto l\u2019intervento dell\u2019architetto Francesco Conserva, Partner e Vicepresidente di Open Project.\" \/>\n<meta name=\"robots\" content=\"index, follow, max-snippet:-1, max-image-preview:large, max-video-preview:-1\" \/>\n<link rel=\"canonical\" href=\"https:\/\/www.matrix4design.com\/it\/architettura\/mostra-icons-of-architecture-2023-linaugurazione-con-open-project\/\" \/>\n<meta property=\"og:locale\" content=\"it_IT\" \/>\n<meta property=\"og:type\" content=\"article\" \/>\n<meta property=\"og:title\" content=\"Mostra Icons of Architecture 2023, l\u2019inaugurazione con Open Project\" \/>\n<meta property=\"og:description\" content=\"Si \u00e8 svolta marted\u00ec 10 ottobre presso lo showroom CRISTINA Rubinetterie di Milano l\u2019inaugurazione della mostra fotografica Icons of Architecture, nel corso di una serata dedicata all\u2019incontro tra fotografia e architettura che ha visto l\u2019intervento dell\u2019architetto Francesco Conserva, Partner e Vicepresidente di Open Project.\" \/>\n<meta property=\"og:url\" content=\"https:\/\/www.matrix4design.com\/it\/architettura\/mostra-icons-of-architecture-2023-linaugurazione-con-open-project\/\" \/>\n<meta property=\"og:site_name\" content=\"Matrix4Design\" \/>\n<meta property=\"article:publisher\" content=\"https:\/\/www.facebook.com\/matrix4designmagazine\/\" \/>\n<meta property=\"article:published_time\" content=\"2023-10-12T09:00:19+00:00\" \/>\n<meta property=\"article:modified_time\" content=\"2024-01-22T09:23:53+00:00\" \/>\n<meta property=\"og:image\" content=\"https:\/\/www.matrix4design.com\/wp-content\/uploads\/2023\/10\/1697019773376.jpg\" \/>\n\t<meta property=\"og:image:width\" content=\"2048\" \/>\n\t<meta property=\"og:image:height\" content=\"1536\" \/>\n\t<meta property=\"og:image:type\" content=\"image\/jpeg\" \/>\n<meta name=\"author\" content=\"Redazione\" \/>\n<meta name=\"twitter:card\" content=\"summary_large_image\" \/>\n<meta name=\"twitter:label1\" content=\"Scritto da\" \/>\n\t<meta name=\"twitter:data1\" content=\"Redazione\" \/>\n\t<meta name=\"twitter:label2\" content=\"Tempo di lettura stimato\" \/>\n\t<meta name=\"twitter:data2\" content=\"4 minuti\" \/>\n<script type=\"application\/ld+json\" class=\"yoast-schema-graph\">{\"@context\":\"https:\/\/schema.org\",\"@graph\":[{\"@type\":\"Article\",\"@id\":\"https:\/\/www.matrix4design.com\/it\/architettura\/mostra-icons-of-architecture-2023-linaugurazione-con-open-project\/#article\",\"isPartOf\":{\"@id\":\"https:\/\/www.matrix4design.com\/it\/architettura\/mostra-icons-of-architecture-2023-linaugurazione-con-open-project\/\"},\"author\":{\"name\":\"Redazione\",\"@id\":\"https:\/\/www.matrix4design.com\/it\/#\/schema\/person\/b2b6dd48f9d6892ca224742379951fa1\"},\"headline\":\"Mostra Icons of Architecture 2023, l\u2019inaugurazione con Open Project\",\"datePublished\":\"2023-10-12T09:00:19+00:00\",\"dateModified\":\"2024-01-22T09:23:53+00:00\",\"mainEntityOfPage\":{\"@id\":\"https:\/\/www.matrix4design.com\/it\/architettura\/mostra-icons-of-architecture-2023-linaugurazione-con-open-project\/\"},\"wordCount\":613,\"publisher\":{\"@id\":\"https:\/\/www.matrix4design.com\/it\/#organization\"},\"image\":{\"@id\":\"https:\/\/www.matrix4design.com\/it\/architettura\/mostra-icons-of-architecture-2023-linaugurazione-con-open-project\/#primaryimage\"},\"thumbnailUrl\":\"https:\/\/www.matrix4design.com\/wp-content\/uploads\/2023\/10\/1697019773376.jpg\",\"articleSection\":[\"Architettura\",\"Architettura home\",\"Focus home\",\"Talk\",\"Video\",\"Video in evidenza\"],\"inLanguage\":\"it-IT\"},{\"@type\":\"WebPage\",\"@id\":\"https:\/\/www.matrix4design.com\/it\/architettura\/mostra-icons-of-architecture-2023-linaugurazione-con-open-project\/\",\"url\":\"https:\/\/www.matrix4design.com\/it\/architettura\/mostra-icons-of-architecture-2023-linaugurazione-con-open-project\/\",\"name\":\"Mostra Icons of Architecture 2023, l\u2019inaugurazione con Open Project\",\"isPartOf\":{\"@id\":\"https:\/\/www.matrix4design.com\/it\/#website\"},\"primaryImageOfPage\":{\"@id\":\"https:\/\/www.matrix4design.com\/it\/architettura\/mostra-icons-of-architecture-2023-linaugurazione-con-open-project\/#primaryimage\"},\"image\":{\"@id\":\"https:\/\/www.matrix4design.com\/it\/architettura\/mostra-icons-of-architecture-2023-linaugurazione-con-open-project\/#primaryimage\"},\"thumbnailUrl\":\"https:\/\/www.matrix4design.com\/wp-content\/uploads\/2023\/10\/1697019773376.jpg\",\"datePublished\":\"2023-10-12T09:00:19+00:00\",\"dateModified\":\"2024-01-22T09:23:53+00:00\",\"description\":\"Si \u00e8 svolta marted\u00ec 10 ottobre presso lo showroom CRISTINA Rubinetterie di Milano l\u2019inaugurazione della mostra fotografica Icons of Architecture, nel corso di una serata dedicata all\u2019incontro tra fotografia e architettura che ha visto l\u2019intervento dell\u2019architetto Francesco Conserva, Partner e Vicepresidente di Open Project.\",\"breadcrumb\":{\"@id\":\"https:\/\/www.matrix4design.com\/it\/architettura\/mostra-icons-of-architecture-2023-linaugurazione-con-open-project\/#breadcrumb\"},\"inLanguage\":\"it-IT\",\"potentialAction\":[{\"@type\":\"ReadAction\",\"target\":[\"https:\/\/www.matrix4design.com\/it\/architettura\/mostra-icons-of-architecture-2023-linaugurazione-con-open-project\/\"]}]},{\"@type\":\"ImageObject\",\"inLanguage\":\"it-IT\",\"@id\":\"https:\/\/www.matrix4design.com\/it\/architettura\/mostra-icons-of-architecture-2023-linaugurazione-con-open-project\/#primaryimage\",\"url\":\"https:\/\/www.matrix4design.com\/wp-content\/uploads\/2023\/10\/1697019773376.jpg\",\"contentUrl\":\"https:\/\/www.matrix4design.com\/wp-content\/uploads\/2023\/10\/1697019773376.jpg\",\"width\":2048,\"height\":1536,\"caption\":\"mostra\"},{\"@type\":\"BreadcrumbList\",\"@id\":\"https:\/\/www.matrix4design.com\/it\/architettura\/mostra-icons-of-architecture-2023-linaugurazione-con-open-project\/#breadcrumb\",\"itemListElement\":[{\"@type\":\"ListItem\",\"position\":1,\"name\":\"Home\",\"item\":\"https:\/\/www.matrix4design.com\/it\/\"},{\"@type\":\"ListItem\",\"position\":2,\"name\":\"Mostra Icons of Architecture 2023, l\u2019inaugurazione con Open Project\"}]},{\"@type\":\"WebSite\",\"@id\":\"https:\/\/www.matrix4design.com\/it\/#website\",\"url\":\"https:\/\/www.matrix4design.com\/it\/\",\"name\":\"Matrix4Design\",\"description\":\"Digital architecture and design b2b magazine\",\"publisher\":{\"@id\":\"https:\/\/www.matrix4design.com\/it\/#organization\"},\"potentialAction\":[{\"@type\":\"SearchAction\",\"target\":{\"@type\":\"EntryPoint\",\"urlTemplate\":\"https:\/\/www.matrix4design.com\/it\/?s={search_term_string}\"},\"query-input\":{\"@type\":\"PropertyValueSpecification\",\"valueRequired\":true,\"valueName\":\"search_term_string\"}}],\"inLanguage\":\"it-IT\"},{\"@type\":\"Organization\",\"@id\":\"https:\/\/www.matrix4design.com\/it\/#organization\",\"name\":\"Matrix4Design\",\"url\":\"https:\/\/www.matrix4design.com\/it\/\",\"logo\":{\"@type\":\"ImageObject\",\"inLanguage\":\"it-IT\",\"@id\":\"https:\/\/www.matrix4design.com\/it\/#\/schema\/logo\/image\/\",\"url\":\"https:\/\/www.matrix4design.com\/wp-content\/uploads\/2020\/04\/logo_matrix4design.png\",\"contentUrl\":\"https:\/\/www.matrix4design.com\/wp-content\/uploads\/2020\/04\/logo_matrix4design.png\",\"width\":804,\"height\":114,\"caption\":\"Matrix4Design\"},\"image\":{\"@id\":\"https:\/\/www.matrix4design.com\/it\/#\/schema\/logo\/image\/\"},\"sameAs\":[\"https:\/\/www.facebook.com\/matrix4designmagazine\/\",\"https:\/\/www.instagram.com\/matrix4designmagazine\/\",\"https:\/\/www.youtube.com\/channel\/UCtuhSSrP3MOO_URZgv8mQ1A\"]},{\"@type\":\"Person\",\"@id\":\"https:\/\/www.matrix4design.com\/it\/#\/schema\/person\/b2b6dd48f9d6892ca224742379951fa1\",\"name\":\"Redazione\",\"image\":{\"@type\":\"ImageObject\",\"inLanguage\":\"it-IT\",\"@id\":\"https:\/\/www.matrix4design.com\/it\/#\/schema\/person\/image\/\",\"url\":\"https:\/\/www.matrix4design.com\/wp-content\/uploads\/2023\/01\/logo_M4D_2023-96x96.jpg\",\"contentUrl\":\"https:\/\/www.matrix4design.com\/wp-content\/uploads\/2023\/01\/logo_M4D_2023-96x96.jpg\",\"caption\":\"Redazione\"},\"url\":\"https:\/\/www.matrix4design.com\/it\/author\/redazione\/\"}]}<\/script>\n<!-- \/ Yoast SEO plugin. -->","yoast_head_json":{"title":"Mostra Icons of Architecture 2023, l\u2019inaugurazione con Open Project","description":"Si \u00e8 svolta marted\u00ec 10 ottobre presso lo showroom CRISTINA Rubinetterie di Milano l\u2019inaugurazione della mostra fotografica Icons of Architecture, nel corso di una serata dedicata all\u2019incontro tra fotografia e architettura che ha visto l\u2019intervento dell\u2019architetto Francesco Conserva, Partner e Vicepresidente di Open Project.","robots":{"index":"index","follow":"follow","max-snippet":"max-snippet:-1","max-image-preview":"max-image-preview:large","max-video-preview":"max-video-preview:-1"},"canonical":"https:\/\/www.matrix4design.com\/it\/architettura\/mostra-icons-of-architecture-2023-linaugurazione-con-open-project\/","og_locale":"it_IT","og_type":"article","og_title":"Mostra Icons of Architecture 2023, l\u2019inaugurazione con Open Project","og_description":"Si \u00e8 svolta marted\u00ec 10 ottobre presso lo showroom CRISTINA Rubinetterie di Milano l\u2019inaugurazione della mostra fotografica Icons of Architecture, nel corso di una serata dedicata all\u2019incontro tra fotografia e architettura che ha visto l\u2019intervento dell\u2019architetto Francesco Conserva, Partner e Vicepresidente di Open Project.","og_url":"https:\/\/www.matrix4design.com\/it\/architettura\/mostra-icons-of-architecture-2023-linaugurazione-con-open-project\/","og_site_name":"Matrix4Design","article_publisher":"https:\/\/www.facebook.com\/matrix4designmagazine\/","article_published_time":"2023-10-12T09:00:19+00:00","article_modified_time":"2024-01-22T09:23:53+00:00","og_image":[{"width":2048,"height":1536,"url":"https:\/\/www.matrix4design.com\/wp-content\/uploads\/2023\/10\/1697019773376.jpg","type":"image\/jpeg"}],"author":"Redazione","twitter_card":"summary_large_image","twitter_misc":{"Scritto da":"Redazione","Tempo di lettura stimato":"4 minuti"},"schema":{"@context":"https:\/\/schema.org","@graph":[{"@type":"Article","@id":"https:\/\/www.matrix4design.com\/it\/architettura\/mostra-icons-of-architecture-2023-linaugurazione-con-open-project\/#article","isPartOf":{"@id":"https:\/\/www.matrix4design.com\/it\/architettura\/mostra-icons-of-architecture-2023-linaugurazione-con-open-project\/"},"author":{"name":"Redazione","@id":"https:\/\/www.matrix4design.com\/it\/#\/schema\/person\/b2b6dd48f9d6892ca224742379951fa1"},"headline":"Mostra Icons of Architecture 2023, l\u2019inaugurazione con Open Project","datePublished":"2023-10-12T09:00:19+00:00","dateModified":"2024-01-22T09:23:53+00:00","mainEntityOfPage":{"@id":"https:\/\/www.matrix4design.com\/it\/architettura\/mostra-icons-of-architecture-2023-linaugurazione-con-open-project\/"},"wordCount":613,"publisher":{"@id":"https:\/\/www.matrix4design.com\/it\/#organization"},"image":{"@id":"https:\/\/www.matrix4design.com\/it\/architettura\/mostra-icons-of-architecture-2023-linaugurazione-con-open-project\/#primaryimage"},"thumbnailUrl":"https:\/\/www.matrix4design.com\/wp-content\/uploads\/2023\/10\/1697019773376.jpg","articleSection":["Architettura","Architettura home","Focus home","Talk","Video","Video in evidenza"],"inLanguage":"it-IT"},{"@type":"WebPage","@id":"https:\/\/www.matrix4design.com\/it\/architettura\/mostra-icons-of-architecture-2023-linaugurazione-con-open-project\/","url":"https:\/\/www.matrix4design.com\/it\/architettura\/mostra-icons-of-architecture-2023-linaugurazione-con-open-project\/","name":"Mostra Icons of Architecture 2023, l\u2019inaugurazione con Open Project","isPartOf":{"@id":"https:\/\/www.matrix4design.com\/it\/#website"},"primaryImageOfPage":{"@id":"https:\/\/www.matrix4design.com\/it\/architettura\/mostra-icons-of-architecture-2023-linaugurazione-con-open-project\/#primaryimage"},"image":{"@id":"https:\/\/www.matrix4design.com\/it\/architettura\/mostra-icons-of-architecture-2023-linaugurazione-con-open-project\/#primaryimage"},"thumbnailUrl":"https:\/\/www.matrix4design.com\/wp-content\/uploads\/2023\/10\/1697019773376.jpg","datePublished":"2023-10-12T09:00:19+00:00","dateModified":"2024-01-22T09:23:53+00:00","description":"Si \u00e8 svolta marted\u00ec 10 ottobre presso lo showroom CRISTINA Rubinetterie di Milano l\u2019inaugurazione della mostra fotografica Icons of Architecture, nel corso di una serata dedicata all\u2019incontro tra fotografia e architettura che ha visto l\u2019intervento dell\u2019architetto Francesco Conserva, Partner e Vicepresidente di Open Project.","breadcrumb":{"@id":"https:\/\/www.matrix4design.com\/it\/architettura\/mostra-icons-of-architecture-2023-linaugurazione-con-open-project\/#breadcrumb"},"inLanguage":"it-IT","potentialAction":[{"@type":"ReadAction","target":["https:\/\/www.matrix4design.com\/it\/architettura\/mostra-icons-of-architecture-2023-linaugurazione-con-open-project\/"]}]},{"@type":"ImageObject","inLanguage":"it-IT","@id":"https:\/\/www.matrix4design.com\/it\/architettura\/mostra-icons-of-architecture-2023-linaugurazione-con-open-project\/#primaryimage","url":"https:\/\/www.matrix4design.com\/wp-content\/uploads\/2023\/10\/1697019773376.jpg","contentUrl":"https:\/\/www.matrix4design.com\/wp-content\/uploads\/2023\/10\/1697019773376.jpg","width":2048,"height":1536,"caption":"mostra"},{"@type":"BreadcrumbList","@id":"https:\/\/www.matrix4design.com\/it\/architettura\/mostra-icons-of-architecture-2023-linaugurazione-con-open-project\/#breadcrumb","itemListElement":[{"@type":"ListItem","position":1,"name":"Home","item":"https:\/\/www.matrix4design.com\/it\/"},{"@type":"ListItem","position":2,"name":"Mostra Icons of Architecture 2023, l\u2019inaugurazione con Open Project"}]},{"@type":"WebSite","@id":"https:\/\/www.matrix4design.com\/it\/#website","url":"https:\/\/www.matrix4design.com\/it\/","name":"Matrix4Design","description":"Digital architecture and design b2b magazine","publisher":{"@id":"https:\/\/www.matrix4design.com\/it\/#organization"},"potentialAction":[{"@type":"SearchAction","target":{"@type":"EntryPoint","urlTemplate":"https:\/\/www.matrix4design.com\/it\/?s={search_term_string}"},"query-input":{"@type":"PropertyValueSpecification","valueRequired":true,"valueName":"search_term_string"}}],"inLanguage":"it-IT"},{"@type":"Organization","@id":"https:\/\/www.matrix4design.com\/it\/#organization","name":"Matrix4Design","url":"https:\/\/www.matrix4design.com\/it\/","logo":{"@type":"ImageObject","inLanguage":"it-IT","@id":"https:\/\/www.matrix4design.com\/it\/#\/schema\/logo\/image\/","url":"https:\/\/www.matrix4design.com\/wp-content\/uploads\/2020\/04\/logo_matrix4design.png","contentUrl":"https:\/\/www.matrix4design.com\/wp-content\/uploads\/2020\/04\/logo_matrix4design.png","width":804,"height":114,"caption":"Matrix4Design"},"image":{"@id":"https:\/\/www.matrix4design.com\/it\/#\/schema\/logo\/image\/"},"sameAs":["https:\/\/www.facebook.com\/matrix4designmagazine\/","https:\/\/www.instagram.com\/matrix4designmagazine\/","https:\/\/www.youtube.com\/channel\/UCtuhSSrP3MOO_URZgv8mQ1A"]},{"@type":"Person","@id":"https:\/\/www.matrix4design.com\/it\/#\/schema\/person\/b2b6dd48f9d6892ca224742379951fa1","name":"Redazione","image":{"@type":"ImageObject","inLanguage":"it-IT","@id":"https:\/\/www.matrix4design.com\/it\/#\/schema\/person\/image\/","url":"https:\/\/www.matrix4design.com\/wp-content\/uploads\/2023\/01\/logo_M4D_2023-96x96.jpg","contentUrl":"https:\/\/www.matrix4design.com\/wp-content\/uploads\/2023\/01\/logo_M4D_2023-96x96.jpg","caption":"Redazione"},"url":"https:\/\/www.matrix4design.com\/it\/author\/redazione\/"}]}},"_links":{"self":[{"href":"https:\/\/www.matrix4design.com\/it\/wp-json\/wp\/v2\/posts\/101172","targetHints":{"allow":["GET"]}}],"collection":[{"href":"https:\/\/www.matrix4design.com\/it\/wp-json\/wp\/v2\/posts"}],"about":[{"href":"https:\/\/www.matrix4design.com\/it\/wp-json\/wp\/v2\/types\/post"}],"author":[{"embeddable":true,"href":"https:\/\/www.matrix4design.com\/it\/wp-json\/wp\/v2\/users\/6"}],"replies":[{"embeddable":true,"href":"https:\/\/www.matrix4design.com\/it\/wp-json\/wp\/v2\/comments?post=101172"}],"version-history":[{"count":9,"href":"https:\/\/www.matrix4design.com\/it\/wp-json\/wp\/v2\/posts\/101172\/revisions"}],"predecessor-version":[{"id":101227,"href":"https:\/\/www.matrix4design.com\/it\/wp-json\/wp\/v2\/posts\/101172\/revisions\/101227"}],"wp:featuredmedia":[{"embeddable":true,"href":"https:\/\/www.matrix4design.com\/it\/wp-json\/wp\/v2\/media\/101177"}],"wp:attachment":[{"href":"https:\/\/www.matrix4design.com\/it\/wp-json\/wp\/v2\/media?parent=101172"}],"wp:term":[{"taxonomy":"category","embeddable":true,"href":"https:\/\/www.matrix4design.com\/it\/wp-json\/wp\/v2\/categories?post=101172"},{"taxonomy":"post_tag","embeddable":true,"href":"https:\/\/www.matrix4design.com\/it\/wp-json\/wp\/v2\/tags?post=101172"}],"curies":[{"name":"wp","href":"https:\/\/api.w.org\/{rel}","templated":true}]}}