{"id":101308,"date":"2023-10-31T11:00:24","date_gmt":"2023-10-31T10:00:24","guid":{"rendered":"https:\/\/www.matrix4design.com\/?p=101308"},"modified":"2023-10-17T12:41:11","modified_gmt":"2023-10-17T10:41:11","slug":"il-design-si-tinge-di-arancione-e-nero-per-halloween","status":"publish","type":"post","link":"https:\/\/www.matrix4design.com\/it\/design\/il-design-si-tinge-di-arancione-e-nero-per-halloween\/","title":{"rendered":"Il design si tinge di arancione e nero: \u00e8 Halloween!"},"content":{"rendered":"<p>&nbsp;<\/p>\n<p>In occasione della festa pi\u00f9 spaventosa dell&#8217;anno anche il <strong>design<\/strong> si veste a tema <strong>Halloween<\/strong> puntando tutto sui <strong>colori<\/strong> pi\u00f9 <strong>gettonati<\/strong>, dal macabro <strong>nero<\/strong> fino all&#8217;<strong>arancione<\/strong> zucca.<\/p>\n<p>Lo sanno bene brand come <a href=\"https:\/\/lacividina.com\/\" target=\"_blank\" rel=\"noopener\"><strong>laCividina<\/strong><\/a>, <strong><a href=\"https:\/\/www.horm.it\/\" target=\"_blank\" rel=\"noopener\">Horm<\/a><\/strong>, <a href=\"https:\/\/www.fantin.com\/\" target=\"_blank\" rel=\"noopener\"><strong>Fantin<\/strong> <\/a>e <strong><a href=\"https:\/\/www.usm.com\/it-it\/office\/homepage\/\" target=\"_blank\" rel=\"noopener\">USM Modular Furniture<\/a><\/strong> che offrono diversi arredi arancioni ideali per allestire la propria casa a tema. <strong>laCividina<\/strong>, per esempio, ha diverse proposte che vanno da <strong>Folies<\/strong>, il <strong>divanetto nella versione color arancio<\/strong>, ad <strong>Aria<\/strong>, la <strong>lounge chair<\/strong> retro-futuristica che \u00e8 l&#8217;unione perfetta di leggerezza e magniloquenza. Per completare l&#8217;offerta ecco anche <strong>Waves<\/strong>, la collezione di <strong>pouf<\/strong> composta da<strong> moduli di forme e volumi diversi<\/strong>.<\/p>\n<figure id=\"attachment_101323\" aria-describedby=\"caption-attachment-101323\" style=\"width: 1707px\" class=\"wp-caption aligncenter\"><img loading=\"lazy\" decoding=\"async\" class=\"wp-image-101323 size-full\" src=\"https:\/\/www.matrix4design.com\/wp-content\/uploads\/2023\/10\/Folies-05_high-scaled.jpg\" alt=\"\" width=\"1707\" height=\"2560\" srcset=\"https:\/\/www.matrix4design.com\/wp-content\/uploads\/2023\/10\/Folies-05_high-scaled.jpg 1707w, https:\/\/www.matrix4design.com\/wp-content\/uploads\/2023\/10\/Folies-05_high-200x300.jpg 200w, https:\/\/www.matrix4design.com\/wp-content\/uploads\/2023\/10\/Folies-05_high-683x1024.jpg 683w, https:\/\/www.matrix4design.com\/wp-content\/uploads\/2023\/10\/Folies-05_high-768x1152.jpg 768w, https:\/\/www.matrix4design.com\/wp-content\/uploads\/2023\/10\/Folies-05_high-1024x1536.jpg 1024w, https:\/\/www.matrix4design.com\/wp-content\/uploads\/2023\/10\/Folies-05_high-1366x2048.jpg 1366w, https:\/\/www.matrix4design.com\/wp-content\/uploads\/2023\/10\/Folies-05_high-150x225.jpg 150w, https:\/\/www.matrix4design.com\/wp-content\/uploads\/2023\/10\/Folies-05_high-300x450.jpg 300w, https:\/\/www.matrix4design.com\/wp-content\/uploads\/2023\/10\/Folies-05_high-696x1044.jpg 696w, https:\/\/www.matrix4design.com\/wp-content\/uploads\/2023\/10\/Folies-05_high-1068x1601.jpg 1068w, https:\/\/www.matrix4design.com\/wp-content\/uploads\/2023\/10\/Folies-05_high-1601x2400.jpg 1601w\" sizes=\"auto, (max-width: 1707px) 100vw, 1707px\" \/><figcaption id=\"caption-attachment-101323\" class=\"wp-caption-text\">laCividina<\/figcaption><\/figure>\n<p><strong>Horm<\/strong>, dal canto suo, propone <strong>Samoa<\/strong>, ideale per chi vuole un <strong>divano letto multiuso<\/strong>. Se la zucca \u00e8 la protagonista della festa, non poteva mancare anche una <strong>cucina a tema<\/strong> ed ecco che a pensarci c&#8217;\u00e8 <strong>Fantin<\/strong> con <strong>Frame<\/strong>, una cucina in giallo melone che pu\u00f2 essere organizzata in <strong>diversi moduli secondo le proprie necessit\u00e0<\/strong> e i propri gusti, creando un colorato gioco di volumi. A completare l&#8217;arredo di ogni spazio della casa ci pensa poi il sistema modulare <strong>USM Haller<\/strong> di <strong>USM Modular Furniture<\/strong> in arancione puro, che \u00e8 un\u2019ottima soluzione per organizzare tutti gli spazi della casa con stile, senza rinunciare alla comodit\u00e0 data dal <strong>mobile contenitore<\/strong> che sottrae elegantemente alla vista ci\u00f2 che non deve essere mostrato.<\/p>\n<figure id=\"attachment_101325\" aria-describedby=\"caption-attachment-101325\" style=\"width: 2362px\" class=\"wp-caption aligncenter\"><img loading=\"lazy\" decoding=\"async\" class=\"wp-image-101325 size-full\" src=\"https:\/\/www.matrix4design.com\/wp-content\/uploads\/2023\/10\/Fantin-Frame-Kitchen-GlassTopHug-Table-01-CMYK-300dpi.jpg\" alt=\"\" width=\"2362\" height=\"1575\" srcset=\"https:\/\/www.matrix4design.com\/wp-content\/uploads\/2023\/10\/Fantin-Frame-Kitchen-GlassTopHug-Table-01-CMYK-300dpi.jpg 2362w, https:\/\/www.matrix4design.com\/wp-content\/uploads\/2023\/10\/Fantin-Frame-Kitchen-GlassTopHug-Table-01-CMYK-300dpi-300x200.jpg 300w, https:\/\/www.matrix4design.com\/wp-content\/uploads\/2023\/10\/Fantin-Frame-Kitchen-GlassTopHug-Table-01-CMYK-300dpi-1024x683.jpg 1024w, https:\/\/www.matrix4design.com\/wp-content\/uploads\/2023\/10\/Fantin-Frame-Kitchen-GlassTopHug-Table-01-CMYK-300dpi-768x512.jpg 768w, https:\/\/www.matrix4design.com\/wp-content\/uploads\/2023\/10\/Fantin-Frame-Kitchen-GlassTopHug-Table-01-CMYK-300dpi-1536x1024.jpg 1536w, https:\/\/www.matrix4design.com\/wp-content\/uploads\/2023\/10\/Fantin-Frame-Kitchen-GlassTopHug-Table-01-CMYK-300dpi-2048x1366.jpg 2048w, https:\/\/www.matrix4design.com\/wp-content\/uploads\/2023\/10\/Fantin-Frame-Kitchen-GlassTopHug-Table-01-CMYK-300dpi-150x100.jpg 150w, https:\/\/www.matrix4design.com\/wp-content\/uploads\/2023\/10\/Fantin-Frame-Kitchen-GlassTopHug-Table-01-CMYK-300dpi-696x464.jpg 696w, https:\/\/www.matrix4design.com\/wp-content\/uploads\/2023\/10\/Fantin-Frame-Kitchen-GlassTopHug-Table-01-CMYK-300dpi-1068x712.jpg 1068w, https:\/\/www.matrix4design.com\/wp-content\/uploads\/2023\/10\/Fantin-Frame-Kitchen-GlassTopHug-Table-01-CMYK-300dpi-1920x1280.jpg 1920w, https:\/\/www.matrix4design.com\/wp-content\/uploads\/2023\/10\/Fantin-Frame-Kitchen-GlassTopHug-Table-01-CMYK-300dpi-1800x1200.jpg 1800w\" sizes=\"auto, (max-width: 2362px) 100vw, 2362px\" \/><figcaption id=\"caption-attachment-101325\" class=\"wp-caption-text\">Fantin<\/figcaption><\/figure>\n<p>L&#8217;anima della festa di Halloween per\u00f2 \u00e8 di colore <strong>nero<\/strong>, che non passa mai di moda neanche nel mondo del design. Tra gli arredi irrinunciabili per oggi c&#8217;\u00e8 la <strong>lampada a sospensione<\/strong> a luce diffusa <strong>2097<\/strong> di <a href=\"https:\/\/flos.com\/it\/it\/\" target=\"_blank\" rel=\"noopener\"><strong>Flos<\/strong> <\/a>composta da una <strong>struttura centrale in ferro e bracci in ottone<\/strong>, entrambi in nero. Sulla stessa linea ci sono anche le proposte di <a href=\"https:\/\/www.linealight.com\/it-it\" target=\"_blank\" rel=\"noopener\">Linea Light Group<\/a> con le collezioni <strong>Gemini<\/strong> e <strong>Dubcolor<\/strong>.<\/p>\n<figure id=\"attachment_101319\" aria-describedby=\"caption-attachment-101319\" style=\"width: 1886px\" class=\"wp-caption aligncenter\"><img loading=\"lazy\" decoding=\"async\" class=\"wp-image-101319 size-full\" src=\"https:\/\/www.matrix4design.com\/wp-content\/uploads\/2023\/10\/2097-black-Edition-live-scaled.jpg\" alt=\"\" width=\"1886\" height=\"2560\" srcset=\"https:\/\/www.matrix4design.com\/wp-content\/uploads\/2023\/10\/2097-black-Edition-live-scaled.jpg 1886w, https:\/\/www.matrix4design.com\/wp-content\/uploads\/2023\/10\/2097-black-Edition-live-221x300.jpg 221w, https:\/\/www.matrix4design.com\/wp-content\/uploads\/2023\/10\/2097-black-Edition-live-754x1024.jpg 754w, https:\/\/www.matrix4design.com\/wp-content\/uploads\/2023\/10\/2097-black-Edition-live-768x1043.jpg 768w, https:\/\/www.matrix4design.com\/wp-content\/uploads\/2023\/10\/2097-black-Edition-live-1131x1536.jpg 1131w, https:\/\/www.matrix4design.com\/wp-content\/uploads\/2023\/10\/2097-black-Edition-live-1508x2048.jpg 1508w, https:\/\/www.matrix4design.com\/wp-content\/uploads\/2023\/10\/2097-black-Edition-live-150x204.jpg 150w, https:\/\/www.matrix4design.com\/wp-content\/uploads\/2023\/10\/2097-black-Edition-live-300x407.jpg 300w, https:\/\/www.matrix4design.com\/wp-content\/uploads\/2023\/10\/2097-black-Edition-live-696x945.jpg 696w, https:\/\/www.matrix4design.com\/wp-content\/uploads\/2023\/10\/2097-black-Edition-live-1068x1450.jpg 1068w, https:\/\/www.matrix4design.com\/wp-content\/uploads\/2023\/10\/2097-black-Edition-live-1920x2607.jpg 1920w, https:\/\/www.matrix4design.com\/wp-content\/uploads\/2023\/10\/2097-black-Edition-live-1768x2400.jpg 1768w\" sizes=\"auto, (max-width: 1886px) 100vw, 1886px\" \/><figcaption id=\"caption-attachment-101319\" class=\"wp-caption-text\">Flos<\/figcaption><\/figure>\n<p>Alle sedie per gli ospiti, invece, ci pensano <a href=\"https:\/\/www.thonet.de\/en\" target=\"_blank\" rel=\"noopener\"><strong>Thonet<\/strong> <\/a>e <a href=\"https:\/\/www.carlhansen.com\/en\/it\" target=\"_blank\" rel=\"noopener\"><strong>Carl Hansen &amp; S\u00f8n<\/strong><\/a>. Il primo propone la seduta <strong>118 MF<\/strong> dalla <strong>forma organica e accogliente<\/strong> mentre Carl Hansen &amp; S\u00f8n punta sull&#8217;irrinunciabile <strong>sedia a dondolo CH45 Rocking Chair<\/strong> per potersi rilassare durante una sessione di racconti horror. A chiudere c&#8217;\u00e8, invece, <a href=\"https:\/\/tonellidesign.it\/\" target=\"_blank\" rel=\"noopener\"><strong>Tonelli Design<\/strong><\/a> con la sua <strong>consolle Gotham<\/strong> e il <strong>tavolino basso Sestante<\/strong>, entrambi in vetro fum\u00e9.<\/p>\n\t\t<div style=\"clear:both\"><\/div>\n\t\t<div class=\"psgal_wrap\">\n\t\t\t<div id=\"psgal_101308_1\" data-psgal_id=\"101308_1\" data-psgal_container_id=\"container_101308_1\" data-psgal_thumbnail_width=\"164\" data-psgal_use_masonary=\"1\" class=\"psgal-inline psgal gallery-columns-3 gallery-size-thumbnail use_masonry_1 show_captions_\" itemscope itemtype=\"http:\/\/schema.org\/ImageGallery\">\n\t\t\t\t\t\t\t\t\t\t<figure class=\"msnry_items\" itemscope itemtype=\"http:\/\/schema.org\/ImageObject\" style=\"width:164px;\">\n\t\t\t\t\t\t\t<a href=\"https:\/\/www.matrix4design.com\/wp-content\/uploads\/2023\/10\/Samoa_01_5x4-1800x1440.jpg\" itemprop=\"contentUrl\" data-size=\"1800x1440\" data-caption=\"Horm\" style=\"height:154px;\">\n\t\t\t\t\t\t\t\t<img decoding=\"async\" class=\"msnry_thumb\" src=\"https:\/\/www.matrix4design.com\/wp-content\/uploads\/2023\/10\/Samoa_01_5x4-scaled-328x328.jpg\" itemprop=\"thumbnail\" alt=\"\" \/>\n\t\t\t\t\t\t\t<\/a>\n\t\t\t\t\t\t\t\t\t\t\t\t\t\t<figcaption class=\"photoswipe-gallery-caption\" style=\"display:none;\">Horm<\/figcaption>\n\n\t\t\t\t\t\t<\/figure>\n\t\t\t\t\t\t\t\t\t\t<figure class=\"msnry_items\" itemscope itemtype=\"http:\/\/schema.org\/ImageObject\" style=\"width:164px;\">\n\t\t\t\t\t\t\t<a href=\"https:\/\/www.matrix4design.com\/wp-content\/uploads\/2023\/10\/USM_0020605-1800x2400.jpg\" itemprop=\"contentUrl\" data-size=\"1800x2400\" data-caption=\"USM Modular Haller\" style=\"height:154px;\">\n\t\t\t\t\t\t\t\t<img decoding=\"async\" class=\"msnry_thumb\" src=\"https:\/\/www.matrix4design.com\/wp-content\/uploads\/2023\/10\/USM_0020605-scaled-328x328.jpg\" itemprop=\"thumbnail\" alt=\"\" \/>\n\t\t\t\t\t\t\t<\/a>\n\t\t\t\t\t\t\t\t\t\t\t\t\t\t<figcaption class=\"photoswipe-gallery-caption\" style=\"display:none;\">USM Modular Haller<\/figcaption>\n\n\t\t\t\t\t\t<\/figure>\n\t\t\t\t\t\t\t\t\t\t<figure class=\"msnry_items\" itemscope itemtype=\"http:\/\/schema.org\/ImageObject\" style=\"width:164px;\">\n\t\t\t\t\t\t\t<a href=\"https:\/\/www.matrix4design.com\/wp-content\/uploads\/2023\/10\/CH45_oak_black_natural_papercord.jpg\" itemprop=\"contentUrl\" data-size=\"1181x1574\" data-caption=\"Carl Hansen &amp; S\u00f8n\" style=\"height:154px;\">\n\t\t\t\t\t\t\t\t<img decoding=\"async\" class=\"msnry_thumb\" src=\"https:\/\/www.matrix4design.com\/wp-content\/uploads\/2023\/10\/CH45_oak_black_natural_papercord-328x328.jpg\" itemprop=\"thumbnail\" alt=\"\" \/>\n\t\t\t\t\t\t\t<\/a>\n\t\t\t\t\t\t\t\t\t\t\t\t\t\t<figcaption class=\"photoswipe-gallery-caption\" style=\"display:none;\">Carl Hansen &amp; S\u00f8n<\/figcaption>\n\n\t\t\t\t\t\t<\/figure>\n\t\t\t\t\t\t\t\t\t\t<figure class=\"msnry_items\" itemscope itemtype=\"http:\/\/schema.org\/ImageObject\" style=\"width:164px;\">\n\t\t\t\t\t\t\t<a href=\"https:\/\/www.matrix4design.com\/wp-content\/uploads\/2023\/10\/Gemini_Lumetti_Accesi.jpg\" itemprop=\"contentUrl\" data-size=\"1600x900\" data-caption=\"Linea Light Design\" style=\"height:154px;\">\n\t\t\t\t\t\t\t\t<img decoding=\"async\" class=\"msnry_thumb\" src=\"https:\/\/www.matrix4design.com\/wp-content\/uploads\/2023\/10\/Gemini_Lumetti_Accesi-328x328.jpg\" itemprop=\"thumbnail\" alt=\"\" \/>\n\t\t\t\t\t\t\t<\/a>\n\t\t\t\t\t\t\t\t\t\t\t\t\t\t<figcaption class=\"photoswipe-gallery-caption\" style=\"display:none;\">Linea Light Design<\/figcaption>\n\n\t\t\t\t\t\t<\/figure>\n\t\t\t\t\t\t\t\t\t\t<figure class=\"msnry_items\" itemscope itemtype=\"http:\/\/schema.org\/ImageObject\" style=\"width:164px;\">\n\t\t\t\t\t\t\t<a href=\"https:\/\/www.matrix4design.com\/wp-content\/uploads\/2023\/10\/Thonet_118_MF_Buche_schwarz_TP29_V5_CM-1800x1201.jpg\" itemprop=\"contentUrl\" data-size=\"1800x1201\" data-caption=\"Thonet\" style=\"height:154px;\">\n\t\t\t\t\t\t\t\t<img decoding=\"async\" class=\"msnry_thumb\" src=\"https:\/\/www.matrix4design.com\/wp-content\/uploads\/2023\/10\/Thonet_118_MF_Buche_schwarz_TP29_V5_CM-scaled-328x328.jpg\" itemprop=\"thumbnail\" alt=\"\" \/>\n\t\t\t\t\t\t\t<\/a>\n\t\t\t\t\t\t\t\t\t\t\t\t\t\t<figcaption class=\"photoswipe-gallery-caption\" style=\"display:none;\">Thonet<\/figcaption>\n\n\t\t\t\t\t\t<\/figure>\n\t\t\t\t\t\t\t\t\t\t<figure class=\"msnry_items\" itemscope itemtype=\"http:\/\/schema.org\/ImageObject\" style=\"width:164px;\">\n\t\t\t\t\t\t\t<a href=\"https:\/\/www.matrix4design.com\/wp-content\/uploads\/2023\/10\/metropolis-ceram-fume-2.jpg\" itemprop=\"contentUrl\" data-size=\"1181x647\" data-caption=\"Tonelli Design\" style=\"height:154px;\">\n\t\t\t\t\t\t\t\t<img decoding=\"async\" class=\"msnry_thumb\" src=\"https:\/\/www.matrix4design.com\/wp-content\/uploads\/2023\/10\/metropolis-ceram-fume-2-328x328.jpg\" itemprop=\"thumbnail\" alt=\"\" \/>\n\t\t\t\t\t\t\t<\/a>\n\t\t\t\t\t\t\t\t\t\t\t\t\t\t<figcaption class=\"photoswipe-gallery-caption\" style=\"display:none;\">Tonelli Design<\/figcaption>\n\n\t\t\t\t\t\t<\/figure>\n\t\t\t\t\t\t\t<\/div>\n\t\t<\/div>\n\t\t<div style='clear:both'><\/div>\n\n","protected":false},"excerpt":{"rendered":"<p>&nbsp; In occasione della festa pi\u00f9 spaventosa dell&#8217;anno anche il design si veste a tema Halloween puntando tutto sui colori pi\u00f9 gettonati, dal macabro nero fino all&#8217;arancione zucca. Lo sanno bene brand come laCividina, Horm, Fantin e USM Modular Furniture che offrono diversi arredi arancioni ideali per allestire la propria casa a tema. laCividina, per [&hellip;]<\/p>\n","protected":false},"author":42,"featured_media":101321,"comment_status":"closed","ping_status":"closed","sticky":false,"template":"","format":"standard","meta":{"_acf_changed":false,"footnotes":""},"categories":[366,418,368],"tags":[],"class_list":{"0":"post-101308","1":"post","2":"type-post","3":"status-publish","4":"format-standard","5":"has-post-thumbnail","7":"category-design","8":"category-design-home","9":"category-featured"},"acf":[],"yoast_head":"<!-- This site is optimized with the Yoast SEO plugin v27.0 - https:\/\/yoast.com\/product\/yoast-seo-wordpress\/ -->\n<title>Il design si tinge di arancione e nero: \u00e8 Halloween!<\/title>\n<meta name=\"description\" content=\"In occasione della festa pi\u00f9 spaventosa dell&#039;anno anche il design si veste a tema Halloween puntando tutto sui colori pi\u00f9 gettonati, dal macabro nero fino all&#039;arancione zucca.\" \/>\n<meta name=\"robots\" content=\"index, follow, max-snippet:-1, max-image-preview:large, max-video-preview:-1\" \/>\n<link rel=\"canonical\" href=\"https:\/\/www.matrix4design.com\/it\/design\/il-design-si-tinge-di-arancione-e-nero-per-halloween\/\" \/>\n<meta property=\"og:locale\" content=\"it_IT\" \/>\n<meta property=\"og:type\" content=\"article\" \/>\n<meta property=\"og:title\" content=\"Il design si tinge di arancione e nero: \u00e8 Halloween!\" \/>\n<meta property=\"og:description\" content=\"In occasione della festa pi\u00f9 spaventosa dell&#039;anno anche il design si veste a tema Halloween puntando tutto sui colori pi\u00f9 gettonati, dal macabro nero fino all&#039;arancione zucca.\" \/>\n<meta property=\"og:url\" content=\"https:\/\/www.matrix4design.com\/it\/design\/il-design-si-tinge-di-arancione-e-nero-per-halloween\/\" \/>\n<meta property=\"og:site_name\" content=\"Matrix4Design\" \/>\n<meta property=\"article:publisher\" content=\"https:\/\/www.facebook.com\/matrix4designmagazine\/\" \/>\n<meta property=\"article:published_time\" content=\"2023-10-31T10:00:24+00:00\" \/>\n<meta property=\"og:image\" content=\"https:\/\/www.matrix4design.com\/wp-content\/uploads\/2023\/10\/USM_0018326-scaled.jpg\" \/>\n\t<meta property=\"og:image:width\" content=\"2560\" \/>\n\t<meta property=\"og:image:height\" content=\"1647\" \/>\n\t<meta property=\"og:image:type\" content=\"image\/jpeg\" \/>\n<meta name=\"author\" content=\"Arianna De Felice\" \/>\n<meta name=\"twitter:card\" content=\"summary_large_image\" \/>\n<meta name=\"twitter:label1\" content=\"Scritto da\" \/>\n\t<meta name=\"twitter:data1\" content=\"Arianna De Felice\" \/>\n\t<meta name=\"twitter:label2\" content=\"Tempo di lettura stimato\" \/>\n\t<meta name=\"twitter:data2\" content=\"3 minuti\" \/>\n<script type=\"application\/ld+json\" class=\"yoast-schema-graph\">{\"@context\":\"https:\/\/schema.org\",\"@graph\":[{\"@type\":\"Article\",\"@id\":\"https:\/\/www.matrix4design.com\/it\/design\/il-design-si-tinge-di-arancione-e-nero-per-halloween\/#article\",\"isPartOf\":{\"@id\":\"https:\/\/www.matrix4design.com\/it\/design\/il-design-si-tinge-di-arancione-e-nero-per-halloween\/\"},\"author\":{\"name\":\"Arianna De Felice\",\"@id\":\"https:\/\/www.matrix4design.com\/it\/#\/schema\/person\/5cab3419363cada764945825bbc03378\"},\"headline\":\"Il design si tinge di arancione e nero: \u00e8 Halloween!\",\"datePublished\":\"2023-10-31T10:00:24+00:00\",\"mainEntityOfPage\":{\"@id\":\"https:\/\/www.matrix4design.com\/it\/design\/il-design-si-tinge-di-arancione-e-nero-per-halloween\/\"},\"wordCount\":398,\"publisher\":{\"@id\":\"https:\/\/www.matrix4design.com\/it\/#organization\"},\"image\":{\"@id\":\"https:\/\/www.matrix4design.com\/it\/design\/il-design-si-tinge-di-arancione-e-nero-per-halloween\/#primaryimage\"},\"thumbnailUrl\":\"https:\/\/www.matrix4design.com\/wp-content\/uploads\/2023\/10\/USM_0018326-scaled.jpg\",\"articleSection\":[\"Design\",\"Design home\",\"Featured\"],\"inLanguage\":\"it-IT\"},{\"@type\":\"WebPage\",\"@id\":\"https:\/\/www.matrix4design.com\/it\/design\/il-design-si-tinge-di-arancione-e-nero-per-halloween\/\",\"url\":\"https:\/\/www.matrix4design.com\/it\/design\/il-design-si-tinge-di-arancione-e-nero-per-halloween\/\",\"name\":\"Il design si tinge di arancione e nero: \u00e8 Halloween!\",\"isPartOf\":{\"@id\":\"https:\/\/www.matrix4design.com\/it\/#website\"},\"primaryImageOfPage\":{\"@id\":\"https:\/\/www.matrix4design.com\/it\/design\/il-design-si-tinge-di-arancione-e-nero-per-halloween\/#primaryimage\"},\"image\":{\"@id\":\"https:\/\/www.matrix4design.com\/it\/design\/il-design-si-tinge-di-arancione-e-nero-per-halloween\/#primaryimage\"},\"thumbnailUrl\":\"https:\/\/www.matrix4design.com\/wp-content\/uploads\/2023\/10\/USM_0018326-scaled.jpg\",\"datePublished\":\"2023-10-31T10:00:24+00:00\",\"description\":\"In occasione della festa pi\u00f9 spaventosa dell'anno anche il design si veste a tema Halloween puntando tutto sui colori pi\u00f9 gettonati, dal macabro nero fino all'arancione zucca.\",\"breadcrumb\":{\"@id\":\"https:\/\/www.matrix4design.com\/it\/design\/il-design-si-tinge-di-arancione-e-nero-per-halloween\/#breadcrumb\"},\"inLanguage\":\"it-IT\",\"potentialAction\":[{\"@type\":\"ReadAction\",\"target\":[\"https:\/\/www.matrix4design.com\/it\/design\/il-design-si-tinge-di-arancione-e-nero-per-halloween\/\"]}]},{\"@type\":\"ImageObject\",\"inLanguage\":\"it-IT\",\"@id\":\"https:\/\/www.matrix4design.com\/it\/design\/il-design-si-tinge-di-arancione-e-nero-per-halloween\/#primaryimage\",\"url\":\"https:\/\/www.matrix4design.com\/wp-content\/uploads\/2023\/10\/USM_0018326-scaled.jpg\",\"contentUrl\":\"https:\/\/www.matrix4design.com\/wp-content\/uploads\/2023\/10\/USM_0018326-scaled.jpg\",\"width\":2560,\"height\":1647,\"caption\":\"halloween\"},{\"@type\":\"BreadcrumbList\",\"@id\":\"https:\/\/www.matrix4design.com\/it\/design\/il-design-si-tinge-di-arancione-e-nero-per-halloween\/#breadcrumb\",\"itemListElement\":[{\"@type\":\"ListItem\",\"position\":1,\"name\":\"Home\",\"item\":\"https:\/\/www.matrix4design.com\/it\/\"},{\"@type\":\"ListItem\",\"position\":2,\"name\":\"Il design si tinge di arancione e nero: \u00e8 Halloween!\"}]},{\"@type\":\"WebSite\",\"@id\":\"https:\/\/www.matrix4design.com\/it\/#website\",\"url\":\"https:\/\/www.matrix4design.com\/it\/\",\"name\":\"Matrix4Design\",\"description\":\"Digital architecture and design b2b magazine\",\"publisher\":{\"@id\":\"https:\/\/www.matrix4design.com\/it\/#organization\"},\"potentialAction\":[{\"@type\":\"SearchAction\",\"target\":{\"@type\":\"EntryPoint\",\"urlTemplate\":\"https:\/\/www.matrix4design.com\/it\/?s={search_term_string}\"},\"query-input\":{\"@type\":\"PropertyValueSpecification\",\"valueRequired\":true,\"valueName\":\"search_term_string\"}}],\"inLanguage\":\"it-IT\"},{\"@type\":\"Organization\",\"@id\":\"https:\/\/www.matrix4design.com\/it\/#organization\",\"name\":\"Matrix4Design\",\"url\":\"https:\/\/www.matrix4design.com\/it\/\",\"logo\":{\"@type\":\"ImageObject\",\"inLanguage\":\"it-IT\",\"@id\":\"https:\/\/www.matrix4design.com\/it\/#\/schema\/logo\/image\/\",\"url\":\"https:\/\/www.matrix4design.com\/wp-content\/uploads\/2020\/04\/logo_matrix4design.png\",\"contentUrl\":\"https:\/\/www.matrix4design.com\/wp-content\/uploads\/2020\/04\/logo_matrix4design.png\",\"width\":804,\"height\":114,\"caption\":\"Matrix4Design\"},\"image\":{\"@id\":\"https:\/\/www.matrix4design.com\/it\/#\/schema\/logo\/image\/\"},\"sameAs\":[\"https:\/\/www.facebook.com\/matrix4designmagazine\/\",\"https:\/\/www.instagram.com\/matrix4designmagazine\/\",\"https:\/\/www.youtube.com\/channel\/UCtuhSSrP3MOO_URZgv8mQ1A\"]},{\"@type\":\"Person\",\"@id\":\"https:\/\/www.matrix4design.com\/it\/#\/schema\/person\/5cab3419363cada764945825bbc03378\",\"name\":\"Arianna De Felice\",\"image\":{\"@type\":\"ImageObject\",\"inLanguage\":\"it-IT\",\"@id\":\"https:\/\/www.matrix4design.com\/it\/#\/schema\/person\/image\/\",\"url\":\"https:\/\/secure.gravatar.com\/avatar\/a608814fcaebeafcf9459394f148f351d8304473bf763d1b34027ec3d2bc8c58?s=96&d=wp_user_avatar&r=g\",\"contentUrl\":\"https:\/\/secure.gravatar.com\/avatar\/a608814fcaebeafcf9459394f148f351d8304473bf763d1b34027ec3d2bc8c58?s=96&d=wp_user_avatar&r=g\",\"caption\":\"Arianna De Felice\"},\"url\":\"https:\/\/www.matrix4design.com\/it\/author\/arianna-de-felice\/\"}]}<\/script>\n<!-- \/ Yoast SEO plugin. -->","yoast_head_json":{"title":"Il design si tinge di arancione e nero: \u00e8 Halloween!","description":"In occasione della festa pi\u00f9 spaventosa dell'anno anche il design si veste a tema Halloween puntando tutto sui colori pi\u00f9 gettonati, dal macabro nero fino all'arancione zucca.","robots":{"index":"index","follow":"follow","max-snippet":"max-snippet:-1","max-image-preview":"max-image-preview:large","max-video-preview":"max-video-preview:-1"},"canonical":"https:\/\/www.matrix4design.com\/it\/design\/il-design-si-tinge-di-arancione-e-nero-per-halloween\/","og_locale":"it_IT","og_type":"article","og_title":"Il design si tinge di arancione e nero: \u00e8 Halloween!","og_description":"In occasione della festa pi\u00f9 spaventosa dell'anno anche il design si veste a tema Halloween puntando tutto sui colori pi\u00f9 gettonati, dal macabro nero fino all'arancione zucca.","og_url":"https:\/\/www.matrix4design.com\/it\/design\/il-design-si-tinge-di-arancione-e-nero-per-halloween\/","og_site_name":"Matrix4Design","article_publisher":"https:\/\/www.facebook.com\/matrix4designmagazine\/","article_published_time":"2023-10-31T10:00:24+00:00","og_image":[{"width":2560,"height":1647,"url":"https:\/\/www.matrix4design.com\/wp-content\/uploads\/2023\/10\/USM_0018326-scaled.jpg","type":"image\/jpeg"}],"author":"Arianna De Felice","twitter_card":"summary_large_image","twitter_misc":{"Scritto da":"Arianna De Felice","Tempo di lettura stimato":"3 minuti"},"schema":{"@context":"https:\/\/schema.org","@graph":[{"@type":"Article","@id":"https:\/\/www.matrix4design.com\/it\/design\/il-design-si-tinge-di-arancione-e-nero-per-halloween\/#article","isPartOf":{"@id":"https:\/\/www.matrix4design.com\/it\/design\/il-design-si-tinge-di-arancione-e-nero-per-halloween\/"},"author":{"name":"Arianna De Felice","@id":"https:\/\/www.matrix4design.com\/it\/#\/schema\/person\/5cab3419363cada764945825bbc03378"},"headline":"Il design si tinge di arancione e nero: \u00e8 Halloween!","datePublished":"2023-10-31T10:00:24+00:00","mainEntityOfPage":{"@id":"https:\/\/www.matrix4design.com\/it\/design\/il-design-si-tinge-di-arancione-e-nero-per-halloween\/"},"wordCount":398,"publisher":{"@id":"https:\/\/www.matrix4design.com\/it\/#organization"},"image":{"@id":"https:\/\/www.matrix4design.com\/it\/design\/il-design-si-tinge-di-arancione-e-nero-per-halloween\/#primaryimage"},"thumbnailUrl":"https:\/\/www.matrix4design.com\/wp-content\/uploads\/2023\/10\/USM_0018326-scaled.jpg","articleSection":["Design","Design home","Featured"],"inLanguage":"it-IT"},{"@type":"WebPage","@id":"https:\/\/www.matrix4design.com\/it\/design\/il-design-si-tinge-di-arancione-e-nero-per-halloween\/","url":"https:\/\/www.matrix4design.com\/it\/design\/il-design-si-tinge-di-arancione-e-nero-per-halloween\/","name":"Il design si tinge di arancione e nero: \u00e8 Halloween!","isPartOf":{"@id":"https:\/\/www.matrix4design.com\/it\/#website"},"primaryImageOfPage":{"@id":"https:\/\/www.matrix4design.com\/it\/design\/il-design-si-tinge-di-arancione-e-nero-per-halloween\/#primaryimage"},"image":{"@id":"https:\/\/www.matrix4design.com\/it\/design\/il-design-si-tinge-di-arancione-e-nero-per-halloween\/#primaryimage"},"thumbnailUrl":"https:\/\/www.matrix4design.com\/wp-content\/uploads\/2023\/10\/USM_0018326-scaled.jpg","datePublished":"2023-10-31T10:00:24+00:00","description":"In occasione della festa pi\u00f9 spaventosa dell'anno anche il design si veste a tema Halloween puntando tutto sui colori pi\u00f9 gettonati, dal macabro nero fino all'arancione zucca.","breadcrumb":{"@id":"https:\/\/www.matrix4design.com\/it\/design\/il-design-si-tinge-di-arancione-e-nero-per-halloween\/#breadcrumb"},"inLanguage":"it-IT","potentialAction":[{"@type":"ReadAction","target":["https:\/\/www.matrix4design.com\/it\/design\/il-design-si-tinge-di-arancione-e-nero-per-halloween\/"]}]},{"@type":"ImageObject","inLanguage":"it-IT","@id":"https:\/\/www.matrix4design.com\/it\/design\/il-design-si-tinge-di-arancione-e-nero-per-halloween\/#primaryimage","url":"https:\/\/www.matrix4design.com\/wp-content\/uploads\/2023\/10\/USM_0018326-scaled.jpg","contentUrl":"https:\/\/www.matrix4design.com\/wp-content\/uploads\/2023\/10\/USM_0018326-scaled.jpg","width":2560,"height":1647,"caption":"halloween"},{"@type":"BreadcrumbList","@id":"https:\/\/www.matrix4design.com\/it\/design\/il-design-si-tinge-di-arancione-e-nero-per-halloween\/#breadcrumb","itemListElement":[{"@type":"ListItem","position":1,"name":"Home","item":"https:\/\/www.matrix4design.com\/it\/"},{"@type":"ListItem","position":2,"name":"Il design si tinge di arancione e nero: \u00e8 Halloween!"}]},{"@type":"WebSite","@id":"https:\/\/www.matrix4design.com\/it\/#website","url":"https:\/\/www.matrix4design.com\/it\/","name":"Matrix4Design","description":"Digital architecture and design b2b magazine","publisher":{"@id":"https:\/\/www.matrix4design.com\/it\/#organization"},"potentialAction":[{"@type":"SearchAction","target":{"@type":"EntryPoint","urlTemplate":"https:\/\/www.matrix4design.com\/it\/?s={search_term_string}"},"query-input":{"@type":"PropertyValueSpecification","valueRequired":true,"valueName":"search_term_string"}}],"inLanguage":"it-IT"},{"@type":"Organization","@id":"https:\/\/www.matrix4design.com\/it\/#organization","name":"Matrix4Design","url":"https:\/\/www.matrix4design.com\/it\/","logo":{"@type":"ImageObject","inLanguage":"it-IT","@id":"https:\/\/www.matrix4design.com\/it\/#\/schema\/logo\/image\/","url":"https:\/\/www.matrix4design.com\/wp-content\/uploads\/2020\/04\/logo_matrix4design.png","contentUrl":"https:\/\/www.matrix4design.com\/wp-content\/uploads\/2020\/04\/logo_matrix4design.png","width":804,"height":114,"caption":"Matrix4Design"},"image":{"@id":"https:\/\/www.matrix4design.com\/it\/#\/schema\/logo\/image\/"},"sameAs":["https:\/\/www.facebook.com\/matrix4designmagazine\/","https:\/\/www.instagram.com\/matrix4designmagazine\/","https:\/\/www.youtube.com\/channel\/UCtuhSSrP3MOO_URZgv8mQ1A"]},{"@type":"Person","@id":"https:\/\/www.matrix4design.com\/it\/#\/schema\/person\/5cab3419363cada764945825bbc03378","name":"Arianna De Felice","image":{"@type":"ImageObject","inLanguage":"it-IT","@id":"https:\/\/www.matrix4design.com\/it\/#\/schema\/person\/image\/","url":"https:\/\/secure.gravatar.com\/avatar\/a608814fcaebeafcf9459394f148f351d8304473bf763d1b34027ec3d2bc8c58?s=96&d=wp_user_avatar&r=g","contentUrl":"https:\/\/secure.gravatar.com\/avatar\/a608814fcaebeafcf9459394f148f351d8304473bf763d1b34027ec3d2bc8c58?s=96&d=wp_user_avatar&r=g","caption":"Arianna De Felice"},"url":"https:\/\/www.matrix4design.com\/it\/author\/arianna-de-felice\/"}]}},"_links":{"self":[{"href":"https:\/\/www.matrix4design.com\/it\/wp-json\/wp\/v2\/posts\/101308","targetHints":{"allow":["GET"]}}],"collection":[{"href":"https:\/\/www.matrix4design.com\/it\/wp-json\/wp\/v2\/posts"}],"about":[{"href":"https:\/\/www.matrix4design.com\/it\/wp-json\/wp\/v2\/types\/post"}],"author":[{"embeddable":true,"href":"https:\/\/www.matrix4design.com\/it\/wp-json\/wp\/v2\/users\/42"}],"replies":[{"embeddable":true,"href":"https:\/\/www.matrix4design.com\/it\/wp-json\/wp\/v2\/comments?post=101308"}],"version-history":[{"count":5,"href":"https:\/\/www.matrix4design.com\/it\/wp-json\/wp\/v2\/posts\/101308\/revisions"}],"predecessor-version":[{"id":101336,"href":"https:\/\/www.matrix4design.com\/it\/wp-json\/wp\/v2\/posts\/101308\/revisions\/101336"}],"wp:featuredmedia":[{"embeddable":true,"href":"https:\/\/www.matrix4design.com\/it\/wp-json\/wp\/v2\/media\/101321"}],"wp:attachment":[{"href":"https:\/\/www.matrix4design.com\/it\/wp-json\/wp\/v2\/media?parent=101308"}],"wp:term":[{"taxonomy":"category","embeddable":true,"href":"https:\/\/www.matrix4design.com\/it\/wp-json\/wp\/v2\/categories?post=101308"},{"taxonomy":"post_tag","embeddable":true,"href":"https:\/\/www.matrix4design.com\/it\/wp-json\/wp\/v2\/tags?post=101308"}],"curies":[{"name":"wp","href":"https:\/\/api.w.org\/{rel}","templated":true}]}}