{"id":101999,"date":"2023-11-20T08:00:07","date_gmt":"2023-11-20T07:00:07","guid":{"rendered":"https:\/\/www.matrix4design.com\/?p=101999"},"modified":"2023-11-16T15:37:23","modified_gmt":"2023-11-16T14:37:23","slug":"lilluminazione-di-qu-per-la-nuova-sede-di-cc-tapis-a-milano","status":"publish","type":"post","link":"https:\/\/www.matrix4design.com\/it\/design\/lilluminazione-di-qu-per-la-nuova-sede-di-cc-tapis-a-milano\/","title":{"rendered":"L\u2019illuminazione di Qu per la nuova sede di cc-tapis a Milano"},"content":{"rendered":"<p>&nbsp;<\/p>\n<p>Nel nuovo Headquarter milanese di <a href=\"https:\/\/www.cc-tapis.com\/\" target=\"_blank\" rel=\"noopener\"><strong>cc-tapis<\/strong><\/a>, azienda italiana produttrice di tappeti dallo stile sofisticato e contemporaneo, lo studio <a href=\"https:\/\/www.studioparisottoeformenton.it\/\" target=\"_blank\" rel=\"noopener\"><strong>Parisotto+Formenton Architetti<\/strong><\/a>, in collaborazione con l\u2019art director del brand Daniele Lora, ha scelto <a href=\"https:\/\/www.qu-lighting.com\/\" target=\"_blank\" rel=\"noopener\"><strong>Qu<\/strong><\/a> per curare il progetto illuminotecnico della sede.<\/p>\n<p>L\u2019ambiente consiste in un edificio industriale connotato da volumi imponenti e da un lucernario che convoglia al suo interno <strong>la luce naturale zenitale<\/strong> sia al piano principale, dedicato agli uffici, sia al mezzanino soprastante. Lo spazio di lavoro \u00e8 dinamico e vi convergono diverse attivit\u00e0 operative, strategiche e conviviali, in cui il comfort visivo e la qualit\u00e0 della luce sono cruciali. Per ogni spazio si \u00e8 resa quindi necessaria una tipologia di illuminazione differente.<\/p>\n<p>Le <strong>performance illuminotecniche<\/strong> dei corpi illuminanti sono state un altro elemento determinante dell\u2019intero progetto, soprattutto per quanto riguarda la zona dedicata al team creativo che quotidianamente lavora con le nuance e la materia tessile. Qu ha proposto sistemi di illuminazione con un\u2019altissima resa cromatica (&gt;95) che permette una restituzione fedelissima del colore, soprattutto sui rossi.<\/p>\n<p>Nelle postazioni operative \u00e8 stata invece prevista un&#8217;illuminazione adatta alle attivit\u00e0 al computer.<\/p>\n<p>Diverso l\u2019approccio applicato ai cosiddetti spazi extra della sede: ad esempio, \u00e8 stata scelta una luce molto bassa e soft nella sala relax e meditazione, mentre per il grande tavolo dining condiviso, presente nella zona cucina, si \u00e8 puntato sulla serie <strong>Dress Me<\/strong> (design by 23 Bassi Studio di Architettur), con sospensioni a luce diffusa.<\/p>\n<p>Il colore, oltre ad essere materia dominante del lavoro quotidiano, \u00e8 anche elemento connotativo dell\u2019intero progetto: all\u2019interno convivono e si contrappongono <strong>due schemi cromatici<\/strong>, uno colorato e uno neutro, definendo anche l\u2019uso degli spazi. Il colore delimita le zone di passaggio, come i corridoi, le sale riunioni e la cucina.<\/p>\n<p>Due sono i colori dominanti: <strong>il rosa e l\u2019azzurro<\/strong>. Il rosa accompagna i percorsi verticali lungo le scale, e penetra verso le aree pi\u00f9 interne, mentre al piano principale \u00e8 presente una divisione netta tra le due aree con un total look rosa e azzurro. In totale coerenza semantica, ogni prodotto Qu, come binari, sospensioni, piantane e faretti, \u00e8 stato personalizzato nel colore per meglio coordinarsi al monocromo dell\u2019ambiente. La neutralit\u00e0 invece, definisce le aree operative nelle quali il team cc-tapis lavora quotidianamente con un ampio spettro di colori.<\/p>\n<p>All\u2019esterno, infine, <strong>un monocromo azzurro cielo<\/strong> veste interamente il volume architettonico, fino a confondersi con la volta celeste soprastante.<\/p>\n\t\t<div style=\"clear:both\"><\/div>\n\t\t<div class=\"psgal_wrap\">\n\t\t\t<div id=\"psgal_101999_1\" data-psgal_id=\"101999_1\" data-psgal_container_id=\"container_101999_1\" data-psgal_thumbnail_width=\"164\" data-psgal_use_masonary=\"1\" class=\"psgal-inline psgal gallery-columns-3 gallery-size-thumbnail use_masonry_1 show_captions_\" itemscope itemtype=\"http:\/\/schema.org\/ImageGallery\">\n\t\t\t\t\t\t\t\t\t\t<figure class=\"msnry_items\" itemscope itemtype=\"http:\/\/schema.org\/ImageObject\" style=\"width:164px;\">\n\t\t\t\t\t\t\t<a href=\"https:\/\/www.matrix4design.com\/wp-content\/uploads\/2023\/11\/Qu_cc-tapis_1.jpg\" itemprop=\"contentUrl\" data-size=\"1600x1316\" data-caption=\"\u00a9 Pietro Savorelli\" style=\"height:154px;\">\n\t\t\t\t\t\t\t\t<img decoding=\"async\" class=\"msnry_thumb\" src=\"https:\/\/www.matrix4design.com\/wp-content\/uploads\/2023\/11\/Qu_cc-tapis_1-328x328.jpg\" itemprop=\"thumbnail\" alt=\"\" \/>\n\t\t\t\t\t\t\t<\/a>\n\t\t\t\t\t\t\t\t\t\t\t\t\t\t<figcaption class=\"photoswipe-gallery-caption\" style=\"display:none;\">\u00a9 Pietro Savorelli<\/figcaption>\n\n\t\t\t\t\t\t<\/figure>\n\t\t\t\t\t\t\t\t\t\t<figure class=\"msnry_items\" itemscope itemtype=\"http:\/\/schema.org\/ImageObject\" style=\"width:164px;\">\n\t\t\t\t\t\t\t<a href=\"https:\/\/www.matrix4design.com\/wp-content\/uploads\/2023\/11\/Qu_cc-tapis_2-1.jpg\" itemprop=\"contentUrl\" data-size=\"1600x1200\" data-caption=\"\u00a9 Pietro Savorelli\" style=\"height:154px;\">\n\t\t\t\t\t\t\t\t<img decoding=\"async\" class=\"msnry_thumb\" src=\"https:\/\/www.matrix4design.com\/wp-content\/uploads\/2023\/11\/Qu_cc-tapis_2-1-328x328.jpg\" itemprop=\"thumbnail\" alt=\"\" \/>\n\t\t\t\t\t\t\t<\/a>\n\t\t\t\t\t\t\t\t\t\t\t\t\t\t<figcaption class=\"photoswipe-gallery-caption\" style=\"display:none;\">\u00a9 Pietro Savorelli<\/figcaption>\n\n\t\t\t\t\t\t<\/figure>\n\t\t\t\t\t\t\t\t\t\t<figure class=\"msnry_items\" itemscope itemtype=\"http:\/\/schema.org\/ImageObject\" style=\"width:164px;\">\n\t\t\t\t\t\t\t<a href=\"https:\/\/www.matrix4design.com\/wp-content\/uploads\/2023\/11\/Qu_cc-tapis_3.jpg\" itemprop=\"contentUrl\" data-size=\"1067x1600\" data-caption=\"\u00a9 Pietro Savorelli\" style=\"height:154px;\">\n\t\t\t\t\t\t\t\t<img decoding=\"async\" class=\"msnry_thumb\" src=\"https:\/\/www.matrix4design.com\/wp-content\/uploads\/2023\/11\/Qu_cc-tapis_3-328x328.jpg\" itemprop=\"thumbnail\" alt=\"\" \/>\n\t\t\t\t\t\t\t<\/a>\n\t\t\t\t\t\t\t\t\t\t\t\t\t\t<figcaption class=\"photoswipe-gallery-caption\" style=\"display:none;\">\u00a9 Pietro Savorelli<\/figcaption>\n\n\t\t\t\t\t\t<\/figure>\n\t\t\t\t\t\t\t\t\t\t<figure class=\"msnry_items\" itemscope itemtype=\"http:\/\/schema.org\/ImageObject\" style=\"width:164px;\">\n\t\t\t\t\t\t\t<a href=\"https:\/\/www.matrix4design.com\/wp-content\/uploads\/2023\/11\/Qu_cc-tapis_4.jpg\" itemprop=\"contentUrl\" data-size=\"1067x1600\" data-caption=\"\u00a9 Pietro Savorelli\" style=\"height:154px;\">\n\t\t\t\t\t\t\t\t<img decoding=\"async\" class=\"msnry_thumb\" src=\"https:\/\/www.matrix4design.com\/wp-content\/uploads\/2023\/11\/Qu_cc-tapis_4-328x328.jpg\" itemprop=\"thumbnail\" alt=\"\" \/>\n\t\t\t\t\t\t\t<\/a>\n\t\t\t\t\t\t\t\t\t\t\t\t\t\t<figcaption class=\"photoswipe-gallery-caption\" style=\"display:none;\">\u00a9 Pietro Savorelli<\/figcaption>\n\n\t\t\t\t\t\t<\/figure>\n\t\t\t\t\t\t\t\t\t\t<figure class=\"msnry_items\" itemscope itemtype=\"http:\/\/schema.org\/ImageObject\" style=\"width:164px;\">\n\t\t\t\t\t\t\t<a href=\"https:\/\/www.matrix4design.com\/wp-content\/uploads\/2023\/11\/Qu_cc-tapis_5.jpg\" itemprop=\"contentUrl\" data-size=\"1067x1600\" data-caption=\"\u00a9 Pietro Savorelli\" style=\"height:154px;\">\n\t\t\t\t\t\t\t\t<img decoding=\"async\" class=\"msnry_thumb\" src=\"https:\/\/www.matrix4design.com\/wp-content\/uploads\/2023\/11\/Qu_cc-tapis_5-328x328.jpg\" itemprop=\"thumbnail\" alt=\"\" \/>\n\t\t\t\t\t\t\t<\/a>\n\t\t\t\t\t\t\t\t\t\t\t\t\t\t<figcaption class=\"photoswipe-gallery-caption\" style=\"display:none;\">\u00a9 Pietro Savorelli<\/figcaption>\n\n\t\t\t\t\t\t<\/figure>\n\t\t\t\t\t\t\t\t\t\t<figure class=\"msnry_items\" itemscope itemtype=\"http:\/\/schema.org\/ImageObject\" style=\"width:164px;\">\n\t\t\t\t\t\t\t<a href=\"https:\/\/www.matrix4design.com\/wp-content\/uploads\/2023\/11\/Qu_cc-tapis_6.jpg\" itemprop=\"contentUrl\" data-size=\"1600x1067\" data-caption=\"\u00a9 Pietro Savorelli\" style=\"height:154px;\">\n\t\t\t\t\t\t\t\t<img decoding=\"async\" class=\"msnry_thumb\" src=\"https:\/\/www.matrix4design.com\/wp-content\/uploads\/2023\/11\/Qu_cc-tapis_6-328x328.jpg\" itemprop=\"thumbnail\" alt=\"\" \/>\n\t\t\t\t\t\t\t<\/a>\n\t\t\t\t\t\t\t\t\t\t\t\t\t\t<figcaption class=\"photoswipe-gallery-caption\" style=\"display:none;\">\u00a9 Pietro Savorelli<\/figcaption>\n\n\t\t\t\t\t\t<\/figure>\n\t\t\t\t\t\t\t\t\t\t<figure class=\"msnry_items\" itemscope itemtype=\"http:\/\/schema.org\/ImageObject\" style=\"width:164px;\">\n\t\t\t\t\t\t\t<a href=\"https:\/\/www.matrix4design.com\/wp-content\/uploads\/2023\/11\/Qu_cc-tapis_7.jpg\" itemprop=\"contentUrl\" data-size=\"1200x1600\" data-caption=\"\u00a9 Pietro Savorelli\" style=\"height:154px;\">\n\t\t\t\t\t\t\t\t<img decoding=\"async\" class=\"msnry_thumb\" src=\"https:\/\/www.matrix4design.com\/wp-content\/uploads\/2023\/11\/Qu_cc-tapis_7-328x328.jpg\" itemprop=\"thumbnail\" alt=\"\" \/>\n\t\t\t\t\t\t\t<\/a>\n\t\t\t\t\t\t\t\t\t\t\t\t\t\t<figcaption class=\"photoswipe-gallery-caption\" style=\"display:none;\">\u00a9 Pietro Savorelli<\/figcaption>\n\n\t\t\t\t\t\t<\/figure>\n\t\t\t\t\t\t\t\t\t\t<figure class=\"msnry_items\" itemscope itemtype=\"http:\/\/schema.org\/ImageObject\" style=\"width:164px;\">\n\t\t\t\t\t\t\t<a href=\"https:\/\/www.matrix4design.com\/wp-content\/uploads\/2023\/11\/Qu_cc-tapis_8.jpg\" itemprop=\"contentUrl\" data-size=\"1142x1600\" data-caption=\"\u00a9 Pietro Savorelli\" style=\"height:154px;\">\n\t\t\t\t\t\t\t\t<img decoding=\"async\" class=\"msnry_thumb\" src=\"https:\/\/www.matrix4design.com\/wp-content\/uploads\/2023\/11\/Qu_cc-tapis_8-328x328.jpg\" itemprop=\"thumbnail\" alt=\"\" \/>\n\t\t\t\t\t\t\t<\/a>\n\t\t\t\t\t\t\t\t\t\t\t\t\t\t<figcaption class=\"photoswipe-gallery-caption\" style=\"display:none;\">\u00a9 Pietro Savorelli<\/figcaption>\n\n\t\t\t\t\t\t<\/figure>\n\t\t\t\t\t\t\t<\/div>\n\t\t<\/div>\n\t\t<div style='clear:both'><\/div>\n\n","protected":false},"excerpt":{"rendered":"<p>&nbsp; Nel nuovo Headquarter milanese di cc-tapis, azienda italiana produttrice di tappeti dallo stile sofisticato e contemporaneo, lo studio Parisotto+Formenton Architetti, in collaborazione con l\u2019art director del brand Daniele Lora, ha scelto Qu per curare il progetto illuminotecnico della sede. L\u2019ambiente consiste in un edificio industriale connotato da volumi imponenti e da un lucernario che [&hellip;]<\/p>\n","protected":false},"author":6,"featured_media":102000,"comment_status":"closed","ping_status":"closed","sticky":false,"template":"","format":"standard","meta":{"_acf_changed":false,"footnotes":""},"categories":[366,418,368],"tags":[413],"class_list":{"0":"post-101999","1":"post","2":"type-post","3":"status-publish","4":"format-standard","5":"has-post-thumbnail","7":"category-design","8":"category-design-home","9":"category-featured","10":"tag-illuminazione"},"acf":[],"yoast_head":"<!-- This site is optimized with the Yoast SEO plugin v27.0 - https:\/\/yoast.com\/product\/yoast-seo-wordpress\/ -->\n<title>L\u2019illuminazione di Qu per la nuova sede di cc-tapis a Milano<\/title>\n<meta name=\"description\" content=\"Nel nuovo Headquarter milanese di cc-tapis lo studio Parisotto+Formenton Architetti ha scelto Qu per curare il progetto illuminotecnico della sede.\" \/>\n<meta name=\"robots\" content=\"index, follow, max-snippet:-1, max-image-preview:large, max-video-preview:-1\" \/>\n<link rel=\"canonical\" href=\"https:\/\/www.matrix4design.com\/it\/design\/lilluminazione-di-qu-per-la-nuova-sede-di-cc-tapis-a-milano\/\" \/>\n<meta property=\"og:locale\" content=\"it_IT\" \/>\n<meta property=\"og:type\" content=\"article\" \/>\n<meta property=\"og:title\" content=\"L\u2019illuminazione di Qu per la nuova sede di cc-tapis a Milano\" \/>\n<meta property=\"og:description\" content=\"Nel nuovo Headquarter milanese di cc-tapis lo studio Parisotto+Formenton Architetti ha scelto Qu per curare il progetto illuminotecnico della sede.\" \/>\n<meta property=\"og:url\" content=\"https:\/\/www.matrix4design.com\/it\/design\/lilluminazione-di-qu-per-la-nuova-sede-di-cc-tapis-a-milano\/\" \/>\n<meta property=\"og:site_name\" content=\"Matrix4Design\" \/>\n<meta property=\"article:publisher\" content=\"https:\/\/www.facebook.com\/matrix4designmagazine\/\" \/>\n<meta property=\"article:published_time\" content=\"2023-11-20T07:00:07+00:00\" \/>\n<meta property=\"og:image\" content=\"https:\/\/www.matrix4design.com\/wp-content\/uploads\/2023\/11\/Qu_cc-tapis_2.jpg\" \/>\n\t<meta property=\"og:image:width\" content=\"1600\" \/>\n\t<meta property=\"og:image:height\" content=\"1200\" \/>\n\t<meta property=\"og:image:type\" content=\"image\/jpeg\" \/>\n<meta name=\"author\" content=\"Redazione\" \/>\n<meta name=\"twitter:card\" content=\"summary_large_image\" \/>\n<meta name=\"twitter:label1\" content=\"Scritto da\" \/>\n\t<meta name=\"twitter:data1\" content=\"Redazione\" \/>\n\t<meta name=\"twitter:label2\" content=\"Tempo di lettura stimato\" \/>\n\t<meta name=\"twitter:data2\" content=\"3 minuti\" \/>\n<script type=\"application\/ld+json\" class=\"yoast-schema-graph\">{\"@context\":\"https:\/\/schema.org\",\"@graph\":[{\"@type\":\"Article\",\"@id\":\"https:\/\/www.matrix4design.com\/it\/design\/lilluminazione-di-qu-per-la-nuova-sede-di-cc-tapis-a-milano\/#article\",\"isPartOf\":{\"@id\":\"https:\/\/www.matrix4design.com\/it\/design\/lilluminazione-di-qu-per-la-nuova-sede-di-cc-tapis-a-milano\/\"},\"author\":{\"name\":\"Redazione\",\"@id\":\"https:\/\/www.matrix4design.com\/it\/#\/schema\/person\/b2b6dd48f9d6892ca224742379951fa1\"},\"headline\":\"L\u2019illuminazione di Qu per la nuova sede di cc-tapis a Milano\",\"datePublished\":\"2023-11-20T07:00:07+00:00\",\"mainEntityOfPage\":{\"@id\":\"https:\/\/www.matrix4design.com\/it\/design\/lilluminazione-di-qu-per-la-nuova-sede-di-cc-tapis-a-milano\/\"},\"wordCount\":413,\"publisher\":{\"@id\":\"https:\/\/www.matrix4design.com\/it\/#organization\"},\"image\":{\"@id\":\"https:\/\/www.matrix4design.com\/it\/design\/lilluminazione-di-qu-per-la-nuova-sede-di-cc-tapis-a-milano\/#primaryimage\"},\"thumbnailUrl\":\"https:\/\/www.matrix4design.com\/wp-content\/uploads\/2023\/11\/Qu_cc-tapis_2.jpg\",\"keywords\":[\"illuminazione\"],\"articleSection\":[\"Design\",\"Design home\",\"Featured\"],\"inLanguage\":\"it-IT\"},{\"@type\":\"WebPage\",\"@id\":\"https:\/\/www.matrix4design.com\/it\/design\/lilluminazione-di-qu-per-la-nuova-sede-di-cc-tapis-a-milano\/\",\"url\":\"https:\/\/www.matrix4design.com\/it\/design\/lilluminazione-di-qu-per-la-nuova-sede-di-cc-tapis-a-milano\/\",\"name\":\"L\u2019illuminazione di Qu per la nuova sede di cc-tapis a Milano\",\"isPartOf\":{\"@id\":\"https:\/\/www.matrix4design.com\/it\/#website\"},\"primaryImageOfPage\":{\"@id\":\"https:\/\/www.matrix4design.com\/it\/design\/lilluminazione-di-qu-per-la-nuova-sede-di-cc-tapis-a-milano\/#primaryimage\"},\"image\":{\"@id\":\"https:\/\/www.matrix4design.com\/it\/design\/lilluminazione-di-qu-per-la-nuova-sede-di-cc-tapis-a-milano\/#primaryimage\"},\"thumbnailUrl\":\"https:\/\/www.matrix4design.com\/wp-content\/uploads\/2023\/11\/Qu_cc-tapis_2.jpg\",\"datePublished\":\"2023-11-20T07:00:07+00:00\",\"description\":\"Nel nuovo Headquarter milanese di cc-tapis lo studio Parisotto+Formenton Architetti ha scelto Qu per curare il progetto illuminotecnico della sede.\",\"breadcrumb\":{\"@id\":\"https:\/\/www.matrix4design.com\/it\/design\/lilluminazione-di-qu-per-la-nuova-sede-di-cc-tapis-a-milano\/#breadcrumb\"},\"inLanguage\":\"it-IT\",\"potentialAction\":[{\"@type\":\"ReadAction\",\"target\":[\"https:\/\/www.matrix4design.com\/it\/design\/lilluminazione-di-qu-per-la-nuova-sede-di-cc-tapis-a-milano\/\"]}]},{\"@type\":\"ImageObject\",\"inLanguage\":\"it-IT\",\"@id\":\"https:\/\/www.matrix4design.com\/it\/design\/lilluminazione-di-qu-per-la-nuova-sede-di-cc-tapis-a-milano\/#primaryimage\",\"url\":\"https:\/\/www.matrix4design.com\/wp-content\/uploads\/2023\/11\/Qu_cc-tapis_2.jpg\",\"contentUrl\":\"https:\/\/www.matrix4design.com\/wp-content\/uploads\/2023\/11\/Qu_cc-tapis_2.jpg\",\"width\":1600,\"height\":1200},{\"@type\":\"BreadcrumbList\",\"@id\":\"https:\/\/www.matrix4design.com\/it\/design\/lilluminazione-di-qu-per-la-nuova-sede-di-cc-tapis-a-milano\/#breadcrumb\",\"itemListElement\":[{\"@type\":\"ListItem\",\"position\":1,\"name\":\"Home\",\"item\":\"https:\/\/www.matrix4design.com\/it\/\"},{\"@type\":\"ListItem\",\"position\":2,\"name\":\"L\u2019illuminazione di Qu per la nuova sede di cc-tapis a Milano\"}]},{\"@type\":\"WebSite\",\"@id\":\"https:\/\/www.matrix4design.com\/it\/#website\",\"url\":\"https:\/\/www.matrix4design.com\/it\/\",\"name\":\"Matrix4Design\",\"description\":\"Digital architecture and design b2b magazine\",\"publisher\":{\"@id\":\"https:\/\/www.matrix4design.com\/it\/#organization\"},\"potentialAction\":[{\"@type\":\"SearchAction\",\"target\":{\"@type\":\"EntryPoint\",\"urlTemplate\":\"https:\/\/www.matrix4design.com\/it\/?s={search_term_string}\"},\"query-input\":{\"@type\":\"PropertyValueSpecification\",\"valueRequired\":true,\"valueName\":\"search_term_string\"}}],\"inLanguage\":\"it-IT\"},{\"@type\":\"Organization\",\"@id\":\"https:\/\/www.matrix4design.com\/it\/#organization\",\"name\":\"Matrix4Design\",\"url\":\"https:\/\/www.matrix4design.com\/it\/\",\"logo\":{\"@type\":\"ImageObject\",\"inLanguage\":\"it-IT\",\"@id\":\"https:\/\/www.matrix4design.com\/it\/#\/schema\/logo\/image\/\",\"url\":\"https:\/\/www.matrix4design.com\/wp-content\/uploads\/2020\/04\/logo_matrix4design.png\",\"contentUrl\":\"https:\/\/www.matrix4design.com\/wp-content\/uploads\/2020\/04\/logo_matrix4design.png\",\"width\":804,\"height\":114,\"caption\":\"Matrix4Design\"},\"image\":{\"@id\":\"https:\/\/www.matrix4design.com\/it\/#\/schema\/logo\/image\/\"},\"sameAs\":[\"https:\/\/www.facebook.com\/matrix4designmagazine\/\",\"https:\/\/www.instagram.com\/matrix4designmagazine\/\",\"https:\/\/www.youtube.com\/channel\/UCtuhSSrP3MOO_URZgv8mQ1A\"]},{\"@type\":\"Person\",\"@id\":\"https:\/\/www.matrix4design.com\/it\/#\/schema\/person\/b2b6dd48f9d6892ca224742379951fa1\",\"name\":\"Redazione\",\"image\":{\"@type\":\"ImageObject\",\"inLanguage\":\"it-IT\",\"@id\":\"https:\/\/www.matrix4design.com\/it\/#\/schema\/person\/image\/\",\"url\":\"https:\/\/www.matrix4design.com\/wp-content\/uploads\/2023\/01\/logo_M4D_2023-96x96.jpg\",\"contentUrl\":\"https:\/\/www.matrix4design.com\/wp-content\/uploads\/2023\/01\/logo_M4D_2023-96x96.jpg\",\"caption\":\"Redazione\"},\"url\":\"https:\/\/www.matrix4design.com\/it\/author\/redazione\/\"}]}<\/script>\n<!-- \/ Yoast SEO plugin. -->","yoast_head_json":{"title":"L\u2019illuminazione di Qu per la nuova sede di cc-tapis a Milano","description":"Nel nuovo Headquarter milanese di cc-tapis lo studio Parisotto+Formenton Architetti ha scelto Qu per curare il progetto illuminotecnico della sede.","robots":{"index":"index","follow":"follow","max-snippet":"max-snippet:-1","max-image-preview":"max-image-preview:large","max-video-preview":"max-video-preview:-1"},"canonical":"https:\/\/www.matrix4design.com\/it\/design\/lilluminazione-di-qu-per-la-nuova-sede-di-cc-tapis-a-milano\/","og_locale":"it_IT","og_type":"article","og_title":"L\u2019illuminazione di Qu per la nuova sede di cc-tapis a Milano","og_description":"Nel nuovo Headquarter milanese di cc-tapis lo studio Parisotto+Formenton Architetti ha scelto Qu per curare il progetto illuminotecnico della sede.","og_url":"https:\/\/www.matrix4design.com\/it\/design\/lilluminazione-di-qu-per-la-nuova-sede-di-cc-tapis-a-milano\/","og_site_name":"Matrix4Design","article_publisher":"https:\/\/www.facebook.com\/matrix4designmagazine\/","article_published_time":"2023-11-20T07:00:07+00:00","og_image":[{"width":1600,"height":1200,"url":"https:\/\/www.matrix4design.com\/wp-content\/uploads\/2023\/11\/Qu_cc-tapis_2.jpg","type":"image\/jpeg"}],"author":"Redazione","twitter_card":"summary_large_image","twitter_misc":{"Scritto da":"Redazione","Tempo di lettura stimato":"3 minuti"},"schema":{"@context":"https:\/\/schema.org","@graph":[{"@type":"Article","@id":"https:\/\/www.matrix4design.com\/it\/design\/lilluminazione-di-qu-per-la-nuova-sede-di-cc-tapis-a-milano\/#article","isPartOf":{"@id":"https:\/\/www.matrix4design.com\/it\/design\/lilluminazione-di-qu-per-la-nuova-sede-di-cc-tapis-a-milano\/"},"author":{"name":"Redazione","@id":"https:\/\/www.matrix4design.com\/it\/#\/schema\/person\/b2b6dd48f9d6892ca224742379951fa1"},"headline":"L\u2019illuminazione di Qu per la nuova sede di cc-tapis a Milano","datePublished":"2023-11-20T07:00:07+00:00","mainEntityOfPage":{"@id":"https:\/\/www.matrix4design.com\/it\/design\/lilluminazione-di-qu-per-la-nuova-sede-di-cc-tapis-a-milano\/"},"wordCount":413,"publisher":{"@id":"https:\/\/www.matrix4design.com\/it\/#organization"},"image":{"@id":"https:\/\/www.matrix4design.com\/it\/design\/lilluminazione-di-qu-per-la-nuova-sede-di-cc-tapis-a-milano\/#primaryimage"},"thumbnailUrl":"https:\/\/www.matrix4design.com\/wp-content\/uploads\/2023\/11\/Qu_cc-tapis_2.jpg","keywords":["illuminazione"],"articleSection":["Design","Design home","Featured"],"inLanguage":"it-IT"},{"@type":"WebPage","@id":"https:\/\/www.matrix4design.com\/it\/design\/lilluminazione-di-qu-per-la-nuova-sede-di-cc-tapis-a-milano\/","url":"https:\/\/www.matrix4design.com\/it\/design\/lilluminazione-di-qu-per-la-nuova-sede-di-cc-tapis-a-milano\/","name":"L\u2019illuminazione di Qu per la nuova sede di cc-tapis a Milano","isPartOf":{"@id":"https:\/\/www.matrix4design.com\/it\/#website"},"primaryImageOfPage":{"@id":"https:\/\/www.matrix4design.com\/it\/design\/lilluminazione-di-qu-per-la-nuova-sede-di-cc-tapis-a-milano\/#primaryimage"},"image":{"@id":"https:\/\/www.matrix4design.com\/it\/design\/lilluminazione-di-qu-per-la-nuova-sede-di-cc-tapis-a-milano\/#primaryimage"},"thumbnailUrl":"https:\/\/www.matrix4design.com\/wp-content\/uploads\/2023\/11\/Qu_cc-tapis_2.jpg","datePublished":"2023-11-20T07:00:07+00:00","description":"Nel nuovo Headquarter milanese di cc-tapis lo studio Parisotto+Formenton Architetti ha scelto Qu per curare il progetto illuminotecnico della sede.","breadcrumb":{"@id":"https:\/\/www.matrix4design.com\/it\/design\/lilluminazione-di-qu-per-la-nuova-sede-di-cc-tapis-a-milano\/#breadcrumb"},"inLanguage":"it-IT","potentialAction":[{"@type":"ReadAction","target":["https:\/\/www.matrix4design.com\/it\/design\/lilluminazione-di-qu-per-la-nuova-sede-di-cc-tapis-a-milano\/"]}]},{"@type":"ImageObject","inLanguage":"it-IT","@id":"https:\/\/www.matrix4design.com\/it\/design\/lilluminazione-di-qu-per-la-nuova-sede-di-cc-tapis-a-milano\/#primaryimage","url":"https:\/\/www.matrix4design.com\/wp-content\/uploads\/2023\/11\/Qu_cc-tapis_2.jpg","contentUrl":"https:\/\/www.matrix4design.com\/wp-content\/uploads\/2023\/11\/Qu_cc-tapis_2.jpg","width":1600,"height":1200},{"@type":"BreadcrumbList","@id":"https:\/\/www.matrix4design.com\/it\/design\/lilluminazione-di-qu-per-la-nuova-sede-di-cc-tapis-a-milano\/#breadcrumb","itemListElement":[{"@type":"ListItem","position":1,"name":"Home","item":"https:\/\/www.matrix4design.com\/it\/"},{"@type":"ListItem","position":2,"name":"L\u2019illuminazione di Qu per la nuova sede di cc-tapis a Milano"}]},{"@type":"WebSite","@id":"https:\/\/www.matrix4design.com\/it\/#website","url":"https:\/\/www.matrix4design.com\/it\/","name":"Matrix4Design","description":"Digital architecture and design b2b magazine","publisher":{"@id":"https:\/\/www.matrix4design.com\/it\/#organization"},"potentialAction":[{"@type":"SearchAction","target":{"@type":"EntryPoint","urlTemplate":"https:\/\/www.matrix4design.com\/it\/?s={search_term_string}"},"query-input":{"@type":"PropertyValueSpecification","valueRequired":true,"valueName":"search_term_string"}}],"inLanguage":"it-IT"},{"@type":"Organization","@id":"https:\/\/www.matrix4design.com\/it\/#organization","name":"Matrix4Design","url":"https:\/\/www.matrix4design.com\/it\/","logo":{"@type":"ImageObject","inLanguage":"it-IT","@id":"https:\/\/www.matrix4design.com\/it\/#\/schema\/logo\/image\/","url":"https:\/\/www.matrix4design.com\/wp-content\/uploads\/2020\/04\/logo_matrix4design.png","contentUrl":"https:\/\/www.matrix4design.com\/wp-content\/uploads\/2020\/04\/logo_matrix4design.png","width":804,"height":114,"caption":"Matrix4Design"},"image":{"@id":"https:\/\/www.matrix4design.com\/it\/#\/schema\/logo\/image\/"},"sameAs":["https:\/\/www.facebook.com\/matrix4designmagazine\/","https:\/\/www.instagram.com\/matrix4designmagazine\/","https:\/\/www.youtube.com\/channel\/UCtuhSSrP3MOO_URZgv8mQ1A"]},{"@type":"Person","@id":"https:\/\/www.matrix4design.com\/it\/#\/schema\/person\/b2b6dd48f9d6892ca224742379951fa1","name":"Redazione","image":{"@type":"ImageObject","inLanguage":"it-IT","@id":"https:\/\/www.matrix4design.com\/it\/#\/schema\/person\/image\/","url":"https:\/\/www.matrix4design.com\/wp-content\/uploads\/2023\/01\/logo_M4D_2023-96x96.jpg","contentUrl":"https:\/\/www.matrix4design.com\/wp-content\/uploads\/2023\/01\/logo_M4D_2023-96x96.jpg","caption":"Redazione"},"url":"https:\/\/www.matrix4design.com\/it\/author\/redazione\/"}]}},"_links":{"self":[{"href":"https:\/\/www.matrix4design.com\/it\/wp-json\/wp\/v2\/posts\/101999","targetHints":{"allow":["GET"]}}],"collection":[{"href":"https:\/\/www.matrix4design.com\/it\/wp-json\/wp\/v2\/posts"}],"about":[{"href":"https:\/\/www.matrix4design.com\/it\/wp-json\/wp\/v2\/types\/post"}],"author":[{"embeddable":true,"href":"https:\/\/www.matrix4design.com\/it\/wp-json\/wp\/v2\/users\/6"}],"replies":[{"embeddable":true,"href":"https:\/\/www.matrix4design.com\/it\/wp-json\/wp\/v2\/comments?post=101999"}],"version-history":[{"count":1,"href":"https:\/\/www.matrix4design.com\/it\/wp-json\/wp\/v2\/posts\/101999\/revisions"}],"predecessor-version":[{"id":102009,"href":"https:\/\/www.matrix4design.com\/it\/wp-json\/wp\/v2\/posts\/101999\/revisions\/102009"}],"wp:featuredmedia":[{"embeddable":true,"href":"https:\/\/www.matrix4design.com\/it\/wp-json\/wp\/v2\/media\/102000"}],"wp:attachment":[{"href":"https:\/\/www.matrix4design.com\/it\/wp-json\/wp\/v2\/media?parent=101999"}],"wp:term":[{"taxonomy":"category","embeddable":true,"href":"https:\/\/www.matrix4design.com\/it\/wp-json\/wp\/v2\/categories?post=101999"},{"taxonomy":"post_tag","embeddable":true,"href":"https:\/\/www.matrix4design.com\/it\/wp-json\/wp\/v2\/tags?post=101999"}],"curies":[{"name":"wp","href":"https:\/\/api.w.org\/{rel}","templated":true}]}}