{"id":104087,"date":"2024-03-01T11:00:21","date_gmt":"2024-03-01T10:00:21","guid":{"rendered":"https:\/\/www.matrix4design.com\/?p=104087"},"modified":"2025-05-19T17:11:08","modified_gmt":"2025-05-19T15:11:08","slug":"al-via-dal-3-marzo-la-nuova-edizione-di-milano-museocity","status":"publish","type":"post","link":"https:\/\/www.matrix4design.com\/it\/arte\/al-via-dal-3-marzo-la-nuova-edizione-di-milano-museocity\/","title":{"rendered":"Al via dal 3 marzo la nuova edizione di Milano MuseoCity"},"content":{"rendered":"<p>&nbsp;<\/p>\n<p>Dal 3 al 5 marzo torna, per la sua settima edizione, <a href=\"https:\/\/www.museocity.it\/\" target=\"_blank\" rel=\"noopener\"><strong>Milano MuseoCity<\/strong><\/a>, la manifestazione promossa dal <strong>Comune di Milano<\/strong> in collaborazione con <strong>Associazione MuseoCity<\/strong>, che ha l\u2019obiettivo di valorizzare i musei promuovendo la conoscenza del loro eccezionale patrimonio.<\/p>\n<p>Durante questi giorni la citt\u00e0 si trasforma in un unico, grande museo diffuso grazie all\u2019apertura coordinata di <strong>oltre 110 tra musei<\/strong> pubblici e privati, grandi e piccoli, in centro e in periferia, di arte, storia, scienza, design, che offrono al pubblico visite straordinarie, tour guidati, mostre ed eventi speciali, conferenze e laboratori, per adulti e bambini.<\/p>\n<p>Il tema di quest&#8217;anno \u00e8 <strong>La Luce dei Musei<\/strong>, tema affrontato da molti punti di vista, che fa emergere uno dei punti di forza della manifestazione: la sua interdisciplinarit\u00e0 e la sua capacit\u00e0 di intercettare l\u2019interesse di un vasto pubblico, nel segno della cultura.<\/p>\n<figure id=\"attachment_104091\" aria-describedby=\"caption-attachment-104091\" style=\"width: 1280px\" class=\"wp-caption aligncenter\"><img loading=\"lazy\" decoding=\"async\" class=\"wp-image-104091 size-full\" src=\"https:\/\/www.matrix4design.com\/wp-content\/uploads\/2024\/02\/Fabbrica-del-Vapore-Courtesy-of-Carlo-Bernardini_per_Milano_Museo_City_23.jpeg\" alt=\"\" width=\"1280\" height=\"644\" srcset=\"https:\/\/www.matrix4design.com\/wp-content\/uploads\/2024\/02\/Fabbrica-del-Vapore-Courtesy-of-Carlo-Bernardini_per_Milano_Museo_City_23.jpeg 1280w, https:\/\/www.matrix4design.com\/wp-content\/uploads\/2024\/02\/Fabbrica-del-Vapore-Courtesy-of-Carlo-Bernardini_per_Milano_Museo_City_23-300x151.jpeg 300w, https:\/\/www.matrix4design.com\/wp-content\/uploads\/2024\/02\/Fabbrica-del-Vapore-Courtesy-of-Carlo-Bernardini_per_Milano_Museo_City_23-1024x515.jpeg 1024w, https:\/\/www.matrix4design.com\/wp-content\/uploads\/2024\/02\/Fabbrica-del-Vapore-Courtesy-of-Carlo-Bernardini_per_Milano_Museo_City_23-768x386.jpeg 768w, https:\/\/www.matrix4design.com\/wp-content\/uploads\/2024\/02\/Fabbrica-del-Vapore-Courtesy-of-Carlo-Bernardini_per_Milano_Museo_City_23-150x75.jpeg 150w, https:\/\/www.matrix4design.com\/wp-content\/uploads\/2024\/02\/Fabbrica-del-Vapore-Courtesy-of-Carlo-Bernardini_per_Milano_Museo_City_23-696x350.jpeg 696w, https:\/\/www.matrix4design.com\/wp-content\/uploads\/2024\/02\/Fabbrica-del-Vapore-Courtesy-of-Carlo-Bernardini_per_Milano_Museo_City_23-1068x537.jpeg 1068w\" sizes=\"auto, (max-width: 1280px) 100vw, 1280px\" \/><figcaption id=\"caption-attachment-104091\" class=\"wp-caption-text\">\u00a9 Carlo Bernardini<\/figcaption><\/figure>\n<p>Tra gli appuntamenti immancabili torna <b>Museo Segreto<\/b><span style=\"font-weight: 400;\">, un percorso, a cura di Federica Giacobello, che quest\u2019anno si sviluppa tra le <strong>103 sedi partecipanti<\/strong> consentendo al pubblico di scoprire <\/span><b>opere inedite o proposte con modalit\u00e0 nuove<\/b><span style=\"font-weight: 400;\">. In questa settima edizione sono 72 le opere \u201csegrete\u201d disseminate, che mostreranno al pubblico le tante declinazioni che pu\u00f2 assumere il tema \u201cLa Luce dei Musei\u201d.\u00a0<\/span><\/p>\n<p>A Palazzo Reale per l&#8217;occasione si aprono anche due speciali progetti espositivi.<span style=\"font-weight: 400;\"><br \/>\n<\/span><span style=\"font-weight: 400;\">Fino al 4 giugno, al piano nobile del Palazzo, sar\u00e0 allestita la mostra &#8220;A casa del Vicer\u00e9. Eugenio di Beauharnais nella Milano napoleonica&#8221;, un approfondimento sull&#8217;arte, il gusto e la moda in epoca napoleonica negli ambienti della corte del Vicer\u00e8 d\u2019Italia. Per l\u2019occasione, al termine di un complesso restauro, sar\u00e0 straordinariamente esposto in Sala delle Cariatidi il <\/span><b>Centrotavola commissionato al grande mosaicista romano Giacomo Raffaelli per il banchetto in onore di Napoleone<\/b><span style=\"font-weight: 400;\"> e della sua incoronazione a Re d\u2019Italia.<\/span><\/p>\n<figure id=\"attachment_104090\" aria-describedby=\"caption-attachment-104090\" style=\"width: 1915px\" class=\"wp-caption aligncenter\"><img loading=\"lazy\" decoding=\"async\" class=\"wp-image-104090 size-full\" src=\"https:\/\/www.matrix4design.com\/wp-content\/uploads\/2024\/02\/Centrotavola-napoleonico-ph.-Ilaria-Perticucci_per_Milano_MuseoCity23.jpg\" alt=\"\" width=\"1915\" height=\"1200\" srcset=\"https:\/\/www.matrix4design.com\/wp-content\/uploads\/2024\/02\/Centrotavola-napoleonico-ph.-Ilaria-Perticucci_per_Milano_MuseoCity23.jpg 1915w, https:\/\/www.matrix4design.com\/wp-content\/uploads\/2024\/02\/Centrotavola-napoleonico-ph.-Ilaria-Perticucci_per_Milano_MuseoCity23-300x188.jpg 300w, https:\/\/www.matrix4design.com\/wp-content\/uploads\/2024\/02\/Centrotavola-napoleonico-ph.-Ilaria-Perticucci_per_Milano_MuseoCity23-1024x642.jpg 1024w, https:\/\/www.matrix4design.com\/wp-content\/uploads\/2024\/02\/Centrotavola-napoleonico-ph.-Ilaria-Perticucci_per_Milano_MuseoCity23-768x481.jpg 768w, https:\/\/www.matrix4design.com\/wp-content\/uploads\/2024\/02\/Centrotavola-napoleonico-ph.-Ilaria-Perticucci_per_Milano_MuseoCity23-1536x963.jpg 1536w, https:\/\/www.matrix4design.com\/wp-content\/uploads\/2024\/02\/Centrotavola-napoleonico-ph.-Ilaria-Perticucci_per_Milano_MuseoCity23-150x94.jpg 150w, https:\/\/www.matrix4design.com\/wp-content\/uploads\/2024\/02\/Centrotavola-napoleonico-ph.-Ilaria-Perticucci_per_Milano_MuseoCity23-696x436.jpg 696w, https:\/\/www.matrix4design.com\/wp-content\/uploads\/2024\/02\/Centrotavola-napoleonico-ph.-Ilaria-Perticucci_per_Milano_MuseoCity23-1068x669.jpg 1068w, https:\/\/www.matrix4design.com\/wp-content\/uploads\/2024\/02\/Centrotavola-napoleonico-ph.-Ilaria-Perticucci_per_Milano_MuseoCity23-1800x1128.jpg 1800w\" sizes=\"auto, (max-width: 1915px) 100vw, 1915px\" \/><figcaption id=\"caption-attachment-104090\" class=\"wp-caption-text\">\u00a9 Ilaria Perticucci<\/figcaption><\/figure>\n<p><span style=\"font-weight: 400;\">Fino al 2 aprile invece, nell\u2019Appartamento dei Principi, la mostra \u201cTRE-DI-CI. Sguardi sui musei di Lombardia\u201d racconter\u00e0 <\/span><b>tredici musei lombardi attraverso il lavoro di altrettanti fotografi<\/b><span style=\"font-weight: 400;\">. L\u2019esposizione \u00e8 promossa dal MiC (Direzione regionale Musei Lombardia) e dal Museo di Fotografia Contemporanea (MUFOCO) con il Comune di Milano \u2013 Cultura, e prodotta insieme a Palazzo Reale in occasione di MuseoCity.<\/span><span style=\"font-weight: 400;\"><br \/>\n<\/span><\/p>\n<p>Affianco a progetti gi\u00e0 noti arrivano anche grandi novit\u00e0. Per la prima volta, infatti, saranno diverse le istituzioni presenti tra le quali: il<b> Museo Arte e Scienza<\/b><span style=\"font-weight: 400;\"> che debutta con un laboratorio sull\u2019impiego delle varie lunghezze d\u2019onda per ammirare un\u2019opera d\u2019arte alla scoperta di informazioni nascoste; il <\/span><b>MUSA<\/b><span style=\"font-weight: 400;\">, il primo Museo Universitario delle Scienze Antropologico Forensi per i Diritti Umani in Europa; la visita al <\/span><b>Fondo inedito di Franca Valeri<\/b><span style=\"font-weight: 400;\">, all\u2019Accademia dei Filodrammatici; il <\/span><b>MusAB &#8211; Museo dell&#8217;Osservatorio Astronomico di Brera<\/b><span style=\"font-weight: 400;\"> che inaugura una nuova modalit\u00e0 di visita in Realt\u00e0 Aumentata.\u00a0<\/span><\/p>\n<figure id=\"attachment_104089\" aria-describedby=\"caption-attachment-104089\" style=\"width: 2560px\" class=\"wp-caption aligncenter\"><img loading=\"lazy\" decoding=\"async\" class=\"wp-image-104089 size-full\" src=\"https:\/\/www.matrix4design.com\/wp-content\/uploads\/2024\/02\/Palazzo-Moriggia-_-Museo-del-Risorgimentoper_Milano_MuseoCity232-scaled.jpeg\" alt=\"\" width=\"2560\" height=\"1920\" srcset=\"https:\/\/www.matrix4design.com\/wp-content\/uploads\/2024\/02\/Palazzo-Moriggia-_-Museo-del-Risorgimentoper_Milano_MuseoCity232-scaled.jpeg 2560w, https:\/\/www.matrix4design.com\/wp-content\/uploads\/2024\/02\/Palazzo-Moriggia-_-Museo-del-Risorgimentoper_Milano_MuseoCity232-300x225.jpeg 300w, https:\/\/www.matrix4design.com\/wp-content\/uploads\/2024\/02\/Palazzo-Moriggia-_-Museo-del-Risorgimentoper_Milano_MuseoCity232-1024x768.jpeg 1024w, https:\/\/www.matrix4design.com\/wp-content\/uploads\/2024\/02\/Palazzo-Moriggia-_-Museo-del-Risorgimentoper_Milano_MuseoCity232-768x576.jpeg 768w, https:\/\/www.matrix4design.com\/wp-content\/uploads\/2024\/02\/Palazzo-Moriggia-_-Museo-del-Risorgimentoper_Milano_MuseoCity232-1536x1152.jpeg 1536w, https:\/\/www.matrix4design.com\/wp-content\/uploads\/2024\/02\/Palazzo-Moriggia-_-Museo-del-Risorgimentoper_Milano_MuseoCity232-2048x1536.jpeg 2048w, https:\/\/www.matrix4design.com\/wp-content\/uploads\/2024\/02\/Palazzo-Moriggia-_-Museo-del-Risorgimentoper_Milano_MuseoCity232-150x113.jpeg 150w, https:\/\/www.matrix4design.com\/wp-content\/uploads\/2024\/02\/Palazzo-Moriggia-_-Museo-del-Risorgimentoper_Milano_MuseoCity232-696x522.jpeg 696w, https:\/\/www.matrix4design.com\/wp-content\/uploads\/2024\/02\/Palazzo-Moriggia-_-Museo-del-Risorgimentoper_Milano_MuseoCity232-1068x801.jpeg 1068w, https:\/\/www.matrix4design.com\/wp-content\/uploads\/2024\/02\/Palazzo-Moriggia-_-Museo-del-Risorgimentoper_Milano_MuseoCity232-1920x1440.jpeg 1920w, https:\/\/www.matrix4design.com\/wp-content\/uploads\/2024\/02\/Palazzo-Moriggia-_-Museo-del-Risorgimentoper_Milano_MuseoCity232-265x198.jpeg 265w, https:\/\/www.matrix4design.com\/wp-content\/uploads\/2024\/02\/Palazzo-Moriggia-_-Museo-del-Risorgimentoper_Milano_MuseoCity232-1800x1350.jpeg 1800w\" sizes=\"auto, (max-width: 2560px) 100vw, 2560px\" \/><figcaption id=\"caption-attachment-104089\" class=\"wp-caption-text\">\u00a9 Palazzo Moriggia<\/figcaption><\/figure>\n<p>L&#8217;altra novit\u00e0 di Milano MuseoCity 2024 \u00e8<span style=\"font-weight: 400;\">\u00a0l\u2019iniziativa \u201c<\/span><b>Dialoghi<\/b><span style=\"font-weight: 400;\">\u201d che consentir\u00e0 ad alcune istituzioni milanesi di accogliere nei propri spazi, secondo specifiche affinit\u00e0, opere provenienti da altre province lombarde. Una vetrina che ha la finalit\u00e0 di allargare il <\/span><i><span style=\"font-weight: 400;\">parterre<\/span><\/i><span style=\"font-weight: 400;\"> dei partecipanti alla tre giorni milanese in un\u2019ottica di \u201crete\u201d.\u00a0<\/span><\/p>\n<p>Tra <span style=\"font-weight: 400;\">i <\/span><b>progetti speciali<\/b><span style=\"font-weight: 400;\">, il <\/span><b>PAC<\/b><span style=\"font-weight: 400;\"> propone \u201cDiscorivoluzione. You Got to Get In to Get Out\u201d, una mostra nata dalla ricerca di 50 studenti del Politecnico che rilegge lo scenario del <\/span><i><span style=\"font-weight: 400;\">clubbing <\/span><\/i><span style=\"font-weight: 400;\">internazionale. Di notte la mostra viene attivata da una serie di installazioni site-specific progettate dagli studenti e animata dagli eventi musicali di Le Cannibale, <\/span><b>trasformando per 72 ore il PAC in una discoteca<\/b><span style=\"font-weight: 400;\">.<\/span> <span style=\"font-weight: 400;\">Infine a questo si aggiungono tanti progetti speciali come<\/span>\u00a0<span style=\"font-weight: 400;\">la visita notturna del <\/span><b>Museo Storico Alfa Romeo<\/b><span style=\"font-weight: 400;\">, illuminato solo dall\u2019imponente installazione luminosa realizzata da iGuzzini; un <\/span><b>tour in bicicletta<\/b><span style=\"font-weight: 400;\"> in 5 tappe tra i musei di Citt\u00e0 Studi; la possibilit\u00e0 di raggiungere il <\/span><b>MUMAC<\/b> <b>\u2013 Museo della macchina per il caff\u00e8 di Gruppo Cimbali<\/b><span style=\"font-weight: 400;\"> di Binasco e il <\/span><b>Kartell Museo<\/b><span style=\"font-weight: 400;\"> di Noviglio con una navetta gratuita su prenotazione in partenza da Milano; l\u2019apertura straordinaria degli archivi della <\/span><b>Civica Raccolta delle stampe &#8220;A. Bertarelli&#8221;<\/b><span style=\"font-weight: 400;\"> presso il Castello Sforzesco, uno spazio <\/span><b>normalmente chiuso al pubblico<\/b><span style=\"font-weight: 400;\">; l\u2019apertura serale del <\/span><b>Cenacolo Vinciano<\/b><span style=\"font-weight: 400;\">.<\/span><\/p>\n","protected":false},"excerpt":{"rendered":"<p>&nbsp; Dal 3 al 5 marzo torna, per la sua settima edizione, Milano MuseoCity, la manifestazione promossa dal Comune di Milano in collaborazione con Associazione MuseoCity, che ha l\u2019obiettivo di valorizzare i musei promuovendo la conoscenza del loro eccezionale patrimonio. Durante questi giorni la citt\u00e0 si trasforma in un unico, grande museo diffuso grazie all\u2019apertura [&hellip;]<\/p>\n","protected":false},"author":63,"featured_media":104199,"comment_status":"closed","ping_status":"closed","sticky":false,"template":"","format":"standard","meta":{"_acf_changed":false,"footnotes":""},"categories":[522,368],"tags":[],"class_list":{"0":"post-104087","1":"post","2":"type-post","3":"status-publish","4":"format-standard","5":"has-post-thumbnail","7":"category-arte","8":"category-featured"},"acf":[],"yoast_head":"<!-- This site is optimized with the Yoast SEO plugin v27.0 - https:\/\/yoast.com\/product\/yoast-seo-wordpress\/ -->\n<title>Al via dal 3 marzo la nuova edizione di Milano MuseoCity<\/title>\n<meta name=\"description\" content=\"Dal 3 al 5 marzo torna, per la sua settima edizione, Milano MuseoCity, la manifestazione promossa dal Comune di Milano in collaborazione con Associazione MuseoCity, che ha l\u2019obiettivo di valorizzare i musei promuovendo la conoscenza del loro eccezionale patrimonio.\" \/>\n<meta name=\"robots\" content=\"index, follow, max-snippet:-1, max-image-preview:large, max-video-preview:-1\" \/>\n<link rel=\"canonical\" href=\"https:\/\/www.matrix4design.com\/it\/arte\/al-via-dal-3-marzo-la-nuova-edizione-di-milano-museocity\/\" \/>\n<meta property=\"og:locale\" content=\"it_IT\" \/>\n<meta property=\"og:type\" content=\"article\" \/>\n<meta property=\"og:title\" content=\"Al via dal 3 marzo la nuova edizione di Milano MuseoCity\" \/>\n<meta property=\"og:description\" content=\"Dal 3 al 5 marzo torna, per la sua settima edizione, Milano MuseoCity, la manifestazione promossa dal Comune di Milano in collaborazione con Associazione MuseoCity, che ha l\u2019obiettivo di valorizzare i musei promuovendo la conoscenza del loro eccezionale patrimonio.\" \/>\n<meta property=\"og:url\" content=\"https:\/\/www.matrix4design.com\/it\/arte\/al-via-dal-3-marzo-la-nuova-edizione-di-milano-museocity\/\" \/>\n<meta property=\"og:site_name\" content=\"Matrix4Design\" \/>\n<meta property=\"article:publisher\" content=\"https:\/\/www.facebook.com\/matrix4designmagazine\/\" \/>\n<meta property=\"article:published_time\" content=\"2024-03-01T10:00:21+00:00\" \/>\n<meta property=\"article:modified_time\" content=\"2025-05-19T15:11:08+00:00\" \/>\n<meta property=\"og:image\" content=\"https:\/\/www.matrix4design.com\/wp-content\/uploads\/2024\/03\/copertina.png\" \/>\n\t<meta property=\"og:image:width\" content=\"1308\" \/>\n\t<meta property=\"og:image:height\" content=\"730\" \/>\n\t<meta property=\"og:image:type\" content=\"image\/png\" \/>\n<meta name=\"author\" content=\"Anna Garretto\" \/>\n<meta name=\"twitter:card\" content=\"summary_large_image\" \/>\n<meta name=\"twitter:label1\" content=\"Scritto da\" \/>\n\t<meta name=\"twitter:data1\" content=\"Anna Garretto\" \/>\n\t<meta name=\"twitter:label2\" content=\"Tempo di lettura stimato\" \/>\n\t<meta name=\"twitter:data2\" content=\"5 minuti\" \/>\n<script type=\"application\/ld+json\" class=\"yoast-schema-graph\">{\"@context\":\"https:\/\/schema.org\",\"@graph\":[{\"@type\":\"Article\",\"@id\":\"https:\/\/www.matrix4design.com\/it\/arte\/al-via-dal-3-marzo-la-nuova-edizione-di-milano-museocity\/#article\",\"isPartOf\":{\"@id\":\"https:\/\/www.matrix4design.com\/it\/arte\/al-via-dal-3-marzo-la-nuova-edizione-di-milano-museocity\/\"},\"author\":{\"name\":\"Anna Garretto\",\"@id\":\"https:\/\/www.matrix4design.com\/it\/#\/schema\/person\/9681d73a5b44baa354849fcf9c46e672\"},\"headline\":\"Al via dal 3 marzo la nuova edizione di Milano MuseoCity\",\"datePublished\":\"2024-03-01T10:00:21+00:00\",\"dateModified\":\"2025-05-19T15:11:08+00:00\",\"mainEntityOfPage\":{\"@id\":\"https:\/\/www.matrix4design.com\/it\/arte\/al-via-dal-3-marzo-la-nuova-edizione-di-milano-museocity\/\"},\"wordCount\":699,\"publisher\":{\"@id\":\"https:\/\/www.matrix4design.com\/it\/#organization\"},\"image\":{\"@id\":\"https:\/\/www.matrix4design.com\/it\/arte\/al-via-dal-3-marzo-la-nuova-edizione-di-milano-museocity\/#primaryimage\"},\"thumbnailUrl\":\"https:\/\/www.matrix4design.com\/wp-content\/uploads\/2024\/03\/copertina.png\",\"articleSection\":[\"Arte\",\"Featured\"],\"inLanguage\":\"it-IT\"},{\"@type\":\"WebPage\",\"@id\":\"https:\/\/www.matrix4design.com\/it\/arte\/al-via-dal-3-marzo-la-nuova-edizione-di-milano-museocity\/\",\"url\":\"https:\/\/www.matrix4design.com\/it\/arte\/al-via-dal-3-marzo-la-nuova-edizione-di-milano-museocity\/\",\"name\":\"Al via dal 3 marzo la nuova edizione di Milano MuseoCity\",\"isPartOf\":{\"@id\":\"https:\/\/www.matrix4design.com\/it\/#website\"},\"primaryImageOfPage\":{\"@id\":\"https:\/\/www.matrix4design.com\/it\/arte\/al-via-dal-3-marzo-la-nuova-edizione-di-milano-museocity\/#primaryimage\"},\"image\":{\"@id\":\"https:\/\/www.matrix4design.com\/it\/arte\/al-via-dal-3-marzo-la-nuova-edizione-di-milano-museocity\/#primaryimage\"},\"thumbnailUrl\":\"https:\/\/www.matrix4design.com\/wp-content\/uploads\/2024\/03\/copertina.png\",\"datePublished\":\"2024-03-01T10:00:21+00:00\",\"dateModified\":\"2025-05-19T15:11:08+00:00\",\"description\":\"Dal 3 al 5 marzo torna, per la sua settima edizione, Milano MuseoCity, la manifestazione promossa dal Comune di Milano in collaborazione con Associazione MuseoCity, che ha l\u2019obiettivo di valorizzare i musei promuovendo la conoscenza del loro eccezionale patrimonio.\",\"breadcrumb\":{\"@id\":\"https:\/\/www.matrix4design.com\/it\/arte\/al-via-dal-3-marzo-la-nuova-edizione-di-milano-museocity\/#breadcrumb\"},\"inLanguage\":\"it-IT\",\"potentialAction\":[{\"@type\":\"ReadAction\",\"target\":[\"https:\/\/www.matrix4design.com\/it\/arte\/al-via-dal-3-marzo-la-nuova-edizione-di-milano-museocity\/\"]}]},{\"@type\":\"ImageObject\",\"inLanguage\":\"it-IT\",\"@id\":\"https:\/\/www.matrix4design.com\/it\/arte\/al-via-dal-3-marzo-la-nuova-edizione-di-milano-museocity\/#primaryimage\",\"url\":\"https:\/\/www.matrix4design.com\/wp-content\/uploads\/2024\/03\/copertina.png\",\"contentUrl\":\"https:\/\/www.matrix4design.com\/wp-content\/uploads\/2024\/03\/copertina.png\",\"width\":1308,\"height\":730},{\"@type\":\"BreadcrumbList\",\"@id\":\"https:\/\/www.matrix4design.com\/it\/arte\/al-via-dal-3-marzo-la-nuova-edizione-di-milano-museocity\/#breadcrumb\",\"itemListElement\":[{\"@type\":\"ListItem\",\"position\":1,\"name\":\"Home\",\"item\":\"https:\/\/www.matrix4design.com\/it\/\"},{\"@type\":\"ListItem\",\"position\":2,\"name\":\"Al via dal 3 marzo la nuova edizione di Milano MuseoCity\"}]},{\"@type\":\"WebSite\",\"@id\":\"https:\/\/www.matrix4design.com\/it\/#website\",\"url\":\"https:\/\/www.matrix4design.com\/it\/\",\"name\":\"Matrix4Design\",\"description\":\"Digital architecture and design b2b magazine\",\"publisher\":{\"@id\":\"https:\/\/www.matrix4design.com\/it\/#organization\"},\"potentialAction\":[{\"@type\":\"SearchAction\",\"target\":{\"@type\":\"EntryPoint\",\"urlTemplate\":\"https:\/\/www.matrix4design.com\/it\/?s={search_term_string}\"},\"query-input\":{\"@type\":\"PropertyValueSpecification\",\"valueRequired\":true,\"valueName\":\"search_term_string\"}}],\"inLanguage\":\"it-IT\"},{\"@type\":\"Organization\",\"@id\":\"https:\/\/www.matrix4design.com\/it\/#organization\",\"name\":\"Matrix4Design\",\"url\":\"https:\/\/www.matrix4design.com\/it\/\",\"logo\":{\"@type\":\"ImageObject\",\"inLanguage\":\"it-IT\",\"@id\":\"https:\/\/www.matrix4design.com\/it\/#\/schema\/logo\/image\/\",\"url\":\"https:\/\/www.matrix4design.com\/wp-content\/uploads\/2020\/04\/logo_matrix4design.png\",\"contentUrl\":\"https:\/\/www.matrix4design.com\/wp-content\/uploads\/2020\/04\/logo_matrix4design.png\",\"width\":804,\"height\":114,\"caption\":\"Matrix4Design\"},\"image\":{\"@id\":\"https:\/\/www.matrix4design.com\/it\/#\/schema\/logo\/image\/\"},\"sameAs\":[\"https:\/\/www.facebook.com\/matrix4designmagazine\/\",\"https:\/\/www.instagram.com\/matrix4designmagazine\/\",\"https:\/\/www.youtube.com\/channel\/UCtuhSSrP3MOO_URZgv8mQ1A\"]},{\"@type\":\"Person\",\"@id\":\"https:\/\/www.matrix4design.com\/it\/#\/schema\/person\/9681d73a5b44baa354849fcf9c46e672\",\"name\":\"Anna Garretto\",\"image\":{\"@type\":\"ImageObject\",\"inLanguage\":\"it-IT\",\"@id\":\"https:\/\/www.matrix4design.com\/it\/#\/schema\/person\/image\/\",\"url\":\"https:\/\/www.matrix4design.com\/wp-content\/uploads\/2023\/04\/logo_M4D_2023-1-96x96-1-96x96.jpg\",\"contentUrl\":\"https:\/\/www.matrix4design.com\/wp-content\/uploads\/2023\/04\/logo_M4D_2023-1-96x96-1-96x96.jpg\",\"caption\":\"Anna Garretto\"},\"url\":\"https:\/\/www.matrix4design.com\/it\/author\/anna-garretto\/\"}]}<\/script>\n<!-- \/ Yoast SEO plugin. -->","yoast_head_json":{"title":"Al via dal 3 marzo la nuova edizione di Milano MuseoCity","description":"Dal 3 al 5 marzo torna, per la sua settima edizione, Milano MuseoCity, la manifestazione promossa dal Comune di Milano in collaborazione con Associazione MuseoCity, che ha l\u2019obiettivo di valorizzare i musei promuovendo la conoscenza del loro eccezionale patrimonio.","robots":{"index":"index","follow":"follow","max-snippet":"max-snippet:-1","max-image-preview":"max-image-preview:large","max-video-preview":"max-video-preview:-1"},"canonical":"https:\/\/www.matrix4design.com\/it\/arte\/al-via-dal-3-marzo-la-nuova-edizione-di-milano-museocity\/","og_locale":"it_IT","og_type":"article","og_title":"Al via dal 3 marzo la nuova edizione di Milano MuseoCity","og_description":"Dal 3 al 5 marzo torna, per la sua settima edizione, Milano MuseoCity, la manifestazione promossa dal Comune di Milano in collaborazione con Associazione MuseoCity, che ha l\u2019obiettivo di valorizzare i musei promuovendo la conoscenza del loro eccezionale patrimonio.","og_url":"https:\/\/www.matrix4design.com\/it\/arte\/al-via-dal-3-marzo-la-nuova-edizione-di-milano-museocity\/","og_site_name":"Matrix4Design","article_publisher":"https:\/\/www.facebook.com\/matrix4designmagazine\/","article_published_time":"2024-03-01T10:00:21+00:00","article_modified_time":"2025-05-19T15:11:08+00:00","og_image":[{"width":1308,"height":730,"url":"https:\/\/www.matrix4design.com\/wp-content\/uploads\/2024\/03\/copertina.png","type":"image\/png"}],"author":"Anna Garretto","twitter_card":"summary_large_image","twitter_misc":{"Scritto da":"Anna Garretto","Tempo di lettura stimato":"5 minuti"},"schema":{"@context":"https:\/\/schema.org","@graph":[{"@type":"Article","@id":"https:\/\/www.matrix4design.com\/it\/arte\/al-via-dal-3-marzo-la-nuova-edizione-di-milano-museocity\/#article","isPartOf":{"@id":"https:\/\/www.matrix4design.com\/it\/arte\/al-via-dal-3-marzo-la-nuova-edizione-di-milano-museocity\/"},"author":{"name":"Anna Garretto","@id":"https:\/\/www.matrix4design.com\/it\/#\/schema\/person\/9681d73a5b44baa354849fcf9c46e672"},"headline":"Al via dal 3 marzo la nuova edizione di Milano MuseoCity","datePublished":"2024-03-01T10:00:21+00:00","dateModified":"2025-05-19T15:11:08+00:00","mainEntityOfPage":{"@id":"https:\/\/www.matrix4design.com\/it\/arte\/al-via-dal-3-marzo-la-nuova-edizione-di-milano-museocity\/"},"wordCount":699,"publisher":{"@id":"https:\/\/www.matrix4design.com\/it\/#organization"},"image":{"@id":"https:\/\/www.matrix4design.com\/it\/arte\/al-via-dal-3-marzo-la-nuova-edizione-di-milano-museocity\/#primaryimage"},"thumbnailUrl":"https:\/\/www.matrix4design.com\/wp-content\/uploads\/2024\/03\/copertina.png","articleSection":["Arte","Featured"],"inLanguage":"it-IT"},{"@type":"WebPage","@id":"https:\/\/www.matrix4design.com\/it\/arte\/al-via-dal-3-marzo-la-nuova-edizione-di-milano-museocity\/","url":"https:\/\/www.matrix4design.com\/it\/arte\/al-via-dal-3-marzo-la-nuova-edizione-di-milano-museocity\/","name":"Al via dal 3 marzo la nuova edizione di Milano MuseoCity","isPartOf":{"@id":"https:\/\/www.matrix4design.com\/it\/#website"},"primaryImageOfPage":{"@id":"https:\/\/www.matrix4design.com\/it\/arte\/al-via-dal-3-marzo-la-nuova-edizione-di-milano-museocity\/#primaryimage"},"image":{"@id":"https:\/\/www.matrix4design.com\/it\/arte\/al-via-dal-3-marzo-la-nuova-edizione-di-milano-museocity\/#primaryimage"},"thumbnailUrl":"https:\/\/www.matrix4design.com\/wp-content\/uploads\/2024\/03\/copertina.png","datePublished":"2024-03-01T10:00:21+00:00","dateModified":"2025-05-19T15:11:08+00:00","description":"Dal 3 al 5 marzo torna, per la sua settima edizione, Milano MuseoCity, la manifestazione promossa dal Comune di Milano in collaborazione con Associazione MuseoCity, che ha l\u2019obiettivo di valorizzare i musei promuovendo la conoscenza del loro eccezionale patrimonio.","breadcrumb":{"@id":"https:\/\/www.matrix4design.com\/it\/arte\/al-via-dal-3-marzo-la-nuova-edizione-di-milano-museocity\/#breadcrumb"},"inLanguage":"it-IT","potentialAction":[{"@type":"ReadAction","target":["https:\/\/www.matrix4design.com\/it\/arte\/al-via-dal-3-marzo-la-nuova-edizione-di-milano-museocity\/"]}]},{"@type":"ImageObject","inLanguage":"it-IT","@id":"https:\/\/www.matrix4design.com\/it\/arte\/al-via-dal-3-marzo-la-nuova-edizione-di-milano-museocity\/#primaryimage","url":"https:\/\/www.matrix4design.com\/wp-content\/uploads\/2024\/03\/copertina.png","contentUrl":"https:\/\/www.matrix4design.com\/wp-content\/uploads\/2024\/03\/copertina.png","width":1308,"height":730},{"@type":"BreadcrumbList","@id":"https:\/\/www.matrix4design.com\/it\/arte\/al-via-dal-3-marzo-la-nuova-edizione-di-milano-museocity\/#breadcrumb","itemListElement":[{"@type":"ListItem","position":1,"name":"Home","item":"https:\/\/www.matrix4design.com\/it\/"},{"@type":"ListItem","position":2,"name":"Al via dal 3 marzo la nuova edizione di Milano MuseoCity"}]},{"@type":"WebSite","@id":"https:\/\/www.matrix4design.com\/it\/#website","url":"https:\/\/www.matrix4design.com\/it\/","name":"Matrix4Design","description":"Digital architecture and design b2b magazine","publisher":{"@id":"https:\/\/www.matrix4design.com\/it\/#organization"},"potentialAction":[{"@type":"SearchAction","target":{"@type":"EntryPoint","urlTemplate":"https:\/\/www.matrix4design.com\/it\/?s={search_term_string}"},"query-input":{"@type":"PropertyValueSpecification","valueRequired":true,"valueName":"search_term_string"}}],"inLanguage":"it-IT"},{"@type":"Organization","@id":"https:\/\/www.matrix4design.com\/it\/#organization","name":"Matrix4Design","url":"https:\/\/www.matrix4design.com\/it\/","logo":{"@type":"ImageObject","inLanguage":"it-IT","@id":"https:\/\/www.matrix4design.com\/it\/#\/schema\/logo\/image\/","url":"https:\/\/www.matrix4design.com\/wp-content\/uploads\/2020\/04\/logo_matrix4design.png","contentUrl":"https:\/\/www.matrix4design.com\/wp-content\/uploads\/2020\/04\/logo_matrix4design.png","width":804,"height":114,"caption":"Matrix4Design"},"image":{"@id":"https:\/\/www.matrix4design.com\/it\/#\/schema\/logo\/image\/"},"sameAs":["https:\/\/www.facebook.com\/matrix4designmagazine\/","https:\/\/www.instagram.com\/matrix4designmagazine\/","https:\/\/www.youtube.com\/channel\/UCtuhSSrP3MOO_URZgv8mQ1A"]},{"@type":"Person","@id":"https:\/\/www.matrix4design.com\/it\/#\/schema\/person\/9681d73a5b44baa354849fcf9c46e672","name":"Anna Garretto","image":{"@type":"ImageObject","inLanguage":"it-IT","@id":"https:\/\/www.matrix4design.com\/it\/#\/schema\/person\/image\/","url":"https:\/\/www.matrix4design.com\/wp-content\/uploads\/2023\/04\/logo_M4D_2023-1-96x96-1-96x96.jpg","contentUrl":"https:\/\/www.matrix4design.com\/wp-content\/uploads\/2023\/04\/logo_M4D_2023-1-96x96-1-96x96.jpg","caption":"Anna Garretto"},"url":"https:\/\/www.matrix4design.com\/it\/author\/anna-garretto\/"}]}},"_links":{"self":[{"href":"https:\/\/www.matrix4design.com\/it\/wp-json\/wp\/v2\/posts\/104087","targetHints":{"allow":["GET"]}}],"collection":[{"href":"https:\/\/www.matrix4design.com\/it\/wp-json\/wp\/v2\/posts"}],"about":[{"href":"https:\/\/www.matrix4design.com\/it\/wp-json\/wp\/v2\/types\/post"}],"author":[{"embeddable":true,"href":"https:\/\/www.matrix4design.com\/it\/wp-json\/wp\/v2\/users\/63"}],"replies":[{"embeddable":true,"href":"https:\/\/www.matrix4design.com\/it\/wp-json\/wp\/v2\/comments?post=104087"}],"version-history":[{"count":3,"href":"https:\/\/www.matrix4design.com\/it\/wp-json\/wp\/v2\/posts\/104087\/revisions"}],"predecessor-version":[{"id":104112,"href":"https:\/\/www.matrix4design.com\/it\/wp-json\/wp\/v2\/posts\/104087\/revisions\/104112"}],"wp:featuredmedia":[{"embeddable":true,"href":"https:\/\/www.matrix4design.com\/it\/wp-json\/wp\/v2\/media\/104199"}],"wp:attachment":[{"href":"https:\/\/www.matrix4design.com\/it\/wp-json\/wp\/v2\/media?parent=104087"}],"wp:term":[{"taxonomy":"category","embeddable":true,"href":"https:\/\/www.matrix4design.com\/it\/wp-json\/wp\/v2\/categories?post=104087"},{"taxonomy":"post_tag","embeddable":true,"href":"https:\/\/www.matrix4design.com\/it\/wp-json\/wp\/v2\/tags?post=104087"}],"curies":[{"name":"wp","href":"https:\/\/api.w.org\/{rel}","templated":true}]}}