{"id":104502,"date":"2024-03-19T08:00:05","date_gmt":"2024-03-19T07:00:05","guid":{"rendered":"https:\/\/www.matrix4design.com\/?p=104502"},"modified":"2024-03-15T10:59:51","modified_gmt":"2024-03-15T09:59:51","slug":"verto-lo-spazio-living-e-piu-flessibile","status":"publish","type":"post","link":"https:\/\/www.matrix4design.com\/it\/design\/verto-lo-spazio-living-e-piu-flessibile\/","title":{"rendered":"Verto, lo spazio living \u00e8 pi\u00f9 flessibile"},"content":{"rendered":"<p>&nbsp;<\/p>\n<p>Da semplice divano a oasi accogliente per i momenti di relax: <strong>Verto<\/strong>, disegnato da <strong>Simone Cagnazzo<\/strong> per<a href=\"https:\/\/www.liujoliving.com\/\" target=\"_blank\" rel=\"noopener\"><strong> Liu Jo Living<\/strong><\/a>, \u00e8 una proposta di arredo che punta su essenzialit\u00e0 e comfort per rispondere alle logiche flessibili dell\u2019abitare contemporaneo.<\/p>\n<p><img loading=\"lazy\" decoding=\"async\" class=\"size-full wp-image-104504 aligncenter\" src=\"https:\/\/www.matrix4design.com\/wp-content\/uploads\/2024\/03\/LJL_VERTO_APERTO_1.jpg\" alt=\"\" width=\"1200\" height=\"1600\" srcset=\"https:\/\/www.matrix4design.com\/wp-content\/uploads\/2024\/03\/LJL_VERTO_APERTO_1.jpg 1200w, https:\/\/www.matrix4design.com\/wp-content\/uploads\/2024\/03\/LJL_VERTO_APERTO_1-225x300.jpg 225w, https:\/\/www.matrix4design.com\/wp-content\/uploads\/2024\/03\/LJL_VERTO_APERTO_1-768x1024.jpg 768w, https:\/\/www.matrix4design.com\/wp-content\/uploads\/2024\/03\/LJL_VERTO_APERTO_1-1152x1536.jpg 1152w, https:\/\/www.matrix4design.com\/wp-content\/uploads\/2024\/03\/LJL_VERTO_APERTO_1-150x200.jpg 150w, https:\/\/www.matrix4design.com\/wp-content\/uploads\/2024\/03\/LJL_VERTO_APERTO_1-300x400.jpg 300w, https:\/\/www.matrix4design.com\/wp-content\/uploads\/2024\/03\/LJL_VERTO_APERTO_1-696x928.jpg 696w, https:\/\/www.matrix4design.com\/wp-content\/uploads\/2024\/03\/LJL_VERTO_APERTO_1-1068x1424.jpg 1068w\" sizes=\"auto, (max-width: 1200px) 100vw, 1200px\" \/><\/p>\n<p>Nato per sottrazione, applicando un design pulito e raffinato che si integra armoniosamente in ogni contesto, Verto presenta <strong>un doppio schienale e una seduta ampia<\/strong> <strong>che si espande completamente.<\/strong> A fare la differenza sono l\u2019estetica e le misure, soprattutto se ci si trova all\u2019interno di appartamenti di recente costruzione, spesso caratterizzati da dimensioni ridotte.<\/p>\n<p><img loading=\"lazy\" decoding=\"async\" class=\"size-full wp-image-104505 aligncenter\" src=\"https:\/\/www.matrix4design.com\/wp-content\/uploads\/2024\/03\/LJL_VERTO_APERTO_3.jpg\" alt=\"\" width=\"1200\" height=\"1600\" srcset=\"https:\/\/www.matrix4design.com\/wp-content\/uploads\/2024\/03\/LJL_VERTO_APERTO_3.jpg 1200w, https:\/\/www.matrix4design.com\/wp-content\/uploads\/2024\/03\/LJL_VERTO_APERTO_3-225x300.jpg 225w, https:\/\/www.matrix4design.com\/wp-content\/uploads\/2024\/03\/LJL_VERTO_APERTO_3-768x1024.jpg 768w, https:\/\/www.matrix4design.com\/wp-content\/uploads\/2024\/03\/LJL_VERTO_APERTO_3-1152x1536.jpg 1152w, https:\/\/www.matrix4design.com\/wp-content\/uploads\/2024\/03\/LJL_VERTO_APERTO_3-150x200.jpg 150w, https:\/\/www.matrix4design.com\/wp-content\/uploads\/2024\/03\/LJL_VERTO_APERTO_3-300x400.jpg 300w, https:\/\/www.matrix4design.com\/wp-content\/uploads\/2024\/03\/LJL_VERTO_APERTO_3-696x928.jpg 696w, https:\/\/www.matrix4design.com\/wp-content\/uploads\/2024\/03\/LJL_VERTO_APERTO_3-1068x1424.jpg 1068w\" sizes=\"auto, (max-width: 1200px) 100vw, 1200px\" \/><\/p>\n<p>Con la sua semplice e intuitiva apertura, Verto garantisce prestazioni elevate e standard di qualit\u00e0 impeccabili. Inoltre, come per gli altri prodotti gi\u00e0 a catalogo, il riciclo di Verto \u00e8 garantito dalla <strong>sfoderabilit\u00e0<\/strong> di tutti gli elementi imbottiti e dalla ricerca dei migliori materiali per la produzione delle singole componenti.<\/p>\n<p><img loading=\"lazy\" decoding=\"async\" class=\"size-full wp-image-104506 aligncenter\" src=\"https:\/\/www.matrix4design.com\/wp-content\/uploads\/2024\/03\/LJL_VERTO_CHIUSO_1.jpg\" alt=\"\" width=\"1200\" height=\"1600\" srcset=\"https:\/\/www.matrix4design.com\/wp-content\/uploads\/2024\/03\/LJL_VERTO_CHIUSO_1.jpg 1200w, https:\/\/www.matrix4design.com\/wp-content\/uploads\/2024\/03\/LJL_VERTO_CHIUSO_1-225x300.jpg 225w, https:\/\/www.matrix4design.com\/wp-content\/uploads\/2024\/03\/LJL_VERTO_CHIUSO_1-768x1024.jpg 768w, https:\/\/www.matrix4design.com\/wp-content\/uploads\/2024\/03\/LJL_VERTO_CHIUSO_1-1152x1536.jpg 1152w, https:\/\/www.matrix4design.com\/wp-content\/uploads\/2024\/03\/LJL_VERTO_CHIUSO_1-150x200.jpg 150w, https:\/\/www.matrix4design.com\/wp-content\/uploads\/2024\/03\/LJL_VERTO_CHIUSO_1-300x400.jpg 300w, https:\/\/www.matrix4design.com\/wp-content\/uploads\/2024\/03\/LJL_VERTO_CHIUSO_1-696x928.jpg 696w, https:\/\/www.matrix4design.com\/wp-content\/uploads\/2024\/03\/LJL_VERTO_CHIUSO_1-1068x1424.jpg 1068w\" sizes=\"auto, (max-width: 1200px) 100vw, 1200px\" \/><\/p>\n<p>In questo modo, Liu Jo Living mantiene un forte impegno nei confronti dell&#8217;ambiente e dei valori etici e sociali che fin dall\u2019inizio sono stati fondamentali nella sua filosofia imprenditoriale, senza rinunciare alla funzionalit\u00e0 delle sue soluzioni d\u2019arredo.<\/p>\n","protected":false},"excerpt":{"rendered":"<p>&nbsp; Da semplice divano a oasi accogliente per i momenti di relax: Verto, disegnato da Simone Cagnazzo per Liu Jo Living, \u00e8 una proposta di arredo che punta su essenzialit\u00e0 e comfort per rispondere alle logiche flessibili dell\u2019abitare contemporaneo. Nato per sottrazione, applicando un design pulito e raffinato che si integra armoniosamente in ogni contesto, [&hellip;]<\/p>\n","protected":false},"author":6,"featured_media":104503,"comment_status":"closed","ping_status":"closed","sticky":false,"template":"","format":"standard","meta":{"_acf_changed":false,"footnotes":""},"categories":[366,418,368],"tags":[432],"class_list":{"0":"post-104502","1":"post","2":"type-post","3":"status-publish","4":"format-standard","5":"has-post-thumbnail","7":"category-design","8":"category-design-home","9":"category-featured","10":"tag-living"},"acf":[],"yoast_head":"<!-- This site is optimized with the Yoast SEO plugin v27.0 - https:\/\/yoast.com\/product\/yoast-seo-wordpress\/ -->\n<title>Verto, lo spazio living \u00e8 pi\u00f9 flessibile<\/title>\n<meta name=\"description\" content=\"Da semplice divano a oasi accogliente per i momenti di relax: Verto, disegnato da Simone Cagnazzo per Liu Jo Living, \u00e8 una proposta di arredo che punta su essenzialit\u00e0 e comfort per rispondere alle logiche flessibili dell\u2019abitare contemporaneo.\" \/>\n<meta name=\"robots\" content=\"index, follow, max-snippet:-1, max-image-preview:large, max-video-preview:-1\" \/>\n<link rel=\"canonical\" href=\"https:\/\/www.matrix4design.com\/it\/design\/verto-lo-spazio-living-e-piu-flessibile\/\" \/>\n<meta property=\"og:locale\" content=\"it_IT\" \/>\n<meta property=\"og:type\" content=\"article\" \/>\n<meta property=\"og:title\" content=\"Verto, lo spazio living \u00e8 pi\u00f9 flessibile\" \/>\n<meta property=\"og:description\" content=\"Da semplice divano a oasi accogliente per i momenti di relax: Verto, disegnato da Simone Cagnazzo per Liu Jo Living, \u00e8 una proposta di arredo che punta su essenzialit\u00e0 e comfort per rispondere alle logiche flessibili dell\u2019abitare contemporaneo.\" \/>\n<meta property=\"og:url\" content=\"https:\/\/www.matrix4design.com\/it\/design\/verto-lo-spazio-living-e-piu-flessibile\/\" \/>\n<meta property=\"og:site_name\" content=\"Matrix4Design\" \/>\n<meta property=\"article:publisher\" content=\"https:\/\/www.facebook.com\/matrix4designmagazine\/\" \/>\n<meta property=\"article:published_time\" content=\"2024-03-19T07:00:05+00:00\" \/>\n<meta property=\"og:image\" content=\"https:\/\/www.matrix4design.com\/wp-content\/uploads\/2024\/03\/LJL_VERTO_CHIUSO_2x.jpg\" \/>\n\t<meta property=\"og:image:width\" content=\"1200\" \/>\n\t<meta property=\"og:image:height\" content=\"1093\" \/>\n\t<meta property=\"og:image:type\" content=\"image\/jpeg\" \/>\n<meta name=\"author\" content=\"Redazione\" \/>\n<meta name=\"twitter:card\" content=\"summary_large_image\" \/>\n<meta name=\"twitter:label1\" content=\"Scritto da\" \/>\n\t<meta name=\"twitter:data1\" content=\"Redazione\" \/>\n\t<meta name=\"twitter:label2\" content=\"Tempo di lettura stimato\" \/>\n\t<meta name=\"twitter:data2\" content=\"2 minuti\" \/>\n<script type=\"application\/ld+json\" class=\"yoast-schema-graph\">{\"@context\":\"https:\/\/schema.org\",\"@graph\":[{\"@type\":\"Article\",\"@id\":\"https:\/\/www.matrix4design.com\/it\/design\/verto-lo-spazio-living-e-piu-flessibile\/#article\",\"isPartOf\":{\"@id\":\"https:\/\/www.matrix4design.com\/it\/design\/verto-lo-spazio-living-e-piu-flessibile\/\"},\"author\":{\"name\":\"Redazione\",\"@id\":\"https:\/\/www.matrix4design.com\/it\/#\/schema\/person\/b2b6dd48f9d6892ca224742379951fa1\"},\"headline\":\"Verto, lo spazio living \u00e8 pi\u00f9 flessibile\",\"datePublished\":\"2024-03-19T07:00:05+00:00\",\"mainEntityOfPage\":{\"@id\":\"https:\/\/www.matrix4design.com\/it\/design\/verto-lo-spazio-living-e-piu-flessibile\/\"},\"wordCount\":190,\"publisher\":{\"@id\":\"https:\/\/www.matrix4design.com\/it\/#organization\"},\"image\":{\"@id\":\"https:\/\/www.matrix4design.com\/it\/design\/verto-lo-spazio-living-e-piu-flessibile\/#primaryimage\"},\"thumbnailUrl\":\"https:\/\/www.matrix4design.com\/wp-content\/uploads\/2024\/03\/LJL_VERTO_CHIUSO_2x.jpg\",\"keywords\":[\"living\"],\"articleSection\":[\"Design\",\"Design home\",\"Featured\"],\"inLanguage\":\"it-IT\"},{\"@type\":\"WebPage\",\"@id\":\"https:\/\/www.matrix4design.com\/it\/design\/verto-lo-spazio-living-e-piu-flessibile\/\",\"url\":\"https:\/\/www.matrix4design.com\/it\/design\/verto-lo-spazio-living-e-piu-flessibile\/\",\"name\":\"Verto, lo spazio living \u00e8 pi\u00f9 flessibile\",\"isPartOf\":{\"@id\":\"https:\/\/www.matrix4design.com\/it\/#website\"},\"primaryImageOfPage\":{\"@id\":\"https:\/\/www.matrix4design.com\/it\/design\/verto-lo-spazio-living-e-piu-flessibile\/#primaryimage\"},\"image\":{\"@id\":\"https:\/\/www.matrix4design.com\/it\/design\/verto-lo-spazio-living-e-piu-flessibile\/#primaryimage\"},\"thumbnailUrl\":\"https:\/\/www.matrix4design.com\/wp-content\/uploads\/2024\/03\/LJL_VERTO_CHIUSO_2x.jpg\",\"datePublished\":\"2024-03-19T07:00:05+00:00\",\"description\":\"Da semplice divano a oasi accogliente per i momenti di relax: Verto, disegnato da Simone Cagnazzo per Liu Jo Living, \u00e8 una proposta di arredo che punta su essenzialit\u00e0 e comfort per rispondere alle logiche flessibili dell\u2019abitare contemporaneo.\",\"breadcrumb\":{\"@id\":\"https:\/\/www.matrix4design.com\/it\/design\/verto-lo-spazio-living-e-piu-flessibile\/#breadcrumb\"},\"inLanguage\":\"it-IT\",\"potentialAction\":[{\"@type\":\"ReadAction\",\"target\":[\"https:\/\/www.matrix4design.com\/it\/design\/verto-lo-spazio-living-e-piu-flessibile\/\"]}]},{\"@type\":\"ImageObject\",\"inLanguage\":\"it-IT\",\"@id\":\"https:\/\/www.matrix4design.com\/it\/design\/verto-lo-spazio-living-e-piu-flessibile\/#primaryimage\",\"url\":\"https:\/\/www.matrix4design.com\/wp-content\/uploads\/2024\/03\/LJL_VERTO_CHIUSO_2x.jpg\",\"contentUrl\":\"https:\/\/www.matrix4design.com\/wp-content\/uploads\/2024\/03\/LJL_VERTO_CHIUSO_2x.jpg\",\"width\":1200,\"height\":1093},{\"@type\":\"BreadcrumbList\",\"@id\":\"https:\/\/www.matrix4design.com\/it\/design\/verto-lo-spazio-living-e-piu-flessibile\/#breadcrumb\",\"itemListElement\":[{\"@type\":\"ListItem\",\"position\":1,\"name\":\"Home\",\"item\":\"https:\/\/www.matrix4design.com\/it\/\"},{\"@type\":\"ListItem\",\"position\":2,\"name\":\"Verto, lo spazio living \u00e8 pi\u00f9 flessibile\"}]},{\"@type\":\"WebSite\",\"@id\":\"https:\/\/www.matrix4design.com\/it\/#website\",\"url\":\"https:\/\/www.matrix4design.com\/it\/\",\"name\":\"Matrix4Design\",\"description\":\"Digital architecture and design b2b magazine\",\"publisher\":{\"@id\":\"https:\/\/www.matrix4design.com\/it\/#organization\"},\"potentialAction\":[{\"@type\":\"SearchAction\",\"target\":{\"@type\":\"EntryPoint\",\"urlTemplate\":\"https:\/\/www.matrix4design.com\/it\/?s={search_term_string}\"},\"query-input\":{\"@type\":\"PropertyValueSpecification\",\"valueRequired\":true,\"valueName\":\"search_term_string\"}}],\"inLanguage\":\"it-IT\"},{\"@type\":\"Organization\",\"@id\":\"https:\/\/www.matrix4design.com\/it\/#organization\",\"name\":\"Matrix4Design\",\"url\":\"https:\/\/www.matrix4design.com\/it\/\",\"logo\":{\"@type\":\"ImageObject\",\"inLanguage\":\"it-IT\",\"@id\":\"https:\/\/www.matrix4design.com\/it\/#\/schema\/logo\/image\/\",\"url\":\"https:\/\/www.matrix4design.com\/wp-content\/uploads\/2020\/04\/logo_matrix4design.png\",\"contentUrl\":\"https:\/\/www.matrix4design.com\/wp-content\/uploads\/2020\/04\/logo_matrix4design.png\",\"width\":804,\"height\":114,\"caption\":\"Matrix4Design\"},\"image\":{\"@id\":\"https:\/\/www.matrix4design.com\/it\/#\/schema\/logo\/image\/\"},\"sameAs\":[\"https:\/\/www.facebook.com\/matrix4designmagazine\/\",\"https:\/\/www.instagram.com\/matrix4designmagazine\/\",\"https:\/\/www.youtube.com\/channel\/UCtuhSSrP3MOO_URZgv8mQ1A\"]},{\"@type\":\"Person\",\"@id\":\"https:\/\/www.matrix4design.com\/it\/#\/schema\/person\/b2b6dd48f9d6892ca224742379951fa1\",\"name\":\"Redazione\",\"image\":{\"@type\":\"ImageObject\",\"inLanguage\":\"it-IT\",\"@id\":\"https:\/\/www.matrix4design.com\/it\/#\/schema\/person\/image\/\",\"url\":\"https:\/\/www.matrix4design.com\/wp-content\/uploads\/2023\/01\/logo_M4D_2023-96x96.jpg\",\"contentUrl\":\"https:\/\/www.matrix4design.com\/wp-content\/uploads\/2023\/01\/logo_M4D_2023-96x96.jpg\",\"caption\":\"Redazione\"},\"url\":\"https:\/\/www.matrix4design.com\/it\/author\/redazione\/\"}]}<\/script>\n<!-- \/ Yoast SEO plugin. -->","yoast_head_json":{"title":"Verto, lo spazio living \u00e8 pi\u00f9 flessibile","description":"Da semplice divano a oasi accogliente per i momenti di relax: Verto, disegnato da Simone Cagnazzo per Liu Jo Living, \u00e8 una proposta di arredo che punta su essenzialit\u00e0 e comfort per rispondere alle logiche flessibili dell\u2019abitare contemporaneo.","robots":{"index":"index","follow":"follow","max-snippet":"max-snippet:-1","max-image-preview":"max-image-preview:large","max-video-preview":"max-video-preview:-1"},"canonical":"https:\/\/www.matrix4design.com\/it\/design\/verto-lo-spazio-living-e-piu-flessibile\/","og_locale":"it_IT","og_type":"article","og_title":"Verto, lo spazio living \u00e8 pi\u00f9 flessibile","og_description":"Da semplice divano a oasi accogliente per i momenti di relax: Verto, disegnato da Simone Cagnazzo per Liu Jo Living, \u00e8 una proposta di arredo che punta su essenzialit\u00e0 e comfort per rispondere alle logiche flessibili dell\u2019abitare contemporaneo.","og_url":"https:\/\/www.matrix4design.com\/it\/design\/verto-lo-spazio-living-e-piu-flessibile\/","og_site_name":"Matrix4Design","article_publisher":"https:\/\/www.facebook.com\/matrix4designmagazine\/","article_published_time":"2024-03-19T07:00:05+00:00","og_image":[{"width":1200,"height":1093,"url":"https:\/\/www.matrix4design.com\/wp-content\/uploads\/2024\/03\/LJL_VERTO_CHIUSO_2x.jpg","type":"image\/jpeg"}],"author":"Redazione","twitter_card":"summary_large_image","twitter_misc":{"Scritto da":"Redazione","Tempo di lettura stimato":"2 minuti"},"schema":{"@context":"https:\/\/schema.org","@graph":[{"@type":"Article","@id":"https:\/\/www.matrix4design.com\/it\/design\/verto-lo-spazio-living-e-piu-flessibile\/#article","isPartOf":{"@id":"https:\/\/www.matrix4design.com\/it\/design\/verto-lo-spazio-living-e-piu-flessibile\/"},"author":{"name":"Redazione","@id":"https:\/\/www.matrix4design.com\/it\/#\/schema\/person\/b2b6dd48f9d6892ca224742379951fa1"},"headline":"Verto, lo spazio living \u00e8 pi\u00f9 flessibile","datePublished":"2024-03-19T07:00:05+00:00","mainEntityOfPage":{"@id":"https:\/\/www.matrix4design.com\/it\/design\/verto-lo-spazio-living-e-piu-flessibile\/"},"wordCount":190,"publisher":{"@id":"https:\/\/www.matrix4design.com\/it\/#organization"},"image":{"@id":"https:\/\/www.matrix4design.com\/it\/design\/verto-lo-spazio-living-e-piu-flessibile\/#primaryimage"},"thumbnailUrl":"https:\/\/www.matrix4design.com\/wp-content\/uploads\/2024\/03\/LJL_VERTO_CHIUSO_2x.jpg","keywords":["living"],"articleSection":["Design","Design home","Featured"],"inLanguage":"it-IT"},{"@type":"WebPage","@id":"https:\/\/www.matrix4design.com\/it\/design\/verto-lo-spazio-living-e-piu-flessibile\/","url":"https:\/\/www.matrix4design.com\/it\/design\/verto-lo-spazio-living-e-piu-flessibile\/","name":"Verto, lo spazio living \u00e8 pi\u00f9 flessibile","isPartOf":{"@id":"https:\/\/www.matrix4design.com\/it\/#website"},"primaryImageOfPage":{"@id":"https:\/\/www.matrix4design.com\/it\/design\/verto-lo-spazio-living-e-piu-flessibile\/#primaryimage"},"image":{"@id":"https:\/\/www.matrix4design.com\/it\/design\/verto-lo-spazio-living-e-piu-flessibile\/#primaryimage"},"thumbnailUrl":"https:\/\/www.matrix4design.com\/wp-content\/uploads\/2024\/03\/LJL_VERTO_CHIUSO_2x.jpg","datePublished":"2024-03-19T07:00:05+00:00","description":"Da semplice divano a oasi accogliente per i momenti di relax: Verto, disegnato da Simone Cagnazzo per Liu Jo Living, \u00e8 una proposta di arredo che punta su essenzialit\u00e0 e comfort per rispondere alle logiche flessibili dell\u2019abitare contemporaneo.","breadcrumb":{"@id":"https:\/\/www.matrix4design.com\/it\/design\/verto-lo-spazio-living-e-piu-flessibile\/#breadcrumb"},"inLanguage":"it-IT","potentialAction":[{"@type":"ReadAction","target":["https:\/\/www.matrix4design.com\/it\/design\/verto-lo-spazio-living-e-piu-flessibile\/"]}]},{"@type":"ImageObject","inLanguage":"it-IT","@id":"https:\/\/www.matrix4design.com\/it\/design\/verto-lo-spazio-living-e-piu-flessibile\/#primaryimage","url":"https:\/\/www.matrix4design.com\/wp-content\/uploads\/2024\/03\/LJL_VERTO_CHIUSO_2x.jpg","contentUrl":"https:\/\/www.matrix4design.com\/wp-content\/uploads\/2024\/03\/LJL_VERTO_CHIUSO_2x.jpg","width":1200,"height":1093},{"@type":"BreadcrumbList","@id":"https:\/\/www.matrix4design.com\/it\/design\/verto-lo-spazio-living-e-piu-flessibile\/#breadcrumb","itemListElement":[{"@type":"ListItem","position":1,"name":"Home","item":"https:\/\/www.matrix4design.com\/it\/"},{"@type":"ListItem","position":2,"name":"Verto, lo spazio living \u00e8 pi\u00f9 flessibile"}]},{"@type":"WebSite","@id":"https:\/\/www.matrix4design.com\/it\/#website","url":"https:\/\/www.matrix4design.com\/it\/","name":"Matrix4Design","description":"Digital architecture and design b2b magazine","publisher":{"@id":"https:\/\/www.matrix4design.com\/it\/#organization"},"potentialAction":[{"@type":"SearchAction","target":{"@type":"EntryPoint","urlTemplate":"https:\/\/www.matrix4design.com\/it\/?s={search_term_string}"},"query-input":{"@type":"PropertyValueSpecification","valueRequired":true,"valueName":"search_term_string"}}],"inLanguage":"it-IT"},{"@type":"Organization","@id":"https:\/\/www.matrix4design.com\/it\/#organization","name":"Matrix4Design","url":"https:\/\/www.matrix4design.com\/it\/","logo":{"@type":"ImageObject","inLanguage":"it-IT","@id":"https:\/\/www.matrix4design.com\/it\/#\/schema\/logo\/image\/","url":"https:\/\/www.matrix4design.com\/wp-content\/uploads\/2020\/04\/logo_matrix4design.png","contentUrl":"https:\/\/www.matrix4design.com\/wp-content\/uploads\/2020\/04\/logo_matrix4design.png","width":804,"height":114,"caption":"Matrix4Design"},"image":{"@id":"https:\/\/www.matrix4design.com\/it\/#\/schema\/logo\/image\/"},"sameAs":["https:\/\/www.facebook.com\/matrix4designmagazine\/","https:\/\/www.instagram.com\/matrix4designmagazine\/","https:\/\/www.youtube.com\/channel\/UCtuhSSrP3MOO_URZgv8mQ1A"]},{"@type":"Person","@id":"https:\/\/www.matrix4design.com\/it\/#\/schema\/person\/b2b6dd48f9d6892ca224742379951fa1","name":"Redazione","image":{"@type":"ImageObject","inLanguage":"it-IT","@id":"https:\/\/www.matrix4design.com\/it\/#\/schema\/person\/image\/","url":"https:\/\/www.matrix4design.com\/wp-content\/uploads\/2023\/01\/logo_M4D_2023-96x96.jpg","contentUrl":"https:\/\/www.matrix4design.com\/wp-content\/uploads\/2023\/01\/logo_M4D_2023-96x96.jpg","caption":"Redazione"},"url":"https:\/\/www.matrix4design.com\/it\/author\/redazione\/"}]}},"_links":{"self":[{"href":"https:\/\/www.matrix4design.com\/it\/wp-json\/wp\/v2\/posts\/104502","targetHints":{"allow":["GET"]}}],"collection":[{"href":"https:\/\/www.matrix4design.com\/it\/wp-json\/wp\/v2\/posts"}],"about":[{"href":"https:\/\/www.matrix4design.com\/it\/wp-json\/wp\/v2\/types\/post"}],"author":[{"embeddable":true,"href":"https:\/\/www.matrix4design.com\/it\/wp-json\/wp\/v2\/users\/6"}],"replies":[{"embeddable":true,"href":"https:\/\/www.matrix4design.com\/it\/wp-json\/wp\/v2\/comments?post=104502"}],"version-history":[{"count":1,"href":"https:\/\/www.matrix4design.com\/it\/wp-json\/wp\/v2\/posts\/104502\/revisions"}],"predecessor-version":[{"id":104507,"href":"https:\/\/www.matrix4design.com\/it\/wp-json\/wp\/v2\/posts\/104502\/revisions\/104507"}],"wp:featuredmedia":[{"embeddable":true,"href":"https:\/\/www.matrix4design.com\/it\/wp-json\/wp\/v2\/media\/104503"}],"wp:attachment":[{"href":"https:\/\/www.matrix4design.com\/it\/wp-json\/wp\/v2\/media?parent=104502"}],"wp:term":[{"taxonomy":"category","embeddable":true,"href":"https:\/\/www.matrix4design.com\/it\/wp-json\/wp\/v2\/categories?post=104502"},{"taxonomy":"post_tag","embeddable":true,"href":"https:\/\/www.matrix4design.com\/it\/wp-json\/wp\/v2\/tags?post=104502"}],"curies":[{"name":"wp","href":"https:\/\/api.w.org\/{rel}","templated":true}]}}