{"id":107398,"date":"2024-07-25T11:00:59","date_gmt":"2024-07-25T09:00:59","guid":{"rendered":"https:\/\/www.matrix4design.com\/?p=107398"},"modified":"2024-07-24T09:10:35","modified_gmt":"2024-07-24T07:10:35","slug":"larchitetto-david-van-severen-ospite-a-cersaie-il-25-settembre","status":"publish","type":"post","link":"https:\/\/www.matrix4design.com\/it\/architettura\/larchitetto-david-van-severen-ospite-a-cersaie-il-25-settembre\/","title":{"rendered":"L&#8217;architetto David Van Severen di OFFICE a Cersaie il 25 settembre"},"content":{"rendered":"<p>&nbsp;<\/p>\n<p>Dal 23 al 27 settembre torna l&#8217;appuntamento con <a href=\"https:\/\/www.matrix4design.com\/it\/evento\/cersaie-23-27-settembre-2024\/\" target=\"_blank\" rel=\"noopener\"><strong>Cersaie<\/strong><\/a>, il Salone Internazionale della Ceramica per l\u2019Architettura e dell\u2019Arredobagno che si svolger\u00e0 come di consueto a Bologna.<br \/>\nCome sempre saranno diversi gli appuntamenti in programma: dai convegni \u201ccostruire, abitare, pensare\u201d, alle conversazioni del &#8220;Caf\u00e9 della stampa&#8221;, fino ai seminari tecnici e alle dimostrazioni di posa della &#8220;Citt\u00e0 della Posa&#8221; oltre a diversi eventi speciali.<\/p>\n<p>Ed \u00e8 proprio nel programma culturale &#8220;costruire, abitare, pensare&#8221; che si inserisce l&#8217;appuntamento con l&#8217;architetto belga <strong>David Van Severen<\/strong>, in <a href=\"https:\/\/www.cersaie.it\/evento\/David-Van-Severen\/2222270\/2024\" target=\"_blank\" rel=\"noopener\">programma<\/a> per<strong> mercoled\u00ec 25 settembre alle ore 15<\/strong>.<\/p>\n<p>David Van Severen, nato nel 1978 a Gand, ha studiato all&#8217;Universit\u00e0 della stessa citt\u00e0 e all&#8217;ETSA di Madrid, in Spagna. Nel 2002 ha fondato a Bruxelles <strong><a href=\"https:\/\/officekgdvs.com\/\" target=\"_blank\" rel=\"noopener\">OFFICE<\/a> <\/strong>insieme a <strong>Kersten Geers<\/strong>. OFFICE ha ricevuto numerosi riconoscimenti e premi, tra cui il Premio belga per l&#8217;architettura, il Leone d&#8217;argento alla 12\u00b0 Biennale di architettura di Venezia e l&#8217;Aga Khan Award for Architecture.<\/p>\n<p><img loading=\"lazy\" decoding=\"async\" class=\"aligncenter wp-image-107400 size-full\" src=\"https:\/\/www.matrix4design.com\/wp-content\/uploads\/2024\/07\/DVS-Portrait.jpg\" alt=\"\" width=\"785\" height=\"868\" srcset=\"https:\/\/www.matrix4design.com\/wp-content\/uploads\/2024\/07\/DVS-Portrait.jpg 785w, https:\/\/www.matrix4design.com\/wp-content\/uploads\/2024\/07\/DVS-Portrait-271x300.jpg 271w, https:\/\/www.matrix4design.com\/wp-content\/uploads\/2024\/07\/DVS-Portrait-768x849.jpg 768w, https:\/\/www.matrix4design.com\/wp-content\/uploads\/2024\/07\/DVS-Portrait-150x166.jpg 150w, https:\/\/www.matrix4design.com\/wp-content\/uploads\/2024\/07\/DVS-Portrait-300x332.jpg 300w, https:\/\/www.matrix4design.com\/wp-content\/uploads\/2024\/07\/DVS-Portrait-696x770.jpg 696w\" sizes=\"auto, (max-width: 785px) 100vw, 785px\" \/><\/p>\n<p>Dalla sua fondazione, lo studio \u00e8 impegnato nell&#8217;idea di <strong>architettura come impresa culturale volta a migliorare l&#8217;ambiente umano<\/strong>. A tal fine, considera sempre pi\u00f9 pressanti i temi della sostenibilit\u00e0 e dell&#8217;approvvigionamento responsabile come un catalizzatore per plasmare la nostra realt\u00e0 urbana e sociale, e la forma architettonica come parte della soluzione. OFFICE \u00e8 uno studio collaborativo, che riunisce architetti, sviluppatori ed esperti di varie discipline, al fine di garantire la qualit\u00e0 del singolo progetto. I progetti sono allo stesso tempo pragmatici e innovativi, ma profondamente radicati in diverse storie architettoniche e variano per scala e tipologia, spaziando dall&#8217;arredamento alla progettazione urbana.<\/p>\n<p>Tra quelli pi\u00f9 recenti o in fase di realizzazione figurano <strong>la megafabbrica Aerospacelab a Charleroi<\/strong>, in Belgio, <strong>l&#8217;edificio della Radiotelevisione svizzera a Losanna<\/strong>, in Svizzera, e<strong> la sede centrale della VRT a Bruxelles<\/strong>.<\/p>\n<p>Kersten Geers e David Van Severen ricoprono insieme il ruolo di Design Critics in Architecture presso la Harvard GSD; Geers \u00e8 anche professore ordinario presso l&#8217;Accademia di architettura USI di Mendrisio. In precedenza, hanno insegnato in varie istituzioni, tra cui il Berlage Institute, la TU Delft, la Ghent University, la Columbia University GSAPP, la Yale School of Architecture e l&#8217;EPF di Losanna. Questa produzione accademica \u00e8 documentata sotto il nome di <em>Office Without Office<\/em>. Dal 2018 OFFICE \u00e8 una partnership guidata da Kersten Geers, David Van Severen e Jan Lenaerts, insieme agli associati Justine Rossillion, Alexander Smedts e Jacopo Lugli.<\/p>\n<p>&nbsp;<\/p>\n","protected":false},"excerpt":{"rendered":"<p>&nbsp; Dal 23 al 27 settembre torna l&#8217;appuntamento con Cersaie, il Salone Internazionale della Ceramica per l\u2019Architettura e dell\u2019Arredobagno che si svolger\u00e0 come di consueto a Bologna. Come sempre saranno diversi gli appuntamenti in programma: dai convegni \u201ccostruire, abitare, pensare\u201d, alle conversazioni del &#8220;Caf\u00e9 della stampa&#8221;, fino ai seminari tecnici e alle dimostrazioni di posa [&hellip;]<\/p>\n","protected":false},"author":6,"featured_media":107401,"comment_status":"closed","ping_status":"closed","sticky":false,"template":"","format":"standard","meta":{"_acf_changed":false,"footnotes":""},"categories":[367,417,368],"tags":[],"class_list":{"0":"post-107398","1":"post","2":"type-post","3":"status-publish","4":"format-standard","5":"has-post-thumbnail","7":"category-architettura","8":"category-architettura-home","9":"category-featured"},"acf":[],"yoast_head":"<!-- This site is optimized with the Yoast SEO plugin v27.0 - https:\/\/yoast.com\/product\/yoast-seo-wordpress\/ -->\n<title>L&#039;architetto David Van Severen di OFFICE a Cersaie il 25 settembre<\/title>\n<meta name=\"description\" content=\"Appuntamento il 25 settembre a Cersaie per scoprire di pi\u00f9 sull&#039;architetto belga David Van Severen e sullo studio OFFICE.\" \/>\n<meta name=\"robots\" content=\"index, follow, max-snippet:-1, max-image-preview:large, max-video-preview:-1\" \/>\n<link rel=\"canonical\" href=\"https:\/\/www.matrix4design.com\/it\/architettura\/larchitetto-david-van-severen-ospite-a-cersaie-il-25-settembre\/\" \/>\n<meta property=\"og:locale\" content=\"it_IT\" \/>\n<meta property=\"og:type\" content=\"article\" \/>\n<meta property=\"og:title\" content=\"L&#039;architetto David Van Severen di OFFICE a Cersaie il 25 settembre\" \/>\n<meta property=\"og:description\" content=\"Appuntamento il 25 settembre a Cersaie per scoprire di pi\u00f9 sull&#039;architetto belga David Van Severen e sullo studio OFFICE.\" \/>\n<meta property=\"og:url\" content=\"https:\/\/www.matrix4design.com\/it\/architettura\/larchitetto-david-van-severen-ospite-a-cersaie-il-25-settembre\/\" \/>\n<meta property=\"og:site_name\" content=\"Matrix4Design\" \/>\n<meta property=\"article:publisher\" content=\"https:\/\/www.facebook.com\/matrix4designmagazine\/\" \/>\n<meta property=\"article:published_time\" content=\"2024-07-25T09:00:59+00:00\" \/>\n<meta property=\"og:image\" content=\"https:\/\/www.matrix4design.com\/wp-content\/uploads\/2024\/07\/3-VRT-scaled.jpg\" \/>\n\t<meta property=\"og:image:width\" content=\"2560\" \/>\n\t<meta property=\"og:image:height\" content=\"1810\" \/>\n\t<meta property=\"og:image:type\" content=\"image\/jpeg\" \/>\n<meta name=\"author\" content=\"Redazione\" \/>\n<meta name=\"twitter:card\" content=\"summary_large_image\" \/>\n<meta name=\"twitter:label1\" content=\"Scritto da\" \/>\n\t<meta name=\"twitter:data1\" content=\"Redazione\" \/>\n\t<meta name=\"twitter:label2\" content=\"Tempo di lettura stimato\" \/>\n\t<meta name=\"twitter:data2\" content=\"3 minuti\" \/>\n<script type=\"application\/ld+json\" class=\"yoast-schema-graph\">{\"@context\":\"https:\/\/schema.org\",\"@graph\":[{\"@type\":\"Article\",\"@id\":\"https:\/\/www.matrix4design.com\/it\/architettura\/larchitetto-david-van-severen-ospite-a-cersaie-il-25-settembre\/#article\",\"isPartOf\":{\"@id\":\"https:\/\/www.matrix4design.com\/it\/architettura\/larchitetto-david-van-severen-ospite-a-cersaie-il-25-settembre\/\"},\"author\":{\"name\":\"Redazione\",\"@id\":\"https:\/\/www.matrix4design.com\/it\/#\/schema\/person\/b2b6dd48f9d6892ca224742379951fa1\"},\"headline\":\"L&#8217;architetto David Van Severen di OFFICE a Cersaie il 25 settembre\",\"datePublished\":\"2024-07-25T09:00:59+00:00\",\"mainEntityOfPage\":{\"@id\":\"https:\/\/www.matrix4design.com\/it\/architettura\/larchitetto-david-van-severen-ospite-a-cersaie-il-25-settembre\/\"},\"wordCount\":402,\"publisher\":{\"@id\":\"https:\/\/www.matrix4design.com\/it\/#organization\"},\"image\":{\"@id\":\"https:\/\/www.matrix4design.com\/it\/architettura\/larchitetto-david-van-severen-ospite-a-cersaie-il-25-settembre\/#primaryimage\"},\"thumbnailUrl\":\"https:\/\/www.matrix4design.com\/wp-content\/uploads\/2024\/07\/3-VRT-scaled.jpg\",\"articleSection\":[\"Architettura\",\"Architettura home\",\"Featured\"],\"inLanguage\":\"it-IT\"},{\"@type\":\"WebPage\",\"@id\":\"https:\/\/www.matrix4design.com\/it\/architettura\/larchitetto-david-van-severen-ospite-a-cersaie-il-25-settembre\/\",\"url\":\"https:\/\/www.matrix4design.com\/it\/architettura\/larchitetto-david-van-severen-ospite-a-cersaie-il-25-settembre\/\",\"name\":\"L'architetto David Van Severen di OFFICE a Cersaie il 25 settembre\",\"isPartOf\":{\"@id\":\"https:\/\/www.matrix4design.com\/it\/#website\"},\"primaryImageOfPage\":{\"@id\":\"https:\/\/www.matrix4design.com\/it\/architettura\/larchitetto-david-van-severen-ospite-a-cersaie-il-25-settembre\/#primaryimage\"},\"image\":{\"@id\":\"https:\/\/www.matrix4design.com\/it\/architettura\/larchitetto-david-van-severen-ospite-a-cersaie-il-25-settembre\/#primaryimage\"},\"thumbnailUrl\":\"https:\/\/www.matrix4design.com\/wp-content\/uploads\/2024\/07\/3-VRT-scaled.jpg\",\"datePublished\":\"2024-07-25T09:00:59+00:00\",\"description\":\"Appuntamento il 25 settembre a Cersaie per scoprire di pi\u00f9 sull'architetto belga David Van Severen e sullo studio OFFICE.\",\"breadcrumb\":{\"@id\":\"https:\/\/www.matrix4design.com\/it\/architettura\/larchitetto-david-van-severen-ospite-a-cersaie-il-25-settembre\/#breadcrumb\"},\"inLanguage\":\"it-IT\",\"potentialAction\":[{\"@type\":\"ReadAction\",\"target\":[\"https:\/\/www.matrix4design.com\/it\/architettura\/larchitetto-david-van-severen-ospite-a-cersaie-il-25-settembre\/\"]}]},{\"@type\":\"ImageObject\",\"inLanguage\":\"it-IT\",\"@id\":\"https:\/\/www.matrix4design.com\/it\/architettura\/larchitetto-david-van-severen-ospite-a-cersaie-il-25-settembre\/#primaryimage\",\"url\":\"https:\/\/www.matrix4design.com\/wp-content\/uploads\/2024\/07\/3-VRT-scaled.jpg\",\"contentUrl\":\"https:\/\/www.matrix4design.com\/wp-content\/uploads\/2024\/07\/3-VRT-scaled.jpg\",\"width\":2560,\"height\":1810},{\"@type\":\"BreadcrumbList\",\"@id\":\"https:\/\/www.matrix4design.com\/it\/architettura\/larchitetto-david-van-severen-ospite-a-cersaie-il-25-settembre\/#breadcrumb\",\"itemListElement\":[{\"@type\":\"ListItem\",\"position\":1,\"name\":\"Home\",\"item\":\"https:\/\/www.matrix4design.com\/it\/\"},{\"@type\":\"ListItem\",\"position\":2,\"name\":\"L&#8217;architetto David Van Severen di OFFICE a Cersaie il 25 settembre\"}]},{\"@type\":\"WebSite\",\"@id\":\"https:\/\/www.matrix4design.com\/it\/#website\",\"url\":\"https:\/\/www.matrix4design.com\/it\/\",\"name\":\"Matrix4Design\",\"description\":\"Digital architecture and design b2b magazine\",\"publisher\":{\"@id\":\"https:\/\/www.matrix4design.com\/it\/#organization\"},\"potentialAction\":[{\"@type\":\"SearchAction\",\"target\":{\"@type\":\"EntryPoint\",\"urlTemplate\":\"https:\/\/www.matrix4design.com\/it\/?s={search_term_string}\"},\"query-input\":{\"@type\":\"PropertyValueSpecification\",\"valueRequired\":true,\"valueName\":\"search_term_string\"}}],\"inLanguage\":\"it-IT\"},{\"@type\":\"Organization\",\"@id\":\"https:\/\/www.matrix4design.com\/it\/#organization\",\"name\":\"Matrix4Design\",\"url\":\"https:\/\/www.matrix4design.com\/it\/\",\"logo\":{\"@type\":\"ImageObject\",\"inLanguage\":\"it-IT\",\"@id\":\"https:\/\/www.matrix4design.com\/it\/#\/schema\/logo\/image\/\",\"url\":\"https:\/\/www.matrix4design.com\/wp-content\/uploads\/2020\/04\/logo_matrix4design.png\",\"contentUrl\":\"https:\/\/www.matrix4design.com\/wp-content\/uploads\/2020\/04\/logo_matrix4design.png\",\"width\":804,\"height\":114,\"caption\":\"Matrix4Design\"},\"image\":{\"@id\":\"https:\/\/www.matrix4design.com\/it\/#\/schema\/logo\/image\/\"},\"sameAs\":[\"https:\/\/www.facebook.com\/matrix4designmagazine\/\",\"https:\/\/www.instagram.com\/matrix4designmagazine\/\",\"https:\/\/www.youtube.com\/channel\/UCtuhSSrP3MOO_URZgv8mQ1A\"]},{\"@type\":\"Person\",\"@id\":\"https:\/\/www.matrix4design.com\/it\/#\/schema\/person\/b2b6dd48f9d6892ca224742379951fa1\",\"name\":\"Redazione\",\"image\":{\"@type\":\"ImageObject\",\"inLanguage\":\"it-IT\",\"@id\":\"https:\/\/www.matrix4design.com\/it\/#\/schema\/person\/image\/\",\"url\":\"https:\/\/www.matrix4design.com\/wp-content\/uploads\/2023\/01\/logo_M4D_2023-96x96.jpg\",\"contentUrl\":\"https:\/\/www.matrix4design.com\/wp-content\/uploads\/2023\/01\/logo_M4D_2023-96x96.jpg\",\"caption\":\"Redazione\"},\"url\":\"https:\/\/www.matrix4design.com\/it\/author\/redazione\/\"}]}<\/script>\n<!-- \/ Yoast SEO plugin. -->","yoast_head_json":{"title":"L'architetto David Van Severen di OFFICE a Cersaie il 25 settembre","description":"Appuntamento il 25 settembre a Cersaie per scoprire di pi\u00f9 sull'architetto belga David Van Severen e sullo studio OFFICE.","robots":{"index":"index","follow":"follow","max-snippet":"max-snippet:-1","max-image-preview":"max-image-preview:large","max-video-preview":"max-video-preview:-1"},"canonical":"https:\/\/www.matrix4design.com\/it\/architettura\/larchitetto-david-van-severen-ospite-a-cersaie-il-25-settembre\/","og_locale":"it_IT","og_type":"article","og_title":"L'architetto David Van Severen di OFFICE a Cersaie il 25 settembre","og_description":"Appuntamento il 25 settembre a Cersaie per scoprire di pi\u00f9 sull'architetto belga David Van Severen e sullo studio OFFICE.","og_url":"https:\/\/www.matrix4design.com\/it\/architettura\/larchitetto-david-van-severen-ospite-a-cersaie-il-25-settembre\/","og_site_name":"Matrix4Design","article_publisher":"https:\/\/www.facebook.com\/matrix4designmagazine\/","article_published_time":"2024-07-25T09:00:59+00:00","og_image":[{"width":2560,"height":1810,"url":"https:\/\/www.matrix4design.com\/wp-content\/uploads\/2024\/07\/3-VRT-scaled.jpg","type":"image\/jpeg"}],"author":"Redazione","twitter_card":"summary_large_image","twitter_misc":{"Scritto da":"Redazione","Tempo di lettura stimato":"3 minuti"},"schema":{"@context":"https:\/\/schema.org","@graph":[{"@type":"Article","@id":"https:\/\/www.matrix4design.com\/it\/architettura\/larchitetto-david-van-severen-ospite-a-cersaie-il-25-settembre\/#article","isPartOf":{"@id":"https:\/\/www.matrix4design.com\/it\/architettura\/larchitetto-david-van-severen-ospite-a-cersaie-il-25-settembre\/"},"author":{"name":"Redazione","@id":"https:\/\/www.matrix4design.com\/it\/#\/schema\/person\/b2b6dd48f9d6892ca224742379951fa1"},"headline":"L&#8217;architetto David Van Severen di OFFICE a Cersaie il 25 settembre","datePublished":"2024-07-25T09:00:59+00:00","mainEntityOfPage":{"@id":"https:\/\/www.matrix4design.com\/it\/architettura\/larchitetto-david-van-severen-ospite-a-cersaie-il-25-settembre\/"},"wordCount":402,"publisher":{"@id":"https:\/\/www.matrix4design.com\/it\/#organization"},"image":{"@id":"https:\/\/www.matrix4design.com\/it\/architettura\/larchitetto-david-van-severen-ospite-a-cersaie-il-25-settembre\/#primaryimage"},"thumbnailUrl":"https:\/\/www.matrix4design.com\/wp-content\/uploads\/2024\/07\/3-VRT-scaled.jpg","articleSection":["Architettura","Architettura home","Featured"],"inLanguage":"it-IT"},{"@type":"WebPage","@id":"https:\/\/www.matrix4design.com\/it\/architettura\/larchitetto-david-van-severen-ospite-a-cersaie-il-25-settembre\/","url":"https:\/\/www.matrix4design.com\/it\/architettura\/larchitetto-david-van-severen-ospite-a-cersaie-il-25-settembre\/","name":"L'architetto David Van Severen di OFFICE a Cersaie il 25 settembre","isPartOf":{"@id":"https:\/\/www.matrix4design.com\/it\/#website"},"primaryImageOfPage":{"@id":"https:\/\/www.matrix4design.com\/it\/architettura\/larchitetto-david-van-severen-ospite-a-cersaie-il-25-settembre\/#primaryimage"},"image":{"@id":"https:\/\/www.matrix4design.com\/it\/architettura\/larchitetto-david-van-severen-ospite-a-cersaie-il-25-settembre\/#primaryimage"},"thumbnailUrl":"https:\/\/www.matrix4design.com\/wp-content\/uploads\/2024\/07\/3-VRT-scaled.jpg","datePublished":"2024-07-25T09:00:59+00:00","description":"Appuntamento il 25 settembre a Cersaie per scoprire di pi\u00f9 sull'architetto belga David Van Severen e sullo studio OFFICE.","breadcrumb":{"@id":"https:\/\/www.matrix4design.com\/it\/architettura\/larchitetto-david-van-severen-ospite-a-cersaie-il-25-settembre\/#breadcrumb"},"inLanguage":"it-IT","potentialAction":[{"@type":"ReadAction","target":["https:\/\/www.matrix4design.com\/it\/architettura\/larchitetto-david-van-severen-ospite-a-cersaie-il-25-settembre\/"]}]},{"@type":"ImageObject","inLanguage":"it-IT","@id":"https:\/\/www.matrix4design.com\/it\/architettura\/larchitetto-david-van-severen-ospite-a-cersaie-il-25-settembre\/#primaryimage","url":"https:\/\/www.matrix4design.com\/wp-content\/uploads\/2024\/07\/3-VRT-scaled.jpg","contentUrl":"https:\/\/www.matrix4design.com\/wp-content\/uploads\/2024\/07\/3-VRT-scaled.jpg","width":2560,"height":1810},{"@type":"BreadcrumbList","@id":"https:\/\/www.matrix4design.com\/it\/architettura\/larchitetto-david-van-severen-ospite-a-cersaie-il-25-settembre\/#breadcrumb","itemListElement":[{"@type":"ListItem","position":1,"name":"Home","item":"https:\/\/www.matrix4design.com\/it\/"},{"@type":"ListItem","position":2,"name":"L&#8217;architetto David Van Severen di OFFICE a Cersaie il 25 settembre"}]},{"@type":"WebSite","@id":"https:\/\/www.matrix4design.com\/it\/#website","url":"https:\/\/www.matrix4design.com\/it\/","name":"Matrix4Design","description":"Digital architecture and design b2b magazine","publisher":{"@id":"https:\/\/www.matrix4design.com\/it\/#organization"},"potentialAction":[{"@type":"SearchAction","target":{"@type":"EntryPoint","urlTemplate":"https:\/\/www.matrix4design.com\/it\/?s={search_term_string}"},"query-input":{"@type":"PropertyValueSpecification","valueRequired":true,"valueName":"search_term_string"}}],"inLanguage":"it-IT"},{"@type":"Organization","@id":"https:\/\/www.matrix4design.com\/it\/#organization","name":"Matrix4Design","url":"https:\/\/www.matrix4design.com\/it\/","logo":{"@type":"ImageObject","inLanguage":"it-IT","@id":"https:\/\/www.matrix4design.com\/it\/#\/schema\/logo\/image\/","url":"https:\/\/www.matrix4design.com\/wp-content\/uploads\/2020\/04\/logo_matrix4design.png","contentUrl":"https:\/\/www.matrix4design.com\/wp-content\/uploads\/2020\/04\/logo_matrix4design.png","width":804,"height":114,"caption":"Matrix4Design"},"image":{"@id":"https:\/\/www.matrix4design.com\/it\/#\/schema\/logo\/image\/"},"sameAs":["https:\/\/www.facebook.com\/matrix4designmagazine\/","https:\/\/www.instagram.com\/matrix4designmagazine\/","https:\/\/www.youtube.com\/channel\/UCtuhSSrP3MOO_URZgv8mQ1A"]},{"@type":"Person","@id":"https:\/\/www.matrix4design.com\/it\/#\/schema\/person\/b2b6dd48f9d6892ca224742379951fa1","name":"Redazione","image":{"@type":"ImageObject","inLanguage":"it-IT","@id":"https:\/\/www.matrix4design.com\/it\/#\/schema\/person\/image\/","url":"https:\/\/www.matrix4design.com\/wp-content\/uploads\/2023\/01\/logo_M4D_2023-96x96.jpg","contentUrl":"https:\/\/www.matrix4design.com\/wp-content\/uploads\/2023\/01\/logo_M4D_2023-96x96.jpg","caption":"Redazione"},"url":"https:\/\/www.matrix4design.com\/it\/author\/redazione\/"}]}},"_links":{"self":[{"href":"https:\/\/www.matrix4design.com\/it\/wp-json\/wp\/v2\/posts\/107398","targetHints":{"allow":["GET"]}}],"collection":[{"href":"https:\/\/www.matrix4design.com\/it\/wp-json\/wp\/v2\/posts"}],"about":[{"href":"https:\/\/www.matrix4design.com\/it\/wp-json\/wp\/v2\/types\/post"}],"author":[{"embeddable":true,"href":"https:\/\/www.matrix4design.com\/it\/wp-json\/wp\/v2\/users\/6"}],"replies":[{"embeddable":true,"href":"https:\/\/www.matrix4design.com\/it\/wp-json\/wp\/v2\/comments?post=107398"}],"version-history":[{"count":4,"href":"https:\/\/www.matrix4design.com\/it\/wp-json\/wp\/v2\/posts\/107398\/revisions"}],"predecessor-version":[{"id":107404,"href":"https:\/\/www.matrix4design.com\/it\/wp-json\/wp\/v2\/posts\/107398\/revisions\/107404"}],"wp:featuredmedia":[{"embeddable":true,"href":"https:\/\/www.matrix4design.com\/it\/wp-json\/wp\/v2\/media\/107401"}],"wp:attachment":[{"href":"https:\/\/www.matrix4design.com\/it\/wp-json\/wp\/v2\/media?parent=107398"}],"wp:term":[{"taxonomy":"category","embeddable":true,"href":"https:\/\/www.matrix4design.com\/it\/wp-json\/wp\/v2\/categories?post=107398"},{"taxonomy":"post_tag","embeddable":true,"href":"https:\/\/www.matrix4design.com\/it\/wp-json\/wp\/v2\/tags?post=107398"}],"curies":[{"name":"wp","href":"https:\/\/api.w.org\/{rel}","templated":true}]}}