{"id":111771,"date":"2025-03-14T11:00:16","date_gmt":"2025-03-14T10:00:16","guid":{"rendered":"https:\/\/www.matrix4design.com\/?p=111771"},"modified":"2025-03-13T09:50:28","modified_gmt":"2025-03-13T08:50:28","slug":"key-round-di-vanita-casa-leleganza-della-luce-nascosta-debutta-a-ish-2025","status":"publish","type":"post","link":"https:\/\/www.matrix4design.com\/it\/design\/key-round-di-vanita-casa-leleganza-della-luce-nascosta-debutta-a-ish-2025\/","title":{"rendered":"Key Round di Vanit\u00e0 &#038; Casa: l\u2019eleganza della luce nascosta debutta a ISH 2025"},"content":{"rendered":"<p>&nbsp;<\/p>\n<p>La prossima settimana l&#8217;ambiente bagno sar\u00e0 il grande protagonista alla fiera internazionale di Francoforte con <strong>ISH 2025<\/strong>. Tra i brand che saranno presenti non mancher\u00e0 anche <a href=\"https:\/\/www.vanitacasa.it\/\" target=\"_blank\" rel=\"noopener\"><strong>Vanit\u00e0 &amp; Casa<\/strong><\/a> che alla manifestazione presenter\u00e0 in anteprima <strong>Key Round<\/strong>, uno specchio reso unico dall\u2019eleganza della luce nascosta.<\/p>\n<p><strong>Key Round,<\/strong> infatti, ridefinisce l&#8217;esperienza dell&#8217;illuminazione grazie al suo design ricercato integrato con la <strong>tecnologia Ghost Mirror <\/strong>che permette alla superficie di trasformarsi: quando la luce \u00e8 spenta, lo specchio appare come un&#8217;unica superficie omogenea, mentre quando \u00e8 accesa, rivela una sofisticata illuminazione perimetrale, garantendo una luminosit\u00e0 precisa e funzionale.<\/p>\n<p><img loading=\"lazy\" decoding=\"async\" class=\"aligncenter wp-image-111777 size-full\" src=\"https:\/\/www.matrix4design.com\/wp-content\/uploads\/2025\/03\/K_Round_Solo_Post-CMYK.jpg\" alt=\"\" width=\"1131\" height=\"1600\" srcset=\"https:\/\/www.matrix4design.com\/wp-content\/uploads\/2025\/03\/K_Round_Solo_Post-CMYK.jpg 1131w, https:\/\/www.matrix4design.com\/wp-content\/uploads\/2025\/03\/K_Round_Solo_Post-CMYK-212x300.jpg 212w, https:\/\/www.matrix4design.com\/wp-content\/uploads\/2025\/03\/K_Round_Solo_Post-CMYK-724x1024.jpg 724w, https:\/\/www.matrix4design.com\/wp-content\/uploads\/2025\/03\/K_Round_Solo_Post-CMYK-768x1086.jpg 768w, https:\/\/www.matrix4design.com\/wp-content\/uploads\/2025\/03\/K_Round_Solo_Post-CMYK-1086x1536.jpg 1086w, https:\/\/www.matrix4design.com\/wp-content\/uploads\/2025\/03\/K_Round_Solo_Post-CMYK-150x212.jpg 150w, https:\/\/www.matrix4design.com\/wp-content\/uploads\/2025\/03\/K_Round_Solo_Post-CMYK-300x424.jpg 300w, https:\/\/www.matrix4design.com\/wp-content\/uploads\/2025\/03\/K_Round_Solo_Post-CMYK-696x985.jpg 696w, https:\/\/www.matrix4design.com\/wp-content\/uploads\/2025\/03\/K_Round_Solo_Post-CMYK-1068x1511.jpg 1068w\" sizes=\"auto, (max-width: 1131px) 100vw, 1131px\" \/><\/p>\n<p>Progettato dall\u2019architetto e designer <strong>Massimo Farinatti<\/strong>, art director dell\u2019azienda, lo specchio nasce da <strong>un&#8217;operazione geometrica raffinata<\/strong>: la forma \u00e8 il risultato del taglio di uno dei settori intersecati dalle diagonali del quadrato che contiene la circonferenza. Questo dettaglio progettuale non \u00e8 solo estetico ma anche funzionale: consente infatti di avere un bordo rettilineo dove fissare una mensola inferiore, rendendo la versione singola perfetta per un utilizzo quotidiano elegante e pratico.<\/p>\n<p>Inoltre, grazie alla <strong>tecnologia MLS<\/strong> (Modular Light System), <strong>l&#8217;illuminazione \u00e8 completamente personalizzabile<\/strong> e smart con i <strong>tre settori luminosi gestibili separatamente<\/strong>: \u00e8 quindi possibile <strong>attivare solo quelli laterali<\/strong> per una luce pi\u00f9 morbida e avvolgente, oppure <strong>accendere tutti e tre i segmenti per ottenere una luminosit\u00e0 amplificata<\/strong>, capace di garantire un&#8217;illuminazione impeccabile per operazioni di precisione come il trucco o la rasatura.<\/p>\n<p><img loading=\"lazy\" decoding=\"async\" class=\"aligncenter wp-image-111778 size-full\" src=\"https:\/\/www.matrix4design.com\/wp-content\/uploads\/2025\/03\/KRound_Solo_2.jpg\" alt=\"\" width=\"1131\" height=\"1600\" srcset=\"https:\/\/www.matrix4design.com\/wp-content\/uploads\/2025\/03\/KRound_Solo_2.jpg 1131w, https:\/\/www.matrix4design.com\/wp-content\/uploads\/2025\/03\/KRound_Solo_2-212x300.jpg 212w, https:\/\/www.matrix4design.com\/wp-content\/uploads\/2025\/03\/KRound_Solo_2-724x1024.jpg 724w, https:\/\/www.matrix4design.com\/wp-content\/uploads\/2025\/03\/KRound_Solo_2-768x1086.jpg 768w, https:\/\/www.matrix4design.com\/wp-content\/uploads\/2025\/03\/KRound_Solo_2-1086x1536.jpg 1086w, https:\/\/www.matrix4design.com\/wp-content\/uploads\/2025\/03\/KRound_Solo_2-150x212.jpg 150w, https:\/\/www.matrix4design.com\/wp-content\/uploads\/2025\/03\/KRound_Solo_2-300x424.jpg 300w, https:\/\/www.matrix4design.com\/wp-content\/uploads\/2025\/03\/KRound_Solo_2-696x985.jpg 696w, https:\/\/www.matrix4design.com\/wp-content\/uploads\/2025\/03\/KRound_Solo_2-1068x1511.jpg 1068w\" sizes=\"auto, (max-width: 1131px) 100vw, 1131px\" \/><\/p>\n<p>Key Round inoltre \u00e8 altamente <strong>versatile<\/strong> dato che la sua <strong>configurazione \u00e8 possibile sia in versione singola che doppia<\/strong>. In quest&#8217;ultima versione, ideale per gli ambienti condivisi,\u00a0<strong>tre mensoline sospese creano un trait d&#8217;union visivo e funzionale<\/strong> tra gli specchi, offrendo <strong>continuit\u00e0 stilistica e praticit\u00e0 d\u2019uso<\/strong>. Anche in questo caso, la modularit\u00e0 dell\u2019illuminazione consente di gestire la luce in modo separato, adattandola alle proprie esigenze ed enfatizzando l\u2019interazione tra tecnologia e benessere.<\/p>\n","protected":false},"excerpt":{"rendered":"<p>&nbsp; La prossima settimana l&#8217;ambiente bagno sar\u00e0 il grande protagonista alla fiera internazionale di Francoforte con ISH 2025. Tra i brand che saranno presenti non mancher\u00e0 anche Vanit\u00e0 &amp; Casa che alla manifestazione presenter\u00e0 in anteprima Key Round, uno specchio reso unico dall\u2019eleganza della luce nascosta. Key Round, infatti, ridefinisce l&#8217;esperienza dell&#8217;illuminazione grazie al suo [&hellip;]<\/p>\n","protected":false},"author":6,"featured_media":111772,"comment_status":"closed","ping_status":"closed","sticky":false,"template":"","format":"standard","meta":{"_acf_changed":false,"footnotes":""},"categories":[366,418,368],"tags":[],"class_list":{"0":"post-111771","1":"post","2":"type-post","3":"status-publish","4":"format-standard","5":"has-post-thumbnail","7":"category-design","8":"category-design-home","9":"category-featured"},"acf":[],"yoast_head":"<!-- This site is optimized with the Yoast SEO plugin v27.0 - https:\/\/yoast.com\/product\/yoast-seo-wordpress\/ -->\n<title>Key Round di Vanit\u00e0 &amp; Casa: l\u2019eleganza della luce a ISH 2025<\/title>\n<meta name=\"description\" content=\"La prossima settimana l&#039;ambiente bagno sar\u00e0 il grande protagonista alla fiera internazionale di Francoforte con ISH 2025. Tra i brand che saranno presenti non mancher\u00e0 anche Vanit\u00e0 &amp; Casa che alla manifestazione presenter\u00e0 in anteprima Key Round, uno specchio reso unico dall\u2019eleganza della luce nascosta.\" \/>\n<meta name=\"robots\" content=\"index, follow, max-snippet:-1, max-image-preview:large, max-video-preview:-1\" \/>\n<link rel=\"canonical\" href=\"https:\/\/www.matrix4design.com\/it\/design\/key-round-di-vanita-casa-leleganza-della-luce-nascosta-debutta-a-ish-2025\/\" \/>\n<meta property=\"og:locale\" content=\"it_IT\" \/>\n<meta property=\"og:type\" content=\"article\" \/>\n<meta property=\"og:title\" content=\"Key Round di Vanit\u00e0 &amp; Casa: l\u2019eleganza della luce a ISH 2025\" \/>\n<meta property=\"og:description\" content=\"La prossima settimana l&#039;ambiente bagno sar\u00e0 il grande protagonista alla fiera internazionale di Francoforte con ISH 2025. Tra i brand che saranno presenti non mancher\u00e0 anche Vanit\u00e0 &amp; Casa che alla manifestazione presenter\u00e0 in anteprima Key Round, uno specchio reso unico dall\u2019eleganza della luce nascosta.\" \/>\n<meta property=\"og:url\" content=\"https:\/\/www.matrix4design.com\/it\/design\/key-round-di-vanita-casa-leleganza-della-luce-nascosta-debutta-a-ish-2025\/\" \/>\n<meta property=\"og:site_name\" content=\"Matrix4Design\" \/>\n<meta property=\"article:publisher\" content=\"https:\/\/www.facebook.com\/matrix4designmagazine\/\" \/>\n<meta property=\"article:published_time\" content=\"2025-03-14T10:00:16+00:00\" \/>\n<meta property=\"og:image\" content=\"https:\/\/www.matrix4design.com\/wp-content\/uploads\/2025\/03\/K_Round_Duo-copia-2.jpg\" \/>\n\t<meta property=\"og:image:width\" content=\"1600\" \/>\n\t<meta property=\"og:image:height\" content=\"1120\" \/>\n\t<meta property=\"og:image:type\" content=\"image\/jpeg\" \/>\n<meta name=\"author\" content=\"Redazione\" \/>\n<meta name=\"twitter:card\" content=\"summary_large_image\" \/>\n<meta name=\"twitter:label1\" content=\"Scritto da\" \/>\n\t<meta name=\"twitter:data1\" content=\"Redazione\" \/>\n\t<meta name=\"twitter:label2\" content=\"Tempo di lettura stimato\" \/>\n\t<meta name=\"twitter:data2\" content=\"3 minuti\" \/>\n<script type=\"application\/ld+json\" class=\"yoast-schema-graph\">{\"@context\":\"https:\/\/schema.org\",\"@graph\":[{\"@type\":\"Article\",\"@id\":\"https:\/\/www.matrix4design.com\/it\/design\/key-round-di-vanita-casa-leleganza-della-luce-nascosta-debutta-a-ish-2025\/#article\",\"isPartOf\":{\"@id\":\"https:\/\/www.matrix4design.com\/it\/design\/key-round-di-vanita-casa-leleganza-della-luce-nascosta-debutta-a-ish-2025\/\"},\"author\":{\"name\":\"Redazione\",\"@id\":\"https:\/\/www.matrix4design.com\/it\/#\/schema\/person\/b2b6dd48f9d6892ca224742379951fa1\"},\"headline\":\"Key Round di Vanit\u00e0 &#038; Casa: l\u2019eleganza della luce nascosta debutta a ISH 2025\",\"datePublished\":\"2025-03-14T10:00:16+00:00\",\"mainEntityOfPage\":{\"@id\":\"https:\/\/www.matrix4design.com\/it\/design\/key-round-di-vanita-casa-leleganza-della-luce-nascosta-debutta-a-ish-2025\/\"},\"wordCount\":319,\"publisher\":{\"@id\":\"https:\/\/www.matrix4design.com\/it\/#organization\"},\"image\":{\"@id\":\"https:\/\/www.matrix4design.com\/it\/design\/key-round-di-vanita-casa-leleganza-della-luce-nascosta-debutta-a-ish-2025\/#primaryimage\"},\"thumbnailUrl\":\"https:\/\/www.matrix4design.com\/wp-content\/uploads\/2025\/03\/K_Round_Duo-copia-2.jpg\",\"articleSection\":[\"Design\",\"Design home\",\"Featured\"],\"inLanguage\":\"it-IT\"},{\"@type\":\"WebPage\",\"@id\":\"https:\/\/www.matrix4design.com\/it\/design\/key-round-di-vanita-casa-leleganza-della-luce-nascosta-debutta-a-ish-2025\/\",\"url\":\"https:\/\/www.matrix4design.com\/it\/design\/key-round-di-vanita-casa-leleganza-della-luce-nascosta-debutta-a-ish-2025\/\",\"name\":\"Key Round di Vanit\u00e0 & Casa: l\u2019eleganza della luce a ISH 2025\",\"isPartOf\":{\"@id\":\"https:\/\/www.matrix4design.com\/it\/#website\"},\"primaryImageOfPage\":{\"@id\":\"https:\/\/www.matrix4design.com\/it\/design\/key-round-di-vanita-casa-leleganza-della-luce-nascosta-debutta-a-ish-2025\/#primaryimage\"},\"image\":{\"@id\":\"https:\/\/www.matrix4design.com\/it\/design\/key-round-di-vanita-casa-leleganza-della-luce-nascosta-debutta-a-ish-2025\/#primaryimage\"},\"thumbnailUrl\":\"https:\/\/www.matrix4design.com\/wp-content\/uploads\/2025\/03\/K_Round_Duo-copia-2.jpg\",\"datePublished\":\"2025-03-14T10:00:16+00:00\",\"description\":\"La prossima settimana l'ambiente bagno sar\u00e0 il grande protagonista alla fiera internazionale di Francoforte con ISH 2025. Tra i brand che saranno presenti non mancher\u00e0 anche Vanit\u00e0 & Casa che alla manifestazione presenter\u00e0 in anteprima Key Round, uno specchio reso unico dall\u2019eleganza della luce nascosta.\",\"breadcrumb\":{\"@id\":\"https:\/\/www.matrix4design.com\/it\/design\/key-round-di-vanita-casa-leleganza-della-luce-nascosta-debutta-a-ish-2025\/#breadcrumb\"},\"inLanguage\":\"it-IT\",\"potentialAction\":[{\"@type\":\"ReadAction\",\"target\":[\"https:\/\/www.matrix4design.com\/it\/design\/key-round-di-vanita-casa-leleganza-della-luce-nascosta-debutta-a-ish-2025\/\"]}]},{\"@type\":\"ImageObject\",\"inLanguage\":\"it-IT\",\"@id\":\"https:\/\/www.matrix4design.com\/it\/design\/key-round-di-vanita-casa-leleganza-della-luce-nascosta-debutta-a-ish-2025\/#primaryimage\",\"url\":\"https:\/\/www.matrix4design.com\/wp-content\/uploads\/2025\/03\/K_Round_Duo-copia-2.jpg\",\"contentUrl\":\"https:\/\/www.matrix4design.com\/wp-content\/uploads\/2025\/03\/K_Round_Duo-copia-2.jpg\",\"width\":1600,\"height\":1120,\"caption\":\"key round\"},{\"@type\":\"BreadcrumbList\",\"@id\":\"https:\/\/www.matrix4design.com\/it\/design\/key-round-di-vanita-casa-leleganza-della-luce-nascosta-debutta-a-ish-2025\/#breadcrumb\",\"itemListElement\":[{\"@type\":\"ListItem\",\"position\":1,\"name\":\"Home\",\"item\":\"https:\/\/www.matrix4design.com\/it\/\"},{\"@type\":\"ListItem\",\"position\":2,\"name\":\"Key Round di Vanit\u00e0 &#038; Casa: l\u2019eleganza della luce nascosta debutta a ISH 2025\"}]},{\"@type\":\"WebSite\",\"@id\":\"https:\/\/www.matrix4design.com\/it\/#website\",\"url\":\"https:\/\/www.matrix4design.com\/it\/\",\"name\":\"Matrix4Design\",\"description\":\"Digital architecture and design b2b magazine\",\"publisher\":{\"@id\":\"https:\/\/www.matrix4design.com\/it\/#organization\"},\"potentialAction\":[{\"@type\":\"SearchAction\",\"target\":{\"@type\":\"EntryPoint\",\"urlTemplate\":\"https:\/\/www.matrix4design.com\/it\/?s={search_term_string}\"},\"query-input\":{\"@type\":\"PropertyValueSpecification\",\"valueRequired\":true,\"valueName\":\"search_term_string\"}}],\"inLanguage\":\"it-IT\"},{\"@type\":\"Organization\",\"@id\":\"https:\/\/www.matrix4design.com\/it\/#organization\",\"name\":\"Matrix4Design\",\"url\":\"https:\/\/www.matrix4design.com\/it\/\",\"logo\":{\"@type\":\"ImageObject\",\"inLanguage\":\"it-IT\",\"@id\":\"https:\/\/www.matrix4design.com\/it\/#\/schema\/logo\/image\/\",\"url\":\"https:\/\/www.matrix4design.com\/wp-content\/uploads\/2020\/04\/logo_matrix4design.png\",\"contentUrl\":\"https:\/\/www.matrix4design.com\/wp-content\/uploads\/2020\/04\/logo_matrix4design.png\",\"width\":804,\"height\":114,\"caption\":\"Matrix4Design\"},\"image\":{\"@id\":\"https:\/\/www.matrix4design.com\/it\/#\/schema\/logo\/image\/\"},\"sameAs\":[\"https:\/\/www.facebook.com\/matrix4designmagazine\/\",\"https:\/\/www.instagram.com\/matrix4designmagazine\/\",\"https:\/\/www.youtube.com\/channel\/UCtuhSSrP3MOO_URZgv8mQ1A\"]},{\"@type\":\"Person\",\"@id\":\"https:\/\/www.matrix4design.com\/it\/#\/schema\/person\/b2b6dd48f9d6892ca224742379951fa1\",\"name\":\"Redazione\",\"image\":{\"@type\":\"ImageObject\",\"inLanguage\":\"it-IT\",\"@id\":\"https:\/\/www.matrix4design.com\/it\/#\/schema\/person\/image\/\",\"url\":\"https:\/\/www.matrix4design.com\/wp-content\/uploads\/2023\/01\/logo_M4D_2023-96x96.jpg\",\"contentUrl\":\"https:\/\/www.matrix4design.com\/wp-content\/uploads\/2023\/01\/logo_M4D_2023-96x96.jpg\",\"caption\":\"Redazione\"},\"url\":\"https:\/\/www.matrix4design.com\/it\/author\/redazione\/\"}]}<\/script>\n<!-- \/ Yoast SEO plugin. -->","yoast_head_json":{"title":"Key Round di Vanit\u00e0 & Casa: l\u2019eleganza della luce a ISH 2025","description":"La prossima settimana l'ambiente bagno sar\u00e0 il grande protagonista alla fiera internazionale di Francoforte con ISH 2025. Tra i brand che saranno presenti non mancher\u00e0 anche Vanit\u00e0 & Casa che alla manifestazione presenter\u00e0 in anteprima Key Round, uno specchio reso unico dall\u2019eleganza della luce nascosta.","robots":{"index":"index","follow":"follow","max-snippet":"max-snippet:-1","max-image-preview":"max-image-preview:large","max-video-preview":"max-video-preview:-1"},"canonical":"https:\/\/www.matrix4design.com\/it\/design\/key-round-di-vanita-casa-leleganza-della-luce-nascosta-debutta-a-ish-2025\/","og_locale":"it_IT","og_type":"article","og_title":"Key Round di Vanit\u00e0 & Casa: l\u2019eleganza della luce a ISH 2025","og_description":"La prossima settimana l'ambiente bagno sar\u00e0 il grande protagonista alla fiera internazionale di Francoforte con ISH 2025. Tra i brand che saranno presenti non mancher\u00e0 anche Vanit\u00e0 & Casa che alla manifestazione presenter\u00e0 in anteprima Key Round, uno specchio reso unico dall\u2019eleganza della luce nascosta.","og_url":"https:\/\/www.matrix4design.com\/it\/design\/key-round-di-vanita-casa-leleganza-della-luce-nascosta-debutta-a-ish-2025\/","og_site_name":"Matrix4Design","article_publisher":"https:\/\/www.facebook.com\/matrix4designmagazine\/","article_published_time":"2025-03-14T10:00:16+00:00","og_image":[{"width":1600,"height":1120,"url":"https:\/\/www.matrix4design.com\/wp-content\/uploads\/2025\/03\/K_Round_Duo-copia-2.jpg","type":"image\/jpeg"}],"author":"Redazione","twitter_card":"summary_large_image","twitter_misc":{"Scritto da":"Redazione","Tempo di lettura stimato":"3 minuti"},"schema":{"@context":"https:\/\/schema.org","@graph":[{"@type":"Article","@id":"https:\/\/www.matrix4design.com\/it\/design\/key-round-di-vanita-casa-leleganza-della-luce-nascosta-debutta-a-ish-2025\/#article","isPartOf":{"@id":"https:\/\/www.matrix4design.com\/it\/design\/key-round-di-vanita-casa-leleganza-della-luce-nascosta-debutta-a-ish-2025\/"},"author":{"name":"Redazione","@id":"https:\/\/www.matrix4design.com\/it\/#\/schema\/person\/b2b6dd48f9d6892ca224742379951fa1"},"headline":"Key Round di Vanit\u00e0 &#038; Casa: l\u2019eleganza della luce nascosta debutta a ISH 2025","datePublished":"2025-03-14T10:00:16+00:00","mainEntityOfPage":{"@id":"https:\/\/www.matrix4design.com\/it\/design\/key-round-di-vanita-casa-leleganza-della-luce-nascosta-debutta-a-ish-2025\/"},"wordCount":319,"publisher":{"@id":"https:\/\/www.matrix4design.com\/it\/#organization"},"image":{"@id":"https:\/\/www.matrix4design.com\/it\/design\/key-round-di-vanita-casa-leleganza-della-luce-nascosta-debutta-a-ish-2025\/#primaryimage"},"thumbnailUrl":"https:\/\/www.matrix4design.com\/wp-content\/uploads\/2025\/03\/K_Round_Duo-copia-2.jpg","articleSection":["Design","Design home","Featured"],"inLanguage":"it-IT"},{"@type":"WebPage","@id":"https:\/\/www.matrix4design.com\/it\/design\/key-round-di-vanita-casa-leleganza-della-luce-nascosta-debutta-a-ish-2025\/","url":"https:\/\/www.matrix4design.com\/it\/design\/key-round-di-vanita-casa-leleganza-della-luce-nascosta-debutta-a-ish-2025\/","name":"Key Round di Vanit\u00e0 & Casa: l\u2019eleganza della luce a ISH 2025","isPartOf":{"@id":"https:\/\/www.matrix4design.com\/it\/#website"},"primaryImageOfPage":{"@id":"https:\/\/www.matrix4design.com\/it\/design\/key-round-di-vanita-casa-leleganza-della-luce-nascosta-debutta-a-ish-2025\/#primaryimage"},"image":{"@id":"https:\/\/www.matrix4design.com\/it\/design\/key-round-di-vanita-casa-leleganza-della-luce-nascosta-debutta-a-ish-2025\/#primaryimage"},"thumbnailUrl":"https:\/\/www.matrix4design.com\/wp-content\/uploads\/2025\/03\/K_Round_Duo-copia-2.jpg","datePublished":"2025-03-14T10:00:16+00:00","description":"La prossima settimana l'ambiente bagno sar\u00e0 il grande protagonista alla fiera internazionale di Francoforte con ISH 2025. Tra i brand che saranno presenti non mancher\u00e0 anche Vanit\u00e0 & Casa che alla manifestazione presenter\u00e0 in anteprima Key Round, uno specchio reso unico dall\u2019eleganza della luce nascosta.","breadcrumb":{"@id":"https:\/\/www.matrix4design.com\/it\/design\/key-round-di-vanita-casa-leleganza-della-luce-nascosta-debutta-a-ish-2025\/#breadcrumb"},"inLanguage":"it-IT","potentialAction":[{"@type":"ReadAction","target":["https:\/\/www.matrix4design.com\/it\/design\/key-round-di-vanita-casa-leleganza-della-luce-nascosta-debutta-a-ish-2025\/"]}]},{"@type":"ImageObject","inLanguage":"it-IT","@id":"https:\/\/www.matrix4design.com\/it\/design\/key-round-di-vanita-casa-leleganza-della-luce-nascosta-debutta-a-ish-2025\/#primaryimage","url":"https:\/\/www.matrix4design.com\/wp-content\/uploads\/2025\/03\/K_Round_Duo-copia-2.jpg","contentUrl":"https:\/\/www.matrix4design.com\/wp-content\/uploads\/2025\/03\/K_Round_Duo-copia-2.jpg","width":1600,"height":1120,"caption":"key round"},{"@type":"BreadcrumbList","@id":"https:\/\/www.matrix4design.com\/it\/design\/key-round-di-vanita-casa-leleganza-della-luce-nascosta-debutta-a-ish-2025\/#breadcrumb","itemListElement":[{"@type":"ListItem","position":1,"name":"Home","item":"https:\/\/www.matrix4design.com\/it\/"},{"@type":"ListItem","position":2,"name":"Key Round di Vanit\u00e0 &#038; Casa: l\u2019eleganza della luce nascosta debutta a ISH 2025"}]},{"@type":"WebSite","@id":"https:\/\/www.matrix4design.com\/it\/#website","url":"https:\/\/www.matrix4design.com\/it\/","name":"Matrix4Design","description":"Digital architecture and design b2b magazine","publisher":{"@id":"https:\/\/www.matrix4design.com\/it\/#organization"},"potentialAction":[{"@type":"SearchAction","target":{"@type":"EntryPoint","urlTemplate":"https:\/\/www.matrix4design.com\/it\/?s={search_term_string}"},"query-input":{"@type":"PropertyValueSpecification","valueRequired":true,"valueName":"search_term_string"}}],"inLanguage":"it-IT"},{"@type":"Organization","@id":"https:\/\/www.matrix4design.com\/it\/#organization","name":"Matrix4Design","url":"https:\/\/www.matrix4design.com\/it\/","logo":{"@type":"ImageObject","inLanguage":"it-IT","@id":"https:\/\/www.matrix4design.com\/it\/#\/schema\/logo\/image\/","url":"https:\/\/www.matrix4design.com\/wp-content\/uploads\/2020\/04\/logo_matrix4design.png","contentUrl":"https:\/\/www.matrix4design.com\/wp-content\/uploads\/2020\/04\/logo_matrix4design.png","width":804,"height":114,"caption":"Matrix4Design"},"image":{"@id":"https:\/\/www.matrix4design.com\/it\/#\/schema\/logo\/image\/"},"sameAs":["https:\/\/www.facebook.com\/matrix4designmagazine\/","https:\/\/www.instagram.com\/matrix4designmagazine\/","https:\/\/www.youtube.com\/channel\/UCtuhSSrP3MOO_URZgv8mQ1A"]},{"@type":"Person","@id":"https:\/\/www.matrix4design.com\/it\/#\/schema\/person\/b2b6dd48f9d6892ca224742379951fa1","name":"Redazione","image":{"@type":"ImageObject","inLanguage":"it-IT","@id":"https:\/\/www.matrix4design.com\/it\/#\/schema\/person\/image\/","url":"https:\/\/www.matrix4design.com\/wp-content\/uploads\/2023\/01\/logo_M4D_2023-96x96.jpg","contentUrl":"https:\/\/www.matrix4design.com\/wp-content\/uploads\/2023\/01\/logo_M4D_2023-96x96.jpg","caption":"Redazione"},"url":"https:\/\/www.matrix4design.com\/it\/author\/redazione\/"}]}},"_links":{"self":[{"href":"https:\/\/www.matrix4design.com\/it\/wp-json\/wp\/v2\/posts\/111771","targetHints":{"allow":["GET"]}}],"collection":[{"href":"https:\/\/www.matrix4design.com\/it\/wp-json\/wp\/v2\/posts"}],"about":[{"href":"https:\/\/www.matrix4design.com\/it\/wp-json\/wp\/v2\/types\/post"}],"author":[{"embeddable":true,"href":"https:\/\/www.matrix4design.com\/it\/wp-json\/wp\/v2\/users\/6"}],"replies":[{"embeddable":true,"href":"https:\/\/www.matrix4design.com\/it\/wp-json\/wp\/v2\/comments?post=111771"}],"version-history":[{"count":4,"href":"https:\/\/www.matrix4design.com\/it\/wp-json\/wp\/v2\/posts\/111771\/revisions"}],"predecessor-version":[{"id":111856,"href":"https:\/\/www.matrix4design.com\/it\/wp-json\/wp\/v2\/posts\/111771\/revisions\/111856"}],"wp:featuredmedia":[{"embeddable":true,"href":"https:\/\/www.matrix4design.com\/it\/wp-json\/wp\/v2\/media\/111772"}],"wp:attachment":[{"href":"https:\/\/www.matrix4design.com\/it\/wp-json\/wp\/v2\/media?parent=111771"}],"wp:term":[{"taxonomy":"category","embeddable":true,"href":"https:\/\/www.matrix4design.com\/it\/wp-json\/wp\/v2\/categories?post=111771"},{"taxonomy":"post_tag","embeddable":true,"href":"https:\/\/www.matrix4design.com\/it\/wp-json\/wp\/v2\/tags?post=111771"}],"curies":[{"name":"wp","href":"https:\/\/api.w.org\/{rel}","templated":true}]}}