{"id":112276,"date":"2025-04-07T11:00:27","date_gmt":"2025-04-07T09:00:27","guid":{"rendered":"https:\/\/www.matrix4design.com\/?p=112276"},"modified":"2025-03-31T17:13:35","modified_gmt":"2025-03-31T15:13:35","slug":"vanita-living-torna-al-salone-del-mobile-di-milano-con-nuovi-specchi-raccontati-in-anteprima-da-alexander-caruso-founder-e-ceo-dellazienda","status":"publish","type":"post","link":"https:\/\/www.matrix4design.com\/it\/design\/vanita-living-torna-al-salone-del-mobile-di-milano-con-nuovi-specchi-raccontati-in-anteprima-da-alexander-caruso-founder-e-ceo-dellazienda\/","title":{"rendered":"Salone del Mobile.Milano, il CEO Alexander Caruso racconta i nuovi specchi di Vanit\u00e0 Living"},"content":{"rendered":"<p>&nbsp;<\/p>\n<p>Lo specchio non \u00e8 pi\u00f9 solo un complemento funzionale, ma un vero e proprio elemento d\u2019arredo capace di trasformare gli spazi attraverso giochi di luce, volumi e riflessi. <a href=\"https:\/\/www.vanitaliving.it\/\" target=\"_blank\" rel=\"noopener\"><strong>Vanit\u00e0 Living<\/strong><\/a>, brand di riferimento nel settore, porta avanti questa visione con una nuova collezione di specchi di design, frutto di collaborazioni d\u2019eccellenza con studi creativi come <strong>Studio Adolini<\/strong> e <strong>Lino Codato Design&amp;Communication<\/strong>\u00a0che saranno presentate ufficialmente al <strong><a href=\"https:\/\/www.matrix4design.com\/it\/design-home\/salone-del-mobile-milano-2025-un-futuro-di-design-tra-innovazione-e-umanesimo\/\" target=\"_blank\" rel=\"noopener\">Salone del Mobile 2025<\/a><\/strong>.<\/p>\n<p>Abbiamo intervistato <strong>Alexander Caruso, <\/strong>Founder e CEO di Vanit\u00e0 Living, che ci ha raccontato in anteprima quello che si potr\u00e0 ammirare da domani presso lo stand a Fiera Milano.<\/p>\n<figure id=\"attachment_112277\" aria-describedby=\"caption-attachment-112277\" style=\"width: 1139px\" class=\"wp-caption aligncenter\"><img loading=\"lazy\" decoding=\"async\" class=\"wp-image-112277 size-full\" src=\"https:\/\/www.matrix4design.com\/wp-content\/uploads\/2025\/03\/Flirt.jpg\" alt=\"\" width=\"1139\" height=\"1265\" srcset=\"https:\/\/www.matrix4design.com\/wp-content\/uploads\/2025\/03\/Flirt.jpg 1139w, https:\/\/www.matrix4design.com\/wp-content\/uploads\/2025\/03\/Flirt-270x300.jpg 270w, https:\/\/www.matrix4design.com\/wp-content\/uploads\/2025\/03\/Flirt-922x1024.jpg 922w, https:\/\/www.matrix4design.com\/wp-content\/uploads\/2025\/03\/Flirt-768x853.jpg 768w, https:\/\/www.matrix4design.com\/wp-content\/uploads\/2025\/03\/Flirt-150x167.jpg 150w, https:\/\/www.matrix4design.com\/wp-content\/uploads\/2025\/03\/Flirt-300x333.jpg 300w, https:\/\/www.matrix4design.com\/wp-content\/uploads\/2025\/03\/Flirt-696x773.jpg 696w, https:\/\/www.matrix4design.com\/wp-content\/uploads\/2025\/03\/Flirt-1068x1186.jpg 1068w\" sizes=\"auto, (max-width: 1139px) 100vw, 1139px\" \/><figcaption id=\"caption-attachment-112277\" class=\"wp-caption-text\">Flirt<\/figcaption><\/figure>\n<p><strong>Anche quest&#8217;anno Vanit\u00e0 Living torna al Salone del Mobile di Milano. Quali sono le novit\u00e0 che presenterete?<\/strong><\/p>\n<p>Questa edizione del Salone rappresenta per il nostro brand Vanit\u00e0 Living un vero e proprio trampolino di lancio. Lo abbiamo presentato ufficialmente due anni fa, nel 2023, ma quest\u2019anno la collezione si \u00e8 notevolmente ampliata anche grazie alle collaborazioni che abbiamo avviato con alcuni designer, come lo Studio Adolini e lo studio Lino Codato Design&amp;Communication con Gianmarco Codato e Luciano Trevisiol.<\/p>\n<p>Proprio con questi ultimi, abbiamo progettato un portfolio di 9 specchi che, oltre a soddisfare la funzione specchiante classica, si trasformano in eleganti complementi di arredo, grazie agli elementi luminescenti integrati, dimmerabili per intensit\u00e0 e calore secondo le proprie esigenze. Questo \u00e8 un plus importante che restituisce all\u2019ambiente in cui verranno inseriti un elemento di dialogo costante, nuove prospettive e tridimensionalit\u00e0 che superano la funzione &#8220;classica&#8221; dell\u2019elemento specchio.<\/p>\n<p>Flirt ed Ercole, per esempio, sono due delle novit\u00e0 presenti nel portfolio di Codato e Trevisiol. Flirt \u00e8 lo specchio che reinventa il concetto di illuminazione: si distingue per la sua forma inedita, che gioca con luci e ombre come fossero elementi architettonici e che fonde diverse sagome in un unico oggetto di design. Lo specchio sfrutta la tecnologia Ghost Mirror che abbiamo brevettato e che offre la possibilit\u00e0 di avere, a luce spenta, una superficie pulita e completamente riflettente per rivelare tutto il suo potenziale luminoso soltanto al momento dell\u2019accensione. L\u2019effetto \u00e8 ulteriormente amplificato dalla sovrapposizione di pi\u00f9 strati specchianti, che creano un affascinante gioco di profondit\u00e0 e continuit\u00e0 formale.<\/p>\n<p>Ercole incarna un nuovo linguaggio, tra dinamismo e versatilit\u00e0. Il risultato \u00e8 uno specchio che interpreta l\u2019ambiente, modificandone la percezione attraverso un gioco sofisticato di volumi, luci e ombre. La superficie specchiante si inserisce con naturalezza in qualsiasi contesto, arricchendo lo spazio con una presenza fluida e dinamica.<\/p>\n<p><strong>Come anticipato, Ercole e Flirt sono due delle novit\u00e0 di 2025, frutto dell&#8217;incontro con Gianmarco Codato e Luciano Trevisiol. Com&#8217;\u00e8 nata questa collaborazione e cosa vi ha spinti a sceglierli per questo progetto?<\/strong><\/p>\n<p>Con il nostro brand Vanit\u00e0 &amp; Casa avevamo gi\u00e0 collaborato con loro in passato. L\u2019idea dell\u2019attuale collezione per Vanit\u00e0 Living, che presentiamo in anteprima assoluta al Salone del Mobile di Milano, \u00e8 venuta a Gianmarco l\u2019anno scorso in seguito a una visita presso il nostro stand. Dopo un breve confronto iniziale, positivo e inspiratore, abbiamo ricevuto i primi disegni con le proposte che ci hanno subito convinto a dare seguito al progetto.<\/p>\n<figure id=\"attachment_112278\" aria-describedby=\"caption-attachment-112278\" style=\"width: 1772px\" class=\"wp-caption aligncenter\"><img loading=\"lazy\" decoding=\"async\" class=\"wp-image-112278 size-full\" src=\"https:\/\/www.matrix4design.com\/wp-content\/uploads\/2025\/03\/Flirt-di-Vanita-Living.jpg\" alt=\"\" width=\"1772\" height=\"1265\" srcset=\"https:\/\/www.matrix4design.com\/wp-content\/uploads\/2025\/03\/Flirt-di-Vanita-Living.jpg 1772w, https:\/\/www.matrix4design.com\/wp-content\/uploads\/2025\/03\/Flirt-di-Vanita-Living-300x214.jpg 300w, https:\/\/www.matrix4design.com\/wp-content\/uploads\/2025\/03\/Flirt-di-Vanita-Living-1024x731.jpg 1024w, https:\/\/www.matrix4design.com\/wp-content\/uploads\/2025\/03\/Flirt-di-Vanita-Living-768x548.jpg 768w, https:\/\/www.matrix4design.com\/wp-content\/uploads\/2025\/03\/Flirt-di-Vanita-Living-1536x1097.jpg 1536w, https:\/\/www.matrix4design.com\/wp-content\/uploads\/2025\/03\/Flirt-di-Vanita-Living-150x107.jpg 150w, https:\/\/www.matrix4design.com\/wp-content\/uploads\/2025\/03\/Flirt-di-Vanita-Living-696x497.jpg 696w, https:\/\/www.matrix4design.com\/wp-content\/uploads\/2025\/03\/Flirt-di-Vanita-Living-1068x762.jpg 1068w\" sizes=\"auto, (max-width: 1772px) 100vw, 1772px\" \/><figcaption id=\"caption-attachment-112278\" class=\"wp-caption-text\">Flirt<\/figcaption><\/figure>\n<p><strong>Sia Flirt che Ercole sono dotati di un sistema smart per il controllo dell\u2019illuminazione. Quanto \u00e8 importante l\u2019integrazione della tecnologia nell\u2019arredo contemporaneo?<\/strong><\/p>\n<p>La nostra innata passione per gli specchi ci ha ispirato a creare un nuovo mondo in cui tecnologia e design si incontrano in modo armonioso. Le innovazioni che portiamo al Salone di Milano sono tante. La nostra tecnologia brevettata <em>Ghost Mirror<\/em>, per esempio, che a luce spenta assicura una superficie riflettente completamente pulita e solo al momento dell\u2019accensione consente agli specchi di rivelare tutto il loro potenziale luminoso. Oppure <em>Foggy<\/em>, la tecnologia in attesa di brevetto e frutto della collaborazione con lo Studio Adolini. Si tratta di una cornice luminosa che appare e scompare con una delicata nebbia di luce. Partendo dal perimetro esterno, la luce si diffonde verso il centro, creando un&#8217;illuminazione radiale soffusa e non invasiva. E ancora, <em>Modular Light System<\/em> che permette di decidere, tramite un sensore touch, quale delle varie fonti luminose di uno specchio accendere e quale temperatura colore e intensit\u00e0 usare. Infine, il controllo smart grazie alla tecnologia <em>Wiz<\/em> che consente la gestione dell\u2019illuminazione e delle funzionalit\u00e0 degli specchi tramite un\u2019app o con comandi vocali attraverso i sistemi di Google Home e Alexa.<\/p>\n<p>Nello specifico, per quanto riguarda i nuovi specchi che presentiamo al Salone, eravamo alla ricerca di un concept che integrasse le nostre tecnologie, per proporre sul mercato prodotti dinamici e versatili. Questa stessa idea si celava dietro la proposta di Gianmarco e Luciano: creare avvolgenti visioni a piacimento nell\u2019ambiente, partendo da un elemento specifico, come lo specchio, grazie all\u2019integrazione di luci regolabili. Una sinergia per mutare le prospettive e ampliare gli effetti visivi. Come lo specchio Flirt, che mira a creare un dinamismo percettivo, grazie alle sue linee morbide e alle geometrie concentriche che ricordano una fioritura fatta di luce e riflessi.<\/p>\n<figure id=\"attachment_112279\" aria-describedby=\"caption-attachment-112279\" style=\"width: 1139px\" class=\"wp-caption aligncenter\"><img loading=\"lazy\" decoding=\"async\" class=\"wp-image-112279 size-full\" src=\"https:\/\/www.matrix4design.com\/wp-content\/uploads\/2025\/03\/Ercole.jpg\" alt=\"\" width=\"1139\" height=\"1265\" srcset=\"https:\/\/www.matrix4design.com\/wp-content\/uploads\/2025\/03\/Ercole.jpg 1139w, https:\/\/www.matrix4design.com\/wp-content\/uploads\/2025\/03\/Ercole-270x300.jpg 270w, https:\/\/www.matrix4design.com\/wp-content\/uploads\/2025\/03\/Ercole-922x1024.jpg 922w, https:\/\/www.matrix4design.com\/wp-content\/uploads\/2025\/03\/Ercole-768x853.jpg 768w, https:\/\/www.matrix4design.com\/wp-content\/uploads\/2025\/03\/Ercole-150x167.jpg 150w, https:\/\/www.matrix4design.com\/wp-content\/uploads\/2025\/03\/Ercole-300x333.jpg 300w, https:\/\/www.matrix4design.com\/wp-content\/uploads\/2025\/03\/Ercole-696x773.jpg 696w, https:\/\/www.matrix4design.com\/wp-content\/uploads\/2025\/03\/Ercole-1068x1186.jpg 1068w\" sizes=\"auto, (max-width: 1139px) 100vw, 1139px\" \/><figcaption id=\"caption-attachment-112279\" class=\"wp-caption-text\">Ercole<\/figcaption><\/figure>\n<p><strong>Ercole invece rompe la bidimensionalit\u00e0 tradizionale degli specchi: come siete arrivati a questa scelta di design?<\/strong><\/p>\n<p>Nella progettazione di Ercole si \u00e8 pensato a un movimento semplice, come il gesto di piegare un foglio di carta, e poi di replicarlo con uno specchio, ripiegando la materia non con le mani, bens\u00ec con la luce. Un gesto impossibile con la forza fisica, ma possibile con un gioco di design e illuminazione. L\u2019attenzione alla forma \u00e8 stato il principio che ci ha guidato nella progettazione di questo specchio e che lo trasforma in un elemento espressivo e sensoriale.<\/p>\n<p><strong>Come immaginate il futuro del design degli specchi e quale direzione prender\u00e0 Vanit\u00e0 Living nei prossimi anni?<\/strong><\/p>\n<p>Il design, come l\u2019universo, \u00e8 in continua espansione. Nuovi materiali e tecnologie inedite permetteranno di percorrere sempre di pi\u00f9 nuove strade anche nel mondo degli specchi. Il concept di questa collezione, curato da tutti i designer che hanno lavorato alla sua progettazione e lo hanno realizzato con la nostra tecnologia Ghost brevettata, segna per noi un altro passo avanti verso l\u2019innovazione. Da sempre e anche in futuro consideriamo lo specchio non solo come un iconico complemento d\u2019arredo, ma come un campo di esplorazione che ne espanda le potenzialit\u00e0: uno specchio fatto di luce. Per questa ragione siamo convinti che gli specchi saranno sempre pi\u00f9 ricercati non solo negli ambienti residenziali ma anche in hotel, ristoranti e zone di accoglienza che troveranno in questo oggetto un alleato perfetto per definire atmosfere contemporanee aggiungendo una nota di eleganza e stile.<\/p>\n","protected":false},"excerpt":{"rendered":"<p>&nbsp; Lo specchio non \u00e8 pi\u00f9 solo un complemento funzionale, ma un vero e proprio elemento d\u2019arredo capace di trasformare gli spazi attraverso giochi di luce, volumi e riflessi. Vanit\u00e0 Living, brand di riferimento nel settore, porta avanti questa visione con una nuova collezione di specchi di design, frutto di collaborazioni d\u2019eccellenza con studi creativi [&hellip;]<\/p>\n","protected":false},"author":42,"featured_media":112280,"comment_status":"closed","ping_status":"closed","sticky":false,"template":"","format":"standard","meta":{"_acf_changed":false,"footnotes":""},"categories":[366,418,368],"tags":[],"class_list":{"0":"post-112276","1":"post","2":"type-post","3":"status-publish","4":"format-standard","5":"has-post-thumbnail","7":"category-design","8":"category-design-home","9":"category-featured"},"acf":[],"yoast_head":"<!-- This site is optimized with the Yoast SEO plugin v27.0 - https:\/\/yoast.com\/product\/yoast-seo-wordpress\/ -->\n<title>I nuovi specchi di Vanit\u00e0 Living al Salone del Mobile di Milano<\/title>\n<meta name=\"description\" content=\"Ercole e Flirt sono due delle novit\u00e0 che Vanit\u00e0 Living presenter\u00e0 al Salone del Mobile 2025. A raccontarli in anteprima \u00e8 Alexander Caruso, Founder e CEO dell&#039;azienda.\" \/>\n<meta name=\"robots\" content=\"index, follow, max-snippet:-1, max-image-preview:large, max-video-preview:-1\" \/>\n<link rel=\"canonical\" href=\"https:\/\/www.matrix4design.com\/it\/design\/vanita-living-torna-al-salone-del-mobile-di-milano-con-nuovi-specchi-raccontati-in-anteprima-da-alexander-caruso-founder-e-ceo-dellazienda\/\" \/>\n<meta property=\"og:locale\" content=\"it_IT\" \/>\n<meta property=\"og:type\" content=\"article\" \/>\n<meta property=\"og:title\" content=\"I nuovi specchi di Vanit\u00e0 Living al Salone del Mobile di Milano\" \/>\n<meta property=\"og:description\" content=\"Ercole e Flirt sono due delle novit\u00e0 che Vanit\u00e0 Living presenter\u00e0 al Salone del Mobile 2025. A raccontarli in anteprima \u00e8 Alexander Caruso, Founder e CEO dell&#039;azienda.\" \/>\n<meta property=\"og:url\" content=\"https:\/\/www.matrix4design.com\/it\/design\/vanita-living-torna-al-salone-del-mobile-di-milano-con-nuovi-specchi-raccontati-in-anteprima-da-alexander-caruso-founder-e-ceo-dellazienda\/\" \/>\n<meta property=\"og:site_name\" content=\"Matrix4Design\" \/>\n<meta property=\"article:publisher\" content=\"https:\/\/www.facebook.com\/matrix4designmagazine\/\" \/>\n<meta property=\"article:published_time\" content=\"2025-04-07T09:00:27+00:00\" \/>\n<meta property=\"og:image\" content=\"https:\/\/www.matrix4design.com\/wp-content\/uploads\/2025\/03\/Ercole-di-Vanita-Living.jpg\" \/>\n\t<meta property=\"og:image:width\" content=\"1770\" \/>\n\t<meta property=\"og:image:height\" content=\"1265\" \/>\n\t<meta property=\"og:image:type\" content=\"image\/jpeg\" \/>\n<meta name=\"author\" content=\"Arianna De Felice\" \/>\n<meta name=\"twitter:card\" content=\"summary_large_image\" \/>\n<meta name=\"twitter:label1\" content=\"Scritto da\" \/>\n\t<meta name=\"twitter:data1\" content=\"Arianna De Felice\" \/>\n\t<meta name=\"twitter:label2\" content=\"Tempo di lettura stimato\" \/>\n\t<meta name=\"twitter:data2\" content=\"7 minuti\" \/>\n<script type=\"application\/ld+json\" class=\"yoast-schema-graph\">{\"@context\":\"https:\/\/schema.org\",\"@graph\":[{\"@type\":\"Article\",\"@id\":\"https:\/\/www.matrix4design.com\/it\/design\/vanita-living-torna-al-salone-del-mobile-di-milano-con-nuovi-specchi-raccontati-in-anteprima-da-alexander-caruso-founder-e-ceo-dellazienda\/#article\",\"isPartOf\":{\"@id\":\"https:\/\/www.matrix4design.com\/it\/design\/vanita-living-torna-al-salone-del-mobile-di-milano-con-nuovi-specchi-raccontati-in-anteprima-da-alexander-caruso-founder-e-ceo-dellazienda\/\"},\"author\":{\"name\":\"Arianna De Felice\",\"@id\":\"https:\/\/www.matrix4design.com\/it\/#\/schema\/person\/5cab3419363cada764945825bbc03378\"},\"headline\":\"Salone del Mobile.Milano, il CEO Alexander Caruso racconta i nuovi specchi di Vanit\u00e0 Living\",\"datePublished\":\"2025-04-07T09:00:27+00:00\",\"mainEntityOfPage\":{\"@id\":\"https:\/\/www.matrix4design.com\/it\/design\/vanita-living-torna-al-salone-del-mobile-di-milano-con-nuovi-specchi-raccontati-in-anteprima-da-alexander-caruso-founder-e-ceo-dellazienda\/\"},\"wordCount\":1118,\"publisher\":{\"@id\":\"https:\/\/www.matrix4design.com\/it\/#organization\"},\"image\":{\"@id\":\"https:\/\/www.matrix4design.com\/it\/design\/vanita-living-torna-al-salone-del-mobile-di-milano-con-nuovi-specchi-raccontati-in-anteprima-da-alexander-caruso-founder-e-ceo-dellazienda\/#primaryimage\"},\"thumbnailUrl\":\"https:\/\/www.matrix4design.com\/wp-content\/uploads\/2025\/03\/Ercole-di-Vanita-Living.jpg\",\"articleSection\":[\"Design\",\"Design home\",\"Featured\"],\"inLanguage\":\"it-IT\"},{\"@type\":\"WebPage\",\"@id\":\"https:\/\/www.matrix4design.com\/it\/design\/vanita-living-torna-al-salone-del-mobile-di-milano-con-nuovi-specchi-raccontati-in-anteprima-da-alexander-caruso-founder-e-ceo-dellazienda\/\",\"url\":\"https:\/\/www.matrix4design.com\/it\/design\/vanita-living-torna-al-salone-del-mobile-di-milano-con-nuovi-specchi-raccontati-in-anteprima-da-alexander-caruso-founder-e-ceo-dellazienda\/\",\"name\":\"I nuovi specchi di Vanit\u00e0 Living al Salone del Mobile di Milano\",\"isPartOf\":{\"@id\":\"https:\/\/www.matrix4design.com\/it\/#website\"},\"primaryImageOfPage\":{\"@id\":\"https:\/\/www.matrix4design.com\/it\/design\/vanita-living-torna-al-salone-del-mobile-di-milano-con-nuovi-specchi-raccontati-in-anteprima-da-alexander-caruso-founder-e-ceo-dellazienda\/#primaryimage\"},\"image\":{\"@id\":\"https:\/\/www.matrix4design.com\/it\/design\/vanita-living-torna-al-salone-del-mobile-di-milano-con-nuovi-specchi-raccontati-in-anteprima-da-alexander-caruso-founder-e-ceo-dellazienda\/#primaryimage\"},\"thumbnailUrl\":\"https:\/\/www.matrix4design.com\/wp-content\/uploads\/2025\/03\/Ercole-di-Vanita-Living.jpg\",\"datePublished\":\"2025-04-07T09:00:27+00:00\",\"description\":\"Ercole e Flirt sono due delle novit\u00e0 che Vanit\u00e0 Living presenter\u00e0 al Salone del Mobile 2025. A raccontarli in anteprima \u00e8 Alexander Caruso, Founder e CEO dell'azienda.\",\"breadcrumb\":{\"@id\":\"https:\/\/www.matrix4design.com\/it\/design\/vanita-living-torna-al-salone-del-mobile-di-milano-con-nuovi-specchi-raccontati-in-anteprima-da-alexander-caruso-founder-e-ceo-dellazienda\/#breadcrumb\"},\"inLanguage\":\"it-IT\",\"potentialAction\":[{\"@type\":\"ReadAction\",\"target\":[\"https:\/\/www.matrix4design.com\/it\/design\/vanita-living-torna-al-salone-del-mobile-di-milano-con-nuovi-specchi-raccontati-in-anteprima-da-alexander-caruso-founder-e-ceo-dellazienda\/\"]}]},{\"@type\":\"ImageObject\",\"inLanguage\":\"it-IT\",\"@id\":\"https:\/\/www.matrix4design.com\/it\/design\/vanita-living-torna-al-salone-del-mobile-di-milano-con-nuovi-specchi-raccontati-in-anteprima-da-alexander-caruso-founder-e-ceo-dellazienda\/#primaryimage\",\"url\":\"https:\/\/www.matrix4design.com\/wp-content\/uploads\/2025\/03\/Ercole-di-Vanita-Living.jpg\",\"contentUrl\":\"https:\/\/www.matrix4design.com\/wp-content\/uploads\/2025\/03\/Ercole-di-Vanita-Living.jpg\",\"width\":1770,\"height\":1265,\"caption\":\"specchi\"},{\"@type\":\"BreadcrumbList\",\"@id\":\"https:\/\/www.matrix4design.com\/it\/design\/vanita-living-torna-al-salone-del-mobile-di-milano-con-nuovi-specchi-raccontati-in-anteprima-da-alexander-caruso-founder-e-ceo-dellazienda\/#breadcrumb\",\"itemListElement\":[{\"@type\":\"ListItem\",\"position\":1,\"name\":\"Home\",\"item\":\"https:\/\/www.matrix4design.com\/it\/\"},{\"@type\":\"ListItem\",\"position\":2,\"name\":\"Salone del Mobile.Milano, il CEO Alexander Caruso racconta i nuovi specchi di Vanit\u00e0 Living\"}]},{\"@type\":\"WebSite\",\"@id\":\"https:\/\/www.matrix4design.com\/it\/#website\",\"url\":\"https:\/\/www.matrix4design.com\/it\/\",\"name\":\"Matrix4Design\",\"description\":\"Digital architecture and design b2b magazine\",\"publisher\":{\"@id\":\"https:\/\/www.matrix4design.com\/it\/#organization\"},\"potentialAction\":[{\"@type\":\"SearchAction\",\"target\":{\"@type\":\"EntryPoint\",\"urlTemplate\":\"https:\/\/www.matrix4design.com\/it\/?s={search_term_string}\"},\"query-input\":{\"@type\":\"PropertyValueSpecification\",\"valueRequired\":true,\"valueName\":\"search_term_string\"}}],\"inLanguage\":\"it-IT\"},{\"@type\":\"Organization\",\"@id\":\"https:\/\/www.matrix4design.com\/it\/#organization\",\"name\":\"Matrix4Design\",\"url\":\"https:\/\/www.matrix4design.com\/it\/\",\"logo\":{\"@type\":\"ImageObject\",\"inLanguage\":\"it-IT\",\"@id\":\"https:\/\/www.matrix4design.com\/it\/#\/schema\/logo\/image\/\",\"url\":\"https:\/\/www.matrix4design.com\/wp-content\/uploads\/2020\/04\/logo_matrix4design.png\",\"contentUrl\":\"https:\/\/www.matrix4design.com\/wp-content\/uploads\/2020\/04\/logo_matrix4design.png\",\"width\":804,\"height\":114,\"caption\":\"Matrix4Design\"},\"image\":{\"@id\":\"https:\/\/www.matrix4design.com\/it\/#\/schema\/logo\/image\/\"},\"sameAs\":[\"https:\/\/www.facebook.com\/matrix4designmagazine\/\",\"https:\/\/www.instagram.com\/matrix4designmagazine\/\",\"https:\/\/www.youtube.com\/channel\/UCtuhSSrP3MOO_URZgv8mQ1A\"]},{\"@type\":\"Person\",\"@id\":\"https:\/\/www.matrix4design.com\/it\/#\/schema\/person\/5cab3419363cada764945825bbc03378\",\"name\":\"Arianna De Felice\",\"image\":{\"@type\":\"ImageObject\",\"inLanguage\":\"it-IT\",\"@id\":\"https:\/\/www.matrix4design.com\/it\/#\/schema\/person\/image\/\",\"url\":\"https:\/\/secure.gravatar.com\/avatar\/a608814fcaebeafcf9459394f148f351d8304473bf763d1b34027ec3d2bc8c58?s=96&d=wp_user_avatar&r=g\",\"contentUrl\":\"https:\/\/secure.gravatar.com\/avatar\/a608814fcaebeafcf9459394f148f351d8304473bf763d1b34027ec3d2bc8c58?s=96&d=wp_user_avatar&r=g\",\"caption\":\"Arianna De Felice\"},\"url\":\"https:\/\/www.matrix4design.com\/it\/author\/arianna-de-felice\/\"}]}<\/script>\n<!-- \/ Yoast SEO plugin. -->","yoast_head_json":{"title":"I nuovi specchi di Vanit\u00e0 Living al Salone del Mobile di Milano","description":"Ercole e Flirt sono due delle novit\u00e0 che Vanit\u00e0 Living presenter\u00e0 al Salone del Mobile 2025. A raccontarli in anteprima \u00e8 Alexander Caruso, Founder e CEO dell'azienda.","robots":{"index":"index","follow":"follow","max-snippet":"max-snippet:-1","max-image-preview":"max-image-preview:large","max-video-preview":"max-video-preview:-1"},"canonical":"https:\/\/www.matrix4design.com\/it\/design\/vanita-living-torna-al-salone-del-mobile-di-milano-con-nuovi-specchi-raccontati-in-anteprima-da-alexander-caruso-founder-e-ceo-dellazienda\/","og_locale":"it_IT","og_type":"article","og_title":"I nuovi specchi di Vanit\u00e0 Living al Salone del Mobile di Milano","og_description":"Ercole e Flirt sono due delle novit\u00e0 che Vanit\u00e0 Living presenter\u00e0 al Salone del Mobile 2025. A raccontarli in anteprima \u00e8 Alexander Caruso, Founder e CEO dell'azienda.","og_url":"https:\/\/www.matrix4design.com\/it\/design\/vanita-living-torna-al-salone-del-mobile-di-milano-con-nuovi-specchi-raccontati-in-anteprima-da-alexander-caruso-founder-e-ceo-dellazienda\/","og_site_name":"Matrix4Design","article_publisher":"https:\/\/www.facebook.com\/matrix4designmagazine\/","article_published_time":"2025-04-07T09:00:27+00:00","og_image":[{"width":1770,"height":1265,"url":"https:\/\/www.matrix4design.com\/wp-content\/uploads\/2025\/03\/Ercole-di-Vanita-Living.jpg","type":"image\/jpeg"}],"author":"Arianna De Felice","twitter_card":"summary_large_image","twitter_misc":{"Scritto da":"Arianna De Felice","Tempo di lettura stimato":"7 minuti"},"schema":{"@context":"https:\/\/schema.org","@graph":[{"@type":"Article","@id":"https:\/\/www.matrix4design.com\/it\/design\/vanita-living-torna-al-salone-del-mobile-di-milano-con-nuovi-specchi-raccontati-in-anteprima-da-alexander-caruso-founder-e-ceo-dellazienda\/#article","isPartOf":{"@id":"https:\/\/www.matrix4design.com\/it\/design\/vanita-living-torna-al-salone-del-mobile-di-milano-con-nuovi-specchi-raccontati-in-anteprima-da-alexander-caruso-founder-e-ceo-dellazienda\/"},"author":{"name":"Arianna De Felice","@id":"https:\/\/www.matrix4design.com\/it\/#\/schema\/person\/5cab3419363cada764945825bbc03378"},"headline":"Salone del Mobile.Milano, il CEO Alexander Caruso racconta i nuovi specchi di Vanit\u00e0 Living","datePublished":"2025-04-07T09:00:27+00:00","mainEntityOfPage":{"@id":"https:\/\/www.matrix4design.com\/it\/design\/vanita-living-torna-al-salone-del-mobile-di-milano-con-nuovi-specchi-raccontati-in-anteprima-da-alexander-caruso-founder-e-ceo-dellazienda\/"},"wordCount":1118,"publisher":{"@id":"https:\/\/www.matrix4design.com\/it\/#organization"},"image":{"@id":"https:\/\/www.matrix4design.com\/it\/design\/vanita-living-torna-al-salone-del-mobile-di-milano-con-nuovi-specchi-raccontati-in-anteprima-da-alexander-caruso-founder-e-ceo-dellazienda\/#primaryimage"},"thumbnailUrl":"https:\/\/www.matrix4design.com\/wp-content\/uploads\/2025\/03\/Ercole-di-Vanita-Living.jpg","articleSection":["Design","Design home","Featured"],"inLanguage":"it-IT"},{"@type":"WebPage","@id":"https:\/\/www.matrix4design.com\/it\/design\/vanita-living-torna-al-salone-del-mobile-di-milano-con-nuovi-specchi-raccontati-in-anteprima-da-alexander-caruso-founder-e-ceo-dellazienda\/","url":"https:\/\/www.matrix4design.com\/it\/design\/vanita-living-torna-al-salone-del-mobile-di-milano-con-nuovi-specchi-raccontati-in-anteprima-da-alexander-caruso-founder-e-ceo-dellazienda\/","name":"I nuovi specchi di Vanit\u00e0 Living al Salone del Mobile di Milano","isPartOf":{"@id":"https:\/\/www.matrix4design.com\/it\/#website"},"primaryImageOfPage":{"@id":"https:\/\/www.matrix4design.com\/it\/design\/vanita-living-torna-al-salone-del-mobile-di-milano-con-nuovi-specchi-raccontati-in-anteprima-da-alexander-caruso-founder-e-ceo-dellazienda\/#primaryimage"},"image":{"@id":"https:\/\/www.matrix4design.com\/it\/design\/vanita-living-torna-al-salone-del-mobile-di-milano-con-nuovi-specchi-raccontati-in-anteprima-da-alexander-caruso-founder-e-ceo-dellazienda\/#primaryimage"},"thumbnailUrl":"https:\/\/www.matrix4design.com\/wp-content\/uploads\/2025\/03\/Ercole-di-Vanita-Living.jpg","datePublished":"2025-04-07T09:00:27+00:00","description":"Ercole e Flirt sono due delle novit\u00e0 che Vanit\u00e0 Living presenter\u00e0 al Salone del Mobile 2025. A raccontarli in anteprima \u00e8 Alexander Caruso, Founder e CEO dell'azienda.","breadcrumb":{"@id":"https:\/\/www.matrix4design.com\/it\/design\/vanita-living-torna-al-salone-del-mobile-di-milano-con-nuovi-specchi-raccontati-in-anteprima-da-alexander-caruso-founder-e-ceo-dellazienda\/#breadcrumb"},"inLanguage":"it-IT","potentialAction":[{"@type":"ReadAction","target":["https:\/\/www.matrix4design.com\/it\/design\/vanita-living-torna-al-salone-del-mobile-di-milano-con-nuovi-specchi-raccontati-in-anteprima-da-alexander-caruso-founder-e-ceo-dellazienda\/"]}]},{"@type":"ImageObject","inLanguage":"it-IT","@id":"https:\/\/www.matrix4design.com\/it\/design\/vanita-living-torna-al-salone-del-mobile-di-milano-con-nuovi-specchi-raccontati-in-anteprima-da-alexander-caruso-founder-e-ceo-dellazienda\/#primaryimage","url":"https:\/\/www.matrix4design.com\/wp-content\/uploads\/2025\/03\/Ercole-di-Vanita-Living.jpg","contentUrl":"https:\/\/www.matrix4design.com\/wp-content\/uploads\/2025\/03\/Ercole-di-Vanita-Living.jpg","width":1770,"height":1265,"caption":"specchi"},{"@type":"BreadcrumbList","@id":"https:\/\/www.matrix4design.com\/it\/design\/vanita-living-torna-al-salone-del-mobile-di-milano-con-nuovi-specchi-raccontati-in-anteprima-da-alexander-caruso-founder-e-ceo-dellazienda\/#breadcrumb","itemListElement":[{"@type":"ListItem","position":1,"name":"Home","item":"https:\/\/www.matrix4design.com\/it\/"},{"@type":"ListItem","position":2,"name":"Salone del Mobile.Milano, il CEO Alexander Caruso racconta i nuovi specchi di Vanit\u00e0 Living"}]},{"@type":"WebSite","@id":"https:\/\/www.matrix4design.com\/it\/#website","url":"https:\/\/www.matrix4design.com\/it\/","name":"Matrix4Design","description":"Digital architecture and design b2b magazine","publisher":{"@id":"https:\/\/www.matrix4design.com\/it\/#organization"},"potentialAction":[{"@type":"SearchAction","target":{"@type":"EntryPoint","urlTemplate":"https:\/\/www.matrix4design.com\/it\/?s={search_term_string}"},"query-input":{"@type":"PropertyValueSpecification","valueRequired":true,"valueName":"search_term_string"}}],"inLanguage":"it-IT"},{"@type":"Organization","@id":"https:\/\/www.matrix4design.com\/it\/#organization","name":"Matrix4Design","url":"https:\/\/www.matrix4design.com\/it\/","logo":{"@type":"ImageObject","inLanguage":"it-IT","@id":"https:\/\/www.matrix4design.com\/it\/#\/schema\/logo\/image\/","url":"https:\/\/www.matrix4design.com\/wp-content\/uploads\/2020\/04\/logo_matrix4design.png","contentUrl":"https:\/\/www.matrix4design.com\/wp-content\/uploads\/2020\/04\/logo_matrix4design.png","width":804,"height":114,"caption":"Matrix4Design"},"image":{"@id":"https:\/\/www.matrix4design.com\/it\/#\/schema\/logo\/image\/"},"sameAs":["https:\/\/www.facebook.com\/matrix4designmagazine\/","https:\/\/www.instagram.com\/matrix4designmagazine\/","https:\/\/www.youtube.com\/channel\/UCtuhSSrP3MOO_URZgv8mQ1A"]},{"@type":"Person","@id":"https:\/\/www.matrix4design.com\/it\/#\/schema\/person\/5cab3419363cada764945825bbc03378","name":"Arianna De Felice","image":{"@type":"ImageObject","inLanguage":"it-IT","@id":"https:\/\/www.matrix4design.com\/it\/#\/schema\/person\/image\/","url":"https:\/\/secure.gravatar.com\/avatar\/a608814fcaebeafcf9459394f148f351d8304473bf763d1b34027ec3d2bc8c58?s=96&d=wp_user_avatar&r=g","contentUrl":"https:\/\/secure.gravatar.com\/avatar\/a608814fcaebeafcf9459394f148f351d8304473bf763d1b34027ec3d2bc8c58?s=96&d=wp_user_avatar&r=g","caption":"Arianna De Felice"},"url":"https:\/\/www.matrix4design.com\/it\/author\/arianna-de-felice\/"}]}},"_links":{"self":[{"href":"https:\/\/www.matrix4design.com\/it\/wp-json\/wp\/v2\/posts\/112276","targetHints":{"allow":["GET"]}}],"collection":[{"href":"https:\/\/www.matrix4design.com\/it\/wp-json\/wp\/v2\/posts"}],"about":[{"href":"https:\/\/www.matrix4design.com\/it\/wp-json\/wp\/v2\/types\/post"}],"author":[{"embeddable":true,"href":"https:\/\/www.matrix4design.com\/it\/wp-json\/wp\/v2\/users\/42"}],"replies":[{"embeddable":true,"href":"https:\/\/www.matrix4design.com\/it\/wp-json\/wp\/v2\/comments?post=112276"}],"version-history":[{"count":5,"href":"https:\/\/www.matrix4design.com\/it\/wp-json\/wp\/v2\/posts\/112276\/revisions"}],"predecessor-version":[{"id":112478,"href":"https:\/\/www.matrix4design.com\/it\/wp-json\/wp\/v2\/posts\/112276\/revisions\/112478"}],"wp:featuredmedia":[{"embeddable":true,"href":"https:\/\/www.matrix4design.com\/it\/wp-json\/wp\/v2\/media\/112280"}],"wp:attachment":[{"href":"https:\/\/www.matrix4design.com\/it\/wp-json\/wp\/v2\/media?parent=112276"}],"wp:term":[{"taxonomy":"category","embeddable":true,"href":"https:\/\/www.matrix4design.com\/it\/wp-json\/wp\/v2\/categories?post=112276"},{"taxonomy":"post_tag","embeddable":true,"href":"https:\/\/www.matrix4design.com\/it\/wp-json\/wp\/v2\/tags?post=112276"}],"curies":[{"name":"wp","href":"https:\/\/api.w.org\/{rel}","templated":true}]}}