{"id":112704,"date":"2025-04-23T11:00:12","date_gmt":"2025-04-23T09:00:12","guid":{"rendered":"https:\/\/www.matrix4design.com\/?p=112704"},"modified":"2025-04-24T17:05:25","modified_gmt":"2025-04-24T15:05:25","slug":"milano-design-week-2025-i-nuovi-showroom-che-ridefiniscono-lesperienza-dello-spazio","status":"publish","type":"post","link":"https:\/\/www.matrix4design.com\/it\/design\/milano-design-week-2025-i-nuovi-showroom-che-ridefiniscono-lesperienza-dello-spazio\/","title":{"rendered":"Milano Design Week 2025: i nuovi showroom da scoprire"},"content":{"rendered":"<p>&nbsp;<\/p>\n<p>Durante l\u2019ultima edizione della <a href=\"https:\/\/www.matrix4design.com\/it\/design\/il-fuorisalone-torna-dal-7-al-13-aprile-con-mondi-connessi\/\" target=\"_blank\" rel=\"noopener\">Milano Design Week<\/a>, la citt\u00e0 si \u00e8 trasformata ancora una volta in un laboratorio a cielo aperto, dove design, architettura e sperimentazione hanno dialogato in modo sempre pi\u00f9 fluido. Tra le novit\u00e0 pi\u00f9 significative, spiccano i nuovi showroom inaugurati per l\u2019occasione: veri e propri spazi narrativi pensati non solo per esporre prodotti, ma anche per raccontare visioni, evocare atmosfere e mettere in scena l\u2019identit\u00e0 dei brand attraverso il progetto. Eccone quindi alcuni selezionati da noi.<\/p>\n<h2>Milano&#8217;s Loft: lo showroom di Rubinetterie Tremme<\/h2>\n<p><img loading=\"lazy\" decoding=\"async\" class=\"aligncenter wp-image-112712 size-full\" src=\"https:\/\/www.matrix4design.com\/wp-content\/uploads\/2025\/04\/Treemm-4.jpeg\" alt=\"\" width=\"1536\" height=\"2048\" srcset=\"https:\/\/www.matrix4design.com\/wp-content\/uploads\/2025\/04\/Treemm-4.jpeg 1536w, https:\/\/www.matrix4design.com\/wp-content\/uploads\/2025\/04\/Treemm-4-225x300.jpeg 225w, https:\/\/www.matrix4design.com\/wp-content\/uploads\/2025\/04\/Treemm-4-768x1024.jpeg 768w, https:\/\/www.matrix4design.com\/wp-content\/uploads\/2025\/04\/Treemm-4-1152x1536.jpeg 1152w, https:\/\/www.matrix4design.com\/wp-content\/uploads\/2025\/04\/Treemm-4-150x200.jpeg 150w, https:\/\/www.matrix4design.com\/wp-content\/uploads\/2025\/04\/Treemm-4-300x400.jpeg 300w, https:\/\/www.matrix4design.com\/wp-content\/uploads\/2025\/04\/Treemm-4-696x928.jpeg 696w, https:\/\/www.matrix4design.com\/wp-content\/uploads\/2025\/04\/Treemm-4-1068x1424.jpeg 1068w\" sizes=\"auto, (max-width: 1536px) 100vw, 1536px\" \/><\/p>\n<p><a href=\"https:\/\/www.rubinetterie3m.it\/it\" target=\"_blank\" rel=\"noopener\"><strong>Rubinetterie Tremme<\/strong><\/a> ha aperto al pubblico della Milano Design Week il suo nuovo showroom situato in via Mecenate n\u00b076\/b, il <strong>Milano&#8217;s Loft<\/strong>. La storica azienda di rubinetteria ha cos\u00ec accolto gli esperti e appassionati del settore nel suo nuovo spazio espositivo completamente rinnovato dallo studio di architettura <strong>Q-Bic<\/strong>.<\/p>\n<p>Lo showroom occupa un&#8217;area di circa <strong>500 mq<\/strong> all&#8217;interno di un edificio tipico della zona con <strong>mattoni rossi a vista<\/strong>. Il concept espositivo si ispira a uno stile industriale, enfatizzato dalle tonalit\u00e0 profonde del nero assoluto che conferiscono allo spazio un\u2019atmosfera evocativa e avvolgente e valorizzano anche le collezioni, i dettagli e l&#8217;innovazione tecnologica di ogni prodotto.<\/p>\n<p>Dove: SHOWROOM Rubinetterie Treemme | Via Mecenate n\u00b076\/b, Milano<\/p>\n<h2>RAK Ceramics Design Hub<\/h2>\n<p><img loading=\"lazy\" decoding=\"async\" class=\"aligncenter wp-image-112711 size-full\" src=\"https:\/\/www.matrix4design.com\/wp-content\/uploads\/2025\/04\/4-RAK-Ceramics-Design-Hub-Milano-scaled.jpg\" alt=\"\" width=\"2560\" height=\"1707\" srcset=\"https:\/\/www.matrix4design.com\/wp-content\/uploads\/2025\/04\/4-RAK-Ceramics-Design-Hub-Milano-scaled.jpg 2560w, https:\/\/www.matrix4design.com\/wp-content\/uploads\/2025\/04\/4-RAK-Ceramics-Design-Hub-Milano-300x200.jpg 300w, https:\/\/www.matrix4design.com\/wp-content\/uploads\/2025\/04\/4-RAK-Ceramics-Design-Hub-Milano-1024x683.jpg 1024w, https:\/\/www.matrix4design.com\/wp-content\/uploads\/2025\/04\/4-RAK-Ceramics-Design-Hub-Milano-768x512.jpg 768w, https:\/\/www.matrix4design.com\/wp-content\/uploads\/2025\/04\/4-RAK-Ceramics-Design-Hub-Milano-1536x1024.jpg 1536w, https:\/\/www.matrix4design.com\/wp-content\/uploads\/2025\/04\/4-RAK-Ceramics-Design-Hub-Milano-2048x1365.jpg 2048w, https:\/\/www.matrix4design.com\/wp-content\/uploads\/2025\/04\/4-RAK-Ceramics-Design-Hub-Milano-150x100.jpg 150w, https:\/\/www.matrix4design.com\/wp-content\/uploads\/2025\/04\/4-RAK-Ceramics-Design-Hub-Milano-696x464.jpg 696w, https:\/\/www.matrix4design.com\/wp-content\/uploads\/2025\/04\/4-RAK-Ceramics-Design-Hub-Milano-1068x712.jpg 1068w, https:\/\/www.matrix4design.com\/wp-content\/uploads\/2025\/04\/4-RAK-Ceramics-Design-Hub-Milano-1920x1280.jpg 1920w, https:\/\/www.matrix4design.com\/wp-content\/uploads\/2025\/04\/4-RAK-Ceramics-Design-Hub-Milano-1800x1200.jpg 1800w\" sizes=\"auto, (max-width: 2560px) 100vw, 2560px\" \/><\/p>\n<p>Anche <a href=\"https:\/\/www.rakceramics.com\/italy\/it\/\" target=\"_blank\" rel=\"noopener\"><strong>RAK Ceramics<\/strong> <\/a>ha inaugurato il suo spazio durante la settimana del design meneghino a due passi da San Babila. In via Borgogna infatti ha aperto il <strong>RAK Ceramics Design Hub Milano<\/strong>, il quarto al mondo dopo Dubai, Londra e Francoforte.<\/p>\n<p>Lo spazio, progettato dallo studio di architettura <strong>MMA Projects<\/strong>, offre <strong>400 mq<\/strong> nei quali \u00e8 possibile ammirare una panoramica completa del gruppo e dei suoi brand.<\/p>\n<p>L&#8217;hub infatti \u00e8 stato concepito come <strong>spazio immersivo e dinamico<\/strong>, pensato per ispirare il progettista con ambientazioni suggestive e accompagnarlo attraverso una proposta senza precedenti di prodotti, materiali e innovazioni tecnologiche. Ogni sezione del design hub racconta soluzioni di lifestyle diverse e fornisce ad architetti, interior designer e contractor un supporto senza eguali in fase progettuale, per tutti gli ambienti e per tutte le tipologie di progetto, dal residenziale all\u2019hospitality.<\/p>\n<p>Dove: RAK Ceramics Design Hub | Via Borgogna 8, Milano<\/p>\n<h2>NotteNoctis<\/h2>\n<p><img loading=\"lazy\" decoding=\"async\" class=\"aligncenter wp-image-112710 size-full\" src=\"https:\/\/www.matrix4design.com\/wp-content\/uploads\/2025\/04\/Noctis_Flagship-Store-Milano_1-scaled.jpg\" alt=\"\" width=\"2075\" height=\"2560\" srcset=\"https:\/\/www.matrix4design.com\/wp-content\/uploads\/2025\/04\/Noctis_Flagship-Store-Milano_1-scaled.jpg 2075w, https:\/\/www.matrix4design.com\/wp-content\/uploads\/2025\/04\/Noctis_Flagship-Store-Milano_1-243x300.jpg 243w, https:\/\/www.matrix4design.com\/wp-content\/uploads\/2025\/04\/Noctis_Flagship-Store-Milano_1-830x1024.jpg 830w, https:\/\/www.matrix4design.com\/wp-content\/uploads\/2025\/04\/Noctis_Flagship-Store-Milano_1-768x947.jpg 768w, https:\/\/www.matrix4design.com\/wp-content\/uploads\/2025\/04\/Noctis_Flagship-Store-Milano_1-1245x1536.jpg 1245w, https:\/\/www.matrix4design.com\/wp-content\/uploads\/2025\/04\/Noctis_Flagship-Store-Milano_1-1660x2048.jpg 1660w, https:\/\/www.matrix4design.com\/wp-content\/uploads\/2025\/04\/Noctis_Flagship-Store-Milano_1-150x185.jpg 150w, https:\/\/www.matrix4design.com\/wp-content\/uploads\/2025\/04\/Noctis_Flagship-Store-Milano_1-300x370.jpg 300w, https:\/\/www.matrix4design.com\/wp-content\/uploads\/2025\/04\/Noctis_Flagship-Store-Milano_1-324x400.jpg 324w, https:\/\/www.matrix4design.com\/wp-content\/uploads\/2025\/04\/Noctis_Flagship-Store-Milano_1-696x859.jpg 696w, https:\/\/www.matrix4design.com\/wp-content\/uploads\/2025\/04\/Noctis_Flagship-Store-Milano_1-1068x1318.jpg 1068w, https:\/\/www.matrix4design.com\/wp-content\/uploads\/2025\/04\/Noctis_Flagship-Store-Milano_1-1920x2369.jpg 1920w, https:\/\/www.matrix4design.com\/wp-content\/uploads\/2025\/04\/Noctis_Flagship-Store-Milano_1-1800x2221.jpg 1800w\" sizes=\"auto, (max-width: 2075px) 100vw, 2075px\" \/><\/p>\n<p><strong>NotteNoctis<\/strong> trova il suo angolo a Milano in via Molino delle Armi 11. Inaugurato sempre durante la Milano Design Week appena conclusa, lo store del brand di letti dispone di una <strong>superficie di oltre 300 mq<\/strong> distribuiti su <strong>due livelli<\/strong>.<\/p>\n<p>Le ampie vetrate, oltre a mettere in risalto le proposte <strong><a href=\"https:\/\/www.noctis.it\/it\" target=\"_blank\" rel=\"noopener\">Noctis<\/a><\/strong> in esposizione, creano un dialogo continuo con l\u2019ambiente interno dominato dal colore blu, elemento iconico del brand, che trova la sua massima espressione nel concept \u201cBe Blue, Dream Blue\u201d: un invito a scoprire il design ricercato dei letti Noctis e a lasciarsi avvolgere da un\u2019atmosfera sofisticata e accogliente.<\/p>\n<p>Dove: NotteNoctis | Via Molino delle Armi 11, Milano<\/p>\n<h2>Zenucchi Design Code<\/h2>\n<p><img loading=\"lazy\" decoding=\"async\" class=\"aligncenter wp-image-112709 size-full\" src=\"https:\/\/www.matrix4design.com\/wp-content\/uploads\/2025\/04\/DSC06711-HDR.jpg\" alt=\"showroom\" width=\"1800\" height=\"1200\" srcset=\"https:\/\/www.matrix4design.com\/wp-content\/uploads\/2025\/04\/DSC06711-HDR.jpg 1800w, https:\/\/www.matrix4design.com\/wp-content\/uploads\/2025\/04\/DSC06711-HDR-300x200.jpg 300w, https:\/\/www.matrix4design.com\/wp-content\/uploads\/2025\/04\/DSC06711-HDR-1024x683.jpg 1024w, https:\/\/www.matrix4design.com\/wp-content\/uploads\/2025\/04\/DSC06711-HDR-768x512.jpg 768w, https:\/\/www.matrix4design.com\/wp-content\/uploads\/2025\/04\/DSC06711-HDR-1536x1024.jpg 1536w, https:\/\/www.matrix4design.com\/wp-content\/uploads\/2025\/04\/DSC06711-HDR-150x100.jpg 150w, https:\/\/www.matrix4design.com\/wp-content\/uploads\/2025\/04\/DSC06711-HDR-696x464.jpg 696w, https:\/\/www.matrix4design.com\/wp-content\/uploads\/2025\/04\/DSC06711-HDR-1068x712.jpg 1068w\" sizes=\"auto, (max-width: 1800px) 100vw, 1800px\" \/><\/p>\n<p><a href=\"https:\/\/www.zenucchi.it\/\" target=\"_blank\" rel=\"noopener\"><strong>Zenucchi Design Code<\/strong><\/a> ha inaugurato il nuovo showroom in <strong>via Pisoni 2<\/strong>, a pochi passi da via Manzoni. Il nuovo spazio espositivo misura circa 250 mq dove materiali raffinati, arredi iconici e proposte su misura si incontrano in un contesto che valorizza la bellezza e la funzionalit\u00e0 dell&#8217;abitare contemporaneo, nelle forme, nei colori, nelle finiture e nelle tipologie compositive, evitando operazioni nostalgiche e interpretandole con oggetti attuali.<\/p>\n<p>Concepito dall&#8217;architetto <strong>Massimo Castagna<\/strong>, lo showroom si sviluppa su <strong>due livelli<\/strong>: il piano terra \u00e8 dedicato all\u2019esposizione dei prodotti e agli uffici, mentre nel piano sottostante si trova la grande materioteca, la zona di accoglienza e la sala riunioni. Un\u2019experience per mettere d\u2019accordo avanguardia ed artigianalit\u00e0, tecnologia e savoir faire per un\u2019esperienza sensoriale unica e irripetibile.<\/p>\n<p>Proprio come negli spazi di Bergamo e Brescia, anche a Milano Zenucchi Design Code, si occuper\u00e0 di progetto, con un\u2019offerta che comprende circa 150 tra i grandi brand dell&#8217;arredamento, tra cui <strong>Cassina, Boffi, Molteni, Henge, Davide Groppi, Tonelli Design e Flos<\/strong>, spaziando in 6 settori specifici: arredo, illuminazione, bagni, superfici orizzontali e verticali, porte, tessuti e arte, sia indoor che outdoor.<\/p>\n<p>Dove: Zenucchi Design Code | Via Pisoni 2<\/p>\n<h2>La Salle de Bains di Cerasa<\/h2>\n<p><img loading=\"lazy\" decoding=\"async\" class=\"aligncenter wp-image-112708 size-full\" src=\"https:\/\/www.matrix4design.com\/wp-content\/uploads\/2025\/04\/DES-Evo-2024-55.jpg\" alt=\"showroom\" width=\"1257\" height=\"1600\" srcset=\"https:\/\/www.matrix4design.com\/wp-content\/uploads\/2025\/04\/DES-Evo-2024-55.jpg 1257w, https:\/\/www.matrix4design.com\/wp-content\/uploads\/2025\/04\/DES-Evo-2024-55-236x300.jpg 236w, https:\/\/www.matrix4design.com\/wp-content\/uploads\/2025\/04\/DES-Evo-2024-55-804x1024.jpg 804w, https:\/\/www.matrix4design.com\/wp-content\/uploads\/2025\/04\/DES-Evo-2024-55-768x978.jpg 768w, https:\/\/www.matrix4design.com\/wp-content\/uploads\/2025\/04\/DES-Evo-2024-55-1207x1536.jpg 1207w, https:\/\/www.matrix4design.com\/wp-content\/uploads\/2025\/04\/DES-Evo-2024-55-150x191.jpg 150w, https:\/\/www.matrix4design.com\/wp-content\/uploads\/2025\/04\/DES-Evo-2024-55-300x382.jpg 300w, https:\/\/www.matrix4design.com\/wp-content\/uploads\/2025\/04\/DES-Evo-2024-55-696x886.jpg 696w, https:\/\/www.matrix4design.com\/wp-content\/uploads\/2025\/04\/DES-Evo-2024-55-1068x1359.jpg 1068w\" sizes=\"auto, (max-width: 1257px) 100vw, 1257px\" \/><\/p>\n<p>Infine anche <a href=\"https:\/\/www.cerasa.it\/\" target=\"_blank\" rel=\"noopener\"><strong>Cerasa<\/strong> <\/a>ha aperto la sua \u201cSalle de Bains\u201d, in collaborazione con <strong>Bongio<\/strong> e <strong>Diceramica<\/strong>, in via San Clemente 1, a pochi passi dal Duomo. Qui la stanza da bagno si evolve da mero spazio funzionale a centro di benessere ed esperienza sensoriale, dove il rituale quotidiano di cura personale trova nuova importanza.<\/p>\n<p>Ogni elemento selezionato rappresenta dunque l\u2019<strong>equilibrio tra estetica e praticit\u00e0<\/strong>, rendendo l\u2019ambiente accogliente e sofisticato, e omaggiando la tradizione artigianale italiana alla ricerca continua di qualit\u00e0 e bellezza.<\/p>\n<p>Di particolare rilievo \u00e8 anche il <strong>videowall<\/strong> presente nello showroom che funge da finestra immersiva sul mondo unendo la realt\u00e0 milanese con la sfera globale del benessere. Immagini di etnie diverse, dalla Lapponia all&#8217;Africa, interagiscono visivamente con le collezioni Cerasa, Bongio e Diceramica, creando una narrazione che sottolinea la capacit\u00e0 del design italiano di ispirare universalmente.<\/p>\n<p>Dove: La Salle des Bains | Via San Clemente 1, Milano<\/p>\n<h2>Carroccio6<\/h2>\n<p><img loading=\"lazy\" decoding=\"async\" class=\"aligncenter wp-image-112871 size-full\" src=\"https:\/\/www.matrix4design.com\/wp-content\/uploads\/2025\/04\/Generali-Carroccio-6-5-scaled.jpeg\" alt=\"\" width=\"2560\" height=\"1704\" srcset=\"https:\/\/www.matrix4design.com\/wp-content\/uploads\/2025\/04\/Generali-Carroccio-6-5-scaled.jpeg 2560w, https:\/\/www.matrix4design.com\/wp-content\/uploads\/2025\/04\/Generali-Carroccio-6-5-300x200.jpeg 300w, https:\/\/www.matrix4design.com\/wp-content\/uploads\/2025\/04\/Generali-Carroccio-6-5-1024x682.jpeg 1024w, https:\/\/www.matrix4design.com\/wp-content\/uploads\/2025\/04\/Generali-Carroccio-6-5-768x511.jpeg 768w, https:\/\/www.matrix4design.com\/wp-content\/uploads\/2025\/04\/Generali-Carroccio-6-5-1536x1022.jpeg 1536w, https:\/\/www.matrix4design.com\/wp-content\/uploads\/2025\/04\/Generali-Carroccio-6-5-2048x1363.jpeg 2048w, https:\/\/www.matrix4design.com\/wp-content\/uploads\/2025\/04\/Generali-Carroccio-6-5-150x100.jpeg 150w, https:\/\/www.matrix4design.com\/wp-content\/uploads\/2025\/04\/Generali-Carroccio-6-5-696x463.jpeg 696w, https:\/\/www.matrix4design.com\/wp-content\/uploads\/2025\/04\/Generali-Carroccio-6-5-1068x711.jpeg 1068w, https:\/\/www.matrix4design.com\/wp-content\/uploads\/2025\/04\/Generali-Carroccio-6-5-1920x1278.jpeg 1920w, https:\/\/www.matrix4design.com\/wp-content\/uploads\/2025\/04\/Generali-Carroccio-6-5-1800x1198.jpeg 1800w\" sizes=\"auto, (max-width: 2560px) 100vw, 2560px\" \/><\/p>\n<p>Infine anche <strong>Carroccio6<\/strong> ha aperto le sue porte durante la Milano Design Week 2025. Lo spazio, voluto fortemente da Raffaella Occelli e Riccardo Camponovo, nasce con un obiettivo preciso: disegnare un <strong>percorso espositivo dinamico<\/strong>, in continua trasformazione, capace di evocare suggestioni che spaziano dal mondo domestico privato al retail, dall\u2019hospitality agli spazi di lavoro ibridi.<\/p>\n<p>Un concept che valorizza il know-how dei partner e si propone di affiancare architetti, interior designer e clienti in progetti chiavi in mano, offrendo supporto completo dalla consulenza iniziale fino alla fornitura, per la ristrutturazione e per le nuove costruzioni.<\/p>\n<p>Dove: Carroccio6 | Via Carroccio 6, Milano<\/p>\n","protected":false},"excerpt":{"rendered":"<p>&nbsp; Durante l\u2019ultima edizione della Milano Design Week, la citt\u00e0 si \u00e8 trasformata ancora una volta in un laboratorio a cielo aperto, dove design, architettura e sperimentazione hanno dialogato in modo sempre pi\u00f9 fluido. Tra le novit\u00e0 pi\u00f9 significative, spiccano i nuovi showroom inaugurati per l\u2019occasione: veri e propri spazi narrativi pensati non solo per [&hellip;]<\/p>\n","protected":false},"author":42,"featured_media":112713,"comment_status":"closed","ping_status":"closed","sticky":false,"template":"","format":"standard","meta":{"_acf_changed":false,"footnotes":""},"categories":[366,418,368],"tags":[],"class_list":{"0":"post-112704","1":"post","2":"type-post","3":"status-publish","4":"format-standard","5":"has-post-thumbnail","7":"category-design","8":"category-design-home","9":"category-featured"},"acf":[],"yoast_head":"<!-- This site is optimized with the Yoast SEO plugin v27.0 - https:\/\/yoast.com\/product\/yoast-seo-wordpress\/ -->\n<title>Milano Design Week 2025: i nuovi showroom da scoprire<\/title>\n<meta name=\"description\" content=\"Diversi sono gli showroom che hanno inaugurato durante l\u2019ultima edizione della Milano Design Week. Eccone alcuni da non perdere.\" \/>\n<meta name=\"robots\" content=\"index, follow, max-snippet:-1, max-image-preview:large, max-video-preview:-1\" \/>\n<link rel=\"canonical\" href=\"https:\/\/www.matrix4design.com\/it\/design\/milano-design-week-2025-i-nuovi-showroom-che-ridefiniscono-lesperienza-dello-spazio\/\" \/>\n<meta property=\"og:locale\" content=\"it_IT\" \/>\n<meta property=\"og:type\" content=\"article\" \/>\n<meta property=\"og:title\" content=\"Milano Design Week 2025: i nuovi showroom da scoprire\" \/>\n<meta property=\"og:description\" content=\"Diversi sono gli showroom che hanno inaugurato durante l\u2019ultima edizione della Milano Design Week. Eccone alcuni da non perdere.\" \/>\n<meta property=\"og:url\" content=\"https:\/\/www.matrix4design.com\/it\/design\/milano-design-week-2025-i-nuovi-showroom-che-ridefiniscono-lesperienza-dello-spazio\/\" \/>\n<meta property=\"og:site_name\" content=\"Matrix4Design\" \/>\n<meta property=\"article:publisher\" content=\"https:\/\/www.facebook.com\/matrix4designmagazine\/\" \/>\n<meta property=\"article:published_time\" content=\"2025-04-23T09:00:12+00:00\" \/>\n<meta property=\"article:modified_time\" content=\"2025-04-24T15:05:25+00:00\" \/>\n<meta property=\"og:image\" content=\"https:\/\/www.matrix4design.com\/wp-content\/uploads\/2025\/04\/7-RAK-Ceramics-Design-Hub-Mian-scaled.jpg\" \/>\n\t<meta property=\"og:image:width\" content=\"2560\" \/>\n\t<meta property=\"og:image:height\" content=\"1707\" \/>\n\t<meta property=\"og:image:type\" content=\"image\/jpeg\" \/>\n<meta name=\"author\" content=\"Arianna De Felice\" \/>\n<meta name=\"twitter:card\" content=\"summary_large_image\" \/>\n<meta name=\"twitter:label1\" content=\"Scritto da\" \/>\n\t<meta name=\"twitter:data1\" content=\"Arianna De Felice\" \/>\n\t<meta name=\"twitter:label2\" content=\"Tempo di lettura stimato\" \/>\n\t<meta name=\"twitter:data2\" content=\"7 minuti\" \/>\n<script type=\"application\/ld+json\" class=\"yoast-schema-graph\">{\"@context\":\"https:\/\/schema.org\",\"@graph\":[{\"@type\":\"Article\",\"@id\":\"https:\/\/www.matrix4design.com\/it\/design\/milano-design-week-2025-i-nuovi-showroom-che-ridefiniscono-lesperienza-dello-spazio\/#article\",\"isPartOf\":{\"@id\":\"https:\/\/www.matrix4design.com\/it\/design\/milano-design-week-2025-i-nuovi-showroom-che-ridefiniscono-lesperienza-dello-spazio\/\"},\"author\":{\"name\":\"Arianna De Felice\",\"@id\":\"https:\/\/www.matrix4design.com\/it\/#\/schema\/person\/5cab3419363cada764945825bbc03378\"},\"headline\":\"Milano Design Week 2025: i nuovi showroom da scoprire\",\"datePublished\":\"2025-04-23T09:00:12+00:00\",\"dateModified\":\"2025-04-24T15:05:25+00:00\",\"mainEntityOfPage\":{\"@id\":\"https:\/\/www.matrix4design.com\/it\/design\/milano-design-week-2025-i-nuovi-showroom-che-ridefiniscono-lesperienza-dello-spazio\/\"},\"wordCount\":923,\"publisher\":{\"@id\":\"https:\/\/www.matrix4design.com\/it\/#organization\"},\"image\":{\"@id\":\"https:\/\/www.matrix4design.com\/it\/design\/milano-design-week-2025-i-nuovi-showroom-che-ridefiniscono-lesperienza-dello-spazio\/#primaryimage\"},\"thumbnailUrl\":\"https:\/\/www.matrix4design.com\/wp-content\/uploads\/2025\/04\/7-RAK-Ceramics-Design-Hub-Mian-scaled.jpg\",\"articleSection\":[\"Design\",\"Design home\",\"Featured\"],\"inLanguage\":\"it-IT\"},{\"@type\":\"WebPage\",\"@id\":\"https:\/\/www.matrix4design.com\/it\/design\/milano-design-week-2025-i-nuovi-showroom-che-ridefiniscono-lesperienza-dello-spazio\/\",\"url\":\"https:\/\/www.matrix4design.com\/it\/design\/milano-design-week-2025-i-nuovi-showroom-che-ridefiniscono-lesperienza-dello-spazio\/\",\"name\":\"Milano Design Week 2025: i nuovi showroom da scoprire\",\"isPartOf\":{\"@id\":\"https:\/\/www.matrix4design.com\/it\/#website\"},\"primaryImageOfPage\":{\"@id\":\"https:\/\/www.matrix4design.com\/it\/design\/milano-design-week-2025-i-nuovi-showroom-che-ridefiniscono-lesperienza-dello-spazio\/#primaryimage\"},\"image\":{\"@id\":\"https:\/\/www.matrix4design.com\/it\/design\/milano-design-week-2025-i-nuovi-showroom-che-ridefiniscono-lesperienza-dello-spazio\/#primaryimage\"},\"thumbnailUrl\":\"https:\/\/www.matrix4design.com\/wp-content\/uploads\/2025\/04\/7-RAK-Ceramics-Design-Hub-Mian-scaled.jpg\",\"datePublished\":\"2025-04-23T09:00:12+00:00\",\"dateModified\":\"2025-04-24T15:05:25+00:00\",\"description\":\"Diversi sono gli showroom che hanno inaugurato durante l\u2019ultima edizione della Milano Design Week. Eccone alcuni da non perdere.\",\"breadcrumb\":{\"@id\":\"https:\/\/www.matrix4design.com\/it\/design\/milano-design-week-2025-i-nuovi-showroom-che-ridefiniscono-lesperienza-dello-spazio\/#breadcrumb\"},\"inLanguage\":\"it-IT\",\"potentialAction\":[{\"@type\":\"ReadAction\",\"target\":[\"https:\/\/www.matrix4design.com\/it\/design\/milano-design-week-2025-i-nuovi-showroom-che-ridefiniscono-lesperienza-dello-spazio\/\"]}]},{\"@type\":\"ImageObject\",\"inLanguage\":\"it-IT\",\"@id\":\"https:\/\/www.matrix4design.com\/it\/design\/milano-design-week-2025-i-nuovi-showroom-che-ridefiniscono-lesperienza-dello-spazio\/#primaryimage\",\"url\":\"https:\/\/www.matrix4design.com\/wp-content\/uploads\/2025\/04\/7-RAK-Ceramics-Design-Hub-Mian-scaled.jpg\",\"contentUrl\":\"https:\/\/www.matrix4design.com\/wp-content\/uploads\/2025\/04\/7-RAK-Ceramics-Design-Hub-Mian-scaled.jpg\",\"width\":2560,\"height\":1707,\"caption\":\"showroom\"},{\"@type\":\"BreadcrumbList\",\"@id\":\"https:\/\/www.matrix4design.com\/it\/design\/milano-design-week-2025-i-nuovi-showroom-che-ridefiniscono-lesperienza-dello-spazio\/#breadcrumb\",\"itemListElement\":[{\"@type\":\"ListItem\",\"position\":1,\"name\":\"Home\",\"item\":\"https:\/\/www.matrix4design.com\/it\/\"},{\"@type\":\"ListItem\",\"position\":2,\"name\":\"Milano Design Week 2025: i nuovi showroom da scoprire\"}]},{\"@type\":\"WebSite\",\"@id\":\"https:\/\/www.matrix4design.com\/it\/#website\",\"url\":\"https:\/\/www.matrix4design.com\/it\/\",\"name\":\"Matrix4Design\",\"description\":\"Digital architecture and design b2b magazine\",\"publisher\":{\"@id\":\"https:\/\/www.matrix4design.com\/it\/#organization\"},\"potentialAction\":[{\"@type\":\"SearchAction\",\"target\":{\"@type\":\"EntryPoint\",\"urlTemplate\":\"https:\/\/www.matrix4design.com\/it\/?s={search_term_string}\"},\"query-input\":{\"@type\":\"PropertyValueSpecification\",\"valueRequired\":true,\"valueName\":\"search_term_string\"}}],\"inLanguage\":\"it-IT\"},{\"@type\":\"Organization\",\"@id\":\"https:\/\/www.matrix4design.com\/it\/#organization\",\"name\":\"Matrix4Design\",\"url\":\"https:\/\/www.matrix4design.com\/it\/\",\"logo\":{\"@type\":\"ImageObject\",\"inLanguage\":\"it-IT\",\"@id\":\"https:\/\/www.matrix4design.com\/it\/#\/schema\/logo\/image\/\",\"url\":\"https:\/\/www.matrix4design.com\/wp-content\/uploads\/2020\/04\/logo_matrix4design.png\",\"contentUrl\":\"https:\/\/www.matrix4design.com\/wp-content\/uploads\/2020\/04\/logo_matrix4design.png\",\"width\":804,\"height\":114,\"caption\":\"Matrix4Design\"},\"image\":{\"@id\":\"https:\/\/www.matrix4design.com\/it\/#\/schema\/logo\/image\/\"},\"sameAs\":[\"https:\/\/www.facebook.com\/matrix4designmagazine\/\",\"https:\/\/www.instagram.com\/matrix4designmagazine\/\",\"https:\/\/www.youtube.com\/channel\/UCtuhSSrP3MOO_URZgv8mQ1A\"]},{\"@type\":\"Person\",\"@id\":\"https:\/\/www.matrix4design.com\/it\/#\/schema\/person\/5cab3419363cada764945825bbc03378\",\"name\":\"Arianna De Felice\",\"image\":{\"@type\":\"ImageObject\",\"inLanguage\":\"it-IT\",\"@id\":\"https:\/\/www.matrix4design.com\/it\/#\/schema\/person\/image\/\",\"url\":\"https:\/\/secure.gravatar.com\/avatar\/a608814fcaebeafcf9459394f148f351d8304473bf763d1b34027ec3d2bc8c58?s=96&d=wp_user_avatar&r=g\",\"contentUrl\":\"https:\/\/secure.gravatar.com\/avatar\/a608814fcaebeafcf9459394f148f351d8304473bf763d1b34027ec3d2bc8c58?s=96&d=wp_user_avatar&r=g\",\"caption\":\"Arianna De Felice\"},\"url\":\"https:\/\/www.matrix4design.com\/it\/author\/arianna-de-felice\/\"}]}<\/script>\n<!-- \/ Yoast SEO plugin. -->","yoast_head_json":{"title":"Milano Design Week 2025: i nuovi showroom da scoprire","description":"Diversi sono gli showroom che hanno inaugurato durante l\u2019ultima edizione della Milano Design Week. Eccone alcuni da non perdere.","robots":{"index":"index","follow":"follow","max-snippet":"max-snippet:-1","max-image-preview":"max-image-preview:large","max-video-preview":"max-video-preview:-1"},"canonical":"https:\/\/www.matrix4design.com\/it\/design\/milano-design-week-2025-i-nuovi-showroom-che-ridefiniscono-lesperienza-dello-spazio\/","og_locale":"it_IT","og_type":"article","og_title":"Milano Design Week 2025: i nuovi showroom da scoprire","og_description":"Diversi sono gli showroom che hanno inaugurato durante l\u2019ultima edizione della Milano Design Week. Eccone alcuni da non perdere.","og_url":"https:\/\/www.matrix4design.com\/it\/design\/milano-design-week-2025-i-nuovi-showroom-che-ridefiniscono-lesperienza-dello-spazio\/","og_site_name":"Matrix4Design","article_publisher":"https:\/\/www.facebook.com\/matrix4designmagazine\/","article_published_time":"2025-04-23T09:00:12+00:00","article_modified_time":"2025-04-24T15:05:25+00:00","og_image":[{"width":2560,"height":1707,"url":"https:\/\/www.matrix4design.com\/wp-content\/uploads\/2025\/04\/7-RAK-Ceramics-Design-Hub-Mian-scaled.jpg","type":"image\/jpeg"}],"author":"Arianna De Felice","twitter_card":"summary_large_image","twitter_misc":{"Scritto da":"Arianna De Felice","Tempo di lettura stimato":"7 minuti"},"schema":{"@context":"https:\/\/schema.org","@graph":[{"@type":"Article","@id":"https:\/\/www.matrix4design.com\/it\/design\/milano-design-week-2025-i-nuovi-showroom-che-ridefiniscono-lesperienza-dello-spazio\/#article","isPartOf":{"@id":"https:\/\/www.matrix4design.com\/it\/design\/milano-design-week-2025-i-nuovi-showroom-che-ridefiniscono-lesperienza-dello-spazio\/"},"author":{"name":"Arianna De Felice","@id":"https:\/\/www.matrix4design.com\/it\/#\/schema\/person\/5cab3419363cada764945825bbc03378"},"headline":"Milano Design Week 2025: i nuovi showroom da scoprire","datePublished":"2025-04-23T09:00:12+00:00","dateModified":"2025-04-24T15:05:25+00:00","mainEntityOfPage":{"@id":"https:\/\/www.matrix4design.com\/it\/design\/milano-design-week-2025-i-nuovi-showroom-che-ridefiniscono-lesperienza-dello-spazio\/"},"wordCount":923,"publisher":{"@id":"https:\/\/www.matrix4design.com\/it\/#organization"},"image":{"@id":"https:\/\/www.matrix4design.com\/it\/design\/milano-design-week-2025-i-nuovi-showroom-che-ridefiniscono-lesperienza-dello-spazio\/#primaryimage"},"thumbnailUrl":"https:\/\/www.matrix4design.com\/wp-content\/uploads\/2025\/04\/7-RAK-Ceramics-Design-Hub-Mian-scaled.jpg","articleSection":["Design","Design home","Featured"],"inLanguage":"it-IT"},{"@type":"WebPage","@id":"https:\/\/www.matrix4design.com\/it\/design\/milano-design-week-2025-i-nuovi-showroom-che-ridefiniscono-lesperienza-dello-spazio\/","url":"https:\/\/www.matrix4design.com\/it\/design\/milano-design-week-2025-i-nuovi-showroom-che-ridefiniscono-lesperienza-dello-spazio\/","name":"Milano Design Week 2025: i nuovi showroom da scoprire","isPartOf":{"@id":"https:\/\/www.matrix4design.com\/it\/#website"},"primaryImageOfPage":{"@id":"https:\/\/www.matrix4design.com\/it\/design\/milano-design-week-2025-i-nuovi-showroom-che-ridefiniscono-lesperienza-dello-spazio\/#primaryimage"},"image":{"@id":"https:\/\/www.matrix4design.com\/it\/design\/milano-design-week-2025-i-nuovi-showroom-che-ridefiniscono-lesperienza-dello-spazio\/#primaryimage"},"thumbnailUrl":"https:\/\/www.matrix4design.com\/wp-content\/uploads\/2025\/04\/7-RAK-Ceramics-Design-Hub-Mian-scaled.jpg","datePublished":"2025-04-23T09:00:12+00:00","dateModified":"2025-04-24T15:05:25+00:00","description":"Diversi sono gli showroom che hanno inaugurato durante l\u2019ultima edizione della Milano Design Week. Eccone alcuni da non perdere.","breadcrumb":{"@id":"https:\/\/www.matrix4design.com\/it\/design\/milano-design-week-2025-i-nuovi-showroom-che-ridefiniscono-lesperienza-dello-spazio\/#breadcrumb"},"inLanguage":"it-IT","potentialAction":[{"@type":"ReadAction","target":["https:\/\/www.matrix4design.com\/it\/design\/milano-design-week-2025-i-nuovi-showroom-che-ridefiniscono-lesperienza-dello-spazio\/"]}]},{"@type":"ImageObject","inLanguage":"it-IT","@id":"https:\/\/www.matrix4design.com\/it\/design\/milano-design-week-2025-i-nuovi-showroom-che-ridefiniscono-lesperienza-dello-spazio\/#primaryimage","url":"https:\/\/www.matrix4design.com\/wp-content\/uploads\/2025\/04\/7-RAK-Ceramics-Design-Hub-Mian-scaled.jpg","contentUrl":"https:\/\/www.matrix4design.com\/wp-content\/uploads\/2025\/04\/7-RAK-Ceramics-Design-Hub-Mian-scaled.jpg","width":2560,"height":1707,"caption":"showroom"},{"@type":"BreadcrumbList","@id":"https:\/\/www.matrix4design.com\/it\/design\/milano-design-week-2025-i-nuovi-showroom-che-ridefiniscono-lesperienza-dello-spazio\/#breadcrumb","itemListElement":[{"@type":"ListItem","position":1,"name":"Home","item":"https:\/\/www.matrix4design.com\/it\/"},{"@type":"ListItem","position":2,"name":"Milano Design Week 2025: i nuovi showroom da scoprire"}]},{"@type":"WebSite","@id":"https:\/\/www.matrix4design.com\/it\/#website","url":"https:\/\/www.matrix4design.com\/it\/","name":"Matrix4Design","description":"Digital architecture and design b2b magazine","publisher":{"@id":"https:\/\/www.matrix4design.com\/it\/#organization"},"potentialAction":[{"@type":"SearchAction","target":{"@type":"EntryPoint","urlTemplate":"https:\/\/www.matrix4design.com\/it\/?s={search_term_string}"},"query-input":{"@type":"PropertyValueSpecification","valueRequired":true,"valueName":"search_term_string"}}],"inLanguage":"it-IT"},{"@type":"Organization","@id":"https:\/\/www.matrix4design.com\/it\/#organization","name":"Matrix4Design","url":"https:\/\/www.matrix4design.com\/it\/","logo":{"@type":"ImageObject","inLanguage":"it-IT","@id":"https:\/\/www.matrix4design.com\/it\/#\/schema\/logo\/image\/","url":"https:\/\/www.matrix4design.com\/wp-content\/uploads\/2020\/04\/logo_matrix4design.png","contentUrl":"https:\/\/www.matrix4design.com\/wp-content\/uploads\/2020\/04\/logo_matrix4design.png","width":804,"height":114,"caption":"Matrix4Design"},"image":{"@id":"https:\/\/www.matrix4design.com\/it\/#\/schema\/logo\/image\/"},"sameAs":["https:\/\/www.facebook.com\/matrix4designmagazine\/","https:\/\/www.instagram.com\/matrix4designmagazine\/","https:\/\/www.youtube.com\/channel\/UCtuhSSrP3MOO_URZgv8mQ1A"]},{"@type":"Person","@id":"https:\/\/www.matrix4design.com\/it\/#\/schema\/person\/5cab3419363cada764945825bbc03378","name":"Arianna De Felice","image":{"@type":"ImageObject","inLanguage":"it-IT","@id":"https:\/\/www.matrix4design.com\/it\/#\/schema\/person\/image\/","url":"https:\/\/secure.gravatar.com\/avatar\/a608814fcaebeafcf9459394f148f351d8304473bf763d1b34027ec3d2bc8c58?s=96&d=wp_user_avatar&r=g","contentUrl":"https:\/\/secure.gravatar.com\/avatar\/a608814fcaebeafcf9459394f148f351d8304473bf763d1b34027ec3d2bc8c58?s=96&d=wp_user_avatar&r=g","caption":"Arianna De Felice"},"url":"https:\/\/www.matrix4design.com\/it\/author\/arianna-de-felice\/"}]}},"_links":{"self":[{"href":"https:\/\/www.matrix4design.com\/it\/wp-json\/wp\/v2\/posts\/112704","targetHints":{"allow":["GET"]}}],"collection":[{"href":"https:\/\/www.matrix4design.com\/it\/wp-json\/wp\/v2\/posts"}],"about":[{"href":"https:\/\/www.matrix4design.com\/it\/wp-json\/wp\/v2\/types\/post"}],"author":[{"embeddable":true,"href":"https:\/\/www.matrix4design.com\/it\/wp-json\/wp\/v2\/users\/42"}],"replies":[{"embeddable":true,"href":"https:\/\/www.matrix4design.com\/it\/wp-json\/wp\/v2\/comments?post=112704"}],"version-history":[{"count":7,"href":"https:\/\/www.matrix4design.com\/it\/wp-json\/wp\/v2\/posts\/112704\/revisions"}],"predecessor-version":[{"id":112872,"href":"https:\/\/www.matrix4design.com\/it\/wp-json\/wp\/v2\/posts\/112704\/revisions\/112872"}],"wp:featuredmedia":[{"embeddable":true,"href":"https:\/\/www.matrix4design.com\/it\/wp-json\/wp\/v2\/media\/112713"}],"wp:attachment":[{"href":"https:\/\/www.matrix4design.com\/it\/wp-json\/wp\/v2\/media?parent=112704"}],"wp:term":[{"taxonomy":"category","embeddable":true,"href":"https:\/\/www.matrix4design.com\/it\/wp-json\/wp\/v2\/categories?post=112704"},{"taxonomy":"post_tag","embeddable":true,"href":"https:\/\/www.matrix4design.com\/it\/wp-json\/wp\/v2\/tags?post=112704"}],"curies":[{"name":"wp","href":"https:\/\/api.w.org\/{rel}","templated":true}]}}