{"id":113272,"date":"2025-05-22T11:00:33","date_gmt":"2025-05-22T09:00:33","guid":{"rendered":"https:\/\/www.matrix4design.com\/?p=113272"},"modified":"2025-11-18T16:31:40","modified_gmt":"2025-11-18T15:31:40","slug":"new-decor-la-decorazione-riconquista-linterior-il-nuovo-talk-di-matrix4design-con-albed-e-vudafieri-saverino-partners","status":"publish","type":"post","link":"https:\/\/www.matrix4design.com\/it\/design\/new-decor-la-decorazione-riconquista-linterior-il-nuovo-talk-di-matrix4design-con-albed-e-vudafieri-saverino-partners\/","title":{"rendered":"New D\u00e9cor, la decorazione (ri)conquista l\u2019interior: il nuovo talk di Matrix4Design con Albed e Vudafieri Saverino Partners"},"content":{"rendered":"<p>&nbsp;<\/p>\n<p>Riconoscibilit\u00e0, caratterizzazione, personalizzazione: il progetto contemporaneo ha sempre pi\u00f9 a che fare con questi concetti, che si esprimono attraverso materiali, texture e pattern destinati a tornare protagonisti mentre tramonta l\u2019epoca del minimalismo.<\/p>\n<figure id=\"attachment_113275\" aria-describedby=\"caption-attachment-113275\" style=\"width: 1280px\" class=\"wp-caption aligncenter\"><img loading=\"lazy\" decoding=\"async\" class=\"size-full wp-image-113275\" src=\"https:\/\/www.matrix4design.com\/wp-content\/uploads\/2025\/05\/Albed_Suit-02.jpg\" alt=\"\" width=\"1280\" height=\"1600\" srcset=\"https:\/\/www.matrix4design.com\/wp-content\/uploads\/2025\/05\/Albed_Suit-02.jpg 1280w, https:\/\/www.matrix4design.com\/wp-content\/uploads\/2025\/05\/Albed_Suit-02-240x300.jpg 240w, https:\/\/www.matrix4design.com\/wp-content\/uploads\/2025\/05\/Albed_Suit-02-819x1024.jpg 819w, https:\/\/www.matrix4design.com\/wp-content\/uploads\/2025\/05\/Albed_Suit-02-768x960.jpg 768w, https:\/\/www.matrix4design.com\/wp-content\/uploads\/2025\/05\/Albed_Suit-02-1229x1536.jpg 1229w, https:\/\/www.matrix4design.com\/wp-content\/uploads\/2025\/05\/Albed_Suit-02-150x188.jpg 150w, https:\/\/www.matrix4design.com\/wp-content\/uploads\/2025\/05\/Albed_Suit-02-300x375.jpg 300w, https:\/\/www.matrix4design.com\/wp-content\/uploads\/2025\/05\/Albed_Suit-02-696x870.jpg 696w, https:\/\/www.matrix4design.com\/wp-content\/uploads\/2025\/05\/Albed_Suit-02-1068x1335.jpg 1068w\" sizes=\"auto, (max-width: 1280px) 100vw, 1280px\" \/><figcaption id=\"caption-attachment-113275\" class=\"wp-caption-text\">Suit &#8211; Albed<\/figcaption><\/figure>\n<p>Il punto di riferimento sono gli Anni Sessanta e gli Anni Ottanta, quando la decorazione e il colore diventano l\u2019innesco per creare spazi e oggetti i cui codici si fondano su forme geometriche, trame capaci di mettere in relazione ornamento e struttura superando definitivamente il rapporto dialettico tra forma e funzione.<\/p>\n<figure id=\"attachment_113276\" aria-describedby=\"caption-attachment-113276\" style=\"width: 1131px\" class=\"wp-caption aligncenter\"><img loading=\"lazy\" decoding=\"async\" class=\"size-full wp-image-113276\" src=\"https:\/\/www.matrix4design.com\/wp-content\/uploads\/2025\/05\/Albed_Celine-05.jpg\" alt=\"\" width=\"1131\" height=\"1600\" srcset=\"https:\/\/www.matrix4design.com\/wp-content\/uploads\/2025\/05\/Albed_Celine-05.jpg 1131w, https:\/\/www.matrix4design.com\/wp-content\/uploads\/2025\/05\/Albed_Celine-05-212x300.jpg 212w, https:\/\/www.matrix4design.com\/wp-content\/uploads\/2025\/05\/Albed_Celine-05-724x1024.jpg 724w, https:\/\/www.matrix4design.com\/wp-content\/uploads\/2025\/05\/Albed_Celine-05-768x1086.jpg 768w, https:\/\/www.matrix4design.com\/wp-content\/uploads\/2025\/05\/Albed_Celine-05-1086x1536.jpg 1086w, https:\/\/www.matrix4design.com\/wp-content\/uploads\/2025\/05\/Albed_Celine-05-150x212.jpg 150w, https:\/\/www.matrix4design.com\/wp-content\/uploads\/2025\/05\/Albed_Celine-05-300x424.jpg 300w, https:\/\/www.matrix4design.com\/wp-content\/uploads\/2025\/05\/Albed_Celine-05-696x985.jpg 696w, https:\/\/www.matrix4design.com\/wp-content\/uploads\/2025\/05\/Albed_Celine-05-1068x1511.jpg 1068w\" sizes=\"auto, (max-width: 1131px) 100vw, 1131px\" \/><figcaption id=\"caption-attachment-113276\" class=\"wp-caption-text\">Celine &#8211; Albed<\/figcaption><\/figure>\n<p>New D\u00e9cor significa questo: l\u2019affermarsi di una nuova sensibilit\u00e0 estetica ed emozionale in grado di generare un design autenticamente narrativo, in cui gli elementi che compongono la decorazione trovano una propria autonomia di espressione, spesso citazionista e ricca di riferimenti simbolici.<\/p>\n<figure id=\"attachment_113277\" aria-describedby=\"caption-attachment-113277\" style=\"width: 1133px\" class=\"wp-caption aligncenter\"><img loading=\"lazy\" decoding=\"async\" class=\"size-full wp-image-113277\" src=\"https:\/\/www.matrix4design.com\/wp-content\/uploads\/2025\/05\/Albed_Entre-Deux-01.jpg\" alt=\"\" width=\"1133\" height=\"1600\" srcset=\"https:\/\/www.matrix4design.com\/wp-content\/uploads\/2025\/05\/Albed_Entre-Deux-01.jpg 1133w, https:\/\/www.matrix4design.com\/wp-content\/uploads\/2025\/05\/Albed_Entre-Deux-01-212x300.jpg 212w, https:\/\/www.matrix4design.com\/wp-content\/uploads\/2025\/05\/Albed_Entre-Deux-01-725x1024.jpg 725w, https:\/\/www.matrix4design.com\/wp-content\/uploads\/2025\/05\/Albed_Entre-Deux-01-768x1085.jpg 768w, https:\/\/www.matrix4design.com\/wp-content\/uploads\/2025\/05\/Albed_Entre-Deux-01-1088x1536.jpg 1088w, https:\/\/www.matrix4design.com\/wp-content\/uploads\/2025\/05\/Albed_Entre-Deux-01-150x212.jpg 150w, https:\/\/www.matrix4design.com\/wp-content\/uploads\/2025\/05\/Albed_Entre-Deux-01-300x424.jpg 300w, https:\/\/www.matrix4design.com\/wp-content\/uploads\/2025\/05\/Albed_Entre-Deux-01-696x983.jpg 696w, https:\/\/www.matrix4design.com\/wp-content\/uploads\/2025\/05\/Albed_Entre-Deux-01-1068x1508.jpg 1068w\" sizes=\"auto, (max-width: 1133px) 100vw, 1133px\" \/><figcaption id=\"caption-attachment-113277\" class=\"wp-caption-text\">Entre-Deux &#8211; Albed<\/figcaption><\/figure>\n<p><strong>New D\u00e9cor<\/strong> \u00e8 anche il titolo del nuovo talk online di Matrix4Design, in occasione del quale il dibattito sull\u2019ornamento apre la rassegna <strong><em>4TALK4MATRIX. I nuovi trend dell\u2019interior design<\/em><\/strong>, un ciclo di quattro dialoghi in cui l\u2019architetto e giornalista Alessandra Coppa affronta quattro temi centrali nella discussione sul design contemporaneo \u2013 New D\u00e9cor, Light, Green Tech, Wellbeing \u2013 in quattro conversazioni con aziende e architetti.<\/p>\n<p><a href=\"https:\/\/www.matrix4design.com\/it\/landing\/4talk4matrix-new-decor\/\"><img loading=\"lazy\" decoding=\"async\" class=\"aligncenter wp-image-113278 size-full\" src=\"https:\/\/www.matrix4design.com\/wp-content\/uploads\/2025\/05\/locandina_def.jpg\" alt=\"\" width=\"1600\" height=\"1600\" srcset=\"https:\/\/www.matrix4design.com\/wp-content\/uploads\/2025\/05\/locandina_def.jpg 1600w, https:\/\/www.matrix4design.com\/wp-content\/uploads\/2025\/05\/locandina_def-300x300.jpg 300w, https:\/\/www.matrix4design.com\/wp-content\/uploads\/2025\/05\/locandina_def-1024x1024.jpg 1024w, https:\/\/www.matrix4design.com\/wp-content\/uploads\/2025\/05\/locandina_def-150x150.jpg 150w, https:\/\/www.matrix4design.com\/wp-content\/uploads\/2025\/05\/locandina_def-768x768.jpg 768w, https:\/\/www.matrix4design.com\/wp-content\/uploads\/2025\/05\/locandina_def-1536x1536.jpg 1536w, https:\/\/www.matrix4design.com\/wp-content\/uploads\/2025\/05\/locandina_def-696x696.jpg 696w, https:\/\/www.matrix4design.com\/wp-content\/uploads\/2025\/05\/locandina_def-1068x1068.jpg 1068w, https:\/\/www.matrix4design.com\/wp-content\/uploads\/2025\/05\/locandina_def-328x328.jpg 328w\" sizes=\"auto, (max-width: 1600px) 100vw, 1600px\" \/><\/a><\/p>\n<p>L\u2019appuntamento dedicato al New D\u00e9cor andr\u00e0 in onda <strong>gioved\u00ec 29 maggio<\/strong> alle <strong>ore 18<\/strong> e vedr\u00e0 il CEO di Albed <strong>Andrea Delmonte <\/strong>e l\u2019architetto <strong>Claudio Saverino<\/strong>, Co-founder dello studio <strong><a href=\"https:\/\/www.vudafierisaverino.it\/\" target=\"_blank\" rel=\"noopener\">Vudafieri Saverino Partners<\/a><\/strong>, protagonisti di un confronto sul tema all\u2019interno dello showroom Albed di Milano, uno spazio esclusivo concepito per presentare al pubblico i valori, l\u2019expertise e i prodotti dell\u2019azienda italiana, che dal 1964 realizza porte, pareti scorrevoli, divisori e complementi per interni con un approccio custom-made a partire dalla lavorazione dell\u2019alluminio e del vetro.<\/p>\n<figure id=\"attachment_113274\" aria-describedby=\"caption-attachment-113274\" style=\"width: 1600px\" class=\"wp-caption aligncenter\"><img loading=\"lazy\" decoding=\"async\" class=\"size-full wp-image-113274\" src=\"https:\/\/www.matrix4design.com\/wp-content\/uploads\/2025\/05\/Primo-Piano.jpg\" alt=\"\" width=\"1600\" height=\"1067\" srcset=\"https:\/\/www.matrix4design.com\/wp-content\/uploads\/2025\/05\/Primo-Piano.jpg 1600w, https:\/\/www.matrix4design.com\/wp-content\/uploads\/2025\/05\/Primo-Piano-300x200.jpg 300w, https:\/\/www.matrix4design.com\/wp-content\/uploads\/2025\/05\/Primo-Piano-1024x683.jpg 1024w, https:\/\/www.matrix4design.com\/wp-content\/uploads\/2025\/05\/Primo-Piano-768x512.jpg 768w, https:\/\/www.matrix4design.com\/wp-content\/uploads\/2025\/05\/Primo-Piano-1536x1024.jpg 1536w, https:\/\/www.matrix4design.com\/wp-content\/uploads\/2025\/05\/Primo-Piano-150x100.jpg 150w, https:\/\/www.matrix4design.com\/wp-content\/uploads\/2025\/05\/Primo-Piano-696x464.jpg 696w, https:\/\/www.matrix4design.com\/wp-content\/uploads\/2025\/05\/Primo-Piano-1068x712.jpg 1068w\" sizes=\"auto, (max-width: 1600px) 100vw, 1600px\" \/><figcaption id=\"caption-attachment-113274\" class=\"wp-caption-text\">Gli spazi dello showroom Albed a Milano.<\/figcaption><\/figure>\n<p>Il talk \u00e8 realizzato con il sostegno di <a href=\"https:\/\/www.albed.it\/\" target=\"_blank\" rel=\"noopener\"><strong>Albed<\/strong><\/a> in collaborazione con l\u2019<a href=\"https:\/\/www.ordinearchitetti.mb.it\/\" target=\"_blank\" rel=\"noopener\"><strong>Ordine Architetti PPC Monza <\/strong><\/a>che assegner\u00e0 4 CFP agli architetti partecipanti a tutti e quattro gli appuntamenti della rassegna <strong>4TALK4MATRIX<\/strong>. Per seguire la diretta occorre registrarsi gratuitamente a <a href=\"https:\/\/www.matrix4design.com\/it\/landing\/4talk4matrix-new-decor\/\" target=\"_blank\" rel=\"noopener\"><strong>questo link<\/strong><\/a>. Non mancate!<\/p>\n","protected":false},"excerpt":{"rendered":"<p>&nbsp; Riconoscibilit\u00e0, caratterizzazione, personalizzazione: il progetto contemporaneo ha sempre pi\u00f9 a che fare con questi concetti, che si esprimono attraverso materiali, texture e pattern destinati a tornare protagonisti mentre tramonta l\u2019epoca del minimalismo. Il punto di riferimento sono gli Anni Sessanta e gli Anni Ottanta, quando la decorazione e il colore diventano l\u2019innesco per creare [&hellip;]<\/p>\n","protected":false},"author":6,"featured_media":113273,"comment_status":"closed","ping_status":"closed","sticky":false,"template":"","format":"standard","meta":{"_acf_changed":false,"footnotes":""},"categories":[366,418,379],"tags":[],"class_list":{"0":"post-113272","1":"post","2":"type-post","3":"status-publish","4":"format-standard","5":"has-post-thumbnail","7":"category-design","8":"category-design-home","9":"category-focus-home"},"acf":[],"yoast_head":"<!-- This site is optimized with the Yoast SEO plugin v27.0 - https:\/\/yoast.com\/product\/yoast-seo-wordpress\/ -->\n<title>New D\u00e9cor, la decorazione (ri)conquista l\u2019interior: il nuovo talk di Matrix4Design con Albed e Vudafieri Saverino Partners<\/title>\n<meta name=\"description\" content=\"Gioved\u00ec 29 maggio alle ore 18 va in onda il primo talk della rassegna \u201c4TALK4MATRIX. I nuovi trend dell\u2019interior design\u201d dedicato al New D\u00e9cor. A discutere del tema saranno il CEO di Albed Andrea Delmonte e l\u2019architetto Claudio Saverino di Vudafieri Saverino Partners. Ecco tutte le informazioni per partecipare. Evento in collaborazione con l\u2019Ordine Architetti PPC Monza.\" \/>\n<meta name=\"robots\" content=\"index, follow, max-snippet:-1, max-image-preview:large, max-video-preview:-1\" \/>\n<link rel=\"canonical\" href=\"https:\/\/www.matrix4design.com\/it\/design\/new-decor-la-decorazione-riconquista-linterior-il-nuovo-talk-di-matrix4design-con-albed-e-vudafieri-saverino-partners\/\" \/>\n<meta property=\"og:locale\" content=\"it_IT\" \/>\n<meta property=\"og:type\" content=\"article\" \/>\n<meta property=\"og:title\" content=\"New D\u00e9cor, la decorazione (ri)conquista l\u2019interior: il nuovo talk di Matrix4Design con Albed e Vudafieri Saverino Partners\" \/>\n<meta property=\"og:description\" content=\"Gioved\u00ec 29 maggio alle ore 18 va in onda il primo talk della rassegna \u201c4TALK4MATRIX. I nuovi trend dell\u2019interior design\u201d dedicato al New D\u00e9cor. A discutere del tema saranno il CEO di Albed Andrea Delmonte e l\u2019architetto Claudio Saverino di Vudafieri Saverino Partners. Ecco tutte le informazioni per partecipare. Evento in collaborazione con l\u2019Ordine Architetti PPC Monza.\" \/>\n<meta property=\"og:url\" content=\"https:\/\/www.matrix4design.com\/it\/design\/new-decor-la-decorazione-riconquista-linterior-il-nuovo-talk-di-matrix4design-con-albed-e-vudafieri-saverino-partners\/\" \/>\n<meta property=\"og:site_name\" content=\"Matrix4Design\" \/>\n<meta property=\"article:publisher\" content=\"https:\/\/www.facebook.com\/matrix4designmagazine\/\" \/>\n<meta property=\"article:published_time\" content=\"2025-05-22T09:00:33+00:00\" \/>\n<meta property=\"article:modified_time\" content=\"2025-11-18T15:31:40+00:00\" \/>\n<meta property=\"og:image\" content=\"https:\/\/www.matrix4design.com\/wp-content\/uploads\/2025\/05\/Celine-scorrevole-2.jpg\" \/>\n\t<meta property=\"og:image:width\" content=\"1600\" \/>\n\t<meta property=\"og:image:height\" content=\"1067\" \/>\n\t<meta property=\"og:image:type\" content=\"image\/jpeg\" \/>\n<meta name=\"author\" content=\"Redazione\" \/>\n<meta name=\"twitter:card\" content=\"summary_large_image\" \/>\n<meta name=\"twitter:label1\" content=\"Scritto da\" \/>\n\t<meta name=\"twitter:data1\" content=\"Redazione\" \/>\n\t<meta name=\"twitter:label2\" content=\"Tempo di lettura stimato\" \/>\n\t<meta name=\"twitter:data2\" content=\"4 minuti\" \/>\n<script type=\"application\/ld+json\" class=\"yoast-schema-graph\">{\"@context\":\"https:\/\/schema.org\",\"@graph\":[{\"@type\":\"Article\",\"@id\":\"https:\/\/www.matrix4design.com\/it\/design\/new-decor-la-decorazione-riconquista-linterior-il-nuovo-talk-di-matrix4design-con-albed-e-vudafieri-saverino-partners\/#article\",\"isPartOf\":{\"@id\":\"https:\/\/www.matrix4design.com\/it\/design\/new-decor-la-decorazione-riconquista-linterior-il-nuovo-talk-di-matrix4design-con-albed-e-vudafieri-saverino-partners\/\"},\"author\":{\"name\":\"Redazione\",\"@id\":\"https:\/\/www.matrix4design.com\/it\/#\/schema\/person\/b2b6dd48f9d6892ca224742379951fa1\"},\"headline\":\"New D\u00e9cor, la decorazione (ri)conquista l\u2019interior: il nuovo talk di Matrix4Design con Albed e Vudafieri Saverino Partners\",\"datePublished\":\"2025-05-22T09:00:33+00:00\",\"dateModified\":\"2025-11-18T15:31:40+00:00\",\"mainEntityOfPage\":{\"@id\":\"https:\/\/www.matrix4design.com\/it\/design\/new-decor-la-decorazione-riconquista-linterior-il-nuovo-talk-di-matrix4design-con-albed-e-vudafieri-saverino-partners\/\"},\"wordCount\":394,\"publisher\":{\"@id\":\"https:\/\/www.matrix4design.com\/it\/#organization\"},\"image\":{\"@id\":\"https:\/\/www.matrix4design.com\/it\/design\/new-decor-la-decorazione-riconquista-linterior-il-nuovo-talk-di-matrix4design-con-albed-e-vudafieri-saverino-partners\/#primaryimage\"},\"thumbnailUrl\":\"https:\/\/www.matrix4design.com\/wp-content\/uploads\/2025\/05\/Celine-scorrevole-2.jpg\",\"articleSection\":[\"Design\",\"Design home\",\"Focus home\"],\"inLanguage\":\"it-IT\"},{\"@type\":\"WebPage\",\"@id\":\"https:\/\/www.matrix4design.com\/it\/design\/new-decor-la-decorazione-riconquista-linterior-il-nuovo-talk-di-matrix4design-con-albed-e-vudafieri-saverino-partners\/\",\"url\":\"https:\/\/www.matrix4design.com\/it\/design\/new-decor-la-decorazione-riconquista-linterior-il-nuovo-talk-di-matrix4design-con-albed-e-vudafieri-saverino-partners\/\",\"name\":\"New D\u00e9cor, la decorazione (ri)conquista l\u2019interior: il nuovo talk di Matrix4Design con Albed e Vudafieri Saverino Partners\",\"isPartOf\":{\"@id\":\"https:\/\/www.matrix4design.com\/it\/#website\"},\"primaryImageOfPage\":{\"@id\":\"https:\/\/www.matrix4design.com\/it\/design\/new-decor-la-decorazione-riconquista-linterior-il-nuovo-talk-di-matrix4design-con-albed-e-vudafieri-saverino-partners\/#primaryimage\"},\"image\":{\"@id\":\"https:\/\/www.matrix4design.com\/it\/design\/new-decor-la-decorazione-riconquista-linterior-il-nuovo-talk-di-matrix4design-con-albed-e-vudafieri-saverino-partners\/#primaryimage\"},\"thumbnailUrl\":\"https:\/\/www.matrix4design.com\/wp-content\/uploads\/2025\/05\/Celine-scorrevole-2.jpg\",\"datePublished\":\"2025-05-22T09:00:33+00:00\",\"dateModified\":\"2025-11-18T15:31:40+00:00\",\"description\":\"Gioved\u00ec 29 maggio alle ore 18 va in onda il primo talk della rassegna \u201c4TALK4MATRIX. I nuovi trend dell\u2019interior design\u201d dedicato al New D\u00e9cor. A discutere del tema saranno il CEO di Albed Andrea Delmonte e l\u2019architetto Claudio Saverino di Vudafieri Saverino Partners. Ecco tutte le informazioni per partecipare. Evento in collaborazione con l\u2019Ordine Architetti PPC Monza.\",\"breadcrumb\":{\"@id\":\"https:\/\/www.matrix4design.com\/it\/design\/new-decor-la-decorazione-riconquista-linterior-il-nuovo-talk-di-matrix4design-con-albed-e-vudafieri-saverino-partners\/#breadcrumb\"},\"inLanguage\":\"it-IT\",\"potentialAction\":[{\"@type\":\"ReadAction\",\"target\":[\"https:\/\/www.matrix4design.com\/it\/design\/new-decor-la-decorazione-riconquista-linterior-il-nuovo-talk-di-matrix4design-con-albed-e-vudafieri-saverino-partners\/\"]}]},{\"@type\":\"ImageObject\",\"inLanguage\":\"it-IT\",\"@id\":\"https:\/\/www.matrix4design.com\/it\/design\/new-decor-la-decorazione-riconquista-linterior-il-nuovo-talk-di-matrix4design-con-albed-e-vudafieri-saverino-partners\/#primaryimage\",\"url\":\"https:\/\/www.matrix4design.com\/wp-content\/uploads\/2025\/05\/Celine-scorrevole-2.jpg\",\"contentUrl\":\"https:\/\/www.matrix4design.com\/wp-content\/uploads\/2025\/05\/Celine-scorrevole-2.jpg\",\"width\":1600,\"height\":1067},{\"@type\":\"BreadcrumbList\",\"@id\":\"https:\/\/www.matrix4design.com\/it\/design\/new-decor-la-decorazione-riconquista-linterior-il-nuovo-talk-di-matrix4design-con-albed-e-vudafieri-saverino-partners\/#breadcrumb\",\"itemListElement\":[{\"@type\":\"ListItem\",\"position\":1,\"name\":\"Home\",\"item\":\"https:\/\/www.matrix4design.com\/it\/\"},{\"@type\":\"ListItem\",\"position\":2,\"name\":\"New D\u00e9cor, la decorazione (ri)conquista l\u2019interior: il nuovo talk di Matrix4Design con Albed e Vudafieri Saverino Partners\"}]},{\"@type\":\"WebSite\",\"@id\":\"https:\/\/www.matrix4design.com\/it\/#website\",\"url\":\"https:\/\/www.matrix4design.com\/it\/\",\"name\":\"Matrix4Design\",\"description\":\"Digital architecture and design b2b magazine\",\"publisher\":{\"@id\":\"https:\/\/www.matrix4design.com\/it\/#organization\"},\"potentialAction\":[{\"@type\":\"SearchAction\",\"target\":{\"@type\":\"EntryPoint\",\"urlTemplate\":\"https:\/\/www.matrix4design.com\/it\/?s={search_term_string}\"},\"query-input\":{\"@type\":\"PropertyValueSpecification\",\"valueRequired\":true,\"valueName\":\"search_term_string\"}}],\"inLanguage\":\"it-IT\"},{\"@type\":\"Organization\",\"@id\":\"https:\/\/www.matrix4design.com\/it\/#organization\",\"name\":\"Matrix4Design\",\"url\":\"https:\/\/www.matrix4design.com\/it\/\",\"logo\":{\"@type\":\"ImageObject\",\"inLanguage\":\"it-IT\",\"@id\":\"https:\/\/www.matrix4design.com\/it\/#\/schema\/logo\/image\/\",\"url\":\"https:\/\/www.matrix4design.com\/wp-content\/uploads\/2020\/04\/logo_matrix4design.png\",\"contentUrl\":\"https:\/\/www.matrix4design.com\/wp-content\/uploads\/2020\/04\/logo_matrix4design.png\",\"width\":804,\"height\":114,\"caption\":\"Matrix4Design\"},\"image\":{\"@id\":\"https:\/\/www.matrix4design.com\/it\/#\/schema\/logo\/image\/\"},\"sameAs\":[\"https:\/\/www.facebook.com\/matrix4designmagazine\/\",\"https:\/\/www.instagram.com\/matrix4designmagazine\/\",\"https:\/\/www.youtube.com\/channel\/UCtuhSSrP3MOO_URZgv8mQ1A\"]},{\"@type\":\"Person\",\"@id\":\"https:\/\/www.matrix4design.com\/it\/#\/schema\/person\/b2b6dd48f9d6892ca224742379951fa1\",\"name\":\"Redazione\",\"image\":{\"@type\":\"ImageObject\",\"inLanguage\":\"it-IT\",\"@id\":\"https:\/\/www.matrix4design.com\/it\/#\/schema\/person\/image\/\",\"url\":\"https:\/\/www.matrix4design.com\/wp-content\/uploads\/2023\/01\/logo_M4D_2023-96x96.jpg\",\"contentUrl\":\"https:\/\/www.matrix4design.com\/wp-content\/uploads\/2023\/01\/logo_M4D_2023-96x96.jpg\",\"caption\":\"Redazione\"},\"url\":\"https:\/\/www.matrix4design.com\/it\/author\/redazione\/\"}]}<\/script>\n<!-- \/ Yoast SEO plugin. -->","yoast_head_json":{"title":"New D\u00e9cor, la decorazione (ri)conquista l\u2019interior: il nuovo talk di Matrix4Design con Albed e Vudafieri Saverino Partners","description":"Gioved\u00ec 29 maggio alle ore 18 va in onda il primo talk della rassegna \u201c4TALK4MATRIX. I nuovi trend dell\u2019interior design\u201d dedicato al New D\u00e9cor. A discutere del tema saranno il CEO di Albed Andrea Delmonte e l\u2019architetto Claudio Saverino di Vudafieri Saverino Partners. Ecco tutte le informazioni per partecipare. Evento in collaborazione con l\u2019Ordine Architetti PPC Monza.","robots":{"index":"index","follow":"follow","max-snippet":"max-snippet:-1","max-image-preview":"max-image-preview:large","max-video-preview":"max-video-preview:-1"},"canonical":"https:\/\/www.matrix4design.com\/it\/design\/new-decor-la-decorazione-riconquista-linterior-il-nuovo-talk-di-matrix4design-con-albed-e-vudafieri-saverino-partners\/","og_locale":"it_IT","og_type":"article","og_title":"New D\u00e9cor, la decorazione (ri)conquista l\u2019interior: il nuovo talk di Matrix4Design con Albed e Vudafieri Saverino Partners","og_description":"Gioved\u00ec 29 maggio alle ore 18 va in onda il primo talk della rassegna \u201c4TALK4MATRIX. I nuovi trend dell\u2019interior design\u201d dedicato al New D\u00e9cor. A discutere del tema saranno il CEO di Albed Andrea Delmonte e l\u2019architetto Claudio Saverino di Vudafieri Saverino Partners. Ecco tutte le informazioni per partecipare. Evento in collaborazione con l\u2019Ordine Architetti PPC Monza.","og_url":"https:\/\/www.matrix4design.com\/it\/design\/new-decor-la-decorazione-riconquista-linterior-il-nuovo-talk-di-matrix4design-con-albed-e-vudafieri-saverino-partners\/","og_site_name":"Matrix4Design","article_publisher":"https:\/\/www.facebook.com\/matrix4designmagazine\/","article_published_time":"2025-05-22T09:00:33+00:00","article_modified_time":"2025-11-18T15:31:40+00:00","og_image":[{"width":1600,"height":1067,"url":"https:\/\/www.matrix4design.com\/wp-content\/uploads\/2025\/05\/Celine-scorrevole-2.jpg","type":"image\/jpeg"}],"author":"Redazione","twitter_card":"summary_large_image","twitter_misc":{"Scritto da":"Redazione","Tempo di lettura stimato":"4 minuti"},"schema":{"@context":"https:\/\/schema.org","@graph":[{"@type":"Article","@id":"https:\/\/www.matrix4design.com\/it\/design\/new-decor-la-decorazione-riconquista-linterior-il-nuovo-talk-di-matrix4design-con-albed-e-vudafieri-saverino-partners\/#article","isPartOf":{"@id":"https:\/\/www.matrix4design.com\/it\/design\/new-decor-la-decorazione-riconquista-linterior-il-nuovo-talk-di-matrix4design-con-albed-e-vudafieri-saverino-partners\/"},"author":{"name":"Redazione","@id":"https:\/\/www.matrix4design.com\/it\/#\/schema\/person\/b2b6dd48f9d6892ca224742379951fa1"},"headline":"New D\u00e9cor, la decorazione (ri)conquista l\u2019interior: il nuovo talk di Matrix4Design con Albed e Vudafieri Saverino Partners","datePublished":"2025-05-22T09:00:33+00:00","dateModified":"2025-11-18T15:31:40+00:00","mainEntityOfPage":{"@id":"https:\/\/www.matrix4design.com\/it\/design\/new-decor-la-decorazione-riconquista-linterior-il-nuovo-talk-di-matrix4design-con-albed-e-vudafieri-saverino-partners\/"},"wordCount":394,"publisher":{"@id":"https:\/\/www.matrix4design.com\/it\/#organization"},"image":{"@id":"https:\/\/www.matrix4design.com\/it\/design\/new-decor-la-decorazione-riconquista-linterior-il-nuovo-talk-di-matrix4design-con-albed-e-vudafieri-saverino-partners\/#primaryimage"},"thumbnailUrl":"https:\/\/www.matrix4design.com\/wp-content\/uploads\/2025\/05\/Celine-scorrevole-2.jpg","articleSection":["Design","Design home","Focus home"],"inLanguage":"it-IT"},{"@type":"WebPage","@id":"https:\/\/www.matrix4design.com\/it\/design\/new-decor-la-decorazione-riconquista-linterior-il-nuovo-talk-di-matrix4design-con-albed-e-vudafieri-saverino-partners\/","url":"https:\/\/www.matrix4design.com\/it\/design\/new-decor-la-decorazione-riconquista-linterior-il-nuovo-talk-di-matrix4design-con-albed-e-vudafieri-saverino-partners\/","name":"New D\u00e9cor, la decorazione (ri)conquista l\u2019interior: il nuovo talk di Matrix4Design con Albed e Vudafieri Saverino Partners","isPartOf":{"@id":"https:\/\/www.matrix4design.com\/it\/#website"},"primaryImageOfPage":{"@id":"https:\/\/www.matrix4design.com\/it\/design\/new-decor-la-decorazione-riconquista-linterior-il-nuovo-talk-di-matrix4design-con-albed-e-vudafieri-saverino-partners\/#primaryimage"},"image":{"@id":"https:\/\/www.matrix4design.com\/it\/design\/new-decor-la-decorazione-riconquista-linterior-il-nuovo-talk-di-matrix4design-con-albed-e-vudafieri-saverino-partners\/#primaryimage"},"thumbnailUrl":"https:\/\/www.matrix4design.com\/wp-content\/uploads\/2025\/05\/Celine-scorrevole-2.jpg","datePublished":"2025-05-22T09:00:33+00:00","dateModified":"2025-11-18T15:31:40+00:00","description":"Gioved\u00ec 29 maggio alle ore 18 va in onda il primo talk della rassegna \u201c4TALK4MATRIX. I nuovi trend dell\u2019interior design\u201d dedicato al New D\u00e9cor. A discutere del tema saranno il CEO di Albed Andrea Delmonte e l\u2019architetto Claudio Saverino di Vudafieri Saverino Partners. Ecco tutte le informazioni per partecipare. Evento in collaborazione con l\u2019Ordine Architetti PPC Monza.","breadcrumb":{"@id":"https:\/\/www.matrix4design.com\/it\/design\/new-decor-la-decorazione-riconquista-linterior-il-nuovo-talk-di-matrix4design-con-albed-e-vudafieri-saverino-partners\/#breadcrumb"},"inLanguage":"it-IT","potentialAction":[{"@type":"ReadAction","target":["https:\/\/www.matrix4design.com\/it\/design\/new-decor-la-decorazione-riconquista-linterior-il-nuovo-talk-di-matrix4design-con-albed-e-vudafieri-saverino-partners\/"]}]},{"@type":"ImageObject","inLanguage":"it-IT","@id":"https:\/\/www.matrix4design.com\/it\/design\/new-decor-la-decorazione-riconquista-linterior-il-nuovo-talk-di-matrix4design-con-albed-e-vudafieri-saverino-partners\/#primaryimage","url":"https:\/\/www.matrix4design.com\/wp-content\/uploads\/2025\/05\/Celine-scorrevole-2.jpg","contentUrl":"https:\/\/www.matrix4design.com\/wp-content\/uploads\/2025\/05\/Celine-scorrevole-2.jpg","width":1600,"height":1067},{"@type":"BreadcrumbList","@id":"https:\/\/www.matrix4design.com\/it\/design\/new-decor-la-decorazione-riconquista-linterior-il-nuovo-talk-di-matrix4design-con-albed-e-vudafieri-saverino-partners\/#breadcrumb","itemListElement":[{"@type":"ListItem","position":1,"name":"Home","item":"https:\/\/www.matrix4design.com\/it\/"},{"@type":"ListItem","position":2,"name":"New D\u00e9cor, la decorazione (ri)conquista l\u2019interior: il nuovo talk di Matrix4Design con Albed e Vudafieri Saverino Partners"}]},{"@type":"WebSite","@id":"https:\/\/www.matrix4design.com\/it\/#website","url":"https:\/\/www.matrix4design.com\/it\/","name":"Matrix4Design","description":"Digital architecture and design b2b magazine","publisher":{"@id":"https:\/\/www.matrix4design.com\/it\/#organization"},"potentialAction":[{"@type":"SearchAction","target":{"@type":"EntryPoint","urlTemplate":"https:\/\/www.matrix4design.com\/it\/?s={search_term_string}"},"query-input":{"@type":"PropertyValueSpecification","valueRequired":true,"valueName":"search_term_string"}}],"inLanguage":"it-IT"},{"@type":"Organization","@id":"https:\/\/www.matrix4design.com\/it\/#organization","name":"Matrix4Design","url":"https:\/\/www.matrix4design.com\/it\/","logo":{"@type":"ImageObject","inLanguage":"it-IT","@id":"https:\/\/www.matrix4design.com\/it\/#\/schema\/logo\/image\/","url":"https:\/\/www.matrix4design.com\/wp-content\/uploads\/2020\/04\/logo_matrix4design.png","contentUrl":"https:\/\/www.matrix4design.com\/wp-content\/uploads\/2020\/04\/logo_matrix4design.png","width":804,"height":114,"caption":"Matrix4Design"},"image":{"@id":"https:\/\/www.matrix4design.com\/it\/#\/schema\/logo\/image\/"},"sameAs":["https:\/\/www.facebook.com\/matrix4designmagazine\/","https:\/\/www.instagram.com\/matrix4designmagazine\/","https:\/\/www.youtube.com\/channel\/UCtuhSSrP3MOO_URZgv8mQ1A"]},{"@type":"Person","@id":"https:\/\/www.matrix4design.com\/it\/#\/schema\/person\/b2b6dd48f9d6892ca224742379951fa1","name":"Redazione","image":{"@type":"ImageObject","inLanguage":"it-IT","@id":"https:\/\/www.matrix4design.com\/it\/#\/schema\/person\/image\/","url":"https:\/\/www.matrix4design.com\/wp-content\/uploads\/2023\/01\/logo_M4D_2023-96x96.jpg","contentUrl":"https:\/\/www.matrix4design.com\/wp-content\/uploads\/2023\/01\/logo_M4D_2023-96x96.jpg","caption":"Redazione"},"url":"https:\/\/www.matrix4design.com\/it\/author\/redazione\/"}]}},"_links":{"self":[{"href":"https:\/\/www.matrix4design.com\/it\/wp-json\/wp\/v2\/posts\/113272","targetHints":{"allow":["GET"]}}],"collection":[{"href":"https:\/\/www.matrix4design.com\/it\/wp-json\/wp\/v2\/posts"}],"about":[{"href":"https:\/\/www.matrix4design.com\/it\/wp-json\/wp\/v2\/types\/post"}],"author":[{"embeddable":true,"href":"https:\/\/www.matrix4design.com\/it\/wp-json\/wp\/v2\/users\/6"}],"replies":[{"embeddable":true,"href":"https:\/\/www.matrix4design.com\/it\/wp-json\/wp\/v2\/comments?post=113272"}],"version-history":[{"count":3,"href":"https:\/\/www.matrix4design.com\/it\/wp-json\/wp\/v2\/posts\/113272\/revisions"}],"predecessor-version":[{"id":113321,"href":"https:\/\/www.matrix4design.com\/it\/wp-json\/wp\/v2\/posts\/113272\/revisions\/113321"}],"wp:featuredmedia":[{"embeddable":true,"href":"https:\/\/www.matrix4design.com\/it\/wp-json\/wp\/v2\/media\/113273"}],"wp:attachment":[{"href":"https:\/\/www.matrix4design.com\/it\/wp-json\/wp\/v2\/media?parent=113272"}],"wp:term":[{"taxonomy":"category","embeddable":true,"href":"https:\/\/www.matrix4design.com\/it\/wp-json\/wp\/v2\/categories?post=113272"},{"taxonomy":"post_tag","embeddable":true,"href":"https:\/\/www.matrix4design.com\/it\/wp-json\/wp\/v2\/tags?post=113272"}],"curies":[{"name":"wp","href":"https:\/\/api.w.org\/{rel}","templated":true}]}}