{"id":114087,"date":"2025-07-09T11:00:41","date_gmt":"2025-07-09T09:00:41","guid":{"rendered":"https:\/\/www.matrix4design.com\/?p=114087"},"modified":"2025-07-03T11:56:25","modified_gmt":"2025-07-03T09:56:25","slug":"cersaie-torna-a-bologna-dal-22-settembre-con-a-space-for-architectural-design","status":"publish","type":"post","link":"https:\/\/www.matrix4design.com\/it\/design\/cersaie-torna-a-bologna-dal-22-settembre-con-a-space-for-architectural-design\/","title":{"rendered":"A space for architectural design: dal 22 settembre torna Cersaie a Bologna"},"content":{"rendered":"<p>&nbsp;<\/p>\n<p><em>A space for architectural design<\/em>: \u00e8 questo il manifesto della prossima edizione di <a href=\"https:\/\/www.matrix4design.com\/it\/evento\/cersaie-2025\/\" target=\"_blank\" rel=\"noopener\"><strong>Cersaie<\/strong><\/a>, la fiera internazionale dedicata al mondo della ceramica e dell&#8217;arredobagno che andr\u00e0 in scena <strong>a<\/strong> <strong>Bologna dal 22 al 26 settembre 2025<\/strong>.<\/p>\n<p>La globalizzazione, la rapidit\u00e0 degli spostamenti e i flussi migratori hanno creato citt\u00e0 e luoghi in cui culture, tradizioni e stili di vita diversi coesistono generando contaminazioni che danno forma a nuove abitudini e ridefiniscono le priorit\u00e0 del mondo del costruito. Il visual della <strong>42\u00b0 edizione<\/strong>, ideato da Interpromex, racconta in modo simbolico questa evoluzione tramite una <strong>composizione di volumi su pi\u00f9 livelli e di piani colorati<\/strong> che creano <strong>spazi interconnessi e dinamici<\/strong>.<\/p>\n<p><img loading=\"lazy\" decoding=\"async\" class=\"aligncenter wp-image-114095 size-full\" src=\"https:\/\/www.matrix4design.com\/wp-content\/uploads\/2025\/06\/Immagine-2025-06-24-121347.png\" alt=\"\" width=\"616\" height=\"902\" srcset=\"https:\/\/www.matrix4design.com\/wp-content\/uploads\/2025\/06\/Immagine-2025-06-24-121347.png 616w, https:\/\/www.matrix4design.com\/wp-content\/uploads\/2025\/06\/Immagine-2025-06-24-121347-205x300.png 205w, https:\/\/www.matrix4design.com\/wp-content\/uploads\/2025\/06\/Immagine-2025-06-24-121347-150x220.png 150w, https:\/\/www.matrix4design.com\/wp-content\/uploads\/2025\/06\/Immagine-2025-06-24-121347-300x439.png 300w\" sizes=\"auto, (max-width: 616px) 100vw, 616px\" \/><\/p>\n<p>Il Manifesto traduce in una narrazione grafica e concettuale ci\u00f2 che il visitatore trover\u00e0 a Cersaie: un <strong>ecosistema articolato di prodotti di design<\/strong>, che spazia dalla <strong>ceramica<\/strong> all&#8217;<strong>arredobagno<\/strong>, dalle <strong>superfici in materiali<\/strong> diversi dalla <strong>ceramica<\/strong> ai complementi di <strong>arredo<\/strong> fino alle <strong>finiture per interni<\/strong>, in grado di soddisfare le richieste di progettisti, contractors, interior designer e distributori provenienti da tutto il mondo.<\/p>\n<h2>Le novit\u00e0 2025 di Cersaie<\/h2>\n<p>Una serie di <strong>macro-immagini<\/strong> sono le quinte scelte per <strong>fotografare la materia ed i prodotti ceramici<\/strong>, declinati sul filo della <strong>forma<\/strong>, del <strong>colore<\/strong>, della <strong>funzionalit\u00e0<\/strong> e della <strong>tecnologia<\/strong>, per arrivare alla sintesi del tutto: la bellezza. Illustrazioni che allestiscono un nuovo porticato, progettato da <strong>Dario Curatolo<\/strong>, che permette di accedere a Cersaie.<\/p>\n<p><img loading=\"lazy\" decoding=\"async\" class=\"aligncenter wp-image-114096 size-full\" src=\"https:\/\/www.matrix4design.com\/wp-content\/uploads\/2025\/06\/Portale-ingresso_area-19_0001.jpg\" alt=\"\" width=\"1600\" height=\"873\" srcset=\"https:\/\/www.matrix4design.com\/wp-content\/uploads\/2025\/06\/Portale-ingresso_area-19_0001.jpg 1600w, https:\/\/www.matrix4design.com\/wp-content\/uploads\/2025\/06\/Portale-ingresso_area-19_0001-300x164.jpg 300w, https:\/\/www.matrix4design.com\/wp-content\/uploads\/2025\/06\/Portale-ingresso_area-19_0001-1024x559.jpg 1024w, https:\/\/www.matrix4design.com\/wp-content\/uploads\/2025\/06\/Portale-ingresso_area-19_0001-768x419.jpg 768w, https:\/\/www.matrix4design.com\/wp-content\/uploads\/2025\/06\/Portale-ingresso_area-19_0001-1536x838.jpg 1536w, https:\/\/www.matrix4design.com\/wp-content\/uploads\/2025\/06\/Portale-ingresso_area-19_0001-150x82.jpg 150w, https:\/\/www.matrix4design.com\/wp-content\/uploads\/2025\/06\/Portale-ingresso_area-19_0001-696x380.jpg 696w, https:\/\/www.matrix4design.com\/wp-content\/uploads\/2025\/06\/Portale-ingresso_area-19_0001-1068x583.jpg 1068w\" sizes=\"auto, (max-width: 1600px) 100vw, 1600px\" \/><\/p>\n<p>I <strong>10.000 metri quadrati espositivi in pi\u00f9<\/strong> rispetto al 2024 hanno chiesto di ridefinire la disposizione degli stand nei <strong>155.000 metri quadrati complessivi<\/strong>, gi\u00e0 tutti esauriti. I quattro padiglioni dell&#8217;arredobagno, uno in pi\u00f9 per soddisfare le richieste anche di nuovi espositori, sono posizionati in crocevia di passaggio ed attorniati dagli otto padiglioni che ospitano le pi\u00f9 recenti innovazioni di prodotto al mondo per piastrelle e lastre ceramiche.<\/p>\n<p>Nei <strong>padiglioni 31 e 32<\/strong> la fiera si accosta a<strong> nuovi settori merceologici<\/strong>, come le superfici <strong>legno<\/strong> e <strong>marmo<\/strong> accanto a finiture di interni ed esterni; la <strong>casa delle startup tecnologiche<\/strong> al servizio del mondo delle costruzioni si trova invece nel <strong>Mall 37<\/strong>. Nuovo \u00e8 anche il <strong>Padiglione 19<\/strong> dove sono state estese le possibilit\u00e0 espositive per la <strong>Citt\u00e0 della Posa<\/strong> e per le <strong>aziende del comparto<\/strong>, sempre pi\u00f9 fondamentali per l&#8217;intero sistema ceramico.<\/p>\n<p><img loading=\"lazy\" decoding=\"async\" class=\"aligncenter wp-image-114094 size-full\" src=\"https:\/\/www.matrix4design.com\/wp-content\/uploads\/2025\/06\/05_CERSAIE-render-galley-3.jpg\" alt=\"\" width=\"1600\" height=\"900\" srcset=\"https:\/\/www.matrix4design.com\/wp-content\/uploads\/2025\/06\/05_CERSAIE-render-galley-3.jpg 1600w, https:\/\/www.matrix4design.com\/wp-content\/uploads\/2025\/06\/05_CERSAIE-render-galley-3-300x169.jpg 300w, https:\/\/www.matrix4design.com\/wp-content\/uploads\/2025\/06\/05_CERSAIE-render-galley-3-1024x576.jpg 1024w, https:\/\/www.matrix4design.com\/wp-content\/uploads\/2025\/06\/05_CERSAIE-render-galley-3-768x432.jpg 768w, https:\/\/www.matrix4design.com\/wp-content\/uploads\/2025\/06\/05_CERSAIE-render-galley-3-1536x864.jpg 1536w, https:\/\/www.matrix4design.com\/wp-content\/uploads\/2025\/06\/05_CERSAIE-render-galley-3-150x84.jpg 150w, https:\/\/www.matrix4design.com\/wp-content\/uploads\/2025\/06\/05_CERSAIE-render-galley-3-696x392.jpg 696w, https:\/\/www.matrix4design.com\/wp-content\/uploads\/2025\/06\/05_CERSAIE-render-galley-3-1068x601.jpg 1068w\" sizes=\"auto, (max-width: 1600px) 100vw, 1600px\" \/><\/p>\n<p>Altra novit\u00e0 in <strong>Galleria 21-22<\/strong> \u00e8 il <strong>Bagno Architettura Lounge Let&#8217;s Talk<\/strong>, allestimento curato da <strong>Angelo Dall&#8217;Aglio<\/strong> e <strong>Davide Vercelli<\/strong>\u00a0che va ad arricchire il programma culturale, le cui iniziative trovano dimora anche al <strong>Palazzo dei Congressi<\/strong> per le <strong>lectio magistrali<\/strong> mentre <strong>The Square<\/strong>, nel <strong>Centro Servizi<\/strong>, \u00e8 dedicato alle <strong>conferenze di architettura e di design<\/strong> e alla Conferenza Stampa Internazionale.<\/p>\n<h2>Tornano i Caf\u00e9 della Stampa<\/h2>\n<p>Tornano per la decima edizione anche i Caf\u00e9 della Stampa, delle <strong>conversazioni informali sui temi di attualit\u00e0 per il design e per l\u2019architettura<\/strong>. Filo conduttore, ed elemento di novit\u00e0 di questa edizione, \u00e8 la <strong>declinazione omogenea dei contenuti<\/strong> &#8211; in ciascuno dei cinque giorni della fiera &#8211; su <strong>uno specifico tema dell\u2019abitare<\/strong>: i luoghi del lavoro, il luned\u00ec; gli spazi del benessere, il giorno successivo; i percorsi di trasformazione edilizia ed urbana, a met\u00e0 settimana; gli edifici del sapere e della conoscenza, gioved\u00ec 25 settembre; i contesti della condivisione e del vivere assieme, l\u2019ultimo giorno. In totale sono <strong>18 gli appuntamenti in programma dal 22 al 26 settembre all\u2019interno della Mall 29\/30<\/strong>, realizzati assieme ai media partner e alle pi\u00f9 importanti case editrici italiane.<\/p>\n<p>Tra i protagonisti della rassegna c&#8217;\u00e8 anche <a href=\"https:\/\/www.niiprogetti.it\/\" target=\"_blank\" rel=\"noopener\"><strong>NiiProgetti<\/strong><\/a>, testata di Editrice Industriale, che luned\u00ec 22 settembre alle ore 16 vedr\u00e0 la giornalista <strong>Giulia Guerra<\/strong> dialogare con <strong>Andrea Lucchi<\/strong>, Design Manager de <strong>Il Prisma,<\/strong> in un talk dal titolo &#8220;<strong><a href=\"https:\/\/www.cersaie.it\/evento\/NiiProgetti-Cafe-Effetto-Workplace-\/2510900\/2025#\" target=\"_blank\" rel=\"noopener\">Effetto Workplace<\/a><\/strong>&#8220;. Non mancate!<\/p>\n","protected":false},"excerpt":{"rendered":"<p>&nbsp; A space for architectural design: \u00e8 questo il manifesto della prossima edizione di Cersaie, la fiera internazionale dedicata al mondo della ceramica e dell&#8217;arredobagno che andr\u00e0 in scena a Bologna dal 22 al 26 settembre 2025. La globalizzazione, la rapidit\u00e0 degli spostamenti e i flussi migratori hanno creato citt\u00e0 e luoghi in cui culture, [&hellip;]<\/p>\n","protected":false},"author":6,"featured_media":114093,"comment_status":"closed","ping_status":"closed","sticky":false,"template":"","format":"standard","meta":{"_acf_changed":false,"footnotes":""},"categories":[366,418,368],"tags":[],"class_list":{"0":"post-114087","1":"post","2":"type-post","3":"status-publish","4":"format-standard","5":"has-post-thumbnail","7":"category-design","8":"category-design-home","9":"category-featured"},"acf":[],"yoast_head":"<!-- This site is optimized with the Yoast SEO plugin v27.0 - https:\/\/yoast.com\/product\/yoast-seo-wordpress\/ -->\n<title>A space for architectural design: dal 22 settembre torna Cersaie a Bologna<\/title>\n<meta name=\"description\" content=\"A space for architectural design: \u00e8 questo il manifesto della prossima edizione di Cersaie, la fiera internazionale dedicata al mondo della ceramica e dell&#039;arredobagno che andr\u00e0 in scena a Bologna dal 22 al 26 settembre 2025.\" \/>\n<meta name=\"robots\" content=\"index, follow, max-snippet:-1, max-image-preview:large, max-video-preview:-1\" \/>\n<link rel=\"canonical\" href=\"https:\/\/www.matrix4design.com\/it\/design\/cersaie-torna-a-bologna-dal-22-settembre-con-a-space-for-architectural-design\/\" \/>\n<meta property=\"og:locale\" content=\"it_IT\" \/>\n<meta property=\"og:type\" content=\"article\" \/>\n<meta property=\"og:title\" content=\"A space for architectural design: dal 22 settembre torna Cersaie a Bologna\" \/>\n<meta property=\"og:description\" content=\"A space for architectural design: \u00e8 questo il manifesto della prossima edizione di Cersaie, la fiera internazionale dedicata al mondo della ceramica e dell&#039;arredobagno che andr\u00e0 in scena a Bologna dal 22 al 26 settembre 2025.\" \/>\n<meta property=\"og:url\" content=\"https:\/\/www.matrix4design.com\/it\/design\/cersaie-torna-a-bologna-dal-22-settembre-con-a-space-for-architectural-design\/\" \/>\n<meta property=\"og:site_name\" content=\"Matrix4Design\" \/>\n<meta property=\"article:publisher\" content=\"https:\/\/www.facebook.com\/matrix4designmagazine\/\" \/>\n<meta property=\"article:published_time\" content=\"2025-07-09T09:00:41+00:00\" \/>\n<meta property=\"og:image\" content=\"https:\/\/www.matrix4design.com\/wp-content\/uploads\/2025\/06\/Cersaie2024__0165.jpg\" \/>\n\t<meta property=\"og:image:width\" content=\"1600\" \/>\n\t<meta property=\"og:image:height\" content=\"1067\" \/>\n\t<meta property=\"og:image:type\" content=\"image\/jpeg\" \/>\n<meta name=\"author\" content=\"Redazione\" \/>\n<meta name=\"twitter:card\" content=\"summary_large_image\" \/>\n<meta name=\"twitter:label1\" content=\"Scritto da\" \/>\n\t<meta name=\"twitter:data1\" content=\"Redazione\" \/>\n\t<meta name=\"twitter:label2\" content=\"Tempo di lettura stimato\" \/>\n\t<meta name=\"twitter:data2\" content=\"4 minuti\" \/>\n<script type=\"application\/ld+json\" class=\"yoast-schema-graph\">{\"@context\":\"https:\/\/schema.org\",\"@graph\":[{\"@type\":\"Article\",\"@id\":\"https:\/\/www.matrix4design.com\/it\/design\/cersaie-torna-a-bologna-dal-22-settembre-con-a-space-for-architectural-design\/#article\",\"isPartOf\":{\"@id\":\"https:\/\/www.matrix4design.com\/it\/design\/cersaie-torna-a-bologna-dal-22-settembre-con-a-space-for-architectural-design\/\"},\"author\":{\"name\":\"Redazione\",\"@id\":\"https:\/\/www.matrix4design.com\/it\/#\/schema\/person\/b2b6dd48f9d6892ca224742379951fa1\"},\"headline\":\"A space for architectural design: dal 22 settembre torna Cersaie a Bologna\",\"datePublished\":\"2025-07-09T09:00:41+00:00\",\"mainEntityOfPage\":{\"@id\":\"https:\/\/www.matrix4design.com\/it\/design\/cersaie-torna-a-bologna-dal-22-settembre-con-a-space-for-architectural-design\/\"},\"wordCount\":599,\"publisher\":{\"@id\":\"https:\/\/www.matrix4design.com\/it\/#organization\"},\"image\":{\"@id\":\"https:\/\/www.matrix4design.com\/it\/design\/cersaie-torna-a-bologna-dal-22-settembre-con-a-space-for-architectural-design\/#primaryimage\"},\"thumbnailUrl\":\"https:\/\/www.matrix4design.com\/wp-content\/uploads\/2025\/06\/Cersaie2024__0165.jpg\",\"articleSection\":[\"Design\",\"Design home\",\"Featured\"],\"inLanguage\":\"it-IT\"},{\"@type\":\"WebPage\",\"@id\":\"https:\/\/www.matrix4design.com\/it\/design\/cersaie-torna-a-bologna-dal-22-settembre-con-a-space-for-architectural-design\/\",\"url\":\"https:\/\/www.matrix4design.com\/it\/design\/cersaie-torna-a-bologna-dal-22-settembre-con-a-space-for-architectural-design\/\",\"name\":\"A space for architectural design: dal 22 settembre torna Cersaie a Bologna\",\"isPartOf\":{\"@id\":\"https:\/\/www.matrix4design.com\/it\/#website\"},\"primaryImageOfPage\":{\"@id\":\"https:\/\/www.matrix4design.com\/it\/design\/cersaie-torna-a-bologna-dal-22-settembre-con-a-space-for-architectural-design\/#primaryimage\"},\"image\":{\"@id\":\"https:\/\/www.matrix4design.com\/it\/design\/cersaie-torna-a-bologna-dal-22-settembre-con-a-space-for-architectural-design\/#primaryimage\"},\"thumbnailUrl\":\"https:\/\/www.matrix4design.com\/wp-content\/uploads\/2025\/06\/Cersaie2024__0165.jpg\",\"datePublished\":\"2025-07-09T09:00:41+00:00\",\"description\":\"A space for architectural design: \u00e8 questo il manifesto della prossima edizione di Cersaie, la fiera internazionale dedicata al mondo della ceramica e dell'arredobagno che andr\u00e0 in scena a Bologna dal 22 al 26 settembre 2025.\",\"breadcrumb\":{\"@id\":\"https:\/\/www.matrix4design.com\/it\/design\/cersaie-torna-a-bologna-dal-22-settembre-con-a-space-for-architectural-design\/#breadcrumb\"},\"inLanguage\":\"it-IT\",\"potentialAction\":[{\"@type\":\"ReadAction\",\"target\":[\"https:\/\/www.matrix4design.com\/it\/design\/cersaie-torna-a-bologna-dal-22-settembre-con-a-space-for-architectural-design\/\"]}]},{\"@type\":\"ImageObject\",\"inLanguage\":\"it-IT\",\"@id\":\"https:\/\/www.matrix4design.com\/it\/design\/cersaie-torna-a-bologna-dal-22-settembre-con-a-space-for-architectural-design\/#primaryimage\",\"url\":\"https:\/\/www.matrix4design.com\/wp-content\/uploads\/2025\/06\/Cersaie2024__0165.jpg\",\"contentUrl\":\"https:\/\/www.matrix4design.com\/wp-content\/uploads\/2025\/06\/Cersaie2024__0165.jpg\",\"width\":1600,\"height\":1067,\"caption\":\"cersaie\"},{\"@type\":\"BreadcrumbList\",\"@id\":\"https:\/\/www.matrix4design.com\/it\/design\/cersaie-torna-a-bologna-dal-22-settembre-con-a-space-for-architectural-design\/#breadcrumb\",\"itemListElement\":[{\"@type\":\"ListItem\",\"position\":1,\"name\":\"Home\",\"item\":\"https:\/\/www.matrix4design.com\/it\/\"},{\"@type\":\"ListItem\",\"position\":2,\"name\":\"A space for architectural design: dal 22 settembre torna Cersaie a Bologna\"}]},{\"@type\":\"WebSite\",\"@id\":\"https:\/\/www.matrix4design.com\/it\/#website\",\"url\":\"https:\/\/www.matrix4design.com\/it\/\",\"name\":\"Matrix4Design\",\"description\":\"Digital architecture and design b2b magazine\",\"publisher\":{\"@id\":\"https:\/\/www.matrix4design.com\/it\/#organization\"},\"potentialAction\":[{\"@type\":\"SearchAction\",\"target\":{\"@type\":\"EntryPoint\",\"urlTemplate\":\"https:\/\/www.matrix4design.com\/it\/?s={search_term_string}\"},\"query-input\":{\"@type\":\"PropertyValueSpecification\",\"valueRequired\":true,\"valueName\":\"search_term_string\"}}],\"inLanguage\":\"it-IT\"},{\"@type\":\"Organization\",\"@id\":\"https:\/\/www.matrix4design.com\/it\/#organization\",\"name\":\"Matrix4Design\",\"url\":\"https:\/\/www.matrix4design.com\/it\/\",\"logo\":{\"@type\":\"ImageObject\",\"inLanguage\":\"it-IT\",\"@id\":\"https:\/\/www.matrix4design.com\/it\/#\/schema\/logo\/image\/\",\"url\":\"https:\/\/www.matrix4design.com\/wp-content\/uploads\/2020\/04\/logo_matrix4design.png\",\"contentUrl\":\"https:\/\/www.matrix4design.com\/wp-content\/uploads\/2020\/04\/logo_matrix4design.png\",\"width\":804,\"height\":114,\"caption\":\"Matrix4Design\"},\"image\":{\"@id\":\"https:\/\/www.matrix4design.com\/it\/#\/schema\/logo\/image\/\"},\"sameAs\":[\"https:\/\/www.facebook.com\/matrix4designmagazine\/\",\"https:\/\/www.instagram.com\/matrix4designmagazine\/\",\"https:\/\/www.youtube.com\/channel\/UCtuhSSrP3MOO_URZgv8mQ1A\"]},{\"@type\":\"Person\",\"@id\":\"https:\/\/www.matrix4design.com\/it\/#\/schema\/person\/b2b6dd48f9d6892ca224742379951fa1\",\"name\":\"Redazione\",\"image\":{\"@type\":\"ImageObject\",\"inLanguage\":\"it-IT\",\"@id\":\"https:\/\/www.matrix4design.com\/it\/#\/schema\/person\/image\/\",\"url\":\"https:\/\/www.matrix4design.com\/wp-content\/uploads\/2023\/01\/logo_M4D_2023-96x96.jpg\",\"contentUrl\":\"https:\/\/www.matrix4design.com\/wp-content\/uploads\/2023\/01\/logo_M4D_2023-96x96.jpg\",\"caption\":\"Redazione\"},\"url\":\"https:\/\/www.matrix4design.com\/it\/author\/redazione\/\"}]}<\/script>\n<!-- \/ Yoast SEO plugin. -->","yoast_head_json":{"title":"A space for architectural design: dal 22 settembre torna Cersaie a Bologna","description":"A space for architectural design: \u00e8 questo il manifesto della prossima edizione di Cersaie, la fiera internazionale dedicata al mondo della ceramica e dell'arredobagno che andr\u00e0 in scena a Bologna dal 22 al 26 settembre 2025.","robots":{"index":"index","follow":"follow","max-snippet":"max-snippet:-1","max-image-preview":"max-image-preview:large","max-video-preview":"max-video-preview:-1"},"canonical":"https:\/\/www.matrix4design.com\/it\/design\/cersaie-torna-a-bologna-dal-22-settembre-con-a-space-for-architectural-design\/","og_locale":"it_IT","og_type":"article","og_title":"A space for architectural design: dal 22 settembre torna Cersaie a Bologna","og_description":"A space for architectural design: \u00e8 questo il manifesto della prossima edizione di Cersaie, la fiera internazionale dedicata al mondo della ceramica e dell'arredobagno che andr\u00e0 in scena a Bologna dal 22 al 26 settembre 2025.","og_url":"https:\/\/www.matrix4design.com\/it\/design\/cersaie-torna-a-bologna-dal-22-settembre-con-a-space-for-architectural-design\/","og_site_name":"Matrix4Design","article_publisher":"https:\/\/www.facebook.com\/matrix4designmagazine\/","article_published_time":"2025-07-09T09:00:41+00:00","og_image":[{"width":1600,"height":1067,"url":"https:\/\/www.matrix4design.com\/wp-content\/uploads\/2025\/06\/Cersaie2024__0165.jpg","type":"image\/jpeg"}],"author":"Redazione","twitter_card":"summary_large_image","twitter_misc":{"Scritto da":"Redazione","Tempo di lettura stimato":"4 minuti"},"schema":{"@context":"https:\/\/schema.org","@graph":[{"@type":"Article","@id":"https:\/\/www.matrix4design.com\/it\/design\/cersaie-torna-a-bologna-dal-22-settembre-con-a-space-for-architectural-design\/#article","isPartOf":{"@id":"https:\/\/www.matrix4design.com\/it\/design\/cersaie-torna-a-bologna-dal-22-settembre-con-a-space-for-architectural-design\/"},"author":{"name":"Redazione","@id":"https:\/\/www.matrix4design.com\/it\/#\/schema\/person\/b2b6dd48f9d6892ca224742379951fa1"},"headline":"A space for architectural design: dal 22 settembre torna Cersaie a Bologna","datePublished":"2025-07-09T09:00:41+00:00","mainEntityOfPage":{"@id":"https:\/\/www.matrix4design.com\/it\/design\/cersaie-torna-a-bologna-dal-22-settembre-con-a-space-for-architectural-design\/"},"wordCount":599,"publisher":{"@id":"https:\/\/www.matrix4design.com\/it\/#organization"},"image":{"@id":"https:\/\/www.matrix4design.com\/it\/design\/cersaie-torna-a-bologna-dal-22-settembre-con-a-space-for-architectural-design\/#primaryimage"},"thumbnailUrl":"https:\/\/www.matrix4design.com\/wp-content\/uploads\/2025\/06\/Cersaie2024__0165.jpg","articleSection":["Design","Design home","Featured"],"inLanguage":"it-IT"},{"@type":"WebPage","@id":"https:\/\/www.matrix4design.com\/it\/design\/cersaie-torna-a-bologna-dal-22-settembre-con-a-space-for-architectural-design\/","url":"https:\/\/www.matrix4design.com\/it\/design\/cersaie-torna-a-bologna-dal-22-settembre-con-a-space-for-architectural-design\/","name":"A space for architectural design: dal 22 settembre torna Cersaie a Bologna","isPartOf":{"@id":"https:\/\/www.matrix4design.com\/it\/#website"},"primaryImageOfPage":{"@id":"https:\/\/www.matrix4design.com\/it\/design\/cersaie-torna-a-bologna-dal-22-settembre-con-a-space-for-architectural-design\/#primaryimage"},"image":{"@id":"https:\/\/www.matrix4design.com\/it\/design\/cersaie-torna-a-bologna-dal-22-settembre-con-a-space-for-architectural-design\/#primaryimage"},"thumbnailUrl":"https:\/\/www.matrix4design.com\/wp-content\/uploads\/2025\/06\/Cersaie2024__0165.jpg","datePublished":"2025-07-09T09:00:41+00:00","description":"A space for architectural design: \u00e8 questo il manifesto della prossima edizione di Cersaie, la fiera internazionale dedicata al mondo della ceramica e dell'arredobagno che andr\u00e0 in scena a Bologna dal 22 al 26 settembre 2025.","breadcrumb":{"@id":"https:\/\/www.matrix4design.com\/it\/design\/cersaie-torna-a-bologna-dal-22-settembre-con-a-space-for-architectural-design\/#breadcrumb"},"inLanguage":"it-IT","potentialAction":[{"@type":"ReadAction","target":["https:\/\/www.matrix4design.com\/it\/design\/cersaie-torna-a-bologna-dal-22-settembre-con-a-space-for-architectural-design\/"]}]},{"@type":"ImageObject","inLanguage":"it-IT","@id":"https:\/\/www.matrix4design.com\/it\/design\/cersaie-torna-a-bologna-dal-22-settembre-con-a-space-for-architectural-design\/#primaryimage","url":"https:\/\/www.matrix4design.com\/wp-content\/uploads\/2025\/06\/Cersaie2024__0165.jpg","contentUrl":"https:\/\/www.matrix4design.com\/wp-content\/uploads\/2025\/06\/Cersaie2024__0165.jpg","width":1600,"height":1067,"caption":"cersaie"},{"@type":"BreadcrumbList","@id":"https:\/\/www.matrix4design.com\/it\/design\/cersaie-torna-a-bologna-dal-22-settembre-con-a-space-for-architectural-design\/#breadcrumb","itemListElement":[{"@type":"ListItem","position":1,"name":"Home","item":"https:\/\/www.matrix4design.com\/it\/"},{"@type":"ListItem","position":2,"name":"A space for architectural design: dal 22 settembre torna Cersaie a Bologna"}]},{"@type":"WebSite","@id":"https:\/\/www.matrix4design.com\/it\/#website","url":"https:\/\/www.matrix4design.com\/it\/","name":"Matrix4Design","description":"Digital architecture and design b2b magazine","publisher":{"@id":"https:\/\/www.matrix4design.com\/it\/#organization"},"potentialAction":[{"@type":"SearchAction","target":{"@type":"EntryPoint","urlTemplate":"https:\/\/www.matrix4design.com\/it\/?s={search_term_string}"},"query-input":{"@type":"PropertyValueSpecification","valueRequired":true,"valueName":"search_term_string"}}],"inLanguage":"it-IT"},{"@type":"Organization","@id":"https:\/\/www.matrix4design.com\/it\/#organization","name":"Matrix4Design","url":"https:\/\/www.matrix4design.com\/it\/","logo":{"@type":"ImageObject","inLanguage":"it-IT","@id":"https:\/\/www.matrix4design.com\/it\/#\/schema\/logo\/image\/","url":"https:\/\/www.matrix4design.com\/wp-content\/uploads\/2020\/04\/logo_matrix4design.png","contentUrl":"https:\/\/www.matrix4design.com\/wp-content\/uploads\/2020\/04\/logo_matrix4design.png","width":804,"height":114,"caption":"Matrix4Design"},"image":{"@id":"https:\/\/www.matrix4design.com\/it\/#\/schema\/logo\/image\/"},"sameAs":["https:\/\/www.facebook.com\/matrix4designmagazine\/","https:\/\/www.instagram.com\/matrix4designmagazine\/","https:\/\/www.youtube.com\/channel\/UCtuhSSrP3MOO_URZgv8mQ1A"]},{"@type":"Person","@id":"https:\/\/www.matrix4design.com\/it\/#\/schema\/person\/b2b6dd48f9d6892ca224742379951fa1","name":"Redazione","image":{"@type":"ImageObject","inLanguage":"it-IT","@id":"https:\/\/www.matrix4design.com\/it\/#\/schema\/person\/image\/","url":"https:\/\/www.matrix4design.com\/wp-content\/uploads\/2023\/01\/logo_M4D_2023-96x96.jpg","contentUrl":"https:\/\/www.matrix4design.com\/wp-content\/uploads\/2023\/01\/logo_M4D_2023-96x96.jpg","caption":"Redazione"},"url":"https:\/\/www.matrix4design.com\/it\/author\/redazione\/"}]}},"_links":{"self":[{"href":"https:\/\/www.matrix4design.com\/it\/wp-json\/wp\/v2\/posts\/114087","targetHints":{"allow":["GET"]}}],"collection":[{"href":"https:\/\/www.matrix4design.com\/it\/wp-json\/wp\/v2\/posts"}],"about":[{"href":"https:\/\/www.matrix4design.com\/it\/wp-json\/wp\/v2\/types\/post"}],"author":[{"embeddable":true,"href":"https:\/\/www.matrix4design.com\/it\/wp-json\/wp\/v2\/users\/6"}],"replies":[{"embeddable":true,"href":"https:\/\/www.matrix4design.com\/it\/wp-json\/wp\/v2\/comments?post=114087"}],"version-history":[{"count":15,"href":"https:\/\/www.matrix4design.com\/it\/wp-json\/wp\/v2\/posts\/114087\/revisions"}],"predecessor-version":[{"id":114463,"href":"https:\/\/www.matrix4design.com\/it\/wp-json\/wp\/v2\/posts\/114087\/revisions\/114463"}],"wp:featuredmedia":[{"embeddable":true,"href":"https:\/\/www.matrix4design.com\/it\/wp-json\/wp\/v2\/media\/114093"}],"wp:attachment":[{"href":"https:\/\/www.matrix4design.com\/it\/wp-json\/wp\/v2\/media?parent=114087"}],"wp:term":[{"taxonomy":"category","embeddable":true,"href":"https:\/\/www.matrix4design.com\/it\/wp-json\/wp\/v2\/categories?post=114087"},{"taxonomy":"post_tag","embeddable":true,"href":"https:\/\/www.matrix4design.com\/it\/wp-json\/wp\/v2\/tags?post=114087"}],"curies":[{"name":"wp","href":"https:\/\/api.w.org\/{rel}","templated":true}]}}