{"id":114552,"date":"2025-07-17T11:00:00","date_gmt":"2025-07-17T09:00:00","guid":{"rendered":"https:\/\/www.matrix4design.com\/?p=114552"},"modified":"2025-07-17T12:01:22","modified_gmt":"2025-07-17T10:01:22","slug":"vanita-living-ridisegna-lo-specchio-con-il-potere-della-luce","status":"publish","type":"post","link":"https:\/\/www.matrix4design.com\/it\/design\/vanita-living-ridisegna-lo-specchio-con-il-potere-della-luce\/","title":{"rendered":"Vanit\u00e0 Living ridisegna lo specchio con il potere della luce"},"content":{"rendered":"<p>&nbsp;<\/p>\n<p>Nella visione di <a href=\"https:\/\/www.vanitaliving.it\/\" target=\"_blank\" rel=\"noopener\"><strong>Vanit\u00e0 Living<\/strong><\/a>, la <strong>luce<\/strong> \u00e8 parte integrante dello <strong>specchio<\/strong>, non un\u2019aggiunta. Ogni modello nasce, infatti, dall\u2019idea che <strong>illuminazione e forma debbano lavorare insieme per valorizzare lo spazio<\/strong>: la luce non \u00e8 quindi la protagonista assoluta, ma \u00e8 ci\u00f2 che permette allo specchio di superare il suo ruolo tradizionale, trasformandosi in un elemento architettonico capace di dialogare con l\u2019ambiente.<\/p>\n<p>Questa impostazione d\u00e0 origine a una collezione in cui <strong>tecnologia, design e funzione si combinano<\/strong>. Gli specchi Vanit\u00e0 Living, pensati per contesti residenziali, contract e professionali, non si limitano quindi a riflettere ma creano ritmo visivo, introducono profondit\u00e0 e definiscono l\u2019identit\u00e0 dello spazio in cui sono inseriti.<\/p>\n<p>A rendere distintivi questi prodotti \u00e8 anche la tecnologia proprietaria <strong>Ghost Mirror<\/strong>, brevettata da Vanit\u00e0 Living. Quando la <strong>luce \u00e8 spenta<\/strong>, la <strong>superficie riflettente appare completamente pulita<\/strong>; una volta <strong>accesa<\/strong>, rivela <strong>scenari luminosi inaspettati, giochi di riflessi e chiaroscuri<\/strong> che amplificano l\u2019effetto visivo e trasformano l\u2019esperienza d\u2019uso. Inoltre, grazie alla possibilit\u00e0 di regolare l\u2019intensit\u00e0 e la temperatura della luce, ogni specchio pu\u00f2 adattarsi alle diverse esigenze progettuali.<\/p>\n<p>Il design mantiene una forte riconoscibilit\u00e0: forme geometriche come <strong>cerchi, quadrati e ovali<\/strong> si alternano a <strong>profili pi\u00f9 organici e naturali<\/strong>, capaci di aggiungere carattere agli ambienti.<\/p>\n<figure id=\"attachment_114555\" aria-describedby=\"caption-attachment-114555\" style=\"width: 1440px\" class=\"wp-caption aligncenter\"><img loading=\"lazy\" decoding=\"async\" class=\"wp-image-114555 size-full\" src=\"https:\/\/www.matrix4design.com\/wp-content\/uploads\/2025\/07\/poseidone.jpg\" alt=\"\" width=\"1440\" height=\"1600\" srcset=\"https:\/\/www.matrix4design.com\/wp-content\/uploads\/2025\/07\/poseidone.jpg 1440w, https:\/\/www.matrix4design.com\/wp-content\/uploads\/2025\/07\/poseidone-270x300.jpg 270w, https:\/\/www.matrix4design.com\/wp-content\/uploads\/2025\/07\/poseidone-922x1024.jpg 922w, https:\/\/www.matrix4design.com\/wp-content\/uploads\/2025\/07\/poseidone-768x853.jpg 768w, https:\/\/www.matrix4design.com\/wp-content\/uploads\/2025\/07\/poseidone-1382x1536.jpg 1382w, https:\/\/www.matrix4design.com\/wp-content\/uploads\/2025\/07\/poseidone-150x167.jpg 150w, https:\/\/www.matrix4design.com\/wp-content\/uploads\/2025\/07\/poseidone-300x333.jpg 300w, https:\/\/www.matrix4design.com\/wp-content\/uploads\/2025\/07\/poseidone-696x773.jpg 696w, https:\/\/www.matrix4design.com\/wp-content\/uploads\/2025\/07\/poseidone-1068x1187.jpg 1068w\" sizes=\"auto, (max-width: 1440px) 100vw, 1440px\" \/><figcaption id=\"caption-attachment-114555\" class=\"wp-caption-text\">Poseidone<\/figcaption><\/figure>\n<p>Tra i modelli pi\u00f9 rappresentativi c\u2019\u00e8 <em>Poseidone<\/em>, disponibile in <strong>versione quadrata o rettangolare<\/strong>. Quando spento \u00e8 uno <strong>specchio puro, senza interruzioni<\/strong>; quando acceso, la <strong>luce affiora da due angoli<\/strong>, dando vita a un gioco di riflessi che ridefinisce la superficie.<\/p>\n<figure id=\"attachment_114662\" aria-describedby=\"caption-attachment-114662\" style=\"width: 2304px\" class=\"wp-caption aligncenter\"><img loading=\"lazy\" decoding=\"async\" class=\"wp-image-114662 size-full\" src=\"https:\/\/www.matrix4design.com\/wp-content\/uploads\/2025\/07\/harmonia-scaled.jpg\" alt=\"\" width=\"2304\" height=\"2560\" srcset=\"https:\/\/www.matrix4design.com\/wp-content\/uploads\/2025\/07\/harmonia-scaled.jpg 2304w, https:\/\/www.matrix4design.com\/wp-content\/uploads\/2025\/07\/harmonia-270x300.jpg 270w, https:\/\/www.matrix4design.com\/wp-content\/uploads\/2025\/07\/harmonia-922x1024.jpg 922w, https:\/\/www.matrix4design.com\/wp-content\/uploads\/2025\/07\/harmonia-768x853.jpg 768w, https:\/\/www.matrix4design.com\/wp-content\/uploads\/2025\/07\/harmonia-1383x1536.jpg 1383w, https:\/\/www.matrix4design.com\/wp-content\/uploads\/2025\/07\/harmonia-1843x2048.jpg 1843w, https:\/\/www.matrix4design.com\/wp-content\/uploads\/2025\/07\/harmonia-150x167.jpg 150w, https:\/\/www.matrix4design.com\/wp-content\/uploads\/2025\/07\/harmonia-300x333.jpg 300w, https:\/\/www.matrix4design.com\/wp-content\/uploads\/2025\/07\/harmonia-696x773.jpg 696w, https:\/\/www.matrix4design.com\/wp-content\/uploads\/2025\/07\/harmonia-1068x1187.jpg 1068w, https:\/\/www.matrix4design.com\/wp-content\/uploads\/2025\/07\/harmonia-1920x2133.jpg 1920w, https:\/\/www.matrix4design.com\/wp-content\/uploads\/2025\/07\/harmonia-1800x2000.jpg 1800w\" sizes=\"auto, (max-width: 2304px) 100vw, 2304px\" \/><figcaption id=\"caption-attachment-114662\" class=\"wp-caption-text\">Harmonia<\/figcaption><\/figure>\n<p><em>Harmonia<\/em> propone invece un <strong>equilibrio tra forma e luce.<\/strong> Una cornice in <strong>metallo spazzolato<\/strong>, disponibile in due finiture e due dimensioni, ospita un <strong>doppio sistema luminoso<\/strong>, con <strong>luce diffusa posteriore e fascio frontale<\/strong> che valorizza la curvatura del bordo.<\/p>\n<figure id=\"attachment_114554\" aria-describedby=\"caption-attachment-114554\" style=\"width: 1441px\" class=\"wp-caption aligncenter\"><img loading=\"lazy\" decoding=\"async\" class=\"wp-image-114554 size-full\" src=\"https:\/\/www.matrix4design.com\/wp-content\/uploads\/2025\/07\/Firefly_A4.jpg\" alt=\"\" width=\"1441\" height=\"1600\" srcset=\"https:\/\/www.matrix4design.com\/wp-content\/uploads\/2025\/07\/Firefly_A4.jpg 1441w, https:\/\/www.matrix4design.com\/wp-content\/uploads\/2025\/07\/Firefly_A4-270x300.jpg 270w, https:\/\/www.matrix4design.com\/wp-content\/uploads\/2025\/07\/Firefly_A4-922x1024.jpg 922w, https:\/\/www.matrix4design.com\/wp-content\/uploads\/2025\/07\/Firefly_A4-768x853.jpg 768w, https:\/\/www.matrix4design.com\/wp-content\/uploads\/2025\/07\/Firefly_A4-1383x1536.jpg 1383w, https:\/\/www.matrix4design.com\/wp-content\/uploads\/2025\/07\/Firefly_A4-150x167.jpg 150w, https:\/\/www.matrix4design.com\/wp-content\/uploads\/2025\/07\/Firefly_A4-300x333.jpg 300w, https:\/\/www.matrix4design.com\/wp-content\/uploads\/2025\/07\/Firefly_A4-696x773.jpg 696w, https:\/\/www.matrix4design.com\/wp-content\/uploads\/2025\/07\/Firefly_A4-1068x1186.jpg 1068w\" sizes=\"auto, (max-width: 1441px) 100vw, 1441px\" \/><figcaption id=\"caption-attachment-114554\" class=\"wp-caption-text\">Firefly<\/figcaption><\/figure>\n<p>Il modello <em>Firefly<\/em> si distingue per la sua <strong>anima modulare e la semplicit\u00e0 apparente<\/strong> dietro cui si cela una forte componente tecnologica. Da solo o in gruppo, grazie alla tecnologia Ghost, da ogni elemento pu\u00f2 emergere una luce intensa e puntuale, che <strong>lo trasforma da specchio decorativo a vera fonte luminosa per l\u2019ambiente.<\/strong><\/p>\n<p><em>Treerings<\/em>, infine, unisce forma e racconto: una struttura <strong>quadrata<\/strong> con una <strong>cornice incisa da un pattern ispirato agli anelli degli alberi<\/strong>. La luce si diffonde in modo discreto attraverso un <strong>profilo in plexiglas<\/strong>, aggiungendo una dimensione materica alla superficie.<\/p>\n<figure id=\"attachment_114558\" aria-describedby=\"caption-attachment-114558\" style=\"width: 1440px\" class=\"wp-caption aligncenter\"><img loading=\"lazy\" decoding=\"async\" class=\"wp-image-114558 size-full\" src=\"https:\/\/www.matrix4design.com\/wp-content\/uploads\/2025\/07\/Treerings_A4k.jpg\" alt=\"\" width=\"1440\" height=\"1600\" srcset=\"https:\/\/www.matrix4design.com\/wp-content\/uploads\/2025\/07\/Treerings_A4k.jpg 1440w, https:\/\/www.matrix4design.com\/wp-content\/uploads\/2025\/07\/Treerings_A4k-270x300.jpg 270w, https:\/\/www.matrix4design.com\/wp-content\/uploads\/2025\/07\/Treerings_A4k-922x1024.jpg 922w, https:\/\/www.matrix4design.com\/wp-content\/uploads\/2025\/07\/Treerings_A4k-768x853.jpg 768w, https:\/\/www.matrix4design.com\/wp-content\/uploads\/2025\/07\/Treerings_A4k-1382x1536.jpg 1382w, https:\/\/www.matrix4design.com\/wp-content\/uploads\/2025\/07\/Treerings_A4k-150x167.jpg 150w, https:\/\/www.matrix4design.com\/wp-content\/uploads\/2025\/07\/Treerings_A4k-300x333.jpg 300w, https:\/\/www.matrix4design.com\/wp-content\/uploads\/2025\/07\/Treerings_A4k-696x773.jpg 696w, https:\/\/www.matrix4design.com\/wp-content\/uploads\/2025\/07\/Treerings_A4k-1068x1187.jpg 1068w\" sizes=\"auto, (max-width: 1440px) 100vw, 1440px\" \/><figcaption id=\"caption-attachment-114558\" class=\"wp-caption-text\">Treerings<\/figcaption><\/figure>\n","protected":false},"excerpt":{"rendered":"<p>&nbsp; Nella visione di Vanit\u00e0 Living, la luce \u00e8 parte integrante dello specchio, non un\u2019aggiunta. Ogni modello nasce, infatti, dall\u2019idea che illuminazione e forma debbano lavorare insieme per valorizzare lo spazio: la luce non \u00e8 quindi la protagonista assoluta, ma \u00e8 ci\u00f2 che permette allo specchio di superare il suo ruolo tradizionale, trasformandosi in un [&hellip;]<\/p>\n","protected":false},"author":6,"featured_media":114553,"comment_status":"closed","ping_status":"closed","sticky":false,"template":"","format":"standard","meta":{"_acf_changed":false,"footnotes":""},"categories":[366,418,368],"tags":[],"class_list":{"0":"post-114552","1":"post","2":"type-post","3":"status-publish","4":"format-standard","5":"has-post-thumbnail","7":"category-design","8":"category-design-home","9":"category-featured"},"acf":[],"yoast_head":"<!-- This site is optimized with the Yoast SEO plugin v27.0 - https:\/\/yoast.com\/product\/yoast-seo-wordpress\/ -->\n<title>Vanit\u00e0 Living ridisegna lo specchio con il potere della luce<\/title>\n<meta name=\"description\" content=\"Vanit\u00e0 Living ripensa il ruolo dello specchio attraverso un attento studio della luce. Il risultato \u00e8 una collezione di elementi che uniscono estetica, funzione e tecnologia.\" \/>\n<meta name=\"robots\" content=\"index, follow, max-snippet:-1, max-image-preview:large, max-video-preview:-1\" \/>\n<link rel=\"canonical\" href=\"https:\/\/www.matrix4design.com\/it\/design\/vanita-living-ridisegna-lo-specchio-con-il-potere-della-luce\/\" \/>\n<meta property=\"og:locale\" content=\"it_IT\" \/>\n<meta property=\"og:type\" content=\"article\" \/>\n<meta property=\"og:title\" content=\"Vanit\u00e0 Living ridisegna lo specchio con il potere della luce\" \/>\n<meta property=\"og:description\" content=\"Vanit\u00e0 Living ripensa il ruolo dello specchio attraverso un attento studio della luce. Il risultato \u00e8 una collezione di elementi che uniscono estetica, funzione e tecnologia.\" \/>\n<meta property=\"og:url\" content=\"https:\/\/www.matrix4design.com\/it\/design\/vanita-living-ridisegna-lo-specchio-con-il-potere-della-luce\/\" \/>\n<meta property=\"og:site_name\" content=\"Matrix4Design\" \/>\n<meta property=\"article:publisher\" content=\"https:\/\/www.facebook.com\/matrix4designmagazine\/\" \/>\n<meta property=\"article:published_time\" content=\"2025-07-17T09:00:00+00:00\" \/>\n<meta property=\"article:modified_time\" content=\"2025-07-17T10:01:22+00:00\" \/>\n<meta property=\"og:image\" content=\"https:\/\/www.matrix4design.com\/wp-content\/uploads\/2025\/07\/firefly.jpg\" \/>\n\t<meta property=\"og:image:width\" content=\"1600\" \/>\n\t<meta property=\"og:image:height\" content=\"1144\" \/>\n\t<meta property=\"og:image:type\" content=\"image\/jpeg\" \/>\n<meta name=\"author\" content=\"Redazione\" \/>\n<meta name=\"twitter:card\" content=\"summary_large_image\" \/>\n<meta name=\"twitter:label1\" content=\"Scritto da\" \/>\n\t<meta name=\"twitter:data1\" content=\"Redazione\" \/>\n\t<meta name=\"twitter:label2\" content=\"Tempo di lettura stimato\" \/>\n\t<meta name=\"twitter:data2\" content=\"4 minuti\" \/>\n<script type=\"application\/ld+json\" class=\"yoast-schema-graph\">{\"@context\":\"https:\/\/schema.org\",\"@graph\":[{\"@type\":\"Article\",\"@id\":\"https:\/\/www.matrix4design.com\/it\/design\/vanita-living-ridisegna-lo-specchio-con-il-potere-della-luce\/#article\",\"isPartOf\":{\"@id\":\"https:\/\/www.matrix4design.com\/it\/design\/vanita-living-ridisegna-lo-specchio-con-il-potere-della-luce\/\"},\"author\":{\"name\":\"Redazione\",\"@id\":\"https:\/\/www.matrix4design.com\/it\/#\/schema\/person\/b2b6dd48f9d6892ca224742379951fa1\"},\"headline\":\"Vanit\u00e0 Living ridisegna lo specchio con il potere della luce\",\"datePublished\":\"2025-07-17T09:00:00+00:00\",\"dateModified\":\"2025-07-17T10:01:22+00:00\",\"mainEntityOfPage\":{\"@id\":\"https:\/\/www.matrix4design.com\/it\/design\/vanita-living-ridisegna-lo-specchio-con-il-potere-della-luce\/\"},\"wordCount\":419,\"publisher\":{\"@id\":\"https:\/\/www.matrix4design.com\/it\/#organization\"},\"image\":{\"@id\":\"https:\/\/www.matrix4design.com\/it\/design\/vanita-living-ridisegna-lo-specchio-con-il-potere-della-luce\/#primaryimage\"},\"thumbnailUrl\":\"https:\/\/www.matrix4design.com\/wp-content\/uploads\/2025\/07\/firefly.jpg\",\"articleSection\":[\"Design\",\"Design home\",\"Featured\"],\"inLanguage\":\"it-IT\"},{\"@type\":\"WebPage\",\"@id\":\"https:\/\/www.matrix4design.com\/it\/design\/vanita-living-ridisegna-lo-specchio-con-il-potere-della-luce\/\",\"url\":\"https:\/\/www.matrix4design.com\/it\/design\/vanita-living-ridisegna-lo-specchio-con-il-potere-della-luce\/\",\"name\":\"Vanit\u00e0 Living ridisegna lo specchio con il potere della luce\",\"isPartOf\":{\"@id\":\"https:\/\/www.matrix4design.com\/it\/#website\"},\"primaryImageOfPage\":{\"@id\":\"https:\/\/www.matrix4design.com\/it\/design\/vanita-living-ridisegna-lo-specchio-con-il-potere-della-luce\/#primaryimage\"},\"image\":{\"@id\":\"https:\/\/www.matrix4design.com\/it\/design\/vanita-living-ridisegna-lo-specchio-con-il-potere-della-luce\/#primaryimage\"},\"thumbnailUrl\":\"https:\/\/www.matrix4design.com\/wp-content\/uploads\/2025\/07\/firefly.jpg\",\"datePublished\":\"2025-07-17T09:00:00+00:00\",\"dateModified\":\"2025-07-17T10:01:22+00:00\",\"description\":\"Vanit\u00e0 Living ripensa il ruolo dello specchio attraverso un attento studio della luce. Il risultato \u00e8 una collezione di elementi che uniscono estetica, funzione e tecnologia.\",\"breadcrumb\":{\"@id\":\"https:\/\/www.matrix4design.com\/it\/design\/vanita-living-ridisegna-lo-specchio-con-il-potere-della-luce\/#breadcrumb\"},\"inLanguage\":\"it-IT\",\"potentialAction\":[{\"@type\":\"ReadAction\",\"target\":[\"https:\/\/www.matrix4design.com\/it\/design\/vanita-living-ridisegna-lo-specchio-con-il-potere-della-luce\/\"]}]},{\"@type\":\"ImageObject\",\"inLanguage\":\"it-IT\",\"@id\":\"https:\/\/www.matrix4design.com\/it\/design\/vanita-living-ridisegna-lo-specchio-con-il-potere-della-luce\/#primaryimage\",\"url\":\"https:\/\/www.matrix4design.com\/wp-content\/uploads\/2025\/07\/firefly.jpg\",\"contentUrl\":\"https:\/\/www.matrix4design.com\/wp-content\/uploads\/2025\/07\/firefly.jpg\",\"width\":1600,\"height\":1144,\"caption\":\"luce\"},{\"@type\":\"BreadcrumbList\",\"@id\":\"https:\/\/www.matrix4design.com\/it\/design\/vanita-living-ridisegna-lo-specchio-con-il-potere-della-luce\/#breadcrumb\",\"itemListElement\":[{\"@type\":\"ListItem\",\"position\":1,\"name\":\"Home\",\"item\":\"https:\/\/www.matrix4design.com\/it\/\"},{\"@type\":\"ListItem\",\"position\":2,\"name\":\"Vanit\u00e0 Living ridisegna lo specchio con il potere della luce\"}]},{\"@type\":\"WebSite\",\"@id\":\"https:\/\/www.matrix4design.com\/it\/#website\",\"url\":\"https:\/\/www.matrix4design.com\/it\/\",\"name\":\"Matrix4Design\",\"description\":\"Digital architecture and design b2b magazine\",\"publisher\":{\"@id\":\"https:\/\/www.matrix4design.com\/it\/#organization\"},\"potentialAction\":[{\"@type\":\"SearchAction\",\"target\":{\"@type\":\"EntryPoint\",\"urlTemplate\":\"https:\/\/www.matrix4design.com\/it\/?s={search_term_string}\"},\"query-input\":{\"@type\":\"PropertyValueSpecification\",\"valueRequired\":true,\"valueName\":\"search_term_string\"}}],\"inLanguage\":\"it-IT\"},{\"@type\":\"Organization\",\"@id\":\"https:\/\/www.matrix4design.com\/it\/#organization\",\"name\":\"Matrix4Design\",\"url\":\"https:\/\/www.matrix4design.com\/it\/\",\"logo\":{\"@type\":\"ImageObject\",\"inLanguage\":\"it-IT\",\"@id\":\"https:\/\/www.matrix4design.com\/it\/#\/schema\/logo\/image\/\",\"url\":\"https:\/\/www.matrix4design.com\/wp-content\/uploads\/2020\/04\/logo_matrix4design.png\",\"contentUrl\":\"https:\/\/www.matrix4design.com\/wp-content\/uploads\/2020\/04\/logo_matrix4design.png\",\"width\":804,\"height\":114,\"caption\":\"Matrix4Design\"},\"image\":{\"@id\":\"https:\/\/www.matrix4design.com\/it\/#\/schema\/logo\/image\/\"},\"sameAs\":[\"https:\/\/www.facebook.com\/matrix4designmagazine\/\",\"https:\/\/www.instagram.com\/matrix4designmagazine\/\",\"https:\/\/www.youtube.com\/channel\/UCtuhSSrP3MOO_URZgv8mQ1A\"]},{\"@type\":\"Person\",\"@id\":\"https:\/\/www.matrix4design.com\/it\/#\/schema\/person\/b2b6dd48f9d6892ca224742379951fa1\",\"name\":\"Redazione\",\"image\":{\"@type\":\"ImageObject\",\"inLanguage\":\"it-IT\",\"@id\":\"https:\/\/www.matrix4design.com\/it\/#\/schema\/person\/image\/\",\"url\":\"https:\/\/www.matrix4design.com\/wp-content\/uploads\/2023\/01\/logo_M4D_2023-96x96.jpg\",\"contentUrl\":\"https:\/\/www.matrix4design.com\/wp-content\/uploads\/2023\/01\/logo_M4D_2023-96x96.jpg\",\"caption\":\"Redazione\"},\"url\":\"https:\/\/www.matrix4design.com\/it\/author\/redazione\/\"}]}<\/script>\n<!-- \/ Yoast SEO plugin. -->","yoast_head_json":{"title":"Vanit\u00e0 Living ridisegna lo specchio con il potere della luce","description":"Vanit\u00e0 Living ripensa il ruolo dello specchio attraverso un attento studio della luce. Il risultato \u00e8 una collezione di elementi che uniscono estetica, funzione e tecnologia.","robots":{"index":"index","follow":"follow","max-snippet":"max-snippet:-1","max-image-preview":"max-image-preview:large","max-video-preview":"max-video-preview:-1"},"canonical":"https:\/\/www.matrix4design.com\/it\/design\/vanita-living-ridisegna-lo-specchio-con-il-potere-della-luce\/","og_locale":"it_IT","og_type":"article","og_title":"Vanit\u00e0 Living ridisegna lo specchio con il potere della luce","og_description":"Vanit\u00e0 Living ripensa il ruolo dello specchio attraverso un attento studio della luce. Il risultato \u00e8 una collezione di elementi che uniscono estetica, funzione e tecnologia.","og_url":"https:\/\/www.matrix4design.com\/it\/design\/vanita-living-ridisegna-lo-specchio-con-il-potere-della-luce\/","og_site_name":"Matrix4Design","article_publisher":"https:\/\/www.facebook.com\/matrix4designmagazine\/","article_published_time":"2025-07-17T09:00:00+00:00","article_modified_time":"2025-07-17T10:01:22+00:00","og_image":[{"width":1600,"height":1144,"url":"https:\/\/www.matrix4design.com\/wp-content\/uploads\/2025\/07\/firefly.jpg","type":"image\/jpeg"}],"author":"Redazione","twitter_card":"summary_large_image","twitter_misc":{"Scritto da":"Redazione","Tempo di lettura stimato":"4 minuti"},"schema":{"@context":"https:\/\/schema.org","@graph":[{"@type":"Article","@id":"https:\/\/www.matrix4design.com\/it\/design\/vanita-living-ridisegna-lo-specchio-con-il-potere-della-luce\/#article","isPartOf":{"@id":"https:\/\/www.matrix4design.com\/it\/design\/vanita-living-ridisegna-lo-specchio-con-il-potere-della-luce\/"},"author":{"name":"Redazione","@id":"https:\/\/www.matrix4design.com\/it\/#\/schema\/person\/b2b6dd48f9d6892ca224742379951fa1"},"headline":"Vanit\u00e0 Living ridisegna lo specchio con il potere della luce","datePublished":"2025-07-17T09:00:00+00:00","dateModified":"2025-07-17T10:01:22+00:00","mainEntityOfPage":{"@id":"https:\/\/www.matrix4design.com\/it\/design\/vanita-living-ridisegna-lo-specchio-con-il-potere-della-luce\/"},"wordCount":419,"publisher":{"@id":"https:\/\/www.matrix4design.com\/it\/#organization"},"image":{"@id":"https:\/\/www.matrix4design.com\/it\/design\/vanita-living-ridisegna-lo-specchio-con-il-potere-della-luce\/#primaryimage"},"thumbnailUrl":"https:\/\/www.matrix4design.com\/wp-content\/uploads\/2025\/07\/firefly.jpg","articleSection":["Design","Design home","Featured"],"inLanguage":"it-IT"},{"@type":"WebPage","@id":"https:\/\/www.matrix4design.com\/it\/design\/vanita-living-ridisegna-lo-specchio-con-il-potere-della-luce\/","url":"https:\/\/www.matrix4design.com\/it\/design\/vanita-living-ridisegna-lo-specchio-con-il-potere-della-luce\/","name":"Vanit\u00e0 Living ridisegna lo specchio con il potere della luce","isPartOf":{"@id":"https:\/\/www.matrix4design.com\/it\/#website"},"primaryImageOfPage":{"@id":"https:\/\/www.matrix4design.com\/it\/design\/vanita-living-ridisegna-lo-specchio-con-il-potere-della-luce\/#primaryimage"},"image":{"@id":"https:\/\/www.matrix4design.com\/it\/design\/vanita-living-ridisegna-lo-specchio-con-il-potere-della-luce\/#primaryimage"},"thumbnailUrl":"https:\/\/www.matrix4design.com\/wp-content\/uploads\/2025\/07\/firefly.jpg","datePublished":"2025-07-17T09:00:00+00:00","dateModified":"2025-07-17T10:01:22+00:00","description":"Vanit\u00e0 Living ripensa il ruolo dello specchio attraverso un attento studio della luce. Il risultato \u00e8 una collezione di elementi che uniscono estetica, funzione e tecnologia.","breadcrumb":{"@id":"https:\/\/www.matrix4design.com\/it\/design\/vanita-living-ridisegna-lo-specchio-con-il-potere-della-luce\/#breadcrumb"},"inLanguage":"it-IT","potentialAction":[{"@type":"ReadAction","target":["https:\/\/www.matrix4design.com\/it\/design\/vanita-living-ridisegna-lo-specchio-con-il-potere-della-luce\/"]}]},{"@type":"ImageObject","inLanguage":"it-IT","@id":"https:\/\/www.matrix4design.com\/it\/design\/vanita-living-ridisegna-lo-specchio-con-il-potere-della-luce\/#primaryimage","url":"https:\/\/www.matrix4design.com\/wp-content\/uploads\/2025\/07\/firefly.jpg","contentUrl":"https:\/\/www.matrix4design.com\/wp-content\/uploads\/2025\/07\/firefly.jpg","width":1600,"height":1144,"caption":"luce"},{"@type":"BreadcrumbList","@id":"https:\/\/www.matrix4design.com\/it\/design\/vanita-living-ridisegna-lo-specchio-con-il-potere-della-luce\/#breadcrumb","itemListElement":[{"@type":"ListItem","position":1,"name":"Home","item":"https:\/\/www.matrix4design.com\/it\/"},{"@type":"ListItem","position":2,"name":"Vanit\u00e0 Living ridisegna lo specchio con il potere della luce"}]},{"@type":"WebSite","@id":"https:\/\/www.matrix4design.com\/it\/#website","url":"https:\/\/www.matrix4design.com\/it\/","name":"Matrix4Design","description":"Digital architecture and design b2b magazine","publisher":{"@id":"https:\/\/www.matrix4design.com\/it\/#organization"},"potentialAction":[{"@type":"SearchAction","target":{"@type":"EntryPoint","urlTemplate":"https:\/\/www.matrix4design.com\/it\/?s={search_term_string}"},"query-input":{"@type":"PropertyValueSpecification","valueRequired":true,"valueName":"search_term_string"}}],"inLanguage":"it-IT"},{"@type":"Organization","@id":"https:\/\/www.matrix4design.com\/it\/#organization","name":"Matrix4Design","url":"https:\/\/www.matrix4design.com\/it\/","logo":{"@type":"ImageObject","inLanguage":"it-IT","@id":"https:\/\/www.matrix4design.com\/it\/#\/schema\/logo\/image\/","url":"https:\/\/www.matrix4design.com\/wp-content\/uploads\/2020\/04\/logo_matrix4design.png","contentUrl":"https:\/\/www.matrix4design.com\/wp-content\/uploads\/2020\/04\/logo_matrix4design.png","width":804,"height":114,"caption":"Matrix4Design"},"image":{"@id":"https:\/\/www.matrix4design.com\/it\/#\/schema\/logo\/image\/"},"sameAs":["https:\/\/www.facebook.com\/matrix4designmagazine\/","https:\/\/www.instagram.com\/matrix4designmagazine\/","https:\/\/www.youtube.com\/channel\/UCtuhSSrP3MOO_URZgv8mQ1A"]},{"@type":"Person","@id":"https:\/\/www.matrix4design.com\/it\/#\/schema\/person\/b2b6dd48f9d6892ca224742379951fa1","name":"Redazione","image":{"@type":"ImageObject","inLanguage":"it-IT","@id":"https:\/\/www.matrix4design.com\/it\/#\/schema\/person\/image\/","url":"https:\/\/www.matrix4design.com\/wp-content\/uploads\/2023\/01\/logo_M4D_2023-96x96.jpg","contentUrl":"https:\/\/www.matrix4design.com\/wp-content\/uploads\/2023\/01\/logo_M4D_2023-96x96.jpg","caption":"Redazione"},"url":"https:\/\/www.matrix4design.com\/it\/author\/redazione\/"}]}},"_links":{"self":[{"href":"https:\/\/www.matrix4design.com\/it\/wp-json\/wp\/v2\/posts\/114552","targetHints":{"allow":["GET"]}}],"collection":[{"href":"https:\/\/www.matrix4design.com\/it\/wp-json\/wp\/v2\/posts"}],"about":[{"href":"https:\/\/www.matrix4design.com\/it\/wp-json\/wp\/v2\/types\/post"}],"author":[{"embeddable":true,"href":"https:\/\/www.matrix4design.com\/it\/wp-json\/wp\/v2\/users\/6"}],"replies":[{"embeddable":true,"href":"https:\/\/www.matrix4design.com\/it\/wp-json\/wp\/v2\/comments?post=114552"}],"version-history":[{"count":2,"href":"https:\/\/www.matrix4design.com\/it\/wp-json\/wp\/v2\/posts\/114552\/revisions"}],"predecessor-version":[{"id":114663,"href":"https:\/\/www.matrix4design.com\/it\/wp-json\/wp\/v2\/posts\/114552\/revisions\/114663"}],"wp:featuredmedia":[{"embeddable":true,"href":"https:\/\/www.matrix4design.com\/it\/wp-json\/wp\/v2\/media\/114553"}],"wp:attachment":[{"href":"https:\/\/www.matrix4design.com\/it\/wp-json\/wp\/v2\/media?parent=114552"}],"wp:term":[{"taxonomy":"category","embeddable":true,"href":"https:\/\/www.matrix4design.com\/it\/wp-json\/wp\/v2\/categories?post=114552"},{"taxonomy":"post_tag","embeddable":true,"href":"https:\/\/www.matrix4design.com\/it\/wp-json\/wp\/v2\/tags?post=114552"}],"curies":[{"name":"wp","href":"https:\/\/api.w.org\/{rel}","templated":true}]}}