{"id":114676,"date":"2025-07-22T11:00:33","date_gmt":"2025-07-22T09:00:33","guid":{"rendered":"https:\/\/www.matrix4design.com\/?p=114676"},"modified":"2025-07-22T11:41:36","modified_gmt":"2025-07-22T09:41:36","slug":"annalisa-grossi-racconta-ledizione-2025-di-architectwork","status":"publish","type":"post","link":"https:\/\/www.matrix4design.com\/it\/architettura\/annalisa-grossi-racconta-ledizione-2025-di-architectwork\/","title":{"rendered":"Annalisa Grossi racconta l\u2019edizione 2025 di ARCHITECT@WORK"},"content":{"rendered":"<p>&nbsp;<\/p>\n<p>L&#8217;11\u00aa edizione di <strong><a href=\"https:\/\/www.architectatwork.com\/en\" target=\"_blank\" rel=\"noopener\">ARCHITECT@WORK<\/a><\/strong> <strong>Milano<\/strong> si terr\u00e0 il <strong>10 e l\u201911 settembre 2025<\/strong> presso <strong>Fiera Milano Rho<\/strong>, una nuova location che sostituisce il MiCo per motivi logistici legati alle Olimpiadi Milano-Cortina. Non cambia per\u00f2 lo spirito della manifestazione: un evento riservato ad architetti, interior designer e progettisti, all&#8217;insegna della qualit\u00e0, del confronto professionale e dell&#8217;innovazione.<\/p>\n<p>Ne abbiamo parlato con <strong>Annalisa Grossi<\/strong>, Project Manager della kermesse, che ci ha anticipato contenuti, ospiti e novit\u00e0 dell\u2019edizione 2025.<\/p>\n<p><img loading=\"lazy\" decoding=\"async\" class=\"aligncenter wp-image-114679 size-full\" src=\"https:\/\/www.matrix4design.com\/wp-content\/uploads\/2025\/07\/AFP24_Stands.jpg\" alt=\"\" width=\"1600\" height=\"1067\" srcset=\"https:\/\/www.matrix4design.com\/wp-content\/uploads\/2025\/07\/AFP24_Stands.jpg 1600w, https:\/\/www.matrix4design.com\/wp-content\/uploads\/2025\/07\/AFP24_Stands-300x200.jpg 300w, https:\/\/www.matrix4design.com\/wp-content\/uploads\/2025\/07\/AFP24_Stands-1024x683.jpg 1024w, https:\/\/www.matrix4design.com\/wp-content\/uploads\/2025\/07\/AFP24_Stands-768x512.jpg 768w, https:\/\/www.matrix4design.com\/wp-content\/uploads\/2025\/07\/AFP24_Stands-1536x1024.jpg 1536w, https:\/\/www.matrix4design.com\/wp-content\/uploads\/2025\/07\/AFP24_Stands-150x100.jpg 150w, https:\/\/www.matrix4design.com\/wp-content\/uploads\/2025\/07\/AFP24_Stands-696x464.jpg 696w, https:\/\/www.matrix4design.com\/wp-content\/uploads\/2025\/07\/AFP24_Stands-1068x712.jpg 1068w\" sizes=\"auto, (max-width: 1600px) 100vw, 1600px\" \/><\/p>\n<p><strong>Il cambio di location da MiCo a Fiera Milano Rho rappresenta un&#8217;importante novit\u00e0. Come \u00e8 stato reinterpretato lo spazio per mantenere lo spirito dell\u2019evento?<\/strong><\/p>\n<p>S\u00ec, \u00e8 un cambiamento importante. Dopo tante edizioni al MiCo, ci spostiamo a Fiera Milano Rho per motivi logistici legati alle Olimpiadi di Milano-Cortina, ma senza rinunciare a quello che rende speciale ARCHITECT@WORK: un&#8217;atmosfera curata, intima, pensata per favorire lo scambio tra professionisti.<br \/>\nAbbiamo lavorato per far s\u00ec che anche il nuovo spazio rispecchi il nostro format, con la stessa attenzione alla qualit\u00e0, al comfort e alla relazione tra espositori e visitatori. Il layout resta quello riconoscibile, con stand uniformi, percorsi ordinati e lounge accoglienti: vogliamo che chi entra si senta subito a casa, anche in una cornice diversa.<\/p>\n<p><img loading=\"lazy\" decoding=\"async\" class=\"aligncenter wp-image-114681 size-full\" src=\"https:\/\/www.matrix4design.com\/wp-content\/uploads\/2025\/07\/atwit-1041.jpg\" alt=\"\" width=\"1600\" height=\"1067\" srcset=\"https:\/\/www.matrix4design.com\/wp-content\/uploads\/2025\/07\/atwit-1041.jpg 1600w, https:\/\/www.matrix4design.com\/wp-content\/uploads\/2025\/07\/atwit-1041-300x200.jpg 300w, https:\/\/www.matrix4design.com\/wp-content\/uploads\/2025\/07\/atwit-1041-1024x683.jpg 1024w, https:\/\/www.matrix4design.com\/wp-content\/uploads\/2025\/07\/atwit-1041-768x512.jpg 768w, https:\/\/www.matrix4design.com\/wp-content\/uploads\/2025\/07\/atwit-1041-1536x1024.jpg 1536w, https:\/\/www.matrix4design.com\/wp-content\/uploads\/2025\/07\/atwit-1041-150x100.jpg 150w, https:\/\/www.matrix4design.com\/wp-content\/uploads\/2025\/07\/atwit-1041-696x464.jpg 696w, https:\/\/www.matrix4design.com\/wp-content\/uploads\/2025\/07\/atwit-1041-1068x712.jpg 1068w\" sizes=\"auto, (max-width: 1600px) 100vw, 1600px\" \/><\/p>\n<p><strong>Il tema dell\u2019edizione 2025 \u00e8 &#8220;Metamorfosi &#8211; Spazi in evoluzione&#8221;. In che modo questo concetto si riflette nella selezione dei prodotti e nei contenuti proposti durante l\u2019evento?<\/strong><\/p>\n<p><em>Metamorfosi<\/em> \u00e8 un tema che sentiamo molto vicino, perch\u00e9 racconta bene quello che sta succedendo nel nostro settore: gli spazi stanno cambiando insieme ai bisogni di chi li vive, e anche il ruolo di architettura e design si sta evolvendo.<br \/>\nAbbiamo voluto portare questo concetto al centro dell\u2019edizione 2025, scegliendo prodotti e soluzioni che parlano di trasformazione, adattabilit\u00e0, ibridazione tra funzioni e attenzione alla dimensione sensoriale.<br \/>\nLo vedremo nei materiali, nelle tecnologie costruttive, nelle finiture. Sempre pi\u00f9 spesso infatti le aziende propongono sistemi intelligenti, flessibili, capaci di accompagnare i cambiamenti, piuttosto che cristallizzare una forma definitiva.<br \/>\nPersonalmente, trovo molto stimolante vedere come l\u2019innovazione oggi non si limiti pi\u00f9 alla performance tecnica, ma si allarghi al benessere, alla relazione con la natura, all\u2019emozione. Questo approccio pi\u00f9 ampio si riflette anche nei contenuti culturali che stiamo preparando, tutti pensati per interpretare l\u2019evoluzione dello spazio in chiave progettuale ma anche umana.<\/p>\n<p><img loading=\"lazy\" decoding=\"async\" class=\"aligncenter wp-image-114680 size-full\" src=\"https:\/\/www.matrix4design.com\/wp-content\/uploads\/2025\/07\/atwit-960.jpg\" alt=\"\" width=\"1067\" height=\"1600\" srcset=\"https:\/\/www.matrix4design.com\/wp-content\/uploads\/2025\/07\/atwit-960.jpg 1067w, https:\/\/www.matrix4design.com\/wp-content\/uploads\/2025\/07\/atwit-960-200x300.jpg 200w, https:\/\/www.matrix4design.com\/wp-content\/uploads\/2025\/07\/atwit-960-683x1024.jpg 683w, https:\/\/www.matrix4design.com\/wp-content\/uploads\/2025\/07\/atwit-960-768x1152.jpg 768w, https:\/\/www.matrix4design.com\/wp-content\/uploads\/2025\/07\/atwit-960-1024x1536.jpg 1024w, https:\/\/www.matrix4design.com\/wp-content\/uploads\/2025\/07\/atwit-960-150x225.jpg 150w, https:\/\/www.matrix4design.com\/wp-content\/uploads\/2025\/07\/atwit-960-300x450.jpg 300w, https:\/\/www.matrix4design.com\/wp-content\/uploads\/2025\/07\/atwit-960-696x1044.jpg 696w\" sizes=\"auto, (max-width: 1067px) 100vw, 1067px\" \/><\/p>\n<p><strong>Oltre alla galleria espositiva, il programma prevede talk formativi e mostre. Ci pu\u00f2 anticipare qualche dettaglio sui contenuti dei sei talk con CFP e sulla mostra LIVING SCENARIOS?<\/strong><\/p>\n<p>Il programma culturale \u00e8 uno dei tratti distintivi di ARCHITECT@WORK Milano. Anche quest\u2019anno ci saranno sei talk curati da OFARCH e dalla Fondazione dell\u2019Ordine degli Architetti di Milano, tutti con crediti formativi.<br \/>\nI temi toccheranno vari aspetti della progettazione contemporanea: si parler\u00e0 di ambienti di lavoro pi\u00f9 sostenibili e umani, di natura come ispirazione e necessit\u00e0, di luce, di evoluzione del concetto di casa. A tenere i talk saranno ospiti come lo studio Kengo Kuma, Carlo Ratti, Patricia Viel, Alfonso Femia, TAMassociati e tanti altri nomi interessanti.<br \/>\nLa mostra <em>LIVING SCENARIOS<\/em>, invece, sar\u00e0 curata da Baolab e ci porter\u00e0 in una dimensione quasi teatrale, dove i materiali, la luce, il suono e addirittura i profumi compongono scenari abitativi fluidi, in cui il confine tra natura e artificio si fa sempre pi\u00f9 sottile. \u00c8 un modo coinvolgente e concreto di raccontare la metamorfosi degli spazi, non solo con le parole ma attraverso le esperienze.<\/p>\n<p><img loading=\"lazy\" decoding=\"async\" class=\"aligncenter wp-image-114682 size-full\" src=\"https:\/\/www.matrix4design.com\/wp-content\/uploads\/2025\/07\/atwit-1154.jpg\" alt=\"ARCHITECT@WORK\" width=\"1600\" height=\"1067\" srcset=\"https:\/\/www.matrix4design.com\/wp-content\/uploads\/2025\/07\/atwit-1154.jpg 1600w, https:\/\/www.matrix4design.com\/wp-content\/uploads\/2025\/07\/atwit-1154-300x200.jpg 300w, https:\/\/www.matrix4design.com\/wp-content\/uploads\/2025\/07\/atwit-1154-1024x683.jpg 1024w, https:\/\/www.matrix4design.com\/wp-content\/uploads\/2025\/07\/atwit-1154-768x512.jpg 768w, https:\/\/www.matrix4design.com\/wp-content\/uploads\/2025\/07\/atwit-1154-1536x1024.jpg 1536w, https:\/\/www.matrix4design.com\/wp-content\/uploads\/2025\/07\/atwit-1154-150x100.jpg 150w, https:\/\/www.matrix4design.com\/wp-content\/uploads\/2025\/07\/atwit-1154-696x464.jpg 696w, https:\/\/www.matrix4design.com\/wp-content\/uploads\/2025\/07\/atwit-1154-1068x712.jpg 1068w\" sizes=\"auto, (max-width: 1600px) 100vw, 1600px\" \/><\/p>\n<p>Insomma, il 10 e 11 settembre a Fiera Milano Rho siamo pronti a scrivere un nuovo capitolo, in una location diversa ma con lo stesso spirito che in tutta Europa rende speciale ARCHITECT@WORK. Saranno due giornate intense, fatte di incontri, ispirazioni e tanti spunti concreti per chi progetta. Chi si occupa di architettura o interior design, non pu\u00f2 mancare: sar\u00e0 un\u2019edizione da vivere fino in fondo. Vi aspettiamo!<\/p>\n<p>L\u2019evento \u00e8 gratuito previa registrazione <a href=\"https:\/\/awmilan25.architectatwork.com\/invitation\/code\/MTR111\/next\" target=\"_blank\" rel=\"noopener\">online<\/a>.<\/p>\n","protected":false},"excerpt":{"rendered":"<p>&nbsp; L&#8217;11\u00aa edizione di ARCHITECT@WORK Milano si terr\u00e0 il 10 e l\u201911 settembre 2025 presso Fiera Milano Rho, una nuova location che sostituisce il MiCo per motivi logistici legati alle Olimpiadi Milano-Cortina. Non cambia per\u00f2 lo spirito della manifestazione: un evento riservato ad architetti, interior designer e progettisti, all&#8217;insegna della qualit\u00e0, del confronto professionale e [&hellip;]<\/p>\n","protected":false},"author":42,"featured_media":114678,"comment_status":"closed","ping_status":"closed","sticky":false,"template":"","format":"standard","meta":{"_acf_changed":false,"footnotes":""},"categories":[367,417,379],"tags":[],"class_list":{"0":"post-114676","1":"post","2":"type-post","3":"status-publish","4":"format-standard","5":"has-post-thumbnail","7":"category-architettura","8":"category-architettura-home","9":"category-focus-home"},"acf":[],"yoast_head":"<!-- This site is optimized with the Yoast SEO plugin v27.0 - https:\/\/yoast.com\/product\/yoast-seo-wordpress\/ -->\n<title>Annalisa Grossi racconta l\u2019edizione 2025 di ARCHITECT@WORK<\/title>\n<meta name=\"description\" content=\"ARCHITECT@WORK 2025 torna a settembre e si sposta a Fiera Milano Rho. Annalisa Grossi ci svela contenuti e visioni dell\u2019evento.\" \/>\n<meta name=\"robots\" content=\"index, follow, max-snippet:-1, max-image-preview:large, max-video-preview:-1\" \/>\n<link rel=\"canonical\" href=\"https:\/\/www.matrix4design.com\/it\/architettura\/annalisa-grossi-racconta-ledizione-2025-di-architectwork\/\" \/>\n<meta property=\"og:locale\" content=\"it_IT\" \/>\n<meta property=\"og:type\" content=\"article\" \/>\n<meta property=\"og:title\" content=\"Annalisa Grossi racconta l\u2019edizione 2025 di ARCHITECT@WORK\" \/>\n<meta property=\"og:description\" content=\"ARCHITECT@WORK 2025 torna a settembre e si sposta a Fiera Milano Rho. Annalisa Grossi ci svela contenuti e visioni dell\u2019evento.\" \/>\n<meta property=\"og:url\" content=\"https:\/\/www.matrix4design.com\/it\/architettura\/annalisa-grossi-racconta-ledizione-2025-di-architectwork\/\" \/>\n<meta property=\"og:site_name\" content=\"Matrix4Design\" \/>\n<meta property=\"article:publisher\" content=\"https:\/\/www.facebook.com\/matrix4designmagazine\/\" \/>\n<meta property=\"article:published_time\" content=\"2025-07-22T09:00:33+00:00\" \/>\n<meta property=\"article:modified_time\" content=\"2025-07-22T09:41:36+00:00\" \/>\n<meta property=\"og:image\" content=\"https:\/\/www.matrix4design.com\/wp-content\/uploads\/2025\/07\/AAV24_stands2.jpg\" \/>\n\t<meta property=\"og:image:width\" content=\"1600\" \/>\n\t<meta property=\"og:image:height\" content=\"1065\" \/>\n\t<meta property=\"og:image:type\" content=\"image\/jpeg\" \/>\n<meta name=\"author\" content=\"Arianna De Felice\" \/>\n<meta name=\"twitter:card\" content=\"summary_large_image\" \/>\n<meta name=\"twitter:label1\" content=\"Scritto da\" \/>\n\t<meta name=\"twitter:data1\" content=\"Arianna De Felice\" \/>\n\t<meta name=\"twitter:label2\" content=\"Tempo di lettura stimato\" \/>\n\t<meta name=\"twitter:data2\" content=\"5 minuti\" \/>\n<script type=\"application\/ld+json\" class=\"yoast-schema-graph\">{\"@context\":\"https:\/\/schema.org\",\"@graph\":[{\"@type\":\"Article\",\"@id\":\"https:\/\/www.matrix4design.com\/it\/architettura\/annalisa-grossi-racconta-ledizione-2025-di-architectwork\/#article\",\"isPartOf\":{\"@id\":\"https:\/\/www.matrix4design.com\/it\/architettura\/annalisa-grossi-racconta-ledizione-2025-di-architectwork\/\"},\"author\":{\"name\":\"Arianna De Felice\",\"@id\":\"https:\/\/www.matrix4design.com\/it\/#\/schema\/person\/5cab3419363cada764945825bbc03378\"},\"headline\":\"Annalisa Grossi racconta l\u2019edizione 2025 di ARCHITECT@WORK\",\"datePublished\":\"2025-07-22T09:00:33+00:00\",\"dateModified\":\"2025-07-22T09:41:36+00:00\",\"mainEntityOfPage\":{\"@id\":\"https:\/\/www.matrix4design.com\/it\/architettura\/annalisa-grossi-racconta-ledizione-2025-di-architectwork\/\"},\"wordCount\":643,\"publisher\":{\"@id\":\"https:\/\/www.matrix4design.com\/it\/#organization\"},\"image\":{\"@id\":\"https:\/\/www.matrix4design.com\/it\/architettura\/annalisa-grossi-racconta-ledizione-2025-di-architectwork\/#primaryimage\"},\"thumbnailUrl\":\"https:\/\/www.matrix4design.com\/wp-content\/uploads\/2025\/07\/AAV24_stands2.jpg\",\"articleSection\":[\"Architettura\",\"Architettura home\",\"Focus home\"],\"inLanguage\":\"it-IT\"},{\"@type\":\"WebPage\",\"@id\":\"https:\/\/www.matrix4design.com\/it\/architettura\/annalisa-grossi-racconta-ledizione-2025-di-architectwork\/\",\"url\":\"https:\/\/www.matrix4design.com\/it\/architettura\/annalisa-grossi-racconta-ledizione-2025-di-architectwork\/\",\"name\":\"Annalisa Grossi racconta l\u2019edizione 2025 di ARCHITECT@WORK\",\"isPartOf\":{\"@id\":\"https:\/\/www.matrix4design.com\/it\/#website\"},\"primaryImageOfPage\":{\"@id\":\"https:\/\/www.matrix4design.com\/it\/architettura\/annalisa-grossi-racconta-ledizione-2025-di-architectwork\/#primaryimage\"},\"image\":{\"@id\":\"https:\/\/www.matrix4design.com\/it\/architettura\/annalisa-grossi-racconta-ledizione-2025-di-architectwork\/#primaryimage\"},\"thumbnailUrl\":\"https:\/\/www.matrix4design.com\/wp-content\/uploads\/2025\/07\/AAV24_stands2.jpg\",\"datePublished\":\"2025-07-22T09:00:33+00:00\",\"dateModified\":\"2025-07-22T09:41:36+00:00\",\"description\":\"ARCHITECT@WORK 2025 torna a settembre e si sposta a Fiera Milano Rho. Annalisa Grossi ci svela contenuti e visioni dell\u2019evento.\",\"breadcrumb\":{\"@id\":\"https:\/\/www.matrix4design.com\/it\/architettura\/annalisa-grossi-racconta-ledizione-2025-di-architectwork\/#breadcrumb\"},\"inLanguage\":\"it-IT\",\"potentialAction\":[{\"@type\":\"ReadAction\",\"target\":[\"https:\/\/www.matrix4design.com\/it\/architettura\/annalisa-grossi-racconta-ledizione-2025-di-architectwork\/\"]}]},{\"@type\":\"ImageObject\",\"inLanguage\":\"it-IT\",\"@id\":\"https:\/\/www.matrix4design.com\/it\/architettura\/annalisa-grossi-racconta-ledizione-2025-di-architectwork\/#primaryimage\",\"url\":\"https:\/\/www.matrix4design.com\/wp-content\/uploads\/2025\/07\/AAV24_stands2.jpg\",\"contentUrl\":\"https:\/\/www.matrix4design.com\/wp-content\/uploads\/2025\/07\/AAV24_stands2.jpg\",\"width\":1600,\"height\":1065,\"caption\":\"ARCHITECT@WORK\"},{\"@type\":\"BreadcrumbList\",\"@id\":\"https:\/\/www.matrix4design.com\/it\/architettura\/annalisa-grossi-racconta-ledizione-2025-di-architectwork\/#breadcrumb\",\"itemListElement\":[{\"@type\":\"ListItem\",\"position\":1,\"name\":\"Home\",\"item\":\"https:\/\/www.matrix4design.com\/it\/\"},{\"@type\":\"ListItem\",\"position\":2,\"name\":\"Annalisa Grossi racconta l\u2019edizione 2025 di ARCHITECT@WORK\"}]},{\"@type\":\"WebSite\",\"@id\":\"https:\/\/www.matrix4design.com\/it\/#website\",\"url\":\"https:\/\/www.matrix4design.com\/it\/\",\"name\":\"Matrix4Design\",\"description\":\"Digital architecture and design b2b magazine\",\"publisher\":{\"@id\":\"https:\/\/www.matrix4design.com\/it\/#organization\"},\"potentialAction\":[{\"@type\":\"SearchAction\",\"target\":{\"@type\":\"EntryPoint\",\"urlTemplate\":\"https:\/\/www.matrix4design.com\/it\/?s={search_term_string}\"},\"query-input\":{\"@type\":\"PropertyValueSpecification\",\"valueRequired\":true,\"valueName\":\"search_term_string\"}}],\"inLanguage\":\"it-IT\"},{\"@type\":\"Organization\",\"@id\":\"https:\/\/www.matrix4design.com\/it\/#organization\",\"name\":\"Matrix4Design\",\"url\":\"https:\/\/www.matrix4design.com\/it\/\",\"logo\":{\"@type\":\"ImageObject\",\"inLanguage\":\"it-IT\",\"@id\":\"https:\/\/www.matrix4design.com\/it\/#\/schema\/logo\/image\/\",\"url\":\"https:\/\/www.matrix4design.com\/wp-content\/uploads\/2020\/04\/logo_matrix4design.png\",\"contentUrl\":\"https:\/\/www.matrix4design.com\/wp-content\/uploads\/2020\/04\/logo_matrix4design.png\",\"width\":804,\"height\":114,\"caption\":\"Matrix4Design\"},\"image\":{\"@id\":\"https:\/\/www.matrix4design.com\/it\/#\/schema\/logo\/image\/\"},\"sameAs\":[\"https:\/\/www.facebook.com\/matrix4designmagazine\/\",\"https:\/\/www.instagram.com\/matrix4designmagazine\/\",\"https:\/\/www.youtube.com\/channel\/UCtuhSSrP3MOO_URZgv8mQ1A\"]},{\"@type\":\"Person\",\"@id\":\"https:\/\/www.matrix4design.com\/it\/#\/schema\/person\/5cab3419363cada764945825bbc03378\",\"name\":\"Arianna De Felice\",\"image\":{\"@type\":\"ImageObject\",\"inLanguage\":\"it-IT\",\"@id\":\"https:\/\/www.matrix4design.com\/it\/#\/schema\/person\/image\/\",\"url\":\"https:\/\/secure.gravatar.com\/avatar\/a608814fcaebeafcf9459394f148f351d8304473bf763d1b34027ec3d2bc8c58?s=96&d=wp_user_avatar&r=g\",\"contentUrl\":\"https:\/\/secure.gravatar.com\/avatar\/a608814fcaebeafcf9459394f148f351d8304473bf763d1b34027ec3d2bc8c58?s=96&d=wp_user_avatar&r=g\",\"caption\":\"Arianna De Felice\"},\"url\":\"https:\/\/www.matrix4design.com\/it\/author\/arianna-de-felice\/\"}]}<\/script>\n<!-- \/ Yoast SEO plugin. -->","yoast_head_json":{"title":"Annalisa Grossi racconta l\u2019edizione 2025 di ARCHITECT@WORK","description":"ARCHITECT@WORK 2025 torna a settembre e si sposta a Fiera Milano Rho. Annalisa Grossi ci svela contenuti e visioni dell\u2019evento.","robots":{"index":"index","follow":"follow","max-snippet":"max-snippet:-1","max-image-preview":"max-image-preview:large","max-video-preview":"max-video-preview:-1"},"canonical":"https:\/\/www.matrix4design.com\/it\/architettura\/annalisa-grossi-racconta-ledizione-2025-di-architectwork\/","og_locale":"it_IT","og_type":"article","og_title":"Annalisa Grossi racconta l\u2019edizione 2025 di ARCHITECT@WORK","og_description":"ARCHITECT@WORK 2025 torna a settembre e si sposta a Fiera Milano Rho. Annalisa Grossi ci svela contenuti e visioni dell\u2019evento.","og_url":"https:\/\/www.matrix4design.com\/it\/architettura\/annalisa-grossi-racconta-ledizione-2025-di-architectwork\/","og_site_name":"Matrix4Design","article_publisher":"https:\/\/www.facebook.com\/matrix4designmagazine\/","article_published_time":"2025-07-22T09:00:33+00:00","article_modified_time":"2025-07-22T09:41:36+00:00","og_image":[{"width":1600,"height":1065,"url":"https:\/\/www.matrix4design.com\/wp-content\/uploads\/2025\/07\/AAV24_stands2.jpg","type":"image\/jpeg"}],"author":"Arianna De Felice","twitter_card":"summary_large_image","twitter_misc":{"Scritto da":"Arianna De Felice","Tempo di lettura stimato":"5 minuti"},"schema":{"@context":"https:\/\/schema.org","@graph":[{"@type":"Article","@id":"https:\/\/www.matrix4design.com\/it\/architettura\/annalisa-grossi-racconta-ledizione-2025-di-architectwork\/#article","isPartOf":{"@id":"https:\/\/www.matrix4design.com\/it\/architettura\/annalisa-grossi-racconta-ledizione-2025-di-architectwork\/"},"author":{"name":"Arianna De Felice","@id":"https:\/\/www.matrix4design.com\/it\/#\/schema\/person\/5cab3419363cada764945825bbc03378"},"headline":"Annalisa Grossi racconta l\u2019edizione 2025 di ARCHITECT@WORK","datePublished":"2025-07-22T09:00:33+00:00","dateModified":"2025-07-22T09:41:36+00:00","mainEntityOfPage":{"@id":"https:\/\/www.matrix4design.com\/it\/architettura\/annalisa-grossi-racconta-ledizione-2025-di-architectwork\/"},"wordCount":643,"publisher":{"@id":"https:\/\/www.matrix4design.com\/it\/#organization"},"image":{"@id":"https:\/\/www.matrix4design.com\/it\/architettura\/annalisa-grossi-racconta-ledizione-2025-di-architectwork\/#primaryimage"},"thumbnailUrl":"https:\/\/www.matrix4design.com\/wp-content\/uploads\/2025\/07\/AAV24_stands2.jpg","articleSection":["Architettura","Architettura home","Focus home"],"inLanguage":"it-IT"},{"@type":"WebPage","@id":"https:\/\/www.matrix4design.com\/it\/architettura\/annalisa-grossi-racconta-ledizione-2025-di-architectwork\/","url":"https:\/\/www.matrix4design.com\/it\/architettura\/annalisa-grossi-racconta-ledizione-2025-di-architectwork\/","name":"Annalisa Grossi racconta l\u2019edizione 2025 di ARCHITECT@WORK","isPartOf":{"@id":"https:\/\/www.matrix4design.com\/it\/#website"},"primaryImageOfPage":{"@id":"https:\/\/www.matrix4design.com\/it\/architettura\/annalisa-grossi-racconta-ledizione-2025-di-architectwork\/#primaryimage"},"image":{"@id":"https:\/\/www.matrix4design.com\/it\/architettura\/annalisa-grossi-racconta-ledizione-2025-di-architectwork\/#primaryimage"},"thumbnailUrl":"https:\/\/www.matrix4design.com\/wp-content\/uploads\/2025\/07\/AAV24_stands2.jpg","datePublished":"2025-07-22T09:00:33+00:00","dateModified":"2025-07-22T09:41:36+00:00","description":"ARCHITECT@WORK 2025 torna a settembre e si sposta a Fiera Milano Rho. Annalisa Grossi ci svela contenuti e visioni dell\u2019evento.","breadcrumb":{"@id":"https:\/\/www.matrix4design.com\/it\/architettura\/annalisa-grossi-racconta-ledizione-2025-di-architectwork\/#breadcrumb"},"inLanguage":"it-IT","potentialAction":[{"@type":"ReadAction","target":["https:\/\/www.matrix4design.com\/it\/architettura\/annalisa-grossi-racconta-ledizione-2025-di-architectwork\/"]}]},{"@type":"ImageObject","inLanguage":"it-IT","@id":"https:\/\/www.matrix4design.com\/it\/architettura\/annalisa-grossi-racconta-ledizione-2025-di-architectwork\/#primaryimage","url":"https:\/\/www.matrix4design.com\/wp-content\/uploads\/2025\/07\/AAV24_stands2.jpg","contentUrl":"https:\/\/www.matrix4design.com\/wp-content\/uploads\/2025\/07\/AAV24_stands2.jpg","width":1600,"height":1065,"caption":"ARCHITECT@WORK"},{"@type":"BreadcrumbList","@id":"https:\/\/www.matrix4design.com\/it\/architettura\/annalisa-grossi-racconta-ledizione-2025-di-architectwork\/#breadcrumb","itemListElement":[{"@type":"ListItem","position":1,"name":"Home","item":"https:\/\/www.matrix4design.com\/it\/"},{"@type":"ListItem","position":2,"name":"Annalisa Grossi racconta l\u2019edizione 2025 di ARCHITECT@WORK"}]},{"@type":"WebSite","@id":"https:\/\/www.matrix4design.com\/it\/#website","url":"https:\/\/www.matrix4design.com\/it\/","name":"Matrix4Design","description":"Digital architecture and design b2b magazine","publisher":{"@id":"https:\/\/www.matrix4design.com\/it\/#organization"},"potentialAction":[{"@type":"SearchAction","target":{"@type":"EntryPoint","urlTemplate":"https:\/\/www.matrix4design.com\/it\/?s={search_term_string}"},"query-input":{"@type":"PropertyValueSpecification","valueRequired":true,"valueName":"search_term_string"}}],"inLanguage":"it-IT"},{"@type":"Organization","@id":"https:\/\/www.matrix4design.com\/it\/#organization","name":"Matrix4Design","url":"https:\/\/www.matrix4design.com\/it\/","logo":{"@type":"ImageObject","inLanguage":"it-IT","@id":"https:\/\/www.matrix4design.com\/it\/#\/schema\/logo\/image\/","url":"https:\/\/www.matrix4design.com\/wp-content\/uploads\/2020\/04\/logo_matrix4design.png","contentUrl":"https:\/\/www.matrix4design.com\/wp-content\/uploads\/2020\/04\/logo_matrix4design.png","width":804,"height":114,"caption":"Matrix4Design"},"image":{"@id":"https:\/\/www.matrix4design.com\/it\/#\/schema\/logo\/image\/"},"sameAs":["https:\/\/www.facebook.com\/matrix4designmagazine\/","https:\/\/www.instagram.com\/matrix4designmagazine\/","https:\/\/www.youtube.com\/channel\/UCtuhSSrP3MOO_URZgv8mQ1A"]},{"@type":"Person","@id":"https:\/\/www.matrix4design.com\/it\/#\/schema\/person\/5cab3419363cada764945825bbc03378","name":"Arianna De Felice","image":{"@type":"ImageObject","inLanguage":"it-IT","@id":"https:\/\/www.matrix4design.com\/it\/#\/schema\/person\/image\/","url":"https:\/\/secure.gravatar.com\/avatar\/a608814fcaebeafcf9459394f148f351d8304473bf763d1b34027ec3d2bc8c58?s=96&d=wp_user_avatar&r=g","contentUrl":"https:\/\/secure.gravatar.com\/avatar\/a608814fcaebeafcf9459394f148f351d8304473bf763d1b34027ec3d2bc8c58?s=96&d=wp_user_avatar&r=g","caption":"Arianna De Felice"},"url":"https:\/\/www.matrix4design.com\/it\/author\/arianna-de-felice\/"}]}},"_links":{"self":[{"href":"https:\/\/www.matrix4design.com\/it\/wp-json\/wp\/v2\/posts\/114676","targetHints":{"allow":["GET"]}}],"collection":[{"href":"https:\/\/www.matrix4design.com\/it\/wp-json\/wp\/v2\/posts"}],"about":[{"href":"https:\/\/www.matrix4design.com\/it\/wp-json\/wp\/v2\/types\/post"}],"author":[{"embeddable":true,"href":"https:\/\/www.matrix4design.com\/it\/wp-json\/wp\/v2\/users\/42"}],"replies":[{"embeddable":true,"href":"https:\/\/www.matrix4design.com\/it\/wp-json\/wp\/v2\/comments?post=114676"}],"version-history":[{"count":3,"href":"https:\/\/www.matrix4design.com\/it\/wp-json\/wp\/v2\/posts\/114676\/revisions"}],"predecessor-version":[{"id":114689,"href":"https:\/\/www.matrix4design.com\/it\/wp-json\/wp\/v2\/posts\/114676\/revisions\/114689"}],"wp:featuredmedia":[{"embeddable":true,"href":"https:\/\/www.matrix4design.com\/it\/wp-json\/wp\/v2\/media\/114678"}],"wp:attachment":[{"href":"https:\/\/www.matrix4design.com\/it\/wp-json\/wp\/v2\/media?parent=114676"}],"wp:term":[{"taxonomy":"category","embeddable":true,"href":"https:\/\/www.matrix4design.com\/it\/wp-json\/wp\/v2\/categories?post=114676"},{"taxonomy":"post_tag","embeddable":true,"href":"https:\/\/www.matrix4design.com\/it\/wp-json\/wp\/v2\/tags?post=114676"}],"curies":[{"name":"wp","href":"https:\/\/api.w.org\/{rel}","templated":true}]}}