{"id":114784,"date":"2025-07-29T11:00:57","date_gmt":"2025-07-29T09:00:57","guid":{"rendered":"https:\/\/www.matrix4design.com\/?p=114784"},"modified":"2025-07-23T16:20:29","modified_gmt":"2025-07-23T14:20:29","slug":"alice-ceramica-e-politecnico-di-milano-il-futuro-del-design-sanitario-nasce-in-aula","status":"publish","type":"post","link":"https:\/\/www.matrix4design.com\/it\/design\/alice-ceramica-e-politecnico-di-milano-il-futuro-del-design-sanitario-nasce-in-aula\/","title":{"rendered":"Alice Ceramica e Politecnico di Milano: il futuro del design sanitario nasce in aula"},"content":{"rendered":"<p>&nbsp;<\/p>\n<p><a href=\"https:\/\/www.aliceceramica.com\/\" target=\"_blank\" rel=\"noopener\"><strong>Alice Ceramica<\/strong> <\/a>\u00e8 stata <strong>partner della Scuola del Design del Politecnico di Milano<\/strong> nel <strong>primo progetto sulla ceramica sanitaria<\/strong>, a conferma che l&#8217;azienda investe costantemente nella ricerca e nelle giovani leve.<\/p>\n<p>Durante l\u2019anno accademico Alice ha avuto modo di presentare la sua realt\u00e0, il contesto nel quale opera, oltre ai suoi valori e alla sua visione. Gli studenti, infatti, hanno potuto <strong>visitare sia lo stand dell&#8217;azienda in occasione di Cersaie 2024<\/strong> sia lo <strong>showroom in via Marsala a Milano<\/strong> e dialogare con il Designer e Marketing Manager <strong>Manuel Di Giacobbe<\/strong> e il Direttore di Produzione Ing. <strong>Emanuele Corsi<\/strong>. Questo ha permesso di realizzare dapprima un concept in linea con l&#8217;identit\u00e0, i valori e la missione di Alice <strong>presentando poi un vero e proprio progetto<\/strong>.<\/p>\n<p><img loading=\"lazy\" decoding=\"async\" class=\"aligncenter wp-image-114789 size-full\" src=\"https:\/\/www.matrix4design.com\/wp-content\/uploads\/2025\/07\/14-Alice-Politecnico-Milano-evento-presentazione-progetti-24-giugno-rotated.jpg\" alt=\"\" width=\"1067\" height=\"1600\" srcset=\"https:\/\/www.matrix4design.com\/wp-content\/uploads\/2025\/07\/14-Alice-Politecnico-Milano-evento-presentazione-progetti-24-giugno-rotated.jpg 1067w, https:\/\/www.matrix4design.com\/wp-content\/uploads\/2025\/07\/14-Alice-Politecnico-Milano-evento-presentazione-progetti-24-giugno-200x300.jpg 200w, https:\/\/www.matrix4design.com\/wp-content\/uploads\/2025\/07\/14-Alice-Politecnico-Milano-evento-presentazione-progetti-24-giugno-683x1024.jpg 683w, https:\/\/www.matrix4design.com\/wp-content\/uploads\/2025\/07\/14-Alice-Politecnico-Milano-evento-presentazione-progetti-24-giugno-768x1152.jpg 768w, https:\/\/www.matrix4design.com\/wp-content\/uploads\/2025\/07\/14-Alice-Politecnico-Milano-evento-presentazione-progetti-24-giugno-1024x1536.jpg 1024w, https:\/\/www.matrix4design.com\/wp-content\/uploads\/2025\/07\/14-Alice-Politecnico-Milano-evento-presentazione-progetti-24-giugno-150x225.jpg 150w, https:\/\/www.matrix4design.com\/wp-content\/uploads\/2025\/07\/14-Alice-Politecnico-Milano-evento-presentazione-progetti-24-giugno-300x450.jpg 300w, https:\/\/www.matrix4design.com\/wp-content\/uploads\/2025\/07\/14-Alice-Politecnico-Milano-evento-presentazione-progetti-24-giugno-696x1044.jpg 696w\" sizes=\"auto, (max-width: 1067px) 100vw, 1067px\" \/><\/p>\n<p>In fase di esame dunque i giovani progettisti hanno saputo interpretare il materiale ceramico e i valori dell\u2019azienda con interesse e seriet\u00e0, proponendo <strong>punti di vista inediti e soluzioni<\/strong> che rappresentano un <strong>arricchimento di concetti e spunti per l\u2019azienda e il suo team<\/strong>.<\/p>\n<p><strong>Tre sono state le menzioni<\/strong> di merito; <strong>un progetto<\/strong> \u00e8 stato decretato <strong>vincitore <\/strong>e, oltre a un premio economico, <strong>verr\u00e0 messo in produzione.<\/strong><\/p>\n<p><img loading=\"lazy\" decoding=\"async\" class=\"aligncenter wp-image-114786 size-full\" src=\"https:\/\/www.matrix4design.com\/wp-content\/uploads\/2025\/07\/1-Alice-Politecnico-Milano-evento-24-giugno-progetto-vincitore-LINEA1.jpg\" alt=\"\" width=\"1600\" height=\"1067\" srcset=\"https:\/\/www.matrix4design.com\/wp-content\/uploads\/2025\/07\/1-Alice-Politecnico-Milano-evento-24-giugno-progetto-vincitore-LINEA1.jpg 1600w, https:\/\/www.matrix4design.com\/wp-content\/uploads\/2025\/07\/1-Alice-Politecnico-Milano-evento-24-giugno-progetto-vincitore-LINEA1-300x200.jpg 300w, https:\/\/www.matrix4design.com\/wp-content\/uploads\/2025\/07\/1-Alice-Politecnico-Milano-evento-24-giugno-progetto-vincitore-LINEA1-1024x683.jpg 1024w, https:\/\/www.matrix4design.com\/wp-content\/uploads\/2025\/07\/1-Alice-Politecnico-Milano-evento-24-giugno-progetto-vincitore-LINEA1-768x512.jpg 768w, https:\/\/www.matrix4design.com\/wp-content\/uploads\/2025\/07\/1-Alice-Politecnico-Milano-evento-24-giugno-progetto-vincitore-LINEA1-1536x1024.jpg 1536w, https:\/\/www.matrix4design.com\/wp-content\/uploads\/2025\/07\/1-Alice-Politecnico-Milano-evento-24-giugno-progetto-vincitore-LINEA1-150x100.jpg 150w, https:\/\/www.matrix4design.com\/wp-content\/uploads\/2025\/07\/1-Alice-Politecnico-Milano-evento-24-giugno-progetto-vincitore-LINEA1-696x464.jpg 696w, https:\/\/www.matrix4design.com\/wp-content\/uploads\/2025\/07\/1-Alice-Politecnico-Milano-evento-24-giugno-progetto-vincitore-LINEA1-1068x712.jpg 1068w\" sizes=\"auto, (max-width: 1600px) 100vw, 1600px\" \/><\/p>\n<p>Il vincitore \u00e8 il team composto da Amelia Dall\u02bcOsso, Luna Deandrea, Francesco Dell\u2019A\u0313nna e Vitalina Shcheglova, che ha presentato il progetto <strong>Linea 1<\/strong>, un bagno che <strong>nasce dalla necessit\u00e0 di offrire un&#8217;esperienza immersiva<\/strong>, fruibile da tutti allo stesso modo.<\/p>\n<figure id=\"attachment_114793\" aria-describedby=\"caption-attachment-114793\" style=\"width: 1600px\" class=\"wp-caption aligncenter\"><img loading=\"lazy\" decoding=\"async\" class=\"wp-image-114793 size-full\" src=\"https:\/\/www.matrix4design.com\/wp-content\/uploads\/2025\/07\/LINEA1-Progetto-vincitore-Alice-24-giugno-2025.jpg\" alt=\"\" width=\"1600\" height=\"900\" srcset=\"https:\/\/www.matrix4design.com\/wp-content\/uploads\/2025\/07\/LINEA1-Progetto-vincitore-Alice-24-giugno-2025.jpg 1600w, https:\/\/www.matrix4design.com\/wp-content\/uploads\/2025\/07\/LINEA1-Progetto-vincitore-Alice-24-giugno-2025-300x169.jpg 300w, https:\/\/www.matrix4design.com\/wp-content\/uploads\/2025\/07\/LINEA1-Progetto-vincitore-Alice-24-giugno-2025-1024x576.jpg 1024w, https:\/\/www.matrix4design.com\/wp-content\/uploads\/2025\/07\/LINEA1-Progetto-vincitore-Alice-24-giugno-2025-768x432.jpg 768w, https:\/\/www.matrix4design.com\/wp-content\/uploads\/2025\/07\/LINEA1-Progetto-vincitore-Alice-24-giugno-2025-1536x864.jpg 1536w, https:\/\/www.matrix4design.com\/wp-content\/uploads\/2025\/07\/LINEA1-Progetto-vincitore-Alice-24-giugno-2025-150x84.jpg 150w, https:\/\/www.matrix4design.com\/wp-content\/uploads\/2025\/07\/LINEA1-Progetto-vincitore-Alice-24-giugno-2025-696x392.jpg 696w, https:\/\/www.matrix4design.com\/wp-content\/uploads\/2025\/07\/LINEA1-Progetto-vincitore-Alice-24-giugno-2025-1068x601.jpg 1068w\" sizes=\"auto, (max-width: 1600px) 100vw, 1600px\" \/><figcaption id=\"caption-attachment-114793\" class=\"wp-caption-text\">Linea 1<\/figcaption><\/figure>\n<p>Gli altri progetti che hanno ricevuto menzioni speciali sono i seguenti.<\/p>\n<p><strong>Claris, &#8220;Al passo con i tempi&#8221;<\/strong>, \u00e8 stato realizzato da Andrea Belluschi, Gloria Maria Cenere, Sofia Di Stefano e Sofia Tito. Il progetto nasce per<strong> hotel di lusso situati in un contesto montano naturale<\/strong>. L&#8217;obiettivo \u00e8 arricchire l&#8217;esperienza del bagno, creando un&#8217;atmosfera che rifletta le sensazioni e l&#8217;estetica del paesaggio circostante, con eleganza e delicatezza.<\/p>\n<figure id=\"attachment_114792\" aria-describedby=\"caption-attachment-114792\" style=\"width: 1280px\" class=\"wp-caption aligncenter\"><img loading=\"lazy\" decoding=\"async\" class=\"wp-image-114792 size-full\" src=\"https:\/\/www.matrix4design.com\/wp-content\/uploads\/2025\/07\/CLARIS-Menzione-speciale-Alice-24-giugno-2025.jpg\" alt=\"\" width=\"1280\" height=\"720\" srcset=\"https:\/\/www.matrix4design.com\/wp-content\/uploads\/2025\/07\/CLARIS-Menzione-speciale-Alice-24-giugno-2025.jpg 1280w, https:\/\/www.matrix4design.com\/wp-content\/uploads\/2025\/07\/CLARIS-Menzione-speciale-Alice-24-giugno-2025-300x169.jpg 300w, https:\/\/www.matrix4design.com\/wp-content\/uploads\/2025\/07\/CLARIS-Menzione-speciale-Alice-24-giugno-2025-1024x576.jpg 1024w, https:\/\/www.matrix4design.com\/wp-content\/uploads\/2025\/07\/CLARIS-Menzione-speciale-Alice-24-giugno-2025-768x432.jpg 768w, https:\/\/www.matrix4design.com\/wp-content\/uploads\/2025\/07\/CLARIS-Menzione-speciale-Alice-24-giugno-2025-150x84.jpg 150w, https:\/\/www.matrix4design.com\/wp-content\/uploads\/2025\/07\/CLARIS-Menzione-speciale-Alice-24-giugno-2025-696x392.jpg 696w, https:\/\/www.matrix4design.com\/wp-content\/uploads\/2025\/07\/CLARIS-Menzione-speciale-Alice-24-giugno-2025-1068x601.jpg 1068w\" sizes=\"auto, (max-width: 1280px) 100vw, 1280px\" \/><figcaption id=\"caption-attachment-114792\" class=\"wp-caption-text\">Claris<\/figcaption><\/figure>\n<p><strong>Adatta<\/strong>, <strong>&#8220;La semplicit\u00e0 che premia&#8221;<\/strong>, \u00e8 realizzato da Sofia Biasatti, Federico Fornari, Agnese Mariani e Marcello Rocchesso. In questo caso si tratta di una <strong>linea bagno configurabile e funzionale<\/strong>, composta da <strong>lavabo<\/strong>, <strong>specchio<\/strong> ed un sistema <strong>piastrella-mensola<\/strong>. Garantisce comfort anche in ambienti di dimensioni limitate, consentendo una personalizzazione dello spazio e garantendo un equilibrio tra praticit\u00e0 ed estetica.<\/p>\n<figure id=\"attachment_114790\" aria-describedby=\"caption-attachment-114790\" style=\"width: 1600px\" class=\"wp-caption aligncenter\"><img loading=\"lazy\" decoding=\"async\" class=\"wp-image-114790 size-full\" src=\"https:\/\/www.matrix4design.com\/wp-content\/uploads\/2025\/07\/ADATTA-Menzione-speciale-Alice-24-giugno-2025.jpg\" alt=\"\" width=\"1600\" height=\"900\" srcset=\"https:\/\/www.matrix4design.com\/wp-content\/uploads\/2025\/07\/ADATTA-Menzione-speciale-Alice-24-giugno-2025.jpg 1600w, https:\/\/www.matrix4design.com\/wp-content\/uploads\/2025\/07\/ADATTA-Menzione-speciale-Alice-24-giugno-2025-300x169.jpg 300w, https:\/\/www.matrix4design.com\/wp-content\/uploads\/2025\/07\/ADATTA-Menzione-speciale-Alice-24-giugno-2025-1024x576.jpg 1024w, https:\/\/www.matrix4design.com\/wp-content\/uploads\/2025\/07\/ADATTA-Menzione-speciale-Alice-24-giugno-2025-768x432.jpg 768w, https:\/\/www.matrix4design.com\/wp-content\/uploads\/2025\/07\/ADATTA-Menzione-speciale-Alice-24-giugno-2025-1536x864.jpg 1536w, https:\/\/www.matrix4design.com\/wp-content\/uploads\/2025\/07\/ADATTA-Menzione-speciale-Alice-24-giugno-2025-150x84.jpg 150w, https:\/\/www.matrix4design.com\/wp-content\/uploads\/2025\/07\/ADATTA-Menzione-speciale-Alice-24-giugno-2025-696x392.jpg 696w, https:\/\/www.matrix4design.com\/wp-content\/uploads\/2025\/07\/ADATTA-Menzione-speciale-Alice-24-giugno-2025-1068x601.jpg 1068w\" sizes=\"auto, (max-width: 1600px) 100vw, 1600px\" \/><figcaption id=\"caption-attachment-114790\" class=\"wp-caption-text\">Adatta<\/figcaption><\/figure>\n<p><strong>Beaded, &#8220;Chi osa ottiene&#8221;<\/strong>, \u00e8 stato invece realizzato da Irene Bernab\u00e8, Morena Carozza, Roberta Falletta e Caterina Vale. Il progetto \u00e8 pensato per <strong>arredare gli ambienti bagno dei ristoranti di brand di alta moda<\/strong>, la collezione si adatta con raffinatezza ai linguaggi stilistici di marchi luxury anche molto diversi tra loro, valorizzando l&#8217;ambiente bagno con personalit\u00e0 e carattere.<\/p>\n<figure id=\"attachment_114791\" aria-describedby=\"caption-attachment-114791\" style=\"width: 1280px\" class=\"wp-caption aligncenter\"><img loading=\"lazy\" decoding=\"async\" class=\"wp-image-114791 size-full\" src=\"https:\/\/www.matrix4design.com\/wp-content\/uploads\/2025\/07\/BEADED-Menzione-speciale-Alice-24-giugno-2025.jpg\" alt=\"\" width=\"1280\" height=\"720\" srcset=\"https:\/\/www.matrix4design.com\/wp-content\/uploads\/2025\/07\/BEADED-Menzione-speciale-Alice-24-giugno-2025.jpg 1280w, https:\/\/www.matrix4design.com\/wp-content\/uploads\/2025\/07\/BEADED-Menzione-speciale-Alice-24-giugno-2025-300x169.jpg 300w, https:\/\/www.matrix4design.com\/wp-content\/uploads\/2025\/07\/BEADED-Menzione-speciale-Alice-24-giugno-2025-1024x576.jpg 1024w, https:\/\/www.matrix4design.com\/wp-content\/uploads\/2025\/07\/BEADED-Menzione-speciale-Alice-24-giugno-2025-768x432.jpg 768w, https:\/\/www.matrix4design.com\/wp-content\/uploads\/2025\/07\/BEADED-Menzione-speciale-Alice-24-giugno-2025-150x84.jpg 150w, https:\/\/www.matrix4design.com\/wp-content\/uploads\/2025\/07\/BEADED-Menzione-speciale-Alice-24-giugno-2025-696x392.jpg 696w, https:\/\/www.matrix4design.com\/wp-content\/uploads\/2025\/07\/BEADED-Menzione-speciale-Alice-24-giugno-2025-1068x601.jpg 1068w\" sizes=\"auto, (max-width: 1280px) 100vw, 1280px\" \/><figcaption id=\"caption-attachment-114791\" class=\"wp-caption-text\">Beaded<\/figcaption><\/figure>\n","protected":false},"excerpt":{"rendered":"<p>&nbsp; Alice Ceramica \u00e8 stata partner della Scuola del Design del Politecnico di Milano nel primo progetto sulla ceramica sanitaria, a conferma che l&#8217;azienda investe costantemente nella ricerca e nelle giovani leve. Durante l\u2019anno accademico Alice ha avuto modo di presentare la sua realt\u00e0, il contesto nel quale opera, oltre ai suoi valori e alla [&hellip;]<\/p>\n","protected":false},"author":6,"featured_media":114785,"comment_status":"closed","ping_status":"closed","sticky":false,"template":"","format":"standard","meta":{"_acf_changed":false,"footnotes":""},"categories":[366,418,368],"tags":[],"class_list":{"0":"post-114784","1":"post","2":"type-post","3":"status-publish","4":"format-standard","5":"has-post-thumbnail","7":"category-design","8":"category-design-home","9":"category-featured"},"acf":[],"yoast_head":"<!-- This site is optimized with the Yoast SEO plugin v27.0 - https:\/\/yoast.com\/product\/yoast-seo-wordpress\/ -->\n<title>Alice Ceramica e Politecnico di Milano: il futuro del design sanitario nasce in aula<\/title>\n<meta name=\"description\" content=\"Alice Ceramica \u00e8 stata partner della Scuola del Design del Politecnico di Milano nel primo progetto sulla ceramica sanitaria, a conferma che l&#039;azienda investe costantemente nella ricerca e nelle giovani leve.\" \/>\n<meta name=\"robots\" content=\"index, follow, max-snippet:-1, max-image-preview:large, max-video-preview:-1\" \/>\n<link rel=\"canonical\" href=\"https:\/\/www.matrix4design.com\/it\/design\/alice-ceramica-e-politecnico-di-milano-il-futuro-del-design-sanitario-nasce-in-aula\/\" \/>\n<meta property=\"og:locale\" content=\"it_IT\" \/>\n<meta property=\"og:type\" content=\"article\" \/>\n<meta property=\"og:title\" content=\"Alice Ceramica e Politecnico di Milano: il futuro del design sanitario nasce in aula\" \/>\n<meta property=\"og:description\" content=\"Alice Ceramica \u00e8 stata partner della Scuola del Design del Politecnico di Milano nel primo progetto sulla ceramica sanitaria, a conferma che l&#039;azienda investe costantemente nella ricerca e nelle giovani leve.\" \/>\n<meta property=\"og:url\" content=\"https:\/\/www.matrix4design.com\/it\/design\/alice-ceramica-e-politecnico-di-milano-il-futuro-del-design-sanitario-nasce-in-aula\/\" \/>\n<meta property=\"og:site_name\" content=\"Matrix4Design\" \/>\n<meta property=\"article:publisher\" content=\"https:\/\/www.facebook.com\/matrix4designmagazine\/\" \/>\n<meta property=\"article:published_time\" content=\"2025-07-29T09:00:57+00:00\" \/>\n<meta property=\"og:image\" content=\"https:\/\/www.matrix4design.com\/wp-content\/uploads\/2025\/07\/8-Alice-Politecnico-Milano-evento-presentazione-progetti-24-giugno-scaled.jpg\" \/>\n\t<meta property=\"og:image:width\" content=\"2560\" \/>\n\t<meta property=\"og:image:height\" content=\"1707\" \/>\n\t<meta property=\"og:image:type\" content=\"image\/jpeg\" \/>\n<meta name=\"author\" content=\"Redazione\" \/>\n<meta name=\"twitter:card\" content=\"summary_large_image\" \/>\n<meta name=\"twitter:label1\" content=\"Scritto da\" \/>\n\t<meta name=\"twitter:data1\" content=\"Redazione\" \/>\n\t<meta name=\"twitter:label2\" content=\"Tempo di lettura stimato\" \/>\n\t<meta name=\"twitter:data2\" content=\"4 minuti\" \/>\n<script type=\"application\/ld+json\" class=\"yoast-schema-graph\">{\"@context\":\"https:\/\/schema.org\",\"@graph\":[{\"@type\":\"Article\",\"@id\":\"https:\/\/www.matrix4design.com\/it\/design\/alice-ceramica-e-politecnico-di-milano-il-futuro-del-design-sanitario-nasce-in-aula\/#article\",\"isPartOf\":{\"@id\":\"https:\/\/www.matrix4design.com\/it\/design\/alice-ceramica-e-politecnico-di-milano-il-futuro-del-design-sanitario-nasce-in-aula\/\"},\"author\":{\"name\":\"Redazione\",\"@id\":\"https:\/\/www.matrix4design.com\/it\/#\/schema\/person\/b2b6dd48f9d6892ca224742379951fa1\"},\"headline\":\"Alice Ceramica e Politecnico di Milano: il futuro del design sanitario nasce in aula\",\"datePublished\":\"2025-07-29T09:00:57+00:00\",\"mainEntityOfPage\":{\"@id\":\"https:\/\/www.matrix4design.com\/it\/design\/alice-ceramica-e-politecnico-di-milano-il-futuro-del-design-sanitario-nasce-in-aula\/\"},\"wordCount\":463,\"publisher\":{\"@id\":\"https:\/\/www.matrix4design.com\/it\/#organization\"},\"image\":{\"@id\":\"https:\/\/www.matrix4design.com\/it\/design\/alice-ceramica-e-politecnico-di-milano-il-futuro-del-design-sanitario-nasce-in-aula\/#primaryimage\"},\"thumbnailUrl\":\"https:\/\/www.matrix4design.com\/wp-content\/uploads\/2025\/07\/8-Alice-Politecnico-Milano-evento-presentazione-progetti-24-giugno-scaled.jpg\",\"articleSection\":[\"Design\",\"Design home\",\"Featured\"],\"inLanguage\":\"it-IT\"},{\"@type\":\"WebPage\",\"@id\":\"https:\/\/www.matrix4design.com\/it\/design\/alice-ceramica-e-politecnico-di-milano-il-futuro-del-design-sanitario-nasce-in-aula\/\",\"url\":\"https:\/\/www.matrix4design.com\/it\/design\/alice-ceramica-e-politecnico-di-milano-il-futuro-del-design-sanitario-nasce-in-aula\/\",\"name\":\"Alice Ceramica e Politecnico di Milano: il futuro del design sanitario nasce in aula\",\"isPartOf\":{\"@id\":\"https:\/\/www.matrix4design.com\/it\/#website\"},\"primaryImageOfPage\":{\"@id\":\"https:\/\/www.matrix4design.com\/it\/design\/alice-ceramica-e-politecnico-di-milano-il-futuro-del-design-sanitario-nasce-in-aula\/#primaryimage\"},\"image\":{\"@id\":\"https:\/\/www.matrix4design.com\/it\/design\/alice-ceramica-e-politecnico-di-milano-il-futuro-del-design-sanitario-nasce-in-aula\/#primaryimage\"},\"thumbnailUrl\":\"https:\/\/www.matrix4design.com\/wp-content\/uploads\/2025\/07\/8-Alice-Politecnico-Milano-evento-presentazione-progetti-24-giugno-scaled.jpg\",\"datePublished\":\"2025-07-29T09:00:57+00:00\",\"description\":\"Alice Ceramica \u00e8 stata partner della Scuola del Design del Politecnico di Milano nel primo progetto sulla ceramica sanitaria, a conferma che l'azienda investe costantemente nella ricerca e nelle giovani leve.\",\"breadcrumb\":{\"@id\":\"https:\/\/www.matrix4design.com\/it\/design\/alice-ceramica-e-politecnico-di-milano-il-futuro-del-design-sanitario-nasce-in-aula\/#breadcrumb\"},\"inLanguage\":\"it-IT\",\"potentialAction\":[{\"@type\":\"ReadAction\",\"target\":[\"https:\/\/www.matrix4design.com\/it\/design\/alice-ceramica-e-politecnico-di-milano-il-futuro-del-design-sanitario-nasce-in-aula\/\"]}]},{\"@type\":\"ImageObject\",\"inLanguage\":\"it-IT\",\"@id\":\"https:\/\/www.matrix4design.com\/it\/design\/alice-ceramica-e-politecnico-di-milano-il-futuro-del-design-sanitario-nasce-in-aula\/#primaryimage\",\"url\":\"https:\/\/www.matrix4design.com\/wp-content\/uploads\/2025\/07\/8-Alice-Politecnico-Milano-evento-presentazione-progetti-24-giugno-scaled.jpg\",\"contentUrl\":\"https:\/\/www.matrix4design.com\/wp-content\/uploads\/2025\/07\/8-Alice-Politecnico-Milano-evento-presentazione-progetti-24-giugno-scaled.jpg\",\"width\":2560,\"height\":1707},{\"@type\":\"BreadcrumbList\",\"@id\":\"https:\/\/www.matrix4design.com\/it\/design\/alice-ceramica-e-politecnico-di-milano-il-futuro-del-design-sanitario-nasce-in-aula\/#breadcrumb\",\"itemListElement\":[{\"@type\":\"ListItem\",\"position\":1,\"name\":\"Home\",\"item\":\"https:\/\/www.matrix4design.com\/it\/\"},{\"@type\":\"ListItem\",\"position\":2,\"name\":\"Alice Ceramica e Politecnico di Milano: il futuro del design sanitario nasce in aula\"}]},{\"@type\":\"WebSite\",\"@id\":\"https:\/\/www.matrix4design.com\/it\/#website\",\"url\":\"https:\/\/www.matrix4design.com\/it\/\",\"name\":\"Matrix4Design\",\"description\":\"Digital architecture and design b2b magazine\",\"publisher\":{\"@id\":\"https:\/\/www.matrix4design.com\/it\/#organization\"},\"potentialAction\":[{\"@type\":\"SearchAction\",\"target\":{\"@type\":\"EntryPoint\",\"urlTemplate\":\"https:\/\/www.matrix4design.com\/it\/?s={search_term_string}\"},\"query-input\":{\"@type\":\"PropertyValueSpecification\",\"valueRequired\":true,\"valueName\":\"search_term_string\"}}],\"inLanguage\":\"it-IT\"},{\"@type\":\"Organization\",\"@id\":\"https:\/\/www.matrix4design.com\/it\/#organization\",\"name\":\"Matrix4Design\",\"url\":\"https:\/\/www.matrix4design.com\/it\/\",\"logo\":{\"@type\":\"ImageObject\",\"inLanguage\":\"it-IT\",\"@id\":\"https:\/\/www.matrix4design.com\/it\/#\/schema\/logo\/image\/\",\"url\":\"https:\/\/www.matrix4design.com\/wp-content\/uploads\/2020\/04\/logo_matrix4design.png\",\"contentUrl\":\"https:\/\/www.matrix4design.com\/wp-content\/uploads\/2020\/04\/logo_matrix4design.png\",\"width\":804,\"height\":114,\"caption\":\"Matrix4Design\"},\"image\":{\"@id\":\"https:\/\/www.matrix4design.com\/it\/#\/schema\/logo\/image\/\"},\"sameAs\":[\"https:\/\/www.facebook.com\/matrix4designmagazine\/\",\"https:\/\/www.instagram.com\/matrix4designmagazine\/\",\"https:\/\/www.youtube.com\/channel\/UCtuhSSrP3MOO_URZgv8mQ1A\"]},{\"@type\":\"Person\",\"@id\":\"https:\/\/www.matrix4design.com\/it\/#\/schema\/person\/b2b6dd48f9d6892ca224742379951fa1\",\"name\":\"Redazione\",\"image\":{\"@type\":\"ImageObject\",\"inLanguage\":\"it-IT\",\"@id\":\"https:\/\/www.matrix4design.com\/it\/#\/schema\/person\/image\/\",\"url\":\"https:\/\/www.matrix4design.com\/wp-content\/uploads\/2023\/01\/logo_M4D_2023-96x96.jpg\",\"contentUrl\":\"https:\/\/www.matrix4design.com\/wp-content\/uploads\/2023\/01\/logo_M4D_2023-96x96.jpg\",\"caption\":\"Redazione\"},\"url\":\"https:\/\/www.matrix4design.com\/it\/author\/redazione\/\"}]}<\/script>\n<!-- \/ Yoast SEO plugin. -->","yoast_head_json":{"title":"Alice Ceramica e Politecnico di Milano: il futuro del design sanitario nasce in aula","description":"Alice Ceramica \u00e8 stata partner della Scuola del Design del Politecnico di Milano nel primo progetto sulla ceramica sanitaria, a conferma che l'azienda investe costantemente nella ricerca e nelle giovani leve.","robots":{"index":"index","follow":"follow","max-snippet":"max-snippet:-1","max-image-preview":"max-image-preview:large","max-video-preview":"max-video-preview:-1"},"canonical":"https:\/\/www.matrix4design.com\/it\/design\/alice-ceramica-e-politecnico-di-milano-il-futuro-del-design-sanitario-nasce-in-aula\/","og_locale":"it_IT","og_type":"article","og_title":"Alice Ceramica e Politecnico di Milano: il futuro del design sanitario nasce in aula","og_description":"Alice Ceramica \u00e8 stata partner della Scuola del Design del Politecnico di Milano nel primo progetto sulla ceramica sanitaria, a conferma che l'azienda investe costantemente nella ricerca e nelle giovani leve.","og_url":"https:\/\/www.matrix4design.com\/it\/design\/alice-ceramica-e-politecnico-di-milano-il-futuro-del-design-sanitario-nasce-in-aula\/","og_site_name":"Matrix4Design","article_publisher":"https:\/\/www.facebook.com\/matrix4designmagazine\/","article_published_time":"2025-07-29T09:00:57+00:00","og_image":[{"width":2560,"height":1707,"url":"https:\/\/www.matrix4design.com\/wp-content\/uploads\/2025\/07\/8-Alice-Politecnico-Milano-evento-presentazione-progetti-24-giugno-scaled.jpg","type":"image\/jpeg"}],"author":"Redazione","twitter_card":"summary_large_image","twitter_misc":{"Scritto da":"Redazione","Tempo di lettura stimato":"4 minuti"},"schema":{"@context":"https:\/\/schema.org","@graph":[{"@type":"Article","@id":"https:\/\/www.matrix4design.com\/it\/design\/alice-ceramica-e-politecnico-di-milano-il-futuro-del-design-sanitario-nasce-in-aula\/#article","isPartOf":{"@id":"https:\/\/www.matrix4design.com\/it\/design\/alice-ceramica-e-politecnico-di-milano-il-futuro-del-design-sanitario-nasce-in-aula\/"},"author":{"name":"Redazione","@id":"https:\/\/www.matrix4design.com\/it\/#\/schema\/person\/b2b6dd48f9d6892ca224742379951fa1"},"headline":"Alice Ceramica e Politecnico di Milano: il futuro del design sanitario nasce in aula","datePublished":"2025-07-29T09:00:57+00:00","mainEntityOfPage":{"@id":"https:\/\/www.matrix4design.com\/it\/design\/alice-ceramica-e-politecnico-di-milano-il-futuro-del-design-sanitario-nasce-in-aula\/"},"wordCount":463,"publisher":{"@id":"https:\/\/www.matrix4design.com\/it\/#organization"},"image":{"@id":"https:\/\/www.matrix4design.com\/it\/design\/alice-ceramica-e-politecnico-di-milano-il-futuro-del-design-sanitario-nasce-in-aula\/#primaryimage"},"thumbnailUrl":"https:\/\/www.matrix4design.com\/wp-content\/uploads\/2025\/07\/8-Alice-Politecnico-Milano-evento-presentazione-progetti-24-giugno-scaled.jpg","articleSection":["Design","Design home","Featured"],"inLanguage":"it-IT"},{"@type":"WebPage","@id":"https:\/\/www.matrix4design.com\/it\/design\/alice-ceramica-e-politecnico-di-milano-il-futuro-del-design-sanitario-nasce-in-aula\/","url":"https:\/\/www.matrix4design.com\/it\/design\/alice-ceramica-e-politecnico-di-milano-il-futuro-del-design-sanitario-nasce-in-aula\/","name":"Alice Ceramica e Politecnico di Milano: il futuro del design sanitario nasce in aula","isPartOf":{"@id":"https:\/\/www.matrix4design.com\/it\/#website"},"primaryImageOfPage":{"@id":"https:\/\/www.matrix4design.com\/it\/design\/alice-ceramica-e-politecnico-di-milano-il-futuro-del-design-sanitario-nasce-in-aula\/#primaryimage"},"image":{"@id":"https:\/\/www.matrix4design.com\/it\/design\/alice-ceramica-e-politecnico-di-milano-il-futuro-del-design-sanitario-nasce-in-aula\/#primaryimage"},"thumbnailUrl":"https:\/\/www.matrix4design.com\/wp-content\/uploads\/2025\/07\/8-Alice-Politecnico-Milano-evento-presentazione-progetti-24-giugno-scaled.jpg","datePublished":"2025-07-29T09:00:57+00:00","description":"Alice Ceramica \u00e8 stata partner della Scuola del Design del Politecnico di Milano nel primo progetto sulla ceramica sanitaria, a conferma che l'azienda investe costantemente nella ricerca e nelle giovani leve.","breadcrumb":{"@id":"https:\/\/www.matrix4design.com\/it\/design\/alice-ceramica-e-politecnico-di-milano-il-futuro-del-design-sanitario-nasce-in-aula\/#breadcrumb"},"inLanguage":"it-IT","potentialAction":[{"@type":"ReadAction","target":["https:\/\/www.matrix4design.com\/it\/design\/alice-ceramica-e-politecnico-di-milano-il-futuro-del-design-sanitario-nasce-in-aula\/"]}]},{"@type":"ImageObject","inLanguage":"it-IT","@id":"https:\/\/www.matrix4design.com\/it\/design\/alice-ceramica-e-politecnico-di-milano-il-futuro-del-design-sanitario-nasce-in-aula\/#primaryimage","url":"https:\/\/www.matrix4design.com\/wp-content\/uploads\/2025\/07\/8-Alice-Politecnico-Milano-evento-presentazione-progetti-24-giugno-scaled.jpg","contentUrl":"https:\/\/www.matrix4design.com\/wp-content\/uploads\/2025\/07\/8-Alice-Politecnico-Milano-evento-presentazione-progetti-24-giugno-scaled.jpg","width":2560,"height":1707},{"@type":"BreadcrumbList","@id":"https:\/\/www.matrix4design.com\/it\/design\/alice-ceramica-e-politecnico-di-milano-il-futuro-del-design-sanitario-nasce-in-aula\/#breadcrumb","itemListElement":[{"@type":"ListItem","position":1,"name":"Home","item":"https:\/\/www.matrix4design.com\/it\/"},{"@type":"ListItem","position":2,"name":"Alice Ceramica e Politecnico di Milano: il futuro del design sanitario nasce in aula"}]},{"@type":"WebSite","@id":"https:\/\/www.matrix4design.com\/it\/#website","url":"https:\/\/www.matrix4design.com\/it\/","name":"Matrix4Design","description":"Digital architecture and design b2b magazine","publisher":{"@id":"https:\/\/www.matrix4design.com\/it\/#organization"},"potentialAction":[{"@type":"SearchAction","target":{"@type":"EntryPoint","urlTemplate":"https:\/\/www.matrix4design.com\/it\/?s={search_term_string}"},"query-input":{"@type":"PropertyValueSpecification","valueRequired":true,"valueName":"search_term_string"}}],"inLanguage":"it-IT"},{"@type":"Organization","@id":"https:\/\/www.matrix4design.com\/it\/#organization","name":"Matrix4Design","url":"https:\/\/www.matrix4design.com\/it\/","logo":{"@type":"ImageObject","inLanguage":"it-IT","@id":"https:\/\/www.matrix4design.com\/it\/#\/schema\/logo\/image\/","url":"https:\/\/www.matrix4design.com\/wp-content\/uploads\/2020\/04\/logo_matrix4design.png","contentUrl":"https:\/\/www.matrix4design.com\/wp-content\/uploads\/2020\/04\/logo_matrix4design.png","width":804,"height":114,"caption":"Matrix4Design"},"image":{"@id":"https:\/\/www.matrix4design.com\/it\/#\/schema\/logo\/image\/"},"sameAs":["https:\/\/www.facebook.com\/matrix4designmagazine\/","https:\/\/www.instagram.com\/matrix4designmagazine\/","https:\/\/www.youtube.com\/channel\/UCtuhSSrP3MOO_URZgv8mQ1A"]},{"@type":"Person","@id":"https:\/\/www.matrix4design.com\/it\/#\/schema\/person\/b2b6dd48f9d6892ca224742379951fa1","name":"Redazione","image":{"@type":"ImageObject","inLanguage":"it-IT","@id":"https:\/\/www.matrix4design.com\/it\/#\/schema\/person\/image\/","url":"https:\/\/www.matrix4design.com\/wp-content\/uploads\/2023\/01\/logo_M4D_2023-96x96.jpg","contentUrl":"https:\/\/www.matrix4design.com\/wp-content\/uploads\/2023\/01\/logo_M4D_2023-96x96.jpg","caption":"Redazione"},"url":"https:\/\/www.matrix4design.com\/it\/author\/redazione\/"}]}},"_links":{"self":[{"href":"https:\/\/www.matrix4design.com\/it\/wp-json\/wp\/v2\/posts\/114784","targetHints":{"allow":["GET"]}}],"collection":[{"href":"https:\/\/www.matrix4design.com\/it\/wp-json\/wp\/v2\/posts"}],"about":[{"href":"https:\/\/www.matrix4design.com\/it\/wp-json\/wp\/v2\/types\/post"}],"author":[{"embeddable":true,"href":"https:\/\/www.matrix4design.com\/it\/wp-json\/wp\/v2\/users\/6"}],"replies":[{"embeddable":true,"href":"https:\/\/www.matrix4design.com\/it\/wp-json\/wp\/v2\/comments?post=114784"}],"version-history":[{"count":5,"href":"https:\/\/www.matrix4design.com\/it\/wp-json\/wp\/v2\/posts\/114784\/revisions"}],"predecessor-version":[{"id":114798,"href":"https:\/\/www.matrix4design.com\/it\/wp-json\/wp\/v2\/posts\/114784\/revisions\/114798"}],"wp:featuredmedia":[{"embeddable":true,"href":"https:\/\/www.matrix4design.com\/it\/wp-json\/wp\/v2\/media\/114785"}],"wp:attachment":[{"href":"https:\/\/www.matrix4design.com\/it\/wp-json\/wp\/v2\/media?parent=114784"}],"wp:term":[{"taxonomy":"category","embeddable":true,"href":"https:\/\/www.matrix4design.com\/it\/wp-json\/wp\/v2\/categories?post=114784"},{"taxonomy":"post_tag","embeddable":true,"href":"https:\/\/www.matrix4design.com\/it\/wp-json\/wp\/v2\/tags?post=114784"}],"curies":[{"name":"wp","href":"https:\/\/api.w.org\/{rel}","templated":true}]}}