{"id":114820,"date":"2025-07-29T08:00:03","date_gmt":"2025-07-29T06:00:03","guid":{"rendered":"https:\/\/www.matrix4design.com\/?p=114820"},"modified":"2025-07-28T16:03:31","modified_gmt":"2025-07-28T14:03:31","slug":"triennale-milano-inequalities-un-viaggio-urgente-nelle-disparita-del-nostro-tempo","status":"publish","type":"post","link":"https:\/\/www.matrix4design.com\/it\/architettura\/triennale-milano-inequalities-un-viaggio-urgente-nelle-disparita-del-nostro-tempo\/","title":{"rendered":"Triennale Milano &#8220;Inequalities&#8221;: un viaggio urgente nelle disparit\u00e0 del nostro tempo"},"content":{"rendered":"<p>&nbsp;<\/p>\n<p>Estate in citt\u00e0? Le opzioni non mancano e la <strong>24\u00aa Esposizione Internazionale di <a href=\"https:\/\/triennale.org\/\" target=\"_blank\" rel=\"noopener\">Triennale Milano<\/a><\/strong> intitolata <strong>&#8220;Inequalities&#8221;<\/strong> &#8211; che ha aperto i battenti il 13 maggio 2025 e sar\u00e0 visitabile fino al 9 novembre 2025 \u2013 \u00e8 una di queste (<em>tanto pi\u00f9 che l&#8217;ingresso sar\u00e0 gratuito per tutto il mese di agosto<\/em>).<\/p>\n<p>L\u2019edizione 2025 chiude una trilogia espositiva iniziata nel 2019 con &#8220;Broken Nature&#8221; e proseguita nel 2022 con &#8220;Unknown Unknowns&#8221;, focalizzando ora l&#8217;attenzione sulla <strong>dimensione umana<\/strong> e affrontando un tema urgente e politico come le <strong>crescenti disuguaglianze<\/strong> che caratterizzano le citt\u00e0 e il mondo contemporaneo. Un tema che assume un valore inedito nella Milano segnata dagli scandali (al momento per lo pi\u00f9 presunti) legati alla gestione urbanistica e immobiliare del territorio.<\/p>\n<p>Per affrontare l&#8217;ampio e complesso tema delle disuguaglianze, la Triennale Milano ha raccolto pensieri, idee e proposte da ricercatori, creativi e studiosi di diverse discipline e provenienze geografiche, mantenendo due principali direttrici:<\/p>\n<ul>\n<li><strong>Geopolitica delle disuguaglianze<\/strong>: il piano terra del Palazzo dell\u2019Arte \u00e8 dedicato a questa dimensione, concentrandosi in particolare sul mondo delle <strong>citt\u00e0<\/strong> e sul nuovo significato assunto oggi dai termini contrapposti di &#8220;ricchezza&#8221; e &#8220;povert\u00e0&#8221; nelle diverse sfere della vita urbana;<\/li>\n<li><strong>Biopolitica delle disuguaglianze<\/strong>: il primo piano esplora le implicazioni biopolitiche delle disuguaglianze sociali, economiche e di genere, esaminando abitudini, stili e aspettative di vita nelle societ\u00e0 contemporanee, osservando la biodiversit\u00e0 nei corpi sociali e la loro diversa mobilit\u00e0 nello spazio.<\/li>\n<\/ul>\n<figure id=\"attachment_114822\" aria-describedby=\"caption-attachment-114822\" style=\"width: 1600px\" class=\"wp-caption aligncenter\"><img loading=\"lazy\" decoding=\"async\" class=\"size-full wp-image-114822\" src=\"https:\/\/www.matrix4design.com\/wp-content\/uploads\/2025\/07\/children-are-children-first-nazioni-unite.jpg\" alt=\"\" width=\"1600\" height=\"1600\" srcset=\"https:\/\/www.matrix4design.com\/wp-content\/uploads\/2025\/07\/children-are-children-first-nazioni-unite.jpg 1600w, https:\/\/www.matrix4design.com\/wp-content\/uploads\/2025\/07\/children-are-children-first-nazioni-unite-300x300.jpg 300w, https:\/\/www.matrix4design.com\/wp-content\/uploads\/2025\/07\/children-are-children-first-nazioni-unite-1024x1024.jpg 1024w, https:\/\/www.matrix4design.com\/wp-content\/uploads\/2025\/07\/children-are-children-first-nazioni-unite-150x150.jpg 150w, https:\/\/www.matrix4design.com\/wp-content\/uploads\/2025\/07\/children-are-children-first-nazioni-unite-768x768.jpg 768w, https:\/\/www.matrix4design.com\/wp-content\/uploads\/2025\/07\/children-are-children-first-nazioni-unite-1536x1536.jpg 1536w, https:\/\/www.matrix4design.com\/wp-content\/uploads\/2025\/07\/children-are-children-first-nazioni-unite-696x696.jpg 696w, https:\/\/www.matrix4design.com\/wp-content\/uploads\/2025\/07\/children-are-children-first-nazioni-unite-1068x1068.jpg 1068w, https:\/\/www.matrix4design.com\/wp-content\/uploads\/2025\/07\/children-are-children-first-nazioni-unite-328x328.jpg 328w\" sizes=\"auto, (max-width: 1600px) 100vw, 1600px\" \/><figcaption id=\"caption-attachment-114822\" class=\"wp-caption-text\">Children Are Children First &#8211; Nazioni Unite<\/figcaption><\/figure>\n<h3><strong>Mostre e progetti speciali: un atlante di riflessioni e proposte<\/strong><\/h3>\n<p>La 24\u00aa Esposizione Internazionale \u00e8 innanzitutto un progetto collettivo che, attraverso otto mostre principali e dieci progetti speciali, indaga le sfide globali legate alle differenze in vari ambiti dell&#8217;esistenza: da quello economico a quello etnico, dalla provenienza geografica al genere. Tra i temi e le mostre spiccano:<\/p>\n<ul>\n<li><strong>Cities <\/strong>(a cura di Nina Bassoli): la mostra indaga come le <strong>citt\u00e0<\/strong> siano diventate luoghi di rapida crescita delle disuguaglianze, nonostante il loro potenziale di ridurre gli squilibri. Attraverso 35 installazioni site-specific, propone una riflessione sulla nuova dialettica tra ricchezza e povert\u00e0, societ\u00e0 e comunit\u00e0, ecologie e citt\u00e0. Al suo interno, progetti come <strong>&#8220;The Book of Amos&#8221;<\/strong> di Amos Gitai denunciano corruzione e ingiustizie sociali attraverso l&#8217;interpretazione del profeta Amos da parte di attori israeliani e palestinesi. Vi \u00e8 anche <strong>&#8220;Grenfell Tower. Total System Failure&#8221;<\/strong> di Kimia Zabihyan, che mette in luce la lotta e il coraggio delle vittime dell&#8217;incendio di Grenfell, criticando la negligenza statale e aziendale.<\/li>\n<li><strong>Lo spazio delle disuguaglianze. Ambiente, mobilit\u00e0 e cittadinanze <\/strong>(a cura di DAStU e CRAFT, Politecnico di Milano): questa sezione esplora le disuguaglianze da una prospettiva territoriale, focalizzandosi sull&#8217;impatto differenziato dei fenomeni climatici estremi, le diverse opportunit\u00e0 di accesso alle risorse e le limitazioni alla mobilit\u00e0, la negazione dei diritti di cittadinanza.<\/li>\n<li><strong>Atlante del mondo che cambia <\/strong>(a cura di Maurizio Molinari): espone mappe che illustrano la moltiplicazione dei conflitti e le diverse letture del presente da parte di Stati Uniti, Russia, Cina ed Europa, esplorando temi come disuguaglianze, differenze di genere, flussi migratori e trasformazioni climatiche.<\/li>\n<li><strong>Forme di disuguaglianze <\/strong>(di Federica Fragapane): utilizza la <strong>data visualization<\/strong> per raccontare le molteplici facce delle disuguaglianze, mostrando come i dati possano rivelare profonde asimmetrie e distanze, umanizzando le statistiche.<\/li>\n<li><strong>Radio Ballads <\/strong>(curato e prodotto da Serpentine): esplora le storie di social worker e caregiver, interrogandosi su come comprendere, ascoltare e guarire attraverso la narrazione condivisa, focalizzandosi sui sistemi di cura e le voci delle comunit\u00e0.<\/li>\n<li><strong>Milano. Paradossi e opportunit\u00e0 <\/strong>(coordinato da Seble Woldeghiorghis, a cura di Damiano Gull\u00ec e Jermay Michael Gabriel): analizza come i divari economici e sociali si siano accentuati a Milano, identificando sei grandi paradossi e associando ad essi interpretazioni artistiche per stimolare una riflessione sul futuro inclusivo della citt\u00e0.<\/li>\n<li><strong>Verso un futuro pi\u00f9 equo <\/strong>(a cura di Norman Foster e Norman Foster Foundation): presenta progetti che affrontano le disuguaglianze sociali e ambientali attraverso il design e l&#8217;educazione, proponendo soluzioni per la trasformazione di insediamenti informali, la rigenerazione di citt\u00e0 distrutte dalla guerra, accoglienza dei rifugiati, abitazioni sostenibili e produzione di energia pulita.<\/li>\n<li><strong>471 Days (<\/strong>di Filippo Teoldi): un&#8217;installazione che restituisce i 471 giorni del conflitto a Gaza attraverso colonne verticali di tessuto le cui lunghezze corrispondono al numero dei decessi, affiancando immagini satellitari di siti distrutti e storie personali per <strong>umanizzare le statistiche<\/strong>.<\/li>\n<li><strong>Portraits of Inequalities. Pittura di classe <\/strong>(a cura di Giovanni Agosti e Jacopo Stoppa): questa installazione presenta ritratti di benefattori della Ca\u2019 Granda di Milano, riflettendo su come le classi privilegiate sono state rappresentate nel corso dei secoli, e contrapponendo a essi l&#8217;effige di un esponente di un&#8217;altra classe sociale dipinto da Giacomo Ceruti, l'&#8221;Omero dei poveri&#8221;.<\/li>\n<li><strong>We the Bacteria: appunti per un\u2019architettura biotica<\/strong> riflette sulle disuguaglianze attraverso il concetto di <strong>salute e microbioma<\/strong>. La mostra presenta una storia alternativa dell&#8217;architettura dal punto di vista dei microbi e propone nuovi modi di vivere insieme a essi. Include il progetto speciale <strong>&#8220;The Corner Problem&#8221;<\/strong> di Diller Scofidio + Renfro, che esplora come gli angoli interni nelle architetture moderne diventino microambienti dove batteri e polvere si accumulano, sfidando l&#8217;illusione del nostro dominio sugli ambienti.<\/li>\n<li><strong>Un viaggio nella biodiversit\u00e0. Otto stazioni sul pianeta terra <\/strong>(a cura di Telmo Pievani) esplora la biodiversit\u00e0 attraverso &#8220;citt\u00e0&#8221; di diverse entit\u00e0 (polpi, castori, funghi, esseri umani), utilizzando materiali organici e punti di osservazione per rammendare le fratture tra umanit\u00e0 e pianeta.<\/li>\n<li><strong>La Repubblica della Longevit\u00e0. In Health Equality We Trust <\/strong>(a cura di Nic Palmarini con Marco Sammicheli) affronta il cambiamento strutturale verso una societ\u00e0 della longevit\u00e0, sfidando la medicalizzazione e le disuguaglianze nell&#8217;accesso a un invecchiamento sano, proponendo semplici comportamenti quotidiani come strumenti per democratizzare la salute.<\/li>\n<li><strong>Not for Her L\u2019intelligenza artificiale che svela l\u2019invisibile <\/strong>(progetto del Politecnico di Milano, idea di Donatella Sciuto): un&#8217;installazione che, attraverso l&#8217;intelligenza artificiale, permette di sperimentare le <strong>disparit\u00e0 legate al genere nel mondo del lavoro<\/strong>, stimolando il pensiero critico e la consapevolezza.<\/li>\n<li><strong>Clay Corpus <\/strong>(opera di Theaster Gates): esplora la forza e la dignit\u00e0 negli oggetti d&#8217;uso quotidiano attraverso la pratica di due maestri ceramisti, Yoshihiro Koide ed Ettore Sottsass, trasformando le tracce materiali in archivi dell&#8217;artigianato.<\/li>\n<li><strong>La fragilit\u00e0 del futuro <\/strong>(opera di Jacopo Allegrucci): una serie di animali in cartapesta che esprime una riflessione urgente sulla <strong>fragilit\u00e0 della realt\u00e0 ecologica<\/strong> e le disuguaglianze nella relazione con il mondo naturale, simboleggiando le specie a rischio di estinzione.<\/li>\n<\/ul>\n<figure id=\"attachment_114823\" aria-describedby=\"caption-attachment-114823\" style=\"width: 1600px\" class=\"wp-caption aligncenter\"><img loading=\"lazy\" decoding=\"async\" class=\"size-full wp-image-114823\" src=\"https:\/\/www.matrix4design.com\/wp-content\/uploads\/2025\/07\/2_IMG-2-polo-nord.jpg\" alt=\"\" width=\"1600\" height=\"1065\" srcset=\"https:\/\/www.matrix4design.com\/wp-content\/uploads\/2025\/07\/2_IMG-2-polo-nord.jpg 1600w, https:\/\/www.matrix4design.com\/wp-content\/uploads\/2025\/07\/2_IMG-2-polo-nord-300x200.jpg 300w, https:\/\/www.matrix4design.com\/wp-content\/uploads\/2025\/07\/2_IMG-2-polo-nord-1024x682.jpg 1024w, https:\/\/www.matrix4design.com\/wp-content\/uploads\/2025\/07\/2_IMG-2-polo-nord-768x511.jpg 768w, https:\/\/www.matrix4design.com\/wp-content\/uploads\/2025\/07\/2_IMG-2-polo-nord-1536x1022.jpg 1536w, https:\/\/www.matrix4design.com\/wp-content\/uploads\/2025\/07\/2_IMG-2-polo-nord-150x100.jpg 150w, https:\/\/www.matrix4design.com\/wp-content\/uploads\/2025\/07\/2_IMG-2-polo-nord-696x463.jpg 696w, https:\/\/www.matrix4design.com\/wp-content\/uploads\/2025\/07\/2_IMG-2-polo-nord-1068x711.jpg 1068w\" sizes=\"auto, (max-width: 1600px) 100vw, 1600px\" \/><figcaption id=\"caption-attachment-114823\" class=\"wp-caption-text\">Polo Nord<\/figcaption><\/figure>\n<h3><strong>Partecipazioni Internazionali: un dialogo globale sulle citt\u00e0<\/strong><\/h3>\n<p>Come nelle edizioni passate, &#8220;Inequalities&#8221; include una sezione dedicata alle partecipazioni internazionali. Ogni padiglione nazionale si \u00e8 concentrato su una <strong>specifica citt\u00e0<\/strong> per costruire una riflessione corale sulle disuguaglianze e individuare proposte politiche avanzate per ogni contesto urbano.<\/p>\n<p>In sintesi, la 24\u00aa Esposizione Internazionale &#8220;Inequalities&#8221; \u00e8 un invito a esaminare una delle sfide pi\u00f9 pressanti del nostro tempo, esplorando non solo i divari esistenti ma anche i potenziali percorsi verso un futuro pi\u00f9 equilibrato e inclusivo. \u00c8 un <strong>laboratorio di idee e proposte<\/strong> che mira a trasformare le disuguaglianze in fertili differenze per costruire un mondo di qualit\u00e0 condivise.<\/p>\n<p>&nbsp;<\/p>\n","protected":false},"excerpt":{"rendered":"<p>&nbsp; Estate in citt\u00e0? Le opzioni non mancano e la 24\u00aa Esposizione Internazionale di Triennale Milano intitolata &#8220;Inequalities&#8221; &#8211; che ha aperto i battenti il 13 maggio 2025 e sar\u00e0 visitabile fino al 9 novembre 2025 \u2013 \u00e8 una di queste (tanto pi\u00f9 che l&#8217;ingresso sar\u00e0 gratuito per tutto il mese di agosto). L\u2019edizione 2025 [&hellip;]<\/p>\n","protected":false},"author":6,"featured_media":114821,"comment_status":"closed","ping_status":"closed","sticky":false,"template":"","format":"standard","meta":{"_acf_changed":false,"footnotes":""},"categories":[367,417,379],"tags":[],"class_list":{"0":"post-114820","1":"post","2":"type-post","3":"status-publish","4":"format-standard","5":"has-post-thumbnail","7":"category-architettura","8":"category-architettura-home","9":"category-focus-home"},"acf":[],"yoast_head":"<!-- This site is optimized with the Yoast SEO plugin v27.0 - https:\/\/yoast.com\/product\/yoast-seo-wordpress\/ -->\n<title>Triennale Milano &quot;Inequalities&quot;: un viaggio urgente nelle disparit\u00e0 del nostro tempo<\/title>\n<meta name=\"description\" content=\"Estate in citt\u00e0? Le opzioni non mancano e la 24\u00aa Esposizione Internazionale di Triennale Milano intitolata &quot;Inequalities&quot; - che ha aperto i battenti il 13 maggio 2025 e sar\u00e0 visitabile fino al 9 novembre 2025 \u2013 \u00e8 una di queste.\" \/>\n<meta name=\"robots\" content=\"index, follow, max-snippet:-1, max-image-preview:large, max-video-preview:-1\" \/>\n<link rel=\"canonical\" href=\"https:\/\/www.matrix4design.com\/it\/architettura\/triennale-milano-inequalities-un-viaggio-urgente-nelle-disparita-del-nostro-tempo\/\" \/>\n<meta property=\"og:locale\" content=\"it_IT\" \/>\n<meta property=\"og:type\" content=\"article\" \/>\n<meta property=\"og:title\" content=\"Triennale Milano &quot;Inequalities&quot;: un viaggio urgente nelle disparit\u00e0 del nostro tempo\" \/>\n<meta property=\"og:description\" content=\"Estate in citt\u00e0? Le opzioni non mancano e la 24\u00aa Esposizione Internazionale di Triennale Milano intitolata &quot;Inequalities&quot; - che ha aperto i battenti il 13 maggio 2025 e sar\u00e0 visitabile fino al 9 novembre 2025 \u2013 \u00e8 una di queste.\" \/>\n<meta property=\"og:url\" content=\"https:\/\/www.matrix4design.com\/it\/architettura\/triennale-milano-inequalities-un-viaggio-urgente-nelle-disparita-del-nostro-tempo\/\" \/>\n<meta property=\"og:site_name\" content=\"Matrix4Design\" \/>\n<meta property=\"article:publisher\" content=\"https:\/\/www.facebook.com\/matrix4designmagazine\/\" \/>\n<meta property=\"article:published_time\" content=\"2025-07-29T06:00:03+00:00\" \/>\n<meta property=\"og:image\" content=\"https:\/\/www.matrix4design.com\/wp-content\/uploads\/2025\/07\/01_c_FelixLenz-austria.jpg\" \/>\n\t<meta property=\"og:image:width\" content=\"1600\" \/>\n\t<meta property=\"og:image:height\" content=\"844\" \/>\n\t<meta property=\"og:image:type\" content=\"image\/jpeg\" \/>\n<meta name=\"author\" content=\"Redazione\" \/>\n<meta name=\"twitter:card\" content=\"summary_large_image\" \/>\n<meta name=\"twitter:label1\" content=\"Scritto da\" \/>\n\t<meta name=\"twitter:data1\" content=\"Redazione\" \/>\n\t<meta name=\"twitter:label2\" content=\"Tempo di lettura stimato\" \/>\n\t<meta name=\"twitter:data2\" content=\"7 minuti\" \/>\n<script type=\"application\/ld+json\" class=\"yoast-schema-graph\">{\"@context\":\"https:\/\/schema.org\",\"@graph\":[{\"@type\":\"Article\",\"@id\":\"https:\/\/www.matrix4design.com\/it\/architettura\/triennale-milano-inequalities-un-viaggio-urgente-nelle-disparita-del-nostro-tempo\/#article\",\"isPartOf\":{\"@id\":\"https:\/\/www.matrix4design.com\/it\/architettura\/triennale-milano-inequalities-un-viaggio-urgente-nelle-disparita-del-nostro-tempo\/\"},\"author\":{\"name\":\"Redazione\",\"@id\":\"https:\/\/www.matrix4design.com\/it\/#\/schema\/person\/b2b6dd48f9d6892ca224742379951fa1\"},\"headline\":\"Triennale Milano &#8220;Inequalities&#8221;: un viaggio urgente nelle disparit\u00e0 del nostro tempo\",\"datePublished\":\"2025-07-29T06:00:03+00:00\",\"mainEntityOfPage\":{\"@id\":\"https:\/\/www.matrix4design.com\/it\/architettura\/triennale-milano-inequalities-un-viaggio-urgente-nelle-disparita-del-nostro-tempo\/\"},\"wordCount\":1184,\"publisher\":{\"@id\":\"https:\/\/www.matrix4design.com\/it\/#organization\"},\"image\":{\"@id\":\"https:\/\/www.matrix4design.com\/it\/architettura\/triennale-milano-inequalities-un-viaggio-urgente-nelle-disparita-del-nostro-tempo\/#primaryimage\"},\"thumbnailUrl\":\"https:\/\/www.matrix4design.com\/wp-content\/uploads\/2025\/07\/01_c_FelixLenz-austria.jpg\",\"articleSection\":[\"Architettura\",\"Architettura home\",\"Focus home\"],\"inLanguage\":\"it-IT\"},{\"@type\":\"WebPage\",\"@id\":\"https:\/\/www.matrix4design.com\/it\/architettura\/triennale-milano-inequalities-un-viaggio-urgente-nelle-disparita-del-nostro-tempo\/\",\"url\":\"https:\/\/www.matrix4design.com\/it\/architettura\/triennale-milano-inequalities-un-viaggio-urgente-nelle-disparita-del-nostro-tempo\/\",\"name\":\"Triennale Milano \\\"Inequalities\\\": un viaggio urgente nelle disparit\u00e0 del nostro tempo\",\"isPartOf\":{\"@id\":\"https:\/\/www.matrix4design.com\/it\/#website\"},\"primaryImageOfPage\":{\"@id\":\"https:\/\/www.matrix4design.com\/it\/architettura\/triennale-milano-inequalities-un-viaggio-urgente-nelle-disparita-del-nostro-tempo\/#primaryimage\"},\"image\":{\"@id\":\"https:\/\/www.matrix4design.com\/it\/architettura\/triennale-milano-inequalities-un-viaggio-urgente-nelle-disparita-del-nostro-tempo\/#primaryimage\"},\"thumbnailUrl\":\"https:\/\/www.matrix4design.com\/wp-content\/uploads\/2025\/07\/01_c_FelixLenz-austria.jpg\",\"datePublished\":\"2025-07-29T06:00:03+00:00\",\"description\":\"Estate in citt\u00e0? Le opzioni non mancano e la 24\u00aa Esposizione Internazionale di Triennale Milano intitolata \\\"Inequalities\\\" - che ha aperto i battenti il 13 maggio 2025 e sar\u00e0 visitabile fino al 9 novembre 2025 \u2013 \u00e8 una di queste.\",\"breadcrumb\":{\"@id\":\"https:\/\/www.matrix4design.com\/it\/architettura\/triennale-milano-inequalities-un-viaggio-urgente-nelle-disparita-del-nostro-tempo\/#breadcrumb\"},\"inLanguage\":\"it-IT\",\"potentialAction\":[{\"@type\":\"ReadAction\",\"target\":[\"https:\/\/www.matrix4design.com\/it\/architettura\/triennale-milano-inequalities-un-viaggio-urgente-nelle-disparita-del-nostro-tempo\/\"]}]},{\"@type\":\"ImageObject\",\"inLanguage\":\"it-IT\",\"@id\":\"https:\/\/www.matrix4design.com\/it\/architettura\/triennale-milano-inequalities-un-viaggio-urgente-nelle-disparita-del-nostro-tempo\/#primaryimage\",\"url\":\"https:\/\/www.matrix4design.com\/wp-content\/uploads\/2025\/07\/01_c_FelixLenz-austria.jpg\",\"contentUrl\":\"https:\/\/www.matrix4design.com\/wp-content\/uploads\/2025\/07\/01_c_FelixLenz-austria.jpg\",\"width\":1600,\"height\":844},{\"@type\":\"BreadcrumbList\",\"@id\":\"https:\/\/www.matrix4design.com\/it\/architettura\/triennale-milano-inequalities-un-viaggio-urgente-nelle-disparita-del-nostro-tempo\/#breadcrumb\",\"itemListElement\":[{\"@type\":\"ListItem\",\"position\":1,\"name\":\"Home\",\"item\":\"https:\/\/www.matrix4design.com\/it\/\"},{\"@type\":\"ListItem\",\"position\":2,\"name\":\"Triennale Milano &#8220;Inequalities&#8221;: un viaggio urgente nelle disparit\u00e0 del nostro tempo\"}]},{\"@type\":\"WebSite\",\"@id\":\"https:\/\/www.matrix4design.com\/it\/#website\",\"url\":\"https:\/\/www.matrix4design.com\/it\/\",\"name\":\"Matrix4Design\",\"description\":\"Digital architecture and design b2b magazine\",\"publisher\":{\"@id\":\"https:\/\/www.matrix4design.com\/it\/#organization\"},\"potentialAction\":[{\"@type\":\"SearchAction\",\"target\":{\"@type\":\"EntryPoint\",\"urlTemplate\":\"https:\/\/www.matrix4design.com\/it\/?s={search_term_string}\"},\"query-input\":{\"@type\":\"PropertyValueSpecification\",\"valueRequired\":true,\"valueName\":\"search_term_string\"}}],\"inLanguage\":\"it-IT\"},{\"@type\":\"Organization\",\"@id\":\"https:\/\/www.matrix4design.com\/it\/#organization\",\"name\":\"Matrix4Design\",\"url\":\"https:\/\/www.matrix4design.com\/it\/\",\"logo\":{\"@type\":\"ImageObject\",\"inLanguage\":\"it-IT\",\"@id\":\"https:\/\/www.matrix4design.com\/it\/#\/schema\/logo\/image\/\",\"url\":\"https:\/\/www.matrix4design.com\/wp-content\/uploads\/2020\/04\/logo_matrix4design.png\",\"contentUrl\":\"https:\/\/www.matrix4design.com\/wp-content\/uploads\/2020\/04\/logo_matrix4design.png\",\"width\":804,\"height\":114,\"caption\":\"Matrix4Design\"},\"image\":{\"@id\":\"https:\/\/www.matrix4design.com\/it\/#\/schema\/logo\/image\/\"},\"sameAs\":[\"https:\/\/www.facebook.com\/matrix4designmagazine\/\",\"https:\/\/www.instagram.com\/matrix4designmagazine\/\",\"https:\/\/www.youtube.com\/channel\/UCtuhSSrP3MOO_URZgv8mQ1A\"]},{\"@type\":\"Person\",\"@id\":\"https:\/\/www.matrix4design.com\/it\/#\/schema\/person\/b2b6dd48f9d6892ca224742379951fa1\",\"name\":\"Redazione\",\"image\":{\"@type\":\"ImageObject\",\"inLanguage\":\"it-IT\",\"@id\":\"https:\/\/www.matrix4design.com\/it\/#\/schema\/person\/image\/\",\"url\":\"https:\/\/www.matrix4design.com\/wp-content\/uploads\/2023\/01\/logo_M4D_2023-96x96.jpg\",\"contentUrl\":\"https:\/\/www.matrix4design.com\/wp-content\/uploads\/2023\/01\/logo_M4D_2023-96x96.jpg\",\"caption\":\"Redazione\"},\"url\":\"https:\/\/www.matrix4design.com\/it\/author\/redazione\/\"}]}<\/script>\n<!-- \/ Yoast SEO plugin. -->","yoast_head_json":{"title":"Triennale Milano \"Inequalities\": un viaggio urgente nelle disparit\u00e0 del nostro tempo","description":"Estate in citt\u00e0? Le opzioni non mancano e la 24\u00aa Esposizione Internazionale di Triennale Milano intitolata \"Inequalities\" - che ha aperto i battenti il 13 maggio 2025 e sar\u00e0 visitabile fino al 9 novembre 2025 \u2013 \u00e8 una di queste.","robots":{"index":"index","follow":"follow","max-snippet":"max-snippet:-1","max-image-preview":"max-image-preview:large","max-video-preview":"max-video-preview:-1"},"canonical":"https:\/\/www.matrix4design.com\/it\/architettura\/triennale-milano-inequalities-un-viaggio-urgente-nelle-disparita-del-nostro-tempo\/","og_locale":"it_IT","og_type":"article","og_title":"Triennale Milano \"Inequalities\": un viaggio urgente nelle disparit\u00e0 del nostro tempo","og_description":"Estate in citt\u00e0? Le opzioni non mancano e la 24\u00aa Esposizione Internazionale di Triennale Milano intitolata \"Inequalities\" - che ha aperto i battenti il 13 maggio 2025 e sar\u00e0 visitabile fino al 9 novembre 2025 \u2013 \u00e8 una di queste.","og_url":"https:\/\/www.matrix4design.com\/it\/architettura\/triennale-milano-inequalities-un-viaggio-urgente-nelle-disparita-del-nostro-tempo\/","og_site_name":"Matrix4Design","article_publisher":"https:\/\/www.facebook.com\/matrix4designmagazine\/","article_published_time":"2025-07-29T06:00:03+00:00","og_image":[{"width":1600,"height":844,"url":"https:\/\/www.matrix4design.com\/wp-content\/uploads\/2025\/07\/01_c_FelixLenz-austria.jpg","type":"image\/jpeg"}],"author":"Redazione","twitter_card":"summary_large_image","twitter_misc":{"Scritto da":"Redazione","Tempo di lettura stimato":"7 minuti"},"schema":{"@context":"https:\/\/schema.org","@graph":[{"@type":"Article","@id":"https:\/\/www.matrix4design.com\/it\/architettura\/triennale-milano-inequalities-un-viaggio-urgente-nelle-disparita-del-nostro-tempo\/#article","isPartOf":{"@id":"https:\/\/www.matrix4design.com\/it\/architettura\/triennale-milano-inequalities-un-viaggio-urgente-nelle-disparita-del-nostro-tempo\/"},"author":{"name":"Redazione","@id":"https:\/\/www.matrix4design.com\/it\/#\/schema\/person\/b2b6dd48f9d6892ca224742379951fa1"},"headline":"Triennale Milano &#8220;Inequalities&#8221;: un viaggio urgente nelle disparit\u00e0 del nostro tempo","datePublished":"2025-07-29T06:00:03+00:00","mainEntityOfPage":{"@id":"https:\/\/www.matrix4design.com\/it\/architettura\/triennale-milano-inequalities-un-viaggio-urgente-nelle-disparita-del-nostro-tempo\/"},"wordCount":1184,"publisher":{"@id":"https:\/\/www.matrix4design.com\/it\/#organization"},"image":{"@id":"https:\/\/www.matrix4design.com\/it\/architettura\/triennale-milano-inequalities-un-viaggio-urgente-nelle-disparita-del-nostro-tempo\/#primaryimage"},"thumbnailUrl":"https:\/\/www.matrix4design.com\/wp-content\/uploads\/2025\/07\/01_c_FelixLenz-austria.jpg","articleSection":["Architettura","Architettura home","Focus home"],"inLanguage":"it-IT"},{"@type":"WebPage","@id":"https:\/\/www.matrix4design.com\/it\/architettura\/triennale-milano-inequalities-un-viaggio-urgente-nelle-disparita-del-nostro-tempo\/","url":"https:\/\/www.matrix4design.com\/it\/architettura\/triennale-milano-inequalities-un-viaggio-urgente-nelle-disparita-del-nostro-tempo\/","name":"Triennale Milano \"Inequalities\": un viaggio urgente nelle disparit\u00e0 del nostro tempo","isPartOf":{"@id":"https:\/\/www.matrix4design.com\/it\/#website"},"primaryImageOfPage":{"@id":"https:\/\/www.matrix4design.com\/it\/architettura\/triennale-milano-inequalities-un-viaggio-urgente-nelle-disparita-del-nostro-tempo\/#primaryimage"},"image":{"@id":"https:\/\/www.matrix4design.com\/it\/architettura\/triennale-milano-inequalities-un-viaggio-urgente-nelle-disparita-del-nostro-tempo\/#primaryimage"},"thumbnailUrl":"https:\/\/www.matrix4design.com\/wp-content\/uploads\/2025\/07\/01_c_FelixLenz-austria.jpg","datePublished":"2025-07-29T06:00:03+00:00","description":"Estate in citt\u00e0? Le opzioni non mancano e la 24\u00aa Esposizione Internazionale di Triennale Milano intitolata \"Inequalities\" - che ha aperto i battenti il 13 maggio 2025 e sar\u00e0 visitabile fino al 9 novembre 2025 \u2013 \u00e8 una di queste.","breadcrumb":{"@id":"https:\/\/www.matrix4design.com\/it\/architettura\/triennale-milano-inequalities-un-viaggio-urgente-nelle-disparita-del-nostro-tempo\/#breadcrumb"},"inLanguage":"it-IT","potentialAction":[{"@type":"ReadAction","target":["https:\/\/www.matrix4design.com\/it\/architettura\/triennale-milano-inequalities-un-viaggio-urgente-nelle-disparita-del-nostro-tempo\/"]}]},{"@type":"ImageObject","inLanguage":"it-IT","@id":"https:\/\/www.matrix4design.com\/it\/architettura\/triennale-milano-inequalities-un-viaggio-urgente-nelle-disparita-del-nostro-tempo\/#primaryimage","url":"https:\/\/www.matrix4design.com\/wp-content\/uploads\/2025\/07\/01_c_FelixLenz-austria.jpg","contentUrl":"https:\/\/www.matrix4design.com\/wp-content\/uploads\/2025\/07\/01_c_FelixLenz-austria.jpg","width":1600,"height":844},{"@type":"BreadcrumbList","@id":"https:\/\/www.matrix4design.com\/it\/architettura\/triennale-milano-inequalities-un-viaggio-urgente-nelle-disparita-del-nostro-tempo\/#breadcrumb","itemListElement":[{"@type":"ListItem","position":1,"name":"Home","item":"https:\/\/www.matrix4design.com\/it\/"},{"@type":"ListItem","position":2,"name":"Triennale Milano &#8220;Inequalities&#8221;: un viaggio urgente nelle disparit\u00e0 del nostro tempo"}]},{"@type":"WebSite","@id":"https:\/\/www.matrix4design.com\/it\/#website","url":"https:\/\/www.matrix4design.com\/it\/","name":"Matrix4Design","description":"Digital architecture and design b2b magazine","publisher":{"@id":"https:\/\/www.matrix4design.com\/it\/#organization"},"potentialAction":[{"@type":"SearchAction","target":{"@type":"EntryPoint","urlTemplate":"https:\/\/www.matrix4design.com\/it\/?s={search_term_string}"},"query-input":{"@type":"PropertyValueSpecification","valueRequired":true,"valueName":"search_term_string"}}],"inLanguage":"it-IT"},{"@type":"Organization","@id":"https:\/\/www.matrix4design.com\/it\/#organization","name":"Matrix4Design","url":"https:\/\/www.matrix4design.com\/it\/","logo":{"@type":"ImageObject","inLanguage":"it-IT","@id":"https:\/\/www.matrix4design.com\/it\/#\/schema\/logo\/image\/","url":"https:\/\/www.matrix4design.com\/wp-content\/uploads\/2020\/04\/logo_matrix4design.png","contentUrl":"https:\/\/www.matrix4design.com\/wp-content\/uploads\/2020\/04\/logo_matrix4design.png","width":804,"height":114,"caption":"Matrix4Design"},"image":{"@id":"https:\/\/www.matrix4design.com\/it\/#\/schema\/logo\/image\/"},"sameAs":["https:\/\/www.facebook.com\/matrix4designmagazine\/","https:\/\/www.instagram.com\/matrix4designmagazine\/","https:\/\/www.youtube.com\/channel\/UCtuhSSrP3MOO_URZgv8mQ1A"]},{"@type":"Person","@id":"https:\/\/www.matrix4design.com\/it\/#\/schema\/person\/b2b6dd48f9d6892ca224742379951fa1","name":"Redazione","image":{"@type":"ImageObject","inLanguage":"it-IT","@id":"https:\/\/www.matrix4design.com\/it\/#\/schema\/person\/image\/","url":"https:\/\/www.matrix4design.com\/wp-content\/uploads\/2023\/01\/logo_M4D_2023-96x96.jpg","contentUrl":"https:\/\/www.matrix4design.com\/wp-content\/uploads\/2023\/01\/logo_M4D_2023-96x96.jpg","caption":"Redazione"},"url":"https:\/\/www.matrix4design.com\/it\/author\/redazione\/"}]}},"_links":{"self":[{"href":"https:\/\/www.matrix4design.com\/it\/wp-json\/wp\/v2\/posts\/114820","targetHints":{"allow":["GET"]}}],"collection":[{"href":"https:\/\/www.matrix4design.com\/it\/wp-json\/wp\/v2\/posts"}],"about":[{"href":"https:\/\/www.matrix4design.com\/it\/wp-json\/wp\/v2\/types\/post"}],"author":[{"embeddable":true,"href":"https:\/\/www.matrix4design.com\/it\/wp-json\/wp\/v2\/users\/6"}],"replies":[{"embeddable":true,"href":"https:\/\/www.matrix4design.com\/it\/wp-json\/wp\/v2\/comments?post=114820"}],"version-history":[{"count":4,"href":"https:\/\/www.matrix4design.com\/it\/wp-json\/wp\/v2\/posts\/114820\/revisions"}],"predecessor-version":[{"id":114852,"href":"https:\/\/www.matrix4design.com\/it\/wp-json\/wp\/v2\/posts\/114820\/revisions\/114852"}],"wp:featuredmedia":[{"embeddable":true,"href":"https:\/\/www.matrix4design.com\/it\/wp-json\/wp\/v2\/media\/114821"}],"wp:attachment":[{"href":"https:\/\/www.matrix4design.com\/it\/wp-json\/wp\/v2\/media?parent=114820"}],"wp:term":[{"taxonomy":"category","embeddable":true,"href":"https:\/\/www.matrix4design.com\/it\/wp-json\/wp\/v2\/categories?post=114820"},{"taxonomy":"post_tag","embeddable":true,"href":"https:\/\/www.matrix4design.com\/it\/wp-json\/wp\/v2\/tags?post=114820"}],"curies":[{"name":"wp","href":"https:\/\/api.w.org\/{rel}","templated":true}]}}