{"id":118065,"date":"2026-01-27T11:00:31","date_gmt":"2026-01-27T10:00:31","guid":{"rendered":"https:\/\/www.matrix4design.com\/?p=118065"},"modified":"2026-01-22T12:12:09","modified_gmt":"2026-01-22T11:12:09","slug":"innovazione-tecnologica-e-nuovi-color-trend-inaugurano-il-2026-di-frascio","status":"publish","type":"post","link":"https:\/\/www.matrix4design.com\/it\/design\/innovazione-tecnologica-e-nuovi-color-trend-inaugurano-il-2026-di-frascio\/","title":{"rendered":"Innovazione tecnologica e nuovi Color Trend inaugurano il 2026 di Frascio"},"content":{"rendered":"<p>&nbsp;<\/p>\n<p><a href=\"https:\/\/www.frascio.it\/\" target=\"_blank\" rel=\"noopener\"><strong>Frascio<\/strong><\/a> ha recentemente celebrato un traguardo storico, gli <strong>80 anni del brand nel 2025<\/strong>, consolidando una trasformazione che ha portato un piccolo laboratorio artigianale a diventare un <strong>marchio internazionale riconosciuto per innovazione, design e qualit\u00e0<\/strong>. Sotto la guida di Massimo Soldi, l&#8217;azienda ha intrapreso un percorso di crescita costante basato su investimenti di lungo respiro che hanno interessato ogni aspetto della realt\u00e0 aziendale, dalla produzione alla sede fisica.<\/p>\n<figure id=\"attachment_118066\" aria-describedby=\"caption-attachment-118066\" style=\"width: 1181px\" class=\"wp-caption aligncenter\"><img loading=\"lazy\" decoding=\"async\" class=\"size-full wp-image-118066\" src=\"https:\/\/www.matrix4design.com\/wp-content\/uploads\/2026\/01\/251009_Frascio_Sede_-detail-pannello-espositivo-033.jpg\" alt=\"\" width=\"1181\" height=\"788\" srcset=\"https:\/\/www.matrix4design.com\/wp-content\/uploads\/2026\/01\/251009_Frascio_Sede_-detail-pannello-espositivo-033.jpg 1181w, https:\/\/www.matrix4design.com\/wp-content\/uploads\/2026\/01\/251009_Frascio_Sede_-detail-pannello-espositivo-033-300x200.jpg 300w, https:\/\/www.matrix4design.com\/wp-content\/uploads\/2026\/01\/251009_Frascio_Sede_-detail-pannello-espositivo-033-1024x683.jpg 1024w, https:\/\/www.matrix4design.com\/wp-content\/uploads\/2026\/01\/251009_Frascio_Sede_-detail-pannello-espositivo-033-768x512.jpg 768w, https:\/\/www.matrix4design.com\/wp-content\/uploads\/2026\/01\/251009_Frascio_Sede_-detail-pannello-espositivo-033-150x100.jpg 150w, https:\/\/www.matrix4design.com\/wp-content\/uploads\/2026\/01\/251009_Frascio_Sede_-detail-pannello-espositivo-033-696x464.jpg 696w, https:\/\/www.matrix4design.com\/wp-content\/uploads\/2026\/01\/251009_Frascio_Sede_-detail-pannello-espositivo-033-1068x713.jpg 1068w\" sizes=\"auto, (max-width: 1181px) 100vw, 1181px\" \/><figcaption id=\"caption-attachment-118066\" class=\"wp-caption-text\">Le maniglie Frascio esposte sul pannello espositivo in sede.<\/figcaption><\/figure>\n<h3><strong>Investimenti e sostenibilit\u00e0: la nuova sede di Lavenone<\/strong><\/h3>\n<p>Il rinnovamento della sede di Lavenone (BS), concluso a dicembre 2025, rappresenta il cuore tangibile di questa evoluzione. L\u2019architettura, caratterizzata da un\u2019ispirazione industriale e dall&#8217;uso del distintivo &#8220;<strong>blu Frascio<\/strong>&#8220;, ospita oggi spazi funzionali per i dipendenti e una sala meeting all\u2019avanguardia dedicata al supporto di architetti e partner internazionali.<\/p>\n<p>Un pilastro fondamentale di questo rinnovamento \u00e8 l\u2019attenzione alla sostenibilit\u00e0. Frascio ha installato un <strong>nuovo impianto fotovoltaico<\/strong> progettato da Gaia srl, composto da <strong>256 moduli Tenka Solar<\/strong> e un inverter SAJ, per una potenza totale di <strong>119,25 kWp<\/strong>. Grazie al posizionamento ottimale dei pannelli orientati a Sud, l\u2019impianto \u00e8 in grado di soddisfare il <strong>50% del fabbisogno energetico aziendale<\/strong>, un risultato di particolare rilievo considerando la posizione geografica della Val Sabbia.<\/p>\n<figure id=\"attachment_118067\" aria-describedby=\"caption-attachment-118067\" style=\"width: 1181px\" class=\"wp-caption aligncenter\"><img loading=\"lazy\" decoding=\"async\" class=\"size-full wp-image-118067\" src=\"https:\/\/www.matrix4design.com\/wp-content\/uploads\/2026\/01\/251009_Frascio_Sede_087_w.jpg\" alt=\"\" width=\"1181\" height=\"886\" srcset=\"https:\/\/www.matrix4design.com\/wp-content\/uploads\/2026\/01\/251009_Frascio_Sede_087_w.jpg 1181w, https:\/\/www.matrix4design.com\/wp-content\/uploads\/2026\/01\/251009_Frascio_Sede_087_w-300x225.jpg 300w, https:\/\/www.matrix4design.com\/wp-content\/uploads\/2026\/01\/251009_Frascio_Sede_087_w-1024x768.jpg 1024w, https:\/\/www.matrix4design.com\/wp-content\/uploads\/2026\/01\/251009_Frascio_Sede_087_w-768x576.jpg 768w, https:\/\/www.matrix4design.com\/wp-content\/uploads\/2026\/01\/251009_Frascio_Sede_087_w-150x113.jpg 150w, https:\/\/www.matrix4design.com\/wp-content\/uploads\/2026\/01\/251009_Frascio_Sede_087_w-696x522.jpg 696w, https:\/\/www.matrix4design.com\/wp-content\/uploads\/2026\/01\/251009_Frascio_Sede_087_w-1068x801.jpg 1068w, https:\/\/www.matrix4design.com\/wp-content\/uploads\/2026\/01\/251009_Frascio_Sede_087_w-265x198.jpg 265w\" sizes=\"auto, (max-width: 1181px) 100vw, 1181px\" \/><figcaption id=\"caption-attachment-118067\" class=\"wp-caption-text\">La sede di Frascio a Lavenone.<\/figcaption><\/figure>\n<h3><strong>Tecnologia all&#8217;avanguardia nella produzione<\/strong><\/h3>\n<p>L\u2019efficienza produttiva \u00e8 stata ulteriormente potenziata dall&#8217;introduzione di un <strong>sistema di verniciatura robotizzato<\/strong> di Epistolio Group. Questo robot auto-apprendente, integrato con il sistema di miscelazione automatica <strong>Cyclomix Evo Sames<\/strong>, garantisce una qualit\u00e0 costante, uno spessore uniforme della vernice e una maggiore flessibilit\u00e0 produttiva, riducendo al contempo gli sprechi e aumentando la sicurezza per gli operatori.<\/p>\n<figure id=\"attachment_118069\" aria-describedby=\"caption-attachment-118069\" style=\"width: 1181px\" class=\"wp-caption aligncenter\"><img loading=\"lazy\" decoding=\"async\" class=\"size-full wp-image-118069\" src=\"https:\/\/www.matrix4design.com\/wp-content\/uploads\/2026\/01\/251009_Frascio_Sede_105_w.jpg\" alt=\"\" width=\"1181\" height=\"788\" srcset=\"https:\/\/www.matrix4design.com\/wp-content\/uploads\/2026\/01\/251009_Frascio_Sede_105_w.jpg 1181w, https:\/\/www.matrix4design.com\/wp-content\/uploads\/2026\/01\/251009_Frascio_Sede_105_w-300x200.jpg 300w, https:\/\/www.matrix4design.com\/wp-content\/uploads\/2026\/01\/251009_Frascio_Sede_105_w-1024x683.jpg 1024w, https:\/\/www.matrix4design.com\/wp-content\/uploads\/2026\/01\/251009_Frascio_Sede_105_w-768x512.jpg 768w, https:\/\/www.matrix4design.com\/wp-content\/uploads\/2026\/01\/251009_Frascio_Sede_105_w-150x100.jpg 150w, https:\/\/www.matrix4design.com\/wp-content\/uploads\/2026\/01\/251009_Frascio_Sede_105_w-696x464.jpg 696w, https:\/\/www.matrix4design.com\/wp-content\/uploads\/2026\/01\/251009_Frascio_Sede_105_w-1068x713.jpg 1068w\" sizes=\"auto, (max-width: 1181px) 100vw, 1181px\" \/><figcaption id=\"caption-attachment-118069\" class=\"wp-caption-text\">Dettaglio dalla sede Frascio.<\/figcaption><\/figure>\n<h3><strong>Novit\u00e0 di prodotto: la Minima Collection e i Color Trend 2026<\/strong><\/h3>\n<p>Sul fronte del design, Frascio continua a dettare tendenze con la <strong>Minima Collection<\/strong>, una gamma che si distingue per l&#8217;impiego di una <strong>rosetta ridotta di soli 30 mm di diametro<\/strong>. Questa soluzione tecnica consente al collo della maniglia di integrarsi perfettamente con la porta, creando un effetto visivo di continuit\u00e0 assoluta.<\/p>\n<figure id=\"attachment_118068\" aria-describedby=\"caption-attachment-118068\" style=\"width: 886px\" class=\"wp-caption aligncenter\"><img loading=\"lazy\" decoding=\"async\" class=\"size-full wp-image-118068\" src=\"https:\/\/www.matrix4design.com\/wp-content\/uploads\/2026\/01\/Mod-Quarto-finitura-color-Teal.jpg\" alt=\"\" width=\"886\" height=\"1063\" srcset=\"https:\/\/www.matrix4design.com\/wp-content\/uploads\/2026\/01\/Mod-Quarto-finitura-color-Teal.jpg 886w, https:\/\/www.matrix4design.com\/wp-content\/uploads\/2026\/01\/Mod-Quarto-finitura-color-Teal-250x300.jpg 250w, https:\/\/www.matrix4design.com\/wp-content\/uploads\/2026\/01\/Mod-Quarto-finitura-color-Teal-853x1024.jpg 853w, https:\/\/www.matrix4design.com\/wp-content\/uploads\/2026\/01\/Mod-Quarto-finitura-color-Teal-768x921.jpg 768w, https:\/\/www.matrix4design.com\/wp-content\/uploads\/2026\/01\/Mod-Quarto-finitura-color-Teal-150x180.jpg 150w, https:\/\/www.matrix4design.com\/wp-content\/uploads\/2026\/01\/Mod-Quarto-finitura-color-Teal-300x360.jpg 300w, https:\/\/www.matrix4design.com\/wp-content\/uploads\/2026\/01\/Mod-Quarto-finitura-color-Teal-696x835.jpg 696w\" sizes=\"auto, (max-width: 886px) 100vw, 886px\" \/><figcaption id=\"caption-attachment-118068\" class=\"wp-caption-text\">Color Trend Teal sul modello Quarto di Frascio.<\/figcaption><\/figure>\n<p>Per il 2026, la collezione si arricchisce di quattro nuove finiture <strong>Color Trend<\/strong>, la cui introduzione \u00e8 resa possibile dal recente potenziamento tecnologico della produzione e che sono pensate per <strong>progetti residenziali e hospitality di alto profilo<\/strong>. Queste novit\u00e0, unite alle finiture gi\u00e0 a catalogo, confermano la volont\u00e0 di Frascio di posizionare il dettaglio come protagonista assoluto dell&#8217;interior design, coniugando una visione a lungo termine con una costante ricerca estetica.<\/p>\n<figure id=\"attachment_118070\" aria-describedby=\"caption-attachment-118070\" style=\"width: 882px\" class=\"wp-caption aligncenter\"><img loading=\"lazy\" decoding=\"async\" class=\"size-full wp-image-118070\" src=\"https:\/\/www.matrix4design.com\/wp-content\/uploads\/2026\/01\/mod-Hemisfera-new-colortrend-Jade-2026.jpg\" alt=\"\" width=\"882\" height=\"1063\" srcset=\"https:\/\/www.matrix4design.com\/wp-content\/uploads\/2026\/01\/mod-Hemisfera-new-colortrend-Jade-2026.jpg 882w, https:\/\/www.matrix4design.com\/wp-content\/uploads\/2026\/01\/mod-Hemisfera-new-colortrend-Jade-2026-249x300.jpg 249w, https:\/\/www.matrix4design.com\/wp-content\/uploads\/2026\/01\/mod-Hemisfera-new-colortrend-Jade-2026-850x1024.jpg 850w, https:\/\/www.matrix4design.com\/wp-content\/uploads\/2026\/01\/mod-Hemisfera-new-colortrend-Jade-2026-768x926.jpg 768w, https:\/\/www.matrix4design.com\/wp-content\/uploads\/2026\/01\/mod-Hemisfera-new-colortrend-Jade-2026-150x181.jpg 150w, https:\/\/www.matrix4design.com\/wp-content\/uploads\/2026\/01\/mod-Hemisfera-new-colortrend-Jade-2026-300x362.jpg 300w, https:\/\/www.matrix4design.com\/wp-content\/uploads\/2026\/01\/mod-Hemisfera-new-colortrend-Jade-2026-696x839.jpg 696w\" sizes=\"auto, (max-width: 882px) 100vw, 882px\" \/><figcaption id=\"caption-attachment-118070\" class=\"wp-caption-text\">Color Trend Jale sul modello Hemisfera di Frascio.<\/figcaption><\/figure>\n","protected":false},"excerpt":{"rendered":"<p>&nbsp; Frascio ha recentemente celebrato un traguardo storico, gli 80 anni del brand nel 2025, consolidando una trasformazione che ha portato un piccolo laboratorio artigianale a diventare un marchio internazionale riconosciuto per innovazione, design e qualit\u00e0. Sotto la guida di Massimo Soldi, l&#8217;azienda ha intrapreso un percorso di crescita costante basato su investimenti di lungo [&hellip;]<\/p>\n","protected":false},"author":6,"featured_media":118066,"comment_status":"closed","ping_status":"closed","sticky":false,"template":"","format":"standard","meta":{"_acf_changed":false,"footnotes":""},"categories":[366,418,368],"tags":[],"class_list":{"0":"post-118065","1":"post","2":"type-post","3":"status-publish","4":"format-standard","5":"has-post-thumbnail","7":"category-design","8":"category-design-home","9":"category-featured"},"acf":[],"yoast_head":"<!-- This site is optimized with the Yoast SEO plugin v27.0 - https:\/\/yoast.com\/product\/yoast-seo-wordpress\/ -->\n<title>Innovazione tecnologica e nuovi Color Trend inaugurano il 2026 di Frascio<\/title>\n<meta name=\"description\" content=\"Frascio, azienda leader nel settore delle maniglie, continua il proprio percorso di crescita costante basato su investimenti di lungo respiro e ampliamenti di catalogo.\" \/>\n<meta name=\"robots\" content=\"index, follow, max-snippet:-1, max-image-preview:large, max-video-preview:-1\" \/>\n<link rel=\"canonical\" href=\"https:\/\/www.matrix4design.com\/it\/design\/innovazione-tecnologica-e-nuovi-color-trend-inaugurano-il-2026-di-frascio\/\" \/>\n<meta property=\"og:locale\" content=\"it_IT\" \/>\n<meta property=\"og:type\" content=\"article\" \/>\n<meta property=\"og:title\" content=\"Innovazione tecnologica e nuovi Color Trend inaugurano il 2026 di Frascio\" \/>\n<meta property=\"og:description\" content=\"Frascio, azienda leader nel settore delle maniglie, continua il proprio percorso di crescita costante basato su investimenti di lungo respiro e ampliamenti di catalogo.\" \/>\n<meta property=\"og:url\" content=\"https:\/\/www.matrix4design.com\/it\/design\/innovazione-tecnologica-e-nuovi-color-trend-inaugurano-il-2026-di-frascio\/\" \/>\n<meta property=\"og:site_name\" content=\"Matrix4Design\" \/>\n<meta property=\"article:publisher\" content=\"https:\/\/www.facebook.com\/matrix4designmagazine\/\" \/>\n<meta property=\"article:published_time\" content=\"2026-01-27T10:00:31+00:00\" \/>\n<meta property=\"og:image\" content=\"https:\/\/www.matrix4design.com\/wp-content\/uploads\/2026\/01\/251009_Frascio_Sede_-detail-pannello-espositivo-033.jpg\" \/>\n\t<meta property=\"og:image:width\" content=\"1181\" \/>\n\t<meta property=\"og:image:height\" content=\"788\" \/>\n\t<meta property=\"og:image:type\" content=\"image\/jpeg\" \/>\n<meta name=\"author\" content=\"Redazione\" \/>\n<meta name=\"twitter:card\" content=\"summary_large_image\" \/>\n<meta name=\"twitter:label1\" content=\"Scritto da\" \/>\n\t<meta name=\"twitter:data1\" content=\"Redazione\" \/>\n\t<meta name=\"twitter:label2\" content=\"Tempo di lettura stimato\" \/>\n\t<meta name=\"twitter:data2\" content=\"4 minuti\" \/>\n<script type=\"application\/ld+json\" class=\"yoast-schema-graph\">{\"@context\":\"https:\/\/schema.org\",\"@graph\":[{\"@type\":\"Article\",\"@id\":\"https:\/\/www.matrix4design.com\/it\/design\/innovazione-tecnologica-e-nuovi-color-trend-inaugurano-il-2026-di-frascio\/#article\",\"isPartOf\":{\"@id\":\"https:\/\/www.matrix4design.com\/it\/design\/innovazione-tecnologica-e-nuovi-color-trend-inaugurano-il-2026-di-frascio\/\"},\"author\":{\"name\":\"Redazione\",\"@id\":\"https:\/\/www.matrix4design.com\/it\/#\/schema\/person\/b2b6dd48f9d6892ca224742379951fa1\"},\"headline\":\"Innovazione tecnologica e nuovi Color Trend inaugurano il 2026 di Frascio\",\"datePublished\":\"2026-01-27T10:00:31+00:00\",\"mainEntityOfPage\":{\"@id\":\"https:\/\/www.matrix4design.com\/it\/design\/innovazione-tecnologica-e-nuovi-color-trend-inaugurano-il-2026-di-frascio\/\"},\"wordCount\":467,\"publisher\":{\"@id\":\"https:\/\/www.matrix4design.com\/it\/#organization\"},\"image\":{\"@id\":\"https:\/\/www.matrix4design.com\/it\/design\/innovazione-tecnologica-e-nuovi-color-trend-inaugurano-il-2026-di-frascio\/#primaryimage\"},\"thumbnailUrl\":\"https:\/\/www.matrix4design.com\/wp-content\/uploads\/2026\/01\/251009_Frascio_Sede_-detail-pannello-espositivo-033.jpg\",\"articleSection\":[\"Design\",\"Design home\",\"Featured\"],\"inLanguage\":\"it-IT\"},{\"@type\":\"WebPage\",\"@id\":\"https:\/\/www.matrix4design.com\/it\/design\/innovazione-tecnologica-e-nuovi-color-trend-inaugurano-il-2026-di-frascio\/\",\"url\":\"https:\/\/www.matrix4design.com\/it\/design\/innovazione-tecnologica-e-nuovi-color-trend-inaugurano-il-2026-di-frascio\/\",\"name\":\"Innovazione tecnologica e nuovi Color Trend inaugurano il 2026 di Frascio\",\"isPartOf\":{\"@id\":\"https:\/\/www.matrix4design.com\/it\/#website\"},\"primaryImageOfPage\":{\"@id\":\"https:\/\/www.matrix4design.com\/it\/design\/innovazione-tecnologica-e-nuovi-color-trend-inaugurano-il-2026-di-frascio\/#primaryimage\"},\"image\":{\"@id\":\"https:\/\/www.matrix4design.com\/it\/design\/innovazione-tecnologica-e-nuovi-color-trend-inaugurano-il-2026-di-frascio\/#primaryimage\"},\"thumbnailUrl\":\"https:\/\/www.matrix4design.com\/wp-content\/uploads\/2026\/01\/251009_Frascio_Sede_-detail-pannello-espositivo-033.jpg\",\"datePublished\":\"2026-01-27T10:00:31+00:00\",\"description\":\"Frascio, azienda leader nel settore delle maniglie, continua il proprio percorso di crescita costante basato su investimenti di lungo respiro e ampliamenti di catalogo.\",\"breadcrumb\":{\"@id\":\"https:\/\/www.matrix4design.com\/it\/design\/innovazione-tecnologica-e-nuovi-color-trend-inaugurano-il-2026-di-frascio\/#breadcrumb\"},\"inLanguage\":\"it-IT\",\"potentialAction\":[{\"@type\":\"ReadAction\",\"target\":[\"https:\/\/www.matrix4design.com\/it\/design\/innovazione-tecnologica-e-nuovi-color-trend-inaugurano-il-2026-di-frascio\/\"]}]},{\"@type\":\"ImageObject\",\"inLanguage\":\"it-IT\",\"@id\":\"https:\/\/www.matrix4design.com\/it\/design\/innovazione-tecnologica-e-nuovi-color-trend-inaugurano-il-2026-di-frascio\/#primaryimage\",\"url\":\"https:\/\/www.matrix4design.com\/wp-content\/uploads\/2026\/01\/251009_Frascio_Sede_-detail-pannello-espositivo-033.jpg\",\"contentUrl\":\"https:\/\/www.matrix4design.com\/wp-content\/uploads\/2026\/01\/251009_Frascio_Sede_-detail-pannello-espositivo-033.jpg\",\"width\":1181,\"height\":788,\"caption\":\"Frascio - pannello espositivo in sede\"},{\"@type\":\"BreadcrumbList\",\"@id\":\"https:\/\/www.matrix4design.com\/it\/design\/innovazione-tecnologica-e-nuovi-color-trend-inaugurano-il-2026-di-frascio\/#breadcrumb\",\"itemListElement\":[{\"@type\":\"ListItem\",\"position\":1,\"name\":\"Home\",\"item\":\"https:\/\/www.matrix4design.com\/it\/\"},{\"@type\":\"ListItem\",\"position\":2,\"name\":\"Innovazione tecnologica e nuovi Color Trend inaugurano il 2026 di Frascio\"}]},{\"@type\":\"WebSite\",\"@id\":\"https:\/\/www.matrix4design.com\/it\/#website\",\"url\":\"https:\/\/www.matrix4design.com\/it\/\",\"name\":\"Matrix4Design\",\"description\":\"Digital architecture and design b2b magazine\",\"publisher\":{\"@id\":\"https:\/\/www.matrix4design.com\/it\/#organization\"},\"potentialAction\":[{\"@type\":\"SearchAction\",\"target\":{\"@type\":\"EntryPoint\",\"urlTemplate\":\"https:\/\/www.matrix4design.com\/it\/?s={search_term_string}\"},\"query-input\":{\"@type\":\"PropertyValueSpecification\",\"valueRequired\":true,\"valueName\":\"search_term_string\"}}],\"inLanguage\":\"it-IT\"},{\"@type\":\"Organization\",\"@id\":\"https:\/\/www.matrix4design.com\/it\/#organization\",\"name\":\"Matrix4Design\",\"url\":\"https:\/\/www.matrix4design.com\/it\/\",\"logo\":{\"@type\":\"ImageObject\",\"inLanguage\":\"it-IT\",\"@id\":\"https:\/\/www.matrix4design.com\/it\/#\/schema\/logo\/image\/\",\"url\":\"https:\/\/www.matrix4design.com\/wp-content\/uploads\/2020\/04\/logo_matrix4design.png\",\"contentUrl\":\"https:\/\/www.matrix4design.com\/wp-content\/uploads\/2020\/04\/logo_matrix4design.png\",\"width\":804,\"height\":114,\"caption\":\"Matrix4Design\"},\"image\":{\"@id\":\"https:\/\/www.matrix4design.com\/it\/#\/schema\/logo\/image\/\"},\"sameAs\":[\"https:\/\/www.facebook.com\/matrix4designmagazine\/\",\"https:\/\/www.instagram.com\/matrix4designmagazine\/\",\"https:\/\/www.youtube.com\/channel\/UCtuhSSrP3MOO_URZgv8mQ1A\"]},{\"@type\":\"Person\",\"@id\":\"https:\/\/www.matrix4design.com\/it\/#\/schema\/person\/b2b6dd48f9d6892ca224742379951fa1\",\"name\":\"Redazione\",\"image\":{\"@type\":\"ImageObject\",\"inLanguage\":\"it-IT\",\"@id\":\"https:\/\/www.matrix4design.com\/it\/#\/schema\/person\/image\/\",\"url\":\"https:\/\/www.matrix4design.com\/wp-content\/uploads\/2023\/01\/logo_M4D_2023-96x96.jpg\",\"contentUrl\":\"https:\/\/www.matrix4design.com\/wp-content\/uploads\/2023\/01\/logo_M4D_2023-96x96.jpg\",\"caption\":\"Redazione\"},\"url\":\"https:\/\/www.matrix4design.com\/it\/author\/redazione\/\"}]}<\/script>\n<!-- \/ Yoast SEO plugin. -->","yoast_head_json":{"title":"Innovazione tecnologica e nuovi Color Trend inaugurano il 2026 di Frascio","description":"Frascio, azienda leader nel settore delle maniglie, continua il proprio percorso di crescita costante basato su investimenti di lungo respiro e ampliamenti di catalogo.","robots":{"index":"index","follow":"follow","max-snippet":"max-snippet:-1","max-image-preview":"max-image-preview:large","max-video-preview":"max-video-preview:-1"},"canonical":"https:\/\/www.matrix4design.com\/it\/design\/innovazione-tecnologica-e-nuovi-color-trend-inaugurano-il-2026-di-frascio\/","og_locale":"it_IT","og_type":"article","og_title":"Innovazione tecnologica e nuovi Color Trend inaugurano il 2026 di Frascio","og_description":"Frascio, azienda leader nel settore delle maniglie, continua il proprio percorso di crescita costante basato su investimenti di lungo respiro e ampliamenti di catalogo.","og_url":"https:\/\/www.matrix4design.com\/it\/design\/innovazione-tecnologica-e-nuovi-color-trend-inaugurano-il-2026-di-frascio\/","og_site_name":"Matrix4Design","article_publisher":"https:\/\/www.facebook.com\/matrix4designmagazine\/","article_published_time":"2026-01-27T10:00:31+00:00","og_image":[{"width":1181,"height":788,"url":"https:\/\/www.matrix4design.com\/wp-content\/uploads\/2026\/01\/251009_Frascio_Sede_-detail-pannello-espositivo-033.jpg","type":"image\/jpeg"}],"author":"Redazione","twitter_card":"summary_large_image","twitter_misc":{"Scritto da":"Redazione","Tempo di lettura stimato":"4 minuti"},"schema":{"@context":"https:\/\/schema.org","@graph":[{"@type":"Article","@id":"https:\/\/www.matrix4design.com\/it\/design\/innovazione-tecnologica-e-nuovi-color-trend-inaugurano-il-2026-di-frascio\/#article","isPartOf":{"@id":"https:\/\/www.matrix4design.com\/it\/design\/innovazione-tecnologica-e-nuovi-color-trend-inaugurano-il-2026-di-frascio\/"},"author":{"name":"Redazione","@id":"https:\/\/www.matrix4design.com\/it\/#\/schema\/person\/b2b6dd48f9d6892ca224742379951fa1"},"headline":"Innovazione tecnologica e nuovi Color Trend inaugurano il 2026 di Frascio","datePublished":"2026-01-27T10:00:31+00:00","mainEntityOfPage":{"@id":"https:\/\/www.matrix4design.com\/it\/design\/innovazione-tecnologica-e-nuovi-color-trend-inaugurano-il-2026-di-frascio\/"},"wordCount":467,"publisher":{"@id":"https:\/\/www.matrix4design.com\/it\/#organization"},"image":{"@id":"https:\/\/www.matrix4design.com\/it\/design\/innovazione-tecnologica-e-nuovi-color-trend-inaugurano-il-2026-di-frascio\/#primaryimage"},"thumbnailUrl":"https:\/\/www.matrix4design.com\/wp-content\/uploads\/2026\/01\/251009_Frascio_Sede_-detail-pannello-espositivo-033.jpg","articleSection":["Design","Design home","Featured"],"inLanguage":"it-IT"},{"@type":"WebPage","@id":"https:\/\/www.matrix4design.com\/it\/design\/innovazione-tecnologica-e-nuovi-color-trend-inaugurano-il-2026-di-frascio\/","url":"https:\/\/www.matrix4design.com\/it\/design\/innovazione-tecnologica-e-nuovi-color-trend-inaugurano-il-2026-di-frascio\/","name":"Innovazione tecnologica e nuovi Color Trend inaugurano il 2026 di Frascio","isPartOf":{"@id":"https:\/\/www.matrix4design.com\/it\/#website"},"primaryImageOfPage":{"@id":"https:\/\/www.matrix4design.com\/it\/design\/innovazione-tecnologica-e-nuovi-color-trend-inaugurano-il-2026-di-frascio\/#primaryimage"},"image":{"@id":"https:\/\/www.matrix4design.com\/it\/design\/innovazione-tecnologica-e-nuovi-color-trend-inaugurano-il-2026-di-frascio\/#primaryimage"},"thumbnailUrl":"https:\/\/www.matrix4design.com\/wp-content\/uploads\/2026\/01\/251009_Frascio_Sede_-detail-pannello-espositivo-033.jpg","datePublished":"2026-01-27T10:00:31+00:00","description":"Frascio, azienda leader nel settore delle maniglie, continua il proprio percorso di crescita costante basato su investimenti di lungo respiro e ampliamenti di catalogo.","breadcrumb":{"@id":"https:\/\/www.matrix4design.com\/it\/design\/innovazione-tecnologica-e-nuovi-color-trend-inaugurano-il-2026-di-frascio\/#breadcrumb"},"inLanguage":"it-IT","potentialAction":[{"@type":"ReadAction","target":["https:\/\/www.matrix4design.com\/it\/design\/innovazione-tecnologica-e-nuovi-color-trend-inaugurano-il-2026-di-frascio\/"]}]},{"@type":"ImageObject","inLanguage":"it-IT","@id":"https:\/\/www.matrix4design.com\/it\/design\/innovazione-tecnologica-e-nuovi-color-trend-inaugurano-il-2026-di-frascio\/#primaryimage","url":"https:\/\/www.matrix4design.com\/wp-content\/uploads\/2026\/01\/251009_Frascio_Sede_-detail-pannello-espositivo-033.jpg","contentUrl":"https:\/\/www.matrix4design.com\/wp-content\/uploads\/2026\/01\/251009_Frascio_Sede_-detail-pannello-espositivo-033.jpg","width":1181,"height":788,"caption":"Frascio - pannello espositivo in sede"},{"@type":"BreadcrumbList","@id":"https:\/\/www.matrix4design.com\/it\/design\/innovazione-tecnologica-e-nuovi-color-trend-inaugurano-il-2026-di-frascio\/#breadcrumb","itemListElement":[{"@type":"ListItem","position":1,"name":"Home","item":"https:\/\/www.matrix4design.com\/it\/"},{"@type":"ListItem","position":2,"name":"Innovazione tecnologica e nuovi Color Trend inaugurano il 2026 di Frascio"}]},{"@type":"WebSite","@id":"https:\/\/www.matrix4design.com\/it\/#website","url":"https:\/\/www.matrix4design.com\/it\/","name":"Matrix4Design","description":"Digital architecture and design b2b magazine","publisher":{"@id":"https:\/\/www.matrix4design.com\/it\/#organization"},"potentialAction":[{"@type":"SearchAction","target":{"@type":"EntryPoint","urlTemplate":"https:\/\/www.matrix4design.com\/it\/?s={search_term_string}"},"query-input":{"@type":"PropertyValueSpecification","valueRequired":true,"valueName":"search_term_string"}}],"inLanguage":"it-IT"},{"@type":"Organization","@id":"https:\/\/www.matrix4design.com\/it\/#organization","name":"Matrix4Design","url":"https:\/\/www.matrix4design.com\/it\/","logo":{"@type":"ImageObject","inLanguage":"it-IT","@id":"https:\/\/www.matrix4design.com\/it\/#\/schema\/logo\/image\/","url":"https:\/\/www.matrix4design.com\/wp-content\/uploads\/2020\/04\/logo_matrix4design.png","contentUrl":"https:\/\/www.matrix4design.com\/wp-content\/uploads\/2020\/04\/logo_matrix4design.png","width":804,"height":114,"caption":"Matrix4Design"},"image":{"@id":"https:\/\/www.matrix4design.com\/it\/#\/schema\/logo\/image\/"},"sameAs":["https:\/\/www.facebook.com\/matrix4designmagazine\/","https:\/\/www.instagram.com\/matrix4designmagazine\/","https:\/\/www.youtube.com\/channel\/UCtuhSSrP3MOO_URZgv8mQ1A"]},{"@type":"Person","@id":"https:\/\/www.matrix4design.com\/it\/#\/schema\/person\/b2b6dd48f9d6892ca224742379951fa1","name":"Redazione","image":{"@type":"ImageObject","inLanguage":"it-IT","@id":"https:\/\/www.matrix4design.com\/it\/#\/schema\/person\/image\/","url":"https:\/\/www.matrix4design.com\/wp-content\/uploads\/2023\/01\/logo_M4D_2023-96x96.jpg","contentUrl":"https:\/\/www.matrix4design.com\/wp-content\/uploads\/2023\/01\/logo_M4D_2023-96x96.jpg","caption":"Redazione"},"url":"https:\/\/www.matrix4design.com\/it\/author\/redazione\/"}]}},"_links":{"self":[{"href":"https:\/\/www.matrix4design.com\/it\/wp-json\/wp\/v2\/posts\/118065","targetHints":{"allow":["GET"]}}],"collection":[{"href":"https:\/\/www.matrix4design.com\/it\/wp-json\/wp\/v2\/posts"}],"about":[{"href":"https:\/\/www.matrix4design.com\/it\/wp-json\/wp\/v2\/types\/post"}],"author":[{"embeddable":true,"href":"https:\/\/www.matrix4design.com\/it\/wp-json\/wp\/v2\/users\/6"}],"replies":[{"embeddable":true,"href":"https:\/\/www.matrix4design.com\/it\/wp-json\/wp\/v2\/comments?post=118065"}],"version-history":[{"count":2,"href":"https:\/\/www.matrix4design.com\/it\/wp-json\/wp\/v2\/posts\/118065\/revisions"}],"predecessor-version":[{"id":118072,"href":"https:\/\/www.matrix4design.com\/it\/wp-json\/wp\/v2\/posts\/118065\/revisions\/118072"}],"wp:featuredmedia":[{"embeddable":true,"href":"https:\/\/www.matrix4design.com\/it\/wp-json\/wp\/v2\/media\/118066"}],"wp:attachment":[{"href":"https:\/\/www.matrix4design.com\/it\/wp-json\/wp\/v2\/media?parent=118065"}],"wp:term":[{"taxonomy":"category","embeddable":true,"href":"https:\/\/www.matrix4design.com\/it\/wp-json\/wp\/v2\/categories?post=118065"},{"taxonomy":"post_tag","embeddable":true,"href":"https:\/\/www.matrix4design.com\/it\/wp-json\/wp\/v2\/tags?post=118065"}],"curies":[{"name":"wp","href":"https:\/\/api.w.org\/{rel}","templated":true}]}}