{"id":119155,"date":"2026-03-09T08:00:52","date_gmt":"2026-03-09T07:00:52","guid":{"rendered":"https:\/\/www.matrix4design.com\/?p=119155"},"modified":"2026-03-04T14:55:08","modified_gmt":"2026-03-04T13:55:08","slug":"carl-hansen-son-e-abba-milano-lessenzialita-del-design-incontra-lalta-cucina-stellata","status":"publish","type":"post","link":"https:\/\/www.matrix4design.com\/it\/design\/carl-hansen-son-e-abba-milano-lessenzialita-del-design-incontra-lalta-cucina-stellata\/","title":{"rendered":"Carl Hansen &#038; S\u00f8n e Abba Milano: l\u2019essenzialit\u00e0 del design incontra l\u2019alta cucina stellata"},"content":{"rendered":"<p>&nbsp;<\/p>\n<p>Nel cuore del Milano Certosa District, all\u2019interno di un ex pennellificio riqualificato in via Varesina 177, il ristorante <strong>Abba Milano<\/strong> celebra l\u2019incontro tra eccellenza gastronomica e design d\u2019autore. Guidato dallo chef e fondatore Fabio Abbattista e insignito della prestigiosa <strong>Stella Michelin<\/strong> nel novembre 2025, il locale propone un\u2019esperienza immersiva che affonda le radici nella tradizione pugliese e italiana, aperta alle influenze internazionali.<\/p>\n<p>Il progetto d\u2019interior, firmato dall\u2019architetto <strong>Giulio Dario Marchesi<\/strong> in collaborazione con lo <strong>studio 120 <\/strong>di Piacenza, riflette una filosofia basata sul rispetto delle materie prime e sulla qualit\u00e0 senza tempo. Lo spazio mette in relazione l\u2019anima storica dell\u2019edificio industriale in mattoni con una visione contemporanea fatta di vetro e acciaio, creando il palcoscenico ideale per gli arredi di <a href=\"https:\/\/www.carlhansen.com\/en\/en\" target=\"_blank\" rel=\"noopener\"><strong>Carl Hansen &amp; S\u00f8n<\/strong><\/a>.<\/p>\n<p>Protagonista indiscussa della sala \u00e8 la <strong>CH24 Wishbone Chair<\/strong>, icona del 1949 disegnata da Hans J. Wegner. Per Abba Milano sono stati selezionati 28 esemplari nella finitura in faggio nero con seduta in corda naturale, che accompagnano gli otto tavoli in rovere della sala da pranzo. Ogni sedia richiede, per essere realizzata, oltre 100 passaggi manuali, un simbolo del <em>savoir-faire<\/em> artigianale danese che si sposa con la palette materica del ristorante, composta da <strong>pietra naturale<\/strong>,<strong> lino<\/strong> e <strong>legno di rovere<\/strong>.<\/p>\n<p>La <strong>luce naturale<\/strong>, che filtra dalle ampie vetrate, gioca un ruolo chiave, mutando la percezione dell&#8217;ambiente durante il giorno e mettendo in risalto le venature dei materiali. Al calar della sera, l\u2019atmosfera si fa pi\u00f9 intima, concentrando l\u2019attenzione sui dettagli e sulle linee essenziali degli arredi.<\/p>\n<p>Con questo progetto, Carl Hansen &amp; S\u00f8n conferma dunque la sua capacit\u00e0 di creare un equilibrio naturale tra tradizione e sensibilit\u00e0 contemporanea, sostenendo l&#8217;esperienza culinaria con un design duraturo e discreto.<\/p>\n<p>&nbsp;<\/p>\n\t\t<div style=\"clear:both\"><\/div>\n\t\t<div class=\"psgal_wrap\">\n\t\t\t<div id=\"psgal_119155_1\" data-psgal_id=\"119155_1\" data-psgal_container_id=\"container_119155_1\" data-psgal_thumbnail_width=\"164\" data-psgal_use_masonary=\"1\" class=\"psgal-inline psgal gallery-columns-3 gallery-size-thumbnail use_masonry_1 show_captions_\" itemscope itemtype=\"http:\/\/schema.org\/ImageGallery\">\n\t\t\t\t\t\t\t\t\t\t<figure class=\"msnry_items\" itemscope itemtype=\"http:\/\/schema.org\/ImageObject\" style=\"width:164px;\">\n\t\t\t\t\t\t\t<a href=\"https:\/\/www.matrix4design.com\/wp-content\/uploads\/2026\/03\/CHS_Abba_Milano_PH_Eugenio_Marchesi_04.jpg\" itemprop=\"contentUrl\" data-size=\"1600x1600\" data-caption=\"\u00a9 Eugenio Marchesi\" style=\"height:154px;\">\n\t\t\t\t\t\t\t\t<img decoding=\"async\" class=\"msnry_thumb\" src=\"https:\/\/www.matrix4design.com\/wp-content\/uploads\/2026\/03\/CHS_Abba_Milano_PH_Eugenio_Marchesi_04-328x328.jpg\" itemprop=\"thumbnail\" alt=\"\" \/>\n\t\t\t\t\t\t\t<\/a>\n\t\t\t\t\t\t\t\t\t\t\t\t\t\t<figcaption class=\"photoswipe-gallery-caption\" style=\"display:none;\">\u00a9 Eugenio Marchesi<\/figcaption>\n\n\t\t\t\t\t\t<\/figure>\n\t\t\t\t\t\t\t\t\t\t<figure class=\"msnry_items\" itemscope itemtype=\"http:\/\/schema.org\/ImageObject\" style=\"width:164px;\">\n\t\t\t\t\t\t\t<a href=\"https:\/\/www.matrix4design.com\/wp-content\/uploads\/2026\/03\/CHS_Abba_Milano_PH_Eugenio_Marchesi_06.jpg\" itemprop=\"contentUrl\" data-size=\"1600x1067\" data-caption=\"\u00a9 Eugenio Marchesi\" style=\"height:102.82317073171px;\">\n\t\t\t\t\t\t\t\t<img decoding=\"async\" class=\"msnry_thumb\" src=\"https:\/\/www.matrix4design.com\/wp-content\/uploads\/2026\/03\/CHS_Abba_Milano_PH_Eugenio_Marchesi_06-328x219.jpg\" itemprop=\"thumbnail\" alt=\"\" \/>\n\t\t\t\t\t\t\t<\/a>\n\t\t\t\t\t\t\t\t\t\t\t\t\t\t<figcaption class=\"photoswipe-gallery-caption\" style=\"display:none;\">\u00a9 Eugenio Marchesi<\/figcaption>\n\n\t\t\t\t\t\t<\/figure>\n\t\t\t\t\t\t\t\t\t\t<figure class=\"msnry_items\" itemscope itemtype=\"http:\/\/schema.org\/ImageObject\" style=\"width:164px;\">\n\t\t\t\t\t\t\t<a href=\"https:\/\/www.matrix4design.com\/wp-content\/uploads\/2026\/03\/CHS_Abba_Milano_PH_Eugenio_Marchesi_07.jpg\" itemprop=\"contentUrl\" data-size=\"1600x1067\" data-caption=\"\u00a9 Eugenio Marchesi\" style=\"height:102.82317073171px;\">\n\t\t\t\t\t\t\t\t<img decoding=\"async\" class=\"msnry_thumb\" src=\"https:\/\/www.matrix4design.com\/wp-content\/uploads\/2026\/03\/CHS_Abba_Milano_PH_Eugenio_Marchesi_07-328x219.jpg\" itemprop=\"thumbnail\" alt=\"\" \/>\n\t\t\t\t\t\t\t<\/a>\n\t\t\t\t\t\t\t\t\t\t\t\t\t\t<figcaption class=\"photoswipe-gallery-caption\" style=\"display:none;\">\u00a9 Eugenio Marchesi<\/figcaption>\n\n\t\t\t\t\t\t<\/figure>\n\t\t\t\t\t\t\t\t\t\t<figure class=\"msnry_items\" itemscope itemtype=\"http:\/\/schema.org\/ImageObject\" style=\"width:164px;\">\n\t\t\t\t\t\t\t<a href=\"https:\/\/www.matrix4design.com\/wp-content\/uploads\/2026\/03\/CHS_Abba_Milano_PH_Eugenio_Marchesi_08.jpg\" itemprop=\"contentUrl\" data-size=\"1067x1600\" data-caption=\"\u00a9 Eugenio Marchesi\" style=\"height:230.64840182648px;\">\n\t\t\t\t\t\t\t\t<img decoding=\"async\" class=\"msnry_thumb\" src=\"https:\/\/www.matrix4design.com\/wp-content\/uploads\/2026\/03\/CHS_Abba_Milano_PH_Eugenio_Marchesi_08-219x328.jpg\" itemprop=\"thumbnail\" alt=\"\" \/>\n\t\t\t\t\t\t\t<\/a>\n\t\t\t\t\t\t\t\t\t\t\t\t\t\t<figcaption class=\"photoswipe-gallery-caption\" style=\"display:none;\">\u00a9 Eugenio Marchesi<\/figcaption>\n\n\t\t\t\t\t\t<\/figure>\n\t\t\t\t\t\t\t\t\t\t<figure class=\"msnry_items\" itemscope itemtype=\"http:\/\/schema.org\/ImageObject\" style=\"width:164px;\">\n\t\t\t\t\t\t\t<a href=\"https:\/\/www.matrix4design.com\/wp-content\/uploads\/2026\/03\/CHS_Abba_Milano_PH_Eugenio_Marchesi_09.jpg\" itemprop=\"contentUrl\" data-size=\"1600x1067\" data-caption=\"\u00a9 Eugenio Marchesi\" style=\"height:102.82317073171px;\">\n\t\t\t\t\t\t\t\t<img decoding=\"async\" class=\"msnry_thumb\" src=\"https:\/\/www.matrix4design.com\/wp-content\/uploads\/2026\/03\/CHS_Abba_Milano_PH_Eugenio_Marchesi_09-328x219.jpg\" itemprop=\"thumbnail\" alt=\"\" \/>\n\t\t\t\t\t\t\t<\/a>\n\t\t\t\t\t\t\t\t\t\t\t\t\t\t<figcaption class=\"photoswipe-gallery-caption\" style=\"display:none;\">\u00a9 Eugenio Marchesi<\/figcaption>\n\n\t\t\t\t\t\t<\/figure>\n\t\t\t\t\t\t\t\t\t\t<figure class=\"msnry_items\" itemscope itemtype=\"http:\/\/schema.org\/ImageObject\" style=\"width:164px;\">\n\t\t\t\t\t\t\t<a href=\"https:\/\/www.matrix4design.com\/wp-content\/uploads\/2026\/03\/CHS_Abba_Milano_PH_Eugenio_Marchesi_12.jpg\" itemprop=\"contentUrl\" data-size=\"1600x1067\" data-caption=\"\u00a9 Eugenio Marchesi\" style=\"height:102.82317073171px;\">\n\t\t\t\t\t\t\t\t<img decoding=\"async\" class=\"msnry_thumb\" src=\"https:\/\/www.matrix4design.com\/wp-content\/uploads\/2026\/03\/CHS_Abba_Milano_PH_Eugenio_Marchesi_12-328x219.jpg\" itemprop=\"thumbnail\" alt=\"\" \/>\n\t\t\t\t\t\t\t<\/a>\n\t\t\t\t\t\t\t\t\t\t\t\t\t\t<figcaption class=\"photoswipe-gallery-caption\" style=\"display:none;\">\u00a9 Eugenio Marchesi<\/figcaption>\n\n\t\t\t\t\t\t<\/figure>\n\t\t\t\t\t\t\t\t\t\t<figure class=\"msnry_items\" itemscope itemtype=\"http:\/\/schema.org\/ImageObject\" style=\"width:164px;\">\n\t\t\t\t\t\t\t<a href=\"https:\/\/www.matrix4design.com\/wp-content\/uploads\/2026\/03\/CHS_Abba_Milano_PH_Eugenio_Marchesi_13.jpg\" itemprop=\"contentUrl\" data-size=\"1067x1600\" data-caption=\"\u00a9 Eugenio Marchesi\" style=\"height:230.64840182648px;\">\n\t\t\t\t\t\t\t\t<img decoding=\"async\" class=\"msnry_thumb\" src=\"https:\/\/www.matrix4design.com\/wp-content\/uploads\/2026\/03\/CHS_Abba_Milano_PH_Eugenio_Marchesi_13-219x328.jpg\" itemprop=\"thumbnail\" alt=\"\" \/>\n\t\t\t\t\t\t\t<\/a>\n\t\t\t\t\t\t\t\t\t\t\t\t\t\t<figcaption class=\"photoswipe-gallery-caption\" style=\"display:none;\">\u00a9 Eugenio Marchesi<\/figcaption>\n\n\t\t\t\t\t\t<\/figure>\n\t\t\t\t\t\t\t\t\t\t<figure class=\"msnry_items\" itemscope itemtype=\"http:\/\/schema.org\/ImageObject\" style=\"width:164px;\">\n\t\t\t\t\t\t\t<a href=\"https:\/\/www.matrix4design.com\/wp-content\/uploads\/2026\/03\/CHS_Abba_Milano_PH_Eugenio_Marchesi_14.jpg\" itemprop=\"contentUrl\" data-size=\"1600x1067\" data-caption=\"\u00a9 Eugenio Marchesi\" style=\"height:102.82317073171px;\">\n\t\t\t\t\t\t\t\t<img decoding=\"async\" class=\"msnry_thumb\" src=\"https:\/\/www.matrix4design.com\/wp-content\/uploads\/2026\/03\/CHS_Abba_Milano_PH_Eugenio_Marchesi_14-328x219.jpg\" itemprop=\"thumbnail\" alt=\"\" \/>\n\t\t\t\t\t\t\t<\/a>\n\t\t\t\t\t\t\t\t\t\t\t\t\t\t<figcaption class=\"photoswipe-gallery-caption\" style=\"display:none;\">\u00a9 Eugenio Marchesi<\/figcaption>\n\n\t\t\t\t\t\t<\/figure>\n\t\t\t\t\t\t\t<\/div>\n\t\t<\/div>\n\t\t<div style='clear:both'><\/div>\n\n","protected":false},"excerpt":{"rendered":"<p>&nbsp; Nel cuore del Milano Certosa District, all\u2019interno di un ex pennellificio riqualificato in via Varesina 177, il ristorante Abba Milano celebra l\u2019incontro tra eccellenza gastronomica e design d\u2019autore. Guidato dallo chef e fondatore Fabio Abbattista e insignito della prestigiosa Stella Michelin nel novembre 2025, il locale propone un\u2019esperienza immersiva che affonda le radici nella [&hellip;]<\/p>\n","protected":false},"author":6,"featured_media":119156,"comment_status":"closed","ping_status":"closed","sticky":false,"template":"","format":"standard","meta":{"_acf_changed":false,"footnotes":""},"categories":[366,418,368],"tags":[],"class_list":{"0":"post-119155","1":"post","2":"type-post","3":"status-publish","4":"format-standard","5":"has-post-thumbnail","7":"category-design","8":"category-design-home","9":"category-featured"},"acf":[],"yoast_head":"<!-- This site is optimized with the Yoast SEO plugin v27.0 - https:\/\/yoast.com\/product\/yoast-seo-wordpress\/ -->\n<title>Carl Hansen &amp; S\u00f8n e Abba Milano: l\u2019essenzialit\u00e0 del design incontra l\u2019alta cucina stellata<\/title>\n<meta name=\"description\" content=\"Nel cuore del Milano Certosa District, all\u2019interno di un ex pennellificio riqualificato in via Varesina 177, il ristorante Abba Milano celebra l\u2019incontro tra eccellenza gastronomica e design d\u2019autore.\" \/>\n<meta name=\"robots\" content=\"index, follow, max-snippet:-1, max-image-preview:large, max-video-preview:-1\" \/>\n<link rel=\"canonical\" href=\"https:\/\/www.matrix4design.com\/it\/design\/carl-hansen-son-e-abba-milano-lessenzialita-del-design-incontra-lalta-cucina-stellata\/\" \/>\n<meta property=\"og:locale\" content=\"it_IT\" \/>\n<meta property=\"og:type\" content=\"article\" \/>\n<meta property=\"og:title\" content=\"Carl Hansen &amp; S\u00f8n e Abba Milano: l\u2019essenzialit\u00e0 del design incontra l\u2019alta cucina stellata\" \/>\n<meta property=\"og:description\" content=\"Nel cuore del Milano Certosa District, all\u2019interno di un ex pennellificio riqualificato in via Varesina 177, il ristorante Abba Milano celebra l\u2019incontro tra eccellenza gastronomica e design d\u2019autore.\" \/>\n<meta property=\"og:url\" content=\"https:\/\/www.matrix4design.com\/it\/design\/carl-hansen-son-e-abba-milano-lessenzialita-del-design-incontra-lalta-cucina-stellata\/\" \/>\n<meta property=\"og:site_name\" content=\"Matrix4Design\" \/>\n<meta property=\"article:publisher\" content=\"https:\/\/www.facebook.com\/matrix4designmagazine\/\" \/>\n<meta property=\"article:published_time\" content=\"2026-03-09T07:00:52+00:00\" \/>\n<meta property=\"og:image\" content=\"https:\/\/www.matrix4design.com\/wp-content\/uploads\/2026\/03\/CHS_Abba_Milano_PH_Eugenio_Marchesi_11.jpg\" \/>\n\t<meta property=\"og:image:width\" content=\"1600\" \/>\n\t<meta property=\"og:image:height\" content=\"1066\" \/>\n\t<meta property=\"og:image:type\" content=\"image\/jpeg\" \/>\n<meta name=\"author\" content=\"Redazione\" \/>\n<meta name=\"twitter:card\" content=\"summary_large_image\" \/>\n<meta name=\"twitter:label1\" content=\"Scritto da\" \/>\n\t<meta name=\"twitter:data1\" content=\"Redazione\" \/>\n\t<meta name=\"twitter:label2\" content=\"Tempo di lettura stimato\" \/>\n\t<meta name=\"twitter:data2\" content=\"2 minuti\" \/>\n<script type=\"application\/ld+json\" class=\"yoast-schema-graph\">{\"@context\":\"https:\/\/schema.org\",\"@graph\":[{\"@type\":\"Article\",\"@id\":\"https:\/\/www.matrix4design.com\/it\/design\/carl-hansen-son-e-abba-milano-lessenzialita-del-design-incontra-lalta-cucina-stellata\/#article\",\"isPartOf\":{\"@id\":\"https:\/\/www.matrix4design.com\/it\/design\/carl-hansen-son-e-abba-milano-lessenzialita-del-design-incontra-lalta-cucina-stellata\/\"},\"author\":{\"name\":\"Redazione\",\"@id\":\"https:\/\/www.matrix4design.com\/it\/#\/schema\/person\/b2b6dd48f9d6892ca224742379951fa1\"},\"headline\":\"Carl Hansen &#038; S\u00f8n e Abba Milano: l\u2019essenzialit\u00e0 del design incontra l\u2019alta cucina stellata\",\"datePublished\":\"2026-03-09T07:00:52+00:00\",\"mainEntityOfPage\":{\"@id\":\"https:\/\/www.matrix4design.com\/it\/design\/carl-hansen-son-e-abba-milano-lessenzialita-del-design-incontra-lalta-cucina-stellata\/\"},\"wordCount\":308,\"publisher\":{\"@id\":\"https:\/\/www.matrix4design.com\/it\/#organization\"},\"image\":{\"@id\":\"https:\/\/www.matrix4design.com\/it\/design\/carl-hansen-son-e-abba-milano-lessenzialita-del-design-incontra-lalta-cucina-stellata\/#primaryimage\"},\"thumbnailUrl\":\"https:\/\/www.matrix4design.com\/wp-content\/uploads\/2026\/03\/CHS_Abba_Milano_PH_Eugenio_Marchesi_11.jpg\",\"articleSection\":[\"Design\",\"Design home\",\"Featured\"],\"inLanguage\":\"it-IT\"},{\"@type\":\"WebPage\",\"@id\":\"https:\/\/www.matrix4design.com\/it\/design\/carl-hansen-son-e-abba-milano-lessenzialita-del-design-incontra-lalta-cucina-stellata\/\",\"url\":\"https:\/\/www.matrix4design.com\/it\/design\/carl-hansen-son-e-abba-milano-lessenzialita-del-design-incontra-lalta-cucina-stellata\/\",\"name\":\"Carl Hansen & S\u00f8n e Abba Milano: l\u2019essenzialit\u00e0 del design incontra l\u2019alta cucina stellata\",\"isPartOf\":{\"@id\":\"https:\/\/www.matrix4design.com\/it\/#website\"},\"primaryImageOfPage\":{\"@id\":\"https:\/\/www.matrix4design.com\/it\/design\/carl-hansen-son-e-abba-milano-lessenzialita-del-design-incontra-lalta-cucina-stellata\/#primaryimage\"},\"image\":{\"@id\":\"https:\/\/www.matrix4design.com\/it\/design\/carl-hansen-son-e-abba-milano-lessenzialita-del-design-incontra-lalta-cucina-stellata\/#primaryimage\"},\"thumbnailUrl\":\"https:\/\/www.matrix4design.com\/wp-content\/uploads\/2026\/03\/CHS_Abba_Milano_PH_Eugenio_Marchesi_11.jpg\",\"datePublished\":\"2026-03-09T07:00:52+00:00\",\"description\":\"Nel cuore del Milano Certosa District, all\u2019interno di un ex pennellificio riqualificato in via Varesina 177, il ristorante Abba Milano celebra l\u2019incontro tra eccellenza gastronomica e design d\u2019autore.\",\"breadcrumb\":{\"@id\":\"https:\/\/www.matrix4design.com\/it\/design\/carl-hansen-son-e-abba-milano-lessenzialita-del-design-incontra-lalta-cucina-stellata\/#breadcrumb\"},\"inLanguage\":\"it-IT\",\"potentialAction\":[{\"@type\":\"ReadAction\",\"target\":[\"https:\/\/www.matrix4design.com\/it\/design\/carl-hansen-son-e-abba-milano-lessenzialita-del-design-incontra-lalta-cucina-stellata\/\"]}]},{\"@type\":\"ImageObject\",\"inLanguage\":\"it-IT\",\"@id\":\"https:\/\/www.matrix4design.com\/it\/design\/carl-hansen-son-e-abba-milano-lessenzialita-del-design-incontra-lalta-cucina-stellata\/#primaryimage\",\"url\":\"https:\/\/www.matrix4design.com\/wp-content\/uploads\/2026\/03\/CHS_Abba_Milano_PH_Eugenio_Marchesi_11.jpg\",\"contentUrl\":\"https:\/\/www.matrix4design.com\/wp-content\/uploads\/2026\/03\/CHS_Abba_Milano_PH_Eugenio_Marchesi_11.jpg\",\"width\":1600,\"height\":1066},{\"@type\":\"BreadcrumbList\",\"@id\":\"https:\/\/www.matrix4design.com\/it\/design\/carl-hansen-son-e-abba-milano-lessenzialita-del-design-incontra-lalta-cucina-stellata\/#breadcrumb\",\"itemListElement\":[{\"@type\":\"ListItem\",\"position\":1,\"name\":\"Home\",\"item\":\"https:\/\/www.matrix4design.com\/it\/\"},{\"@type\":\"ListItem\",\"position\":2,\"name\":\"Carl Hansen &#038; S\u00f8n e Abba Milano: l\u2019essenzialit\u00e0 del design incontra l\u2019alta cucina stellata\"}]},{\"@type\":\"WebSite\",\"@id\":\"https:\/\/www.matrix4design.com\/it\/#website\",\"url\":\"https:\/\/www.matrix4design.com\/it\/\",\"name\":\"Matrix4Design\",\"description\":\"Digital architecture and design b2b magazine\",\"publisher\":{\"@id\":\"https:\/\/www.matrix4design.com\/it\/#organization\"},\"potentialAction\":[{\"@type\":\"SearchAction\",\"target\":{\"@type\":\"EntryPoint\",\"urlTemplate\":\"https:\/\/www.matrix4design.com\/it\/?s={search_term_string}\"},\"query-input\":{\"@type\":\"PropertyValueSpecification\",\"valueRequired\":true,\"valueName\":\"search_term_string\"}}],\"inLanguage\":\"it-IT\"},{\"@type\":\"Organization\",\"@id\":\"https:\/\/www.matrix4design.com\/it\/#organization\",\"name\":\"Matrix4Design\",\"url\":\"https:\/\/www.matrix4design.com\/it\/\",\"logo\":{\"@type\":\"ImageObject\",\"inLanguage\":\"it-IT\",\"@id\":\"https:\/\/www.matrix4design.com\/it\/#\/schema\/logo\/image\/\",\"url\":\"https:\/\/www.matrix4design.com\/wp-content\/uploads\/2020\/04\/logo_matrix4design.png\",\"contentUrl\":\"https:\/\/www.matrix4design.com\/wp-content\/uploads\/2020\/04\/logo_matrix4design.png\",\"width\":804,\"height\":114,\"caption\":\"Matrix4Design\"},\"image\":{\"@id\":\"https:\/\/www.matrix4design.com\/it\/#\/schema\/logo\/image\/\"},\"sameAs\":[\"https:\/\/www.facebook.com\/matrix4designmagazine\/\",\"https:\/\/www.instagram.com\/matrix4designmagazine\/\",\"https:\/\/www.youtube.com\/channel\/UCtuhSSrP3MOO_URZgv8mQ1A\"]},{\"@type\":\"Person\",\"@id\":\"https:\/\/www.matrix4design.com\/it\/#\/schema\/person\/b2b6dd48f9d6892ca224742379951fa1\",\"name\":\"Redazione\",\"image\":{\"@type\":\"ImageObject\",\"inLanguage\":\"it-IT\",\"@id\":\"https:\/\/www.matrix4design.com\/it\/#\/schema\/person\/image\/\",\"url\":\"https:\/\/www.matrix4design.com\/wp-content\/uploads\/2023\/01\/logo_M4D_2023-96x96.jpg\",\"contentUrl\":\"https:\/\/www.matrix4design.com\/wp-content\/uploads\/2023\/01\/logo_M4D_2023-96x96.jpg\",\"caption\":\"Redazione\"},\"url\":\"https:\/\/www.matrix4design.com\/it\/author\/redazione\/\"}]}<\/script>\n<!-- \/ Yoast SEO plugin. -->","yoast_head_json":{"title":"Carl Hansen & S\u00f8n e Abba Milano: l\u2019essenzialit\u00e0 del design incontra l\u2019alta cucina stellata","description":"Nel cuore del Milano Certosa District, all\u2019interno di un ex pennellificio riqualificato in via Varesina 177, il ristorante Abba Milano celebra l\u2019incontro tra eccellenza gastronomica e design d\u2019autore.","robots":{"index":"index","follow":"follow","max-snippet":"max-snippet:-1","max-image-preview":"max-image-preview:large","max-video-preview":"max-video-preview:-1"},"canonical":"https:\/\/www.matrix4design.com\/it\/design\/carl-hansen-son-e-abba-milano-lessenzialita-del-design-incontra-lalta-cucina-stellata\/","og_locale":"it_IT","og_type":"article","og_title":"Carl Hansen & S\u00f8n e Abba Milano: l\u2019essenzialit\u00e0 del design incontra l\u2019alta cucina stellata","og_description":"Nel cuore del Milano Certosa District, all\u2019interno di un ex pennellificio riqualificato in via Varesina 177, il ristorante Abba Milano celebra l\u2019incontro tra eccellenza gastronomica e design d\u2019autore.","og_url":"https:\/\/www.matrix4design.com\/it\/design\/carl-hansen-son-e-abba-milano-lessenzialita-del-design-incontra-lalta-cucina-stellata\/","og_site_name":"Matrix4Design","article_publisher":"https:\/\/www.facebook.com\/matrix4designmagazine\/","article_published_time":"2026-03-09T07:00:52+00:00","og_image":[{"width":1600,"height":1066,"url":"https:\/\/www.matrix4design.com\/wp-content\/uploads\/2026\/03\/CHS_Abba_Milano_PH_Eugenio_Marchesi_11.jpg","type":"image\/jpeg"}],"author":"Redazione","twitter_card":"summary_large_image","twitter_misc":{"Scritto da":"Redazione","Tempo di lettura stimato":"2 minuti"},"schema":{"@context":"https:\/\/schema.org","@graph":[{"@type":"Article","@id":"https:\/\/www.matrix4design.com\/it\/design\/carl-hansen-son-e-abba-milano-lessenzialita-del-design-incontra-lalta-cucina-stellata\/#article","isPartOf":{"@id":"https:\/\/www.matrix4design.com\/it\/design\/carl-hansen-son-e-abba-milano-lessenzialita-del-design-incontra-lalta-cucina-stellata\/"},"author":{"name":"Redazione","@id":"https:\/\/www.matrix4design.com\/it\/#\/schema\/person\/b2b6dd48f9d6892ca224742379951fa1"},"headline":"Carl Hansen &#038; S\u00f8n e Abba Milano: l\u2019essenzialit\u00e0 del design incontra l\u2019alta cucina stellata","datePublished":"2026-03-09T07:00:52+00:00","mainEntityOfPage":{"@id":"https:\/\/www.matrix4design.com\/it\/design\/carl-hansen-son-e-abba-milano-lessenzialita-del-design-incontra-lalta-cucina-stellata\/"},"wordCount":308,"publisher":{"@id":"https:\/\/www.matrix4design.com\/it\/#organization"},"image":{"@id":"https:\/\/www.matrix4design.com\/it\/design\/carl-hansen-son-e-abba-milano-lessenzialita-del-design-incontra-lalta-cucina-stellata\/#primaryimage"},"thumbnailUrl":"https:\/\/www.matrix4design.com\/wp-content\/uploads\/2026\/03\/CHS_Abba_Milano_PH_Eugenio_Marchesi_11.jpg","articleSection":["Design","Design home","Featured"],"inLanguage":"it-IT"},{"@type":"WebPage","@id":"https:\/\/www.matrix4design.com\/it\/design\/carl-hansen-son-e-abba-milano-lessenzialita-del-design-incontra-lalta-cucina-stellata\/","url":"https:\/\/www.matrix4design.com\/it\/design\/carl-hansen-son-e-abba-milano-lessenzialita-del-design-incontra-lalta-cucina-stellata\/","name":"Carl Hansen & S\u00f8n e Abba Milano: l\u2019essenzialit\u00e0 del design incontra l\u2019alta cucina stellata","isPartOf":{"@id":"https:\/\/www.matrix4design.com\/it\/#website"},"primaryImageOfPage":{"@id":"https:\/\/www.matrix4design.com\/it\/design\/carl-hansen-son-e-abba-milano-lessenzialita-del-design-incontra-lalta-cucina-stellata\/#primaryimage"},"image":{"@id":"https:\/\/www.matrix4design.com\/it\/design\/carl-hansen-son-e-abba-milano-lessenzialita-del-design-incontra-lalta-cucina-stellata\/#primaryimage"},"thumbnailUrl":"https:\/\/www.matrix4design.com\/wp-content\/uploads\/2026\/03\/CHS_Abba_Milano_PH_Eugenio_Marchesi_11.jpg","datePublished":"2026-03-09T07:00:52+00:00","description":"Nel cuore del Milano Certosa District, all\u2019interno di un ex pennellificio riqualificato in via Varesina 177, il ristorante Abba Milano celebra l\u2019incontro tra eccellenza gastronomica e design d\u2019autore.","breadcrumb":{"@id":"https:\/\/www.matrix4design.com\/it\/design\/carl-hansen-son-e-abba-milano-lessenzialita-del-design-incontra-lalta-cucina-stellata\/#breadcrumb"},"inLanguage":"it-IT","potentialAction":[{"@type":"ReadAction","target":["https:\/\/www.matrix4design.com\/it\/design\/carl-hansen-son-e-abba-milano-lessenzialita-del-design-incontra-lalta-cucina-stellata\/"]}]},{"@type":"ImageObject","inLanguage":"it-IT","@id":"https:\/\/www.matrix4design.com\/it\/design\/carl-hansen-son-e-abba-milano-lessenzialita-del-design-incontra-lalta-cucina-stellata\/#primaryimage","url":"https:\/\/www.matrix4design.com\/wp-content\/uploads\/2026\/03\/CHS_Abba_Milano_PH_Eugenio_Marchesi_11.jpg","contentUrl":"https:\/\/www.matrix4design.com\/wp-content\/uploads\/2026\/03\/CHS_Abba_Milano_PH_Eugenio_Marchesi_11.jpg","width":1600,"height":1066},{"@type":"BreadcrumbList","@id":"https:\/\/www.matrix4design.com\/it\/design\/carl-hansen-son-e-abba-milano-lessenzialita-del-design-incontra-lalta-cucina-stellata\/#breadcrumb","itemListElement":[{"@type":"ListItem","position":1,"name":"Home","item":"https:\/\/www.matrix4design.com\/it\/"},{"@type":"ListItem","position":2,"name":"Carl Hansen &#038; S\u00f8n e Abba Milano: l\u2019essenzialit\u00e0 del design incontra l\u2019alta cucina stellata"}]},{"@type":"WebSite","@id":"https:\/\/www.matrix4design.com\/it\/#website","url":"https:\/\/www.matrix4design.com\/it\/","name":"Matrix4Design","description":"Digital architecture and design b2b magazine","publisher":{"@id":"https:\/\/www.matrix4design.com\/it\/#organization"},"potentialAction":[{"@type":"SearchAction","target":{"@type":"EntryPoint","urlTemplate":"https:\/\/www.matrix4design.com\/it\/?s={search_term_string}"},"query-input":{"@type":"PropertyValueSpecification","valueRequired":true,"valueName":"search_term_string"}}],"inLanguage":"it-IT"},{"@type":"Organization","@id":"https:\/\/www.matrix4design.com\/it\/#organization","name":"Matrix4Design","url":"https:\/\/www.matrix4design.com\/it\/","logo":{"@type":"ImageObject","inLanguage":"it-IT","@id":"https:\/\/www.matrix4design.com\/it\/#\/schema\/logo\/image\/","url":"https:\/\/www.matrix4design.com\/wp-content\/uploads\/2020\/04\/logo_matrix4design.png","contentUrl":"https:\/\/www.matrix4design.com\/wp-content\/uploads\/2020\/04\/logo_matrix4design.png","width":804,"height":114,"caption":"Matrix4Design"},"image":{"@id":"https:\/\/www.matrix4design.com\/it\/#\/schema\/logo\/image\/"},"sameAs":["https:\/\/www.facebook.com\/matrix4designmagazine\/","https:\/\/www.instagram.com\/matrix4designmagazine\/","https:\/\/www.youtube.com\/channel\/UCtuhSSrP3MOO_URZgv8mQ1A"]},{"@type":"Person","@id":"https:\/\/www.matrix4design.com\/it\/#\/schema\/person\/b2b6dd48f9d6892ca224742379951fa1","name":"Redazione","image":{"@type":"ImageObject","inLanguage":"it-IT","@id":"https:\/\/www.matrix4design.com\/it\/#\/schema\/person\/image\/","url":"https:\/\/www.matrix4design.com\/wp-content\/uploads\/2023\/01\/logo_M4D_2023-96x96.jpg","contentUrl":"https:\/\/www.matrix4design.com\/wp-content\/uploads\/2023\/01\/logo_M4D_2023-96x96.jpg","caption":"Redazione"},"url":"https:\/\/www.matrix4design.com\/it\/author\/redazione\/"}]}},"_links":{"self":[{"href":"https:\/\/www.matrix4design.com\/it\/wp-json\/wp\/v2\/posts\/119155","targetHints":{"allow":["GET"]}}],"collection":[{"href":"https:\/\/www.matrix4design.com\/it\/wp-json\/wp\/v2\/posts"}],"about":[{"href":"https:\/\/www.matrix4design.com\/it\/wp-json\/wp\/v2\/types\/post"}],"author":[{"embeddable":true,"href":"https:\/\/www.matrix4design.com\/it\/wp-json\/wp\/v2\/users\/6"}],"replies":[{"embeddable":true,"href":"https:\/\/www.matrix4design.com\/it\/wp-json\/wp\/v2\/comments?post=119155"}],"version-history":[{"count":1,"href":"https:\/\/www.matrix4design.com\/it\/wp-json\/wp\/v2\/posts\/119155\/revisions"}],"predecessor-version":[{"id":119166,"href":"https:\/\/www.matrix4design.com\/it\/wp-json\/wp\/v2\/posts\/119155\/revisions\/119166"}],"wp:featuredmedia":[{"embeddable":true,"href":"https:\/\/www.matrix4design.com\/it\/wp-json\/wp\/v2\/media\/119156"}],"wp:attachment":[{"href":"https:\/\/www.matrix4design.com\/it\/wp-json\/wp\/v2\/media?parent=119155"}],"wp:term":[{"taxonomy":"category","embeddable":true,"href":"https:\/\/www.matrix4design.com\/it\/wp-json\/wp\/v2\/categories?post=119155"},{"taxonomy":"post_tag","embeddable":true,"href":"https:\/\/www.matrix4design.com\/it\/wp-json\/wp\/v2\/tags?post=119155"}],"curies":[{"name":"wp","href":"https:\/\/api.w.org\/{rel}","templated":true}]}}