{"id":119272,"date":"2026-03-12T11:00:18","date_gmt":"2026-03-12T10:00:18","guid":{"rendered":"https:\/\/www.matrix4design.com\/?p=119272"},"modified":"2026-03-12T11:32:41","modified_gmt":"2026-03-12T10:32:41","slug":"milano-torna-capitale-del-design-al-fuorisalone-2026-trionfa-lessenza-del-progetto","status":"publish","type":"post","link":"https:\/\/www.matrix4design.com\/it\/design\/milano-torna-capitale-del-design-al-fuorisalone-2026-trionfa-lessenza-del-progetto\/","title":{"rendered":"Milano torna capitale del design: al Fuorisalone 2026 trionfa l\u2019essenza del progetto"},"content":{"rendered":"<p>&nbsp;<\/p>\n<p><strong>Dal 20 al 26 aprile 2026<\/strong>, Milano si riconferma l&#8217;epicentro della creativit\u00e0 globale con una nuova edizione del <strong>Fuorisalone<\/strong>. In concomitanza con il <a href=\"https:\/\/www.matrix4design.com\/it\/design\/salone-del-mobile-milano-2026-innovazione-collectible-design-e-il-futuro-del-contract\/\" target=\"_blank\" rel=\"noopener\">Salone del Mobile<\/a>, la Design Week milanese presenta un palinsesto articolato di mostre e installazioni che quest&#8217;anno mettono al centro il design come pratica viva e processo in continua evoluzione.<\/p>\n<p>Il tema scelto per questa edizione \u00e8 \u201c<strong>Essere Progetto<\/strong>\u201d, un invito a riscoprire l\u2019atto creativo come un percorso dinamico, umano e coraggiosamente imperfetto, dove l\u2019individuo torna a essere il fulcro del cambiamento. Questa riflessione sposta lo <strong>sguardo dall&#8217;oggetto finito al valore del processo che lo genera<\/strong>, includendo l&#8217;ascolto, la trasformazione e persino l&#8217;errore come elementi fondamentali della ricerca. In questo scenario, il <strong>design diventa anche un terreno di confronto con le nuove intelligenze artificiali<\/strong>, intese non come sostituti dell\u2019uomo ma come un&#8217;alterit\u00e0 con cui instaurare un dialogo ibrido capace di generare forme di creativit\u00e0 inedite.<\/p>\n<p><em>\u201cIl progetto non \u00e8 un oggetto, ma una condizione, con Essere Progetto vogliamo spostare lo sguardo dal risultato al processo. Il tema prende forma grazie a una serie di dialoghi con designer, architetti e ricercatori che raccontano il progetto come una pratica fatta di tentativi, errori, intuizioni e relazioni. Ne emerge un\u2019idea di design profondamente umana: non solo produzione di forme, ma un modo di pensare e interpretare il mondo. In questa prospettiva il Fuorisalone diventa uno spazio di confronto aperto, dove il progetto prende forma nella relazione e attraverso il dialogo tra persone, tecnologie e culture diverse\u201d<\/em>, dichiara <strong>Paolo Casati<\/strong>, Co-founder e Creative Director di Studiolabo.<\/p>\n<p><img loading=\"lazy\" decoding=\"async\" class=\"aligncenter wp-image-119276 size-full\" src=\"https:\/\/www.matrix4design.com\/wp-content\/uploads\/2026\/03\/FS_EssereProgetto_Visual-01-landscape-IT.jpg\" alt=\"\" width=\"1680\" height=\"1200\" srcset=\"https:\/\/www.matrix4design.com\/wp-content\/uploads\/2026\/03\/FS_EssereProgetto_Visual-01-landscape-IT.jpg 1680w, https:\/\/www.matrix4design.com\/wp-content\/uploads\/2026\/03\/FS_EssereProgetto_Visual-01-landscape-IT-300x214.jpg 300w, https:\/\/www.matrix4design.com\/wp-content\/uploads\/2026\/03\/FS_EssereProgetto_Visual-01-landscape-IT-1024x731.jpg 1024w, https:\/\/www.matrix4design.com\/wp-content\/uploads\/2026\/03\/FS_EssereProgetto_Visual-01-landscape-IT-768x549.jpg 768w, https:\/\/www.matrix4design.com\/wp-content\/uploads\/2026\/03\/FS_EssereProgetto_Visual-01-landscape-IT-1536x1097.jpg 1536w, https:\/\/www.matrix4design.com\/wp-content\/uploads\/2026\/03\/FS_EssereProgetto_Visual-01-landscape-IT-150x107.jpg 150w, https:\/\/www.matrix4design.com\/wp-content\/uploads\/2026\/03\/FS_EssereProgetto_Visual-01-landscape-IT-696x497.jpg 696w, https:\/\/www.matrix4design.com\/wp-content\/uploads\/2026\/03\/FS_EssereProgetto_Visual-01-landscape-IT-1068x763.jpg 1068w, https:\/\/www.matrix4design.com\/wp-content\/uploads\/2026\/03\/FS_EssereProgetto_Visual-01-landscape-IT-328x234.jpg 328w\" sizes=\"auto, (max-width: 1680px) 100vw, 1680px\" \/><\/p>\n<h2>Le novit\u00e0 e le conferme del Fuorisalone 2026<\/h2>\n<p>Tra le grandi novit\u00e0 digitali debutta il <strong>Fuorisalone Passport<\/strong>, una piattaforma che tramite un QR Code personale semplificher\u00e0 l&#8217;accesso agli eventi, partendo dal distretto di Brera.<\/p>\n<p>Dall&#8217;incontro tra Milano e il Giappone nasce poi <strong>Osaka Design Week <\/strong>e<strong> Osaka Fuorisalone<\/strong>. Il progetto, parte del 45\u00b0 anniversario del gemellaggio tra le due citt\u00e0, ha lo scopo di valorizzare Osaka come cuore del design giapponese e del saper fare, promuovendo il meglio della produzione locale e attivando un dialogo strutturato con il design internazionale. Accanto alla valorizzazione del design giapponese, il format prevede una selezione dedicata al design e all\u2019artigianato italiano, pensata come piattaforma culturale e commerciale capace di generare nuove opportunit\u00e0 di incontro e distribuzione sul mercato giapponese. Osaka Design Week si terr\u00e0 a Osaka dal 23 settembre al 4 ottobre 2026, con un palinsesto di mostre, eventi e iniziative dedicate al pubblico e ai professionisti del settore presenti nel programma di Osaka Fuorisalone.<\/p>\n<p>La settimana sar\u00e0 poi arricchita come sempre da collaborazioni strategiche come quella con <strong>miart<\/strong>, che per la sua trentesima edizione propone itinerari cittadini ispirati al metodo jazz della trasformazione e dell&#8217;improvvisazione, e il progetto <strong>MiTo Design Connections<\/strong>, che consolida il ponte tra Torino e Milano offrendo soluzioni ricettive e percorsi tematici.<\/p>\n<p>Anche il racconto visivo si evolve con il ritorno degli <strong>e.Reporter<\/strong>, che grazie alla partnership con il magazine C41 esploreranno il tema &#8220;Progettare \u00e8 Osservare&#8221;, focalizzandosi sui dettagli spesso trascurati del tessuto urbano. Infine, la quinta edizione del <strong>Fuorisalone Award<\/strong> celebrer\u00e0 i contenuti e gli allestimenti pi\u00f9 memorabili, introducendo quest&#8217;anno la menzione speciale &#8220;Essere Progetto&#8221; per premiare chi sapr\u00e0 valorizzare il metodo e la ricerca oltre la forma.<\/p>\n<p><img loading=\"lazy\" decoding=\"async\" class=\"aligncenter wp-image-119273 size-full\" src=\"https:\/\/www.matrix4design.com\/wp-content\/uploads\/2026\/03\/Maccapani-The-luxury-Collection_Casa-Brera-Living-external-terrace_second-floor2_hi-res-copia-scaled.jpg\" alt=\"\" width=\"2560\" height=\"1920\" srcset=\"https:\/\/www.matrix4design.com\/wp-content\/uploads\/2026\/03\/Maccapani-The-luxury-Collection_Casa-Brera-Living-external-terrace_second-floor2_hi-res-copia-scaled.jpg 2560w, https:\/\/www.matrix4design.com\/wp-content\/uploads\/2026\/03\/Maccapani-The-luxury-Collection_Casa-Brera-Living-external-terrace_second-floor2_hi-res-copia-300x225.jpg 300w, https:\/\/www.matrix4design.com\/wp-content\/uploads\/2026\/03\/Maccapani-The-luxury-Collection_Casa-Brera-Living-external-terrace_second-floor2_hi-res-copia-1024x768.jpg 1024w, https:\/\/www.matrix4design.com\/wp-content\/uploads\/2026\/03\/Maccapani-The-luxury-Collection_Casa-Brera-Living-external-terrace_second-floor2_hi-res-copia-768x576.jpg 768w, https:\/\/www.matrix4design.com\/wp-content\/uploads\/2026\/03\/Maccapani-The-luxury-Collection_Casa-Brera-Living-external-terrace_second-floor2_hi-res-copia-1536x1152.jpg 1536w, https:\/\/www.matrix4design.com\/wp-content\/uploads\/2026\/03\/Maccapani-The-luxury-Collection_Casa-Brera-Living-external-terrace_second-floor2_hi-res-copia-2048x1536.jpg 2048w, https:\/\/www.matrix4design.com\/wp-content\/uploads\/2026\/03\/Maccapani-The-luxury-Collection_Casa-Brera-Living-external-terrace_second-floor2_hi-res-copia-150x113.jpg 150w, https:\/\/www.matrix4design.com\/wp-content\/uploads\/2026\/03\/Maccapani-The-luxury-Collection_Casa-Brera-Living-external-terrace_second-floor2_hi-res-copia-696x522.jpg 696w, https:\/\/www.matrix4design.com\/wp-content\/uploads\/2026\/03\/Maccapani-The-luxury-Collection_Casa-Brera-Living-external-terrace_second-floor2_hi-res-copia-1068x801.jpg 1068w, https:\/\/www.matrix4design.com\/wp-content\/uploads\/2026\/03\/Maccapani-The-luxury-Collection_Casa-Brera-Living-external-terrace_second-floor2_hi-res-copia-1920x1440.jpg 1920w, https:\/\/www.matrix4design.com\/wp-content\/uploads\/2026\/03\/Maccapani-The-luxury-Collection_Casa-Brera-Living-external-terrace_second-floor2_hi-res-copia-328x246.jpg 328w, https:\/\/www.matrix4design.com\/wp-content\/uploads\/2026\/03\/Maccapani-The-luxury-Collection_Casa-Brera-Living-external-terrace_second-floor2_hi-res-copia-265x198.jpg 265w, https:\/\/www.matrix4design.com\/wp-content\/uploads\/2026\/03\/Maccapani-The-luxury-Collection_Casa-Brera-Living-external-terrace_second-floor2_hi-res-copia-1800x1350.jpg 1800w\" sizes=\"auto, (max-width: 2560px) 100vw, 2560px\" \/><\/p>\n<h2>Installazioni e progetti 2026<\/h2>\n<p>Il cuore dell\u2019evento si manifesta attraverso progetti di grande respiro che occupano luoghi inediti e simbolici. Uno degli appuntamenti pi\u00f9 attesi \u00e8 il ritorno di <strong>Alcova<\/strong>, che per la sua undicesima edizione raddoppia la propria presenza aprendo gli spazi dell&#8217;ex Ospedale Militare di Baggio e la storica Villa Pestarini di Franco Albini, creando un dialogo profondo tra conservazione e reinvenzione. Parallelamente, <strong>IKEA<\/strong> presenta presso lo Spazio Maiocchi \u201cFood For Thought\u201d, un\u2019esperienza immersiva che reinterpreta la tradizionale saluhall svedese per esplorare i rituali del cibo e della convivialit\u00e0 attraverso il design democratico.<\/p>\n<p>L&#8217;eccellenza dell&#8217;alto artigianato italiano trova invece casa a <strong>Palazzo Donizetti<\/strong> con la quarta edizione de L&#8217;Appartamento di Artemest, dove cinque studi internazionali celebrano l&#8217;Italian Grandeur con pezzi realizzati a mano.<\/p>\n<p>Anche <strong>Nilufar<\/strong> raddoppia il suo impegno: se al Depot va in scena il Nilufar Grand Hotel, un\u2019indagine sull&#8217;ospitalit\u00e0 attraverso il design da collezione, nella sede di via della Spiga la mostra \u201cLa Casa Magica\u201d esplora la dimensione rituale dell&#8217;abitare.<\/p>\n<p>La celebrazione delle eccellenze prosegue con <strong>Rimadesio<\/strong>, che festeggia il 70\u00b0 anniversario con il progetto &#8220;BECOMING&#8221; tra Palazzo Isimbardi e il nuovo Campus a Giussano. La mappa si espande con <strong>Superstudio Design<\/strong>, che propone tre diverse visioni tra SuperNova, SuperCity e SuperPlayground, mentre <strong>Tortona Rocks<\/strong> riflette sul cambiamento con esperienze che spaziano dall&#8217;automotive di Italdesign alla sperimentazione tecnologica di Swatch e IQOS.<\/p>\n<p>Anche la <strong>Torre Velasca<\/strong> si conferma polo culturale ospitando sia il format Convey, con un intero edificio dedicato a oltre 20 brand internazionali e networking, sia la mostra della Visteria Foundation dedicata al modernismo polacco.<\/p>\n<p>Infine, mentre il quartiere di <strong>Portanuova<\/strong> si trasforma con il progetto \u201cBlooming Imperfections\u201d dedicato alla vulnerabilit\u00e0 delle relazioni umane, <strong>Zona Sarpi<\/strong> si propone come hub glocal mettendo in dialogo la creativit\u00e0 milanese con quella asiatica sotto il tema &#8220;Shared Vision&#8221;.<\/p>\n<p><img loading=\"lazy\" decoding=\"async\" class=\"aligncenter wp-image-119275 size-full\" src=\"https:\/\/www.matrix4design.com\/wp-content\/uploads\/2026\/03\/ALCOVA_Inganni_12-scaled.jpg\" alt=\"\" width=\"2560\" height=\"1707\" srcset=\"https:\/\/www.matrix4design.com\/wp-content\/uploads\/2026\/03\/ALCOVA_Inganni_12-scaled.jpg 2560w, https:\/\/www.matrix4design.com\/wp-content\/uploads\/2026\/03\/ALCOVA_Inganni_12-300x200.jpg 300w, https:\/\/www.matrix4design.com\/wp-content\/uploads\/2026\/03\/ALCOVA_Inganni_12-1024x683.jpg 1024w, https:\/\/www.matrix4design.com\/wp-content\/uploads\/2026\/03\/ALCOVA_Inganni_12-768x512.jpg 768w, https:\/\/www.matrix4design.com\/wp-content\/uploads\/2026\/03\/ALCOVA_Inganni_12-1536x1024.jpg 1536w, https:\/\/www.matrix4design.com\/wp-content\/uploads\/2026\/03\/ALCOVA_Inganni_12-2048x1365.jpg 2048w, https:\/\/www.matrix4design.com\/wp-content\/uploads\/2026\/03\/ALCOVA_Inganni_12-150x100.jpg 150w, https:\/\/www.matrix4design.com\/wp-content\/uploads\/2026\/03\/ALCOVA_Inganni_12-696x464.jpg 696w, https:\/\/www.matrix4design.com\/wp-content\/uploads\/2026\/03\/ALCOVA_Inganni_12-1068x712.jpg 1068w, https:\/\/www.matrix4design.com\/wp-content\/uploads\/2026\/03\/ALCOVA_Inganni_12-1920x1280.jpg 1920w, https:\/\/www.matrix4design.com\/wp-content\/uploads\/2026\/03\/ALCOVA_Inganni_12-328x219.jpg 328w, https:\/\/www.matrix4design.com\/wp-content\/uploads\/2026\/03\/ALCOVA_Inganni_12-1800x1200.jpg 1800w\" sizes=\"auto, (max-width: 2560px) 100vw, 2560px\" \/><\/p>\n","protected":false},"excerpt":{"rendered":"<p>&nbsp; Dal 20 al 26 aprile 2026, Milano si riconferma l&#8217;epicentro della creativit\u00e0 globale con una nuova edizione del Fuorisalone. In concomitanza con il Salone del Mobile, la Design Week milanese presenta un palinsesto articolato di mostre e installazioni che quest&#8217;anno mettono al centro il design come pratica viva e processo in continua evoluzione. Il [&hellip;]<\/p>\n","protected":false},"author":6,"featured_media":119274,"comment_status":"closed","ping_status":"closed","sticky":false,"template":"","format":"standard","meta":{"_acf_changed":false,"footnotes":""},"categories":[366,418,379],"tags":[],"class_list":{"0":"post-119272","1":"post","2":"type-post","3":"status-publish","4":"format-standard","5":"has-post-thumbnail","7":"category-design","8":"category-design-home","9":"category-focus-home"},"acf":[],"yoast_head":"<!-- This site is optimized with the Yoast SEO plugin v27.0 - https:\/\/yoast.com\/product\/yoast-seo-wordpress\/ -->\n<title>Milano torna capitale del design: al Fuorisalone 2026 trionfa l\u2019essenza del progetto<\/title>\n<meta name=\"description\" content=\"Dal 20 al 26 aprile 2026, Milano si riconferma l&#039;epicentro della creativit\u00e0 globale con una nuova edizione del Fuorisalone. In concomitanza con il Salone del Mobile, la Design Week milanese presenta un palinsesto articolato di mostre e installazioni che quest&#039;anno mettono al centro il design come pratica viva e processo in continua evoluzione.\" \/>\n<meta name=\"robots\" content=\"index, follow, max-snippet:-1, max-image-preview:large, max-video-preview:-1\" \/>\n<link rel=\"canonical\" href=\"https:\/\/www.matrix4design.com\/it\/design\/milano-torna-capitale-del-design-al-fuorisalone-2026-trionfa-lessenza-del-progetto\/\" \/>\n<meta property=\"og:locale\" content=\"it_IT\" \/>\n<meta property=\"og:type\" content=\"article\" \/>\n<meta property=\"og:title\" content=\"Milano torna capitale del design: al Fuorisalone 2026 trionfa l\u2019essenza del progetto\" \/>\n<meta property=\"og:description\" content=\"Dal 20 al 26 aprile 2026, Milano si riconferma l&#039;epicentro della creativit\u00e0 globale con una nuova edizione del Fuorisalone. In concomitanza con il Salone del Mobile, la Design Week milanese presenta un palinsesto articolato di mostre e installazioni che quest&#039;anno mettono al centro il design come pratica viva e processo in continua evoluzione.\" \/>\n<meta property=\"og:url\" content=\"https:\/\/www.matrix4design.com\/it\/design\/milano-torna-capitale-del-design-al-fuorisalone-2026-trionfa-lessenza-del-progetto\/\" \/>\n<meta property=\"og:site_name\" content=\"Matrix4Design\" \/>\n<meta property=\"article:publisher\" content=\"https:\/\/www.facebook.com\/matrix4designmagazine\/\" \/>\n<meta property=\"article:published_time\" content=\"2026-03-12T10:00:18+00:00\" \/>\n<meta property=\"article:modified_time\" content=\"2026-03-12T10:32:41+00:00\" \/>\n<meta property=\"og:image\" content=\"https:\/\/www.matrix4design.com\/wp-content\/uploads\/2026\/03\/L_Appartamento-by-Artemest_Palazzo-Donizetti-1-scaled.jpg\" \/>\n\t<meta property=\"og:image:width\" content=\"2560\" \/>\n\t<meta property=\"og:image:height\" content=\"1919\" \/>\n\t<meta property=\"og:image:type\" content=\"image\/jpeg\" \/>\n<meta name=\"author\" content=\"Redazione\" \/>\n<meta name=\"twitter:card\" content=\"summary_large_image\" \/>\n<meta name=\"twitter:label1\" content=\"Scritto da\" \/>\n\t<meta name=\"twitter:data1\" content=\"Redazione\" \/>\n\t<meta name=\"twitter:label2\" content=\"Tempo di lettura stimato\" \/>\n\t<meta name=\"twitter:data2\" content=\"6 minuti\" \/>\n<script type=\"application\/ld+json\" class=\"yoast-schema-graph\">{\"@context\":\"https:\/\/schema.org\",\"@graph\":[{\"@type\":\"Article\",\"@id\":\"https:\/\/www.matrix4design.com\/it\/design\/milano-torna-capitale-del-design-al-fuorisalone-2026-trionfa-lessenza-del-progetto\/#article\",\"isPartOf\":{\"@id\":\"https:\/\/www.matrix4design.com\/it\/design\/milano-torna-capitale-del-design-al-fuorisalone-2026-trionfa-lessenza-del-progetto\/\"},\"author\":{\"name\":\"Redazione\",\"@id\":\"https:\/\/www.matrix4design.com\/it\/#\/schema\/person\/b2b6dd48f9d6892ca224742379951fa1\"},\"headline\":\"Milano torna capitale del design: al Fuorisalone 2026 trionfa l\u2019essenza del progetto\",\"datePublished\":\"2026-03-12T10:00:18+00:00\",\"dateModified\":\"2026-03-12T10:32:41+00:00\",\"mainEntityOfPage\":{\"@id\":\"https:\/\/www.matrix4design.com\/it\/design\/milano-torna-capitale-del-design-al-fuorisalone-2026-trionfa-lessenza-del-progetto\/\"},\"wordCount\":861,\"publisher\":{\"@id\":\"https:\/\/www.matrix4design.com\/it\/#organization\"},\"image\":{\"@id\":\"https:\/\/www.matrix4design.com\/it\/design\/milano-torna-capitale-del-design-al-fuorisalone-2026-trionfa-lessenza-del-progetto\/#primaryimage\"},\"thumbnailUrl\":\"https:\/\/www.matrix4design.com\/wp-content\/uploads\/2026\/03\/L_Appartamento-by-Artemest_Palazzo-Donizetti-1-scaled.jpg\",\"articleSection\":[\"Design\",\"Design home\",\"Focus home\"],\"inLanguage\":\"it-IT\"},{\"@type\":\"WebPage\",\"@id\":\"https:\/\/www.matrix4design.com\/it\/design\/milano-torna-capitale-del-design-al-fuorisalone-2026-trionfa-lessenza-del-progetto\/\",\"url\":\"https:\/\/www.matrix4design.com\/it\/design\/milano-torna-capitale-del-design-al-fuorisalone-2026-trionfa-lessenza-del-progetto\/\",\"name\":\"Milano torna capitale del design: al Fuorisalone 2026 trionfa l\u2019essenza del progetto\",\"isPartOf\":{\"@id\":\"https:\/\/www.matrix4design.com\/it\/#website\"},\"primaryImageOfPage\":{\"@id\":\"https:\/\/www.matrix4design.com\/it\/design\/milano-torna-capitale-del-design-al-fuorisalone-2026-trionfa-lessenza-del-progetto\/#primaryimage\"},\"image\":{\"@id\":\"https:\/\/www.matrix4design.com\/it\/design\/milano-torna-capitale-del-design-al-fuorisalone-2026-trionfa-lessenza-del-progetto\/#primaryimage\"},\"thumbnailUrl\":\"https:\/\/www.matrix4design.com\/wp-content\/uploads\/2026\/03\/L_Appartamento-by-Artemest_Palazzo-Donizetti-1-scaled.jpg\",\"datePublished\":\"2026-03-12T10:00:18+00:00\",\"dateModified\":\"2026-03-12T10:32:41+00:00\",\"description\":\"Dal 20 al 26 aprile 2026, Milano si riconferma l'epicentro della creativit\u00e0 globale con una nuova edizione del Fuorisalone. In concomitanza con il Salone del Mobile, la Design Week milanese presenta un palinsesto articolato di mostre e installazioni che quest'anno mettono al centro il design come pratica viva e processo in continua evoluzione.\",\"breadcrumb\":{\"@id\":\"https:\/\/www.matrix4design.com\/it\/design\/milano-torna-capitale-del-design-al-fuorisalone-2026-trionfa-lessenza-del-progetto\/#breadcrumb\"},\"inLanguage\":\"it-IT\",\"potentialAction\":[{\"@type\":\"ReadAction\",\"target\":[\"https:\/\/www.matrix4design.com\/it\/design\/milano-torna-capitale-del-design-al-fuorisalone-2026-trionfa-lessenza-del-progetto\/\"]}]},{\"@type\":\"ImageObject\",\"inLanguage\":\"it-IT\",\"@id\":\"https:\/\/www.matrix4design.com\/it\/design\/milano-torna-capitale-del-design-al-fuorisalone-2026-trionfa-lessenza-del-progetto\/#primaryimage\",\"url\":\"https:\/\/www.matrix4design.com\/wp-content\/uploads\/2026\/03\/L_Appartamento-by-Artemest_Palazzo-Donizetti-1-scaled.jpg\",\"contentUrl\":\"https:\/\/www.matrix4design.com\/wp-content\/uploads\/2026\/03\/L_Appartamento-by-Artemest_Palazzo-Donizetti-1-scaled.jpg\",\"width\":2560,\"height\":1919,\"caption\":\"fuorisalone\"},{\"@type\":\"BreadcrumbList\",\"@id\":\"https:\/\/www.matrix4design.com\/it\/design\/milano-torna-capitale-del-design-al-fuorisalone-2026-trionfa-lessenza-del-progetto\/#breadcrumb\",\"itemListElement\":[{\"@type\":\"ListItem\",\"position\":1,\"name\":\"Home\",\"item\":\"https:\/\/www.matrix4design.com\/it\/\"},{\"@type\":\"ListItem\",\"position\":2,\"name\":\"Milano torna capitale del design: al Fuorisalone 2026 trionfa l\u2019essenza del progetto\"}]},{\"@type\":\"WebSite\",\"@id\":\"https:\/\/www.matrix4design.com\/it\/#website\",\"url\":\"https:\/\/www.matrix4design.com\/it\/\",\"name\":\"Matrix4Design\",\"description\":\"Digital architecture and design b2b magazine\",\"publisher\":{\"@id\":\"https:\/\/www.matrix4design.com\/it\/#organization\"},\"potentialAction\":[{\"@type\":\"SearchAction\",\"target\":{\"@type\":\"EntryPoint\",\"urlTemplate\":\"https:\/\/www.matrix4design.com\/it\/?s={search_term_string}\"},\"query-input\":{\"@type\":\"PropertyValueSpecification\",\"valueRequired\":true,\"valueName\":\"search_term_string\"}}],\"inLanguage\":\"it-IT\"},{\"@type\":\"Organization\",\"@id\":\"https:\/\/www.matrix4design.com\/it\/#organization\",\"name\":\"Matrix4Design\",\"url\":\"https:\/\/www.matrix4design.com\/it\/\",\"logo\":{\"@type\":\"ImageObject\",\"inLanguage\":\"it-IT\",\"@id\":\"https:\/\/www.matrix4design.com\/it\/#\/schema\/logo\/image\/\",\"url\":\"https:\/\/www.matrix4design.com\/wp-content\/uploads\/2020\/04\/logo_matrix4design.png\",\"contentUrl\":\"https:\/\/www.matrix4design.com\/wp-content\/uploads\/2020\/04\/logo_matrix4design.png\",\"width\":804,\"height\":114,\"caption\":\"Matrix4Design\"},\"image\":{\"@id\":\"https:\/\/www.matrix4design.com\/it\/#\/schema\/logo\/image\/\"},\"sameAs\":[\"https:\/\/www.facebook.com\/matrix4designmagazine\/\",\"https:\/\/www.instagram.com\/matrix4designmagazine\/\",\"https:\/\/www.youtube.com\/channel\/UCtuhSSrP3MOO_URZgv8mQ1A\"]},{\"@type\":\"Person\",\"@id\":\"https:\/\/www.matrix4design.com\/it\/#\/schema\/person\/b2b6dd48f9d6892ca224742379951fa1\",\"name\":\"Redazione\",\"image\":{\"@type\":\"ImageObject\",\"inLanguage\":\"it-IT\",\"@id\":\"https:\/\/www.matrix4design.com\/it\/#\/schema\/person\/image\/\",\"url\":\"https:\/\/www.matrix4design.com\/wp-content\/uploads\/2023\/01\/logo_M4D_2023-96x96.jpg\",\"contentUrl\":\"https:\/\/www.matrix4design.com\/wp-content\/uploads\/2023\/01\/logo_M4D_2023-96x96.jpg\",\"caption\":\"Redazione\"},\"url\":\"https:\/\/www.matrix4design.com\/it\/author\/redazione\/\"}]}<\/script>\n<!-- \/ Yoast SEO plugin. -->","yoast_head_json":{"title":"Milano torna capitale del design: al Fuorisalone 2026 trionfa l\u2019essenza del progetto","description":"Dal 20 al 26 aprile 2026, Milano si riconferma l'epicentro della creativit\u00e0 globale con una nuova edizione del Fuorisalone. In concomitanza con il Salone del Mobile, la Design Week milanese presenta un palinsesto articolato di mostre e installazioni che quest'anno mettono al centro il design come pratica viva e processo in continua evoluzione.","robots":{"index":"index","follow":"follow","max-snippet":"max-snippet:-1","max-image-preview":"max-image-preview:large","max-video-preview":"max-video-preview:-1"},"canonical":"https:\/\/www.matrix4design.com\/it\/design\/milano-torna-capitale-del-design-al-fuorisalone-2026-trionfa-lessenza-del-progetto\/","og_locale":"it_IT","og_type":"article","og_title":"Milano torna capitale del design: al Fuorisalone 2026 trionfa l\u2019essenza del progetto","og_description":"Dal 20 al 26 aprile 2026, Milano si riconferma l'epicentro della creativit\u00e0 globale con una nuova edizione del Fuorisalone. In concomitanza con il Salone del Mobile, la Design Week milanese presenta un palinsesto articolato di mostre e installazioni che quest'anno mettono al centro il design come pratica viva e processo in continua evoluzione.","og_url":"https:\/\/www.matrix4design.com\/it\/design\/milano-torna-capitale-del-design-al-fuorisalone-2026-trionfa-lessenza-del-progetto\/","og_site_name":"Matrix4Design","article_publisher":"https:\/\/www.facebook.com\/matrix4designmagazine\/","article_published_time":"2026-03-12T10:00:18+00:00","article_modified_time":"2026-03-12T10:32:41+00:00","og_image":[{"width":2560,"height":1919,"url":"https:\/\/www.matrix4design.com\/wp-content\/uploads\/2026\/03\/L_Appartamento-by-Artemest_Palazzo-Donizetti-1-scaled.jpg","type":"image\/jpeg"}],"author":"Redazione","twitter_card":"summary_large_image","twitter_misc":{"Scritto da":"Redazione","Tempo di lettura stimato":"6 minuti"},"schema":{"@context":"https:\/\/schema.org","@graph":[{"@type":"Article","@id":"https:\/\/www.matrix4design.com\/it\/design\/milano-torna-capitale-del-design-al-fuorisalone-2026-trionfa-lessenza-del-progetto\/#article","isPartOf":{"@id":"https:\/\/www.matrix4design.com\/it\/design\/milano-torna-capitale-del-design-al-fuorisalone-2026-trionfa-lessenza-del-progetto\/"},"author":{"name":"Redazione","@id":"https:\/\/www.matrix4design.com\/it\/#\/schema\/person\/b2b6dd48f9d6892ca224742379951fa1"},"headline":"Milano torna capitale del design: al Fuorisalone 2026 trionfa l\u2019essenza del progetto","datePublished":"2026-03-12T10:00:18+00:00","dateModified":"2026-03-12T10:32:41+00:00","mainEntityOfPage":{"@id":"https:\/\/www.matrix4design.com\/it\/design\/milano-torna-capitale-del-design-al-fuorisalone-2026-trionfa-lessenza-del-progetto\/"},"wordCount":861,"publisher":{"@id":"https:\/\/www.matrix4design.com\/it\/#organization"},"image":{"@id":"https:\/\/www.matrix4design.com\/it\/design\/milano-torna-capitale-del-design-al-fuorisalone-2026-trionfa-lessenza-del-progetto\/#primaryimage"},"thumbnailUrl":"https:\/\/www.matrix4design.com\/wp-content\/uploads\/2026\/03\/L_Appartamento-by-Artemest_Palazzo-Donizetti-1-scaled.jpg","articleSection":["Design","Design home","Focus home"],"inLanguage":"it-IT"},{"@type":"WebPage","@id":"https:\/\/www.matrix4design.com\/it\/design\/milano-torna-capitale-del-design-al-fuorisalone-2026-trionfa-lessenza-del-progetto\/","url":"https:\/\/www.matrix4design.com\/it\/design\/milano-torna-capitale-del-design-al-fuorisalone-2026-trionfa-lessenza-del-progetto\/","name":"Milano torna capitale del design: al Fuorisalone 2026 trionfa l\u2019essenza del progetto","isPartOf":{"@id":"https:\/\/www.matrix4design.com\/it\/#website"},"primaryImageOfPage":{"@id":"https:\/\/www.matrix4design.com\/it\/design\/milano-torna-capitale-del-design-al-fuorisalone-2026-trionfa-lessenza-del-progetto\/#primaryimage"},"image":{"@id":"https:\/\/www.matrix4design.com\/it\/design\/milano-torna-capitale-del-design-al-fuorisalone-2026-trionfa-lessenza-del-progetto\/#primaryimage"},"thumbnailUrl":"https:\/\/www.matrix4design.com\/wp-content\/uploads\/2026\/03\/L_Appartamento-by-Artemest_Palazzo-Donizetti-1-scaled.jpg","datePublished":"2026-03-12T10:00:18+00:00","dateModified":"2026-03-12T10:32:41+00:00","description":"Dal 20 al 26 aprile 2026, Milano si riconferma l'epicentro della creativit\u00e0 globale con una nuova edizione del Fuorisalone. In concomitanza con il Salone del Mobile, la Design Week milanese presenta un palinsesto articolato di mostre e installazioni che quest'anno mettono al centro il design come pratica viva e processo in continua evoluzione.","breadcrumb":{"@id":"https:\/\/www.matrix4design.com\/it\/design\/milano-torna-capitale-del-design-al-fuorisalone-2026-trionfa-lessenza-del-progetto\/#breadcrumb"},"inLanguage":"it-IT","potentialAction":[{"@type":"ReadAction","target":["https:\/\/www.matrix4design.com\/it\/design\/milano-torna-capitale-del-design-al-fuorisalone-2026-trionfa-lessenza-del-progetto\/"]}]},{"@type":"ImageObject","inLanguage":"it-IT","@id":"https:\/\/www.matrix4design.com\/it\/design\/milano-torna-capitale-del-design-al-fuorisalone-2026-trionfa-lessenza-del-progetto\/#primaryimage","url":"https:\/\/www.matrix4design.com\/wp-content\/uploads\/2026\/03\/L_Appartamento-by-Artemest_Palazzo-Donizetti-1-scaled.jpg","contentUrl":"https:\/\/www.matrix4design.com\/wp-content\/uploads\/2026\/03\/L_Appartamento-by-Artemest_Palazzo-Donizetti-1-scaled.jpg","width":2560,"height":1919,"caption":"fuorisalone"},{"@type":"BreadcrumbList","@id":"https:\/\/www.matrix4design.com\/it\/design\/milano-torna-capitale-del-design-al-fuorisalone-2026-trionfa-lessenza-del-progetto\/#breadcrumb","itemListElement":[{"@type":"ListItem","position":1,"name":"Home","item":"https:\/\/www.matrix4design.com\/it\/"},{"@type":"ListItem","position":2,"name":"Milano torna capitale del design: al Fuorisalone 2026 trionfa l\u2019essenza del progetto"}]},{"@type":"WebSite","@id":"https:\/\/www.matrix4design.com\/it\/#website","url":"https:\/\/www.matrix4design.com\/it\/","name":"Matrix4Design","description":"Digital architecture and design b2b magazine","publisher":{"@id":"https:\/\/www.matrix4design.com\/it\/#organization"},"potentialAction":[{"@type":"SearchAction","target":{"@type":"EntryPoint","urlTemplate":"https:\/\/www.matrix4design.com\/it\/?s={search_term_string}"},"query-input":{"@type":"PropertyValueSpecification","valueRequired":true,"valueName":"search_term_string"}}],"inLanguage":"it-IT"},{"@type":"Organization","@id":"https:\/\/www.matrix4design.com\/it\/#organization","name":"Matrix4Design","url":"https:\/\/www.matrix4design.com\/it\/","logo":{"@type":"ImageObject","inLanguage":"it-IT","@id":"https:\/\/www.matrix4design.com\/it\/#\/schema\/logo\/image\/","url":"https:\/\/www.matrix4design.com\/wp-content\/uploads\/2020\/04\/logo_matrix4design.png","contentUrl":"https:\/\/www.matrix4design.com\/wp-content\/uploads\/2020\/04\/logo_matrix4design.png","width":804,"height":114,"caption":"Matrix4Design"},"image":{"@id":"https:\/\/www.matrix4design.com\/it\/#\/schema\/logo\/image\/"},"sameAs":["https:\/\/www.facebook.com\/matrix4designmagazine\/","https:\/\/www.instagram.com\/matrix4designmagazine\/","https:\/\/www.youtube.com\/channel\/UCtuhSSrP3MOO_URZgv8mQ1A"]},{"@type":"Person","@id":"https:\/\/www.matrix4design.com\/it\/#\/schema\/person\/b2b6dd48f9d6892ca224742379951fa1","name":"Redazione","image":{"@type":"ImageObject","inLanguage":"it-IT","@id":"https:\/\/www.matrix4design.com\/it\/#\/schema\/person\/image\/","url":"https:\/\/www.matrix4design.com\/wp-content\/uploads\/2023\/01\/logo_M4D_2023-96x96.jpg","contentUrl":"https:\/\/www.matrix4design.com\/wp-content\/uploads\/2023\/01\/logo_M4D_2023-96x96.jpg","caption":"Redazione"},"url":"https:\/\/www.matrix4design.com\/it\/author\/redazione\/"}]}},"_links":{"self":[{"href":"https:\/\/www.matrix4design.com\/it\/wp-json\/wp\/v2\/posts\/119272","targetHints":{"allow":["GET"]}}],"collection":[{"href":"https:\/\/www.matrix4design.com\/it\/wp-json\/wp\/v2\/posts"}],"about":[{"href":"https:\/\/www.matrix4design.com\/it\/wp-json\/wp\/v2\/types\/post"}],"author":[{"embeddable":true,"href":"https:\/\/www.matrix4design.com\/it\/wp-json\/wp\/v2\/users\/6"}],"replies":[{"embeddable":true,"href":"https:\/\/www.matrix4design.com\/it\/wp-json\/wp\/v2\/comments?post=119272"}],"version-history":[{"count":3,"href":"https:\/\/www.matrix4design.com\/it\/wp-json\/wp\/v2\/posts\/119272\/revisions"}],"predecessor-version":[{"id":119281,"href":"https:\/\/www.matrix4design.com\/it\/wp-json\/wp\/v2\/posts\/119272\/revisions\/119281"}],"wp:featuredmedia":[{"embeddable":true,"href":"https:\/\/www.matrix4design.com\/it\/wp-json\/wp\/v2\/media\/119274"}],"wp:attachment":[{"href":"https:\/\/www.matrix4design.com\/it\/wp-json\/wp\/v2\/media?parent=119272"}],"wp:term":[{"taxonomy":"category","embeddable":true,"href":"https:\/\/www.matrix4design.com\/it\/wp-json\/wp\/v2\/categories?post=119272"},{"taxonomy":"post_tag","embeddable":true,"href":"https:\/\/www.matrix4design.com\/it\/wp-json\/wp\/v2\/tags?post=119272"}],"curies":[{"name":"wp","href":"https:\/\/api.w.org\/{rel}","templated":true}]}}