{"id":119934,"date":"2026-04-27T11:00:40","date_gmt":"2026-04-27T09:00:40","guid":{"rendered":"https:\/\/www.matrix4design.com\/?p=119934"},"modified":"2026-04-22T20:35:45","modified_gmt":"2026-04-22T18:35:45","slug":"il-workplace-diventa-esperienza-nel-nuovo-showroom-di-bralco-a-milano","status":"publish","type":"post","link":"https:\/\/www.matrix4design.com\/it\/architettura\/il-workplace-diventa-esperienza-nel-nuovo-showroom-di-bralco-a-milano\/","title":{"rendered":"Il workplace diventa esperienza nel nuovo showroom di Bralco a Milano"},"content":{"rendered":"<p>&nbsp;<\/p>\n<p>In Via Maroncelli 2, a Milano, il nuovo showroom di <a href=\"https:\/\/www.bralco.it\/\" target=\"_blank\" rel=\"noopener\"><strong>Bralco<\/strong> <\/a>si inserisce in un contesto urbano definito da una stratificazione d\u2019eccellenza, tra le gallerie d\u2019arte del Maroncelli District e le architetture iconiche firmate da C\u00e9sar Pelli e dallo studio Herzog &amp; de Meuron. La scelta di questa posizione non \u00e8 casuale, ma riflette la volont\u00e0 del brand di integrarsi in un ecosistema dove la creativit\u00e0 e il progetto convivono quotidianamente, elevando lo spazio espositivo a luogo di esperienza tangibile per chi progetta il workplace contemporaneo.<\/p>\n<p>Sotto la direzione creativa dell&#8217;architetto <strong>Stefano Verga, il team R&amp;D di Bralco<\/strong> ha collaborato con <strong>SP4CE Studio<\/strong> per dare vita a un ambiente che evita la mera esposizione di prodotto, preferendo la costruzione di un percorso narrativo coerente.<\/p>\n<p><img loading=\"lazy\" decoding=\"async\" class=\"aligncenter wp-image-119946 size-full\" src=\"https:\/\/www.matrix4design.com\/wp-content\/uploads\/2026\/04\/Bralco_Milan-Showroom-Opening_17.jpg\" alt=\"\" width=\"1600\" height=\"1068\" srcset=\"https:\/\/www.matrix4design.com\/wp-content\/uploads\/2026\/04\/Bralco_Milan-Showroom-Opening_17.jpg 1600w, https:\/\/www.matrix4design.com\/wp-content\/uploads\/2026\/04\/Bralco_Milan-Showroom-Opening_17-300x200.jpg 300w, https:\/\/www.matrix4design.com\/wp-content\/uploads\/2026\/04\/Bralco_Milan-Showroom-Opening_17-1024x684.jpg 1024w, https:\/\/www.matrix4design.com\/wp-content\/uploads\/2026\/04\/Bralco_Milan-Showroom-Opening_17-768x513.jpg 768w, https:\/\/www.matrix4design.com\/wp-content\/uploads\/2026\/04\/Bralco_Milan-Showroom-Opening_17-1536x1025.jpg 1536w, https:\/\/www.matrix4design.com\/wp-content\/uploads\/2026\/04\/Bralco_Milan-Showroom-Opening_17-150x100.jpg 150w, https:\/\/www.matrix4design.com\/wp-content\/uploads\/2026\/04\/Bralco_Milan-Showroom-Opening_17-696x465.jpg 696w, https:\/\/www.matrix4design.com\/wp-content\/uploads\/2026\/04\/Bralco_Milan-Showroom-Opening_17-1068x713.jpg 1068w, https:\/\/www.matrix4design.com\/wp-content\/uploads\/2026\/04\/Bralco_Milan-Showroom-Opening_17-328x219.jpg 328w\" sizes=\"auto, (max-width: 1600px) 100vw, 1600px\" \/><\/p>\n<p>L&#8217;architettura degli interni \u00e8 definita da <strong>una palette cromatica ispirata alla natura<\/strong>, con tonalit\u00e0 <strong>terra, sabbia e verde <\/strong>che creano un\u2019atmosfera distesa e professionale, permettendo agli <strong>arredi di dialogare con lo spazio senza sovrastarlo<\/strong>. Il progetto spaziale guida il visitatore attraverso diverse intensit\u00e0 del lavoro: si parte dagli <strong>ambienti direzionali<\/strong>, dove il rigore del <strong>tavolo Rail<\/strong> della <strong>collezione EXE<\/strong> stabilisce la cifra stilistica dell&#8217;intero showroom, per poi aprirsi verso le aree operative. In questa zona, le configurazioni dei <strong>bench S18 e i tavoli alti Take Off<\/strong> raccontano una nuova flessibilit\u00e0 dell\u2019ufficio, pensato per alternare momenti di concentrazione individuale e collaborazione spontanea.<\/p>\n<p>Un elemento centrale della progettazione \u00e8 la gestione del contenimento e del benessere, intesi come parti integranti dell\u2019identit\u00e0 visiva dell&#8217;ufficio. Il sistema <strong>ARKKI<\/strong>, nelle sue <strong>declinazioni Concerto e Aba<\/strong>, mostra come la complessit\u00e0 tecnica possa tradursi in forme chiare e pulite, mentre la selezione di <strong>sedute<\/strong> che include <strong>My Belle, Seika e Hug<\/strong> invita a una sosta riflessiva sulla qualit\u00e0 dell&#8217;ergonomia.<\/p>\n<p><img loading=\"lazy\" decoding=\"async\" class=\"aligncenter wp-image-119940 size-full\" src=\"https:\/\/www.matrix4design.com\/wp-content\/uploads\/2026\/04\/Bralco_Milan-Showroom-Opening_9.jpg\" alt=\"\" width=\"1068\" height=\"1600\" srcset=\"https:\/\/www.matrix4design.com\/wp-content\/uploads\/2026\/04\/Bralco_Milan-Showroom-Opening_9.jpg 1068w, https:\/\/www.matrix4design.com\/wp-content\/uploads\/2026\/04\/Bralco_Milan-Showroom-Opening_9-200x300.jpg 200w, https:\/\/www.matrix4design.com\/wp-content\/uploads\/2026\/04\/Bralco_Milan-Showroom-Opening_9-684x1024.jpg 684w, https:\/\/www.matrix4design.com\/wp-content\/uploads\/2026\/04\/Bralco_Milan-Showroom-Opening_9-768x1151.jpg 768w, https:\/\/www.matrix4design.com\/wp-content\/uploads\/2026\/04\/Bralco_Milan-Showroom-Opening_9-1025x1536.jpg 1025w, https:\/\/www.matrix4design.com\/wp-content\/uploads\/2026\/04\/Bralco_Milan-Showroom-Opening_9-150x225.jpg 150w, https:\/\/www.matrix4design.com\/wp-content\/uploads\/2026\/04\/Bralco_Milan-Showroom-Opening_9-300x449.jpg 300w, https:\/\/www.matrix4design.com\/wp-content\/uploads\/2026\/04\/Bralco_Milan-Showroom-Opening_9-696x1043.jpg 696w, https:\/\/www.matrix4design.com\/wp-content\/uploads\/2026\/04\/Bralco_Milan-Showroom-Opening_9-219x328.jpg 219w\" sizes=\"auto, (max-width: 1068px) 100vw, 1068px\" \/><\/p>\n<p>Il percorso si conclude con una <strong>materioteca<\/strong> completa, uno strumento dedicato ai professionisti per approfondire combinazioni di tessuti e finiture, e due sale riunioni dove testare concretamente la qualit\u00e0 acustica e funzionale degli spazi.<\/p>\n\t\t<div style=\"clear:both\"><\/div>\n\t\t<div class=\"psgal_wrap\">\n\t\t\t<div id=\"psgal_119934_1\" data-psgal_id=\"119934_1\" data-psgal_container_id=\"container_119934_1\" data-psgal_thumbnail_width=\"164\" data-psgal_use_masonary=\"1\" class=\"psgal-inline psgal gallery-columns-3 gallery-size-thumbnail use_masonry_1 show_captions_\" itemscope itemtype=\"http:\/\/schema.org\/ImageGallery\">\n\t\t\t\t\t\t\t\t\t\t<figure class=\"msnry_items\" itemscope itemtype=\"http:\/\/schema.org\/ImageObject\" style=\"width:164px;\">\n\t\t\t\t\t\t\t<a href=\"https:\/\/www.matrix4design.com\/wp-content\/uploads\/2026\/04\/Bralco_Milan-Showroom-Opening_23.jpg\" itemprop=\"contentUrl\" data-size=\"1068x1600\" data-caption=\"\" style=\"height:230.64840182648px;\">\n\t\t\t\t\t\t\t\t<img decoding=\"async\" class=\"msnry_thumb\" src=\"https:\/\/www.matrix4design.com\/wp-content\/uploads\/2026\/04\/Bralco_Milan-Showroom-Opening_23-219x328.jpg\" itemprop=\"thumbnail\" alt=\"\" \/>\n\t\t\t\t\t\t\t<\/a>\n\t\t\t\t\t\t\t\t\t\t\t\t\t\t<figcaption class=\"photoswipe-gallery-caption\" style=\"display:none;\"><\/figcaption>\n\n\t\t\t\t\t\t<\/figure>\n\t\t\t\t\t\t\t\t\t\t<figure class=\"msnry_items\" itemscope itemtype=\"http:\/\/schema.org\/ImageObject\" style=\"width:164px;\">\n\t\t\t\t\t\t\t<a href=\"https:\/\/www.matrix4design.com\/wp-content\/uploads\/2026\/04\/Bralco_Milan-Showroom-Opening_20.jpg\" itemprop=\"contentUrl\" data-size=\"1068x1600\" data-caption=\"\" style=\"height:230.64840182648px;\">\n\t\t\t\t\t\t\t\t<img decoding=\"async\" class=\"msnry_thumb\" src=\"https:\/\/www.matrix4design.com\/wp-content\/uploads\/2026\/04\/Bralco_Milan-Showroom-Opening_20-219x328.jpg\" itemprop=\"thumbnail\" alt=\"\" \/>\n\t\t\t\t\t\t\t<\/a>\n\t\t\t\t\t\t\t\t\t\t\t\t\t\t<figcaption class=\"photoswipe-gallery-caption\" style=\"display:none;\"><\/figcaption>\n\n\t\t\t\t\t\t<\/figure>\n\t\t\t\t\t\t\t\t\t\t<figure class=\"msnry_items\" itemscope itemtype=\"http:\/\/schema.org\/ImageObject\" style=\"width:164px;\">\n\t\t\t\t\t\t\t<a href=\"https:\/\/www.matrix4design.com\/wp-content\/uploads\/2026\/04\/Bralco_Milan-Showroom-Opening_18.jpg\" itemprop=\"contentUrl\" data-size=\"1600x1068\" data-caption=\"\" style=\"height:102.82317073171px;\">\n\t\t\t\t\t\t\t\t<img decoding=\"async\" class=\"msnry_thumb\" src=\"https:\/\/www.matrix4design.com\/wp-content\/uploads\/2026\/04\/Bralco_Milan-Showroom-Opening_18-328x219.jpg\" itemprop=\"thumbnail\" alt=\"\" \/>\n\t\t\t\t\t\t\t<\/a>\n\t\t\t\t\t\t\t\t\t\t\t\t\t\t<figcaption class=\"photoswipe-gallery-caption\" style=\"display:none;\"><\/figcaption>\n\n\t\t\t\t\t\t<\/figure>\n\t\t\t\t\t\t\t\t\t\t<figure class=\"msnry_items\" itemscope itemtype=\"http:\/\/schema.org\/ImageObject\" style=\"width:164px;\">\n\t\t\t\t\t\t\t<a href=\"https:\/\/www.matrix4design.com\/wp-content\/uploads\/2026\/04\/Bralco_Milan-Showroom-Opening_16.jpg\" itemprop=\"contentUrl\" data-size=\"1068x1600\" data-caption=\"\" style=\"height:230.64840182648px;\">\n\t\t\t\t\t\t\t\t<img decoding=\"async\" class=\"msnry_thumb\" src=\"https:\/\/www.matrix4design.com\/wp-content\/uploads\/2026\/04\/Bralco_Milan-Showroom-Opening_16-219x328.jpg\" itemprop=\"thumbnail\" alt=\"\" \/>\n\t\t\t\t\t\t\t<\/a>\n\t\t\t\t\t\t\t\t\t\t\t\t\t\t<figcaption class=\"photoswipe-gallery-caption\" style=\"display:none;\"><\/figcaption>\n\n\t\t\t\t\t\t<\/figure>\n\t\t\t\t\t\t\t\t\t\t<figure class=\"msnry_items\" itemscope itemtype=\"http:\/\/schema.org\/ImageObject\" style=\"width:164px;\">\n\t\t\t\t\t\t\t<a href=\"https:\/\/www.matrix4design.com\/wp-content\/uploads\/2026\/04\/Bralco_Milan-Showroom-Opening_15.jpg\" itemprop=\"contentUrl\" data-size=\"1068x1600\" data-caption=\"\" style=\"height:230.64840182648px;\">\n\t\t\t\t\t\t\t\t<img decoding=\"async\" class=\"msnry_thumb\" src=\"https:\/\/www.matrix4design.com\/wp-content\/uploads\/2026\/04\/Bralco_Milan-Showroom-Opening_15-219x328.jpg\" itemprop=\"thumbnail\" alt=\"\" \/>\n\t\t\t\t\t\t\t<\/a>\n\t\t\t\t\t\t\t\t\t\t\t\t\t\t<figcaption class=\"photoswipe-gallery-caption\" style=\"display:none;\"><\/figcaption>\n\n\t\t\t\t\t\t<\/figure>\n\t\t\t\t\t\t\t\t\t\t<figure class=\"msnry_items\" itemscope itemtype=\"http:\/\/schema.org\/ImageObject\" style=\"width:164px;\">\n\t\t\t\t\t\t\t<a href=\"https:\/\/www.matrix4design.com\/wp-content\/uploads\/2026\/04\/Bralco_Milan-Showroom-Opening_14.jpg\" itemprop=\"contentUrl\" data-size=\"1068x1600\" data-caption=\"\" style=\"height:230.64840182648px;\">\n\t\t\t\t\t\t\t\t<img decoding=\"async\" class=\"msnry_thumb\" src=\"https:\/\/www.matrix4design.com\/wp-content\/uploads\/2026\/04\/Bralco_Milan-Showroom-Opening_14-219x328.jpg\" itemprop=\"thumbnail\" alt=\"\" \/>\n\t\t\t\t\t\t\t<\/a>\n\t\t\t\t\t\t\t\t\t\t\t\t\t\t<figcaption class=\"photoswipe-gallery-caption\" style=\"display:none;\"><\/figcaption>\n\n\t\t\t\t\t\t<\/figure>\n\t\t\t\t\t\t\t\t\t\t<figure class=\"msnry_items\" itemscope itemtype=\"http:\/\/schema.org\/ImageObject\" style=\"width:164px;\">\n\t\t\t\t\t\t\t<a href=\"https:\/\/www.matrix4design.com\/wp-content\/uploads\/2026\/04\/Bralco_Milan-Showroom-Opening_12.jpg\" itemprop=\"contentUrl\" data-size=\"1068x1600\" data-caption=\"\" style=\"height:230.64840182648px;\">\n\t\t\t\t\t\t\t\t<img decoding=\"async\" class=\"msnry_thumb\" src=\"https:\/\/www.matrix4design.com\/wp-content\/uploads\/2026\/04\/Bralco_Milan-Showroom-Opening_12-219x328.jpg\" itemprop=\"thumbnail\" alt=\"\" \/>\n\t\t\t\t\t\t\t<\/a>\n\t\t\t\t\t\t\t\t\t\t\t\t\t\t<figcaption class=\"photoswipe-gallery-caption\" style=\"display:none;\"><\/figcaption>\n\n\t\t\t\t\t\t<\/figure>\n\t\t\t\t\t\t\t\t\t\t<figure class=\"msnry_items\" itemscope itemtype=\"http:\/\/schema.org\/ImageObject\" style=\"width:164px;\">\n\t\t\t\t\t\t\t<a href=\"https:\/\/www.matrix4design.com\/wp-content\/uploads\/2026\/04\/Bralco_Milan-Showroom-Opening_10.jpg\" itemprop=\"contentUrl\" data-size=\"1068x1600\" data-caption=\"\" style=\"height:230.64840182648px;\">\n\t\t\t\t\t\t\t\t<img decoding=\"async\" class=\"msnry_thumb\" src=\"https:\/\/www.matrix4design.com\/wp-content\/uploads\/2026\/04\/Bralco_Milan-Showroom-Opening_10-219x328.jpg\" itemprop=\"thumbnail\" alt=\"\" \/>\n\t\t\t\t\t\t\t<\/a>\n\t\t\t\t\t\t\t\t\t\t\t\t\t\t<figcaption class=\"photoswipe-gallery-caption\" style=\"display:none;\"><\/figcaption>\n\n\t\t\t\t\t\t<\/figure>\n\t\t\t\t\t\t\t\t\t\t<figure class=\"msnry_items\" itemscope itemtype=\"http:\/\/schema.org\/ImageObject\" style=\"width:164px;\">\n\t\t\t\t\t\t\t<a href=\"https:\/\/www.matrix4design.com\/wp-content\/uploads\/2026\/04\/Bralco_Milan-Showroom-Opening_8.jpg\" itemprop=\"contentUrl\" data-size=\"1600x1068\" data-caption=\"\" style=\"height:102.82317073171px;\">\n\t\t\t\t\t\t\t\t<img decoding=\"async\" class=\"msnry_thumb\" src=\"https:\/\/www.matrix4design.com\/wp-content\/uploads\/2026\/04\/Bralco_Milan-Showroom-Opening_8-328x219.jpg\" itemprop=\"thumbnail\" alt=\"\" \/>\n\t\t\t\t\t\t\t<\/a>\n\t\t\t\t\t\t\t\t\t\t\t\t\t\t<figcaption class=\"photoswipe-gallery-caption\" style=\"display:none;\"><\/figcaption>\n\n\t\t\t\t\t\t<\/figure>\n\t\t\t\t\t\t\t\t\t\t<figure class=\"msnry_items\" itemscope itemtype=\"http:\/\/schema.org\/ImageObject\" style=\"width:164px;\">\n\t\t\t\t\t\t\t<a href=\"https:\/\/www.matrix4design.com\/wp-content\/uploads\/2026\/04\/Bralco_Milan-Showroom-Opening_7.jpg\" itemprop=\"contentUrl\" data-size=\"1068x1600\" data-caption=\"\" style=\"height:230.64840182648px;\">\n\t\t\t\t\t\t\t\t<img decoding=\"async\" class=\"msnry_thumb\" src=\"https:\/\/www.matrix4design.com\/wp-content\/uploads\/2026\/04\/Bralco_Milan-Showroom-Opening_7-219x328.jpg\" itemprop=\"thumbnail\" alt=\"\" \/>\n\t\t\t\t\t\t\t<\/a>\n\t\t\t\t\t\t\t\t\t\t\t\t\t\t<figcaption class=\"photoswipe-gallery-caption\" style=\"display:none;\"><\/figcaption>\n\n\t\t\t\t\t\t<\/figure>\n\t\t\t\t\t\t\t\t\t\t<figure class=\"msnry_items\" itemscope itemtype=\"http:\/\/schema.org\/ImageObject\" style=\"width:164px;\">\n\t\t\t\t\t\t\t<a href=\"https:\/\/www.matrix4design.com\/wp-content\/uploads\/2026\/04\/Bralco_Milan-Showroom-Opening_5.jpg\" itemprop=\"contentUrl\" data-size=\"1600x1068\" data-caption=\"\" style=\"height:102.82317073171px;\">\n\t\t\t\t\t\t\t\t<img decoding=\"async\" class=\"msnry_thumb\" src=\"https:\/\/www.matrix4design.com\/wp-content\/uploads\/2026\/04\/Bralco_Milan-Showroom-Opening_5-328x219.jpg\" itemprop=\"thumbnail\" alt=\"\" \/>\n\t\t\t\t\t\t\t<\/a>\n\t\t\t\t\t\t\t\t\t\t\t\t\t\t<figcaption class=\"photoswipe-gallery-caption\" style=\"display:none;\"><\/figcaption>\n\n\t\t\t\t\t\t<\/figure>\n\t\t\t\t\t\t\t\t\t\t<figure class=\"msnry_items\" itemscope itemtype=\"http:\/\/schema.org\/ImageObject\" style=\"width:164px;\">\n\t\t\t\t\t\t\t<a href=\"https:\/\/www.matrix4design.com\/wp-content\/uploads\/2026\/04\/Bralco_Milan-Showroom-Opening_4.jpg\" itemprop=\"contentUrl\" data-size=\"1600x1068\" data-caption=\"\" style=\"height:102.82317073171px;\">\n\t\t\t\t\t\t\t\t<img decoding=\"async\" class=\"msnry_thumb\" src=\"https:\/\/www.matrix4design.com\/wp-content\/uploads\/2026\/04\/Bralco_Milan-Showroom-Opening_4-328x219.jpg\" itemprop=\"thumbnail\" alt=\"\" \/>\n\t\t\t\t\t\t\t<\/a>\n\t\t\t\t\t\t\t\t\t\t\t\t\t\t<figcaption class=\"photoswipe-gallery-caption\" style=\"display:none;\"><\/figcaption>\n\n\t\t\t\t\t\t<\/figure>\n\t\t\t\t\t\t\t\t\t\t<figure class=\"msnry_items\" itemscope itemtype=\"http:\/\/schema.org\/ImageObject\" style=\"width:164px;\">\n\t\t\t\t\t\t\t<a href=\"https:\/\/www.matrix4design.com\/wp-content\/uploads\/2026\/04\/Bralco_Milan-Showroom-Opening_1.jpg\" itemprop=\"contentUrl\" data-size=\"1600x1068\" data-caption=\"\" style=\"height:102.82317073171px;\">\n\t\t\t\t\t\t\t\t<img decoding=\"async\" class=\"msnry_thumb\" src=\"https:\/\/www.matrix4design.com\/wp-content\/uploads\/2026\/04\/Bralco_Milan-Showroom-Opening_1-328x219.jpg\" itemprop=\"thumbnail\" alt=\"bralco\" \/>\n\t\t\t\t\t\t\t<\/a>\n\t\t\t\t\t\t\t\t\t\t\t\t\t\t<figcaption class=\"photoswipe-gallery-caption\" style=\"display:none;\"><\/figcaption>\n\n\t\t\t\t\t\t<\/figure>\n\t\t\t\t\t\t\t<\/div>\n\t\t<\/div>\n\t\t<div style='clear:both'><\/div>\n\n","protected":false},"excerpt":{"rendered":"<p>&nbsp; In Via Maroncelli 2, a Milano, il nuovo showroom di Bralco si inserisce in un contesto urbano definito da una stratificazione d\u2019eccellenza, tra le gallerie d\u2019arte del Maroncelli District e le architetture iconiche firmate da C\u00e9sar Pelli e dallo studio Herzog &amp; de Meuron. La scelta di questa posizione non \u00e8 casuale, ma riflette [&hellip;]<\/p>\n","protected":false},"author":6,"featured_media":119935,"comment_status":"closed","ping_status":"closed","sticky":false,"template":"","format":"standard","meta":{"_acf_changed":false,"footnotes":""},"categories":[367,417,368],"tags":[],"class_list":{"0":"post-119934","1":"post","2":"type-post","3":"status-publish","4":"format-standard","5":"has-post-thumbnail","7":"category-architettura","8":"category-architettura-home","9":"category-featured"},"acf":[],"yoast_head":"<!-- This site is optimized with the Yoast SEO plugin v27.0 - https:\/\/yoast.com\/product\/yoast-seo-wordpress\/ -->\n<title>Il workplace diventa esperienza nel nuovo showroom di Bralco a Milano<\/title>\n<meta name=\"description\" content=\"In via Maroncelli 2 a Milano ha aperto il nuovo showroom di Bralco realizzato dal team R&amp;D di Bralco in collaborazione con SP4CE Studio e sotto la direzione creativa dell&#039;architetto Stefano Verga.\" \/>\n<meta name=\"robots\" content=\"index, follow, max-snippet:-1, max-image-preview:large, max-video-preview:-1\" \/>\n<link rel=\"canonical\" href=\"https:\/\/www.matrix4design.com\/it\/architettura\/il-workplace-diventa-esperienza-nel-nuovo-showroom-di-bralco-a-milano\/\" \/>\n<meta property=\"og:locale\" content=\"it_IT\" \/>\n<meta property=\"og:type\" content=\"article\" \/>\n<meta property=\"og:title\" content=\"Il workplace diventa esperienza nel nuovo showroom di Bralco a Milano\" \/>\n<meta property=\"og:description\" content=\"In via Maroncelli 2 a Milano ha aperto il nuovo showroom di Bralco realizzato dal team R&amp;D di Bralco in collaborazione con SP4CE Studio e sotto la direzione creativa dell&#039;architetto Stefano Verga.\" \/>\n<meta property=\"og:url\" content=\"https:\/\/www.matrix4design.com\/it\/architettura\/il-workplace-diventa-esperienza-nel-nuovo-showroom-di-bralco-a-milano\/\" \/>\n<meta property=\"og:site_name\" content=\"Matrix4Design\" \/>\n<meta property=\"article:publisher\" content=\"https:\/\/www.facebook.com\/matrix4designmagazine\/\" \/>\n<meta property=\"article:published_time\" content=\"2026-04-27T09:00:40+00:00\" \/>\n<meta property=\"og:image\" content=\"https:\/\/www.matrix4design.com\/wp-content\/uploads\/2026\/04\/Bralco_Milan-Showroom-Opening_1.jpg\" \/>\n\t<meta property=\"og:image:width\" content=\"1600\" \/>\n\t<meta property=\"og:image:height\" content=\"1068\" \/>\n\t<meta property=\"og:image:type\" content=\"image\/jpeg\" \/>\n<meta name=\"author\" content=\"Redazione\" \/>\n<meta name=\"twitter:card\" content=\"summary_large_image\" \/>\n<meta name=\"twitter:label1\" content=\"Scritto da\" \/>\n\t<meta name=\"twitter:data1\" content=\"Redazione\" \/>\n\t<meta name=\"twitter:label2\" content=\"Tempo di lettura stimato\" \/>\n\t<meta name=\"twitter:data2\" content=\"3 minuti\" \/>\n<script type=\"application\/ld+json\" class=\"yoast-schema-graph\">{\"@context\":\"https:\/\/schema.org\",\"@graph\":[{\"@type\":\"Article\",\"@id\":\"https:\/\/www.matrix4design.com\/it\/architettura\/il-workplace-diventa-esperienza-nel-nuovo-showroom-di-bralco-a-milano\/#article\",\"isPartOf\":{\"@id\":\"https:\/\/www.matrix4design.com\/it\/architettura\/il-workplace-diventa-esperienza-nel-nuovo-showroom-di-bralco-a-milano\/\"},\"author\":{\"name\":\"Redazione\",\"@id\":\"https:\/\/www.matrix4design.com\/it\/#\/schema\/person\/b2b6dd48f9d6892ca224742379951fa1\"},\"headline\":\"Il workplace diventa esperienza nel nuovo showroom di Bralco a Milano\",\"datePublished\":\"2026-04-27T09:00:40+00:00\",\"mainEntityOfPage\":{\"@id\":\"https:\/\/www.matrix4design.com\/it\/architettura\/il-workplace-diventa-esperienza-nel-nuovo-showroom-di-bralco-a-milano\/\"},\"wordCount\":344,\"publisher\":{\"@id\":\"https:\/\/www.matrix4design.com\/it\/#organization\"},\"image\":{\"@id\":\"https:\/\/www.matrix4design.com\/it\/architettura\/il-workplace-diventa-esperienza-nel-nuovo-showroom-di-bralco-a-milano\/#primaryimage\"},\"thumbnailUrl\":\"https:\/\/www.matrix4design.com\/wp-content\/uploads\/2026\/04\/Bralco_Milan-Showroom-Opening_1.jpg\",\"articleSection\":[\"Architettura\",\"Architettura home\",\"Featured\"],\"inLanguage\":\"it-IT\"},{\"@type\":\"WebPage\",\"@id\":\"https:\/\/www.matrix4design.com\/it\/architettura\/il-workplace-diventa-esperienza-nel-nuovo-showroom-di-bralco-a-milano\/\",\"url\":\"https:\/\/www.matrix4design.com\/it\/architettura\/il-workplace-diventa-esperienza-nel-nuovo-showroom-di-bralco-a-milano\/\",\"name\":\"Il workplace diventa esperienza nel nuovo showroom di Bralco a Milano\",\"isPartOf\":{\"@id\":\"https:\/\/www.matrix4design.com\/it\/#website\"},\"primaryImageOfPage\":{\"@id\":\"https:\/\/www.matrix4design.com\/it\/architettura\/il-workplace-diventa-esperienza-nel-nuovo-showroom-di-bralco-a-milano\/#primaryimage\"},\"image\":{\"@id\":\"https:\/\/www.matrix4design.com\/it\/architettura\/il-workplace-diventa-esperienza-nel-nuovo-showroom-di-bralco-a-milano\/#primaryimage\"},\"thumbnailUrl\":\"https:\/\/www.matrix4design.com\/wp-content\/uploads\/2026\/04\/Bralco_Milan-Showroom-Opening_1.jpg\",\"datePublished\":\"2026-04-27T09:00:40+00:00\",\"description\":\"In via Maroncelli 2 a Milano ha aperto il nuovo showroom di Bralco realizzato dal team R&D di Bralco in collaborazione con SP4CE Studio e sotto la direzione creativa dell'architetto Stefano Verga.\",\"breadcrumb\":{\"@id\":\"https:\/\/www.matrix4design.com\/it\/architettura\/il-workplace-diventa-esperienza-nel-nuovo-showroom-di-bralco-a-milano\/#breadcrumb\"},\"inLanguage\":\"it-IT\",\"potentialAction\":[{\"@type\":\"ReadAction\",\"target\":[\"https:\/\/www.matrix4design.com\/it\/architettura\/il-workplace-diventa-esperienza-nel-nuovo-showroom-di-bralco-a-milano\/\"]}]},{\"@type\":\"ImageObject\",\"inLanguage\":\"it-IT\",\"@id\":\"https:\/\/www.matrix4design.com\/it\/architettura\/il-workplace-diventa-esperienza-nel-nuovo-showroom-di-bralco-a-milano\/#primaryimage\",\"url\":\"https:\/\/www.matrix4design.com\/wp-content\/uploads\/2026\/04\/Bralco_Milan-Showroom-Opening_1.jpg\",\"contentUrl\":\"https:\/\/www.matrix4design.com\/wp-content\/uploads\/2026\/04\/Bralco_Milan-Showroom-Opening_1.jpg\",\"width\":1600,\"height\":1068,\"caption\":\"bralco\"},{\"@type\":\"BreadcrumbList\",\"@id\":\"https:\/\/www.matrix4design.com\/it\/architettura\/il-workplace-diventa-esperienza-nel-nuovo-showroom-di-bralco-a-milano\/#breadcrumb\",\"itemListElement\":[{\"@type\":\"ListItem\",\"position\":1,\"name\":\"Home\",\"item\":\"https:\/\/www.matrix4design.com\/it\/\"},{\"@type\":\"ListItem\",\"position\":2,\"name\":\"Il workplace diventa esperienza nel nuovo showroom di Bralco a Milano\"}]},{\"@type\":\"WebSite\",\"@id\":\"https:\/\/www.matrix4design.com\/it\/#website\",\"url\":\"https:\/\/www.matrix4design.com\/it\/\",\"name\":\"Matrix4Design\",\"description\":\"Digital architecture and design b2b magazine\",\"publisher\":{\"@id\":\"https:\/\/www.matrix4design.com\/it\/#organization\"},\"potentialAction\":[{\"@type\":\"SearchAction\",\"target\":{\"@type\":\"EntryPoint\",\"urlTemplate\":\"https:\/\/www.matrix4design.com\/it\/?s={search_term_string}\"},\"query-input\":{\"@type\":\"PropertyValueSpecification\",\"valueRequired\":true,\"valueName\":\"search_term_string\"}}],\"inLanguage\":\"it-IT\"},{\"@type\":\"Organization\",\"@id\":\"https:\/\/www.matrix4design.com\/it\/#organization\",\"name\":\"Matrix4Design\",\"url\":\"https:\/\/www.matrix4design.com\/it\/\",\"logo\":{\"@type\":\"ImageObject\",\"inLanguage\":\"it-IT\",\"@id\":\"https:\/\/www.matrix4design.com\/it\/#\/schema\/logo\/image\/\",\"url\":\"https:\/\/www.matrix4design.com\/wp-content\/uploads\/2020\/04\/logo_matrix4design.png\",\"contentUrl\":\"https:\/\/www.matrix4design.com\/wp-content\/uploads\/2020\/04\/logo_matrix4design.png\",\"width\":804,\"height\":114,\"caption\":\"Matrix4Design\"},\"image\":{\"@id\":\"https:\/\/www.matrix4design.com\/it\/#\/schema\/logo\/image\/\"},\"sameAs\":[\"https:\/\/www.facebook.com\/matrix4designmagazine\/\",\"https:\/\/www.instagram.com\/matrix4designmagazine\/\",\"https:\/\/www.youtube.com\/channel\/UCtuhSSrP3MOO_URZgv8mQ1A\"]},{\"@type\":\"Person\",\"@id\":\"https:\/\/www.matrix4design.com\/it\/#\/schema\/person\/b2b6dd48f9d6892ca224742379951fa1\",\"name\":\"Redazione\",\"image\":{\"@type\":\"ImageObject\",\"inLanguage\":\"it-IT\",\"@id\":\"https:\/\/www.matrix4design.com\/it\/#\/schema\/person\/image\/\",\"url\":\"https:\/\/www.matrix4design.com\/wp-content\/uploads\/2023\/01\/logo_M4D_2023-96x96.jpg\",\"contentUrl\":\"https:\/\/www.matrix4design.com\/wp-content\/uploads\/2023\/01\/logo_M4D_2023-96x96.jpg\",\"caption\":\"Redazione\"},\"url\":\"https:\/\/www.matrix4design.com\/it\/author\/redazione\/\"}]}<\/script>\n<!-- \/ Yoast SEO plugin. -->","yoast_head_json":{"title":"Il workplace diventa esperienza nel nuovo showroom di Bralco a Milano","description":"In via Maroncelli 2 a Milano ha aperto il nuovo showroom di Bralco realizzato dal team R&D di Bralco in collaborazione con SP4CE Studio e sotto la direzione creativa dell'architetto Stefano Verga.","robots":{"index":"index","follow":"follow","max-snippet":"max-snippet:-1","max-image-preview":"max-image-preview:large","max-video-preview":"max-video-preview:-1"},"canonical":"https:\/\/www.matrix4design.com\/it\/architettura\/il-workplace-diventa-esperienza-nel-nuovo-showroom-di-bralco-a-milano\/","og_locale":"it_IT","og_type":"article","og_title":"Il workplace diventa esperienza nel nuovo showroom di Bralco a Milano","og_description":"In via Maroncelli 2 a Milano ha aperto il nuovo showroom di Bralco realizzato dal team R&D di Bralco in collaborazione con SP4CE Studio e sotto la direzione creativa dell'architetto Stefano Verga.","og_url":"https:\/\/www.matrix4design.com\/it\/architettura\/il-workplace-diventa-esperienza-nel-nuovo-showroom-di-bralco-a-milano\/","og_site_name":"Matrix4Design","article_publisher":"https:\/\/www.facebook.com\/matrix4designmagazine\/","article_published_time":"2026-04-27T09:00:40+00:00","og_image":[{"width":1600,"height":1068,"url":"https:\/\/www.matrix4design.com\/wp-content\/uploads\/2026\/04\/Bralco_Milan-Showroom-Opening_1.jpg","type":"image\/jpeg"}],"author":"Redazione","twitter_card":"summary_large_image","twitter_misc":{"Scritto da":"Redazione","Tempo di lettura stimato":"3 minuti"},"schema":{"@context":"https:\/\/schema.org","@graph":[{"@type":"Article","@id":"https:\/\/www.matrix4design.com\/it\/architettura\/il-workplace-diventa-esperienza-nel-nuovo-showroom-di-bralco-a-milano\/#article","isPartOf":{"@id":"https:\/\/www.matrix4design.com\/it\/architettura\/il-workplace-diventa-esperienza-nel-nuovo-showroom-di-bralco-a-milano\/"},"author":{"name":"Redazione","@id":"https:\/\/www.matrix4design.com\/it\/#\/schema\/person\/b2b6dd48f9d6892ca224742379951fa1"},"headline":"Il workplace diventa esperienza nel nuovo showroom di Bralco a Milano","datePublished":"2026-04-27T09:00:40+00:00","mainEntityOfPage":{"@id":"https:\/\/www.matrix4design.com\/it\/architettura\/il-workplace-diventa-esperienza-nel-nuovo-showroom-di-bralco-a-milano\/"},"wordCount":344,"publisher":{"@id":"https:\/\/www.matrix4design.com\/it\/#organization"},"image":{"@id":"https:\/\/www.matrix4design.com\/it\/architettura\/il-workplace-diventa-esperienza-nel-nuovo-showroom-di-bralco-a-milano\/#primaryimage"},"thumbnailUrl":"https:\/\/www.matrix4design.com\/wp-content\/uploads\/2026\/04\/Bralco_Milan-Showroom-Opening_1.jpg","articleSection":["Architettura","Architettura home","Featured"],"inLanguage":"it-IT"},{"@type":"WebPage","@id":"https:\/\/www.matrix4design.com\/it\/architettura\/il-workplace-diventa-esperienza-nel-nuovo-showroom-di-bralco-a-milano\/","url":"https:\/\/www.matrix4design.com\/it\/architettura\/il-workplace-diventa-esperienza-nel-nuovo-showroom-di-bralco-a-milano\/","name":"Il workplace diventa esperienza nel nuovo showroom di Bralco a Milano","isPartOf":{"@id":"https:\/\/www.matrix4design.com\/it\/#website"},"primaryImageOfPage":{"@id":"https:\/\/www.matrix4design.com\/it\/architettura\/il-workplace-diventa-esperienza-nel-nuovo-showroom-di-bralco-a-milano\/#primaryimage"},"image":{"@id":"https:\/\/www.matrix4design.com\/it\/architettura\/il-workplace-diventa-esperienza-nel-nuovo-showroom-di-bralco-a-milano\/#primaryimage"},"thumbnailUrl":"https:\/\/www.matrix4design.com\/wp-content\/uploads\/2026\/04\/Bralco_Milan-Showroom-Opening_1.jpg","datePublished":"2026-04-27T09:00:40+00:00","description":"In via Maroncelli 2 a Milano ha aperto il nuovo showroom di Bralco realizzato dal team R&D di Bralco in collaborazione con SP4CE Studio e sotto la direzione creativa dell'architetto Stefano Verga.","breadcrumb":{"@id":"https:\/\/www.matrix4design.com\/it\/architettura\/il-workplace-diventa-esperienza-nel-nuovo-showroom-di-bralco-a-milano\/#breadcrumb"},"inLanguage":"it-IT","potentialAction":[{"@type":"ReadAction","target":["https:\/\/www.matrix4design.com\/it\/architettura\/il-workplace-diventa-esperienza-nel-nuovo-showroom-di-bralco-a-milano\/"]}]},{"@type":"ImageObject","inLanguage":"it-IT","@id":"https:\/\/www.matrix4design.com\/it\/architettura\/il-workplace-diventa-esperienza-nel-nuovo-showroom-di-bralco-a-milano\/#primaryimage","url":"https:\/\/www.matrix4design.com\/wp-content\/uploads\/2026\/04\/Bralco_Milan-Showroom-Opening_1.jpg","contentUrl":"https:\/\/www.matrix4design.com\/wp-content\/uploads\/2026\/04\/Bralco_Milan-Showroom-Opening_1.jpg","width":1600,"height":1068,"caption":"bralco"},{"@type":"BreadcrumbList","@id":"https:\/\/www.matrix4design.com\/it\/architettura\/il-workplace-diventa-esperienza-nel-nuovo-showroom-di-bralco-a-milano\/#breadcrumb","itemListElement":[{"@type":"ListItem","position":1,"name":"Home","item":"https:\/\/www.matrix4design.com\/it\/"},{"@type":"ListItem","position":2,"name":"Il workplace diventa esperienza nel nuovo showroom di Bralco a Milano"}]},{"@type":"WebSite","@id":"https:\/\/www.matrix4design.com\/it\/#website","url":"https:\/\/www.matrix4design.com\/it\/","name":"Matrix4Design","description":"Digital architecture and design b2b magazine","publisher":{"@id":"https:\/\/www.matrix4design.com\/it\/#organization"},"potentialAction":[{"@type":"SearchAction","target":{"@type":"EntryPoint","urlTemplate":"https:\/\/www.matrix4design.com\/it\/?s={search_term_string}"},"query-input":{"@type":"PropertyValueSpecification","valueRequired":true,"valueName":"search_term_string"}}],"inLanguage":"it-IT"},{"@type":"Organization","@id":"https:\/\/www.matrix4design.com\/it\/#organization","name":"Matrix4Design","url":"https:\/\/www.matrix4design.com\/it\/","logo":{"@type":"ImageObject","inLanguage":"it-IT","@id":"https:\/\/www.matrix4design.com\/it\/#\/schema\/logo\/image\/","url":"https:\/\/www.matrix4design.com\/wp-content\/uploads\/2020\/04\/logo_matrix4design.png","contentUrl":"https:\/\/www.matrix4design.com\/wp-content\/uploads\/2020\/04\/logo_matrix4design.png","width":804,"height":114,"caption":"Matrix4Design"},"image":{"@id":"https:\/\/www.matrix4design.com\/it\/#\/schema\/logo\/image\/"},"sameAs":["https:\/\/www.facebook.com\/matrix4designmagazine\/","https:\/\/www.instagram.com\/matrix4designmagazine\/","https:\/\/www.youtube.com\/channel\/UCtuhSSrP3MOO_URZgv8mQ1A"]},{"@type":"Person","@id":"https:\/\/www.matrix4design.com\/it\/#\/schema\/person\/b2b6dd48f9d6892ca224742379951fa1","name":"Redazione","image":{"@type":"ImageObject","inLanguage":"it-IT","@id":"https:\/\/www.matrix4design.com\/it\/#\/schema\/person\/image\/","url":"https:\/\/www.matrix4design.com\/wp-content\/uploads\/2023\/01\/logo_M4D_2023-96x96.jpg","contentUrl":"https:\/\/www.matrix4design.com\/wp-content\/uploads\/2023\/01\/logo_M4D_2023-96x96.jpg","caption":"Redazione"},"url":"https:\/\/www.matrix4design.com\/it\/author\/redazione\/"}]}},"_links":{"self":[{"href":"https:\/\/www.matrix4design.com\/it\/wp-json\/wp\/v2\/posts\/119934","targetHints":{"allow":["GET"]}}],"collection":[{"href":"https:\/\/www.matrix4design.com\/it\/wp-json\/wp\/v2\/posts"}],"about":[{"href":"https:\/\/www.matrix4design.com\/it\/wp-json\/wp\/v2\/types\/post"}],"author":[{"embeddable":true,"href":"https:\/\/www.matrix4design.com\/it\/wp-json\/wp\/v2\/users\/6"}],"replies":[{"embeddable":true,"href":"https:\/\/www.matrix4design.com\/it\/wp-json\/wp\/v2\/comments?post=119934"}],"version-history":[{"count":2,"href":"https:\/\/www.matrix4design.com\/it\/wp-json\/wp\/v2\/posts\/119934\/revisions"}],"predecessor-version":[{"id":120022,"href":"https:\/\/www.matrix4design.com\/it\/wp-json\/wp\/v2\/posts\/119934\/revisions\/120022"}],"wp:featuredmedia":[{"embeddable":true,"href":"https:\/\/www.matrix4design.com\/it\/wp-json\/wp\/v2\/media\/119935"}],"wp:attachment":[{"href":"https:\/\/www.matrix4design.com\/it\/wp-json\/wp\/v2\/media?parent=119934"}],"wp:term":[{"taxonomy":"category","embeddable":true,"href":"https:\/\/www.matrix4design.com\/it\/wp-json\/wp\/v2\/categories?post=119934"},{"taxonomy":"post_tag","embeddable":true,"href":"https:\/\/www.matrix4design.com\/it\/wp-json\/wp\/v2\/tags?post=119934"}],"curies":[{"name":"wp","href":"https:\/\/api.w.org\/{rel}","templated":true}]}}