{"id":121938,"date":"2026-09-01T11:00:38","date_gmt":"2026-09-01T09:00:38","guid":{"rendered":"https:\/\/www.matrix4design.com\/?p=121938"},"modified":"2026-08-04T10:16:47","modified_gmt":"2026-08-04T08:16:47","slug":"lex-carcere-asburgico-rinasce-e-diventa-il-nuovo-tribunale-di-trento","status":"publish","type":"post","link":"https:\/\/www.matrix4design.com\/it\/architettura\/lex-carcere-asburgico-rinasce-e-diventa-il-nuovo-tribunale-di-trento\/","title":{"rendered":"L\u2019ex carcere asburgico rinasce e diventa il nuovo Tribunale di Trento"},"content":{"rendered":"<p>&nbsp;<\/p>\n<p>Il ridisegno degli spazi della giustizia rappresenta oggi una delle sfide pi\u00f9 complesse per l\u2019architettura contemporanea, dove la necessit\u00e0 di rigore funzionale deve necessariamente incontrarsi con il rispetto per la preesistenza storica e la dignit\u00e0 del cittadino. A Trento, questo delicato equilibrio prende forma con l&#8217;avvio del cantiere per il <strong>nuovo Polo Giudiziario<\/strong> nel quadrilatero di largo Pigarelli, un intervento ambizioso affidato allo <strong>studio<a href=\"http:\/\/web.cipiuesse.it\/en\/projects_3.htm\" target=\"_blank\" rel=\"noopener\"> C+S Architects<\/a><\/strong> che mira <strong>a trasformare un simbolo di reclusione in un luogo di trasparenza e partecipazione civile<\/strong>. Il primo lotto dei lavori si concentra sulla <strong>ristrutturazione dell\u2019ex carcere asburgico, un edificio monumentale di quasi cinquemila metri quadrati<\/strong> che costituisce il cuore di un piano di riqualificazione complessivo da 59 milioni di euro.<\/p>\n<p>L&#8217;approccio progettuale di <strong>Carlo Cappai<\/strong> e <strong>Maria Alessandra Segantini<\/strong> non si limita alla semplice riorganizzazione spaziale, ma si configura come un profondo atto di responsabilit\u00e0 etica teso a tradurre i valori democratici di equit\u00e0 e accoglienza in materia architettonica<\/p>\n<p>\u201c<em>Progettare un palazzo di giustizia non \u00e8 mai una questione di pura estetica o di sola organizzazione spaziale: \u00e8, prima di tutto, un profondo atto di responsabilit\u00e0 etica<\/em>\u201d, commenta Segantini. \u201c<em>L&#8217;architettura pubblica ha il dovere civile di dare forma materiale ai valori democratici di trasparenza, equit\u00e0 e accoglienza. In un luogo dove si decide della vita delle persone, lo spazio non deve intimorire n\u00e9 isolare, ma deve farsi interprete di un senso di equit\u00e0 e responsabilit\u00e0. Con il nostro lavoro cerchiamo di restituire ai cittadini spazi sostenibili, luminosi e integrati nel tessuto storico. Innovazione che si nutre delle radici dei luoghi. L&#8217;etica nell&#8217;architettura \u00e8 proprio questo: rimettere la persona al centro, trasformando un edificio istituzionale in un ponte tra la legge e la comunit\u00e0, dove la bellezza stessa diventa uno strumento di dignit\u00e0, rispetto e riscatto sociale<\/em>\u201d.<\/p>\n<p>Nel progetto di Trento, questa visione si traduce nel <strong>recupero della bellezza delle ex-carceri, destinate a ospitare uffici e aule <\/strong>attraverso percorsi trasparenti che mettono al centro l\u2019identit\u00e0 della comunit\u00e0 locale.<\/p>\n<p>Dal punto di vista funzionale, l\u2019intervento prevede una complessa <strong>ridistribuzione dei volumi su pi\u00f9 livelli per coniugare sicurezza ed efficienza<\/strong>. Al <strong>piano terra<\/strong>, l\u2019ala centrale funger\u00e0 da collegamento tra le <strong>corti esterne<\/strong>, ospitando servizi aperti alla cittadinanza come <strong>un bar, un ristorante e una cella-museo<\/strong>, mentre le <strong>ali laterali accoglieranno il Casellario e l\u2019Ordine degli Avvocati<\/strong>. I <strong>primi due piani<\/strong> dell&#8217;edificio storico saranno interamente occupati dal <strong>Tribunale Ordinario e dal Giudice di Pace<\/strong>, con le <strong>cancellerie<\/strong> posizionate nelle <strong>ali laterali<\/strong> e gli uffici dei magistrati in quelle centrale e orientale; di particolare rilievo \u00e8 il <strong>recupero dell&#8217;ex cappella<\/strong>, trasformata per l\u2019occasione in un\u2019aula d\u2019udienza. <strong>L\u2019ultimo piano<\/strong>, precedentemente un sottotetto non utilizzato, diverr\u00e0 <strong>un\u2019area multifunzionale<\/strong> caratterizzata da <strong>lucernari zenitali e nuove capriate in legno lamellare<\/strong>, mentre il <strong>piano interrato ospiter\u00e0 archivi e locali tecnologici<\/strong> all&#8217;interno di un nuovo blocco ipogeo scavato sotto il giardino d&#8217;ingresso.<\/p>\n<p>Il cantiere, la cui durata \u00e8 stimata in circa mille giorni, rappresenta solo la prima fase di un&#8217;opera che vedr\u00e0 successivamente la <strong>costruzione di un nuovo fabbricato e il restauro del palazzo storico principale e del blocco degli anni Sessanta<\/strong>, confermando l&#8217;impegno dello studio nel rimettere la persona al centro dell&#8217;architettura istituzionale.<\/p>\n\t\t<div style=\"clear:both\"><\/div>\n\t\t<div class=\"psgal_wrap\">\n\t\t\t<div id=\"psgal_121938_1\" data-psgal_id=\"121938_1\" data-psgal_container_id=\"container_121938_1\" data-psgal_thumbnail_width=\"164\" data-psgal_use_masonary=\"1\" class=\"psgal-inline psgal gallery-columns-3 gallery-size-thumbnail use_masonry_1 show_captions_\" itemscope itemtype=\"http:\/\/schema.org\/ImageGallery\">\n\t\t\t\t\t\t\t\t\t\t<figure class=\"msnry_items\" itemscope itemtype=\"http:\/\/schema.org\/ImageObject\" style=\"width:164px;\">\n\t\t\t\t\t\t\t<a href=\"https:\/\/www.matrix4design.com\/wp-content\/uploads\/2026\/08\/rendering_web.png\" itemprop=\"contentUrl\" data-size=\"1769x960\" data-caption=\"\" style=\"height:83.573170731707px;\">\n\t\t\t\t\t\t\t\t<img decoding=\"async\" class=\"msnry_thumb\" src=\"https:\/\/www.matrix4design.com\/wp-content\/uploads\/2026\/08\/rendering_web-328x178.png\" itemprop=\"thumbnail\" alt=\"\" \/>\n\t\t\t\t\t\t\t<\/a>\n\t\t\t\t\t\t\t\t\t\t\t\t\t\t<figcaption class=\"photoswipe-gallery-caption\" style=\"display:none;\"><\/figcaption>\n\n\t\t\t\t\t\t<\/figure>\n\t\t\t\t\t\t\t\t\t\t<figure class=\"msnry_items\" itemscope itemtype=\"http:\/\/schema.org\/ImageObject\" style=\"width:164px;\">\n\t\t\t\t\t\t\t<a href=\"https:\/\/www.matrix4design.com\/wp-content\/uploads\/2026\/08\/2300621_Staircase_03_Outside.jpg\" itemprop=\"contentUrl\" data-size=\"1800x1400\" data-caption=\"\" style=\"height:119.7256097561px;\">\n\t\t\t\t\t\t\t\t<img decoding=\"async\" class=\"msnry_thumb\" src=\"https:\/\/www.matrix4design.com\/wp-content\/uploads\/2026\/08\/2300621_Staircase_03_Outside-328x255.jpg\" itemprop=\"thumbnail\" alt=\"\" \/>\n\t\t\t\t\t\t\t<\/a>\n\t\t\t\t\t\t\t\t\t\t\t\t\t\t<figcaption class=\"photoswipe-gallery-caption\" style=\"display:none;\"><\/figcaption>\n\n\t\t\t\t\t\t<\/figure>\n\t\t\t\t\t\t\t\t\t\t<figure class=\"msnry_items\" itemscope itemtype=\"http:\/\/schema.org\/ImageObject\" style=\"width:164px;\">\n\t\t\t\t\t\t\t<a href=\"https:\/\/www.matrix4design.com\/wp-content\/uploads\/2026\/08\/230626_Tripple-Height-Hall_PaintedSteel_5x1cm_00_Cut03.jpg\" itemprop=\"contentUrl\" data-size=\"1181x1547\" data-caption=\"\" style=\"height:202.048px;\">\n\t\t\t\t\t\t\t\t<img decoding=\"async\" class=\"msnry_thumb\" src=\"https:\/\/www.matrix4design.com\/wp-content\/uploads\/2026\/08\/230626_Tripple-Height-Hall_PaintedSteel_5x1cm_00_Cut03-250x328.jpg\" itemprop=\"thumbnail\" alt=\"\" \/>\n\t\t\t\t\t\t\t<\/a>\n\t\t\t\t\t\t\t\t\t\t\t\t\t\t<figcaption class=\"photoswipe-gallery-caption\" style=\"display:none;\"><\/figcaption>\n\n\t\t\t\t\t\t<\/figure>\n\t\t\t\t\t\t\t\t\t\t<figure class=\"msnry_items\" itemscope itemtype=\"http:\/\/schema.org\/ImageObject\" style=\"width:164px;\">\n\t\t\t\t\t\t\t<a href=\"https:\/\/www.matrix4design.com\/wp-content\/uploads\/2026\/08\/230621_Staircase_03_Inside.jpg\" itemprop=\"contentUrl\" data-size=\"984x1477\" data-caption=\"\" style=\"height:230.64840182648px;\">\n\t\t\t\t\t\t\t\t<img decoding=\"async\" class=\"msnry_thumb\" src=\"https:\/\/www.matrix4design.com\/wp-content\/uploads\/2026\/08\/230621_Staircase_03_Inside-219x328.jpg\" itemprop=\"thumbnail\" alt=\"\" \/>\n\t\t\t\t\t\t\t<\/a>\n\t\t\t\t\t\t\t\t\t\t\t\t\t\t<figcaption class=\"photoswipe-gallery-caption\" style=\"display:none;\"><\/figcaption>\n\n\t\t\t\t\t\t<\/figure>\n\t\t\t\t\t\t\t<\/div>\n\t\t<\/div>\n\t\t<div style='clear:both'><\/div>\n\n","protected":false},"excerpt":{"rendered":"<p>&nbsp; Il ridisegno degli spazi della giustizia rappresenta oggi una delle sfide pi\u00f9 complesse per l\u2019architettura contemporanea, dove la necessit\u00e0 di rigore funzionale deve necessariamente incontrarsi con il rispetto per la preesistenza storica e la dignit\u00e0 del cittadino. A Trento, questo delicato equilibrio prende forma con l&#8217;avvio del cantiere per il nuovo Polo Giudiziario nel [&hellip;]<\/p>\n","protected":false},"author":6,"featured_media":121940,"comment_status":"closed","ping_status":"closed","sticky":false,"template":"","format":"standard","meta":{"_acf_changed":false,"footnotes":""},"categories":[367,417,368],"tags":[],"class_list":["post-121938","post","type-post","status-publish","format-standard","has-post-thumbnail","category-architettura","category-architettura-home","category-featured"],"acf":[],"yoast_head":"<!-- This site is optimized with the Yoast SEO plugin v28.0 - https:\/\/yoast.com\/product\/yoast-seo-wordpress\/ -->\n<title>L\u2019ex carcere asburgico rinasce e diventa il nuovo Tribunale di Trento<\/title>\n<meta name=\"description\" content=\"C+S Architects avvia il cantiere per la riqualificazione dell&#039;ex carcere asburgico, trasformandolo in un polo giudiziario moderno che pone al centro la dignit\u00e0 del cittadino e l&#039;identit\u00e0 della comunit\u00e0.\" \/>\n<meta name=\"robots\" content=\"index, follow, max-snippet:-1, max-image-preview:large, max-video-preview:-1\" \/>\n<link rel=\"canonical\" href=\"https:\/\/www.matrix4design.com\/it\/architettura\/lex-carcere-asburgico-rinasce-e-diventa-il-nuovo-tribunale-di-trento\/\" \/>\n<meta property=\"og:locale\" content=\"it_IT\" \/>\n<meta property=\"og:type\" content=\"article\" \/>\n<meta property=\"og:title\" content=\"L\u2019ex carcere asburgico rinasce e diventa il nuovo Tribunale di Trento\" \/>\n<meta property=\"og:description\" content=\"C+S Architects avvia il cantiere per la riqualificazione dell&#039;ex carcere asburgico, trasformandolo in un polo giudiziario moderno che pone al centro la dignit\u00e0 del cittadino e l&#039;identit\u00e0 della comunit\u00e0.\" \/>\n<meta property=\"og:url\" content=\"https:\/\/www.matrix4design.com\/it\/architettura\/lex-carcere-asburgico-rinasce-e-diventa-il-nuovo-tribunale-di-trento\/\" \/>\n<meta property=\"og:site_name\" content=\"Matrix4Design\" \/>\n<meta property=\"article:publisher\" content=\"https:\/\/www.facebook.com\/matrix4designmagazine\/\" \/>\n<meta property=\"article:published_time\" content=\"2026-09-01T09:00:38+00:00\" \/>\n<meta property=\"og:image\" content=\"https:\/\/www.matrix4design.com\/wp-content\/uploads\/2026\/08\/EXTERIOR-RENDER-TRENTO-EXTERIOR-LAMPS_CHIARO_new.jpg\" \/>\n\t<meta property=\"og:image:width\" content=\"1772\" \/>\n\t<meta property=\"og:image:height\" content=\"969\" \/>\n\t<meta property=\"og:image:type\" content=\"image\/jpeg\" \/>\n<meta name=\"author\" content=\"Redazione\" \/>\n<meta name=\"twitter:card\" content=\"summary_large_image\" \/>\n<meta name=\"twitter:label1\" content=\"Scritto da\" \/>\n\t<meta name=\"twitter:data1\" content=\"Redazione\" \/>\n\t<meta name=\"twitter:label2\" content=\"Tempo di lettura stimato\" \/>\n\t<meta name=\"twitter:data2\" content=\"3 minuti\" \/>\n<script type=\"application\/ld+json\" class=\"yoast-schema-graph\">{\"@context\":\"https:\\\/\\\/schema.org\",\"@graph\":[{\"@type\":\"Article\",\"@id\":\"https:\\\/\\\/www.matrix4design.com\\\/it\\\/architettura\\\/lex-carcere-asburgico-rinasce-e-diventa-il-nuovo-tribunale-di-trento\\\/#article\",\"isPartOf\":{\"@id\":\"https:\\\/\\\/www.matrix4design.com\\\/it\\\/architettura\\\/lex-carcere-asburgico-rinasce-e-diventa-il-nuovo-tribunale-di-trento\\\/\"},\"author\":{\"name\":\"Redazione\",\"@id\":\"https:\\\/\\\/www.matrix4design.com\\\/it\\\/#\\\/schema\\\/person\\\/b2b6dd48f9d6892ca224742379951fa1\"},\"headline\":\"L\u2019ex carcere asburgico rinasce e diventa il nuovo Tribunale di Trento\",\"datePublished\":\"2026-09-01T09:00:38+00:00\",\"mainEntityOfPage\":{\"@id\":\"https:\\\/\\\/www.matrix4design.com\\\/it\\\/architettura\\\/lex-carcere-asburgico-rinasce-e-diventa-il-nuovo-tribunale-di-trento\\\/\"},\"wordCount\":553,\"publisher\":{\"@id\":\"https:\\\/\\\/www.matrix4design.com\\\/it\\\/#organization\"},\"image\":{\"@id\":\"https:\\\/\\\/www.matrix4design.com\\\/it\\\/architettura\\\/lex-carcere-asburgico-rinasce-e-diventa-il-nuovo-tribunale-di-trento\\\/#primaryimage\"},\"thumbnailUrl\":\"https:\\\/\\\/www.matrix4design.com\\\/wp-content\\\/uploads\\\/2026\\\/08\\\/EXTERIOR-RENDER-TRENTO-EXTERIOR-LAMPS_CHIARO_new.jpg\",\"articleSection\":[\"Architettura\",\"Architettura home\",\"Featured\"],\"inLanguage\":\"it-IT\"},{\"@type\":\"WebPage\",\"@id\":\"https:\\\/\\\/www.matrix4design.com\\\/it\\\/architettura\\\/lex-carcere-asburgico-rinasce-e-diventa-il-nuovo-tribunale-di-trento\\\/\",\"url\":\"https:\\\/\\\/www.matrix4design.com\\\/it\\\/architettura\\\/lex-carcere-asburgico-rinasce-e-diventa-il-nuovo-tribunale-di-trento\\\/\",\"name\":\"L\u2019ex carcere asburgico rinasce e diventa il nuovo Tribunale di Trento\",\"isPartOf\":{\"@id\":\"https:\\\/\\\/www.matrix4design.com\\\/it\\\/#website\"},\"primaryImageOfPage\":{\"@id\":\"https:\\\/\\\/www.matrix4design.com\\\/it\\\/architettura\\\/lex-carcere-asburgico-rinasce-e-diventa-il-nuovo-tribunale-di-trento\\\/#primaryimage\"},\"image\":{\"@id\":\"https:\\\/\\\/www.matrix4design.com\\\/it\\\/architettura\\\/lex-carcere-asburgico-rinasce-e-diventa-il-nuovo-tribunale-di-trento\\\/#primaryimage\"},\"thumbnailUrl\":\"https:\\\/\\\/www.matrix4design.com\\\/wp-content\\\/uploads\\\/2026\\\/08\\\/EXTERIOR-RENDER-TRENTO-EXTERIOR-LAMPS_CHIARO_new.jpg\",\"datePublished\":\"2026-09-01T09:00:38+00:00\",\"description\":\"C+S Architects avvia il cantiere per la riqualificazione dell'ex carcere asburgico, trasformandolo in un polo giudiziario moderno che pone al centro la dignit\u00e0 del cittadino e l'identit\u00e0 della comunit\u00e0.\",\"breadcrumb\":{\"@id\":\"https:\\\/\\\/www.matrix4design.com\\\/it\\\/architettura\\\/lex-carcere-asburgico-rinasce-e-diventa-il-nuovo-tribunale-di-trento\\\/#breadcrumb\"},\"inLanguage\":\"it-IT\",\"potentialAction\":[{\"@type\":\"ReadAction\",\"target\":[\"https:\\\/\\\/www.matrix4design.com\\\/it\\\/architettura\\\/lex-carcere-asburgico-rinasce-e-diventa-il-nuovo-tribunale-di-trento\\\/\"]}]},{\"@type\":\"ImageObject\",\"inLanguage\":\"it-IT\",\"@id\":\"https:\\\/\\\/www.matrix4design.com\\\/it\\\/architettura\\\/lex-carcere-asburgico-rinasce-e-diventa-il-nuovo-tribunale-di-trento\\\/#primaryimage\",\"url\":\"https:\\\/\\\/www.matrix4design.com\\\/wp-content\\\/uploads\\\/2026\\\/08\\\/EXTERIOR-RENDER-TRENTO-EXTERIOR-LAMPS_CHIARO_new.jpg\",\"contentUrl\":\"https:\\\/\\\/www.matrix4design.com\\\/wp-content\\\/uploads\\\/2026\\\/08\\\/EXTERIOR-RENDER-TRENTO-EXTERIOR-LAMPS_CHIARO_new.jpg\",\"width\":1772,\"height\":969,\"caption\":\"carcere\"},{\"@type\":\"BreadcrumbList\",\"@id\":\"https:\\\/\\\/www.matrix4design.com\\\/it\\\/architettura\\\/lex-carcere-asburgico-rinasce-e-diventa-il-nuovo-tribunale-di-trento\\\/#breadcrumb\",\"itemListElement\":[{\"@type\":\"ListItem\",\"position\":1,\"name\":\"Home\",\"item\":\"https:\\\/\\\/www.matrix4design.com\\\/it\\\/\"},{\"@type\":\"ListItem\",\"position\":2,\"name\":\"L\u2019ex carcere asburgico rinasce e diventa il nuovo Tribunale di Trento\"}]},{\"@type\":\"WebSite\",\"@id\":\"https:\\\/\\\/www.matrix4design.com\\\/it\\\/#website\",\"url\":\"https:\\\/\\\/www.matrix4design.com\\\/it\\\/\",\"name\":\"Matrix4Design\",\"description\":\"Digital architecture and design b2b magazine\",\"publisher\":{\"@id\":\"https:\\\/\\\/www.matrix4design.com\\\/it\\\/#organization\"},\"potentialAction\":[{\"@type\":\"SearchAction\",\"target\":{\"@type\":\"EntryPoint\",\"urlTemplate\":\"https:\\\/\\\/www.matrix4design.com\\\/it\\\/?s={search_term_string}\"},\"query-input\":{\"@type\":\"PropertyValueSpecification\",\"valueRequired\":true,\"valueName\":\"search_term_string\"}}],\"inLanguage\":\"it-IT\"},{\"@type\":\"Organization\",\"@id\":\"https:\\\/\\\/www.matrix4design.com\\\/it\\\/#organization\",\"name\":\"Matrix4Design\",\"url\":\"https:\\\/\\\/www.matrix4design.com\\\/it\\\/\",\"logo\":{\"@type\":\"ImageObject\",\"inLanguage\":\"it-IT\",\"@id\":\"https:\\\/\\\/www.matrix4design.com\\\/it\\\/#\\\/schema\\\/logo\\\/image\\\/\",\"url\":\"https:\\\/\\\/www.matrix4design.com\\\/wp-content\\\/uploads\\\/2020\\\/04\\\/logo_matrix4design.png\",\"contentUrl\":\"https:\\\/\\\/www.matrix4design.com\\\/wp-content\\\/uploads\\\/2020\\\/04\\\/logo_matrix4design.png\",\"width\":804,\"height\":114,\"caption\":\"Matrix4Design\"},\"image\":{\"@id\":\"https:\\\/\\\/www.matrix4design.com\\\/it\\\/#\\\/schema\\\/logo\\\/image\\\/\"},\"sameAs\":[\"https:\\\/\\\/www.facebook.com\\\/matrix4designmagazine\\\/\",\"https:\\\/\\\/www.instagram.com\\\/matrix4designmagazine\\\/\",\"https:\\\/\\\/www.youtube.com\\\/channel\\\/UCtuhSSrP3MOO_URZgv8mQ1A\"]},{\"@type\":\"Person\",\"@id\":\"https:\\\/\\\/www.matrix4design.com\\\/it\\\/#\\\/schema\\\/person\\\/b2b6dd48f9d6892ca224742379951fa1\",\"name\":\"Redazione\",\"image\":{\"@type\":\"ImageObject\",\"inLanguage\":\"it-IT\",\"@id\":\"https:\\\/\\\/www.matrix4design.com\\\/wp-content\\\/uploads\\\/2023\\\/01\\\/logo_M4D_2023-96x96.jpg\",\"url\":\"https:\\\/\\\/www.matrix4design.com\\\/wp-content\\\/uploads\\\/2023\\\/01\\\/logo_M4D_2023-96x96.jpg\",\"contentUrl\":\"https:\\\/\\\/www.matrix4design.com\\\/wp-content\\\/uploads\\\/2023\\\/01\\\/logo_M4D_2023-96x96.jpg\",\"caption\":\"Redazione\"},\"url\":\"https:\\\/\\\/www.matrix4design.com\\\/it\\\/author\\\/redazione\\\/\"}]}<\/script>\n<!-- \/ Yoast SEO plugin. -->","yoast_head_json":{"title":"L\u2019ex carcere asburgico rinasce e diventa il nuovo Tribunale di Trento","description":"C+S Architects avvia il cantiere per la riqualificazione dell'ex carcere asburgico, trasformandolo in un polo giudiziario moderno che pone al centro la dignit\u00e0 del cittadino e l'identit\u00e0 della comunit\u00e0.","robots":{"index":"index","follow":"follow","max-snippet":"max-snippet:-1","max-image-preview":"max-image-preview:large","max-video-preview":"max-video-preview:-1"},"canonical":"https:\/\/www.matrix4design.com\/it\/architettura\/lex-carcere-asburgico-rinasce-e-diventa-il-nuovo-tribunale-di-trento\/","og_locale":"it_IT","og_type":"article","og_title":"L\u2019ex carcere asburgico rinasce e diventa il nuovo Tribunale di Trento","og_description":"C+S Architects avvia il cantiere per la riqualificazione dell'ex carcere asburgico, trasformandolo in un polo giudiziario moderno che pone al centro la dignit\u00e0 del cittadino e l'identit\u00e0 della comunit\u00e0.","og_url":"https:\/\/www.matrix4design.com\/it\/architettura\/lex-carcere-asburgico-rinasce-e-diventa-il-nuovo-tribunale-di-trento\/","og_site_name":"Matrix4Design","article_publisher":"https:\/\/www.facebook.com\/matrix4designmagazine\/","article_published_time":"2026-09-01T09:00:38+00:00","og_image":[{"width":1772,"height":969,"url":"https:\/\/www.matrix4design.com\/wp-content\/uploads\/2026\/08\/EXTERIOR-RENDER-TRENTO-EXTERIOR-LAMPS_CHIARO_new.jpg","type":"image\/jpeg"}],"author":"Redazione","twitter_card":"summary_large_image","twitter_misc":{"Scritto da":"Redazione","Tempo di lettura stimato":"3 minuti"},"schema":{"@context":"https:\/\/schema.org","@graph":[{"@type":"Article","@id":"https:\/\/www.matrix4design.com\/it\/architettura\/lex-carcere-asburgico-rinasce-e-diventa-il-nuovo-tribunale-di-trento\/#article","isPartOf":{"@id":"https:\/\/www.matrix4design.com\/it\/architettura\/lex-carcere-asburgico-rinasce-e-diventa-il-nuovo-tribunale-di-trento\/"},"author":{"name":"Redazione","@id":"https:\/\/www.matrix4design.com\/it\/#\/schema\/person\/b2b6dd48f9d6892ca224742379951fa1"},"headline":"L\u2019ex carcere asburgico rinasce e diventa il nuovo Tribunale di Trento","datePublished":"2026-09-01T09:00:38+00:00","mainEntityOfPage":{"@id":"https:\/\/www.matrix4design.com\/it\/architettura\/lex-carcere-asburgico-rinasce-e-diventa-il-nuovo-tribunale-di-trento\/"},"wordCount":553,"publisher":{"@id":"https:\/\/www.matrix4design.com\/it\/#organization"},"image":{"@id":"https:\/\/www.matrix4design.com\/it\/architettura\/lex-carcere-asburgico-rinasce-e-diventa-il-nuovo-tribunale-di-trento\/#primaryimage"},"thumbnailUrl":"https:\/\/www.matrix4design.com\/wp-content\/uploads\/2026\/08\/EXTERIOR-RENDER-TRENTO-EXTERIOR-LAMPS_CHIARO_new.jpg","articleSection":["Architettura","Architettura home","Featured"],"inLanguage":"it-IT"},{"@type":"WebPage","@id":"https:\/\/www.matrix4design.com\/it\/architettura\/lex-carcere-asburgico-rinasce-e-diventa-il-nuovo-tribunale-di-trento\/","url":"https:\/\/www.matrix4design.com\/it\/architettura\/lex-carcere-asburgico-rinasce-e-diventa-il-nuovo-tribunale-di-trento\/","name":"L\u2019ex carcere asburgico rinasce e diventa il nuovo Tribunale di Trento","isPartOf":{"@id":"https:\/\/www.matrix4design.com\/it\/#website"},"primaryImageOfPage":{"@id":"https:\/\/www.matrix4design.com\/it\/architettura\/lex-carcere-asburgico-rinasce-e-diventa-il-nuovo-tribunale-di-trento\/#primaryimage"},"image":{"@id":"https:\/\/www.matrix4design.com\/it\/architettura\/lex-carcere-asburgico-rinasce-e-diventa-il-nuovo-tribunale-di-trento\/#primaryimage"},"thumbnailUrl":"https:\/\/www.matrix4design.com\/wp-content\/uploads\/2026\/08\/EXTERIOR-RENDER-TRENTO-EXTERIOR-LAMPS_CHIARO_new.jpg","datePublished":"2026-09-01T09:00:38+00:00","description":"C+S Architects avvia il cantiere per la riqualificazione dell'ex carcere asburgico, trasformandolo in un polo giudiziario moderno che pone al centro la dignit\u00e0 del cittadino e l'identit\u00e0 della comunit\u00e0.","breadcrumb":{"@id":"https:\/\/www.matrix4design.com\/it\/architettura\/lex-carcere-asburgico-rinasce-e-diventa-il-nuovo-tribunale-di-trento\/#breadcrumb"},"inLanguage":"it-IT","potentialAction":[{"@type":"ReadAction","target":["https:\/\/www.matrix4design.com\/it\/architettura\/lex-carcere-asburgico-rinasce-e-diventa-il-nuovo-tribunale-di-trento\/"]}]},{"@type":"ImageObject","inLanguage":"it-IT","@id":"https:\/\/www.matrix4design.com\/it\/architettura\/lex-carcere-asburgico-rinasce-e-diventa-il-nuovo-tribunale-di-trento\/#primaryimage","url":"https:\/\/www.matrix4design.com\/wp-content\/uploads\/2026\/08\/EXTERIOR-RENDER-TRENTO-EXTERIOR-LAMPS_CHIARO_new.jpg","contentUrl":"https:\/\/www.matrix4design.com\/wp-content\/uploads\/2026\/08\/EXTERIOR-RENDER-TRENTO-EXTERIOR-LAMPS_CHIARO_new.jpg","width":1772,"height":969,"caption":"carcere"},{"@type":"BreadcrumbList","@id":"https:\/\/www.matrix4design.com\/it\/architettura\/lex-carcere-asburgico-rinasce-e-diventa-il-nuovo-tribunale-di-trento\/#breadcrumb","itemListElement":[{"@type":"ListItem","position":1,"name":"Home","item":"https:\/\/www.matrix4design.com\/it\/"},{"@type":"ListItem","position":2,"name":"L\u2019ex carcere asburgico rinasce e diventa il nuovo Tribunale di Trento"}]},{"@type":"WebSite","@id":"https:\/\/www.matrix4design.com\/it\/#website","url":"https:\/\/www.matrix4design.com\/it\/","name":"Matrix4Design","description":"Digital architecture and design b2b magazine","publisher":{"@id":"https:\/\/www.matrix4design.com\/it\/#organization"},"potentialAction":[{"@type":"SearchAction","target":{"@type":"EntryPoint","urlTemplate":"https:\/\/www.matrix4design.com\/it\/?s={search_term_string}"},"query-input":{"@type":"PropertyValueSpecification","valueRequired":true,"valueName":"search_term_string"}}],"inLanguage":"it-IT"},{"@type":"Organization","@id":"https:\/\/www.matrix4design.com\/it\/#organization","name":"Matrix4Design","url":"https:\/\/www.matrix4design.com\/it\/","logo":{"@type":"ImageObject","inLanguage":"it-IT","@id":"https:\/\/www.matrix4design.com\/it\/#\/schema\/logo\/image\/","url":"https:\/\/www.matrix4design.com\/wp-content\/uploads\/2020\/04\/logo_matrix4design.png","contentUrl":"https:\/\/www.matrix4design.com\/wp-content\/uploads\/2020\/04\/logo_matrix4design.png","width":804,"height":114,"caption":"Matrix4Design"},"image":{"@id":"https:\/\/www.matrix4design.com\/it\/#\/schema\/logo\/image\/"},"sameAs":["https:\/\/www.facebook.com\/matrix4designmagazine\/","https:\/\/www.instagram.com\/matrix4designmagazine\/","https:\/\/www.youtube.com\/channel\/UCtuhSSrP3MOO_URZgv8mQ1A"]},{"@type":"Person","@id":"https:\/\/www.matrix4design.com\/it\/#\/schema\/person\/b2b6dd48f9d6892ca224742379951fa1","name":"Redazione","image":{"@type":"ImageObject","inLanguage":"it-IT","@id":"https:\/\/www.matrix4design.com\/wp-content\/uploads\/2023\/01\/logo_M4D_2023-96x96.jpg","url":"https:\/\/www.matrix4design.com\/wp-content\/uploads\/2023\/01\/logo_M4D_2023-96x96.jpg","contentUrl":"https:\/\/www.matrix4design.com\/wp-content\/uploads\/2023\/01\/logo_M4D_2023-96x96.jpg","caption":"Redazione"},"url":"https:\/\/www.matrix4design.com\/it\/author\/redazione\/"}]}},"_links":{"self":[{"href":"https:\/\/www.matrix4design.com\/it\/wp-json\/wp\/v2\/posts\/121938","targetHints":{"allow":["GET"]}}],"collection":[{"href":"https:\/\/www.matrix4design.com\/it\/wp-json\/wp\/v2\/posts"}],"about":[{"href":"https:\/\/www.matrix4design.com\/it\/wp-json\/wp\/v2\/types\/post"}],"author":[{"embeddable":true,"href":"https:\/\/www.matrix4design.com\/it\/wp-json\/wp\/v2\/users\/6"}],"replies":[{"embeddable":true,"href":"https:\/\/www.matrix4design.com\/it\/wp-json\/wp\/v2\/comments?post=121938"}],"version-history":[{"count":3,"href":"https:\/\/www.matrix4design.com\/it\/wp-json\/wp\/v2\/posts\/121938\/revisions"}],"predecessor-version":[{"id":121946,"href":"https:\/\/www.matrix4design.com\/it\/wp-json\/wp\/v2\/posts\/121938\/revisions\/121946"}],"wp:featuredmedia":[{"embeddable":true,"href":"https:\/\/www.matrix4design.com\/it\/wp-json\/wp\/v2\/media\/121940"}],"wp:attachment":[{"href":"https:\/\/www.matrix4design.com\/it\/wp-json\/wp\/v2\/media?parent=121938"}],"wp:term":[{"taxonomy":"category","embeddable":true,"href":"https:\/\/www.matrix4design.com\/it\/wp-json\/wp\/v2\/categories?post=121938"},{"taxonomy":"post_tag","embeddable":true,"href":"https:\/\/www.matrix4design.com\/it\/wp-json\/wp\/v2\/tags?post=121938"}],"curies":[{"name":"wp","href":"https:\/\/api.w.org\/{rel}","templated":true}]}}