{"id":43003,"date":"2018-06-04T00:00:00","date_gmt":"2018-06-04T00:00:00","guid":{"rendered":""},"modified":"2020-03-26T10:54:55","modified_gmt":"2020-03-26T10:54:55","slug":"biennale-architettura-2018-arcipelago-italia-matrix4design-incontra-solinas-serra-architects","status":"publish","type":"post","link":"https:\/\/www.matrix4design.com\/it\/architettura\/biennale-architettura-2018-arcipelago-italia-matrix4design-incontra-solinas-serra-architects\/","title":{"rendered":"Biennale Architettura 2018 \/ Arcipelago Italia, Matrix4Design incontra Solinas Serra Architects"},"content":{"rendered":"<p><body>                   <\/p>\n<div id=\"main-text\">\n<p><i>Si \u00e8 aperta da pochi giorni la <strong>Sedicesima Biennale di Architettura di Venezia<\/strong>, una grande occasione per portare in laguna alcune delle pi\u00f9 importanti firme della progettazione internazionale e per sviluppare una riflessione profonda sulle architetture di oggi e di domani, costruzioni e visioni che incorniciano la vita umana in ogni sua sfumatura alla ricerca di un punto di equilibrio tra realt\u00e0 e immaginazione. L\u2019edizione di quest\u2019anno, curata da Grafton Architects, pone l\u2019accento sul tema Freespace, lo \u201cspazio libero\u201d da interpretare in accezioni sempre nuove, e vede protagonista il <strong>Padiglione Italia<\/strong> grazie al progetto <strong>Arcipelago Italia<\/strong>, ideato da Mario Cucinella Architects in collaborazione con alcuni studi di architettura italiani che hanno accettato la sfida di proporre inedite prospettive attraverso le quali guardare la nostra multiforme penisola. Tra loro, lo studio <strong>Solinas Serra Architects<\/strong>, autore di un programma edilizio \u201cibrido\u201d dedicato alla regione della Barbagia in Sardegna. Per saperne di pi\u00f9 abbiamo intervistato l\u2019architetto Simone Solinas. Ecco quello che ci ha raccontato.<\/i><\/p>\n<p><b>&nbsp;<\/b><\/p>\n<p><b><i>Arcipelago Italia<\/i> \u00e8 un progetto che mira a tracciare una mappa territoriale del nostro Paese attirando l\u2019attenzione su quelle aree storicamente decentrate e tuttavia sede di un patrimonio culturale inestimabile, che lega a doppio filo architettura, paesaggio, comunit\u00e0. Qual \u00e8 stato il vostro contributo?<\/b><\/p>\n<p>\u201cInnanzi tutto vorrei rendere manifesto che il progetto, e pertanto i crediti di questo lavoro per La Biennale di Venezia\/Padiglione Italia sono frutto di un ampio \u201ccollettivo Sardegna\u201d che comprende l\u2019Universit\u00e0 di Cagliari e il gruppo Sardarch. Per quanto riguarda <i>l\u2019oggetto architettonico<\/i> penso che si sia riusciti a rispondere adeguatamente all\u2019idea di edificio ibrido che ci \u00e8 stata commissionata e pertanto questo aspetto possa intendersi come il nostro contributo specifico. Ma l\u2019oggetto proposto in mostra \u00e8 una delle possibili soluzioni alla quale arrivare dopo il lavoro complessivo portato avanti in questi mesi. Il progetto si accende e si attiva dichiarando e mostrando alcune necessit\u00e0 rilevate nei luoghi e tra gli abitanti della Barbagia. Esigenze che si trasformano in intenzioni e opportunit\u00e0, generando a loro volta nuove risorse. La materia e pertanto il progetto stesso si converte in supporto di queste idee. Senza entrare nel dettaglio delle misure compositive, delle organizzazioni spaziali e funzionali il programma, riflesso delle necessit\u00e0 del luogo senza le quali ha poco significato costruire,&nbsp;\u00e8 suddiviso sinteticamente in tre grandi blocchi: percorso sanitario, promozione della salute, ricerca. Le funzioni si combinano tra loro e i diversi usi previsti si adattano, e si adatteranno, alle necessit\u00e0 gi\u00e0 espresse o che nasceranno nel tempo, al contesto esistente e quello futuro, lasciando ampia libert\u00e0 per l\u2019incontro tra le persone, consentendo che in questo crocevia accadano le pi\u00f9 svariate cose. Asilo, laboratori, ambulatori, spazi per mangiare assieme, studiare, leggere un libro, prendere un caff\u00e8 e chiacchierare si tessono tra loro dando origine a luoghi non definiti, imprecisi, aree comuni di mediazione, meticce. \u00c8 un edificio ibrido perch\u00e9 la collettivit\u00e0 pu\u00f2 riconoscersi in un tutto che assume e offre connotazioni differenziate e libere per ospitare i desideri di ciascuno. Il progetto offre un luogo dove la comunit\u00e0 e il singolo si rispecchino, nel quale sia possibile appropriarsi di una sequenza di ambiti che formano parte di un sistema complesso, collocato come una cerniera-soglia tra paese e territorio, cos\u00ec come Ottana si propone \u2018centroide\u2019 rispetto alla Barbagia. \u00c8 un edificio ibrido, nel nostro motto, se sar\u00e0 usato e vissuto dai 0 ai 100 anni in 24 ore.\u201d<\/p>\n<p>&nbsp;<\/p>\n<p><b>La vostra attivit\u00e0 progettuale da anni si divide tra Italia e Spagna. Quali sono le differenze e i tratti comuni che caratterizzano il lavoro nei due Paesi? Quanto incide nel vostro lavoro il legame con la vostra terra d\u2019origine, la Sardegna?<\/b><\/p>\n<p>\u201cInizierei dalla seconda parte della domanda. Non mi considero un emigrato e tantomeno sento la Sardegna come terra d\u2019origine ancestrale; \u00e8 la mia terra anche ora, adesso. Mi definirei piuttosto come un pendolare europeo. Forse la possibilit\u00e0 di vedere le cose da pi\u00f9 punti di vista, e pertanto la Sardegna dall\u2019Andalusia e viceversa, rende le cose pi\u00f9 interessanti e si riescono a cogliere meglio le sfumature in entrambi i contesti. La possibilit\u00e0 di lavorare in Sardegna e per la Sardegna su un progetto sperimentale come quello per La Biennale \u00e8 stata certamente una grande occasione sviluppata con grande piacere e con grande soddisfazione. Penso che la Sardegna, proprio per essere un\u2019isola ha delle caratteristiche specifiche, delle potenzialit\u00e0 intrinseche che potrebbero trasformarla in un laboratorio di eccellenze nel mezzo del Mediterraneo per quanto riguarda l\u2019architettura, ma anche per il cibo, e di conseguenza l\u2019alimentazione, la formazione, la rigenerazione, l\u2019attenzione e la cura dell\u2019ambiente. Tutti temi trattati nel nostro progetto di Casa della Salute.<\/p>\n<p>Se passiamo al confronto tra Spagna e Italia nell\u2019ambito architettonico devo ripetere quello che sostengo da almeno 15 anni. Il sistema dei concorsi pubblici funziona di gran lunga meglio in Spagna, sia per quanto riguarda l\u2019aspetto quantitativo sia quello qualitativo. Bisognerebbe imitarlo ed eventualmente migliorarlo. Chi vince un concorso (e li vincono gli architetti) si assume il diritto ed il dovere di portare avanti quella proposta per tutte le fasi progettuali dall\u2019idea iniziale, passando per il cantiere fino alla realizzazione e alla consegna delle chiavi dell\u2019opera conclusa ai rispettivi proprietari o clienti. Su questo aspetto l\u2019Italia \u00e8 molto indietro anche se timidi passi vengono fatti lentamente in questa direzione.\u201d<\/p>\n<p>&nbsp;<\/p>\n<p><b>Come definireste la vostra filosofia progettuale? Quali sono i progetti pi\u00f9 emblematici?<\/b><\/p>\n<p>\u201cUn primo aspetto riguarda sicuramente un tema trattato nella questione precedente: i concorsi. Basare la propria attivit\u00e0 principalmente su questo aspetto implica mettersi continuamente alla prova. \u00c8 il miglior sistema per attivare una formazione continua, direi permanente, altro che crediti formativi obbligatori. Allo stesso tempo ci si mette alla prova costantemente. \u00c8 ovvio che lentamente formi e definisci un tuo bagaglio personale, una tua capacit\u00e0 e abilit\u00e0 di porti di fronte ad alcune tematiche e questioni che si ripetono, ma ogni concorso \u00e8 nel fondo sempre nuovo ed \u00e8 come ricominciare ogni volta quasi da zero. Inoltre \u201cpraticare il concorso\u201d permette di misurarsi con aspetti completamente differenti e non cadere nella tentazione di specializzarsi su uno stesso tema, diventando magari degli assoluti conoscitori di una certa tipologia edificatoria, ma rinunciando alla complessit\u00e0 e alla ricchezza che questa professione offre. Un concorso per case popolari ha alcune caratteristiche proprie che lo differenziano da un museo, un teatro, un ospedale. Ma tutti sono architettura. Nessuno merita maggior attenzione, rigore, interesse o impegno che un\u2019altro.<\/p>\n<p>Il secondo aspetto ricade nel piacere di disegnare tutto, dal piccolo dettaglio agli elementi a pi\u00f9 grande scala. Qualcuno direbbe dal cucchiaio alla citt\u00e0 \u2026<\/p>\n<p>Questo percorso ci ha portato a lavorare a differenti scale e su differenti tipologie di edifici. Potremmo parlare dei progetti costruiti ai quali siamo pi\u00f9 affezionati. Certamente lo sono le 26 case popolari ad Umbrete vicino a Siviglia.<\/p>\n<p><img decoding=\"async\" src=\"https:\/\/www.matrix4design.com\/wp-content\/uploads\/2020\/03\/26casepopolariumbrete3.jpg\" alt=\"\" class=\"image-inline\" title=\"\"><\/p>\n<p>Seguite dal teatro e dall\u2019ampliamento del comune a V\u00eccar vicino ad Almer\u00eda.<\/p>\n<p><img decoding=\"async\" src=\"https:\/\/www.matrix4design.com\/wp-content\/uploads\/2020\/03\/teatrovicar8.jpg\" alt=\"\" class=\"image-inline\" title=\"\"><\/p>\n<p>Ma ricordiamo con emozione anche il centro chirurgico di minima invasivit\u00e0 a C\u00e1ceres, pressoch\u00e9 unico al mondo.<\/p>\n<p><img decoding=\"async\" src=\"https:\/\/www.matrix4design.com\/wp-content\/uploads\/2020\/03\/centrochirurgicocaceres5.jpg\" alt=\"\" class=\"image-inline\" title=\"\"><\/p>\n<p>O ancora gli asili e le scuole vicino a Granada e Siviglia. Tutti localizzati in Spagna.<\/p>\n<p><img decoding=\"async\" src=\"https:\/\/www.matrix4design.com\/wp-content\/uploads\/2020\/03\/asili_scuole3.jpg\" alt=\"\" class=\"image-inline\" title=\"\"><\/p>\n<p>In Italia solo concorsi vinti, alcuni bellissimi come quello vicino a Bergamo delle trafilerie Mazzoleni o il Centro Velico di Trabuccato nell\u2019ex carcere di massima sicurezza sull\u2019isola dell\u2019Asinara, oggi Parco Nazionale. Le realizzazioni si fanno per\u00f2 attendere.\u201d<\/p>\n<p><img decoding=\"async\" src=\"https:\/\/www.matrix4design.com\/wp-content\/uploads\/2020\/03\/asinara1.jpg\" alt=\"\" class=\"image-inline\" title=\"\"><\/p>\n<p>&nbsp;<\/p>\n<p><b>Il tema scelto per la Biennale di Architettura di quest\u2019anno \u00e8 <i>Freespace<\/i>. Che cos\u2019\u00e8 o che cosa dovrebbe essere per voi lo \u201cspazio libero\u201d?<\/b><\/p>\n<p>\u201cQuesta \u00e8 sicuramente la domanda pi\u00f9 complessa dopo mesi di discussioni sul termine \u2018Freespace\u2019 e quelli che ancora ci attendono.<\/p>\n<p>Non condivido l\u2019idea che alcuni sostengono nell\u2019interpretazione del tema degli spazi \u201cfree\u201d come poco progettati e ai quali si pensi che si possa dare qualsiasi uso sempre e comunque e che possano trasformarsi con minimi interventi veloci e indolori. L\u2019architettura si progetta e si costruisce quasi sempre lentamente ed eventualmente, come la storia ci mostra, si modifica con processi complessi che richiedono grandi sforzi e anche in questo caso ampi margini di tempo e di riflessione.<\/p>\n<p>La libert\u00e0 o essere liberi non \u00e8 sinonimo di far quel che si vuole, ma piuttosto quella di avere la possibilit\u00e0 di scegliere, di muoversi, nello spazio (ma che spazio?), in una direzione piuttosto che in un\u2019altra.<\/p>\n<p>Ecco quindi che bisognerebbe subito chiarire che sono le persone che hanno o dovrebbero avere un grado elevato di <i>\u201cfree\u201d<\/i> e non lo spazio (inteso come sommatoria di spazi-pieni e spazi-vuoti che hanno piuttosto un alto grado di staticit\u00e0).<\/p>\n<p>Il movimento, se vogliamo <i>libero<\/i>, diventa pertanto un\u2019importante chiave di lettura e allo stesso tempo un dispositivo fondamentale per la progettazione delle configurazioni spaziali che creiamo e abitiamo. Lo spazio \u00e8 vissuto a 360 gradi, in tutte le direzioni con tempi e modi impossibili da determinare in maniera precisa come vorrebbero farci credere a volte gli scatti precisi di alcune immagini fotografiche pubblicate sulle riviste, ma anche dei disegni o dei modelli. Sono tutte riduzioni, approssimazioni, frammenti che tendono a una sommatoria impossibile da raggiungere di uno spazio indescrivibile che solo pu\u00f2 essere vissuto personalmente da ciascuno e al quale ciascuno dar\u00e0 un proprio e personale valore.<\/p>\n<p>Questa riflessione per chi si preoccupa di costruire, assume un valore specialmente rilevante poich\u00e9 siamo noi che scegliamo, per gli altri, l\u2019equilibrio delle forme tra vuoti e pieni lasciando pi\u00f9 o meno gradi di libert\u00e0 disponibili a chi ne usufruisce. \u00c8 questa una questione fondamentale e per questa ragione nel nostro lavoro \u00e8 importante ascoltare coloro i quali abiteranno gli spazi progettati e che se ne approprieranno.<\/p>\n<p>Forse potremmo dire che l\u2019interpretazione che diamo ai <i>freespace<\/i>(<i>s<\/i>) sono gli spazi-vuoti all\u2019interno dei quali si muovono le persone. Ma \u00e8 sempre una riduzione della complessit\u00e0 dell\u2019architettura che abbiamo cercato di riassumere con il termine ibrido di questa Biennale di Architettura 2018 a Venezia.\u201d<\/p>\n<\/div>\n<p>                   <!--                                   \n\n<div id=\"load-section\">                                     \n\n<div class=\"load-bar\">                                       <span>Load More<\/span>                                     <\/div>\n\n                                   <\/div>\n\n                   -->                                                       <br \/><\/body><\/p>\n","protected":false},"excerpt":{"rendered":"<p>Si \u00e8 aperta da pochi giorni la Sedicesima Biennale di Architettura di Venezia, una grande occasione per portare in laguna alcune delle pi\u00f9 importanti firme della progettazione internazionale e per sviluppare una riflessione profonda sulle architetture di oggi e di domani, costruzioni e visioni che incorniciano la vita umana in ogni sua sfumatura alla ricerca [&hellip;]<\/p>\n","protected":false},"author":6,"featured_media":43004,"comment_status":"open","ping_status":"open","sticky":false,"template":"","format":"standard","meta":{"_acf_changed":false,"footnotes":""},"categories":[367],"tags":[37],"class_list":{"0":"post-43003","1":"post","2":"type-post","3":"status-publish","4":"format-standard","5":"has-post-thumbnail","7":"category-architettura","8":"tag-architettura"},"acf":[],"yoast_head":"<!-- This site is optimized with the Yoast SEO plugin v27.0 - https:\/\/yoast.com\/product\/yoast-seo-wordpress\/ -->\n<title>Biennale Architettura 2018 \/ Arcipelago Italia, Matrix4Design incontra Solinas Serra Architects<\/title>\n<meta name=\"robots\" content=\"index, follow, max-snippet:-1, max-image-preview:large, max-video-preview:-1\" \/>\n<link rel=\"canonical\" href=\"https:\/\/www.matrix4design.com\/it\/architettura\/biennale-architettura-2018-arcipelago-italia-matrix4design-incontra-solinas-serra-architects\/\" \/>\n<meta property=\"og:locale\" content=\"it_IT\" \/>\n<meta property=\"og:type\" content=\"article\" \/>\n<meta property=\"og:title\" content=\"Biennale Architettura 2018 \/ Arcipelago Italia, Matrix4Design incontra Solinas Serra Architects\" \/>\n<meta property=\"og:description\" content=\"Si \u00e8 aperta da pochi giorni la Sedicesima Biennale di Architettura di Venezia, una grande occasione per portare in laguna alcune delle pi\u00f9 importanti firme della progettazione internazionale e per sviluppare una riflessione profonda sulle architetture di oggi e di domani, costruzioni e visioni che incorniciano la vita umana in ogni sua sfumatura alla ricerca [&hellip;]\" \/>\n<meta property=\"og:url\" content=\"https:\/\/www.matrix4design.com\/it\/architettura\/biennale-architettura-2018-arcipelago-italia-matrix4design-incontra-solinas-serra-architects\/\" \/>\n<meta property=\"og:site_name\" content=\"Matrix4Design\" \/>\n<meta property=\"article:publisher\" content=\"https:\/\/www.facebook.com\/matrix4designmagazine\/\" \/>\n<meta property=\"article:published_time\" content=\"2018-06-04T00:00:00+00:00\" \/>\n<meta property=\"article:modified_time\" content=\"2020-03-26T10:54:55+00:00\" \/>\n<meta property=\"og:image\" content=\"https:\/\/www.matrix4design.com\/wp-content\/uploads\/2020\/03\/26casepopolariumbrete3.jpg\" \/>\n\t<meta property=\"og:image:width\" content=\"1400\" \/>\n\t<meta property=\"og:image:height\" content=\"940\" \/>\n\t<meta property=\"og:image:type\" content=\"image\/jpeg\" \/>\n<meta name=\"author\" content=\"Redazione\" \/>\n<meta name=\"twitter:card\" content=\"summary_large_image\" \/>\n<meta name=\"twitter:label1\" content=\"Scritto da\" \/>\n\t<meta name=\"twitter:data1\" content=\"Redazione\" \/>\n\t<meta name=\"twitter:label2\" content=\"Tempo di lettura stimato\" \/>\n\t<meta name=\"twitter:data2\" content=\"8 minuti\" \/>\n<script type=\"application\/ld+json\" class=\"yoast-schema-graph\">{\"@context\":\"https:\/\/schema.org\",\"@graph\":[{\"@type\":\"Article\",\"@id\":\"https:\/\/www.matrix4design.com\/it\/architettura\/biennale-architettura-2018-arcipelago-italia-matrix4design-incontra-solinas-serra-architects\/#article\",\"isPartOf\":{\"@id\":\"https:\/\/www.matrix4design.com\/it\/architettura\/biennale-architettura-2018-arcipelago-italia-matrix4design-incontra-solinas-serra-architects\/\"},\"author\":{\"name\":\"Redazione\",\"@id\":\"https:\/\/www.matrix4design.com\/it\/#\/schema\/person\/b2b6dd48f9d6892ca224742379951fa1\"},\"headline\":\"Biennale Architettura 2018 \/ Arcipelago Italia, Matrix4Design incontra Solinas Serra Architects\",\"datePublished\":\"2018-06-04T00:00:00+00:00\",\"dateModified\":\"2020-03-26T10:54:55+00:00\",\"mainEntityOfPage\":{\"@id\":\"https:\/\/www.matrix4design.com\/it\/architettura\/biennale-architettura-2018-arcipelago-italia-matrix4design-incontra-solinas-serra-architects\/\"},\"wordCount\":1642,\"commentCount\":0,\"publisher\":{\"@id\":\"https:\/\/www.matrix4design.com\/it\/#organization\"},\"image\":{\"@id\":\"https:\/\/www.matrix4design.com\/it\/architettura\/biennale-architettura-2018-arcipelago-italia-matrix4design-incontra-solinas-serra-architects\/#primaryimage\"},\"thumbnailUrl\":\"https:\/\/www.matrix4design.com\/wp-content\/uploads\/2020\/03\/26casepopolariumbrete3.jpg\",\"keywords\":[\"Architettura\"],\"articleSection\":[\"Architettura\"],\"inLanguage\":\"it-IT\"},{\"@type\":\"WebPage\",\"@id\":\"https:\/\/www.matrix4design.com\/it\/architettura\/biennale-architettura-2018-arcipelago-italia-matrix4design-incontra-solinas-serra-architects\/\",\"url\":\"https:\/\/www.matrix4design.com\/it\/architettura\/biennale-architettura-2018-arcipelago-italia-matrix4design-incontra-solinas-serra-architects\/\",\"name\":\"Biennale Architettura 2018 \/ Arcipelago Italia, Matrix4Design incontra Solinas Serra Architects\",\"isPartOf\":{\"@id\":\"https:\/\/www.matrix4design.com\/it\/#website\"},\"primaryImageOfPage\":{\"@id\":\"https:\/\/www.matrix4design.com\/it\/architettura\/biennale-architettura-2018-arcipelago-italia-matrix4design-incontra-solinas-serra-architects\/#primaryimage\"},\"image\":{\"@id\":\"https:\/\/www.matrix4design.com\/it\/architettura\/biennale-architettura-2018-arcipelago-italia-matrix4design-incontra-solinas-serra-architects\/#primaryimage\"},\"thumbnailUrl\":\"https:\/\/www.matrix4design.com\/wp-content\/uploads\/2020\/03\/26casepopolariumbrete3.jpg\",\"datePublished\":\"2018-06-04T00:00:00+00:00\",\"dateModified\":\"2020-03-26T10:54:55+00:00\",\"breadcrumb\":{\"@id\":\"https:\/\/www.matrix4design.com\/it\/architettura\/biennale-architettura-2018-arcipelago-italia-matrix4design-incontra-solinas-serra-architects\/#breadcrumb\"},\"inLanguage\":\"it-IT\",\"potentialAction\":[{\"@type\":\"ReadAction\",\"target\":[\"https:\/\/www.matrix4design.com\/it\/architettura\/biennale-architettura-2018-arcipelago-italia-matrix4design-incontra-solinas-serra-architects\/\"]}]},{\"@type\":\"ImageObject\",\"inLanguage\":\"it-IT\",\"@id\":\"https:\/\/www.matrix4design.com\/it\/architettura\/biennale-architettura-2018-arcipelago-italia-matrix4design-incontra-solinas-serra-architects\/#primaryimage\",\"url\":\"https:\/\/www.matrix4design.com\/wp-content\/uploads\/2020\/03\/26casepopolariumbrete3.jpg\",\"contentUrl\":\"https:\/\/www.matrix4design.com\/wp-content\/uploads\/2020\/03\/26casepopolariumbrete3.jpg\",\"width\":1400,\"height\":940},{\"@type\":\"BreadcrumbList\",\"@id\":\"https:\/\/www.matrix4design.com\/it\/architettura\/biennale-architettura-2018-arcipelago-italia-matrix4design-incontra-solinas-serra-architects\/#breadcrumb\",\"itemListElement\":[{\"@type\":\"ListItem\",\"position\":1,\"name\":\"Home\",\"item\":\"https:\/\/www.matrix4design.com\/it\/\"},{\"@type\":\"ListItem\",\"position\":2,\"name\":\"Biennale Architettura 2018 \/ Arcipelago Italia, Matrix4Design incontra Solinas Serra Architects\"}]},{\"@type\":\"WebSite\",\"@id\":\"https:\/\/www.matrix4design.com\/it\/#website\",\"url\":\"https:\/\/www.matrix4design.com\/it\/\",\"name\":\"Matrix4Design\",\"description\":\"Digital architecture and design b2b magazine\",\"publisher\":{\"@id\":\"https:\/\/www.matrix4design.com\/it\/#organization\"},\"potentialAction\":[{\"@type\":\"SearchAction\",\"target\":{\"@type\":\"EntryPoint\",\"urlTemplate\":\"https:\/\/www.matrix4design.com\/it\/?s={search_term_string}\"},\"query-input\":{\"@type\":\"PropertyValueSpecification\",\"valueRequired\":true,\"valueName\":\"search_term_string\"}}],\"inLanguage\":\"it-IT\"},{\"@type\":\"Organization\",\"@id\":\"https:\/\/www.matrix4design.com\/it\/#organization\",\"name\":\"Matrix4Design\",\"url\":\"https:\/\/www.matrix4design.com\/it\/\",\"logo\":{\"@type\":\"ImageObject\",\"inLanguage\":\"it-IT\",\"@id\":\"https:\/\/www.matrix4design.com\/it\/#\/schema\/logo\/image\/\",\"url\":\"https:\/\/www.matrix4design.com\/wp-content\/uploads\/2020\/04\/logo_matrix4design.png\",\"contentUrl\":\"https:\/\/www.matrix4design.com\/wp-content\/uploads\/2020\/04\/logo_matrix4design.png\",\"width\":804,\"height\":114,\"caption\":\"Matrix4Design\"},\"image\":{\"@id\":\"https:\/\/www.matrix4design.com\/it\/#\/schema\/logo\/image\/\"},\"sameAs\":[\"https:\/\/www.facebook.com\/matrix4designmagazine\/\",\"https:\/\/www.instagram.com\/matrix4designmagazine\/\",\"https:\/\/www.youtube.com\/channel\/UCtuhSSrP3MOO_URZgv8mQ1A\"]},{\"@type\":\"Person\",\"@id\":\"https:\/\/www.matrix4design.com\/it\/#\/schema\/person\/b2b6dd48f9d6892ca224742379951fa1\",\"name\":\"Redazione\",\"image\":{\"@type\":\"ImageObject\",\"inLanguage\":\"it-IT\",\"@id\":\"https:\/\/www.matrix4design.com\/it\/#\/schema\/person\/image\/\",\"url\":\"https:\/\/www.matrix4design.com\/wp-content\/uploads\/2023\/01\/logo_M4D_2023-96x96.jpg\",\"contentUrl\":\"https:\/\/www.matrix4design.com\/wp-content\/uploads\/2023\/01\/logo_M4D_2023-96x96.jpg\",\"caption\":\"Redazione\"},\"url\":\"https:\/\/www.matrix4design.com\/it\/author\/redazione\/\"}]}<\/script>\n<!-- \/ Yoast SEO plugin. -->","yoast_head_json":{"title":"Biennale Architettura 2018 \/ Arcipelago Italia, Matrix4Design incontra Solinas Serra Architects","robots":{"index":"index","follow":"follow","max-snippet":"max-snippet:-1","max-image-preview":"max-image-preview:large","max-video-preview":"max-video-preview:-1"},"canonical":"https:\/\/www.matrix4design.com\/it\/architettura\/biennale-architettura-2018-arcipelago-italia-matrix4design-incontra-solinas-serra-architects\/","og_locale":"it_IT","og_type":"article","og_title":"Biennale Architettura 2018 \/ Arcipelago Italia, Matrix4Design incontra Solinas Serra Architects","og_description":"Si \u00e8 aperta da pochi giorni la Sedicesima Biennale di Architettura di Venezia, una grande occasione per portare in laguna alcune delle pi\u00f9 importanti firme della progettazione internazionale e per sviluppare una riflessione profonda sulle architetture di oggi e di domani, costruzioni e visioni che incorniciano la vita umana in ogni sua sfumatura alla ricerca [&hellip;]","og_url":"https:\/\/www.matrix4design.com\/it\/architettura\/biennale-architettura-2018-arcipelago-italia-matrix4design-incontra-solinas-serra-architects\/","og_site_name":"Matrix4Design","article_publisher":"https:\/\/www.facebook.com\/matrix4designmagazine\/","article_published_time":"2018-06-04T00:00:00+00:00","article_modified_time":"2020-03-26T10:54:55+00:00","og_image":[{"width":1400,"height":940,"url":"https:\/\/www.matrix4design.com\/wp-content\/uploads\/2020\/03\/26casepopolariumbrete3.jpg","type":"image\/jpeg"}],"author":"Redazione","twitter_card":"summary_large_image","twitter_misc":{"Scritto da":"Redazione","Tempo di lettura stimato":"8 minuti"},"schema":{"@context":"https:\/\/schema.org","@graph":[{"@type":"Article","@id":"https:\/\/www.matrix4design.com\/it\/architettura\/biennale-architettura-2018-arcipelago-italia-matrix4design-incontra-solinas-serra-architects\/#article","isPartOf":{"@id":"https:\/\/www.matrix4design.com\/it\/architettura\/biennale-architettura-2018-arcipelago-italia-matrix4design-incontra-solinas-serra-architects\/"},"author":{"name":"Redazione","@id":"https:\/\/www.matrix4design.com\/it\/#\/schema\/person\/b2b6dd48f9d6892ca224742379951fa1"},"headline":"Biennale Architettura 2018 \/ Arcipelago Italia, Matrix4Design incontra Solinas Serra Architects","datePublished":"2018-06-04T00:00:00+00:00","dateModified":"2020-03-26T10:54:55+00:00","mainEntityOfPage":{"@id":"https:\/\/www.matrix4design.com\/it\/architettura\/biennale-architettura-2018-arcipelago-italia-matrix4design-incontra-solinas-serra-architects\/"},"wordCount":1642,"commentCount":0,"publisher":{"@id":"https:\/\/www.matrix4design.com\/it\/#organization"},"image":{"@id":"https:\/\/www.matrix4design.com\/it\/architettura\/biennale-architettura-2018-arcipelago-italia-matrix4design-incontra-solinas-serra-architects\/#primaryimage"},"thumbnailUrl":"https:\/\/www.matrix4design.com\/wp-content\/uploads\/2020\/03\/26casepopolariumbrete3.jpg","keywords":["Architettura"],"articleSection":["Architettura"],"inLanguage":"it-IT"},{"@type":"WebPage","@id":"https:\/\/www.matrix4design.com\/it\/architettura\/biennale-architettura-2018-arcipelago-italia-matrix4design-incontra-solinas-serra-architects\/","url":"https:\/\/www.matrix4design.com\/it\/architettura\/biennale-architettura-2018-arcipelago-italia-matrix4design-incontra-solinas-serra-architects\/","name":"Biennale Architettura 2018 \/ Arcipelago Italia, Matrix4Design incontra Solinas Serra Architects","isPartOf":{"@id":"https:\/\/www.matrix4design.com\/it\/#website"},"primaryImageOfPage":{"@id":"https:\/\/www.matrix4design.com\/it\/architettura\/biennale-architettura-2018-arcipelago-italia-matrix4design-incontra-solinas-serra-architects\/#primaryimage"},"image":{"@id":"https:\/\/www.matrix4design.com\/it\/architettura\/biennale-architettura-2018-arcipelago-italia-matrix4design-incontra-solinas-serra-architects\/#primaryimage"},"thumbnailUrl":"https:\/\/www.matrix4design.com\/wp-content\/uploads\/2020\/03\/26casepopolariumbrete3.jpg","datePublished":"2018-06-04T00:00:00+00:00","dateModified":"2020-03-26T10:54:55+00:00","breadcrumb":{"@id":"https:\/\/www.matrix4design.com\/it\/architettura\/biennale-architettura-2018-arcipelago-italia-matrix4design-incontra-solinas-serra-architects\/#breadcrumb"},"inLanguage":"it-IT","potentialAction":[{"@type":"ReadAction","target":["https:\/\/www.matrix4design.com\/it\/architettura\/biennale-architettura-2018-arcipelago-italia-matrix4design-incontra-solinas-serra-architects\/"]}]},{"@type":"ImageObject","inLanguage":"it-IT","@id":"https:\/\/www.matrix4design.com\/it\/architettura\/biennale-architettura-2018-arcipelago-italia-matrix4design-incontra-solinas-serra-architects\/#primaryimage","url":"https:\/\/www.matrix4design.com\/wp-content\/uploads\/2020\/03\/26casepopolariumbrete3.jpg","contentUrl":"https:\/\/www.matrix4design.com\/wp-content\/uploads\/2020\/03\/26casepopolariumbrete3.jpg","width":1400,"height":940},{"@type":"BreadcrumbList","@id":"https:\/\/www.matrix4design.com\/it\/architettura\/biennale-architettura-2018-arcipelago-italia-matrix4design-incontra-solinas-serra-architects\/#breadcrumb","itemListElement":[{"@type":"ListItem","position":1,"name":"Home","item":"https:\/\/www.matrix4design.com\/it\/"},{"@type":"ListItem","position":2,"name":"Biennale Architettura 2018 \/ Arcipelago Italia, Matrix4Design incontra Solinas Serra Architects"}]},{"@type":"WebSite","@id":"https:\/\/www.matrix4design.com\/it\/#website","url":"https:\/\/www.matrix4design.com\/it\/","name":"Matrix4Design","description":"Digital architecture and design b2b magazine","publisher":{"@id":"https:\/\/www.matrix4design.com\/it\/#organization"},"potentialAction":[{"@type":"SearchAction","target":{"@type":"EntryPoint","urlTemplate":"https:\/\/www.matrix4design.com\/it\/?s={search_term_string}"},"query-input":{"@type":"PropertyValueSpecification","valueRequired":true,"valueName":"search_term_string"}}],"inLanguage":"it-IT"},{"@type":"Organization","@id":"https:\/\/www.matrix4design.com\/it\/#organization","name":"Matrix4Design","url":"https:\/\/www.matrix4design.com\/it\/","logo":{"@type":"ImageObject","inLanguage":"it-IT","@id":"https:\/\/www.matrix4design.com\/it\/#\/schema\/logo\/image\/","url":"https:\/\/www.matrix4design.com\/wp-content\/uploads\/2020\/04\/logo_matrix4design.png","contentUrl":"https:\/\/www.matrix4design.com\/wp-content\/uploads\/2020\/04\/logo_matrix4design.png","width":804,"height":114,"caption":"Matrix4Design"},"image":{"@id":"https:\/\/www.matrix4design.com\/it\/#\/schema\/logo\/image\/"},"sameAs":["https:\/\/www.facebook.com\/matrix4designmagazine\/","https:\/\/www.instagram.com\/matrix4designmagazine\/","https:\/\/www.youtube.com\/channel\/UCtuhSSrP3MOO_URZgv8mQ1A"]},{"@type":"Person","@id":"https:\/\/www.matrix4design.com\/it\/#\/schema\/person\/b2b6dd48f9d6892ca224742379951fa1","name":"Redazione","image":{"@type":"ImageObject","inLanguage":"it-IT","@id":"https:\/\/www.matrix4design.com\/it\/#\/schema\/person\/image\/","url":"https:\/\/www.matrix4design.com\/wp-content\/uploads\/2023\/01\/logo_M4D_2023-96x96.jpg","contentUrl":"https:\/\/www.matrix4design.com\/wp-content\/uploads\/2023\/01\/logo_M4D_2023-96x96.jpg","caption":"Redazione"},"url":"https:\/\/www.matrix4design.com\/it\/author\/redazione\/"}]}},"_links":{"self":[{"href":"https:\/\/www.matrix4design.com\/it\/wp-json\/wp\/v2\/posts\/43003","targetHints":{"allow":["GET"]}}],"collection":[{"href":"https:\/\/www.matrix4design.com\/it\/wp-json\/wp\/v2\/posts"}],"about":[{"href":"https:\/\/www.matrix4design.com\/it\/wp-json\/wp\/v2\/types\/post"}],"author":[{"embeddable":true,"href":"https:\/\/www.matrix4design.com\/it\/wp-json\/wp\/v2\/users\/6"}],"replies":[{"embeddable":true,"href":"https:\/\/www.matrix4design.com\/it\/wp-json\/wp\/v2\/comments?post=43003"}],"version-history":[{"count":1,"href":"https:\/\/www.matrix4design.com\/it\/wp-json\/wp\/v2\/posts\/43003\/revisions"}],"predecessor-version":[{"id":64186,"href":"https:\/\/www.matrix4design.com\/it\/wp-json\/wp\/v2\/posts\/43003\/revisions\/64186"}],"wp:featuredmedia":[{"embeddable":true,"href":"https:\/\/www.matrix4design.com\/it\/wp-json\/wp\/v2\/media\/43004"}],"wp:attachment":[{"href":"https:\/\/www.matrix4design.com\/it\/wp-json\/wp\/v2\/media?parent=43003"}],"wp:term":[{"taxonomy":"category","embeddable":true,"href":"https:\/\/www.matrix4design.com\/it\/wp-json\/wp\/v2\/categories?post=43003"},{"taxonomy":"post_tag","embeddable":true,"href":"https:\/\/www.matrix4design.com\/it\/wp-json\/wp\/v2\/tags?post=43003"}],"curies":[{"name":"wp","href":"https:\/\/api.w.org\/{rel}","templated":true}]}}