{"id":43773,"date":"2018-11-29T00:00:00","date_gmt":"2018-11-29T00:00:00","guid":{"rendered":""},"modified":"2020-03-26T10:54:00","modified_gmt":"2020-03-26T10:54:00","slug":"fabio-siddu-e-fabio-novembre-alla-guida-della-nuova-domus-academy","status":"publish","type":"post","link":"https:\/\/www.matrix4design.com\/it\/architettura\/fabio-siddu-e-fabio-novembre-alla-guida-della-nuova-domus-academy\/","title":{"rendered":"Fabio Siddu e Fabio Novembre alla guida della nuova Domus Academy"},"content":{"rendered":"<p><body>                   <\/p>\n<div id=\"main-text\">\n<p>Una scuola che prende forma come dimensione aperta all\u2019innovazione, centro propulsore di nuove idee da condividere e alta formazione per i designer internazionali: \u00e8 questo il progetto culturale della nuova <b>Domus Academy<\/b>, la prima accademia italiana post-graduate di design e laboratorio di ricerca che presenta oggi il suo nuovo assetto direttivo e le sue prospettive future.&nbsp;<\/p>\n<p>Sempre pi\u00f9 orientata alla metodologia del <i>learning by designing<\/i>, anche attraverso la collaborazione con le aziende e sul progetto, Domus Academy rafforza oggi, il suo costante approccio globale atto a <b>formare le migliori figure professionali di tutto il mondo<\/b>: tra gli obiettivi, quello di sviluppare iniziative che coinvolgano realt\u00e0 del settore sempre pi\u00f9 prestigiose, di partecipare agli award pi\u00f9 riconosciuti, di cogliere e offrire agli studenti le migliori opportunit\u00e0.&nbsp;<\/p>\n<p><b>Roberto Riccio<\/b>, CEO <b>Galileo Global Education Italia<\/b> (il nuovo Polo italiano dell\u2019alta formazione privata che include oggi anche Domus Academy), introducendo le nomine di <b>Fabio Siddu<\/b> alla direzione e di <b>Fabio Novembre<\/b> in qualit\u00e0 di Direttore Scientifico e Brand Ambassador, evidenzia un momento di grande e rinnovato interesse per il settore del Design e della Moda, che ha portato il sistema formativo a una rapida evoluzione:<\/p>\n<p><i>\u201cIl settore del Design segna un trend positivo, generando da parte delle aziende una crescente richiesta di professionalit\u00e0 innovative. Questo sta determinando una significativa crescita nella richiesta formativa, in particolare da parte degli studenti post-graduate che scelgono di investire in Master per rafforzare la propria professionalit\u00e0. Secondo una ricerca commissionata dal Gruppo a Deloitte Business Advisory, Domus Academy risulta avere un brand riconosciuto a livello globale che le permette di posizionarsi in modo molto competitivo rispetto agli altri player sia italiani sia internazionali.\u201d.<\/i><\/p>\n<p>Del resto, la preparazione post-universitaria ricopre oggi un ruolo sempre pi\u00f9 fondamentale:<\/p>\n<p>Domus Academy comprende <b>dodici programmi Master riconosciuti dal MIUR<\/b>, suddivisi in 4 aree tematiche che spaziano dal design alla moda, dal business alle frontiere pi\u00f9 innovative di user experience ed interaction design.<\/p>\n<p>D\u2019altro canto, una scuola da sempre all\u2019avanguardia come Domus Academy \u00e8 chiamata ad aggiornare e rinnovare continuamente i propri programmi con progetti e proposte che accolgano e vadano incontro alla crescente domanda del mercato, come anticipa <b>Fabio Siddu<\/b>, Direttore Domus Academy:<\/p>\n<p><i>\u201c<\/i><i>Sono diverse le novit\u00e0 formative e progettuali in corso rese possibili dal nostro nuovo Direttore Scientifico. <\/i><i>Il suo punto di partenza \u00e8 il \u2018Design Radicale\u2019 insito nel DNA di Domus Academy che punta ad essere il centro propulsore di nuove idee di design da diffondere worldwide. In questo contesto, stiamo sviluppando <\/i><i>una serie di workshop e lecture che affronteranno i temi pi\u00f9 attuali, nuove collaborazioni con aziende, un contest dedicato ai futuri e potenziali talenti.<\/i><i> <\/i><i>Tra le altre novit\u00e0 offerte agli studenti, ricordiamo la borsa di studio dedicata a Fabio Novembre e l\u2019internship presso il suo studio. Un altro momento importante che vedr\u00e0 il suo coinvolgimento sar\u00e0 in un grande progetto &#8211; evento in occasione della Design week\u201d.<\/i>&nbsp;<\/p>\n<p><img decoding=\"async\" src=\"https:\/\/www.matrix4design.com\/wp-content\/uploads\/2020\/03\/FabioNovembredirettoreScientificoDomusAcademy2.jpg\" alt=\"\" class=\"image-inline\" title=\"\"><\/p>\n<p>Lo stesso <b>Fabio Novembre<\/b>, Direttore Scientifico e Brand Ambassador, sceglie di ricollegarsi alle origini della scuola per progettare gli scenari di domani:<\/p>\n<p><i>\u201c<\/i><i>Domus Academy nasce dalle esperienze del design radicale italiano, proponendosi come una terra franca in cui i diversi saperi si incrociano e le differenti provenienze arricchiscono. Una fucina di visionari che amano il confronto con le aziende partner, miscelando professionismo e utopia. Una scuola in cui maestri e allievi hanno ruoli intercambiabili, ed il senso ultimo \u00e8 la condivisione di quell&#8217;avventuroso viaggio di scoperta che chiamiamo vita\u201d.<\/i><\/p>\n<p>Un\u2019interpretazione della visione attuale, coerente con le esigenze del mercato, ma anche rivolta verso lo studio e la progettazione di scenari futuri: la sfida di Domus Academy \u00e8 appena cominciata.<i><\/i><\/p>\n<\/div>\n<p>                   <!--                                   \n\n<div id=\"load-section\">                                     \n\n<div class=\"load-bar\">                                       <span>Load More<\/span>                                     <\/div>\n\n                                   <\/div>\n\n                   -->                                                       <br \/><\/body><\/p>\n","protected":false},"excerpt":{"rendered":"<p>Una scuola che prende forma come dimensione aperta all\u2019innovazione, centro propulsore di nuove idee da condividere e alta formazione per i designer internazionali: \u00e8 questo il progetto culturale della nuova Domus Academy, la prima accademia italiana post-graduate di design e laboratorio di ricerca che presenta oggi il suo nuovo assetto direttivo e le sue prospettive [&hellip;]<\/p>\n","protected":false},"author":6,"featured_media":40547,"comment_status":"open","ping_status":"open","sticky":false,"template":"","format":"standard","meta":{"_acf_changed":false,"footnotes":""},"categories":[367],"tags":[37],"class_list":{"0":"post-43773","1":"post","2":"type-post","3":"status-publish","4":"format-standard","5":"has-post-thumbnail","7":"category-architettura","8":"tag-architettura"},"acf":[],"yoast_head":"<!-- This site is optimized with the Yoast SEO plugin v27.0 - https:\/\/yoast.com\/product\/yoast-seo-wordpress\/ -->\n<title>Fabio Siddu e Fabio Novembre alla guida della nuova Domus Academy<\/title>\n<meta name=\"description\" content=\"Galileo Global Education Italia d\u00e0 un nuovo impulso a Domus Academy, lo storico brand della formazione post-universitaria italiana, grazie a un nuovo management e a nuovi progetti e collaborazioni.\" \/>\n<meta name=\"robots\" content=\"index, follow, max-snippet:-1, max-image-preview:large, max-video-preview:-1\" \/>\n<link rel=\"canonical\" href=\"https:\/\/www.matrix4design.com\/it\/architettura\/fabio-siddu-e-fabio-novembre-alla-guida-della-nuova-domus-academy\/\" \/>\n<meta property=\"og:locale\" content=\"it_IT\" \/>\n<meta property=\"og:type\" content=\"article\" \/>\n<meta property=\"og:title\" content=\"Fabio Siddu e Fabio Novembre alla guida della nuova Domus Academy\" \/>\n<meta property=\"og:description\" content=\"Galileo Global Education Italia d\u00e0 un nuovo impulso a Domus Academy, lo storico brand della formazione post-universitaria italiana, grazie a un nuovo management e a nuovi progetti e collaborazioni.\" \/>\n<meta property=\"og:url\" content=\"https:\/\/www.matrix4design.com\/it\/architettura\/fabio-siddu-e-fabio-novembre-alla-guida-della-nuova-domus-academy\/\" \/>\n<meta property=\"og:site_name\" content=\"Matrix4Design\" \/>\n<meta property=\"article:publisher\" content=\"https:\/\/www.facebook.com\/matrix4designmagazine\/\" \/>\n<meta property=\"article:published_time\" content=\"2018-11-29T00:00:00+00:00\" \/>\n<meta property=\"article:modified_time\" content=\"2020-03-26T10:54:00+00:00\" \/>\n<meta property=\"og:image\" content=\"https:\/\/www.matrix4design.com\/wp-content\/uploads\/2020\/03\/FabioNovembredirettoreScientificoDomusAcademy2.jpg\" \/>\n\t<meta property=\"og:image:width\" content=\"1200\" \/>\n\t<meta property=\"og:image:height\" content=\"800\" \/>\n\t<meta property=\"og:image:type\" content=\"image\/jpeg\" \/>\n<meta name=\"author\" content=\"Redazione\" \/>\n<meta name=\"twitter:card\" content=\"summary_large_image\" \/>\n<meta name=\"twitter:label1\" content=\"Scritto da\" \/>\n\t<meta name=\"twitter:data1\" content=\"Redazione\" \/>\n\t<meta name=\"twitter:label2\" content=\"Tempo di lettura stimato\" \/>\n\t<meta name=\"twitter:data2\" content=\"3 minuti\" \/>\n<script type=\"application\/ld+json\" class=\"yoast-schema-graph\">{\"@context\":\"https:\/\/schema.org\",\"@graph\":[{\"@type\":\"Article\",\"@id\":\"https:\/\/www.matrix4design.com\/it\/architettura\/fabio-siddu-e-fabio-novembre-alla-guida-della-nuova-domus-academy\/#article\",\"isPartOf\":{\"@id\":\"https:\/\/www.matrix4design.com\/it\/architettura\/fabio-siddu-e-fabio-novembre-alla-guida-della-nuova-domus-academy\/\"},\"author\":{\"name\":\"Redazione\",\"@id\":\"https:\/\/www.matrix4design.com\/it\/#\/schema\/person\/b2b6dd48f9d6892ca224742379951fa1\"},\"headline\":\"Fabio Siddu e Fabio Novembre alla guida della nuova Domus Academy\",\"datePublished\":\"2018-11-29T00:00:00+00:00\",\"dateModified\":\"2020-03-26T10:54:00+00:00\",\"mainEntityOfPage\":{\"@id\":\"https:\/\/www.matrix4design.com\/it\/architettura\/fabio-siddu-e-fabio-novembre-alla-guida-della-nuova-domus-academy\/\"},\"wordCount\":611,\"commentCount\":0,\"publisher\":{\"@id\":\"https:\/\/www.matrix4design.com\/it\/#organization\"},\"image\":{\"@id\":\"https:\/\/www.matrix4design.com\/it\/architettura\/fabio-siddu-e-fabio-novembre-alla-guida-della-nuova-domus-academy\/#primaryimage\"},\"thumbnailUrl\":\"https:\/\/www.matrix4design.com\/wp-content\/uploads\/2020\/03\/FabioNovembredirettoreScientificoDomusAcademy2.jpg\",\"keywords\":[\"Architettura\"],\"articleSection\":[\"Architettura\"],\"inLanguage\":\"it-IT\"},{\"@type\":\"WebPage\",\"@id\":\"https:\/\/www.matrix4design.com\/it\/architettura\/fabio-siddu-e-fabio-novembre-alla-guida-della-nuova-domus-academy\/\",\"url\":\"https:\/\/www.matrix4design.com\/it\/architettura\/fabio-siddu-e-fabio-novembre-alla-guida-della-nuova-domus-academy\/\",\"name\":\"Fabio Siddu e Fabio Novembre alla guida della nuova Domus Academy\",\"isPartOf\":{\"@id\":\"https:\/\/www.matrix4design.com\/it\/#website\"},\"primaryImageOfPage\":{\"@id\":\"https:\/\/www.matrix4design.com\/it\/architettura\/fabio-siddu-e-fabio-novembre-alla-guida-della-nuova-domus-academy\/#primaryimage\"},\"image\":{\"@id\":\"https:\/\/www.matrix4design.com\/it\/architettura\/fabio-siddu-e-fabio-novembre-alla-guida-della-nuova-domus-academy\/#primaryimage\"},\"thumbnailUrl\":\"https:\/\/www.matrix4design.com\/wp-content\/uploads\/2020\/03\/FabioNovembredirettoreScientificoDomusAcademy2.jpg\",\"datePublished\":\"2018-11-29T00:00:00+00:00\",\"dateModified\":\"2020-03-26T10:54:00+00:00\",\"description\":\"Galileo Global Education Italia d\u00e0 un nuovo impulso a Domus Academy, lo storico brand della formazione post-universitaria italiana, grazie a un nuovo management e a nuovi progetti e collaborazioni.\",\"breadcrumb\":{\"@id\":\"https:\/\/www.matrix4design.com\/it\/architettura\/fabio-siddu-e-fabio-novembre-alla-guida-della-nuova-domus-academy\/#breadcrumb\"},\"inLanguage\":\"it-IT\",\"potentialAction\":[{\"@type\":\"ReadAction\",\"target\":[\"https:\/\/www.matrix4design.com\/it\/architettura\/fabio-siddu-e-fabio-novembre-alla-guida-della-nuova-domus-academy\/\"]}]},{\"@type\":\"ImageObject\",\"inLanguage\":\"it-IT\",\"@id\":\"https:\/\/www.matrix4design.com\/it\/architettura\/fabio-siddu-e-fabio-novembre-alla-guida-della-nuova-domus-academy\/#primaryimage\",\"url\":\"https:\/\/www.matrix4design.com\/wp-content\/uploads\/2020\/03\/FabioNovembredirettoreScientificoDomusAcademy2.jpg\",\"contentUrl\":\"https:\/\/www.matrix4design.com\/wp-content\/uploads\/2020\/03\/FabioNovembredirettoreScientificoDomusAcademy2.jpg\",\"width\":1200,\"height\":800},{\"@type\":\"BreadcrumbList\",\"@id\":\"https:\/\/www.matrix4design.com\/it\/architettura\/fabio-siddu-e-fabio-novembre-alla-guida-della-nuova-domus-academy\/#breadcrumb\",\"itemListElement\":[{\"@type\":\"ListItem\",\"position\":1,\"name\":\"Home\",\"item\":\"https:\/\/www.matrix4design.com\/it\/\"},{\"@type\":\"ListItem\",\"position\":2,\"name\":\"Fabio Siddu e Fabio Novembre alla guida della nuova Domus Academy\"}]},{\"@type\":\"WebSite\",\"@id\":\"https:\/\/www.matrix4design.com\/it\/#website\",\"url\":\"https:\/\/www.matrix4design.com\/it\/\",\"name\":\"Matrix4Design\",\"description\":\"Digital architecture and design b2b magazine\",\"publisher\":{\"@id\":\"https:\/\/www.matrix4design.com\/it\/#organization\"},\"potentialAction\":[{\"@type\":\"SearchAction\",\"target\":{\"@type\":\"EntryPoint\",\"urlTemplate\":\"https:\/\/www.matrix4design.com\/it\/?s={search_term_string}\"},\"query-input\":{\"@type\":\"PropertyValueSpecification\",\"valueRequired\":true,\"valueName\":\"search_term_string\"}}],\"inLanguage\":\"it-IT\"},{\"@type\":\"Organization\",\"@id\":\"https:\/\/www.matrix4design.com\/it\/#organization\",\"name\":\"Matrix4Design\",\"url\":\"https:\/\/www.matrix4design.com\/it\/\",\"logo\":{\"@type\":\"ImageObject\",\"inLanguage\":\"it-IT\",\"@id\":\"https:\/\/www.matrix4design.com\/it\/#\/schema\/logo\/image\/\",\"url\":\"https:\/\/www.matrix4design.com\/wp-content\/uploads\/2020\/04\/logo_matrix4design.png\",\"contentUrl\":\"https:\/\/www.matrix4design.com\/wp-content\/uploads\/2020\/04\/logo_matrix4design.png\",\"width\":804,\"height\":114,\"caption\":\"Matrix4Design\"},\"image\":{\"@id\":\"https:\/\/www.matrix4design.com\/it\/#\/schema\/logo\/image\/\"},\"sameAs\":[\"https:\/\/www.facebook.com\/matrix4designmagazine\/\",\"https:\/\/www.instagram.com\/matrix4designmagazine\/\",\"https:\/\/www.youtube.com\/channel\/UCtuhSSrP3MOO_URZgv8mQ1A\"]},{\"@type\":\"Person\",\"@id\":\"https:\/\/www.matrix4design.com\/it\/#\/schema\/person\/b2b6dd48f9d6892ca224742379951fa1\",\"name\":\"Redazione\",\"image\":{\"@type\":\"ImageObject\",\"inLanguage\":\"it-IT\",\"@id\":\"https:\/\/www.matrix4design.com\/it\/#\/schema\/person\/image\/\",\"url\":\"https:\/\/www.matrix4design.com\/wp-content\/uploads\/2023\/01\/logo_M4D_2023-96x96.jpg\",\"contentUrl\":\"https:\/\/www.matrix4design.com\/wp-content\/uploads\/2023\/01\/logo_M4D_2023-96x96.jpg\",\"caption\":\"Redazione\"},\"url\":\"https:\/\/www.matrix4design.com\/it\/author\/redazione\/\"}]}<\/script>\n<!-- \/ Yoast SEO plugin. -->","yoast_head_json":{"title":"Fabio Siddu e Fabio Novembre alla guida della nuova Domus Academy","description":"Galileo Global Education Italia d\u00e0 un nuovo impulso a Domus Academy, lo storico brand della formazione post-universitaria italiana, grazie a un nuovo management e a nuovi progetti e collaborazioni.","robots":{"index":"index","follow":"follow","max-snippet":"max-snippet:-1","max-image-preview":"max-image-preview:large","max-video-preview":"max-video-preview:-1"},"canonical":"https:\/\/www.matrix4design.com\/it\/architettura\/fabio-siddu-e-fabio-novembre-alla-guida-della-nuova-domus-academy\/","og_locale":"it_IT","og_type":"article","og_title":"Fabio Siddu e Fabio Novembre alla guida della nuova Domus Academy","og_description":"Galileo Global Education Italia d\u00e0 un nuovo impulso a Domus Academy, lo storico brand della formazione post-universitaria italiana, grazie a un nuovo management e a nuovi progetti e collaborazioni.","og_url":"https:\/\/www.matrix4design.com\/it\/architettura\/fabio-siddu-e-fabio-novembre-alla-guida-della-nuova-domus-academy\/","og_site_name":"Matrix4Design","article_publisher":"https:\/\/www.facebook.com\/matrix4designmagazine\/","article_published_time":"2018-11-29T00:00:00+00:00","article_modified_time":"2020-03-26T10:54:00+00:00","og_image":[{"width":1200,"height":800,"url":"https:\/\/www.matrix4design.com\/wp-content\/uploads\/2020\/03\/FabioNovembredirettoreScientificoDomusAcademy2.jpg","type":"image\/jpeg"}],"author":"Redazione","twitter_card":"summary_large_image","twitter_misc":{"Scritto da":"Redazione","Tempo di lettura stimato":"3 minuti"},"schema":{"@context":"https:\/\/schema.org","@graph":[{"@type":"Article","@id":"https:\/\/www.matrix4design.com\/it\/architettura\/fabio-siddu-e-fabio-novembre-alla-guida-della-nuova-domus-academy\/#article","isPartOf":{"@id":"https:\/\/www.matrix4design.com\/it\/architettura\/fabio-siddu-e-fabio-novembre-alla-guida-della-nuova-domus-academy\/"},"author":{"name":"Redazione","@id":"https:\/\/www.matrix4design.com\/it\/#\/schema\/person\/b2b6dd48f9d6892ca224742379951fa1"},"headline":"Fabio Siddu e Fabio Novembre alla guida della nuova Domus Academy","datePublished":"2018-11-29T00:00:00+00:00","dateModified":"2020-03-26T10:54:00+00:00","mainEntityOfPage":{"@id":"https:\/\/www.matrix4design.com\/it\/architettura\/fabio-siddu-e-fabio-novembre-alla-guida-della-nuova-domus-academy\/"},"wordCount":611,"commentCount":0,"publisher":{"@id":"https:\/\/www.matrix4design.com\/it\/#organization"},"image":{"@id":"https:\/\/www.matrix4design.com\/it\/architettura\/fabio-siddu-e-fabio-novembre-alla-guida-della-nuova-domus-academy\/#primaryimage"},"thumbnailUrl":"https:\/\/www.matrix4design.com\/wp-content\/uploads\/2020\/03\/FabioNovembredirettoreScientificoDomusAcademy2.jpg","keywords":["Architettura"],"articleSection":["Architettura"],"inLanguage":"it-IT"},{"@type":"WebPage","@id":"https:\/\/www.matrix4design.com\/it\/architettura\/fabio-siddu-e-fabio-novembre-alla-guida-della-nuova-domus-academy\/","url":"https:\/\/www.matrix4design.com\/it\/architettura\/fabio-siddu-e-fabio-novembre-alla-guida-della-nuova-domus-academy\/","name":"Fabio Siddu e Fabio Novembre alla guida della nuova Domus Academy","isPartOf":{"@id":"https:\/\/www.matrix4design.com\/it\/#website"},"primaryImageOfPage":{"@id":"https:\/\/www.matrix4design.com\/it\/architettura\/fabio-siddu-e-fabio-novembre-alla-guida-della-nuova-domus-academy\/#primaryimage"},"image":{"@id":"https:\/\/www.matrix4design.com\/it\/architettura\/fabio-siddu-e-fabio-novembre-alla-guida-della-nuova-domus-academy\/#primaryimage"},"thumbnailUrl":"https:\/\/www.matrix4design.com\/wp-content\/uploads\/2020\/03\/FabioNovembredirettoreScientificoDomusAcademy2.jpg","datePublished":"2018-11-29T00:00:00+00:00","dateModified":"2020-03-26T10:54:00+00:00","description":"Galileo Global Education Italia d\u00e0 un nuovo impulso a Domus Academy, lo storico brand della formazione post-universitaria italiana, grazie a un nuovo management e a nuovi progetti e collaborazioni.","breadcrumb":{"@id":"https:\/\/www.matrix4design.com\/it\/architettura\/fabio-siddu-e-fabio-novembre-alla-guida-della-nuova-domus-academy\/#breadcrumb"},"inLanguage":"it-IT","potentialAction":[{"@type":"ReadAction","target":["https:\/\/www.matrix4design.com\/it\/architettura\/fabio-siddu-e-fabio-novembre-alla-guida-della-nuova-domus-academy\/"]}]},{"@type":"ImageObject","inLanguage":"it-IT","@id":"https:\/\/www.matrix4design.com\/it\/architettura\/fabio-siddu-e-fabio-novembre-alla-guida-della-nuova-domus-academy\/#primaryimage","url":"https:\/\/www.matrix4design.com\/wp-content\/uploads\/2020\/03\/FabioNovembredirettoreScientificoDomusAcademy2.jpg","contentUrl":"https:\/\/www.matrix4design.com\/wp-content\/uploads\/2020\/03\/FabioNovembredirettoreScientificoDomusAcademy2.jpg","width":1200,"height":800},{"@type":"BreadcrumbList","@id":"https:\/\/www.matrix4design.com\/it\/architettura\/fabio-siddu-e-fabio-novembre-alla-guida-della-nuova-domus-academy\/#breadcrumb","itemListElement":[{"@type":"ListItem","position":1,"name":"Home","item":"https:\/\/www.matrix4design.com\/it\/"},{"@type":"ListItem","position":2,"name":"Fabio Siddu e Fabio Novembre alla guida della nuova Domus Academy"}]},{"@type":"WebSite","@id":"https:\/\/www.matrix4design.com\/it\/#website","url":"https:\/\/www.matrix4design.com\/it\/","name":"Matrix4Design","description":"Digital architecture and design b2b magazine","publisher":{"@id":"https:\/\/www.matrix4design.com\/it\/#organization"},"potentialAction":[{"@type":"SearchAction","target":{"@type":"EntryPoint","urlTemplate":"https:\/\/www.matrix4design.com\/it\/?s={search_term_string}"},"query-input":{"@type":"PropertyValueSpecification","valueRequired":true,"valueName":"search_term_string"}}],"inLanguage":"it-IT"},{"@type":"Organization","@id":"https:\/\/www.matrix4design.com\/it\/#organization","name":"Matrix4Design","url":"https:\/\/www.matrix4design.com\/it\/","logo":{"@type":"ImageObject","inLanguage":"it-IT","@id":"https:\/\/www.matrix4design.com\/it\/#\/schema\/logo\/image\/","url":"https:\/\/www.matrix4design.com\/wp-content\/uploads\/2020\/04\/logo_matrix4design.png","contentUrl":"https:\/\/www.matrix4design.com\/wp-content\/uploads\/2020\/04\/logo_matrix4design.png","width":804,"height":114,"caption":"Matrix4Design"},"image":{"@id":"https:\/\/www.matrix4design.com\/it\/#\/schema\/logo\/image\/"},"sameAs":["https:\/\/www.facebook.com\/matrix4designmagazine\/","https:\/\/www.instagram.com\/matrix4designmagazine\/","https:\/\/www.youtube.com\/channel\/UCtuhSSrP3MOO_URZgv8mQ1A"]},{"@type":"Person","@id":"https:\/\/www.matrix4design.com\/it\/#\/schema\/person\/b2b6dd48f9d6892ca224742379951fa1","name":"Redazione","image":{"@type":"ImageObject","inLanguage":"it-IT","@id":"https:\/\/www.matrix4design.com\/it\/#\/schema\/person\/image\/","url":"https:\/\/www.matrix4design.com\/wp-content\/uploads\/2023\/01\/logo_M4D_2023-96x96.jpg","contentUrl":"https:\/\/www.matrix4design.com\/wp-content\/uploads\/2023\/01\/logo_M4D_2023-96x96.jpg","caption":"Redazione"},"url":"https:\/\/www.matrix4design.com\/it\/author\/redazione\/"}]}},"_links":{"self":[{"href":"https:\/\/www.matrix4design.com\/it\/wp-json\/wp\/v2\/posts\/43773","targetHints":{"allow":["GET"]}}],"collection":[{"href":"https:\/\/www.matrix4design.com\/it\/wp-json\/wp\/v2\/posts"}],"about":[{"href":"https:\/\/www.matrix4design.com\/it\/wp-json\/wp\/v2\/types\/post"}],"author":[{"embeddable":true,"href":"https:\/\/www.matrix4design.com\/it\/wp-json\/wp\/v2\/users\/6"}],"replies":[{"embeddable":true,"href":"https:\/\/www.matrix4design.com\/it\/wp-json\/wp\/v2\/comments?post=43773"}],"version-history":[{"count":1,"href":"https:\/\/www.matrix4design.com\/it\/wp-json\/wp\/v2\/posts\/43773\/revisions"}],"predecessor-version":[{"id":63851,"href":"https:\/\/www.matrix4design.com\/it\/wp-json\/wp\/v2\/posts\/43773\/revisions\/63851"}],"wp:featuredmedia":[{"embeddable":true,"href":"https:\/\/www.matrix4design.com\/it\/wp-json\/wp\/v2\/media\/40547"}],"wp:attachment":[{"href":"https:\/\/www.matrix4design.com\/it\/wp-json\/wp\/v2\/media?parent=43773"}],"wp:term":[{"taxonomy":"category","embeddable":true,"href":"https:\/\/www.matrix4design.com\/it\/wp-json\/wp\/v2\/categories?post=43773"},{"taxonomy":"post_tag","embeddable":true,"href":"https:\/\/www.matrix4design.com\/it\/wp-json\/wp\/v2\/tags?post=43773"}],"curies":[{"name":"wp","href":"https:\/\/api.w.org\/{rel}","templated":true}]}}