{"id":48386,"date":"2018-05-02T00:00:00","date_gmt":"2018-05-02T00:00:00","guid":{"rendered":""},"modified":"2020-03-26T10:55:06","modified_gmt":"2020-03-26T10:55:06","slug":"aran-cucine-presenta-oasi-matrix4design-intervista-stefano-boeri","status":"publish","type":"post","link":"https:\/\/www.matrix4design.com\/it\/design\/aran-cucine-presenta-oasi-matrix4design-intervista-stefano-boeri\/","title":{"rendered":"Aran Cucine presenta OASI: Matrix4Design intervista Stefano Boeri"},"content":{"rendered":"<p><body>                   <\/p>\n<div id=\"main-text\">\n<p><i>Esiste un ambiente domestico in grado di rappresentare pi\u00f9 di tutti l\u2019essenza della cultura italiana? Se esiste, \u00e8 certamente la cucina. A maggior ragione se la cucina in questione \u00e8 firmata <b>ARAN Cucine<\/b>, azienda simbolo dei valori del Made in Italy nel mondo grazie all\u2019impegno inesausto profuso sui fronti della qualit\u00e0 e dell\u2019innovazione ma anche alla profonda consapevolezza ambientale, che rende ogni prodotto ARAN un modello di salvaguardia della natura.<\/i><\/p>\n<p><i>Proprio a partire da questi valori fondamentali, ARAN Cucine ha chiesto all\u2019architetto <b>Stefano Boeri<\/b> di realizzare un progetto a dir poco rivoluzionario: <b>OASI<\/b> \u00e8 infatti un essenziale blocco tavolo da pranzo \u2013 piano cottura che integra al proprio interno le propriet\u00e0 di un tradizionale luogo conviviale.<\/i><i>&nbsp;<\/i><\/p>\n<p><i><img decoding=\"async\" src=\"https:\/\/www.matrix4design.com\/wp-content\/uploads\/2020\/03\/1091_z_meg1600x400_24.jpg\" alt=\"\" class=\"image-inline\" title=\"\"><\/i><\/p>\n<p><i>Al centro del complesso freestanding multifunzione, tuttavia, ecco la sorpresa: un albero che svetta in armonia con l\u2019intero complesso, diventando riferimento spaziale e simbolico del nuovo spazio relazionale.<\/i><i>&nbsp;<\/i><\/p>\n<p><i>Per approfondire meglio le implicazioni di questa idea avanguardistica, al <b>Salone del Mobile di Milano<\/b>, presso lo stand di ARAN Cucine, abbiamo posto alcune domande proprio all\u2019architetto Boeri. Ecco che cosa ci ha risposto.<\/i><\/p>\n<p><i>&nbsp;<\/i><i>&nbsp;<img decoding=\"async\" src=\"https:\/\/www.matrix4design.com\/wp-content\/uploads\/2020\/03\/WhatsAppImage20180418at11.51.36.jpeg\" alt=\"\" class=\"image-inline\" title=\"\"><\/i><\/p>\n<p>&nbsp;<\/p>\n<p><b>Un\u2019idea innovativa come quella legata a OASI com\u2019\u00e8 nata?<\/b><\/p>\n<p>\u201cL\u2019idea \u00e8 un\u2019idea semplice e forte, come sono spesso le idee che cercano di dare risposta a una domanda. In questo caso la domanda era: come possiamo fare per far s\u00ec che il cucinare e tutte le azioni legate al cibo vengano simbolicamente rappresentate dalla cucina? Da un lato c\u2019\u00e8 l\u2019innovazione tecnologica. Ma io credo che ogni tanto ci si debba affidare ai singoli. Un albero \u00e8 un simbolo formidabile di vita, crescita ed \u00e8 anche un simbolo di continua trasformazione. \u00c8 un posto attorno al quale si raccolgono altre vite.&nbsp;<\/p>\n<p>In fondo, se ci pensiamo bene, in una dimensione della vita contemporanea in cui la famiglia si \u00e8 ultimamente sottoposta a variazioni, la cucina e il cibo sono gli unici elementi e spazi dove la famiglia si rincontra. Pensare questo momento attorno a un albero da frutta ci \u00e8 sembrato simbolicamente potentissimo\u201d.<\/p>\n<p>&nbsp;<img decoding=\"async\" src=\"https:\/\/www.matrix4design.com\/wp-content\/uploads\/2020\/03\/WhatsAppImage20180418at11.20.19.jpeg\" alt=\"\" class=\"image-inline\" title=\"\"><\/p>\n<p><b>Quindi \u00e8 la cucina il nuovo cuore della casa contemporanea?<\/b><\/p>\n<p>\u201cAssolutamente s\u00ec. Io non ho mai avuto nessun dubbio. Io credo che abbiamo due grandi tendenze. Da un lato una forma di monolocalizzazione degli spazi notte (le camere da letto diventano spazi di lavoro e di incontro e si riempiono di dispositivi tecnologici che non sono tipici del dormire) e la cucina diventa un luogo collettivo, un luogo di interazione della famiglia. Che questo avvenga attorno a un simbolo vitale rende ancora di pi\u00f9 l\u2019idea. Gli alberi sono intelligenti, hanno una loro traiettoria di vita, chiedono e meritano rispetto\u201d.<\/p>\n<p>&nbsp;<\/p>\n<p><b>Quindi non solo la natura pi\u00f9 presente in citt\u00e0, ma anche all\u2019interno della casa\u2026<\/b><\/p>\n<p>\u201cAssolutamente s\u00ec. C\u2019\u00e8 una ragione molto semplice. Le piante hanno una grande capacit\u00e0 di pulire e ridurre gli inquinanti dell\u2019area domestica. In futuro bisogner\u00e0 lavorare tantissimo su questa cosa\u201d.<\/p>\n<p>&nbsp;<\/p>\n<\/div>\n<p>                   <!--                                   \n\n<div id=\"load-section\">                                     \n\n<div class=\"load-bar\">                                       <span>Load More<\/span>                                     <\/div>\n\n                                   <\/div>\n\n                   -->                   <\/p>\n<div id=\"article-video\"><iframe loading=\"lazy\" width=\"560\" height=\"315\" src=\"https:\/\/www.youtube.com\/embed\/-LFaUDFACqk\" frameborder=\"0\" allow=\"autoplay; encrypted-media\" allowfullscreen=\"\"><\/iframe><\/div>\n<p><\/body><\/p>\n","protected":false},"excerpt":{"rendered":"<p>Esiste un ambiente domestico in grado di rappresentare pi\u00f9 di tutti l\u2019essenza della cultura italiana? Se esiste, \u00e8 certamente la cucina. A maggior ragione se la cucina in questione \u00e8 firmata ARAN Cucine, azienda simbolo dei valori del Made in Italy nel mondo grazie all\u2019impegno inesausto profuso sui fronti della qualit\u00e0 e dell\u2019innovazione ma anche [&hellip;]<\/p>\n","protected":false},"author":6,"featured_media":48387,"comment_status":"open","ping_status":"open","sticky":false,"template":"","format":"standard","meta":{"_acf_changed":false,"footnotes":""},"categories":[366],"tags":[57,47],"class_list":{"0":"post-48386","1":"post","2":"type-post","3":"status-publish","4":"format-standard","5":"has-post-thumbnail","7":"category-design","8":"tag-design","9":"tag-salone-del-mobile-2018"},"acf":[],"yoast_head":"<!-- This site is optimized with the Yoast SEO plugin v27.0 - https:\/\/yoast.com\/product\/yoast-seo-wordpress\/ -->\n<title>Aran Cucine presenta OASI: Matrix4Design intervista Stefano Boeri<\/title>\n<meta name=\"robots\" content=\"index, follow, max-snippet:-1, max-image-preview:large, max-video-preview:-1\" \/>\n<link rel=\"canonical\" href=\"https:\/\/www.matrix4design.com\/it\/design\/aran-cucine-presenta-oasi-matrix4design-intervista-stefano-boeri\/\" \/>\n<meta property=\"og:locale\" content=\"it_IT\" \/>\n<meta property=\"og:type\" content=\"article\" \/>\n<meta property=\"og:title\" content=\"Aran Cucine presenta OASI: Matrix4Design intervista Stefano Boeri\" \/>\n<meta property=\"og:description\" content=\"Esiste un ambiente domestico in grado di rappresentare pi\u00f9 di tutti l\u2019essenza della cultura italiana? Se esiste, \u00e8 certamente la cucina. A maggior ragione se la cucina in questione \u00e8 firmata ARAN Cucine, azienda simbolo dei valori del Made in Italy nel mondo grazie all\u2019impegno inesausto profuso sui fronti della qualit\u00e0 e dell\u2019innovazione ma anche [&hellip;]\" \/>\n<meta property=\"og:url\" content=\"https:\/\/www.matrix4design.com\/it\/design\/aran-cucine-presenta-oasi-matrix4design-intervista-stefano-boeri\/\" \/>\n<meta property=\"og:site_name\" content=\"Matrix4Design\" \/>\n<meta property=\"article:publisher\" content=\"https:\/\/www.facebook.com\/matrix4designmagazine\/\" \/>\n<meta property=\"article:published_time\" content=\"2018-05-02T00:00:00+00:00\" \/>\n<meta property=\"article:modified_time\" content=\"2020-03-26T10:55:06+00:00\" \/>\n<meta property=\"og:image\" content=\"https:\/\/www.matrix4design.com\/wp-content\/uploads\/2020\/03\/1091_z_meg1600x400_24.jpg\" \/>\n\t<meta property=\"og:image:width\" content=\"1600\" \/>\n\t<meta property=\"og:image:height\" content=\"400\" \/>\n\t<meta property=\"og:image:type\" content=\"image\/jpeg\" \/>\n<meta name=\"author\" content=\"Redazione\" \/>\n<meta name=\"twitter:card\" content=\"summary_large_image\" \/>\n<meta name=\"twitter:label1\" content=\"Scritto da\" \/>\n\t<meta name=\"twitter:data1\" content=\"Redazione\" \/>\n\t<meta name=\"twitter:label2\" content=\"Tempo di lettura stimato\" \/>\n\t<meta name=\"twitter:data2\" content=\"2 minuti\" \/>\n<script type=\"application\/ld+json\" class=\"yoast-schema-graph\">{\"@context\":\"https:\/\/schema.org\",\"@graph\":[{\"@type\":\"Article\",\"@id\":\"https:\/\/www.matrix4design.com\/it\/design\/aran-cucine-presenta-oasi-matrix4design-intervista-stefano-boeri\/#article\",\"isPartOf\":{\"@id\":\"https:\/\/www.matrix4design.com\/it\/design\/aran-cucine-presenta-oasi-matrix4design-intervista-stefano-boeri\/\"},\"author\":{\"name\":\"Redazione\",\"@id\":\"https:\/\/www.matrix4design.com\/it\/#\/schema\/person\/b2b6dd48f9d6892ca224742379951fa1\"},\"headline\":\"Aran Cucine presenta OASI: Matrix4Design intervista Stefano Boeri\",\"datePublished\":\"2018-05-02T00:00:00+00:00\",\"dateModified\":\"2020-03-26T10:55:06+00:00\",\"mainEntityOfPage\":{\"@id\":\"https:\/\/www.matrix4design.com\/it\/design\/aran-cucine-presenta-oasi-matrix4design-intervista-stefano-boeri\/\"},\"wordCount\":492,\"commentCount\":0,\"publisher\":{\"@id\":\"https:\/\/www.matrix4design.com\/it\/#organization\"},\"image\":{\"@id\":\"https:\/\/www.matrix4design.com\/it\/design\/aran-cucine-presenta-oasi-matrix4design-intervista-stefano-boeri\/#primaryimage\"},\"thumbnailUrl\":\"https:\/\/www.matrix4design.com\/wp-content\/uploads\/2020\/03\/1091_z_meg1600x400_24.jpg\",\"keywords\":[\"Design\",\"Salone del Mobile 2018\"],\"articleSection\":[\"Design\"],\"inLanguage\":\"it-IT\"},{\"@type\":\"WebPage\",\"@id\":\"https:\/\/www.matrix4design.com\/it\/design\/aran-cucine-presenta-oasi-matrix4design-intervista-stefano-boeri\/\",\"url\":\"https:\/\/www.matrix4design.com\/it\/design\/aran-cucine-presenta-oasi-matrix4design-intervista-stefano-boeri\/\",\"name\":\"Aran Cucine presenta OASI: Matrix4Design intervista Stefano Boeri\",\"isPartOf\":{\"@id\":\"https:\/\/www.matrix4design.com\/it\/#website\"},\"primaryImageOfPage\":{\"@id\":\"https:\/\/www.matrix4design.com\/it\/design\/aran-cucine-presenta-oasi-matrix4design-intervista-stefano-boeri\/#primaryimage\"},\"image\":{\"@id\":\"https:\/\/www.matrix4design.com\/it\/design\/aran-cucine-presenta-oasi-matrix4design-intervista-stefano-boeri\/#primaryimage\"},\"thumbnailUrl\":\"https:\/\/www.matrix4design.com\/wp-content\/uploads\/2020\/03\/1091_z_meg1600x400_24.jpg\",\"datePublished\":\"2018-05-02T00:00:00+00:00\",\"dateModified\":\"2020-03-26T10:55:06+00:00\",\"breadcrumb\":{\"@id\":\"https:\/\/www.matrix4design.com\/it\/design\/aran-cucine-presenta-oasi-matrix4design-intervista-stefano-boeri\/#breadcrumb\"},\"inLanguage\":\"it-IT\",\"potentialAction\":[{\"@type\":\"ReadAction\",\"target\":[\"https:\/\/www.matrix4design.com\/it\/design\/aran-cucine-presenta-oasi-matrix4design-intervista-stefano-boeri\/\"]}]},{\"@type\":\"ImageObject\",\"inLanguage\":\"it-IT\",\"@id\":\"https:\/\/www.matrix4design.com\/it\/design\/aran-cucine-presenta-oasi-matrix4design-intervista-stefano-boeri\/#primaryimage\",\"url\":\"https:\/\/www.matrix4design.com\/wp-content\/uploads\/2020\/03\/1091_z_meg1600x400_24.jpg\",\"contentUrl\":\"https:\/\/www.matrix4design.com\/wp-content\/uploads\/2020\/03\/1091_z_meg1600x400_24.jpg\",\"width\":1600,\"height\":400},{\"@type\":\"BreadcrumbList\",\"@id\":\"https:\/\/www.matrix4design.com\/it\/design\/aran-cucine-presenta-oasi-matrix4design-intervista-stefano-boeri\/#breadcrumb\",\"itemListElement\":[{\"@type\":\"ListItem\",\"position\":1,\"name\":\"Home\",\"item\":\"https:\/\/www.matrix4design.com\/it\/\"},{\"@type\":\"ListItem\",\"position\":2,\"name\":\"Aran Cucine presenta OASI: Matrix4Design intervista Stefano Boeri\"}]},{\"@type\":\"WebSite\",\"@id\":\"https:\/\/www.matrix4design.com\/it\/#website\",\"url\":\"https:\/\/www.matrix4design.com\/it\/\",\"name\":\"Matrix4Design\",\"description\":\"Digital architecture and design b2b magazine\",\"publisher\":{\"@id\":\"https:\/\/www.matrix4design.com\/it\/#organization\"},\"potentialAction\":[{\"@type\":\"SearchAction\",\"target\":{\"@type\":\"EntryPoint\",\"urlTemplate\":\"https:\/\/www.matrix4design.com\/it\/?s={search_term_string}\"},\"query-input\":{\"@type\":\"PropertyValueSpecification\",\"valueRequired\":true,\"valueName\":\"search_term_string\"}}],\"inLanguage\":\"it-IT\"},{\"@type\":\"Organization\",\"@id\":\"https:\/\/www.matrix4design.com\/it\/#organization\",\"name\":\"Matrix4Design\",\"url\":\"https:\/\/www.matrix4design.com\/it\/\",\"logo\":{\"@type\":\"ImageObject\",\"inLanguage\":\"it-IT\",\"@id\":\"https:\/\/www.matrix4design.com\/it\/#\/schema\/logo\/image\/\",\"url\":\"https:\/\/www.matrix4design.com\/wp-content\/uploads\/2020\/04\/logo_matrix4design.png\",\"contentUrl\":\"https:\/\/www.matrix4design.com\/wp-content\/uploads\/2020\/04\/logo_matrix4design.png\",\"width\":804,\"height\":114,\"caption\":\"Matrix4Design\"},\"image\":{\"@id\":\"https:\/\/www.matrix4design.com\/it\/#\/schema\/logo\/image\/\"},\"sameAs\":[\"https:\/\/www.facebook.com\/matrix4designmagazine\/\",\"https:\/\/www.instagram.com\/matrix4designmagazine\/\",\"https:\/\/www.youtube.com\/channel\/UCtuhSSrP3MOO_URZgv8mQ1A\"]},{\"@type\":\"Person\",\"@id\":\"https:\/\/www.matrix4design.com\/it\/#\/schema\/person\/b2b6dd48f9d6892ca224742379951fa1\",\"name\":\"Redazione\",\"image\":{\"@type\":\"ImageObject\",\"inLanguage\":\"it-IT\",\"@id\":\"https:\/\/www.matrix4design.com\/it\/#\/schema\/person\/image\/\",\"url\":\"https:\/\/www.matrix4design.com\/wp-content\/uploads\/2023\/01\/logo_M4D_2023-96x96.jpg\",\"contentUrl\":\"https:\/\/www.matrix4design.com\/wp-content\/uploads\/2023\/01\/logo_M4D_2023-96x96.jpg\",\"caption\":\"Redazione\"},\"url\":\"https:\/\/www.matrix4design.com\/it\/author\/redazione\/\"}]}<\/script>\n<!-- \/ Yoast SEO plugin. -->","yoast_head_json":{"title":"Aran Cucine presenta OASI: Matrix4Design intervista Stefano Boeri","robots":{"index":"index","follow":"follow","max-snippet":"max-snippet:-1","max-image-preview":"max-image-preview:large","max-video-preview":"max-video-preview:-1"},"canonical":"https:\/\/www.matrix4design.com\/it\/design\/aran-cucine-presenta-oasi-matrix4design-intervista-stefano-boeri\/","og_locale":"it_IT","og_type":"article","og_title":"Aran Cucine presenta OASI: Matrix4Design intervista Stefano Boeri","og_description":"Esiste un ambiente domestico in grado di rappresentare pi\u00f9 di tutti l\u2019essenza della cultura italiana? Se esiste, \u00e8 certamente la cucina. A maggior ragione se la cucina in questione \u00e8 firmata ARAN Cucine, azienda simbolo dei valori del Made in Italy nel mondo grazie all\u2019impegno inesausto profuso sui fronti della qualit\u00e0 e dell\u2019innovazione ma anche [&hellip;]","og_url":"https:\/\/www.matrix4design.com\/it\/design\/aran-cucine-presenta-oasi-matrix4design-intervista-stefano-boeri\/","og_site_name":"Matrix4Design","article_publisher":"https:\/\/www.facebook.com\/matrix4designmagazine\/","article_published_time":"2018-05-02T00:00:00+00:00","article_modified_time":"2020-03-26T10:55:06+00:00","og_image":[{"width":1600,"height":400,"url":"https:\/\/www.matrix4design.com\/wp-content\/uploads\/2020\/03\/1091_z_meg1600x400_24.jpg","type":"image\/jpeg"}],"author":"Redazione","twitter_card":"summary_large_image","twitter_misc":{"Scritto da":"Redazione","Tempo di lettura stimato":"2 minuti"},"schema":{"@context":"https:\/\/schema.org","@graph":[{"@type":"Article","@id":"https:\/\/www.matrix4design.com\/it\/design\/aran-cucine-presenta-oasi-matrix4design-intervista-stefano-boeri\/#article","isPartOf":{"@id":"https:\/\/www.matrix4design.com\/it\/design\/aran-cucine-presenta-oasi-matrix4design-intervista-stefano-boeri\/"},"author":{"name":"Redazione","@id":"https:\/\/www.matrix4design.com\/it\/#\/schema\/person\/b2b6dd48f9d6892ca224742379951fa1"},"headline":"Aran Cucine presenta OASI: Matrix4Design intervista Stefano Boeri","datePublished":"2018-05-02T00:00:00+00:00","dateModified":"2020-03-26T10:55:06+00:00","mainEntityOfPage":{"@id":"https:\/\/www.matrix4design.com\/it\/design\/aran-cucine-presenta-oasi-matrix4design-intervista-stefano-boeri\/"},"wordCount":492,"commentCount":0,"publisher":{"@id":"https:\/\/www.matrix4design.com\/it\/#organization"},"image":{"@id":"https:\/\/www.matrix4design.com\/it\/design\/aran-cucine-presenta-oasi-matrix4design-intervista-stefano-boeri\/#primaryimage"},"thumbnailUrl":"https:\/\/www.matrix4design.com\/wp-content\/uploads\/2020\/03\/1091_z_meg1600x400_24.jpg","keywords":["Design","Salone del Mobile 2018"],"articleSection":["Design"],"inLanguage":"it-IT"},{"@type":"WebPage","@id":"https:\/\/www.matrix4design.com\/it\/design\/aran-cucine-presenta-oasi-matrix4design-intervista-stefano-boeri\/","url":"https:\/\/www.matrix4design.com\/it\/design\/aran-cucine-presenta-oasi-matrix4design-intervista-stefano-boeri\/","name":"Aran Cucine presenta OASI: Matrix4Design intervista Stefano Boeri","isPartOf":{"@id":"https:\/\/www.matrix4design.com\/it\/#website"},"primaryImageOfPage":{"@id":"https:\/\/www.matrix4design.com\/it\/design\/aran-cucine-presenta-oasi-matrix4design-intervista-stefano-boeri\/#primaryimage"},"image":{"@id":"https:\/\/www.matrix4design.com\/it\/design\/aran-cucine-presenta-oasi-matrix4design-intervista-stefano-boeri\/#primaryimage"},"thumbnailUrl":"https:\/\/www.matrix4design.com\/wp-content\/uploads\/2020\/03\/1091_z_meg1600x400_24.jpg","datePublished":"2018-05-02T00:00:00+00:00","dateModified":"2020-03-26T10:55:06+00:00","breadcrumb":{"@id":"https:\/\/www.matrix4design.com\/it\/design\/aran-cucine-presenta-oasi-matrix4design-intervista-stefano-boeri\/#breadcrumb"},"inLanguage":"it-IT","potentialAction":[{"@type":"ReadAction","target":["https:\/\/www.matrix4design.com\/it\/design\/aran-cucine-presenta-oasi-matrix4design-intervista-stefano-boeri\/"]}]},{"@type":"ImageObject","inLanguage":"it-IT","@id":"https:\/\/www.matrix4design.com\/it\/design\/aran-cucine-presenta-oasi-matrix4design-intervista-stefano-boeri\/#primaryimage","url":"https:\/\/www.matrix4design.com\/wp-content\/uploads\/2020\/03\/1091_z_meg1600x400_24.jpg","contentUrl":"https:\/\/www.matrix4design.com\/wp-content\/uploads\/2020\/03\/1091_z_meg1600x400_24.jpg","width":1600,"height":400},{"@type":"BreadcrumbList","@id":"https:\/\/www.matrix4design.com\/it\/design\/aran-cucine-presenta-oasi-matrix4design-intervista-stefano-boeri\/#breadcrumb","itemListElement":[{"@type":"ListItem","position":1,"name":"Home","item":"https:\/\/www.matrix4design.com\/it\/"},{"@type":"ListItem","position":2,"name":"Aran Cucine presenta OASI: Matrix4Design intervista Stefano Boeri"}]},{"@type":"WebSite","@id":"https:\/\/www.matrix4design.com\/it\/#website","url":"https:\/\/www.matrix4design.com\/it\/","name":"Matrix4Design","description":"Digital architecture and design b2b magazine","publisher":{"@id":"https:\/\/www.matrix4design.com\/it\/#organization"},"potentialAction":[{"@type":"SearchAction","target":{"@type":"EntryPoint","urlTemplate":"https:\/\/www.matrix4design.com\/it\/?s={search_term_string}"},"query-input":{"@type":"PropertyValueSpecification","valueRequired":true,"valueName":"search_term_string"}}],"inLanguage":"it-IT"},{"@type":"Organization","@id":"https:\/\/www.matrix4design.com\/it\/#organization","name":"Matrix4Design","url":"https:\/\/www.matrix4design.com\/it\/","logo":{"@type":"ImageObject","inLanguage":"it-IT","@id":"https:\/\/www.matrix4design.com\/it\/#\/schema\/logo\/image\/","url":"https:\/\/www.matrix4design.com\/wp-content\/uploads\/2020\/04\/logo_matrix4design.png","contentUrl":"https:\/\/www.matrix4design.com\/wp-content\/uploads\/2020\/04\/logo_matrix4design.png","width":804,"height":114,"caption":"Matrix4Design"},"image":{"@id":"https:\/\/www.matrix4design.com\/it\/#\/schema\/logo\/image\/"},"sameAs":["https:\/\/www.facebook.com\/matrix4designmagazine\/","https:\/\/www.instagram.com\/matrix4designmagazine\/","https:\/\/www.youtube.com\/channel\/UCtuhSSrP3MOO_URZgv8mQ1A"]},{"@type":"Person","@id":"https:\/\/www.matrix4design.com\/it\/#\/schema\/person\/b2b6dd48f9d6892ca224742379951fa1","name":"Redazione","image":{"@type":"ImageObject","inLanguage":"it-IT","@id":"https:\/\/www.matrix4design.com\/it\/#\/schema\/person\/image\/","url":"https:\/\/www.matrix4design.com\/wp-content\/uploads\/2023\/01\/logo_M4D_2023-96x96.jpg","contentUrl":"https:\/\/www.matrix4design.com\/wp-content\/uploads\/2023\/01\/logo_M4D_2023-96x96.jpg","caption":"Redazione"},"url":"https:\/\/www.matrix4design.com\/it\/author\/redazione\/"}]}},"_links":{"self":[{"href":"https:\/\/www.matrix4design.com\/it\/wp-json\/wp\/v2\/posts\/48386","targetHints":{"allow":["GET"]}}],"collection":[{"href":"https:\/\/www.matrix4design.com\/it\/wp-json\/wp\/v2\/posts"}],"about":[{"href":"https:\/\/www.matrix4design.com\/it\/wp-json\/wp\/v2\/types\/post"}],"author":[{"embeddable":true,"href":"https:\/\/www.matrix4design.com\/it\/wp-json\/wp\/v2\/users\/6"}],"replies":[{"embeddable":true,"href":"https:\/\/www.matrix4design.com\/it\/wp-json\/wp\/v2\/comments?post=48386"}],"version-history":[{"count":1,"href":"https:\/\/www.matrix4design.com\/it\/wp-json\/wp\/v2\/posts\/48386\/revisions"}],"predecessor-version":[{"id":64251,"href":"https:\/\/www.matrix4design.com\/it\/wp-json\/wp\/v2\/posts\/48386\/revisions\/64251"}],"wp:featuredmedia":[{"embeddable":true,"href":"https:\/\/www.matrix4design.com\/it\/wp-json\/wp\/v2\/media\/48387"}],"wp:attachment":[{"href":"https:\/\/www.matrix4design.com\/it\/wp-json\/wp\/v2\/media?parent=48386"}],"wp:term":[{"taxonomy":"category","embeddable":true,"href":"https:\/\/www.matrix4design.com\/it\/wp-json\/wp\/v2\/categories?post=48386"},{"taxonomy":"post_tag","embeddable":true,"href":"https:\/\/www.matrix4design.com\/it\/wp-json\/wp\/v2\/tags?post=48386"}],"curies":[{"name":"wp","href":"https:\/\/api.w.org\/{rel}","templated":true}]}}