{"id":49442,"date":"2018-01-08T00:00:00","date_gmt":"2018-01-08T00:00:00","guid":{"rendered":""},"modified":"2020-04-01T09:26:12","modified_gmt":"2020-04-01T09:26:12","slug":"colos-la-novita-split-gl-di-francesco-meda","status":"publish","type":"post","link":"https:\/\/www.matrix4design.com\/it\/design\/colos-la-novita-split-gl-di-francesco-meda\/","title":{"rendered":"Colos, la novit\u00e0 Split GL di Francesco Meda"},"content":{"rendered":"<p><body>                   <\/p>\n<div id=\"main-text\">\n<p><b>Colos<\/b> \u00e8 un\u2019azienda italiana giovane e dinamica, produttrice di arredi contract, con una particolare attenzione al mondo dell\u2019ospitalit\u00e0 e della ristorazione, dove ama distinguersi per la qualit\u00e0, il design, la sostenibilit\u00e0 e i prezzi competitivi, anche a livello internazionale.&nbsp;<\/p>\n<p>Vista in anteprima gi\u00e0 nell\u2019ambito di <b>Host 2017 <\/b>a Milano, Colos presenta <b>Split GL<\/b>, la nuova seduta pensata per rivoluzionare il rapporto tra forme e materiali: viene infatti introdotto <b>il legno<\/b>, che dona eleganza alle gambe, creando inedite combinazioni concepite dal designer <b>Francesco Meda<\/b>.&nbsp;<\/p>\n<p>Gi\u00e0 in precedenza, grazie alla propria modularit\u00e0, la seduta offriva l&#8217;opportunit\u00e0 di combinare scocche e basi con diversi colori, ma questa nuova gamma costituisce un ulteriore passo in avanti verso un design pi\u00f9 sofisticato e personale, pur mantenendo la stessa scocca.&nbsp;<\/p>\n<p><img decoding=\"async\" src=\"https:\/\/www.matrix4design.com\/wp-content\/uploads\/2020\/03\/unnamed2-3-4-3.jpg\" alt=\"\" class=\"image-inline\" title=\"\"><\/p>\n<p>La maggior vicinanza al centro della seduta delle gambe si combina perci\u00f2 con un effetto naturale proprio del nuovo materiale, il legno, donando al prodotto <b>un nuovo senso di compostezza e di bellezza minimalista<\/b>, tale da rendere Split GL la soluzione ideale per ambienti che richiedono linee estetiche e materiali pi\u00f9 ricercati.<\/p>\n<p><img decoding=\"async\" src=\"https:\/\/www.matrix4design.com\/wp-content\/uploads\/2020\/03\/unnamed3-3-8.jpg\" alt=\"\" class=\"image-inline\" title=\"\"><\/p>\n<p>Cos\u00ec <b>Tiziano Barachino<\/b>, Art Director di Colos:<\/p>\n<p>\u201c<i>Colos lavora costantemente alla ricerca per l\u2019ampliamento di gamma dei propri prodotti e con Split GL pensiamo di esserci proprio riusciti raggiungendo una nuova estetica del prodotto. Da una parte Split, il prodotto originario, con caratteristiche tecniche, compositive ed estetiche molto flessibili e dinamiche (composizione di colori, impilabilit\u00e0, utilizzo all\u2019esterno), dall\u2019altra un prodotto in cui plastica e legno si accostano per ottenere un risultato dalle linee sobrie ed eleganti, per un utilizzo in luoghi che richiedono maggiore raffinatezza dei materiale e minori prestazioni funzionali<\/i>.\u201d<\/p>\n<p>Ad Host Colos ha inoltre proposto anche le altre collezioni come <b>Stecca, Piazza e Vesper<\/b>, che gi\u00e0 stanno riscuotendo un grande successo in tutto il mondo, tanto che anche l\u2019Ambasciata d\u2019Italia a Madrid ha scelto di arredare il proprio famoso giardino con i prodotti del marchio italiano.&nbsp;<\/p>\n<\/div>\n<p>                   <!--                                   \n\n<div id=\"load-section\">                                     \n\n<div class=\"load-bar\">                                       <span>Load More<\/span>                                     <\/div>\n\n                                   <\/div>\n\n                   -->                                                       <br \/><\/body><\/p>\n","protected":false},"excerpt":{"rendered":"<p>Colos \u00e8 un\u2019azienda italiana giovane e dinamica, produttrice di arredi contract, con una particolare attenzione al mondo dell\u2019ospitalit\u00e0 e della ristorazione, dove ama distinguersi per la qualit\u00e0, il design, la sostenibilit\u00e0 e i prezzi competitivi, anche a livello internazionale.&nbsp; Vista in anteprima gi\u00e0 nell\u2019ambito di Host 2017 a Milano, Colos presenta Split GL, la nuova [&hellip;]<\/p>\n","protected":false},"author":6,"featured_media":41558,"comment_status":"open","ping_status":"open","sticky":false,"template":"","format":"standard","meta":{"_acf_changed":false,"footnotes":""},"categories":[366],"tags":[57],"class_list":{"0":"post-49442","1":"post","2":"type-post","3":"status-publish","4":"format-standard","5":"has-post-thumbnail","7":"category-design","8":"tag-design"},"acf":[],"yoast_head":"<!-- This site is optimized with the Yoast SEO plugin v27.0 - https:\/\/yoast.com\/product\/yoast-seo-wordpress\/ -->\n<title>Colos, la novit\u00e0 Split GL di Francesco Meda<\/title>\n<meta name=\"description\" content=\"Colos presenta la nuova seduta Split GL disegnata da Francesco Meda.\" \/>\n<meta name=\"robots\" content=\"index, follow, max-snippet:-1, max-image-preview:large, max-video-preview:-1\" \/>\n<link rel=\"canonical\" href=\"https:\/\/www.matrix4design.com\/it\/design\/colos-la-novita-split-gl-di-francesco-meda\/\" \/>\n<meta property=\"og:locale\" content=\"it_IT\" \/>\n<meta property=\"og:type\" content=\"article\" \/>\n<meta property=\"og:title\" content=\"Colos, la novit\u00e0 Split GL di Francesco Meda\" \/>\n<meta property=\"og:description\" content=\"Colos presenta la nuova seduta Split GL disegnata da Francesco Meda.\" \/>\n<meta property=\"og:url\" content=\"https:\/\/www.matrix4design.com\/it\/design\/colos-la-novita-split-gl-di-francesco-meda\/\" \/>\n<meta property=\"og:site_name\" content=\"Matrix4Design\" \/>\n<meta property=\"article:publisher\" content=\"https:\/\/www.facebook.com\/matrix4designmagazine\/\" \/>\n<meta property=\"article:published_time\" content=\"2018-01-08T00:00:00+00:00\" \/>\n<meta property=\"article:modified_time\" content=\"2020-04-01T09:26:12+00:00\" \/>\n<meta property=\"og:image\" content=\"https:\/\/www.matrix4design.com\/wp-content\/uploads\/2020\/03\/unnamed2-8.jpg\" \/>\n\t<meta property=\"og:image:width\" content=\"1920\" \/>\n\t<meta property=\"og:image:height\" content=\"1404\" \/>\n\t<meta property=\"og:image:type\" content=\"image\/jpeg\" \/>\n<meta name=\"author\" content=\"Redazione\" \/>\n<meta name=\"twitter:card\" content=\"summary_large_image\" \/>\n<meta name=\"twitter:label1\" content=\"Scritto da\" \/>\n\t<meta name=\"twitter:data1\" content=\"Redazione\" \/>\n\t<meta name=\"twitter:label2\" content=\"Tempo di lettura stimato\" \/>\n\t<meta name=\"twitter:data2\" content=\"2 minuti\" \/>\n<script type=\"application\/ld+json\" class=\"yoast-schema-graph\">{\"@context\":\"https:\/\/schema.org\",\"@graph\":[{\"@type\":\"Article\",\"@id\":\"https:\/\/www.matrix4design.com\/it\/design\/colos-la-novita-split-gl-di-francesco-meda\/#article\",\"isPartOf\":{\"@id\":\"https:\/\/www.matrix4design.com\/it\/design\/colos-la-novita-split-gl-di-francesco-meda\/\"},\"author\":{\"name\":\"Redazione\",\"@id\":\"https:\/\/www.matrix4design.com\/it\/#\/schema\/person\/b2b6dd48f9d6892ca224742379951fa1\"},\"headline\":\"Colos, la novit\u00e0 Split GL di Francesco Meda\",\"datePublished\":\"2018-01-08T00:00:00+00:00\",\"dateModified\":\"2020-04-01T09:26:12+00:00\",\"mainEntityOfPage\":{\"@id\":\"https:\/\/www.matrix4design.com\/it\/design\/colos-la-novita-split-gl-di-francesco-meda\/\"},\"wordCount\":333,\"commentCount\":0,\"publisher\":{\"@id\":\"https:\/\/www.matrix4design.com\/it\/#organization\"},\"image\":{\"@id\":\"https:\/\/www.matrix4design.com\/it\/design\/colos-la-novita-split-gl-di-francesco-meda\/#primaryimage\"},\"thumbnailUrl\":\"https:\/\/www.matrix4design.com\/wp-content\/uploads\/2020\/03\/unnamed2-8.jpg\",\"keywords\":[\"Design\"],\"articleSection\":[\"Design\"],\"inLanguage\":\"it-IT\"},{\"@type\":\"WebPage\",\"@id\":\"https:\/\/www.matrix4design.com\/it\/design\/colos-la-novita-split-gl-di-francesco-meda\/\",\"url\":\"https:\/\/www.matrix4design.com\/it\/design\/colos-la-novita-split-gl-di-francesco-meda\/\",\"name\":\"Colos, la novit\u00e0 Split GL di Francesco Meda\",\"isPartOf\":{\"@id\":\"https:\/\/www.matrix4design.com\/it\/#website\"},\"primaryImageOfPage\":{\"@id\":\"https:\/\/www.matrix4design.com\/it\/design\/colos-la-novita-split-gl-di-francesco-meda\/#primaryimage\"},\"image\":{\"@id\":\"https:\/\/www.matrix4design.com\/it\/design\/colos-la-novita-split-gl-di-francesco-meda\/#primaryimage\"},\"thumbnailUrl\":\"https:\/\/www.matrix4design.com\/wp-content\/uploads\/2020\/03\/unnamed2-8.jpg\",\"datePublished\":\"2018-01-08T00:00:00+00:00\",\"dateModified\":\"2020-04-01T09:26:12+00:00\",\"description\":\"Colos presenta la nuova seduta Split GL disegnata da Francesco Meda.\",\"breadcrumb\":{\"@id\":\"https:\/\/www.matrix4design.com\/it\/design\/colos-la-novita-split-gl-di-francesco-meda\/#breadcrumb\"},\"inLanguage\":\"it-IT\",\"potentialAction\":[{\"@type\":\"ReadAction\",\"target\":[\"https:\/\/www.matrix4design.com\/it\/design\/colos-la-novita-split-gl-di-francesco-meda\/\"]}]},{\"@type\":\"ImageObject\",\"inLanguage\":\"it-IT\",\"@id\":\"https:\/\/www.matrix4design.com\/it\/design\/colos-la-novita-split-gl-di-francesco-meda\/#primaryimage\",\"url\":\"https:\/\/www.matrix4design.com\/wp-content\/uploads\/2020\/03\/unnamed2-8.jpg\",\"contentUrl\":\"https:\/\/www.matrix4design.com\/wp-content\/uploads\/2020\/03\/unnamed2-8.jpg\",\"width\":1920,\"height\":1404},{\"@type\":\"BreadcrumbList\",\"@id\":\"https:\/\/www.matrix4design.com\/it\/design\/colos-la-novita-split-gl-di-francesco-meda\/#breadcrumb\",\"itemListElement\":[{\"@type\":\"ListItem\",\"position\":1,\"name\":\"Home\",\"item\":\"https:\/\/www.matrix4design.com\/it\/\"},{\"@type\":\"ListItem\",\"position\":2,\"name\":\"Colos, la novit\u00e0 Split GL di Francesco Meda\"}]},{\"@type\":\"WebSite\",\"@id\":\"https:\/\/www.matrix4design.com\/it\/#website\",\"url\":\"https:\/\/www.matrix4design.com\/it\/\",\"name\":\"Matrix4Design\",\"description\":\"Digital architecture and design b2b magazine\",\"publisher\":{\"@id\":\"https:\/\/www.matrix4design.com\/it\/#organization\"},\"potentialAction\":[{\"@type\":\"SearchAction\",\"target\":{\"@type\":\"EntryPoint\",\"urlTemplate\":\"https:\/\/www.matrix4design.com\/it\/?s={search_term_string}\"},\"query-input\":{\"@type\":\"PropertyValueSpecification\",\"valueRequired\":true,\"valueName\":\"search_term_string\"}}],\"inLanguage\":\"it-IT\"},{\"@type\":\"Organization\",\"@id\":\"https:\/\/www.matrix4design.com\/it\/#organization\",\"name\":\"Matrix4Design\",\"url\":\"https:\/\/www.matrix4design.com\/it\/\",\"logo\":{\"@type\":\"ImageObject\",\"inLanguage\":\"it-IT\",\"@id\":\"https:\/\/www.matrix4design.com\/it\/#\/schema\/logo\/image\/\",\"url\":\"https:\/\/www.matrix4design.com\/wp-content\/uploads\/2020\/04\/logo_matrix4design.png\",\"contentUrl\":\"https:\/\/www.matrix4design.com\/wp-content\/uploads\/2020\/04\/logo_matrix4design.png\",\"width\":804,\"height\":114,\"caption\":\"Matrix4Design\"},\"image\":{\"@id\":\"https:\/\/www.matrix4design.com\/it\/#\/schema\/logo\/image\/\"},\"sameAs\":[\"https:\/\/www.facebook.com\/matrix4designmagazine\/\",\"https:\/\/www.instagram.com\/matrix4designmagazine\/\",\"https:\/\/www.youtube.com\/channel\/UCtuhSSrP3MOO_URZgv8mQ1A\"]},{\"@type\":\"Person\",\"@id\":\"https:\/\/www.matrix4design.com\/it\/#\/schema\/person\/b2b6dd48f9d6892ca224742379951fa1\",\"name\":\"Redazione\",\"image\":{\"@type\":\"ImageObject\",\"inLanguage\":\"it-IT\",\"@id\":\"https:\/\/www.matrix4design.com\/it\/#\/schema\/person\/image\/\",\"url\":\"https:\/\/www.matrix4design.com\/wp-content\/uploads\/2023\/01\/logo_M4D_2023-96x96.jpg\",\"contentUrl\":\"https:\/\/www.matrix4design.com\/wp-content\/uploads\/2023\/01\/logo_M4D_2023-96x96.jpg\",\"caption\":\"Redazione\"},\"url\":\"https:\/\/www.matrix4design.com\/it\/author\/redazione\/\"}]}<\/script>\n<!-- \/ Yoast SEO plugin. -->","yoast_head_json":{"title":"Colos, la novit\u00e0 Split GL di Francesco Meda","description":"Colos presenta la nuova seduta Split GL disegnata da Francesco Meda.","robots":{"index":"index","follow":"follow","max-snippet":"max-snippet:-1","max-image-preview":"max-image-preview:large","max-video-preview":"max-video-preview:-1"},"canonical":"https:\/\/www.matrix4design.com\/it\/design\/colos-la-novita-split-gl-di-francesco-meda\/","og_locale":"it_IT","og_type":"article","og_title":"Colos, la novit\u00e0 Split GL di Francesco Meda","og_description":"Colos presenta la nuova seduta Split GL disegnata da Francesco Meda.","og_url":"https:\/\/www.matrix4design.com\/it\/design\/colos-la-novita-split-gl-di-francesco-meda\/","og_site_name":"Matrix4Design","article_publisher":"https:\/\/www.facebook.com\/matrix4designmagazine\/","article_published_time":"2018-01-08T00:00:00+00:00","article_modified_time":"2020-04-01T09:26:12+00:00","og_image":[{"width":1920,"height":1404,"url":"https:\/\/www.matrix4design.com\/wp-content\/uploads\/2020\/03\/unnamed2-8.jpg","type":"image\/jpeg"}],"author":"Redazione","twitter_card":"summary_large_image","twitter_misc":{"Scritto da":"Redazione","Tempo di lettura stimato":"2 minuti"},"schema":{"@context":"https:\/\/schema.org","@graph":[{"@type":"Article","@id":"https:\/\/www.matrix4design.com\/it\/design\/colos-la-novita-split-gl-di-francesco-meda\/#article","isPartOf":{"@id":"https:\/\/www.matrix4design.com\/it\/design\/colos-la-novita-split-gl-di-francesco-meda\/"},"author":{"name":"Redazione","@id":"https:\/\/www.matrix4design.com\/it\/#\/schema\/person\/b2b6dd48f9d6892ca224742379951fa1"},"headline":"Colos, la novit\u00e0 Split GL di Francesco Meda","datePublished":"2018-01-08T00:00:00+00:00","dateModified":"2020-04-01T09:26:12+00:00","mainEntityOfPage":{"@id":"https:\/\/www.matrix4design.com\/it\/design\/colos-la-novita-split-gl-di-francesco-meda\/"},"wordCount":333,"commentCount":0,"publisher":{"@id":"https:\/\/www.matrix4design.com\/it\/#organization"},"image":{"@id":"https:\/\/www.matrix4design.com\/it\/design\/colos-la-novita-split-gl-di-francesco-meda\/#primaryimage"},"thumbnailUrl":"https:\/\/www.matrix4design.com\/wp-content\/uploads\/2020\/03\/unnamed2-8.jpg","keywords":["Design"],"articleSection":["Design"],"inLanguage":"it-IT"},{"@type":"WebPage","@id":"https:\/\/www.matrix4design.com\/it\/design\/colos-la-novita-split-gl-di-francesco-meda\/","url":"https:\/\/www.matrix4design.com\/it\/design\/colos-la-novita-split-gl-di-francesco-meda\/","name":"Colos, la novit\u00e0 Split GL di Francesco Meda","isPartOf":{"@id":"https:\/\/www.matrix4design.com\/it\/#website"},"primaryImageOfPage":{"@id":"https:\/\/www.matrix4design.com\/it\/design\/colos-la-novita-split-gl-di-francesco-meda\/#primaryimage"},"image":{"@id":"https:\/\/www.matrix4design.com\/it\/design\/colos-la-novita-split-gl-di-francesco-meda\/#primaryimage"},"thumbnailUrl":"https:\/\/www.matrix4design.com\/wp-content\/uploads\/2020\/03\/unnamed2-8.jpg","datePublished":"2018-01-08T00:00:00+00:00","dateModified":"2020-04-01T09:26:12+00:00","description":"Colos presenta la nuova seduta Split GL disegnata da Francesco Meda.","breadcrumb":{"@id":"https:\/\/www.matrix4design.com\/it\/design\/colos-la-novita-split-gl-di-francesco-meda\/#breadcrumb"},"inLanguage":"it-IT","potentialAction":[{"@type":"ReadAction","target":["https:\/\/www.matrix4design.com\/it\/design\/colos-la-novita-split-gl-di-francesco-meda\/"]}]},{"@type":"ImageObject","inLanguage":"it-IT","@id":"https:\/\/www.matrix4design.com\/it\/design\/colos-la-novita-split-gl-di-francesco-meda\/#primaryimage","url":"https:\/\/www.matrix4design.com\/wp-content\/uploads\/2020\/03\/unnamed2-8.jpg","contentUrl":"https:\/\/www.matrix4design.com\/wp-content\/uploads\/2020\/03\/unnamed2-8.jpg","width":1920,"height":1404},{"@type":"BreadcrumbList","@id":"https:\/\/www.matrix4design.com\/it\/design\/colos-la-novita-split-gl-di-francesco-meda\/#breadcrumb","itemListElement":[{"@type":"ListItem","position":1,"name":"Home","item":"https:\/\/www.matrix4design.com\/it\/"},{"@type":"ListItem","position":2,"name":"Colos, la novit\u00e0 Split GL di Francesco Meda"}]},{"@type":"WebSite","@id":"https:\/\/www.matrix4design.com\/it\/#website","url":"https:\/\/www.matrix4design.com\/it\/","name":"Matrix4Design","description":"Digital architecture and design b2b magazine","publisher":{"@id":"https:\/\/www.matrix4design.com\/it\/#organization"},"potentialAction":[{"@type":"SearchAction","target":{"@type":"EntryPoint","urlTemplate":"https:\/\/www.matrix4design.com\/it\/?s={search_term_string}"},"query-input":{"@type":"PropertyValueSpecification","valueRequired":true,"valueName":"search_term_string"}}],"inLanguage":"it-IT"},{"@type":"Organization","@id":"https:\/\/www.matrix4design.com\/it\/#organization","name":"Matrix4Design","url":"https:\/\/www.matrix4design.com\/it\/","logo":{"@type":"ImageObject","inLanguage":"it-IT","@id":"https:\/\/www.matrix4design.com\/it\/#\/schema\/logo\/image\/","url":"https:\/\/www.matrix4design.com\/wp-content\/uploads\/2020\/04\/logo_matrix4design.png","contentUrl":"https:\/\/www.matrix4design.com\/wp-content\/uploads\/2020\/04\/logo_matrix4design.png","width":804,"height":114,"caption":"Matrix4Design"},"image":{"@id":"https:\/\/www.matrix4design.com\/it\/#\/schema\/logo\/image\/"},"sameAs":["https:\/\/www.facebook.com\/matrix4designmagazine\/","https:\/\/www.instagram.com\/matrix4designmagazine\/","https:\/\/www.youtube.com\/channel\/UCtuhSSrP3MOO_URZgv8mQ1A"]},{"@type":"Person","@id":"https:\/\/www.matrix4design.com\/it\/#\/schema\/person\/b2b6dd48f9d6892ca224742379951fa1","name":"Redazione","image":{"@type":"ImageObject","inLanguage":"it-IT","@id":"https:\/\/www.matrix4design.com\/it\/#\/schema\/person\/image\/","url":"https:\/\/www.matrix4design.com\/wp-content\/uploads\/2023\/01\/logo_M4D_2023-96x96.jpg","contentUrl":"https:\/\/www.matrix4design.com\/wp-content\/uploads\/2023\/01\/logo_M4D_2023-96x96.jpg","caption":"Redazione"},"url":"https:\/\/www.matrix4design.com\/it\/author\/redazione\/"}]}},"_links":{"self":[{"href":"https:\/\/www.matrix4design.com\/it\/wp-json\/wp\/v2\/posts\/49442","targetHints":{"allow":["GET"]}}],"collection":[{"href":"https:\/\/www.matrix4design.com\/it\/wp-json\/wp\/v2\/posts"}],"about":[{"href":"https:\/\/www.matrix4design.com\/it\/wp-json\/wp\/v2\/types\/post"}],"author":[{"embeddable":true,"href":"https:\/\/www.matrix4design.com\/it\/wp-json\/wp\/v2\/users\/6"}],"replies":[{"embeddable":true,"href":"https:\/\/www.matrix4design.com\/it\/wp-json\/wp\/v2\/comments?post=49442"}],"version-history":[{"count":1,"href":"https:\/\/www.matrix4design.com\/it\/wp-json\/wp\/v2\/posts\/49442\/revisions"}],"predecessor-version":[{"id":64482,"href":"https:\/\/www.matrix4design.com\/it\/wp-json\/wp\/v2\/posts\/49442\/revisions\/64482"}],"wp:featuredmedia":[{"embeddable":true,"href":"https:\/\/www.matrix4design.com\/it\/wp-json\/wp\/v2\/media\/41558"}],"wp:attachment":[{"href":"https:\/\/www.matrix4design.com\/it\/wp-json\/wp\/v2\/media?parent=49442"}],"wp:term":[{"taxonomy":"category","embeddable":true,"href":"https:\/\/www.matrix4design.com\/it\/wp-json\/wp\/v2\/categories?post=49442"},{"taxonomy":"post_tag","embeddable":true,"href":"https:\/\/www.matrix4design.com\/it\/wp-json\/wp\/v2\/tags?post=49442"}],"curies":[{"name":"wp","href":"https:\/\/api.w.org\/{rel}","templated":true}]}}