{"id":51325,"date":"2018-04-24T00:00:00","date_gmt":"2018-04-24T00:00:00","guid":{"rendered":""},"modified":"2020-03-26T10:55:07","modified_gmt":"2020-03-26T10:55:07","slug":"la-sedia-protagonista-matrix4design-incontra-arrmet","status":"publish","type":"post","link":"https:\/\/www.matrix4design.com\/it\/design\/la-sedia-protagonista-matrix4design-incontra-arrmet\/","title":{"rendered":"La sedia protagonista: Matrix4Design incontra Arrmet"},"content":{"rendered":"<p><body>                   <\/p>\n<div id=\"main-text\">\n<p>Da 58 anni <strong>Arrmet<\/strong> si dedica a realizzare la qualit\u00e0 degli ambienti in cui viviamo la nostra quotidianit\u00e0 mettendo al centro l\u2019elemento principe di uno spazio autenticamente confortevole: la sedia. Grazie ad un lavoro di ricerca progettuale in grado di unire il pregio dei materiali, il gusto estetico e la praticit\u00e0 funzionale, Armett propone oggi al mercato internazionale una serie di 29 collezioni prodotte con quell\u2019attenzione verso il dettaglio che \u00e8 un caposaldo del fare italiano. In occasione del Salone Del Mobile 2018 <strong>Daniele Venturato<\/strong>, amministratore delegato del brand, ci ha presentato le novit\u00e0 pi\u00f9 recenti introducendoci alla filosofia aziendale che \u00e8 all\u2019origine del successo di Arrmet nel mondo.<\/p>\n<p>&nbsp;<img decoding=\"async\" src=\"https:\/\/www.matrix4design.com\/wp-content\/uploads\/2020\/03\/WhatsAppImage20180417at11.12.46.jpeg\" alt=\"\" class=\"image-inline\" title=\"\"><\/p>\n<p>&nbsp;<\/p>\n<p><b>Quali novit\u00e0 presenta Arrmet al Salone del Mobile 2018?<\/b>&nbsp;<\/p>\n<p>\u201cAl Salone quest\u2019anno presentiamo due famiglie nuove: la collezione Macka, che consiste in una sedia disegnata dallo studio Note di Stoccolma. Il nome evoca un particolare gioco scandinavo di tirare i sassi sul lago facendoli spiattellare sull\u2019acqua. Per questo il bracciolo richiama il sasso appiattito. La sedia \u00e8 molto originale, comoda. Sono molto fiducioso per questo tipo di prodotto. Un altro modello che presentiamo \u00e8 la Doc, una sedia pi\u00f9 tradizionale che, come tutti i nostri prodotti, ha per\u00f2 le sue particolarit\u00e0\u201d.<\/p>\n<p><b><img decoding=\"async\" src=\"https:\/\/www.matrix4design.com\/wp-content\/uploads\/2020\/03\/Arrmet_MackaArmchair_HRESrender1.jpg\" alt=\"\" class=\"image-inline\" title=\"\">&nbsp;<\/b><\/p>\n<p><b>Quali sono le caratteristiche che rendono unici i vostri prodotti?<\/b><\/p>\n<p>\u201cRenderli unici \u00e8 un po\u2019 difficile. Renderli originali, particolari e dare loro delle connotazioni, delle sfumature che li possano differenziare dagli altri prodotti \u00e8 sicuramente il nostro obiettivo. Devono piacere e ricordare il marchio. La cura del dettaglio, il controllo delle fasi di produzione sono aspetti molto importanti. Noi vogliamo soddisfare il nostro cliente. Quando compra la nostra sedia la prende perch\u00e9 \u00e8 una sedia affidabile, che lo soddisfa\u201d.<\/p>\n<p><b>&nbsp;<img decoding=\"async\" src=\"https:\/\/www.matrix4design.com\/wp-content\/uploads\/2020\/03\/b_MACKAarrmet334829rel974e0b7f.jpg\" alt=\"\" class=\"image-inline\" title=\"\"><\/b><\/p>\n<p><b>I prodotti Arrmet arricchiscono gli <i>interiors<\/i> dei locali pi\u00f9 esclusivi in tutto il mondo. Vuole raccontarci qualcuno di questi progetti?<\/b><\/p>\n<p>\u201cCi sono due progetti in Italia che ci rendono particolarmente orgogliosi. Innanzitutto il bar Motta di Milano, in Galleria Vittorio Emanuele, dove abbiamo il nostro modello Strike. Ultimissimo allestimento \u00e8 poi al nuovo centro direzionale Lavazza di Torino, la Nuvola, un centro rivoluzionario da un punto di vista architettonico e concettuale. C\u2019\u00e8 anche un ristorante gourmet, e l\u00ec abbiamo inserito le nostre sedie Strike.<\/p>\n<p>Del resto, noi facciamo sedie e pochi tavoli, quindi ci rivolgiamo a chi \u00e8 in grado di far diventare la sedia l\u2019attore principale del contesto. Il contract legato all\u2019ospitalit\u00e0 e all\u2019impresa \u00e8 sicuramente il nostro focus\u201d.<\/p>\n<p><b>&nbsp;<\/b><\/p>\n<p><b>Obiettivi per il futuro?<\/b><\/p>\n<p>\u201cIl nostro obiettivo per il futuro \u00e8 quello di continuare a fare bei prodotti. \u00c8 uno dei nostri principali obiettivi: avere soddisfazione di quello che si fa. Creare oggetti che durino, restino e che, se messi in un contesto, diano un valore aggiunto, completando l\u2019ambiente\u201d.&nbsp;<\/p>\n<\/div>\n<p>                   <!--                                   \n\n<div id=\"load-section\">                                     \n\n<div class=\"load-bar\">                                       <span>Load More<\/span>                                     <\/div>\n\n                                   <\/div>\n\n                   -->                                                       <br \/><\/body><\/p>\n","protected":false},"excerpt":{"rendered":"<p>Da 58 anni Arrmet si dedica a realizzare la qualit\u00e0 degli ambienti in cui viviamo la nostra quotidianit\u00e0 mettendo al centro l\u2019elemento principe di uno spazio autenticamente confortevole: la sedia. Grazie ad un lavoro di ricerca progettuale in grado di unire il pregio dei materiali, il gusto estetico e la praticit\u00e0 funzionale, Armett propone oggi [&hellip;]<\/p>\n","protected":false},"author":6,"featured_media":51326,"comment_status":"open","ping_status":"open","sticky":false,"template":"","format":"standard","meta":{"_acf_changed":false,"footnotes":""},"categories":[366],"tags":[57,47],"class_list":{"0":"post-51325","1":"post","2":"type-post","3":"status-publish","4":"format-standard","5":"has-post-thumbnail","7":"category-design","8":"tag-design","9":"tag-salone-del-mobile-2018"},"acf":[],"yoast_head":"<!-- This site is optimized with the Yoast SEO plugin v27.0 - https:\/\/yoast.com\/product\/yoast-seo-wordpress\/ -->\n<title>La sedia protagonista: Matrix4Design incontra Arrmet<\/title>\n<meta name=\"robots\" content=\"index, follow, max-snippet:-1, max-image-preview:large, max-video-preview:-1\" \/>\n<link rel=\"canonical\" href=\"https:\/\/www.matrix4design.com\/it\/design\/la-sedia-protagonista-matrix4design-incontra-arrmet\/\" \/>\n<meta property=\"og:locale\" content=\"it_IT\" \/>\n<meta property=\"og:type\" content=\"article\" \/>\n<meta property=\"og:title\" content=\"La sedia protagonista: Matrix4Design incontra Arrmet\" \/>\n<meta property=\"og:description\" content=\"Da 58 anni Arrmet si dedica a realizzare la qualit\u00e0 degli ambienti in cui viviamo la nostra quotidianit\u00e0 mettendo al centro l\u2019elemento principe di uno spazio autenticamente confortevole: la sedia. Grazie ad un lavoro di ricerca progettuale in grado di unire il pregio dei materiali, il gusto estetico e la praticit\u00e0 funzionale, Armett propone oggi [&hellip;]\" \/>\n<meta property=\"og:url\" content=\"https:\/\/www.matrix4design.com\/it\/design\/la-sedia-protagonista-matrix4design-incontra-arrmet\/\" \/>\n<meta property=\"og:site_name\" content=\"Matrix4Design\" \/>\n<meta property=\"article:publisher\" content=\"https:\/\/www.facebook.com\/matrix4designmagazine\/\" \/>\n<meta property=\"article:published_time\" content=\"2018-04-24T00:00:00+00:00\" \/>\n<meta property=\"article:modified_time\" content=\"2020-03-26T10:55:07+00:00\" \/>\n<meta property=\"og:image\" content=\"https:\/\/www.matrix4design.com\/wp-content\/uploads\/2020\/03\/WhatsAppImage20180417at11.12.46.jpeg\" \/>\n\t<meta property=\"og:image:width\" content=\"1000\" \/>\n\t<meta property=\"og:image:height\" content=\"750\" \/>\n\t<meta property=\"og:image:type\" content=\"image\/jpeg\" \/>\n<meta name=\"author\" content=\"Redazione\" \/>\n<meta name=\"twitter:card\" content=\"summary_large_image\" \/>\n<meta name=\"twitter:label1\" content=\"Scritto da\" \/>\n\t<meta name=\"twitter:data1\" content=\"Redazione\" \/>\n\t<meta name=\"twitter:label2\" content=\"Tempo di lettura stimato\" \/>\n\t<meta name=\"twitter:data2\" content=\"2 minuti\" \/>\n<script type=\"application\/ld+json\" class=\"yoast-schema-graph\">{\"@context\":\"https:\/\/schema.org\",\"@graph\":[{\"@type\":\"Article\",\"@id\":\"https:\/\/www.matrix4design.com\/it\/design\/la-sedia-protagonista-matrix4design-incontra-arrmet\/#article\",\"isPartOf\":{\"@id\":\"https:\/\/www.matrix4design.com\/it\/design\/la-sedia-protagonista-matrix4design-incontra-arrmet\/\"},\"author\":{\"name\":\"Redazione\",\"@id\":\"https:\/\/www.matrix4design.com\/it\/#\/schema\/person\/b2b6dd48f9d6892ca224742379951fa1\"},\"headline\":\"La sedia protagonista: Matrix4Design incontra Arrmet\",\"datePublished\":\"2018-04-24T00:00:00+00:00\",\"dateModified\":\"2020-03-26T10:55:07+00:00\",\"mainEntityOfPage\":{\"@id\":\"https:\/\/www.matrix4design.com\/it\/design\/la-sedia-protagonista-matrix4design-incontra-arrmet\/\"},\"wordCount\":455,\"commentCount\":0,\"publisher\":{\"@id\":\"https:\/\/www.matrix4design.com\/it\/#organization\"},\"image\":{\"@id\":\"https:\/\/www.matrix4design.com\/it\/design\/la-sedia-protagonista-matrix4design-incontra-arrmet\/#primaryimage\"},\"thumbnailUrl\":\"https:\/\/www.matrix4design.com\/wp-content\/uploads\/2020\/03\/WhatsAppImage20180417at11.12.46.jpeg\",\"keywords\":[\"Design\",\"Salone del Mobile 2018\"],\"articleSection\":[\"Design\"],\"inLanguage\":\"it-IT\"},{\"@type\":\"WebPage\",\"@id\":\"https:\/\/www.matrix4design.com\/it\/design\/la-sedia-protagonista-matrix4design-incontra-arrmet\/\",\"url\":\"https:\/\/www.matrix4design.com\/it\/design\/la-sedia-protagonista-matrix4design-incontra-arrmet\/\",\"name\":\"La sedia protagonista: Matrix4Design incontra Arrmet\",\"isPartOf\":{\"@id\":\"https:\/\/www.matrix4design.com\/it\/#website\"},\"primaryImageOfPage\":{\"@id\":\"https:\/\/www.matrix4design.com\/it\/design\/la-sedia-protagonista-matrix4design-incontra-arrmet\/#primaryimage\"},\"image\":{\"@id\":\"https:\/\/www.matrix4design.com\/it\/design\/la-sedia-protagonista-matrix4design-incontra-arrmet\/#primaryimage\"},\"thumbnailUrl\":\"https:\/\/www.matrix4design.com\/wp-content\/uploads\/2020\/03\/WhatsAppImage20180417at11.12.46.jpeg\",\"datePublished\":\"2018-04-24T00:00:00+00:00\",\"dateModified\":\"2020-03-26T10:55:07+00:00\",\"breadcrumb\":{\"@id\":\"https:\/\/www.matrix4design.com\/it\/design\/la-sedia-protagonista-matrix4design-incontra-arrmet\/#breadcrumb\"},\"inLanguage\":\"it-IT\",\"potentialAction\":[{\"@type\":\"ReadAction\",\"target\":[\"https:\/\/www.matrix4design.com\/it\/design\/la-sedia-protagonista-matrix4design-incontra-arrmet\/\"]}]},{\"@type\":\"ImageObject\",\"inLanguage\":\"it-IT\",\"@id\":\"https:\/\/www.matrix4design.com\/it\/design\/la-sedia-protagonista-matrix4design-incontra-arrmet\/#primaryimage\",\"url\":\"https:\/\/www.matrix4design.com\/wp-content\/uploads\/2020\/03\/WhatsAppImage20180417at11.12.46.jpeg\",\"contentUrl\":\"https:\/\/www.matrix4design.com\/wp-content\/uploads\/2020\/03\/WhatsAppImage20180417at11.12.46.jpeg\",\"width\":1000,\"height\":750},{\"@type\":\"BreadcrumbList\",\"@id\":\"https:\/\/www.matrix4design.com\/it\/design\/la-sedia-protagonista-matrix4design-incontra-arrmet\/#breadcrumb\",\"itemListElement\":[{\"@type\":\"ListItem\",\"position\":1,\"name\":\"Home\",\"item\":\"https:\/\/www.matrix4design.com\/it\/\"},{\"@type\":\"ListItem\",\"position\":2,\"name\":\"La sedia protagonista: Matrix4Design incontra Arrmet\"}]},{\"@type\":\"WebSite\",\"@id\":\"https:\/\/www.matrix4design.com\/it\/#website\",\"url\":\"https:\/\/www.matrix4design.com\/it\/\",\"name\":\"Matrix4Design\",\"description\":\"Digital architecture and design b2b magazine\",\"publisher\":{\"@id\":\"https:\/\/www.matrix4design.com\/it\/#organization\"},\"potentialAction\":[{\"@type\":\"SearchAction\",\"target\":{\"@type\":\"EntryPoint\",\"urlTemplate\":\"https:\/\/www.matrix4design.com\/it\/?s={search_term_string}\"},\"query-input\":{\"@type\":\"PropertyValueSpecification\",\"valueRequired\":true,\"valueName\":\"search_term_string\"}}],\"inLanguage\":\"it-IT\"},{\"@type\":\"Organization\",\"@id\":\"https:\/\/www.matrix4design.com\/it\/#organization\",\"name\":\"Matrix4Design\",\"url\":\"https:\/\/www.matrix4design.com\/it\/\",\"logo\":{\"@type\":\"ImageObject\",\"inLanguage\":\"it-IT\",\"@id\":\"https:\/\/www.matrix4design.com\/it\/#\/schema\/logo\/image\/\",\"url\":\"https:\/\/www.matrix4design.com\/wp-content\/uploads\/2020\/04\/logo_matrix4design.png\",\"contentUrl\":\"https:\/\/www.matrix4design.com\/wp-content\/uploads\/2020\/04\/logo_matrix4design.png\",\"width\":804,\"height\":114,\"caption\":\"Matrix4Design\"},\"image\":{\"@id\":\"https:\/\/www.matrix4design.com\/it\/#\/schema\/logo\/image\/\"},\"sameAs\":[\"https:\/\/www.facebook.com\/matrix4designmagazine\/\",\"https:\/\/www.instagram.com\/matrix4designmagazine\/\",\"https:\/\/www.youtube.com\/channel\/UCtuhSSrP3MOO_URZgv8mQ1A\"]},{\"@type\":\"Person\",\"@id\":\"https:\/\/www.matrix4design.com\/it\/#\/schema\/person\/b2b6dd48f9d6892ca224742379951fa1\",\"name\":\"Redazione\",\"image\":{\"@type\":\"ImageObject\",\"inLanguage\":\"it-IT\",\"@id\":\"https:\/\/www.matrix4design.com\/it\/#\/schema\/person\/image\/\",\"url\":\"https:\/\/www.matrix4design.com\/wp-content\/uploads\/2023\/01\/logo_M4D_2023-96x96.jpg\",\"contentUrl\":\"https:\/\/www.matrix4design.com\/wp-content\/uploads\/2023\/01\/logo_M4D_2023-96x96.jpg\",\"caption\":\"Redazione\"},\"url\":\"https:\/\/www.matrix4design.com\/it\/author\/redazione\/\"}]}<\/script>\n<!-- \/ Yoast SEO plugin. -->","yoast_head_json":{"title":"La sedia protagonista: Matrix4Design incontra Arrmet","robots":{"index":"index","follow":"follow","max-snippet":"max-snippet:-1","max-image-preview":"max-image-preview:large","max-video-preview":"max-video-preview:-1"},"canonical":"https:\/\/www.matrix4design.com\/it\/design\/la-sedia-protagonista-matrix4design-incontra-arrmet\/","og_locale":"it_IT","og_type":"article","og_title":"La sedia protagonista: Matrix4Design incontra Arrmet","og_description":"Da 58 anni Arrmet si dedica a realizzare la qualit\u00e0 degli ambienti in cui viviamo la nostra quotidianit\u00e0 mettendo al centro l\u2019elemento principe di uno spazio autenticamente confortevole: la sedia. Grazie ad un lavoro di ricerca progettuale in grado di unire il pregio dei materiali, il gusto estetico e la praticit\u00e0 funzionale, Armett propone oggi [&hellip;]","og_url":"https:\/\/www.matrix4design.com\/it\/design\/la-sedia-protagonista-matrix4design-incontra-arrmet\/","og_site_name":"Matrix4Design","article_publisher":"https:\/\/www.facebook.com\/matrix4designmagazine\/","article_published_time":"2018-04-24T00:00:00+00:00","article_modified_time":"2020-03-26T10:55:07+00:00","og_image":[{"width":1000,"height":750,"url":"https:\/\/www.matrix4design.com\/wp-content\/uploads\/2020\/03\/WhatsAppImage20180417at11.12.46.jpeg","type":"image\/jpeg"}],"author":"Redazione","twitter_card":"summary_large_image","twitter_misc":{"Scritto da":"Redazione","Tempo di lettura stimato":"2 minuti"},"schema":{"@context":"https:\/\/schema.org","@graph":[{"@type":"Article","@id":"https:\/\/www.matrix4design.com\/it\/design\/la-sedia-protagonista-matrix4design-incontra-arrmet\/#article","isPartOf":{"@id":"https:\/\/www.matrix4design.com\/it\/design\/la-sedia-protagonista-matrix4design-incontra-arrmet\/"},"author":{"name":"Redazione","@id":"https:\/\/www.matrix4design.com\/it\/#\/schema\/person\/b2b6dd48f9d6892ca224742379951fa1"},"headline":"La sedia protagonista: Matrix4Design incontra Arrmet","datePublished":"2018-04-24T00:00:00+00:00","dateModified":"2020-03-26T10:55:07+00:00","mainEntityOfPage":{"@id":"https:\/\/www.matrix4design.com\/it\/design\/la-sedia-protagonista-matrix4design-incontra-arrmet\/"},"wordCount":455,"commentCount":0,"publisher":{"@id":"https:\/\/www.matrix4design.com\/it\/#organization"},"image":{"@id":"https:\/\/www.matrix4design.com\/it\/design\/la-sedia-protagonista-matrix4design-incontra-arrmet\/#primaryimage"},"thumbnailUrl":"https:\/\/www.matrix4design.com\/wp-content\/uploads\/2020\/03\/WhatsAppImage20180417at11.12.46.jpeg","keywords":["Design","Salone del Mobile 2018"],"articleSection":["Design"],"inLanguage":"it-IT"},{"@type":"WebPage","@id":"https:\/\/www.matrix4design.com\/it\/design\/la-sedia-protagonista-matrix4design-incontra-arrmet\/","url":"https:\/\/www.matrix4design.com\/it\/design\/la-sedia-protagonista-matrix4design-incontra-arrmet\/","name":"La sedia protagonista: Matrix4Design incontra Arrmet","isPartOf":{"@id":"https:\/\/www.matrix4design.com\/it\/#website"},"primaryImageOfPage":{"@id":"https:\/\/www.matrix4design.com\/it\/design\/la-sedia-protagonista-matrix4design-incontra-arrmet\/#primaryimage"},"image":{"@id":"https:\/\/www.matrix4design.com\/it\/design\/la-sedia-protagonista-matrix4design-incontra-arrmet\/#primaryimage"},"thumbnailUrl":"https:\/\/www.matrix4design.com\/wp-content\/uploads\/2020\/03\/WhatsAppImage20180417at11.12.46.jpeg","datePublished":"2018-04-24T00:00:00+00:00","dateModified":"2020-03-26T10:55:07+00:00","breadcrumb":{"@id":"https:\/\/www.matrix4design.com\/it\/design\/la-sedia-protagonista-matrix4design-incontra-arrmet\/#breadcrumb"},"inLanguage":"it-IT","potentialAction":[{"@type":"ReadAction","target":["https:\/\/www.matrix4design.com\/it\/design\/la-sedia-protagonista-matrix4design-incontra-arrmet\/"]}]},{"@type":"ImageObject","inLanguage":"it-IT","@id":"https:\/\/www.matrix4design.com\/it\/design\/la-sedia-protagonista-matrix4design-incontra-arrmet\/#primaryimage","url":"https:\/\/www.matrix4design.com\/wp-content\/uploads\/2020\/03\/WhatsAppImage20180417at11.12.46.jpeg","contentUrl":"https:\/\/www.matrix4design.com\/wp-content\/uploads\/2020\/03\/WhatsAppImage20180417at11.12.46.jpeg","width":1000,"height":750},{"@type":"BreadcrumbList","@id":"https:\/\/www.matrix4design.com\/it\/design\/la-sedia-protagonista-matrix4design-incontra-arrmet\/#breadcrumb","itemListElement":[{"@type":"ListItem","position":1,"name":"Home","item":"https:\/\/www.matrix4design.com\/it\/"},{"@type":"ListItem","position":2,"name":"La sedia protagonista: Matrix4Design incontra Arrmet"}]},{"@type":"WebSite","@id":"https:\/\/www.matrix4design.com\/it\/#website","url":"https:\/\/www.matrix4design.com\/it\/","name":"Matrix4Design","description":"Digital architecture and design b2b magazine","publisher":{"@id":"https:\/\/www.matrix4design.com\/it\/#organization"},"potentialAction":[{"@type":"SearchAction","target":{"@type":"EntryPoint","urlTemplate":"https:\/\/www.matrix4design.com\/it\/?s={search_term_string}"},"query-input":{"@type":"PropertyValueSpecification","valueRequired":true,"valueName":"search_term_string"}}],"inLanguage":"it-IT"},{"@type":"Organization","@id":"https:\/\/www.matrix4design.com\/it\/#organization","name":"Matrix4Design","url":"https:\/\/www.matrix4design.com\/it\/","logo":{"@type":"ImageObject","inLanguage":"it-IT","@id":"https:\/\/www.matrix4design.com\/it\/#\/schema\/logo\/image\/","url":"https:\/\/www.matrix4design.com\/wp-content\/uploads\/2020\/04\/logo_matrix4design.png","contentUrl":"https:\/\/www.matrix4design.com\/wp-content\/uploads\/2020\/04\/logo_matrix4design.png","width":804,"height":114,"caption":"Matrix4Design"},"image":{"@id":"https:\/\/www.matrix4design.com\/it\/#\/schema\/logo\/image\/"},"sameAs":["https:\/\/www.facebook.com\/matrix4designmagazine\/","https:\/\/www.instagram.com\/matrix4designmagazine\/","https:\/\/www.youtube.com\/channel\/UCtuhSSrP3MOO_URZgv8mQ1A"]},{"@type":"Person","@id":"https:\/\/www.matrix4design.com\/it\/#\/schema\/person\/b2b6dd48f9d6892ca224742379951fa1","name":"Redazione","image":{"@type":"ImageObject","inLanguage":"it-IT","@id":"https:\/\/www.matrix4design.com\/it\/#\/schema\/person\/image\/","url":"https:\/\/www.matrix4design.com\/wp-content\/uploads\/2023\/01\/logo_M4D_2023-96x96.jpg","contentUrl":"https:\/\/www.matrix4design.com\/wp-content\/uploads\/2023\/01\/logo_M4D_2023-96x96.jpg","caption":"Redazione"},"url":"https:\/\/www.matrix4design.com\/it\/author\/redazione\/"}]}},"_links":{"self":[{"href":"https:\/\/www.matrix4design.com\/it\/wp-json\/wp\/v2\/posts\/51325","targetHints":{"allow":["GET"]}}],"collection":[{"href":"https:\/\/www.matrix4design.com\/it\/wp-json\/wp\/v2\/posts"}],"about":[{"href":"https:\/\/www.matrix4design.com\/it\/wp-json\/wp\/v2\/types\/post"}],"author":[{"embeddable":true,"href":"https:\/\/www.matrix4design.com\/it\/wp-json\/wp\/v2\/users\/6"}],"replies":[{"embeddable":true,"href":"https:\/\/www.matrix4design.com\/it\/wp-json\/wp\/v2\/comments?post=51325"}],"version-history":[{"count":1,"href":"https:\/\/www.matrix4design.com\/it\/wp-json\/wp\/v2\/posts\/51325\/revisions"}],"predecessor-version":[{"id":64262,"href":"https:\/\/www.matrix4design.com\/it\/wp-json\/wp\/v2\/posts\/51325\/revisions\/64262"}],"wp:featuredmedia":[{"embeddable":true,"href":"https:\/\/www.matrix4design.com\/it\/wp-json\/wp\/v2\/media\/51326"}],"wp:attachment":[{"href":"https:\/\/www.matrix4design.com\/it\/wp-json\/wp\/v2\/media?parent=51325"}],"wp:term":[{"taxonomy":"category","embeddable":true,"href":"https:\/\/www.matrix4design.com\/it\/wp-json\/wp\/v2\/categories?post=51325"},{"taxonomy":"post_tag","embeddable":true,"href":"https:\/\/www.matrix4design.com\/it\/wp-json\/wp\/v2\/tags?post=51325"}],"curies":[{"name":"wp","href":"https:\/\/api.w.org\/{rel}","templated":true}]}}