{"id":51363,"date":"2018-03-06T00:00:00","date_gmt":"2018-03-06T00:00:00","guid":{"rendered":""},"modified":"2020-03-26T10:55:21","modified_gmt":"2020-03-26T10:55:21","slug":"le-novita-di-l-l-luce-light-al-light-building-di-francoforte","status":"publish","type":"post","link":"https:\/\/www.matrix4design.com\/it\/design\/le-novita-di-l-l-luce-light-al-light-building-di-francoforte\/","title":{"rendered":"Le novit\u00e0 di L&#038;L Luce Light al Light+Building di Francoforte"},"content":{"rendered":"<p><body>                   <\/p>\n<div id=\"main-text\">\n<p>Sono molte le novit\u00e0 che <b>L&amp;L Luce&amp;Light<\/b>, l&#8217;azienda italiana specializzata nell&#8217;illuminazione dell&#8217;architettura, presenter\u00e0 in occasione della fiera <b>Light+Building<\/b> di <b>Francoforte<\/b> (dal 18 al 23 marzo 2018): si tratta di <b>una ricca gamma di nuovi apparecchi illuminotecnici LED<\/b> installati all&#8217;interno di una scenografia espositiva progettata dallo studio Traverso \u2013 Vighy, caratterizzata dall&#8217;uso di materiali \u201craw\u201d e da quinte texturizzate e traforate che creeranno giochi di luce e ombre.&nbsp;<\/p>\n<p>Tra i prodotti di punta c\u2019\u00e8 sicuramente <b>Palladiano<\/b>, che esprime un concetto di design illuminotecnico declinabile in molteplici applicazioni per esterni grazie all\u2019alta versatilit\u00e0 che lo contraddistingue: la sua forma \u00e8 caratterizzata da braccia a semicerchio orientabili ogni 30\u00b0 che supportano un\u2019ottica orientabile fino a 336\u00b0 in grado di indirizzare un fascio luminoso con luce bianca 2700K, 3000K, 4000K.&nbsp;<\/p>\n<p><img decoding=\"async\" src=\"https:\/\/www.matrix4design.com\/wp-content\/uploads\/2020\/03\/62607_05.jpg\" alt=\"\" class=\"image-inline\" title=\"\"><\/p>\n<p>Grazie alla variet\u00e0 di accessori dedicati, Palladiano pu\u00f2 essere installato in contesti urbani su palo e paletto, montato come applique, proiettore o plafoniera da esterno, dando il meglio di s\u00e9 in abbinamento agli accessori ottici (filtri colore e filtri ombra: bosco, pioggia, acqua, foglie, vialetto e fuori fuoco), capaci di richiamare alla mente effetti scenografici naturali e di creare contesti unici; sono inoltre disponibili le ottiche 15\u00b0, 24\u00b0, 38\u00b0, 54\u00b0, 14\u00b0x56\u00b0 e 15 ottiche stradali.&nbsp;<\/p>\n<p>Altra novit\u00e0 presente in fiera \u00e8 la linea<b> Bitpop<\/b>, cio\u00e8 un incasso downlight con singola o multi-ottica che pu\u00f2 essere installato nei controsoffitti in due modi, a filo soffitto o arretrato; la famiglia \u00e8 composta da tre versioni, singola ottica, 4 ottiche in linea (elementi in 1&#215;4), 4 ottiche in forma quadrata (elementi in 2&#215;2) e tutte le versioni montano un\u2019ottica arretrata, studiata per garantire il confort visivo dell\u2019utente, disponibile con varie emissioni: 17\u00b0, 30\u00b0, 42\u00b0, 17\u00b0x45, a luce bianca con CCT 2700K, 3000K, 4000K.&nbsp;<\/p>\n<p><img decoding=\"async\" src=\"https:\/\/www.matrix4design.com\/wp-content\/uploads\/2020\/03\/62607_01.jpg\" alt=\"\" class=\"image-inline\" title=\"\"><\/p>\n<p>La versione singola \u00e8 disponibile sia in tensione (6,5W) che in tensione di rete (8W), mentre le altre in 230Vac (18W\/26W); infine il corpo dell&#8217;apparecchio \u00e8 in alluminio anodizzato, mentre il frame pu\u00f2 essere a scelta bianco oppure nero.<\/p>\n<p><iframe loading=\"lazy\" allowfullscreen=\"\" frameborder=\"0\" height=\"360\" src=\"https:\/\/player.vimeo.com\/video\/261799053\" width=\"640\"><\/iframe><\/p>\n<p><a href=\"https:\/\/vimeo.com\/261799053\">L&amp;L &#8211; Light+Building 2018<\/a> from <a href=\"https:\/\/vimeo.com\/lucelight\">L&amp;L Luce&amp;Light<\/a> on <a href=\"https:\/\/vimeo.com\">Vimeo<\/a>.<\/p>\n<\/div>\n<p>                   <!--                                   \n\n<div id=\"load-section\">                                     \n\n<div class=\"load-bar\">                                       <span>Load More<\/span>                                     <\/div>\n\n                                   <\/div>\n\n                   -->                                                       <br \/><\/body><\/p>\n","protected":false},"excerpt":{"rendered":"<p>Sono molte le novit\u00e0 che L&amp;L Luce&amp;Light, l&#8217;azienda italiana specializzata nell&#8217;illuminazione dell&#8217;architettura, presenter\u00e0 in occasione della fiera Light+Building di Francoforte (dal 18 al 23 marzo 2018): si tratta di una ricca gamma di nuovi apparecchi illuminotecnici LED installati all&#8217;interno di una scenografia espositiva progettata dallo studio Traverso \u2013 Vighy, caratterizzata dall&#8217;uso di materiali \u201craw\u201d e [&hellip;]<\/p>\n","protected":false},"author":6,"featured_media":51364,"comment_status":"open","ping_status":"open","sticky":false,"template":"","format":"standard","meta":{"_acf_changed":false,"footnotes":""},"categories":[366],"tags":[57],"class_list":{"0":"post-51363","1":"post","2":"type-post","3":"status-publish","4":"format-standard","5":"has-post-thumbnail","7":"category-design","8":"tag-design"},"acf":[],"yoast_head":"<!-- This site is optimized with the Yoast SEO plugin v27.0 - https:\/\/yoast.com\/product\/yoast-seo-wordpress\/ -->\n<title>Le novit\u00e0 di L&amp;L Luce Light al Light+Building di Francoforte<\/title>\n<meta name=\"description\" content=\"L&amp;L Luce Light porter\u00e0 a Francoforte alcuni dei suoi prodotti di punta per il 2018.\" \/>\n<meta name=\"robots\" content=\"index, follow, max-snippet:-1, max-image-preview:large, max-video-preview:-1\" \/>\n<link rel=\"canonical\" href=\"https:\/\/www.matrix4design.com\/it\/design\/le-novita-di-l-l-luce-light-al-light-building-di-francoforte\/\" \/>\n<meta property=\"og:locale\" content=\"it_IT\" \/>\n<meta property=\"og:type\" content=\"article\" \/>\n<meta property=\"og:title\" content=\"Le novit\u00e0 di L&amp;L Luce Light al Light+Building di Francoforte\" \/>\n<meta property=\"og:description\" content=\"L&amp;L Luce Light porter\u00e0 a Francoforte alcuni dei suoi prodotti di punta per il 2018.\" \/>\n<meta property=\"og:url\" content=\"https:\/\/www.matrix4design.com\/it\/design\/le-novita-di-l-l-luce-light-al-light-building-di-francoforte\/\" \/>\n<meta property=\"og:site_name\" content=\"Matrix4Design\" \/>\n<meta property=\"article:publisher\" content=\"https:\/\/www.facebook.com\/matrix4designmagazine\/\" \/>\n<meta property=\"article:published_time\" content=\"2018-03-06T00:00:00+00:00\" \/>\n<meta property=\"article:modified_time\" content=\"2020-03-26T10:55:21+00:00\" \/>\n<meta property=\"og:image\" content=\"https:\/\/www.matrix4design.com\/wp-content\/uploads\/2020\/03\/62607_05.jpg\" \/>\n\t<meta property=\"og:image:width\" content=\"1300\" \/>\n\t<meta property=\"og:image:height\" content=\"975\" \/>\n\t<meta property=\"og:image:type\" content=\"image\/jpeg\" \/>\n<meta name=\"author\" content=\"Redazione\" \/>\n<meta name=\"twitter:card\" content=\"summary_large_image\" \/>\n<meta name=\"twitter:label1\" content=\"Scritto da\" \/>\n\t<meta name=\"twitter:data1\" content=\"Redazione\" \/>\n\t<meta name=\"twitter:label2\" content=\"Tempo di lettura stimato\" \/>\n\t<meta name=\"twitter:data2\" content=\"2 minuti\" \/>\n<script type=\"application\/ld+json\" class=\"yoast-schema-graph\">{\"@context\":\"https:\/\/schema.org\",\"@graph\":[{\"@type\":\"Article\",\"@id\":\"https:\/\/www.matrix4design.com\/it\/design\/le-novita-di-l-l-luce-light-al-light-building-di-francoforte\/#article\",\"isPartOf\":{\"@id\":\"https:\/\/www.matrix4design.com\/it\/design\/le-novita-di-l-l-luce-light-al-light-building-di-francoforte\/\"},\"author\":{\"name\":\"Redazione\",\"@id\":\"https:\/\/www.matrix4design.com\/it\/#\/schema\/person\/b2b6dd48f9d6892ca224742379951fa1\"},\"headline\":\"Le novit\u00e0 di L&#038;L Luce Light al Light+Building di Francoforte\",\"datePublished\":\"2018-03-06T00:00:00+00:00\",\"dateModified\":\"2020-03-26T10:55:21+00:00\",\"mainEntityOfPage\":{\"@id\":\"https:\/\/www.matrix4design.com\/it\/design\/le-novita-di-l-l-luce-light-al-light-building-di-francoforte\/\"},\"wordCount\":351,\"commentCount\":0,\"publisher\":{\"@id\":\"https:\/\/www.matrix4design.com\/it\/#organization\"},\"image\":{\"@id\":\"https:\/\/www.matrix4design.com\/it\/design\/le-novita-di-l-l-luce-light-al-light-building-di-francoforte\/#primaryimage\"},\"thumbnailUrl\":\"https:\/\/www.matrix4design.com\/wp-content\/uploads\/2020\/03\/62607_05.jpg\",\"keywords\":[\"Design\"],\"articleSection\":[\"Design\"],\"inLanguage\":\"it-IT\"},{\"@type\":\"WebPage\",\"@id\":\"https:\/\/www.matrix4design.com\/it\/design\/le-novita-di-l-l-luce-light-al-light-building-di-francoforte\/\",\"url\":\"https:\/\/www.matrix4design.com\/it\/design\/le-novita-di-l-l-luce-light-al-light-building-di-francoforte\/\",\"name\":\"Le novit\u00e0 di L&L Luce Light al Light+Building di Francoforte\",\"isPartOf\":{\"@id\":\"https:\/\/www.matrix4design.com\/it\/#website\"},\"primaryImageOfPage\":{\"@id\":\"https:\/\/www.matrix4design.com\/it\/design\/le-novita-di-l-l-luce-light-al-light-building-di-francoforte\/#primaryimage\"},\"image\":{\"@id\":\"https:\/\/www.matrix4design.com\/it\/design\/le-novita-di-l-l-luce-light-al-light-building-di-francoforte\/#primaryimage\"},\"thumbnailUrl\":\"https:\/\/www.matrix4design.com\/wp-content\/uploads\/2020\/03\/62607_05.jpg\",\"datePublished\":\"2018-03-06T00:00:00+00:00\",\"dateModified\":\"2020-03-26T10:55:21+00:00\",\"description\":\"L&L Luce Light porter\u00e0 a Francoforte alcuni dei suoi prodotti di punta per il 2018.\",\"breadcrumb\":{\"@id\":\"https:\/\/www.matrix4design.com\/it\/design\/le-novita-di-l-l-luce-light-al-light-building-di-francoforte\/#breadcrumb\"},\"inLanguage\":\"it-IT\",\"potentialAction\":[{\"@type\":\"ReadAction\",\"target\":[\"https:\/\/www.matrix4design.com\/it\/design\/le-novita-di-l-l-luce-light-al-light-building-di-francoforte\/\"]}]},{\"@type\":\"ImageObject\",\"inLanguage\":\"it-IT\",\"@id\":\"https:\/\/www.matrix4design.com\/it\/design\/le-novita-di-l-l-luce-light-al-light-building-di-francoforte\/#primaryimage\",\"url\":\"https:\/\/www.matrix4design.com\/wp-content\/uploads\/2020\/03\/62607_05.jpg\",\"contentUrl\":\"https:\/\/www.matrix4design.com\/wp-content\/uploads\/2020\/03\/62607_05.jpg\",\"width\":1300,\"height\":975},{\"@type\":\"BreadcrumbList\",\"@id\":\"https:\/\/www.matrix4design.com\/it\/design\/le-novita-di-l-l-luce-light-al-light-building-di-francoforte\/#breadcrumb\",\"itemListElement\":[{\"@type\":\"ListItem\",\"position\":1,\"name\":\"Home\",\"item\":\"https:\/\/www.matrix4design.com\/it\/\"},{\"@type\":\"ListItem\",\"position\":2,\"name\":\"Le novit\u00e0 di L&#038;L Luce Light al Light+Building di Francoforte\"}]},{\"@type\":\"WebSite\",\"@id\":\"https:\/\/www.matrix4design.com\/it\/#website\",\"url\":\"https:\/\/www.matrix4design.com\/it\/\",\"name\":\"Matrix4Design\",\"description\":\"Digital architecture and design b2b magazine\",\"publisher\":{\"@id\":\"https:\/\/www.matrix4design.com\/it\/#organization\"},\"potentialAction\":[{\"@type\":\"SearchAction\",\"target\":{\"@type\":\"EntryPoint\",\"urlTemplate\":\"https:\/\/www.matrix4design.com\/it\/?s={search_term_string}\"},\"query-input\":{\"@type\":\"PropertyValueSpecification\",\"valueRequired\":true,\"valueName\":\"search_term_string\"}}],\"inLanguage\":\"it-IT\"},{\"@type\":\"Organization\",\"@id\":\"https:\/\/www.matrix4design.com\/it\/#organization\",\"name\":\"Matrix4Design\",\"url\":\"https:\/\/www.matrix4design.com\/it\/\",\"logo\":{\"@type\":\"ImageObject\",\"inLanguage\":\"it-IT\",\"@id\":\"https:\/\/www.matrix4design.com\/it\/#\/schema\/logo\/image\/\",\"url\":\"https:\/\/www.matrix4design.com\/wp-content\/uploads\/2020\/04\/logo_matrix4design.png\",\"contentUrl\":\"https:\/\/www.matrix4design.com\/wp-content\/uploads\/2020\/04\/logo_matrix4design.png\",\"width\":804,\"height\":114,\"caption\":\"Matrix4Design\"},\"image\":{\"@id\":\"https:\/\/www.matrix4design.com\/it\/#\/schema\/logo\/image\/\"},\"sameAs\":[\"https:\/\/www.facebook.com\/matrix4designmagazine\/\",\"https:\/\/www.instagram.com\/matrix4designmagazine\/\",\"https:\/\/www.youtube.com\/channel\/UCtuhSSrP3MOO_URZgv8mQ1A\"]},{\"@type\":\"Person\",\"@id\":\"https:\/\/www.matrix4design.com\/it\/#\/schema\/person\/b2b6dd48f9d6892ca224742379951fa1\",\"name\":\"Redazione\",\"image\":{\"@type\":\"ImageObject\",\"inLanguage\":\"it-IT\",\"@id\":\"https:\/\/www.matrix4design.com\/it\/#\/schema\/person\/image\/\",\"url\":\"https:\/\/www.matrix4design.com\/wp-content\/uploads\/2023\/01\/logo_M4D_2023-96x96.jpg\",\"contentUrl\":\"https:\/\/www.matrix4design.com\/wp-content\/uploads\/2023\/01\/logo_M4D_2023-96x96.jpg\",\"caption\":\"Redazione\"},\"url\":\"https:\/\/www.matrix4design.com\/it\/author\/redazione\/\"}]}<\/script>\n<!-- \/ Yoast SEO plugin. -->","yoast_head_json":{"title":"Le novit\u00e0 di L&L Luce Light al Light+Building di Francoforte","description":"L&L Luce Light porter\u00e0 a Francoforte alcuni dei suoi prodotti di punta per il 2018.","robots":{"index":"index","follow":"follow","max-snippet":"max-snippet:-1","max-image-preview":"max-image-preview:large","max-video-preview":"max-video-preview:-1"},"canonical":"https:\/\/www.matrix4design.com\/it\/design\/le-novita-di-l-l-luce-light-al-light-building-di-francoforte\/","og_locale":"it_IT","og_type":"article","og_title":"Le novit\u00e0 di L&L Luce Light al Light+Building di Francoforte","og_description":"L&L Luce Light porter\u00e0 a Francoforte alcuni dei suoi prodotti di punta per il 2018.","og_url":"https:\/\/www.matrix4design.com\/it\/design\/le-novita-di-l-l-luce-light-al-light-building-di-francoforte\/","og_site_name":"Matrix4Design","article_publisher":"https:\/\/www.facebook.com\/matrix4designmagazine\/","article_published_time":"2018-03-06T00:00:00+00:00","article_modified_time":"2020-03-26T10:55:21+00:00","og_image":[{"width":1300,"height":975,"url":"https:\/\/www.matrix4design.com\/wp-content\/uploads\/2020\/03\/62607_05.jpg","type":"image\/jpeg"}],"author":"Redazione","twitter_card":"summary_large_image","twitter_misc":{"Scritto da":"Redazione","Tempo di lettura stimato":"2 minuti"},"schema":{"@context":"https:\/\/schema.org","@graph":[{"@type":"Article","@id":"https:\/\/www.matrix4design.com\/it\/design\/le-novita-di-l-l-luce-light-al-light-building-di-francoforte\/#article","isPartOf":{"@id":"https:\/\/www.matrix4design.com\/it\/design\/le-novita-di-l-l-luce-light-al-light-building-di-francoforte\/"},"author":{"name":"Redazione","@id":"https:\/\/www.matrix4design.com\/it\/#\/schema\/person\/b2b6dd48f9d6892ca224742379951fa1"},"headline":"Le novit\u00e0 di L&#038;L Luce Light al Light+Building di Francoforte","datePublished":"2018-03-06T00:00:00+00:00","dateModified":"2020-03-26T10:55:21+00:00","mainEntityOfPage":{"@id":"https:\/\/www.matrix4design.com\/it\/design\/le-novita-di-l-l-luce-light-al-light-building-di-francoforte\/"},"wordCount":351,"commentCount":0,"publisher":{"@id":"https:\/\/www.matrix4design.com\/it\/#organization"},"image":{"@id":"https:\/\/www.matrix4design.com\/it\/design\/le-novita-di-l-l-luce-light-al-light-building-di-francoforte\/#primaryimage"},"thumbnailUrl":"https:\/\/www.matrix4design.com\/wp-content\/uploads\/2020\/03\/62607_05.jpg","keywords":["Design"],"articleSection":["Design"],"inLanguage":"it-IT"},{"@type":"WebPage","@id":"https:\/\/www.matrix4design.com\/it\/design\/le-novita-di-l-l-luce-light-al-light-building-di-francoforte\/","url":"https:\/\/www.matrix4design.com\/it\/design\/le-novita-di-l-l-luce-light-al-light-building-di-francoforte\/","name":"Le novit\u00e0 di L&L Luce Light al Light+Building di Francoforte","isPartOf":{"@id":"https:\/\/www.matrix4design.com\/it\/#website"},"primaryImageOfPage":{"@id":"https:\/\/www.matrix4design.com\/it\/design\/le-novita-di-l-l-luce-light-al-light-building-di-francoforte\/#primaryimage"},"image":{"@id":"https:\/\/www.matrix4design.com\/it\/design\/le-novita-di-l-l-luce-light-al-light-building-di-francoforte\/#primaryimage"},"thumbnailUrl":"https:\/\/www.matrix4design.com\/wp-content\/uploads\/2020\/03\/62607_05.jpg","datePublished":"2018-03-06T00:00:00+00:00","dateModified":"2020-03-26T10:55:21+00:00","description":"L&L Luce Light porter\u00e0 a Francoforte alcuni dei suoi prodotti di punta per il 2018.","breadcrumb":{"@id":"https:\/\/www.matrix4design.com\/it\/design\/le-novita-di-l-l-luce-light-al-light-building-di-francoforte\/#breadcrumb"},"inLanguage":"it-IT","potentialAction":[{"@type":"ReadAction","target":["https:\/\/www.matrix4design.com\/it\/design\/le-novita-di-l-l-luce-light-al-light-building-di-francoforte\/"]}]},{"@type":"ImageObject","inLanguage":"it-IT","@id":"https:\/\/www.matrix4design.com\/it\/design\/le-novita-di-l-l-luce-light-al-light-building-di-francoforte\/#primaryimage","url":"https:\/\/www.matrix4design.com\/wp-content\/uploads\/2020\/03\/62607_05.jpg","contentUrl":"https:\/\/www.matrix4design.com\/wp-content\/uploads\/2020\/03\/62607_05.jpg","width":1300,"height":975},{"@type":"BreadcrumbList","@id":"https:\/\/www.matrix4design.com\/it\/design\/le-novita-di-l-l-luce-light-al-light-building-di-francoforte\/#breadcrumb","itemListElement":[{"@type":"ListItem","position":1,"name":"Home","item":"https:\/\/www.matrix4design.com\/it\/"},{"@type":"ListItem","position":2,"name":"Le novit\u00e0 di L&#038;L Luce Light al Light+Building di Francoforte"}]},{"@type":"WebSite","@id":"https:\/\/www.matrix4design.com\/it\/#website","url":"https:\/\/www.matrix4design.com\/it\/","name":"Matrix4Design","description":"Digital architecture and design b2b magazine","publisher":{"@id":"https:\/\/www.matrix4design.com\/it\/#organization"},"potentialAction":[{"@type":"SearchAction","target":{"@type":"EntryPoint","urlTemplate":"https:\/\/www.matrix4design.com\/it\/?s={search_term_string}"},"query-input":{"@type":"PropertyValueSpecification","valueRequired":true,"valueName":"search_term_string"}}],"inLanguage":"it-IT"},{"@type":"Organization","@id":"https:\/\/www.matrix4design.com\/it\/#organization","name":"Matrix4Design","url":"https:\/\/www.matrix4design.com\/it\/","logo":{"@type":"ImageObject","inLanguage":"it-IT","@id":"https:\/\/www.matrix4design.com\/it\/#\/schema\/logo\/image\/","url":"https:\/\/www.matrix4design.com\/wp-content\/uploads\/2020\/04\/logo_matrix4design.png","contentUrl":"https:\/\/www.matrix4design.com\/wp-content\/uploads\/2020\/04\/logo_matrix4design.png","width":804,"height":114,"caption":"Matrix4Design"},"image":{"@id":"https:\/\/www.matrix4design.com\/it\/#\/schema\/logo\/image\/"},"sameAs":["https:\/\/www.facebook.com\/matrix4designmagazine\/","https:\/\/www.instagram.com\/matrix4designmagazine\/","https:\/\/www.youtube.com\/channel\/UCtuhSSrP3MOO_URZgv8mQ1A"]},{"@type":"Person","@id":"https:\/\/www.matrix4design.com\/it\/#\/schema\/person\/b2b6dd48f9d6892ca224742379951fa1","name":"Redazione","image":{"@type":"ImageObject","inLanguage":"it-IT","@id":"https:\/\/www.matrix4design.com\/it\/#\/schema\/person\/image\/","url":"https:\/\/www.matrix4design.com\/wp-content\/uploads\/2023\/01\/logo_M4D_2023-96x96.jpg","contentUrl":"https:\/\/www.matrix4design.com\/wp-content\/uploads\/2023\/01\/logo_M4D_2023-96x96.jpg","caption":"Redazione"},"url":"https:\/\/www.matrix4design.com\/it\/author\/redazione\/"}]}},"_links":{"self":[{"href":"https:\/\/www.matrix4design.com\/it\/wp-json\/wp\/v2\/posts\/51363","targetHints":{"allow":["GET"]}}],"collection":[{"href":"https:\/\/www.matrix4design.com\/it\/wp-json\/wp\/v2\/posts"}],"about":[{"href":"https:\/\/www.matrix4design.com\/it\/wp-json\/wp\/v2\/types\/post"}],"author":[{"embeddable":true,"href":"https:\/\/www.matrix4design.com\/it\/wp-json\/wp\/v2\/users\/6"}],"replies":[{"embeddable":true,"href":"https:\/\/www.matrix4design.com\/it\/wp-json\/wp\/v2\/comments?post=51363"}],"version-history":[{"count":1,"href":"https:\/\/www.matrix4design.com\/it\/wp-json\/wp\/v2\/posts\/51363\/revisions"}],"predecessor-version":[{"id":64360,"href":"https:\/\/www.matrix4design.com\/it\/wp-json\/wp\/v2\/posts\/51363\/revisions\/64360"}],"wp:featuredmedia":[{"embeddable":true,"href":"https:\/\/www.matrix4design.com\/it\/wp-json\/wp\/v2\/media\/51364"}],"wp:attachment":[{"href":"https:\/\/www.matrix4design.com\/it\/wp-json\/wp\/v2\/media?parent=51363"}],"wp:term":[{"taxonomy":"category","embeddable":true,"href":"https:\/\/www.matrix4design.com\/it\/wp-json\/wp\/v2\/categories?post=51363"},{"taxonomy":"post_tag","embeddable":true,"href":"https:\/\/www.matrix4design.com\/it\/wp-json\/wp\/v2\/tags?post=51363"}],"curies":[{"name":"wp","href":"https:\/\/api.w.org\/{rel}","templated":true}]}}