{"id":51851,"date":"2018-04-05T00:00:00","date_gmt":"2018-04-05T00:00:00","guid":{"rendered":""},"modified":"2020-03-26T10:55:13","modified_gmt":"2020-03-26T10:55:13","slug":"milano-design-week-matrix4design-incontra-abet-laminati","status":"publish","type":"post","link":"https:\/\/www.matrix4design.com\/it\/design\/milano-design-week-matrix4design-incontra-abet-laminati\/","title":{"rendered":"Milano Design Week, Matrix4Design incontra Abet Laminati"},"content":{"rendered":"<p><body>                   <\/p>\n<div id=\"main-text\">\n<p><i>La Milano Design Week si avvicina e sono tantissimi gli appuntamenti che vedranno tra i protagonisti Abet Laminati, azienda che dagli Anni Cinquanta a oggi si \u00e8 affermata come leader in Italia e nel mondo per la produzione di laminati plastici decorativi, puntando tutto sull\u2019innovazione e sulla collaborazione con alcuni dei nomi pi\u00f9 prestigiosi del design internazionale. Per scoprire tutte le novit\u00e0 abbiamo intervistato <strong>Alessandro Peisino<\/strong>, Direttore Comunicazione e Relazioni Esterne del brand. Ecco che cosa ci ha raccontato.<\/i><\/p>\n<p><b>&nbsp;<\/b><\/p>\n<p><b>Durante la Milano Design Week, Abet Laminati sar\u00e0 tra i protagonisti di Hotel Regeneration. In quali forme sarete presenti? Quali saranno le vostre proposte?<\/b><\/p>\n<p>\u201cPer noi il Salone del Mobile \u00e8 da sempre un appuntamento molto importante e quest\u2019anno saremo presenti con una serie di eventi particolarmente rilevanti. Comincio dalla mostra <i>Atelier Mendini. Le Architetture<\/i> che si terr\u00e0 alla Triennale di Milano dal 12 aprile al 6 maggio per celebrare i cinquant\u2019anni di collaborazione tra Atelier Mendini e Abet Laminati. Si prosegue, come anticipato da lei, con la partecipazione all\u2019evento Hotel Regeneration di Simone Micheli a Lambrate dal 16 al 22 aprile, per il cui allestimento forniremo dei pannelli di laminato HPL realizzati con tecnologie di stampa digitale e dunque di personalizzazione del decoro sulla base di file messi a punto proprio dallo studio Micheli. Infine, un altro evento molto significativo sar\u00e0 <i>Colors on the Move<\/i>, con il quale presenteremo la collezione Diplos, una collezione combinata di laminato nobilitato e bordo che include tutti gli elementi strutturali di un arredo.\u201d<\/p>\n<p>&nbsp;<\/p>\n<p><img decoding=\"async\" src=\"https:\/\/www.matrix4design.com\/wp-content\/uploads\/2020\/03\/HolyScrap_Masterly2_lrweb01.jpg\" alt=\"\" class=\"image-inline\" title=\"\"><\/p>\n<p>&nbsp;<\/p>\n<p><b>Siete un\u2019azienda simbolo dell\u2019italianit\u00e0 nel mondo. Quali sono i valori del Made in Italy che vi sentite di interpretare con i vostri prodotti?<\/b><\/p>\n<p>\u201cNoi da sempre operiamo con i designer pi\u00f9 importanti e pi\u00f9 evoluti sulla scena internazionale. Questo ci consente innanzitutto di anticipare e interpretare le tendenze del mondo del design, cosa che in generale cerchiamo di fare mantenendo un gusto tipicamente italiano. Vogliamo proporre decori, superfici, finiture superficiali sofisticate che trovano proprio nell\u2019italianit\u00e0 un aspetto fondamentale di ricerca e di stile. Come azienda vendiamo in 91 Paesi del mondo ma, in definitiva, le nostre collezioni mantengono caratteristiche di gusto e di raffinatezza inconfondibilmente italiani.\u201d<\/p>\n<p>&nbsp;<\/p>\n<p><b>Che cosa significa fare innovazione nel mondo dei laminati? Come si coniuga il progresso tecnologico con la sostenibilit\u00e0 ambientale?<\/b><\/p>\n<p>\u201cFare innovazione in un mondo che \u00e8 fatto essenzialmente di carte pressate e resine \u00e8 sempre pi\u00f9 difficile ma \u00e8 anche vero che l\u2019evoluzione non si ferma mai in nessun ambito, tantomeno nel campo dei materiali. Ultimamente siamo riusciti a presentare sul mercato dei prodotti certamente innovativi rispetto al passato soprattutto grazie ai nuovi materiali acrilici: \u00e8 il caso di Polaris, un prodotto di ultima generazione che vede la superficie del laminato ricoperta non pi\u00f9 di resine melamminiche ma di resine acriliche e che garantisce prestazioni eccezionali se paragonato ai laminati tradizionali grazie a caratteristiche evolute, come l\u2019essere resistente,&nbsp; ripristinabile, antibatterico e anti-impronta. Tuttavia, innovare nel mondo dei laminati significa anche saper scegliere i decori, saperli abbinare alle <i>texture<\/i> e alle finiture superficiali riuscendo a creare effetti talvolta davvero strabilianti. Tutto questo deriva dalle ricerche fatte dal nostro centro studi Abet che, confrontandosi naturalmente con enti commerciali e di sviluppo prodotto, riesce a portare sul mercato proposte appunto sempre innovative.<\/p>\n<p>Per quanto riguarda l\u2019ambito della sostenibilit\u00e0 ambientale, in anni recenti sono stati fatti sicuramente passi enormi, con l\u2019uso di materie prime sempre pi\u00f9 eco-compatibili; c\u2019\u00e8 poi da dire una cosa molto importante: il laminato si chiama HPL \u2013 High Pressure Laminate perch\u00e9 \u00e8 realizzato ad alta pressione e dunque possiede delle caratteristiche superficiali straordinarie, tra cui la durevolezza negli anni, il che \u00e8 gi\u00e0 una qualit\u00e0 in termini di sostenibilit\u00e0 ambientale.\u201d<\/p>\n<p>&nbsp;<\/p>\n<p><b>Progetti e\/o obiettivi per il futuro?<\/b><\/p>\n<p>\u201cInnanzitutto avere la capacit\u00e0 di sviluppare sempre nuovi prodotti, mantenere la nostra identit\u00e0 italiana e la nostra immagine di azienda in grado di offrire prodotti raffinati e selezionati alla clientela e naturalmente continuare nella ricerca di prodotti acrilici come Polaris, offrendo sempre nuove caratteristiche e prestazioni ad una superficie come il laminato, con il quale noi siamo in contatto ogni giorno, un contatto che deve essere arricchito da elementi estetici, tattili e prestazionali.\u201d<\/p>\n<\/div>\n<p>                   <!--                                   \n\n<div id=\"load-section\">                                     \n\n<div class=\"load-bar\">                                       <span>Load More<\/span>                                     <\/div>\n\n                                   <\/div>\n\n                   -->                                                       <br \/><\/body><\/p>\n","protected":false},"excerpt":{"rendered":"<p>La Milano Design Week si avvicina e sono tantissimi gli appuntamenti che vedranno tra i protagonisti Abet Laminati, azienda che dagli Anni Cinquanta a oggi si \u00e8 affermata come leader in Italia e nel mondo per la produzione di laminati plastici decorativi, puntando tutto sull\u2019innovazione e sulla collaborazione con alcuni dei nomi pi\u00f9 prestigiosi del [&hellip;]<\/p>\n","protected":false},"author":6,"featured_media":51852,"comment_status":"open","ping_status":"open","sticky":false,"template":"","format":"standard","meta":{"_acf_changed":false,"footnotes":""},"categories":[366],"tags":[57,47],"class_list":{"0":"post-51851","1":"post","2":"type-post","3":"status-publish","4":"format-standard","5":"has-post-thumbnail","7":"category-design","8":"tag-design","9":"tag-salone-del-mobile-2018"},"acf":[],"yoast_head":"<!-- This site is optimized with the Yoast SEO plugin v27.0 - https:\/\/yoast.com\/product\/yoast-seo-wordpress\/ -->\n<title>Milano Design Week, Matrix4Design incontra Abet Laminati<\/title>\n<meta name=\"robots\" content=\"index, follow, max-snippet:-1, max-image-preview:large, max-video-preview:-1\" \/>\n<link rel=\"canonical\" href=\"https:\/\/www.matrix4design.com\/it\/design\/milano-design-week-matrix4design-incontra-abet-laminati\/\" \/>\n<meta property=\"og:locale\" content=\"it_IT\" \/>\n<meta property=\"og:type\" content=\"article\" \/>\n<meta property=\"og:title\" content=\"Milano Design Week, Matrix4Design incontra Abet Laminati\" \/>\n<meta property=\"og:description\" content=\"La Milano Design Week si avvicina e sono tantissimi gli appuntamenti che vedranno tra i protagonisti Abet Laminati, azienda che dagli Anni Cinquanta a oggi si \u00e8 affermata come leader in Italia e nel mondo per la produzione di laminati plastici decorativi, puntando tutto sull\u2019innovazione e sulla collaborazione con alcuni dei nomi pi\u00f9 prestigiosi del [&hellip;]\" \/>\n<meta property=\"og:url\" content=\"https:\/\/www.matrix4design.com\/it\/design\/milano-design-week-matrix4design-incontra-abet-laminati\/\" \/>\n<meta property=\"og:site_name\" content=\"Matrix4Design\" \/>\n<meta property=\"article:publisher\" content=\"https:\/\/www.facebook.com\/matrix4designmagazine\/\" \/>\n<meta property=\"article:published_time\" content=\"2018-04-05T00:00:00+00:00\" \/>\n<meta property=\"article:modified_time\" content=\"2020-03-26T10:55:13+00:00\" \/>\n<meta property=\"og:image\" content=\"https:\/\/www.matrix4design.com\/wp-content\/uploads\/2020\/03\/HolyScrap_Masterly2_lrweb01.jpg\" \/>\n\t<meta property=\"og:image:width\" content=\"1920\" \/>\n\t<meta property=\"og:image:height\" content=\"1080\" \/>\n\t<meta property=\"og:image:type\" content=\"image\/jpeg\" \/>\n<meta name=\"author\" content=\"Redazione\" \/>\n<meta name=\"twitter:card\" content=\"summary_large_image\" \/>\n<meta name=\"twitter:label1\" content=\"Scritto da\" \/>\n\t<meta name=\"twitter:data1\" content=\"Redazione\" \/>\n\t<meta name=\"twitter:label2\" content=\"Tempo di lettura stimato\" \/>\n\t<meta name=\"twitter:data2\" content=\"3 minuti\" \/>\n<script type=\"application\/ld+json\" class=\"yoast-schema-graph\">{\"@context\":\"https:\/\/schema.org\",\"@graph\":[{\"@type\":\"Article\",\"@id\":\"https:\/\/www.matrix4design.com\/it\/design\/milano-design-week-matrix4design-incontra-abet-laminati\/#article\",\"isPartOf\":{\"@id\":\"https:\/\/www.matrix4design.com\/it\/design\/milano-design-week-matrix4design-incontra-abet-laminati\/\"},\"author\":{\"name\":\"Redazione\",\"@id\":\"https:\/\/www.matrix4design.com\/it\/#\/schema\/person\/b2b6dd48f9d6892ca224742379951fa1\"},\"headline\":\"Milano Design Week, Matrix4Design incontra Abet Laminati\",\"datePublished\":\"2018-04-05T00:00:00+00:00\",\"dateModified\":\"2020-03-26T10:55:13+00:00\",\"mainEntityOfPage\":{\"@id\":\"https:\/\/www.matrix4design.com\/it\/design\/milano-design-week-matrix4design-incontra-abet-laminati\/\"},\"wordCount\":696,\"commentCount\":0,\"publisher\":{\"@id\":\"https:\/\/www.matrix4design.com\/it\/#organization\"},\"image\":{\"@id\":\"https:\/\/www.matrix4design.com\/it\/design\/milano-design-week-matrix4design-incontra-abet-laminati\/#primaryimage\"},\"thumbnailUrl\":\"https:\/\/www.matrix4design.com\/wp-content\/uploads\/2020\/03\/HolyScrap_Masterly2_lrweb01.jpg\",\"keywords\":[\"Design\",\"Salone del Mobile 2018\"],\"articleSection\":[\"Design\"],\"inLanguage\":\"it-IT\"},{\"@type\":\"WebPage\",\"@id\":\"https:\/\/www.matrix4design.com\/it\/design\/milano-design-week-matrix4design-incontra-abet-laminati\/\",\"url\":\"https:\/\/www.matrix4design.com\/it\/design\/milano-design-week-matrix4design-incontra-abet-laminati\/\",\"name\":\"Milano Design Week, Matrix4Design incontra Abet Laminati\",\"isPartOf\":{\"@id\":\"https:\/\/www.matrix4design.com\/it\/#website\"},\"primaryImageOfPage\":{\"@id\":\"https:\/\/www.matrix4design.com\/it\/design\/milano-design-week-matrix4design-incontra-abet-laminati\/#primaryimage\"},\"image\":{\"@id\":\"https:\/\/www.matrix4design.com\/it\/design\/milano-design-week-matrix4design-incontra-abet-laminati\/#primaryimage\"},\"thumbnailUrl\":\"https:\/\/www.matrix4design.com\/wp-content\/uploads\/2020\/03\/HolyScrap_Masterly2_lrweb01.jpg\",\"datePublished\":\"2018-04-05T00:00:00+00:00\",\"dateModified\":\"2020-03-26T10:55:13+00:00\",\"breadcrumb\":{\"@id\":\"https:\/\/www.matrix4design.com\/it\/design\/milano-design-week-matrix4design-incontra-abet-laminati\/#breadcrumb\"},\"inLanguage\":\"it-IT\",\"potentialAction\":[{\"@type\":\"ReadAction\",\"target\":[\"https:\/\/www.matrix4design.com\/it\/design\/milano-design-week-matrix4design-incontra-abet-laminati\/\"]}]},{\"@type\":\"ImageObject\",\"inLanguage\":\"it-IT\",\"@id\":\"https:\/\/www.matrix4design.com\/it\/design\/milano-design-week-matrix4design-incontra-abet-laminati\/#primaryimage\",\"url\":\"https:\/\/www.matrix4design.com\/wp-content\/uploads\/2020\/03\/HolyScrap_Masterly2_lrweb01.jpg\",\"contentUrl\":\"https:\/\/www.matrix4design.com\/wp-content\/uploads\/2020\/03\/HolyScrap_Masterly2_lrweb01.jpg\",\"width\":1920,\"height\":1080},{\"@type\":\"BreadcrumbList\",\"@id\":\"https:\/\/www.matrix4design.com\/it\/design\/milano-design-week-matrix4design-incontra-abet-laminati\/#breadcrumb\",\"itemListElement\":[{\"@type\":\"ListItem\",\"position\":1,\"name\":\"Home\",\"item\":\"https:\/\/www.matrix4design.com\/it\/\"},{\"@type\":\"ListItem\",\"position\":2,\"name\":\"Milano Design Week, Matrix4Design incontra Abet Laminati\"}]},{\"@type\":\"WebSite\",\"@id\":\"https:\/\/www.matrix4design.com\/it\/#website\",\"url\":\"https:\/\/www.matrix4design.com\/it\/\",\"name\":\"Matrix4Design\",\"description\":\"Digital architecture and design b2b magazine\",\"publisher\":{\"@id\":\"https:\/\/www.matrix4design.com\/it\/#organization\"},\"potentialAction\":[{\"@type\":\"SearchAction\",\"target\":{\"@type\":\"EntryPoint\",\"urlTemplate\":\"https:\/\/www.matrix4design.com\/it\/?s={search_term_string}\"},\"query-input\":{\"@type\":\"PropertyValueSpecification\",\"valueRequired\":true,\"valueName\":\"search_term_string\"}}],\"inLanguage\":\"it-IT\"},{\"@type\":\"Organization\",\"@id\":\"https:\/\/www.matrix4design.com\/it\/#organization\",\"name\":\"Matrix4Design\",\"url\":\"https:\/\/www.matrix4design.com\/it\/\",\"logo\":{\"@type\":\"ImageObject\",\"inLanguage\":\"it-IT\",\"@id\":\"https:\/\/www.matrix4design.com\/it\/#\/schema\/logo\/image\/\",\"url\":\"https:\/\/www.matrix4design.com\/wp-content\/uploads\/2020\/04\/logo_matrix4design.png\",\"contentUrl\":\"https:\/\/www.matrix4design.com\/wp-content\/uploads\/2020\/04\/logo_matrix4design.png\",\"width\":804,\"height\":114,\"caption\":\"Matrix4Design\"},\"image\":{\"@id\":\"https:\/\/www.matrix4design.com\/it\/#\/schema\/logo\/image\/\"},\"sameAs\":[\"https:\/\/www.facebook.com\/matrix4designmagazine\/\",\"https:\/\/www.instagram.com\/matrix4designmagazine\/\",\"https:\/\/www.youtube.com\/channel\/UCtuhSSrP3MOO_URZgv8mQ1A\"]},{\"@type\":\"Person\",\"@id\":\"https:\/\/www.matrix4design.com\/it\/#\/schema\/person\/b2b6dd48f9d6892ca224742379951fa1\",\"name\":\"Redazione\",\"image\":{\"@type\":\"ImageObject\",\"inLanguage\":\"it-IT\",\"@id\":\"https:\/\/www.matrix4design.com\/it\/#\/schema\/person\/image\/\",\"url\":\"https:\/\/www.matrix4design.com\/wp-content\/uploads\/2023\/01\/logo_M4D_2023-96x96.jpg\",\"contentUrl\":\"https:\/\/www.matrix4design.com\/wp-content\/uploads\/2023\/01\/logo_M4D_2023-96x96.jpg\",\"caption\":\"Redazione\"},\"url\":\"https:\/\/www.matrix4design.com\/it\/author\/redazione\/\"}]}<\/script>\n<!-- \/ Yoast SEO plugin. -->","yoast_head_json":{"title":"Milano Design Week, Matrix4Design incontra Abet Laminati","robots":{"index":"index","follow":"follow","max-snippet":"max-snippet:-1","max-image-preview":"max-image-preview:large","max-video-preview":"max-video-preview:-1"},"canonical":"https:\/\/www.matrix4design.com\/it\/design\/milano-design-week-matrix4design-incontra-abet-laminati\/","og_locale":"it_IT","og_type":"article","og_title":"Milano Design Week, Matrix4Design incontra Abet Laminati","og_description":"La Milano Design Week si avvicina e sono tantissimi gli appuntamenti che vedranno tra i protagonisti Abet Laminati, azienda che dagli Anni Cinquanta a oggi si \u00e8 affermata come leader in Italia e nel mondo per la produzione di laminati plastici decorativi, puntando tutto sull\u2019innovazione e sulla collaborazione con alcuni dei nomi pi\u00f9 prestigiosi del [&hellip;]","og_url":"https:\/\/www.matrix4design.com\/it\/design\/milano-design-week-matrix4design-incontra-abet-laminati\/","og_site_name":"Matrix4Design","article_publisher":"https:\/\/www.facebook.com\/matrix4designmagazine\/","article_published_time":"2018-04-05T00:00:00+00:00","article_modified_time":"2020-03-26T10:55:13+00:00","og_image":[{"width":1920,"height":1080,"url":"https:\/\/www.matrix4design.com\/wp-content\/uploads\/2020\/03\/HolyScrap_Masterly2_lrweb01.jpg","type":"image\/jpeg"}],"author":"Redazione","twitter_card":"summary_large_image","twitter_misc":{"Scritto da":"Redazione","Tempo di lettura stimato":"3 minuti"},"schema":{"@context":"https:\/\/schema.org","@graph":[{"@type":"Article","@id":"https:\/\/www.matrix4design.com\/it\/design\/milano-design-week-matrix4design-incontra-abet-laminati\/#article","isPartOf":{"@id":"https:\/\/www.matrix4design.com\/it\/design\/milano-design-week-matrix4design-incontra-abet-laminati\/"},"author":{"name":"Redazione","@id":"https:\/\/www.matrix4design.com\/it\/#\/schema\/person\/b2b6dd48f9d6892ca224742379951fa1"},"headline":"Milano Design Week, Matrix4Design incontra Abet Laminati","datePublished":"2018-04-05T00:00:00+00:00","dateModified":"2020-03-26T10:55:13+00:00","mainEntityOfPage":{"@id":"https:\/\/www.matrix4design.com\/it\/design\/milano-design-week-matrix4design-incontra-abet-laminati\/"},"wordCount":696,"commentCount":0,"publisher":{"@id":"https:\/\/www.matrix4design.com\/it\/#organization"},"image":{"@id":"https:\/\/www.matrix4design.com\/it\/design\/milano-design-week-matrix4design-incontra-abet-laminati\/#primaryimage"},"thumbnailUrl":"https:\/\/www.matrix4design.com\/wp-content\/uploads\/2020\/03\/HolyScrap_Masterly2_lrweb01.jpg","keywords":["Design","Salone del Mobile 2018"],"articleSection":["Design"],"inLanguage":"it-IT"},{"@type":"WebPage","@id":"https:\/\/www.matrix4design.com\/it\/design\/milano-design-week-matrix4design-incontra-abet-laminati\/","url":"https:\/\/www.matrix4design.com\/it\/design\/milano-design-week-matrix4design-incontra-abet-laminati\/","name":"Milano Design Week, Matrix4Design incontra Abet Laminati","isPartOf":{"@id":"https:\/\/www.matrix4design.com\/it\/#website"},"primaryImageOfPage":{"@id":"https:\/\/www.matrix4design.com\/it\/design\/milano-design-week-matrix4design-incontra-abet-laminati\/#primaryimage"},"image":{"@id":"https:\/\/www.matrix4design.com\/it\/design\/milano-design-week-matrix4design-incontra-abet-laminati\/#primaryimage"},"thumbnailUrl":"https:\/\/www.matrix4design.com\/wp-content\/uploads\/2020\/03\/HolyScrap_Masterly2_lrweb01.jpg","datePublished":"2018-04-05T00:00:00+00:00","dateModified":"2020-03-26T10:55:13+00:00","breadcrumb":{"@id":"https:\/\/www.matrix4design.com\/it\/design\/milano-design-week-matrix4design-incontra-abet-laminati\/#breadcrumb"},"inLanguage":"it-IT","potentialAction":[{"@type":"ReadAction","target":["https:\/\/www.matrix4design.com\/it\/design\/milano-design-week-matrix4design-incontra-abet-laminati\/"]}]},{"@type":"ImageObject","inLanguage":"it-IT","@id":"https:\/\/www.matrix4design.com\/it\/design\/milano-design-week-matrix4design-incontra-abet-laminati\/#primaryimage","url":"https:\/\/www.matrix4design.com\/wp-content\/uploads\/2020\/03\/HolyScrap_Masterly2_lrweb01.jpg","contentUrl":"https:\/\/www.matrix4design.com\/wp-content\/uploads\/2020\/03\/HolyScrap_Masterly2_lrweb01.jpg","width":1920,"height":1080},{"@type":"BreadcrumbList","@id":"https:\/\/www.matrix4design.com\/it\/design\/milano-design-week-matrix4design-incontra-abet-laminati\/#breadcrumb","itemListElement":[{"@type":"ListItem","position":1,"name":"Home","item":"https:\/\/www.matrix4design.com\/it\/"},{"@type":"ListItem","position":2,"name":"Milano Design Week, Matrix4Design incontra Abet Laminati"}]},{"@type":"WebSite","@id":"https:\/\/www.matrix4design.com\/it\/#website","url":"https:\/\/www.matrix4design.com\/it\/","name":"Matrix4Design","description":"Digital architecture and design b2b magazine","publisher":{"@id":"https:\/\/www.matrix4design.com\/it\/#organization"},"potentialAction":[{"@type":"SearchAction","target":{"@type":"EntryPoint","urlTemplate":"https:\/\/www.matrix4design.com\/it\/?s={search_term_string}"},"query-input":{"@type":"PropertyValueSpecification","valueRequired":true,"valueName":"search_term_string"}}],"inLanguage":"it-IT"},{"@type":"Organization","@id":"https:\/\/www.matrix4design.com\/it\/#organization","name":"Matrix4Design","url":"https:\/\/www.matrix4design.com\/it\/","logo":{"@type":"ImageObject","inLanguage":"it-IT","@id":"https:\/\/www.matrix4design.com\/it\/#\/schema\/logo\/image\/","url":"https:\/\/www.matrix4design.com\/wp-content\/uploads\/2020\/04\/logo_matrix4design.png","contentUrl":"https:\/\/www.matrix4design.com\/wp-content\/uploads\/2020\/04\/logo_matrix4design.png","width":804,"height":114,"caption":"Matrix4Design"},"image":{"@id":"https:\/\/www.matrix4design.com\/it\/#\/schema\/logo\/image\/"},"sameAs":["https:\/\/www.facebook.com\/matrix4designmagazine\/","https:\/\/www.instagram.com\/matrix4designmagazine\/","https:\/\/www.youtube.com\/channel\/UCtuhSSrP3MOO_URZgv8mQ1A"]},{"@type":"Person","@id":"https:\/\/www.matrix4design.com\/it\/#\/schema\/person\/b2b6dd48f9d6892ca224742379951fa1","name":"Redazione","image":{"@type":"ImageObject","inLanguage":"it-IT","@id":"https:\/\/www.matrix4design.com\/it\/#\/schema\/person\/image\/","url":"https:\/\/www.matrix4design.com\/wp-content\/uploads\/2023\/01\/logo_M4D_2023-96x96.jpg","contentUrl":"https:\/\/www.matrix4design.com\/wp-content\/uploads\/2023\/01\/logo_M4D_2023-96x96.jpg","caption":"Redazione"},"url":"https:\/\/www.matrix4design.com\/it\/author\/redazione\/"}]}},"_links":{"self":[{"href":"https:\/\/www.matrix4design.com\/it\/wp-json\/wp\/v2\/posts\/51851","targetHints":{"allow":["GET"]}}],"collection":[{"href":"https:\/\/www.matrix4design.com\/it\/wp-json\/wp\/v2\/posts"}],"about":[{"href":"https:\/\/www.matrix4design.com\/it\/wp-json\/wp\/v2\/types\/post"}],"author":[{"embeddable":true,"href":"https:\/\/www.matrix4design.com\/it\/wp-json\/wp\/v2\/users\/6"}],"replies":[{"embeddable":true,"href":"https:\/\/www.matrix4design.com\/it\/wp-json\/wp\/v2\/comments?post=51851"}],"version-history":[{"count":1,"href":"https:\/\/www.matrix4design.com\/it\/wp-json\/wp\/v2\/posts\/51851\/revisions"}],"predecessor-version":[{"id":64300,"href":"https:\/\/www.matrix4design.com\/it\/wp-json\/wp\/v2\/posts\/51851\/revisions\/64300"}],"wp:featuredmedia":[{"embeddable":true,"href":"https:\/\/www.matrix4design.com\/it\/wp-json\/wp\/v2\/media\/51852"}],"wp:attachment":[{"href":"https:\/\/www.matrix4design.com\/it\/wp-json\/wp\/v2\/media?parent=51851"}],"wp:term":[{"taxonomy":"category","embeddable":true,"href":"https:\/\/www.matrix4design.com\/it\/wp-json\/wp\/v2\/categories?post=51851"},{"taxonomy":"post_tag","embeddable":true,"href":"https:\/\/www.matrix4design.com\/it\/wp-json\/wp\/v2\/tags?post=51851"}],"curies":[{"name":"wp","href":"https:\/\/api.w.org\/{rel}","templated":true}]}}