{"id":51911,"date":"2018-09-17T00:00:00","date_gmt":"2018-09-17T00:00:00","guid":{"rendered":""},"modified":"2020-04-01T09:26:01","modified_gmt":"2020-04-01T09:26:01","slug":"molteni-c-alla-mostra-su-gio-ponti","status":"publish","type":"post","link":"https:\/\/www.matrix4design.com\/it\/design\/molteni-c-alla-mostra-su-gio-ponti\/","title":{"rendered":"Molteni&#038;C alla mostra su Gio Ponti"},"content":{"rendered":"<p><body>                   <\/p>\n<div id=\"main-text\">\n<p>Si chiamer\u00e0 <b><i>Tutto Ponti, Gio Ponti archi-designer<\/i><\/b> la grande, attesissima mostra sul maestro del design curata da Olivier Gabet, Dominique Forest, Sophie Bouilhet-Dumas e Salvatore Licitra presso il <b>Mus\u00e9e des Arts D\u00e9coratifs<\/b> di Parigi, in collaborazione con Gio Ponti Archives, dal 19 ottobre 2018 al 10 febbraio 2019.<\/p>\n<p><img decoding=\"async\" src=\"https:\/\/www.matrix4design.com\/wp-content\/uploads\/2020\/03\/766bf3df64ef0b13a9ec3277c1b9d59b.jpeg\" alt=\"\" class=\"image-inline\" title=\"\"><\/p>\n<p>La retrospettiva ripercorre la lunga carriera di Gio Ponti, dal 1921 al 1978, attraverso l\u2019esposizione di oltre <b>500 pezzi<\/b>, alcuni esposti per la prima volta \u2013 architetture, arredi, ceramiche, lampade, vetri, riviste \u2013 in un allestimento progettato dallo studio Wilmotte &amp; Associ\u00e9s.&nbsp;<\/p>\n<p>In occasione dell\u2019evento <b>Molteni&amp;C<\/b> (azienda parte del Gruppo Molteni, insieme a Dada, Unifor e Citterio) che dal 2010 ha rinnovato l\u2019attenzione per i maestri dell\u2019architettura e del design con il progetto di riedizione di arredi di Gio Ponti, parteciper\u00e0 come mecenate della mostra e inoltre contribuir\u00e0 prestando al Mus\u00e9e des Arts D\u00e9coratifs alcuni arredi originali, oggi parte della collezione del Molteni Museum.&nbsp;<\/p>\n<p>Con l\u2019accordo siglato con gli eredi Ponti, che prevede <b>l\u2019esclusiva mondiale per la riedizione e la commercializzazione di tutti gli arredi progettati da Gio Ponti<\/b> (fatta eccezione per i diritti ceduti ad altri produttori), Molteni&amp;C ha infatti avviato un programma volto a riportare in luce il prezioso lavoro di ricerca che il grande maestro ha svolto in pi\u00f9 di 50 anni di attivit\u00e0 in molti campi \u2013 architettura, design, arte applicata ed editoria.&nbsp;<\/p>\n<p>Il progetto di riedizione ha del resto dato vita a una collezione di arredi riferiti in alcuni casi a modelli ideati da Ponti come pezzi unici o in piccola serie: la collezione, realizzata in collaborazione con i Gio Ponti Archives e con la direzione artistica dello Studio Cerri &amp; Associati, comprende <b>mobili e complementi disegnati da Gio Ponti tra il 1935 e gli anni \u201970<\/b>, che oggi fanno parte della Heritage Collection Molteni&amp;C.&nbsp;<\/p>\n<\/div>\n<p>                   <!--                                   \n\n<div id=\"load-section\">                                     \n\n<div class=\"load-bar\">                                       <span>Load More<\/span>                                     <\/div>\n\n                                   <\/div>\n\n                   -->                                      <\/p>\n<div id=\"gallery-section\">\n<div id=\"gallery-init\">                                                <a href=\"https:\/\/www.matrix4design.com\/wp-content\/uploads\/attachments\/a9f8218ce65b47f5a7fd5cdf78247d31.jpeg\" onclick=\"ga('send', 'pageview','GALLERY - Molteni&amp;C alla mostra su Gio Ponti')\">                      <span>                        <i class=\"fa fa-search-plus\"><\/i>                       <\/span>                           <img loading=\"lazy\" decoding=\"async\" src=\"https:\/\/www.matrix4design.com\/wp-content\/uploads\/2020\/03\/image_preview-2-1-7-7.jpg\" alt=\"a9f8218ce65b47f5a7fd5cdf78247d31.jpeg\" title=\"a9f8218ce65b47f5a7fd5cdf78247d31.jpeg\" height=\"200\" width=\"200\">                         <\/a>                                                                       <a href=\"https:\/\/www.matrix4design.com\/wp-content\/uploads\/attachments\/766bf3df64ef0b13a9ec3277c1b9d59b.jpeg\" onclick=\"ga('send', 'pageview','GALLERY - Molteni&amp;C alla mostra su Gio Ponti')\">                      <span>                        <i class=\"fa fa-search-plus\"><\/i>                       <\/span>                           <img loading=\"lazy\" decoding=\"async\" src=\"https:\/\/www.matrix4design.com\/wp-content\/uploads\/2020\/03\/image_preview-5-1-7-6.jpg\" alt=\"766bf3df64ef0b13a9ec3277c1b9d59b.jpeg\" title=\"766bf3df64ef0b13a9ec3277c1b9d59b.jpeg\" height=\"266\" width=\"200\">                         <\/a>                                                                       <a href=\"https:\/\/www.matrix4design.com\/wp-content\/uploads\/attachments\/b4b5a4b5452434423477e020f0381e54.jpeg\" onclick=\"ga('send', 'pageview','GALLERY - Molteni&amp;C alla mostra su Gio Ponti')\">                      <span>                        <i class=\"fa fa-search-plus\"><\/i>                       <\/span>                           <img loading=\"lazy\" decoding=\"async\" src=\"https:\/\/www.matrix4design.com\/wp-content\/uploads\/2020\/03\/image_preview-5-1-4-5-9.jpg\" alt=\"b4b5a4b5452434423477e020f0381e54.jpeg\" title=\"b4b5a4b5452434423477e020f0381e54.jpeg\" height=\"200\" width=\"200\">                         <\/a>                                                                       <a href=\"https:\/\/www.matrix4design.com\/wp-content\/uploads\/attachments\/b4e7d2eeba6a6628aedd7bc3ccf8884f.jpeg\" onclick=\"ga('send', 'pageview','GALLERY - Molteni&amp;C alla mostra su Gio Ponti')\">                      <span>                        <i class=\"fa fa-search-plus\"><\/i>                       <\/span>                           <img loading=\"lazy\" decoding=\"async\" src=\"https:\/\/www.matrix4design.com\/wp-content\/uploads\/2020\/03\/image_preview-7-1-4-0.jpg\" alt=\"b4e7d2eeba6a6628aedd7bc3ccf8884f.jpeg\" title=\"b4e7d2eeba6a6628aedd7bc3ccf8884f.jpeg\" height=\"200\" width=\"200\">                         <\/a>                                            <\/div><\/div>\n<p><\/body><\/p>\n","protected":false},"excerpt":{"rendered":"<p>Si chiamer\u00e0 Tutto Ponti, Gio Ponti archi-designer la grande, attesissima mostra sul maestro del design curata da Olivier Gabet, Dominique Forest, Sophie Bouilhet-Dumas e Salvatore Licitra presso il Mus\u00e9e des Arts D\u00e9coratifs di Parigi, in collaborazione con Gio Ponti Archives, dal 19 ottobre 2018 al 10 febbraio 2019. La retrospettiva ripercorre la lunga carriera di [&hellip;]<\/p>\n","protected":false},"author":6,"featured_media":41796,"comment_status":"open","ping_status":"open","sticky":false,"template":"","format":"standard","meta":{"_acf_changed":false,"footnotes":""},"categories":[366],"tags":[57],"class_list":{"0":"post-51911","1":"post","2":"type-post","3":"status-publish","4":"format-standard","5":"has-post-thumbnail","7":"category-design","8":"tag-design"},"acf":[],"yoast_head":"<!-- This site is optimized with the Yoast SEO plugin v27.0 - https:\/\/yoast.com\/product\/yoast-seo-wordpress\/ -->\n<title>Molteni&amp;C alla mostra su Gio Ponti<\/title>\n<meta name=\"description\" content=\"Al Mus\u00e9e des Arts D\u00e9coratifs di Paris aprir\u00e0 una grande mostra su Gio Ponti, con il decisivo contributo di Molteni&amp;C.\" \/>\n<meta name=\"robots\" content=\"index, follow, max-snippet:-1, max-image-preview:large, max-video-preview:-1\" \/>\n<link rel=\"canonical\" href=\"https:\/\/www.matrix4design.com\/it\/design\/molteni-c-alla-mostra-su-gio-ponti\/\" \/>\n<meta property=\"og:locale\" content=\"it_IT\" \/>\n<meta property=\"og:type\" content=\"article\" \/>\n<meta property=\"og:title\" content=\"Molteni&amp;C alla mostra su Gio Ponti\" \/>\n<meta property=\"og:description\" content=\"Al Mus\u00e9e des Arts D\u00e9coratifs di Paris aprir\u00e0 una grande mostra su Gio Ponti, con il decisivo contributo di Molteni&amp;C.\" \/>\n<meta property=\"og:url\" content=\"https:\/\/www.matrix4design.com\/it\/design\/molteni-c-alla-mostra-su-gio-ponti\/\" \/>\n<meta property=\"og:site_name\" content=\"Matrix4Design\" \/>\n<meta property=\"article:publisher\" content=\"https:\/\/www.facebook.com\/matrix4designmagazine\/\" \/>\n<meta property=\"article:published_time\" content=\"2018-09-17T00:00:00+00:00\" \/>\n<meta property=\"article:modified_time\" content=\"2020-04-01T09:26:01+00:00\" \/>\n<meta property=\"og:image\" content=\"https:\/\/www.matrix4design.com\/wp-content\/uploads\/2020\/03\/766bf3df64ef0b13a9ec3277c1b9d59b.jpeg\" \/>\n\t<meta property=\"og:image:width\" content=\"1127\" \/>\n\t<meta property=\"og:image:height\" content=\"1500\" \/>\n\t<meta property=\"og:image:type\" content=\"image\/jpeg\" \/>\n<meta name=\"author\" content=\"Redazione\" \/>\n<meta name=\"twitter:card\" content=\"summary_large_image\" \/>\n<meta name=\"twitter:label1\" content=\"Scritto da\" \/>\n\t<meta name=\"twitter:data1\" content=\"Redazione\" \/>\n\t<meta name=\"twitter:label2\" content=\"Tempo di lettura stimato\" \/>\n\t<meta name=\"twitter:data2\" content=\"2 minuti\" \/>\n<script type=\"application\/ld+json\" class=\"yoast-schema-graph\">{\"@context\":\"https:\/\/schema.org\",\"@graph\":[{\"@type\":\"Article\",\"@id\":\"https:\/\/www.matrix4design.com\/it\/design\/molteni-c-alla-mostra-su-gio-ponti\/#article\",\"isPartOf\":{\"@id\":\"https:\/\/www.matrix4design.com\/it\/design\/molteni-c-alla-mostra-su-gio-ponti\/\"},\"author\":{\"name\":\"Redazione\",\"@id\":\"https:\/\/www.matrix4design.com\/it\/#\/schema\/person\/b2b6dd48f9d6892ca224742379951fa1\"},\"headline\":\"Molteni&#038;C alla mostra su Gio Ponti\",\"datePublished\":\"2018-09-17T00:00:00+00:00\",\"dateModified\":\"2020-04-01T09:26:01+00:00\",\"mainEntityOfPage\":{\"@id\":\"https:\/\/www.matrix4design.com\/it\/design\/molteni-c-alla-mostra-su-gio-ponti\/\"},\"wordCount\":312,\"commentCount\":0,\"publisher\":{\"@id\":\"https:\/\/www.matrix4design.com\/it\/#organization\"},\"image\":{\"@id\":\"https:\/\/www.matrix4design.com\/it\/design\/molteni-c-alla-mostra-su-gio-ponti\/#primaryimage\"},\"thumbnailUrl\":\"https:\/\/www.matrix4design.com\/wp-content\/uploads\/2020\/03\/766bf3df64ef0b13a9ec3277c1b9d59b.jpeg\",\"keywords\":[\"Design\"],\"articleSection\":[\"Design\"],\"inLanguage\":\"it-IT\"},{\"@type\":\"WebPage\",\"@id\":\"https:\/\/www.matrix4design.com\/it\/design\/molteni-c-alla-mostra-su-gio-ponti\/\",\"url\":\"https:\/\/www.matrix4design.com\/it\/design\/molteni-c-alla-mostra-su-gio-ponti\/\",\"name\":\"Molteni&C alla mostra su Gio Ponti\",\"isPartOf\":{\"@id\":\"https:\/\/www.matrix4design.com\/it\/#website\"},\"primaryImageOfPage\":{\"@id\":\"https:\/\/www.matrix4design.com\/it\/design\/molteni-c-alla-mostra-su-gio-ponti\/#primaryimage\"},\"image\":{\"@id\":\"https:\/\/www.matrix4design.com\/it\/design\/molteni-c-alla-mostra-su-gio-ponti\/#primaryimage\"},\"thumbnailUrl\":\"https:\/\/www.matrix4design.com\/wp-content\/uploads\/2020\/03\/766bf3df64ef0b13a9ec3277c1b9d59b.jpeg\",\"datePublished\":\"2018-09-17T00:00:00+00:00\",\"dateModified\":\"2020-04-01T09:26:01+00:00\",\"description\":\"Al Mus\u00e9e des Arts D\u00e9coratifs di Paris aprir\u00e0 una grande mostra su Gio Ponti, con il decisivo contributo di Molteni&C.\",\"breadcrumb\":{\"@id\":\"https:\/\/www.matrix4design.com\/it\/design\/molteni-c-alla-mostra-su-gio-ponti\/#breadcrumb\"},\"inLanguage\":\"it-IT\",\"potentialAction\":[{\"@type\":\"ReadAction\",\"target\":[\"https:\/\/www.matrix4design.com\/it\/design\/molteni-c-alla-mostra-su-gio-ponti\/\"]}]},{\"@type\":\"ImageObject\",\"inLanguage\":\"it-IT\",\"@id\":\"https:\/\/www.matrix4design.com\/it\/design\/molteni-c-alla-mostra-su-gio-ponti\/#primaryimage\",\"url\":\"https:\/\/www.matrix4design.com\/wp-content\/uploads\/2020\/03\/766bf3df64ef0b13a9ec3277c1b9d59b.jpeg\",\"contentUrl\":\"https:\/\/www.matrix4design.com\/wp-content\/uploads\/2020\/03\/766bf3df64ef0b13a9ec3277c1b9d59b.jpeg\",\"width\":1127,\"height\":1500},{\"@type\":\"BreadcrumbList\",\"@id\":\"https:\/\/www.matrix4design.com\/it\/design\/molteni-c-alla-mostra-su-gio-ponti\/#breadcrumb\",\"itemListElement\":[{\"@type\":\"ListItem\",\"position\":1,\"name\":\"Home\",\"item\":\"https:\/\/www.matrix4design.com\/it\/\"},{\"@type\":\"ListItem\",\"position\":2,\"name\":\"Molteni&#038;C alla mostra su Gio Ponti\"}]},{\"@type\":\"WebSite\",\"@id\":\"https:\/\/www.matrix4design.com\/it\/#website\",\"url\":\"https:\/\/www.matrix4design.com\/it\/\",\"name\":\"Matrix4Design\",\"description\":\"Digital architecture and design b2b magazine\",\"publisher\":{\"@id\":\"https:\/\/www.matrix4design.com\/it\/#organization\"},\"potentialAction\":[{\"@type\":\"SearchAction\",\"target\":{\"@type\":\"EntryPoint\",\"urlTemplate\":\"https:\/\/www.matrix4design.com\/it\/?s={search_term_string}\"},\"query-input\":{\"@type\":\"PropertyValueSpecification\",\"valueRequired\":true,\"valueName\":\"search_term_string\"}}],\"inLanguage\":\"it-IT\"},{\"@type\":\"Organization\",\"@id\":\"https:\/\/www.matrix4design.com\/it\/#organization\",\"name\":\"Matrix4Design\",\"url\":\"https:\/\/www.matrix4design.com\/it\/\",\"logo\":{\"@type\":\"ImageObject\",\"inLanguage\":\"it-IT\",\"@id\":\"https:\/\/www.matrix4design.com\/it\/#\/schema\/logo\/image\/\",\"url\":\"https:\/\/www.matrix4design.com\/wp-content\/uploads\/2020\/04\/logo_matrix4design.png\",\"contentUrl\":\"https:\/\/www.matrix4design.com\/wp-content\/uploads\/2020\/04\/logo_matrix4design.png\",\"width\":804,\"height\":114,\"caption\":\"Matrix4Design\"},\"image\":{\"@id\":\"https:\/\/www.matrix4design.com\/it\/#\/schema\/logo\/image\/\"},\"sameAs\":[\"https:\/\/www.facebook.com\/matrix4designmagazine\/\",\"https:\/\/www.instagram.com\/matrix4designmagazine\/\",\"https:\/\/www.youtube.com\/channel\/UCtuhSSrP3MOO_URZgv8mQ1A\"]},{\"@type\":\"Person\",\"@id\":\"https:\/\/www.matrix4design.com\/it\/#\/schema\/person\/b2b6dd48f9d6892ca224742379951fa1\",\"name\":\"Redazione\",\"image\":{\"@type\":\"ImageObject\",\"inLanguage\":\"it-IT\",\"@id\":\"https:\/\/www.matrix4design.com\/it\/#\/schema\/person\/image\/\",\"url\":\"https:\/\/www.matrix4design.com\/wp-content\/uploads\/2023\/01\/logo_M4D_2023-96x96.jpg\",\"contentUrl\":\"https:\/\/www.matrix4design.com\/wp-content\/uploads\/2023\/01\/logo_M4D_2023-96x96.jpg\",\"caption\":\"Redazione\"},\"url\":\"https:\/\/www.matrix4design.com\/it\/author\/redazione\/\"}]}<\/script>\n<!-- \/ Yoast SEO plugin. -->","yoast_head_json":{"title":"Molteni&C alla mostra su Gio Ponti","description":"Al Mus\u00e9e des Arts D\u00e9coratifs di Paris aprir\u00e0 una grande mostra su Gio Ponti, con il decisivo contributo di Molteni&C.","robots":{"index":"index","follow":"follow","max-snippet":"max-snippet:-1","max-image-preview":"max-image-preview:large","max-video-preview":"max-video-preview:-1"},"canonical":"https:\/\/www.matrix4design.com\/it\/design\/molteni-c-alla-mostra-su-gio-ponti\/","og_locale":"it_IT","og_type":"article","og_title":"Molteni&C alla mostra su Gio Ponti","og_description":"Al Mus\u00e9e des Arts D\u00e9coratifs di Paris aprir\u00e0 una grande mostra su Gio Ponti, con il decisivo contributo di Molteni&C.","og_url":"https:\/\/www.matrix4design.com\/it\/design\/molteni-c-alla-mostra-su-gio-ponti\/","og_site_name":"Matrix4Design","article_publisher":"https:\/\/www.facebook.com\/matrix4designmagazine\/","article_published_time":"2018-09-17T00:00:00+00:00","article_modified_time":"2020-04-01T09:26:01+00:00","og_image":[{"width":1127,"height":1500,"url":"https:\/\/www.matrix4design.com\/wp-content\/uploads\/2020\/03\/766bf3df64ef0b13a9ec3277c1b9d59b.jpeg","type":"image\/jpeg"}],"author":"Redazione","twitter_card":"summary_large_image","twitter_misc":{"Scritto da":"Redazione","Tempo di lettura stimato":"2 minuti"},"schema":{"@context":"https:\/\/schema.org","@graph":[{"@type":"Article","@id":"https:\/\/www.matrix4design.com\/it\/design\/molteni-c-alla-mostra-su-gio-ponti\/#article","isPartOf":{"@id":"https:\/\/www.matrix4design.com\/it\/design\/molteni-c-alla-mostra-su-gio-ponti\/"},"author":{"name":"Redazione","@id":"https:\/\/www.matrix4design.com\/it\/#\/schema\/person\/b2b6dd48f9d6892ca224742379951fa1"},"headline":"Molteni&#038;C alla mostra su Gio Ponti","datePublished":"2018-09-17T00:00:00+00:00","dateModified":"2020-04-01T09:26:01+00:00","mainEntityOfPage":{"@id":"https:\/\/www.matrix4design.com\/it\/design\/molteni-c-alla-mostra-su-gio-ponti\/"},"wordCount":312,"commentCount":0,"publisher":{"@id":"https:\/\/www.matrix4design.com\/it\/#organization"},"image":{"@id":"https:\/\/www.matrix4design.com\/it\/design\/molteni-c-alla-mostra-su-gio-ponti\/#primaryimage"},"thumbnailUrl":"https:\/\/www.matrix4design.com\/wp-content\/uploads\/2020\/03\/766bf3df64ef0b13a9ec3277c1b9d59b.jpeg","keywords":["Design"],"articleSection":["Design"],"inLanguage":"it-IT"},{"@type":"WebPage","@id":"https:\/\/www.matrix4design.com\/it\/design\/molteni-c-alla-mostra-su-gio-ponti\/","url":"https:\/\/www.matrix4design.com\/it\/design\/molteni-c-alla-mostra-su-gio-ponti\/","name":"Molteni&C alla mostra su Gio Ponti","isPartOf":{"@id":"https:\/\/www.matrix4design.com\/it\/#website"},"primaryImageOfPage":{"@id":"https:\/\/www.matrix4design.com\/it\/design\/molteni-c-alla-mostra-su-gio-ponti\/#primaryimage"},"image":{"@id":"https:\/\/www.matrix4design.com\/it\/design\/molteni-c-alla-mostra-su-gio-ponti\/#primaryimage"},"thumbnailUrl":"https:\/\/www.matrix4design.com\/wp-content\/uploads\/2020\/03\/766bf3df64ef0b13a9ec3277c1b9d59b.jpeg","datePublished":"2018-09-17T00:00:00+00:00","dateModified":"2020-04-01T09:26:01+00:00","description":"Al Mus\u00e9e des Arts D\u00e9coratifs di Paris aprir\u00e0 una grande mostra su Gio Ponti, con il decisivo contributo di Molteni&C.","breadcrumb":{"@id":"https:\/\/www.matrix4design.com\/it\/design\/molteni-c-alla-mostra-su-gio-ponti\/#breadcrumb"},"inLanguage":"it-IT","potentialAction":[{"@type":"ReadAction","target":["https:\/\/www.matrix4design.com\/it\/design\/molteni-c-alla-mostra-su-gio-ponti\/"]}]},{"@type":"ImageObject","inLanguage":"it-IT","@id":"https:\/\/www.matrix4design.com\/it\/design\/molteni-c-alla-mostra-su-gio-ponti\/#primaryimage","url":"https:\/\/www.matrix4design.com\/wp-content\/uploads\/2020\/03\/766bf3df64ef0b13a9ec3277c1b9d59b.jpeg","contentUrl":"https:\/\/www.matrix4design.com\/wp-content\/uploads\/2020\/03\/766bf3df64ef0b13a9ec3277c1b9d59b.jpeg","width":1127,"height":1500},{"@type":"BreadcrumbList","@id":"https:\/\/www.matrix4design.com\/it\/design\/molteni-c-alla-mostra-su-gio-ponti\/#breadcrumb","itemListElement":[{"@type":"ListItem","position":1,"name":"Home","item":"https:\/\/www.matrix4design.com\/it\/"},{"@type":"ListItem","position":2,"name":"Molteni&#038;C alla mostra su Gio Ponti"}]},{"@type":"WebSite","@id":"https:\/\/www.matrix4design.com\/it\/#website","url":"https:\/\/www.matrix4design.com\/it\/","name":"Matrix4Design","description":"Digital architecture and design b2b magazine","publisher":{"@id":"https:\/\/www.matrix4design.com\/it\/#organization"},"potentialAction":[{"@type":"SearchAction","target":{"@type":"EntryPoint","urlTemplate":"https:\/\/www.matrix4design.com\/it\/?s={search_term_string}"},"query-input":{"@type":"PropertyValueSpecification","valueRequired":true,"valueName":"search_term_string"}}],"inLanguage":"it-IT"},{"@type":"Organization","@id":"https:\/\/www.matrix4design.com\/it\/#organization","name":"Matrix4Design","url":"https:\/\/www.matrix4design.com\/it\/","logo":{"@type":"ImageObject","inLanguage":"it-IT","@id":"https:\/\/www.matrix4design.com\/it\/#\/schema\/logo\/image\/","url":"https:\/\/www.matrix4design.com\/wp-content\/uploads\/2020\/04\/logo_matrix4design.png","contentUrl":"https:\/\/www.matrix4design.com\/wp-content\/uploads\/2020\/04\/logo_matrix4design.png","width":804,"height":114,"caption":"Matrix4Design"},"image":{"@id":"https:\/\/www.matrix4design.com\/it\/#\/schema\/logo\/image\/"},"sameAs":["https:\/\/www.facebook.com\/matrix4designmagazine\/","https:\/\/www.instagram.com\/matrix4designmagazine\/","https:\/\/www.youtube.com\/channel\/UCtuhSSrP3MOO_URZgv8mQ1A"]},{"@type":"Person","@id":"https:\/\/www.matrix4design.com\/it\/#\/schema\/person\/b2b6dd48f9d6892ca224742379951fa1","name":"Redazione","image":{"@type":"ImageObject","inLanguage":"it-IT","@id":"https:\/\/www.matrix4design.com\/it\/#\/schema\/person\/image\/","url":"https:\/\/www.matrix4design.com\/wp-content\/uploads\/2023\/01\/logo_M4D_2023-96x96.jpg","contentUrl":"https:\/\/www.matrix4design.com\/wp-content\/uploads\/2023\/01\/logo_M4D_2023-96x96.jpg","caption":"Redazione"},"url":"https:\/\/www.matrix4design.com\/it\/author\/redazione\/"}]}},"_links":{"self":[{"href":"https:\/\/www.matrix4design.com\/it\/wp-json\/wp\/v2\/posts\/51911","targetHints":{"allow":["GET"]}}],"collection":[{"href":"https:\/\/www.matrix4design.com\/it\/wp-json\/wp\/v2\/posts"}],"about":[{"href":"https:\/\/www.matrix4design.com\/it\/wp-json\/wp\/v2\/types\/post"}],"author":[{"embeddable":true,"href":"https:\/\/www.matrix4design.com\/it\/wp-json\/wp\/v2\/users\/6"}],"replies":[{"embeddable":true,"href":"https:\/\/www.matrix4design.com\/it\/wp-json\/wp\/v2\/comments?post=51911"}],"version-history":[{"count":1,"href":"https:\/\/www.matrix4design.com\/it\/wp-json\/wp\/v2\/posts\/51911\/revisions"}],"predecessor-version":[{"id":64006,"href":"https:\/\/www.matrix4design.com\/it\/wp-json\/wp\/v2\/posts\/51911\/revisions\/64006"}],"wp:featuredmedia":[{"embeddable":true,"href":"https:\/\/www.matrix4design.com\/it\/wp-json\/wp\/v2\/media\/41796"}],"wp:attachment":[{"href":"https:\/\/www.matrix4design.com\/it\/wp-json\/wp\/v2\/media?parent=51911"}],"wp:term":[{"taxonomy":"category","embeddable":true,"href":"https:\/\/www.matrix4design.com\/it\/wp-json\/wp\/v2\/categories?post=51911"},{"taxonomy":"post_tag","embeddable":true,"href":"https:\/\/www.matrix4design.com\/it\/wp-json\/wp\/v2\/tags?post=51911"}],"curies":[{"name":"wp","href":"https:\/\/api.w.org\/{rel}","templated":true}]}}