{"id":52272,"date":"2018-06-04T00:00:00","date_gmt":"2018-06-04T00:00:00","guid":{"rendered":""},"modified":"2020-04-01T09:26:05","modified_gmt":"2020-04-01T09:26:05","slug":"nycxdesign-le-nuove-lampade-di-luceplan","status":"publish","type":"post","link":"https:\/\/www.matrix4design.com\/it\/design\/nycxdesign-le-nuove-lampade-di-luceplan\/","title":{"rendered":"NYCxDesign, le nuove lampade di Luceplan"},"content":{"rendered":"<p><body>                   <\/p>\n<div id=\"main-text\">\n<p>In occasione di <b>NYCxDesign <\/b>a New York <b>Luceplan<\/b> ha presentato al mercato americano le nuove lampade <b>Amisol, Mesh 55<\/b> e <b>Mesh ceiling<\/b>, rispettivamente progettate da<i> <\/i><b>Daniel Rybakken<\/b><i> <\/i>e <b>Francisco Gomez Paz<\/b><i>.<\/i><\/p>\n<p>Per l\u2019azienda con base a Milano, che ha sempre giocato un ruolo di primo piano nelle fiere di design e agli eventi internazionali, si \u00e8 trattato di un\u2019opportunit\u00e0 significativa per consolidare la sua presenza strategica sul mercato americano, dove Luceplan \u00e8 presente dal 1994 e ha riportato negli ultimi anni una crescita a doppia cifra, grazie al positivo trend economico e alla crescente attenzione verso l\u2019esclusivit\u00e0 dei prodotti Made in Italy.<\/p>\n<p>Il brand \u00e8 sinonimo di stile, innovazione e attenzione al dettaglio in termini di materiali e raffinata manifattura: la sua produzione ha esplorato nel tempo temi come il comfort acustico (le lampade acustiche rappresentano il 50% del fatturato di Luceplan negli Stati Uniti), l\u2019efficienza energetica, l\u2019IoT, ecc. grazie alla sua natura versatile, sia decorativa che architettonica, particolarmente apprezzata oltreoceano.<\/p>\n<p>In pi\u00f9, lo showroom dell\u2019azienda, situato nel prestigioso distretto di Soho a Manhattan, \u00e8 stato rinnovato con nuove vetrine che mostrano la filosofia del brand attraverso i suoi prodotti eccellenti: ogni pezzo incarna i valori Luceplan e l\u2019intenzione di rispondere alle esigenze umane combinando qualit\u00e0 funzionale, tecnologia e raffinatezza estetica.<\/p>\n<p>Queste caratteristiche sono vividamente applicate in <b>Amisol<\/b>, l\u2019ultima lampada a sospensione realizzata dall\u2019estro creativo di <b>Daniel Rybakken<\/b>: una lampada dalle linee pulite, adatta a contesti residenziali e contract, che occupa un ampio spazio fisico con un volume variabile che \u00e8 stato ridotto al minimo: una pellicola bianca traslucida o una membrana riflettente metallizzata&nbsp; si allungano all\u2019interno di una cornice circolare in alluminio.<\/p>\n<p><img decoding=\"async\" src=\"https:\/\/www.matrix4design.com\/wp-content\/uploads\/2020\/03\/LUCEPLAN_Amisol_03.jpg\" alt=\"\" class=\"image-inline\" title=\"\"><\/p>\n<p>Come una vela solare, una luce potente proietta un fascio luminoso sul disco largo e leggero; aste sottili collegano le due parti principali: alterando la lunghezza e i punti di connessione dei cavi di supporto, la rotazione del disco pu\u00f2 essere aggiustata angolarmente e la luce \u2013 a raggio preciso o diffusa tramite la struttura circolare \u2013 rende l\u2019insieme al contempo teatrale e poetico.<\/p>\n<p>Inoltre, seguendo il successo del lancio di Mesh 100 e 80, Luceplan ha presentato <b>Mesh 55<\/b> e la versione <b>Mesh ceiling<\/b>: progettata da<b> Francisco Gomez Paz<\/b>, si tratta di una lampada di grande impatto la cui struttura quasi trasparente, composta da una rete di cavi flessibili con luci LED posizionate nelle intersezioni, nasconde la complessit\u00e0 del design, smaterializzandolo per fare spazio soltanto alla luce, autentica protagonista; la particolare struttura consente una libert\u00e0 eccezionale nel controllo della luminosit\u00e0: \u00e8 possibile gestire l\u2019intensit\u00e0 della luce e scegliere quali porzioni della lampada accendere.<\/p>\n<p><img decoding=\"async\" src=\"https:\/\/www.matrix4design.com\/wp-content\/uploads\/2020\/03\/3.Luceplan_Mesh_55.jpg\" alt=\"\" class=\"image-inline\" title=\"\"><\/p>\n<p>Un mix straordinario di bellezza e qualit\u00e0: questo \u00e8 il concetto di luce firmato Luceplan.<\/p>\n<\/div>\n<p>                   <!--                                   \n\n<div id=\"load-section\">                                     \n\n<div class=\"load-bar\">                                       <span>Load More<\/span>                                     <\/div>\n\n                                   <\/div>\n\n                   -->                                                       <br \/><\/body><\/p>\n","protected":false},"excerpt":{"rendered":"<p>In occasione di NYCxDesign a New York Luceplan ha presentato al mercato americano le nuove lampade Amisol, Mesh 55 e Mesh ceiling, rispettivamente progettate da Daniel Rybakken e Francisco Gomez Paz. Per l\u2019azienda con base a Milano, che ha sempre giocato un ruolo di primo piano nelle fiere di design e agli eventi internazionali, si [&hellip;]<\/p>\n","protected":false},"author":6,"featured_media":41902,"comment_status":"open","ping_status":"open","sticky":false,"template":"","format":"standard","meta":{"_acf_changed":false,"footnotes":""},"categories":[366],"tags":[57],"class_list":{"0":"post-52272","1":"post","2":"type-post","3":"status-publish","4":"format-standard","5":"has-post-thumbnail","7":"category-design","8":"tag-design"},"acf":[],"yoast_head":"<!-- This site is optimized with the Yoast SEO plugin v27.0 - https:\/\/yoast.com\/product\/yoast-seo-wordpress\/ -->\n<title>NYCxDesign, le nuove lampade di Luceplan<\/title>\n<meta name=\"description\" content=\"A New York il brand italiano Luceplan ha presentato le nuove lampade progettate da Daniel Rybakken e Francisco Gomez Paz.\" \/>\n<meta name=\"robots\" content=\"index, follow, max-snippet:-1, max-image-preview:large, max-video-preview:-1\" \/>\n<link rel=\"canonical\" href=\"https:\/\/www.matrix4design.com\/it\/design\/nycxdesign-le-nuove-lampade-di-luceplan\/\" \/>\n<meta property=\"og:locale\" content=\"it_IT\" \/>\n<meta property=\"og:type\" content=\"article\" \/>\n<meta property=\"og:title\" content=\"NYCxDesign, le nuove lampade di Luceplan\" \/>\n<meta property=\"og:description\" content=\"A New York il brand italiano Luceplan ha presentato le nuove lampade progettate da Daniel Rybakken e Francisco Gomez Paz.\" \/>\n<meta property=\"og:url\" content=\"https:\/\/www.matrix4design.com\/it\/design\/nycxdesign-le-nuove-lampade-di-luceplan\/\" \/>\n<meta property=\"og:site_name\" content=\"Matrix4Design\" \/>\n<meta property=\"article:publisher\" content=\"https:\/\/www.facebook.com\/matrix4designmagazine\/\" \/>\n<meta property=\"article:published_time\" content=\"2018-06-04T00:00:00+00:00\" \/>\n<meta property=\"article:modified_time\" content=\"2020-04-01T09:26:05+00:00\" \/>\n<meta property=\"og:image\" content=\"https:\/\/www.matrix4design.com\/wp-content\/uploads\/2020\/03\/LUCEPLAN_Amisol_03.jpg\" \/>\n\t<meta property=\"og:image:width\" content=\"1300\" \/>\n\t<meta property=\"og:image:height\" content=\"1736\" \/>\n\t<meta property=\"og:image:type\" content=\"image\/jpeg\" \/>\n<meta name=\"author\" content=\"Redazione\" \/>\n<meta name=\"twitter:card\" content=\"summary_large_image\" \/>\n<meta name=\"twitter:label1\" content=\"Scritto da\" \/>\n\t<meta name=\"twitter:data1\" content=\"Redazione\" \/>\n\t<meta name=\"twitter:label2\" content=\"Tempo di lettura stimato\" \/>\n\t<meta name=\"twitter:data2\" content=\"2 minuti\" \/>\n<script type=\"application\/ld+json\" class=\"yoast-schema-graph\">{\"@context\":\"https:\/\/schema.org\",\"@graph\":[{\"@type\":\"Article\",\"@id\":\"https:\/\/www.matrix4design.com\/it\/design\/nycxdesign-le-nuove-lampade-di-luceplan\/#article\",\"isPartOf\":{\"@id\":\"https:\/\/www.matrix4design.com\/it\/design\/nycxdesign-le-nuove-lampade-di-luceplan\/\"},\"author\":{\"name\":\"Redazione\",\"@id\":\"https:\/\/www.matrix4design.com\/it\/#\/schema\/person\/b2b6dd48f9d6892ca224742379951fa1\"},\"headline\":\"NYCxDesign, le nuove lampade di Luceplan\",\"datePublished\":\"2018-06-04T00:00:00+00:00\",\"dateModified\":\"2020-04-01T09:26:05+00:00\",\"mainEntityOfPage\":{\"@id\":\"https:\/\/www.matrix4design.com\/it\/design\/nycxdesign-le-nuove-lampade-di-luceplan\/\"},\"wordCount\":446,\"commentCount\":0,\"publisher\":{\"@id\":\"https:\/\/www.matrix4design.com\/it\/#organization\"},\"image\":{\"@id\":\"https:\/\/www.matrix4design.com\/it\/design\/nycxdesign-le-nuove-lampade-di-luceplan\/#primaryimage\"},\"thumbnailUrl\":\"https:\/\/www.matrix4design.com\/wp-content\/uploads\/2020\/03\/LUCEPLAN_Amisol_03.jpg\",\"keywords\":[\"Design\"],\"articleSection\":[\"Design\"],\"inLanguage\":\"it-IT\"},{\"@type\":\"WebPage\",\"@id\":\"https:\/\/www.matrix4design.com\/it\/design\/nycxdesign-le-nuove-lampade-di-luceplan\/\",\"url\":\"https:\/\/www.matrix4design.com\/it\/design\/nycxdesign-le-nuove-lampade-di-luceplan\/\",\"name\":\"NYCxDesign, le nuove lampade di Luceplan\",\"isPartOf\":{\"@id\":\"https:\/\/www.matrix4design.com\/it\/#website\"},\"primaryImageOfPage\":{\"@id\":\"https:\/\/www.matrix4design.com\/it\/design\/nycxdesign-le-nuove-lampade-di-luceplan\/#primaryimage\"},\"image\":{\"@id\":\"https:\/\/www.matrix4design.com\/it\/design\/nycxdesign-le-nuove-lampade-di-luceplan\/#primaryimage\"},\"thumbnailUrl\":\"https:\/\/www.matrix4design.com\/wp-content\/uploads\/2020\/03\/LUCEPLAN_Amisol_03.jpg\",\"datePublished\":\"2018-06-04T00:00:00+00:00\",\"dateModified\":\"2020-04-01T09:26:05+00:00\",\"description\":\"A New York il brand italiano Luceplan ha presentato le nuove lampade progettate da Daniel Rybakken e Francisco Gomez Paz.\",\"breadcrumb\":{\"@id\":\"https:\/\/www.matrix4design.com\/it\/design\/nycxdesign-le-nuove-lampade-di-luceplan\/#breadcrumb\"},\"inLanguage\":\"it-IT\",\"potentialAction\":[{\"@type\":\"ReadAction\",\"target\":[\"https:\/\/www.matrix4design.com\/it\/design\/nycxdesign-le-nuove-lampade-di-luceplan\/\"]}]},{\"@type\":\"ImageObject\",\"inLanguage\":\"it-IT\",\"@id\":\"https:\/\/www.matrix4design.com\/it\/design\/nycxdesign-le-nuove-lampade-di-luceplan\/#primaryimage\",\"url\":\"https:\/\/www.matrix4design.com\/wp-content\/uploads\/2020\/03\/LUCEPLAN_Amisol_03.jpg\",\"contentUrl\":\"https:\/\/www.matrix4design.com\/wp-content\/uploads\/2020\/03\/LUCEPLAN_Amisol_03.jpg\",\"width\":1300,\"height\":1736},{\"@type\":\"BreadcrumbList\",\"@id\":\"https:\/\/www.matrix4design.com\/it\/design\/nycxdesign-le-nuove-lampade-di-luceplan\/#breadcrumb\",\"itemListElement\":[{\"@type\":\"ListItem\",\"position\":1,\"name\":\"Home\",\"item\":\"https:\/\/www.matrix4design.com\/it\/\"},{\"@type\":\"ListItem\",\"position\":2,\"name\":\"NYCxDesign, le nuove lampade di Luceplan\"}]},{\"@type\":\"WebSite\",\"@id\":\"https:\/\/www.matrix4design.com\/it\/#website\",\"url\":\"https:\/\/www.matrix4design.com\/it\/\",\"name\":\"Matrix4Design\",\"description\":\"Digital architecture and design b2b magazine\",\"publisher\":{\"@id\":\"https:\/\/www.matrix4design.com\/it\/#organization\"},\"potentialAction\":[{\"@type\":\"SearchAction\",\"target\":{\"@type\":\"EntryPoint\",\"urlTemplate\":\"https:\/\/www.matrix4design.com\/it\/?s={search_term_string}\"},\"query-input\":{\"@type\":\"PropertyValueSpecification\",\"valueRequired\":true,\"valueName\":\"search_term_string\"}}],\"inLanguage\":\"it-IT\"},{\"@type\":\"Organization\",\"@id\":\"https:\/\/www.matrix4design.com\/it\/#organization\",\"name\":\"Matrix4Design\",\"url\":\"https:\/\/www.matrix4design.com\/it\/\",\"logo\":{\"@type\":\"ImageObject\",\"inLanguage\":\"it-IT\",\"@id\":\"https:\/\/www.matrix4design.com\/it\/#\/schema\/logo\/image\/\",\"url\":\"https:\/\/www.matrix4design.com\/wp-content\/uploads\/2020\/04\/logo_matrix4design.png\",\"contentUrl\":\"https:\/\/www.matrix4design.com\/wp-content\/uploads\/2020\/04\/logo_matrix4design.png\",\"width\":804,\"height\":114,\"caption\":\"Matrix4Design\"},\"image\":{\"@id\":\"https:\/\/www.matrix4design.com\/it\/#\/schema\/logo\/image\/\"},\"sameAs\":[\"https:\/\/www.facebook.com\/matrix4designmagazine\/\",\"https:\/\/www.instagram.com\/matrix4designmagazine\/\",\"https:\/\/www.youtube.com\/channel\/UCtuhSSrP3MOO_URZgv8mQ1A\"]},{\"@type\":\"Person\",\"@id\":\"https:\/\/www.matrix4design.com\/it\/#\/schema\/person\/b2b6dd48f9d6892ca224742379951fa1\",\"name\":\"Redazione\",\"image\":{\"@type\":\"ImageObject\",\"inLanguage\":\"it-IT\",\"@id\":\"https:\/\/www.matrix4design.com\/it\/#\/schema\/person\/image\/\",\"url\":\"https:\/\/www.matrix4design.com\/wp-content\/uploads\/2023\/01\/logo_M4D_2023-96x96.jpg\",\"contentUrl\":\"https:\/\/www.matrix4design.com\/wp-content\/uploads\/2023\/01\/logo_M4D_2023-96x96.jpg\",\"caption\":\"Redazione\"},\"url\":\"https:\/\/www.matrix4design.com\/it\/author\/redazione\/\"}]}<\/script>\n<!-- \/ Yoast SEO plugin. -->","yoast_head_json":{"title":"NYCxDesign, le nuove lampade di Luceplan","description":"A New York il brand italiano Luceplan ha presentato le nuove lampade progettate da Daniel Rybakken e Francisco Gomez Paz.","robots":{"index":"index","follow":"follow","max-snippet":"max-snippet:-1","max-image-preview":"max-image-preview:large","max-video-preview":"max-video-preview:-1"},"canonical":"https:\/\/www.matrix4design.com\/it\/design\/nycxdesign-le-nuove-lampade-di-luceplan\/","og_locale":"it_IT","og_type":"article","og_title":"NYCxDesign, le nuove lampade di Luceplan","og_description":"A New York il brand italiano Luceplan ha presentato le nuove lampade progettate da Daniel Rybakken e Francisco Gomez Paz.","og_url":"https:\/\/www.matrix4design.com\/it\/design\/nycxdesign-le-nuove-lampade-di-luceplan\/","og_site_name":"Matrix4Design","article_publisher":"https:\/\/www.facebook.com\/matrix4designmagazine\/","article_published_time":"2018-06-04T00:00:00+00:00","article_modified_time":"2020-04-01T09:26:05+00:00","og_image":[{"width":1300,"height":1736,"url":"https:\/\/www.matrix4design.com\/wp-content\/uploads\/2020\/03\/LUCEPLAN_Amisol_03.jpg","type":"image\/jpeg"}],"author":"Redazione","twitter_card":"summary_large_image","twitter_misc":{"Scritto da":"Redazione","Tempo di lettura stimato":"2 minuti"},"schema":{"@context":"https:\/\/schema.org","@graph":[{"@type":"Article","@id":"https:\/\/www.matrix4design.com\/it\/design\/nycxdesign-le-nuove-lampade-di-luceplan\/#article","isPartOf":{"@id":"https:\/\/www.matrix4design.com\/it\/design\/nycxdesign-le-nuove-lampade-di-luceplan\/"},"author":{"name":"Redazione","@id":"https:\/\/www.matrix4design.com\/it\/#\/schema\/person\/b2b6dd48f9d6892ca224742379951fa1"},"headline":"NYCxDesign, le nuove lampade di Luceplan","datePublished":"2018-06-04T00:00:00+00:00","dateModified":"2020-04-01T09:26:05+00:00","mainEntityOfPage":{"@id":"https:\/\/www.matrix4design.com\/it\/design\/nycxdesign-le-nuove-lampade-di-luceplan\/"},"wordCount":446,"commentCount":0,"publisher":{"@id":"https:\/\/www.matrix4design.com\/it\/#organization"},"image":{"@id":"https:\/\/www.matrix4design.com\/it\/design\/nycxdesign-le-nuove-lampade-di-luceplan\/#primaryimage"},"thumbnailUrl":"https:\/\/www.matrix4design.com\/wp-content\/uploads\/2020\/03\/LUCEPLAN_Amisol_03.jpg","keywords":["Design"],"articleSection":["Design"],"inLanguage":"it-IT"},{"@type":"WebPage","@id":"https:\/\/www.matrix4design.com\/it\/design\/nycxdesign-le-nuove-lampade-di-luceplan\/","url":"https:\/\/www.matrix4design.com\/it\/design\/nycxdesign-le-nuove-lampade-di-luceplan\/","name":"NYCxDesign, le nuove lampade di Luceplan","isPartOf":{"@id":"https:\/\/www.matrix4design.com\/it\/#website"},"primaryImageOfPage":{"@id":"https:\/\/www.matrix4design.com\/it\/design\/nycxdesign-le-nuove-lampade-di-luceplan\/#primaryimage"},"image":{"@id":"https:\/\/www.matrix4design.com\/it\/design\/nycxdesign-le-nuove-lampade-di-luceplan\/#primaryimage"},"thumbnailUrl":"https:\/\/www.matrix4design.com\/wp-content\/uploads\/2020\/03\/LUCEPLAN_Amisol_03.jpg","datePublished":"2018-06-04T00:00:00+00:00","dateModified":"2020-04-01T09:26:05+00:00","description":"A New York il brand italiano Luceplan ha presentato le nuove lampade progettate da Daniel Rybakken e Francisco Gomez Paz.","breadcrumb":{"@id":"https:\/\/www.matrix4design.com\/it\/design\/nycxdesign-le-nuove-lampade-di-luceplan\/#breadcrumb"},"inLanguage":"it-IT","potentialAction":[{"@type":"ReadAction","target":["https:\/\/www.matrix4design.com\/it\/design\/nycxdesign-le-nuove-lampade-di-luceplan\/"]}]},{"@type":"ImageObject","inLanguage":"it-IT","@id":"https:\/\/www.matrix4design.com\/it\/design\/nycxdesign-le-nuove-lampade-di-luceplan\/#primaryimage","url":"https:\/\/www.matrix4design.com\/wp-content\/uploads\/2020\/03\/LUCEPLAN_Amisol_03.jpg","contentUrl":"https:\/\/www.matrix4design.com\/wp-content\/uploads\/2020\/03\/LUCEPLAN_Amisol_03.jpg","width":1300,"height":1736},{"@type":"BreadcrumbList","@id":"https:\/\/www.matrix4design.com\/it\/design\/nycxdesign-le-nuove-lampade-di-luceplan\/#breadcrumb","itemListElement":[{"@type":"ListItem","position":1,"name":"Home","item":"https:\/\/www.matrix4design.com\/it\/"},{"@type":"ListItem","position":2,"name":"NYCxDesign, le nuove lampade di Luceplan"}]},{"@type":"WebSite","@id":"https:\/\/www.matrix4design.com\/it\/#website","url":"https:\/\/www.matrix4design.com\/it\/","name":"Matrix4Design","description":"Digital architecture and design b2b magazine","publisher":{"@id":"https:\/\/www.matrix4design.com\/it\/#organization"},"potentialAction":[{"@type":"SearchAction","target":{"@type":"EntryPoint","urlTemplate":"https:\/\/www.matrix4design.com\/it\/?s={search_term_string}"},"query-input":{"@type":"PropertyValueSpecification","valueRequired":true,"valueName":"search_term_string"}}],"inLanguage":"it-IT"},{"@type":"Organization","@id":"https:\/\/www.matrix4design.com\/it\/#organization","name":"Matrix4Design","url":"https:\/\/www.matrix4design.com\/it\/","logo":{"@type":"ImageObject","inLanguage":"it-IT","@id":"https:\/\/www.matrix4design.com\/it\/#\/schema\/logo\/image\/","url":"https:\/\/www.matrix4design.com\/wp-content\/uploads\/2020\/04\/logo_matrix4design.png","contentUrl":"https:\/\/www.matrix4design.com\/wp-content\/uploads\/2020\/04\/logo_matrix4design.png","width":804,"height":114,"caption":"Matrix4Design"},"image":{"@id":"https:\/\/www.matrix4design.com\/it\/#\/schema\/logo\/image\/"},"sameAs":["https:\/\/www.facebook.com\/matrix4designmagazine\/","https:\/\/www.instagram.com\/matrix4designmagazine\/","https:\/\/www.youtube.com\/channel\/UCtuhSSrP3MOO_URZgv8mQ1A"]},{"@type":"Person","@id":"https:\/\/www.matrix4design.com\/it\/#\/schema\/person\/b2b6dd48f9d6892ca224742379951fa1","name":"Redazione","image":{"@type":"ImageObject","inLanguage":"it-IT","@id":"https:\/\/www.matrix4design.com\/it\/#\/schema\/person\/image\/","url":"https:\/\/www.matrix4design.com\/wp-content\/uploads\/2023\/01\/logo_M4D_2023-96x96.jpg","contentUrl":"https:\/\/www.matrix4design.com\/wp-content\/uploads\/2023\/01\/logo_M4D_2023-96x96.jpg","caption":"Redazione"},"url":"https:\/\/www.matrix4design.com\/it\/author\/redazione\/"}]}},"_links":{"self":[{"href":"https:\/\/www.matrix4design.com\/it\/wp-json\/wp\/v2\/posts\/52272","targetHints":{"allow":["GET"]}}],"collection":[{"href":"https:\/\/www.matrix4design.com\/it\/wp-json\/wp\/v2\/posts"}],"about":[{"href":"https:\/\/www.matrix4design.com\/it\/wp-json\/wp\/v2\/types\/post"}],"author":[{"embeddable":true,"href":"https:\/\/www.matrix4design.com\/it\/wp-json\/wp\/v2\/users\/6"}],"replies":[{"embeddable":true,"href":"https:\/\/www.matrix4design.com\/it\/wp-json\/wp\/v2\/comments?post=52272"}],"version-history":[{"count":1,"href":"https:\/\/www.matrix4design.com\/it\/wp-json\/wp\/v2\/posts\/52272\/revisions"}],"predecessor-version":[{"id":64184,"href":"https:\/\/www.matrix4design.com\/it\/wp-json\/wp\/v2\/posts\/52272\/revisions\/64184"}],"wp:featuredmedia":[{"embeddable":true,"href":"https:\/\/www.matrix4design.com\/it\/wp-json\/wp\/v2\/media\/41902"}],"wp:attachment":[{"href":"https:\/\/www.matrix4design.com\/it\/wp-json\/wp\/v2\/media?parent=52272"}],"wp:term":[{"taxonomy":"category","embeddable":true,"href":"https:\/\/www.matrix4design.com\/it\/wp-json\/wp\/v2\/categories?post=52272"},{"taxonomy":"post_tag","embeddable":true,"href":"https:\/\/www.matrix4design.com\/it\/wp-json\/wp\/v2\/tags?post=52272"}],"curies":[{"name":"wp","href":"https:\/\/api.w.org\/{rel}","templated":true}]}}