{"id":57942,"date":"2019-05-13T00:00:00","date_gmt":"2019-05-13T00:00:00","guid":{"rendered":""},"modified":"2020-03-26T10:53:26","modified_gmt":"2020-03-26T10:53:26","slug":"il-made-in-italy-sbarca-in-cina-la-due-giorni-di-federlegno-a-shenzhen","status":"publish","type":"post","link":"https:\/\/www.matrix4design.com\/it\/architettura\/il-made-in-italy-sbarca-in-cina-la-due-giorni-di-federlegno-a-shenzhen\/","title":{"rendered":"Il Made in Italy sbarca in Cina: la due giorni di Federlegno a Shenzhen"},"content":{"rendered":"<p><body>                   <\/p>\n<div id=\"main-text\">\n<p>Che la Cina sia un mercato da cui \u00e8 impossibile prescindere \u00e8 ormai cosa nota a tutti. Meno scontata \u00e8 per\u00f2 la capacit\u00e0 di intercettare le oscillazioni che interessano la seconda economia mondiale in termini di PIL, oggi in una fase di profonda transizione denominata dalle stesse autorit\u00e0 cinesi \u201cNew Normal\u201d, ovvero il riconoscimento di un tasso di crescita pi\u00f9 lento per il gigante asiatico.<\/p>\n<p>Un cambiamento che porter\u00e0 la Cina a essere un\u2019economia avanzata e basata in particolare su consumi, servizi e innovazione, nella consapevolezza che sia giunto il momento di sostituire la <b>qualit\u00e0<\/b> alla quantit\u00e0 in tutti gli aspetti della societ\u00e0, casa compresa.<\/p>\n<p>In particolare, i consumi destinati alla casa da parte delle famiglie cinesi sono in progressiva crescita e sono raddoppiati negli ultimi dieci anni a livello pro-capite; non a caso, <b>il settore arredamento \u00e8 salito al quarto posto tra i settori del made in Italy maggiormente presenti nell\u2019import cinese<\/b> partendo dalla diciassettesima posizione del 2015 e dalla ventiduesima del 2012.<\/p>\n<p>Per seguire con ancora maggiore attenzione questo processo di crescita, <b>il 13 e il 14 giugno prossimi a Shenzhen FederlegnoArredo Eventi sar\u00e0 impegnata nell\u2019organizzazione del primo evento italiano dedicato al real estate in Cina, il Real Estate Design Forum<\/b> (sito ufficiale dell\u2019evento: www.realestatedesignforum.it).<\/p>\n<p><img decoding=\"async\" src=\"https:\/\/www.matrix4design.com\/wp-content\/uploads\/2020\/03\/FederlegnoarredoA-1.jpg\" alt=\"\" class=\"image-inline\" title=\"\"><\/p>\n<p>Due giornate intense che avvicineranno le aziende italiane del settore arredo ai developer cinesi e colmeranno quello che a oggi \u00e8 il gap principale per le realt\u00e0 impegnate a penetrare il mercato cinese: conoscere approfonditamente il <b>settore contract<\/b> che, oggi, rappresenta uno degli ambiti dal potenziale di crescita maggiore.<\/p>\n<p>Per fare ci\u00f2 l\u2019evento includer\u00e0 sia momenti di dialogo e confronto volti ad affrontare tematiche legate allo sviluppo del real estate, sia incontri <i>one-to-one<\/i> tra aziende italiane e player cinesi del settore con lo scopo di favorire la nascita di collaborazioni concrete tra i colossi cinesi e le realt\u00e0 produttive italiane.<\/p>\n<p>Forum e seminari saranno coordinati dal professor <b>Li Xiangning<\/b> (curatore del Padiglione cinese alla Biennale di Architettura di Venezia 2018) per informare, ispirare e intrattenere una platea di architetti, developer e operatori del settore: tra i <i>main speaker<\/i> della conferenza di apertura ci saranno l\u2019architetto italiano <b>Aldo Cibic<\/b> e i President di alcune delle societ\u00e0 real estate pi\u00f9 importanti della Cina, mentre la parte di incontri <i>one-to-one <\/i>sar\u00e0 riservata a un gruppo ristretto di circa <b>80 player<\/b> che incontreranno le aziende italiane del settore arredo.<\/p>\n<p>Conclude <b>Stefano Bordone<\/b>, vicepresidente FederlegnoArredo Eventi:<\/p>\n<p>\u201c<i>L\u2019evento di Shenzen, frutto della strategia di FederlegnoArredo Eventi di offrire opportunit\u00e0 di business alle aziende associate a FederlegnoArredo e non solo, apre le porte della Cina alle aziende italiane dell\u2019arredo Made in Italy. Il Forum, unico nel suo genere, rappresenta il primo step di una serie di iniziative che nei prossimi mesi toccheranno i mercati pi\u00f9 promettenti per lo sviluppo dell\u2019arredo italiano nel mondo<\/i>\u201d.<\/p>\n<\/div>\n<p>                   <!--                                   \n\n<div id=\"load-section\">                                     \n\n<div class=\"load-bar\">                                       <span>Load More<\/span>                                     <\/div>\n\n                                   <\/div>\n\n                   -->                                                       <br \/><\/body><\/p>\n","protected":false},"excerpt":{"rendered":"<p>Che la Cina sia un mercato da cui \u00e8 impossibile prescindere \u00e8 ormai cosa nota a tutti. Meno scontata \u00e8 per\u00f2 la capacit\u00e0 di intercettare le oscillazioni che interessano la seconda economia mondiale in termini di PIL, oggi in una fase di profonda transizione denominata dalle stesse autorit\u00e0 cinesi \u201cNew Normal\u201d, ovvero il riconoscimento di [&hellip;]<\/p>\n","protected":false},"author":6,"featured_media":57943,"comment_status":"open","ping_status":"open","sticky":false,"template":"","format":"standard","meta":{"_acf_changed":false,"footnotes":""},"categories":[367],"tags":[37],"class_list":{"0":"post-57942","1":"post","2":"type-post","3":"status-publish","4":"format-standard","5":"has-post-thumbnail","7":"category-architettura","8":"tag-architettura"},"acf":[],"yoast_head":"<!-- This site is optimized with the Yoast SEO plugin v27.0 - https:\/\/yoast.com\/product\/yoast-seo-wordpress\/ -->\n<title>Il Made in Italy sbarca in Cina: la due giorni di Federlegno a Shenzhen<\/title>\n<meta name=\"description\" content=\"Il 13 e 14 giugno 2019 FederlegnoArredo Eventi organizza il primo evento italiano dedicato al real estate in Cina.\" \/>\n<meta name=\"robots\" content=\"index, follow, max-snippet:-1, max-image-preview:large, max-video-preview:-1\" \/>\n<link rel=\"canonical\" href=\"https:\/\/www.matrix4design.com\/it\/architettura\/il-made-in-italy-sbarca-in-cina-la-due-giorni-di-federlegno-a-shenzhen\/\" \/>\n<meta property=\"og:locale\" content=\"it_IT\" \/>\n<meta property=\"og:type\" content=\"article\" \/>\n<meta property=\"og:title\" content=\"Il Made in Italy sbarca in Cina: la due giorni di Federlegno a Shenzhen\" \/>\n<meta property=\"og:description\" content=\"Il 13 e 14 giugno 2019 FederlegnoArredo Eventi organizza il primo evento italiano dedicato al real estate in Cina.\" \/>\n<meta property=\"og:url\" content=\"https:\/\/www.matrix4design.com\/it\/architettura\/il-made-in-italy-sbarca-in-cina-la-due-giorni-di-federlegno-a-shenzhen\/\" \/>\n<meta property=\"og:site_name\" content=\"Matrix4Design\" \/>\n<meta property=\"article:publisher\" content=\"https:\/\/www.facebook.com\/matrix4designmagazine\/\" \/>\n<meta property=\"article:published_time\" content=\"2019-05-13T00:00:00+00:00\" \/>\n<meta property=\"article:modified_time\" content=\"2020-03-26T10:53:26+00:00\" \/>\n<meta property=\"og:image\" content=\"https:\/\/www.matrix4design.com\/wp-content\/uploads\/2020\/03\/FederlegnoarredoA-2.jpg\" \/>\n\t<meta property=\"og:image:width\" content=\"150\" \/>\n\t<meta property=\"og:image:height\" content=\"150\" \/>\n\t<meta property=\"og:image:type\" content=\"image\/jpeg\" \/>\n<meta name=\"author\" content=\"Redazione\" \/>\n<meta name=\"twitter:card\" content=\"summary_large_image\" \/>\n<meta name=\"twitter:label1\" content=\"Scritto da\" \/>\n\t<meta name=\"twitter:data1\" content=\"Redazione\" \/>\n\t<meta name=\"twitter:label2\" content=\"Tempo di lettura stimato\" \/>\n\t<meta name=\"twitter:data2\" content=\"2 minuti\" \/>\n<script type=\"application\/ld+json\" class=\"yoast-schema-graph\">{\"@context\":\"https:\/\/schema.org\",\"@graph\":[{\"@type\":\"Article\",\"@id\":\"https:\/\/www.matrix4design.com\/it\/architettura\/il-made-in-italy-sbarca-in-cina-la-due-giorni-di-federlegno-a-shenzhen\/#article\",\"isPartOf\":{\"@id\":\"https:\/\/www.matrix4design.com\/it\/architettura\/il-made-in-italy-sbarca-in-cina-la-due-giorni-di-federlegno-a-shenzhen\/\"},\"author\":{\"name\":\"Redazione\",\"@id\":\"https:\/\/www.matrix4design.com\/it\/#\/schema\/person\/b2b6dd48f9d6892ca224742379951fa1\"},\"headline\":\"Il Made in Italy sbarca in Cina: la due giorni di Federlegno a Shenzhen\",\"datePublished\":\"2019-05-13T00:00:00+00:00\",\"dateModified\":\"2020-03-26T10:53:26+00:00\",\"mainEntityOfPage\":{\"@id\":\"https:\/\/www.matrix4design.com\/it\/architettura\/il-made-in-italy-sbarca-in-cina-la-due-giorni-di-federlegno-a-shenzhen\/\"},\"wordCount\":477,\"commentCount\":0,\"publisher\":{\"@id\":\"https:\/\/www.matrix4design.com\/it\/#organization\"},\"image\":{\"@id\":\"https:\/\/www.matrix4design.com\/it\/architettura\/il-made-in-italy-sbarca-in-cina-la-due-giorni-di-federlegno-a-shenzhen\/#primaryimage\"},\"thumbnailUrl\":\"https:\/\/www.matrix4design.com\/wp-content\/uploads\/2020\/03\/FederlegnoarredoA-2.jpg\",\"keywords\":[\"Architettura\"],\"articleSection\":[\"Architettura\"],\"inLanguage\":\"it-IT\"},{\"@type\":\"WebPage\",\"@id\":\"https:\/\/www.matrix4design.com\/it\/architettura\/il-made-in-italy-sbarca-in-cina-la-due-giorni-di-federlegno-a-shenzhen\/\",\"url\":\"https:\/\/www.matrix4design.com\/it\/architettura\/il-made-in-italy-sbarca-in-cina-la-due-giorni-di-federlegno-a-shenzhen\/\",\"name\":\"Il Made in Italy sbarca in Cina: la due giorni di Federlegno a Shenzhen\",\"isPartOf\":{\"@id\":\"https:\/\/www.matrix4design.com\/it\/#website\"},\"primaryImageOfPage\":{\"@id\":\"https:\/\/www.matrix4design.com\/it\/architettura\/il-made-in-italy-sbarca-in-cina-la-due-giorni-di-federlegno-a-shenzhen\/#primaryimage\"},\"image\":{\"@id\":\"https:\/\/www.matrix4design.com\/it\/architettura\/il-made-in-italy-sbarca-in-cina-la-due-giorni-di-federlegno-a-shenzhen\/#primaryimage\"},\"thumbnailUrl\":\"https:\/\/www.matrix4design.com\/wp-content\/uploads\/2020\/03\/FederlegnoarredoA-2.jpg\",\"datePublished\":\"2019-05-13T00:00:00+00:00\",\"dateModified\":\"2020-03-26T10:53:26+00:00\",\"description\":\"Il 13 e 14 giugno 2019 FederlegnoArredo Eventi organizza il primo evento italiano dedicato al real estate in Cina.\",\"breadcrumb\":{\"@id\":\"https:\/\/www.matrix4design.com\/it\/architettura\/il-made-in-italy-sbarca-in-cina-la-due-giorni-di-federlegno-a-shenzhen\/#breadcrumb\"},\"inLanguage\":\"it-IT\",\"potentialAction\":[{\"@type\":\"ReadAction\",\"target\":[\"https:\/\/www.matrix4design.com\/it\/architettura\/il-made-in-italy-sbarca-in-cina-la-due-giorni-di-federlegno-a-shenzhen\/\"]}]},{\"@type\":\"ImageObject\",\"inLanguage\":\"it-IT\",\"@id\":\"https:\/\/www.matrix4design.com\/it\/architettura\/il-made-in-italy-sbarca-in-cina-la-due-giorni-di-federlegno-a-shenzhen\/#primaryimage\",\"url\":\"https:\/\/www.matrix4design.com\/wp-content\/uploads\/2020\/03\/FederlegnoarredoA-2.jpg\",\"contentUrl\":\"https:\/\/www.matrix4design.com\/wp-content\/uploads\/2020\/03\/FederlegnoarredoA-2.jpg\",\"width\":150,\"height\":150},{\"@type\":\"BreadcrumbList\",\"@id\":\"https:\/\/www.matrix4design.com\/it\/architettura\/il-made-in-italy-sbarca-in-cina-la-due-giorni-di-federlegno-a-shenzhen\/#breadcrumb\",\"itemListElement\":[{\"@type\":\"ListItem\",\"position\":1,\"name\":\"Home\",\"item\":\"https:\/\/www.matrix4design.com\/it\/\"},{\"@type\":\"ListItem\",\"position\":2,\"name\":\"Il Made in Italy sbarca in Cina: la due giorni di Federlegno a Shenzhen\"}]},{\"@type\":\"WebSite\",\"@id\":\"https:\/\/www.matrix4design.com\/it\/#website\",\"url\":\"https:\/\/www.matrix4design.com\/it\/\",\"name\":\"Matrix4Design\",\"description\":\"Digital architecture and design b2b magazine\",\"publisher\":{\"@id\":\"https:\/\/www.matrix4design.com\/it\/#organization\"},\"potentialAction\":[{\"@type\":\"SearchAction\",\"target\":{\"@type\":\"EntryPoint\",\"urlTemplate\":\"https:\/\/www.matrix4design.com\/it\/?s={search_term_string}\"},\"query-input\":{\"@type\":\"PropertyValueSpecification\",\"valueRequired\":true,\"valueName\":\"search_term_string\"}}],\"inLanguage\":\"it-IT\"},{\"@type\":\"Organization\",\"@id\":\"https:\/\/www.matrix4design.com\/it\/#organization\",\"name\":\"Matrix4Design\",\"url\":\"https:\/\/www.matrix4design.com\/it\/\",\"logo\":{\"@type\":\"ImageObject\",\"inLanguage\":\"it-IT\",\"@id\":\"https:\/\/www.matrix4design.com\/it\/#\/schema\/logo\/image\/\",\"url\":\"https:\/\/www.matrix4design.com\/wp-content\/uploads\/2020\/04\/logo_matrix4design.png\",\"contentUrl\":\"https:\/\/www.matrix4design.com\/wp-content\/uploads\/2020\/04\/logo_matrix4design.png\",\"width\":804,\"height\":114,\"caption\":\"Matrix4Design\"},\"image\":{\"@id\":\"https:\/\/www.matrix4design.com\/it\/#\/schema\/logo\/image\/\"},\"sameAs\":[\"https:\/\/www.facebook.com\/matrix4designmagazine\/\",\"https:\/\/www.instagram.com\/matrix4designmagazine\/\",\"https:\/\/www.youtube.com\/channel\/UCtuhSSrP3MOO_URZgv8mQ1A\"]},{\"@type\":\"Person\",\"@id\":\"https:\/\/www.matrix4design.com\/it\/#\/schema\/person\/b2b6dd48f9d6892ca224742379951fa1\",\"name\":\"Redazione\",\"image\":{\"@type\":\"ImageObject\",\"inLanguage\":\"it-IT\",\"@id\":\"https:\/\/www.matrix4design.com\/it\/#\/schema\/person\/image\/\",\"url\":\"https:\/\/www.matrix4design.com\/wp-content\/uploads\/2023\/01\/logo_M4D_2023-96x96.jpg\",\"contentUrl\":\"https:\/\/www.matrix4design.com\/wp-content\/uploads\/2023\/01\/logo_M4D_2023-96x96.jpg\",\"caption\":\"Redazione\"},\"url\":\"https:\/\/www.matrix4design.com\/it\/author\/redazione\/\"}]}<\/script>\n<!-- \/ Yoast SEO plugin. -->","yoast_head_json":{"title":"Il Made in Italy sbarca in Cina: la due giorni di Federlegno a Shenzhen","description":"Il 13 e 14 giugno 2019 FederlegnoArredo Eventi organizza il primo evento italiano dedicato al real estate in Cina.","robots":{"index":"index","follow":"follow","max-snippet":"max-snippet:-1","max-image-preview":"max-image-preview:large","max-video-preview":"max-video-preview:-1"},"canonical":"https:\/\/www.matrix4design.com\/it\/architettura\/il-made-in-italy-sbarca-in-cina-la-due-giorni-di-federlegno-a-shenzhen\/","og_locale":"it_IT","og_type":"article","og_title":"Il Made in Italy sbarca in Cina: la due giorni di Federlegno a Shenzhen","og_description":"Il 13 e 14 giugno 2019 FederlegnoArredo Eventi organizza il primo evento italiano dedicato al real estate in Cina.","og_url":"https:\/\/www.matrix4design.com\/it\/architettura\/il-made-in-italy-sbarca-in-cina-la-due-giorni-di-federlegno-a-shenzhen\/","og_site_name":"Matrix4Design","article_publisher":"https:\/\/www.facebook.com\/matrix4designmagazine\/","article_published_time":"2019-05-13T00:00:00+00:00","article_modified_time":"2020-03-26T10:53:26+00:00","og_image":[{"width":150,"height":150,"url":"https:\/\/www.matrix4design.com\/wp-content\/uploads\/2020\/03\/FederlegnoarredoA-2.jpg","type":"image\/jpeg"}],"author":"Redazione","twitter_card":"summary_large_image","twitter_misc":{"Scritto da":"Redazione","Tempo di lettura stimato":"2 minuti"},"schema":{"@context":"https:\/\/schema.org","@graph":[{"@type":"Article","@id":"https:\/\/www.matrix4design.com\/it\/architettura\/il-made-in-italy-sbarca-in-cina-la-due-giorni-di-federlegno-a-shenzhen\/#article","isPartOf":{"@id":"https:\/\/www.matrix4design.com\/it\/architettura\/il-made-in-italy-sbarca-in-cina-la-due-giorni-di-federlegno-a-shenzhen\/"},"author":{"name":"Redazione","@id":"https:\/\/www.matrix4design.com\/it\/#\/schema\/person\/b2b6dd48f9d6892ca224742379951fa1"},"headline":"Il Made in Italy sbarca in Cina: la due giorni di Federlegno a Shenzhen","datePublished":"2019-05-13T00:00:00+00:00","dateModified":"2020-03-26T10:53:26+00:00","mainEntityOfPage":{"@id":"https:\/\/www.matrix4design.com\/it\/architettura\/il-made-in-italy-sbarca-in-cina-la-due-giorni-di-federlegno-a-shenzhen\/"},"wordCount":477,"commentCount":0,"publisher":{"@id":"https:\/\/www.matrix4design.com\/it\/#organization"},"image":{"@id":"https:\/\/www.matrix4design.com\/it\/architettura\/il-made-in-italy-sbarca-in-cina-la-due-giorni-di-federlegno-a-shenzhen\/#primaryimage"},"thumbnailUrl":"https:\/\/www.matrix4design.com\/wp-content\/uploads\/2020\/03\/FederlegnoarredoA-2.jpg","keywords":["Architettura"],"articleSection":["Architettura"],"inLanguage":"it-IT"},{"@type":"WebPage","@id":"https:\/\/www.matrix4design.com\/it\/architettura\/il-made-in-italy-sbarca-in-cina-la-due-giorni-di-federlegno-a-shenzhen\/","url":"https:\/\/www.matrix4design.com\/it\/architettura\/il-made-in-italy-sbarca-in-cina-la-due-giorni-di-federlegno-a-shenzhen\/","name":"Il Made in Italy sbarca in Cina: la due giorni di Federlegno a Shenzhen","isPartOf":{"@id":"https:\/\/www.matrix4design.com\/it\/#website"},"primaryImageOfPage":{"@id":"https:\/\/www.matrix4design.com\/it\/architettura\/il-made-in-italy-sbarca-in-cina-la-due-giorni-di-federlegno-a-shenzhen\/#primaryimage"},"image":{"@id":"https:\/\/www.matrix4design.com\/it\/architettura\/il-made-in-italy-sbarca-in-cina-la-due-giorni-di-federlegno-a-shenzhen\/#primaryimage"},"thumbnailUrl":"https:\/\/www.matrix4design.com\/wp-content\/uploads\/2020\/03\/FederlegnoarredoA-2.jpg","datePublished":"2019-05-13T00:00:00+00:00","dateModified":"2020-03-26T10:53:26+00:00","description":"Il 13 e 14 giugno 2019 FederlegnoArredo Eventi organizza il primo evento italiano dedicato al real estate in Cina.","breadcrumb":{"@id":"https:\/\/www.matrix4design.com\/it\/architettura\/il-made-in-italy-sbarca-in-cina-la-due-giorni-di-federlegno-a-shenzhen\/#breadcrumb"},"inLanguage":"it-IT","potentialAction":[{"@type":"ReadAction","target":["https:\/\/www.matrix4design.com\/it\/architettura\/il-made-in-italy-sbarca-in-cina-la-due-giorni-di-federlegno-a-shenzhen\/"]}]},{"@type":"ImageObject","inLanguage":"it-IT","@id":"https:\/\/www.matrix4design.com\/it\/architettura\/il-made-in-italy-sbarca-in-cina-la-due-giorni-di-federlegno-a-shenzhen\/#primaryimage","url":"https:\/\/www.matrix4design.com\/wp-content\/uploads\/2020\/03\/FederlegnoarredoA-2.jpg","contentUrl":"https:\/\/www.matrix4design.com\/wp-content\/uploads\/2020\/03\/FederlegnoarredoA-2.jpg","width":150,"height":150},{"@type":"BreadcrumbList","@id":"https:\/\/www.matrix4design.com\/it\/architettura\/il-made-in-italy-sbarca-in-cina-la-due-giorni-di-federlegno-a-shenzhen\/#breadcrumb","itemListElement":[{"@type":"ListItem","position":1,"name":"Home","item":"https:\/\/www.matrix4design.com\/it\/"},{"@type":"ListItem","position":2,"name":"Il Made in Italy sbarca in Cina: la due giorni di Federlegno a Shenzhen"}]},{"@type":"WebSite","@id":"https:\/\/www.matrix4design.com\/it\/#website","url":"https:\/\/www.matrix4design.com\/it\/","name":"Matrix4Design","description":"Digital architecture and design b2b magazine","publisher":{"@id":"https:\/\/www.matrix4design.com\/it\/#organization"},"potentialAction":[{"@type":"SearchAction","target":{"@type":"EntryPoint","urlTemplate":"https:\/\/www.matrix4design.com\/it\/?s={search_term_string}"},"query-input":{"@type":"PropertyValueSpecification","valueRequired":true,"valueName":"search_term_string"}}],"inLanguage":"it-IT"},{"@type":"Organization","@id":"https:\/\/www.matrix4design.com\/it\/#organization","name":"Matrix4Design","url":"https:\/\/www.matrix4design.com\/it\/","logo":{"@type":"ImageObject","inLanguage":"it-IT","@id":"https:\/\/www.matrix4design.com\/it\/#\/schema\/logo\/image\/","url":"https:\/\/www.matrix4design.com\/wp-content\/uploads\/2020\/04\/logo_matrix4design.png","contentUrl":"https:\/\/www.matrix4design.com\/wp-content\/uploads\/2020\/04\/logo_matrix4design.png","width":804,"height":114,"caption":"Matrix4Design"},"image":{"@id":"https:\/\/www.matrix4design.com\/it\/#\/schema\/logo\/image\/"},"sameAs":["https:\/\/www.facebook.com\/matrix4designmagazine\/","https:\/\/www.instagram.com\/matrix4designmagazine\/","https:\/\/www.youtube.com\/channel\/UCtuhSSrP3MOO_URZgv8mQ1A"]},{"@type":"Person","@id":"https:\/\/www.matrix4design.com\/it\/#\/schema\/person\/b2b6dd48f9d6892ca224742379951fa1","name":"Redazione","image":{"@type":"ImageObject","inLanguage":"it-IT","@id":"https:\/\/www.matrix4design.com\/it\/#\/schema\/person\/image\/","url":"https:\/\/www.matrix4design.com\/wp-content\/uploads\/2023\/01\/logo_M4D_2023-96x96.jpg","contentUrl":"https:\/\/www.matrix4design.com\/wp-content\/uploads\/2023\/01\/logo_M4D_2023-96x96.jpg","caption":"Redazione"},"url":"https:\/\/www.matrix4design.com\/it\/author\/redazione\/"}]}},"_links":{"self":[{"href":"https:\/\/www.matrix4design.com\/it\/wp-json\/wp\/v2\/posts\/57942","targetHints":{"allow":["GET"]}}],"collection":[{"href":"https:\/\/www.matrix4design.com\/it\/wp-json\/wp\/v2\/posts"}],"about":[{"href":"https:\/\/www.matrix4design.com\/it\/wp-json\/wp\/v2\/types\/post"}],"author":[{"embeddable":true,"href":"https:\/\/www.matrix4design.com\/it\/wp-json\/wp\/v2\/users\/6"}],"replies":[{"embeddable":true,"href":"https:\/\/www.matrix4design.com\/it\/wp-json\/wp\/v2\/comments?post=57942"}],"version-history":[{"count":1,"href":"https:\/\/www.matrix4design.com\/it\/wp-json\/wp\/v2\/posts\/57942\/revisions"}],"predecessor-version":[{"id":63541,"href":"https:\/\/www.matrix4design.com\/it\/wp-json\/wp\/v2\/posts\/57942\/revisions\/63541"}],"wp:featuredmedia":[{"embeddable":true,"href":"https:\/\/www.matrix4design.com\/it\/wp-json\/wp\/v2\/media\/57943"}],"wp:attachment":[{"href":"https:\/\/www.matrix4design.com\/it\/wp-json\/wp\/v2\/media?parent=57942"}],"wp:term":[{"taxonomy":"category","embeddable":true,"href":"https:\/\/www.matrix4design.com\/it\/wp-json\/wp\/v2\/categories?post=57942"},{"taxonomy":"post_tag","embeddable":true,"href":"https:\/\/www.matrix4design.com\/it\/wp-json\/wp\/v2\/tags?post=57942"}],"curies":[{"name":"wp","href":"https:\/\/api.w.org\/{rel}","templated":true}]}}