{"id":58243,"date":"2019-12-04T00:00:00","date_gmt":"2019-12-04T00:00:00","guid":{"rendered":""},"modified":"2020-03-26T10:52:52","modified_gmt":"2020-03-26T10:52:52","slug":"il-nuovo-zentral-cafe-restaurant-a-collalbo","status":"publish","type":"post","link":"https:\/\/www.matrix4design.com\/it\/architettura\/il-nuovo-zentral-cafe-restaurant-a-collalbo\/","title":{"rendered":"Il nuovo ZENTRAL Caf\u00e9 Restaurant a Collalbo"},"content":{"rendered":"<p><body>                   <\/p>\n<div id=\"main-text\">\n<p><b>ZENTRAL Caf\u00e9 Restaurant<\/b> \u00e8 il nuovo e accogliente caff\u00e8 progettato dallo studio <b>Messner Architects <\/b>a Collalbo, un piccolo paese dell\u2019Alto Adige.<\/p>\n<p>Al fine di offrire un\u2019esperienza \u201ccozy\u201d ai visitatori, <b>l\u2019illuminazione<\/b> \u00e8 stato uno dei punti focali del progetto: di conseguenza, per portare pi\u00f9 luce all\u2019interno, le finestre ad arco preesistenti sulle facciate sud e ovest del locale sono state estese fino al pavimento, creando <b>un continuum delle arcate<\/b> fin sul lato nord dell\u2019edificio.<\/p>\n<p>Gli archi posti sul lato occidentale si affacciano sulla strada e aumentano il grado di visibilit\u00e0 tra il bar e lo spazio pubblico, con effetto attrattivo sulle persone che passano in paese, mentre le ampie finestre sul lato sud espandono l\u2019area del ristorante attraverso <b>un luminoso giardino<\/b>, ora accessibile tramite porte di legno integrate nelle arcate.<\/p>\n<p>L\u2019area d\u2019ingresso conduce in primo luogo al bar e un elemento a soffitto con funzione luminosa e di assorbimento del suono segna il centro del locale; in corrispondenza degli archi, comodi posti a sedere guardano al passeggio sulla strada, <b>rendendo labili i confini tra esterno ed interno<\/b>.<\/p>\n<p>Una <b>parete centrale freestanding<\/b> funge da polo nevralgico che connette e separa al tempo stesso bar, cucina, ristorante e giardino; roccia gneiss, legno di noce, rovere e l\u2019arredamento in toni scuri e caldi determinano la piacevole atmosfera all\u2019interno.<\/p>\n<p>Il soffitto e il pavimento di legno uniscono il bar al ristorante; le lampade sono state disegnate e realizzate dalla designer <b>Antoinette Bader<\/b> e nell\u2019area ristorante la posizione dei punti luce pu\u00f2 variare grazie alla presenza di binari sul soffitto.<\/p>\n<p>Il risultato \u00e8 <b>un ambiente sofisticato e accogliente<\/b> dove ci si pu\u00f2 rilassare e godersi un caff\u00e8 alla fine della giornata.<\/p>\n<p><em>Fotografie di Oliver Jaist.<\/em><\/p>\n<\/div>\n<p>                   <!--                                   \n\n<div id=\"load-section\">                                     \n\n<div class=\"load-bar\">                                       <span>Load More<\/span>                                     <\/div>\n\n                                   <\/div>\n\n                   -->                                      <\/p>\n<div id=\"gallery-section\">\n<div id=\"gallery-init\">                                                <a href=\"https:\/\/www.matrix4design.com\/wp-content\/uploads\/attachments\/262_dm_190522_1047_ma_jaist.jpg\" onclick=\"ga('send', 'pageview','GALLERY - Il nuovo ZENTRAL Caf\u00e9 Restaurant a Collalbo')\">                      <span>                        <i class=\"fa fa-search-plus\"><\/i>                       <\/span>                           <img loading=\"lazy\" decoding=\"async\" src=\"https:\/\/www.matrix4design.com\/wp-content\/uploads\/2020\/03\/image_preview-0-8-4-2-0.jpg\" alt=\"262_DM_190522_1047_MA_Jaist.jpg\" title=\"262_DM_190522_1047_MA_Jaist.jpg\" height=\"200\" width=\"298\">                         <\/a>                                                                       <a href=\"https:\/\/www.matrix4design.com\/wp-content\/uploads\/attachments\/262_dm_190522_1005_ma_jaist.jpg\" onclick=\"ga('send', 'pageview','GALLERY - Il nuovo ZENTRAL Caf\u00e9 Restaurant a Collalbo')\">                      <span>                        <i class=\"fa fa-search-plus\"><\/i>                       <\/span>                           <img loading=\"lazy\" decoding=\"async\" src=\"https:\/\/www.matrix4design.com\/wp-content\/uploads\/2020\/03\/image_preview-0-7-1-6-6.jpg\" alt=\"262_DM_190522_1005_MA_Jaist.jpg\" title=\"262_DM_190522_1005_MA_Jaist.jpg\" height=\"200\" width=\"299\">                         <\/a>                                                                       <a href=\"https:\/\/www.matrix4design.com\/wp-content\/uploads\/attachments\/262_dm_190522_1098_ma_jaist.jpg\" onclick=\"ga('send', 'pageview','GALLERY - Il nuovo ZENTRAL Caf\u00e9 Restaurant a Collalbo')\">                      <span>                        <i class=\"fa fa-search-plus\"><\/i>                       <\/span>                           <img loading=\"lazy\" decoding=\"async\" src=\"https:\/\/www.matrix4design.com\/wp-content\/uploads\/2020\/03\/image_preview-3-1-8-7-5.jpg\" alt=\"262_DM_190522_1098_MA_Jaist.jpg\" title=\"262_DM_190522_1098_MA_Jaist.jpg\" height=\"200\" width=\"303\">                         <\/a>                                                                       <a href=\"https:\/\/www.matrix4design.com\/wp-content\/uploads\/attachments\/262_dm_190522_1108_ma_jaist.jpg\" onclick=\"ga('send', 'pageview','GALLERY - Il nuovo ZENTRAL Caf\u00e9 Restaurant a Collalbo')\">                      <span>                        <i class=\"fa fa-search-plus\"><\/i>                       <\/span>                           <img loading=\"lazy\" decoding=\"async\" src=\"https:\/\/www.matrix4design.com\/wp-content\/uploads\/2020\/03\/image_preview-2-9-6-4.jpg\" alt=\"262_DM_190522_1108_MA_Jaist.jpg\" title=\"262_DM_190522_1108_MA_Jaist.jpg\" height=\"200\" width=\"300\">                         <\/a>                                                                       <a href=\"https:\/\/www.matrix4design.com\/wp-content\/uploads\/attachments\/262_dm_190522_1123_ma_jaist.jpg\" onclick=\"ga('send', 'pageview','GALLERY - Il nuovo ZENTRAL Caf\u00e9 Restaurant a Collalbo')\">                      <span>                        <i class=\"fa fa-search-plus\"><\/i>                       <\/span>                           <img loading=\"lazy\" decoding=\"async\" src=\"https:\/\/www.matrix4design.com\/wp-content\/uploads\/2020\/03\/image_preview-9-2-2-1-3.jpg\" alt=\"262_DM_190522_1123_MA_Jaist.jpg\" title=\"262_DM_190522_1123_MA_Jaist.jpg\" height=\"299\" width=\"200\">                         <\/a>                                                                       <a href=\"https:\/\/www.matrix4design.com\/wp-content\/uploads\/attachments\/262_dm_190522_1124_ma_jaist.jpg\" onclick=\"ga('send', 'pageview','GALLERY - Il nuovo ZENTRAL Caf\u00e9 Restaurant a Collalbo')\">                      <span>                        <i class=\"fa fa-search-plus\"><\/i>                       <\/span>                           <img loading=\"lazy\" decoding=\"async\" src=\"https:\/\/www.matrix4design.com\/wp-content\/uploads\/2020\/03\/image_preview-1-9-3-5-2.jpg\" alt=\"262_DM_190522_1124_MA_Jaist.jpg\" title=\"262_DM_190522_1124_MA_Jaist.jpg\" height=\"280\" width=\"200\">                         <\/a>                                                                       <a href=\"https:\/\/www.matrix4design.com\/wp-content\/uploads\/attachments\/262_dm_190522_1252_ma_jaist.jpg\" onclick=\"ga('send', 'pageview','GALLERY - Il nuovo ZENTRAL Caf\u00e9 Restaurant a Collalbo')\">                      <span>                        <i class=\"fa fa-search-plus\"><\/i>                       <\/span>                           <img loading=\"lazy\" decoding=\"async\" src=\"https:\/\/www.matrix4design.com\/wp-content\/uploads\/2020\/03\/image_preview-0-4-3-8-9.jpg\" alt=\"262_DM_190522_1252_MA_Jaist.jpg\" title=\"262_DM_190522_1252_MA_Jaist.jpg\" height=\"297\" width=\"200\">                         <\/a>                                                                       <a href=\"https:\/\/www.matrix4design.com\/wp-content\/uploads\/attachments\/262_dm_190522_1262_ma_jaist.jpg\" onclick=\"ga('send', 'pageview','GALLERY - Il nuovo ZENTRAL Caf\u00e9 Restaurant a Collalbo')\">                      <span>                        <i class=\"fa fa-search-plus\"><\/i>                       <\/span>                           <img loading=\"lazy\" decoding=\"async\" src=\"https:\/\/www.matrix4design.com\/wp-content\/uploads\/2020\/03\/image_preview-5-9-9-3.jpg\" alt=\"262_DM_190522_1262_MA_Jaist.jpg\" title=\"262_DM_190522_1262_MA_Jaist.jpg\" height=\"200\" width=\"298\">                         <\/a>                                                                       <a href=\"https:\/\/www.matrix4design.com\/wp-content\/uploads\/attachments\/262_dm_190522_1276_ma_jaist.jpg\" onclick=\"ga('send', 'pageview','GALLERY - Il nuovo ZENTRAL Caf\u00e9 Restaurant a Collalbo')\">                      <span>                        <i class=\"fa fa-search-plus\"><\/i>                       <\/span>                           <img loading=\"lazy\" decoding=\"async\" src=\"https:\/\/www.matrix4design.com\/wp-content\/uploads\/2020\/03\/image_preview-1-6-0-5-7.jpg\" alt=\"262_DM_190522_1276_MA_Jaist.jpg\" title=\"262_DM_190522_1276_MA_Jaist.jpg\" height=\"200\" width=\"299\">                         <\/a>                                                                       <a href=\"https:\/\/www.matrix4design.com\/wp-content\/uploads\/attachments\/feature_262_dm_190522_1232_ma_jaist.jpg\" onclick=\"ga('send', 'pageview','GALLERY - Il nuovo ZENTRAL Caf\u00e9 Restaurant a Collalbo')\">                      <span>                        <i class=\"fa fa-search-plus\"><\/i>                       <\/span>                           <img loading=\"lazy\" decoding=\"async\" src=\"https:\/\/www.matrix4design.com\/wp-content\/uploads\/2020\/03\/image_preview-8-2-3-1.jpg\" alt=\"feature_262_DM_190522_1232_MA_Jaist.jpg\" title=\"feature_262_DM_190522_1232_MA_Jaist.jpg\" height=\"200\" width=\"320\">                         <\/a>                                                                       <a href=\"https:\/\/www.matrix4design.com\/wp-content\/uploads\/attachments\/262_dm_190522_1005_ma_jaist-1.jpg\" onclick=\"ga('send', 'pageview','GALLERY - Il nuovo ZENTRAL Caf\u00e9 Restaurant a Collalbo')\">                      <span>                        <i class=\"fa fa-search-plus\"><\/i>                       <\/span>                           <img loading=\"lazy\" decoding=\"async\" src=\"https:\/\/www.matrix4design.com\/wp-content\/uploads\/2020\/03\/image_preview-1-9-5-1-2.jpg\" alt=\"262_DM_190522_1005_MA_Jaist.jpg\" title=\"262_DM_190522_1005_MA_Jaist.jpg\" height=\"200\" width=\"299\">                         <\/a>                                            <\/div><\/div>\n<p><\/body><\/p>\n","protected":false},"excerpt":{"rendered":"<p>ZENTRAL Caf\u00e9 Restaurant \u00e8 il nuovo e accogliente caff\u00e8 progettato dallo studio Messner Architects a Collalbo, un piccolo paese dell\u2019Alto Adige. Al fine di offrire un\u2019esperienza \u201ccozy\u201d ai visitatori, l\u2019illuminazione \u00e8 stato uno dei punti focali del progetto: di conseguenza, per portare pi\u00f9 luce all\u2019interno, le finestre ad arco preesistenti sulle facciate sud e ovest [&hellip;]<\/p>\n","protected":false},"author":6,"featured_media":58244,"comment_status":"open","ping_status":"open","sticky":false,"template":"","format":"standard","meta":{"_acf_changed":false,"footnotes":""},"categories":[367],"tags":[37,322,57],"class_list":{"0":"post-58243","1":"post","2":"type-post","3":"status-publish","4":"format-standard","5":"has-post-thumbnail","7":"category-architettura","8":"tag-architettura","9":"tag-cersaie-2019","10":"tag-design"},"acf":[],"yoast_head":"<!-- This site is optimized with the Yoast SEO plugin v27.0 - https:\/\/yoast.com\/product\/yoast-seo-wordpress\/ -->\n<title>Il nuovo ZENTRAL Caf\u00e9 Restaurant a Collalbo<\/title>\n<meta name=\"description\" content=\"Lo studio Messner Architects ha progettato un accogliente caff\u00e8 ristorante in Alto Adige.\" \/>\n<meta name=\"robots\" content=\"index, follow, max-snippet:-1, max-image-preview:large, max-video-preview:-1\" \/>\n<link rel=\"canonical\" href=\"https:\/\/www.matrix4design.com\/it\/architettura\/il-nuovo-zentral-cafe-restaurant-a-collalbo\/\" \/>\n<meta property=\"og:locale\" content=\"it_IT\" \/>\n<meta property=\"og:type\" content=\"article\" \/>\n<meta property=\"og:title\" content=\"Il nuovo ZENTRAL Caf\u00e9 Restaurant a Collalbo\" \/>\n<meta property=\"og:description\" content=\"Lo studio Messner Architects ha progettato un accogliente caff\u00e8 ristorante in Alto Adige.\" \/>\n<meta property=\"og:url\" content=\"https:\/\/www.matrix4design.com\/it\/architettura\/il-nuovo-zentral-cafe-restaurant-a-collalbo\/\" \/>\n<meta property=\"og:site_name\" content=\"Matrix4Design\" \/>\n<meta property=\"article:publisher\" content=\"https:\/\/www.facebook.com\/matrix4designmagazine\/\" \/>\n<meta property=\"article:published_time\" content=\"2019-12-04T00:00:00+00:00\" \/>\n<meta property=\"article:modified_time\" content=\"2020-03-26T10:52:52+00:00\" \/>\n<meta property=\"og:image\" content=\"https:\/\/www.matrix4design.com\/wp-content\/uploads\/2020\/03\/image_preview-7-3-6-8.jpg\" \/>\n\t<meta property=\"og:image:width\" content=\"150\" \/>\n\t<meta property=\"og:image:height\" content=\"150\" \/>\n\t<meta property=\"og:image:type\" content=\"image\/jpeg\" \/>\n<meta name=\"author\" content=\"Redazione\" \/>\n<meta name=\"twitter:card\" content=\"summary_large_image\" \/>\n<meta name=\"twitter:label1\" content=\"Scritto da\" \/>\n\t<meta name=\"twitter:data1\" content=\"Redazione\" \/>\n\t<meta name=\"twitter:label2\" content=\"Tempo di lettura stimato\" \/>\n\t<meta name=\"twitter:data2\" content=\"1 minuto\" \/>\n<script type=\"application\/ld+json\" class=\"yoast-schema-graph\">{\"@context\":\"https:\/\/schema.org\",\"@graph\":[{\"@type\":\"Article\",\"@id\":\"https:\/\/www.matrix4design.com\/it\/architettura\/il-nuovo-zentral-cafe-restaurant-a-collalbo\/#article\",\"isPartOf\":{\"@id\":\"https:\/\/www.matrix4design.com\/it\/architettura\/il-nuovo-zentral-cafe-restaurant-a-collalbo\/\"},\"author\":{\"name\":\"Redazione\",\"@id\":\"https:\/\/www.matrix4design.com\/it\/#\/schema\/person\/b2b6dd48f9d6892ca224742379951fa1\"},\"headline\":\"Il nuovo ZENTRAL Caf\u00e9 Restaurant a Collalbo\",\"datePublished\":\"2019-12-04T00:00:00+00:00\",\"dateModified\":\"2020-03-26T10:52:52+00:00\",\"mainEntityOfPage\":{\"@id\":\"https:\/\/www.matrix4design.com\/it\/architettura\/il-nuovo-zentral-cafe-restaurant-a-collalbo\/\"},\"wordCount\":294,\"commentCount\":0,\"publisher\":{\"@id\":\"https:\/\/www.matrix4design.com\/it\/#organization\"},\"image\":{\"@id\":\"https:\/\/www.matrix4design.com\/it\/architettura\/il-nuovo-zentral-cafe-restaurant-a-collalbo\/#primaryimage\"},\"thumbnailUrl\":\"https:\/\/www.matrix4design.com\/wp-content\/uploads\/2020\/03\/image_preview-7-3-6-8.jpg\",\"keywords\":[\"Architettura\",\"Cersaie 2019\",\"Design\"],\"articleSection\":[\"Architettura\"],\"inLanguage\":\"it-IT\"},{\"@type\":\"WebPage\",\"@id\":\"https:\/\/www.matrix4design.com\/it\/architettura\/il-nuovo-zentral-cafe-restaurant-a-collalbo\/\",\"url\":\"https:\/\/www.matrix4design.com\/it\/architettura\/il-nuovo-zentral-cafe-restaurant-a-collalbo\/\",\"name\":\"Il nuovo ZENTRAL Caf\u00e9 Restaurant a Collalbo\",\"isPartOf\":{\"@id\":\"https:\/\/www.matrix4design.com\/it\/#website\"},\"primaryImageOfPage\":{\"@id\":\"https:\/\/www.matrix4design.com\/it\/architettura\/il-nuovo-zentral-cafe-restaurant-a-collalbo\/#primaryimage\"},\"image\":{\"@id\":\"https:\/\/www.matrix4design.com\/it\/architettura\/il-nuovo-zentral-cafe-restaurant-a-collalbo\/#primaryimage\"},\"thumbnailUrl\":\"https:\/\/www.matrix4design.com\/wp-content\/uploads\/2020\/03\/image_preview-7-3-6-8.jpg\",\"datePublished\":\"2019-12-04T00:00:00+00:00\",\"dateModified\":\"2020-03-26T10:52:52+00:00\",\"description\":\"Lo studio Messner Architects ha progettato un accogliente caff\u00e8 ristorante in Alto Adige.\",\"breadcrumb\":{\"@id\":\"https:\/\/www.matrix4design.com\/it\/architettura\/il-nuovo-zentral-cafe-restaurant-a-collalbo\/#breadcrumb\"},\"inLanguage\":\"it-IT\",\"potentialAction\":[{\"@type\":\"ReadAction\",\"target\":[\"https:\/\/www.matrix4design.com\/it\/architettura\/il-nuovo-zentral-cafe-restaurant-a-collalbo\/\"]}]},{\"@type\":\"ImageObject\",\"inLanguage\":\"it-IT\",\"@id\":\"https:\/\/www.matrix4design.com\/it\/architettura\/il-nuovo-zentral-cafe-restaurant-a-collalbo\/#primaryimage\",\"url\":\"https:\/\/www.matrix4design.com\/wp-content\/uploads\/2020\/03\/image_preview-7-3-6-8.jpg\",\"contentUrl\":\"https:\/\/www.matrix4design.com\/wp-content\/uploads\/2020\/03\/image_preview-7-3-6-8.jpg\",\"width\":150,\"height\":150},{\"@type\":\"BreadcrumbList\",\"@id\":\"https:\/\/www.matrix4design.com\/it\/architettura\/il-nuovo-zentral-cafe-restaurant-a-collalbo\/#breadcrumb\",\"itemListElement\":[{\"@type\":\"ListItem\",\"position\":1,\"name\":\"Home\",\"item\":\"https:\/\/www.matrix4design.com\/it\/\"},{\"@type\":\"ListItem\",\"position\":2,\"name\":\"Il nuovo ZENTRAL Caf\u00e9 Restaurant a Collalbo\"}]},{\"@type\":\"WebSite\",\"@id\":\"https:\/\/www.matrix4design.com\/it\/#website\",\"url\":\"https:\/\/www.matrix4design.com\/it\/\",\"name\":\"Matrix4Design\",\"description\":\"Digital architecture and design b2b magazine\",\"publisher\":{\"@id\":\"https:\/\/www.matrix4design.com\/it\/#organization\"},\"potentialAction\":[{\"@type\":\"SearchAction\",\"target\":{\"@type\":\"EntryPoint\",\"urlTemplate\":\"https:\/\/www.matrix4design.com\/it\/?s={search_term_string}\"},\"query-input\":{\"@type\":\"PropertyValueSpecification\",\"valueRequired\":true,\"valueName\":\"search_term_string\"}}],\"inLanguage\":\"it-IT\"},{\"@type\":\"Organization\",\"@id\":\"https:\/\/www.matrix4design.com\/it\/#organization\",\"name\":\"Matrix4Design\",\"url\":\"https:\/\/www.matrix4design.com\/it\/\",\"logo\":{\"@type\":\"ImageObject\",\"inLanguage\":\"it-IT\",\"@id\":\"https:\/\/www.matrix4design.com\/it\/#\/schema\/logo\/image\/\",\"url\":\"https:\/\/www.matrix4design.com\/wp-content\/uploads\/2020\/04\/logo_matrix4design.png\",\"contentUrl\":\"https:\/\/www.matrix4design.com\/wp-content\/uploads\/2020\/04\/logo_matrix4design.png\",\"width\":804,\"height\":114,\"caption\":\"Matrix4Design\"},\"image\":{\"@id\":\"https:\/\/www.matrix4design.com\/it\/#\/schema\/logo\/image\/\"},\"sameAs\":[\"https:\/\/www.facebook.com\/matrix4designmagazine\/\",\"https:\/\/www.instagram.com\/matrix4designmagazine\/\",\"https:\/\/www.youtube.com\/channel\/UCtuhSSrP3MOO_URZgv8mQ1A\"]},{\"@type\":\"Person\",\"@id\":\"https:\/\/www.matrix4design.com\/it\/#\/schema\/person\/b2b6dd48f9d6892ca224742379951fa1\",\"name\":\"Redazione\",\"image\":{\"@type\":\"ImageObject\",\"inLanguage\":\"it-IT\",\"@id\":\"https:\/\/www.matrix4design.com\/it\/#\/schema\/person\/image\/\",\"url\":\"https:\/\/www.matrix4design.com\/wp-content\/uploads\/2023\/01\/logo_M4D_2023-96x96.jpg\",\"contentUrl\":\"https:\/\/www.matrix4design.com\/wp-content\/uploads\/2023\/01\/logo_M4D_2023-96x96.jpg\",\"caption\":\"Redazione\"},\"url\":\"https:\/\/www.matrix4design.com\/it\/author\/redazione\/\"}]}<\/script>\n<!-- \/ Yoast SEO plugin. -->","yoast_head_json":{"title":"Il nuovo ZENTRAL Caf\u00e9 Restaurant a Collalbo","description":"Lo studio Messner Architects ha progettato un accogliente caff\u00e8 ristorante in Alto Adige.","robots":{"index":"index","follow":"follow","max-snippet":"max-snippet:-1","max-image-preview":"max-image-preview:large","max-video-preview":"max-video-preview:-1"},"canonical":"https:\/\/www.matrix4design.com\/it\/architettura\/il-nuovo-zentral-cafe-restaurant-a-collalbo\/","og_locale":"it_IT","og_type":"article","og_title":"Il nuovo ZENTRAL Caf\u00e9 Restaurant a Collalbo","og_description":"Lo studio Messner Architects ha progettato un accogliente caff\u00e8 ristorante in Alto Adige.","og_url":"https:\/\/www.matrix4design.com\/it\/architettura\/il-nuovo-zentral-cafe-restaurant-a-collalbo\/","og_site_name":"Matrix4Design","article_publisher":"https:\/\/www.facebook.com\/matrix4designmagazine\/","article_published_time":"2019-12-04T00:00:00+00:00","article_modified_time":"2020-03-26T10:52:52+00:00","og_image":[{"width":150,"height":150,"url":"https:\/\/www.matrix4design.com\/wp-content\/uploads\/2020\/03\/image_preview-7-3-6-8.jpg","type":"image\/jpeg"}],"author":"Redazione","twitter_card":"summary_large_image","twitter_misc":{"Scritto da":"Redazione","Tempo di lettura stimato":"1 minuto"},"schema":{"@context":"https:\/\/schema.org","@graph":[{"@type":"Article","@id":"https:\/\/www.matrix4design.com\/it\/architettura\/il-nuovo-zentral-cafe-restaurant-a-collalbo\/#article","isPartOf":{"@id":"https:\/\/www.matrix4design.com\/it\/architettura\/il-nuovo-zentral-cafe-restaurant-a-collalbo\/"},"author":{"name":"Redazione","@id":"https:\/\/www.matrix4design.com\/it\/#\/schema\/person\/b2b6dd48f9d6892ca224742379951fa1"},"headline":"Il nuovo ZENTRAL Caf\u00e9 Restaurant a Collalbo","datePublished":"2019-12-04T00:00:00+00:00","dateModified":"2020-03-26T10:52:52+00:00","mainEntityOfPage":{"@id":"https:\/\/www.matrix4design.com\/it\/architettura\/il-nuovo-zentral-cafe-restaurant-a-collalbo\/"},"wordCount":294,"commentCount":0,"publisher":{"@id":"https:\/\/www.matrix4design.com\/it\/#organization"},"image":{"@id":"https:\/\/www.matrix4design.com\/it\/architettura\/il-nuovo-zentral-cafe-restaurant-a-collalbo\/#primaryimage"},"thumbnailUrl":"https:\/\/www.matrix4design.com\/wp-content\/uploads\/2020\/03\/image_preview-7-3-6-8.jpg","keywords":["Architettura","Cersaie 2019","Design"],"articleSection":["Architettura"],"inLanguage":"it-IT"},{"@type":"WebPage","@id":"https:\/\/www.matrix4design.com\/it\/architettura\/il-nuovo-zentral-cafe-restaurant-a-collalbo\/","url":"https:\/\/www.matrix4design.com\/it\/architettura\/il-nuovo-zentral-cafe-restaurant-a-collalbo\/","name":"Il nuovo ZENTRAL Caf\u00e9 Restaurant a Collalbo","isPartOf":{"@id":"https:\/\/www.matrix4design.com\/it\/#website"},"primaryImageOfPage":{"@id":"https:\/\/www.matrix4design.com\/it\/architettura\/il-nuovo-zentral-cafe-restaurant-a-collalbo\/#primaryimage"},"image":{"@id":"https:\/\/www.matrix4design.com\/it\/architettura\/il-nuovo-zentral-cafe-restaurant-a-collalbo\/#primaryimage"},"thumbnailUrl":"https:\/\/www.matrix4design.com\/wp-content\/uploads\/2020\/03\/image_preview-7-3-6-8.jpg","datePublished":"2019-12-04T00:00:00+00:00","dateModified":"2020-03-26T10:52:52+00:00","description":"Lo studio Messner Architects ha progettato un accogliente caff\u00e8 ristorante in Alto Adige.","breadcrumb":{"@id":"https:\/\/www.matrix4design.com\/it\/architettura\/il-nuovo-zentral-cafe-restaurant-a-collalbo\/#breadcrumb"},"inLanguage":"it-IT","potentialAction":[{"@type":"ReadAction","target":["https:\/\/www.matrix4design.com\/it\/architettura\/il-nuovo-zentral-cafe-restaurant-a-collalbo\/"]}]},{"@type":"ImageObject","inLanguage":"it-IT","@id":"https:\/\/www.matrix4design.com\/it\/architettura\/il-nuovo-zentral-cafe-restaurant-a-collalbo\/#primaryimage","url":"https:\/\/www.matrix4design.com\/wp-content\/uploads\/2020\/03\/image_preview-7-3-6-8.jpg","contentUrl":"https:\/\/www.matrix4design.com\/wp-content\/uploads\/2020\/03\/image_preview-7-3-6-8.jpg","width":150,"height":150},{"@type":"BreadcrumbList","@id":"https:\/\/www.matrix4design.com\/it\/architettura\/il-nuovo-zentral-cafe-restaurant-a-collalbo\/#breadcrumb","itemListElement":[{"@type":"ListItem","position":1,"name":"Home","item":"https:\/\/www.matrix4design.com\/it\/"},{"@type":"ListItem","position":2,"name":"Il nuovo ZENTRAL Caf\u00e9 Restaurant a Collalbo"}]},{"@type":"WebSite","@id":"https:\/\/www.matrix4design.com\/it\/#website","url":"https:\/\/www.matrix4design.com\/it\/","name":"Matrix4Design","description":"Digital architecture and design b2b magazine","publisher":{"@id":"https:\/\/www.matrix4design.com\/it\/#organization"},"potentialAction":[{"@type":"SearchAction","target":{"@type":"EntryPoint","urlTemplate":"https:\/\/www.matrix4design.com\/it\/?s={search_term_string}"},"query-input":{"@type":"PropertyValueSpecification","valueRequired":true,"valueName":"search_term_string"}}],"inLanguage":"it-IT"},{"@type":"Organization","@id":"https:\/\/www.matrix4design.com\/it\/#organization","name":"Matrix4Design","url":"https:\/\/www.matrix4design.com\/it\/","logo":{"@type":"ImageObject","inLanguage":"it-IT","@id":"https:\/\/www.matrix4design.com\/it\/#\/schema\/logo\/image\/","url":"https:\/\/www.matrix4design.com\/wp-content\/uploads\/2020\/04\/logo_matrix4design.png","contentUrl":"https:\/\/www.matrix4design.com\/wp-content\/uploads\/2020\/04\/logo_matrix4design.png","width":804,"height":114,"caption":"Matrix4Design"},"image":{"@id":"https:\/\/www.matrix4design.com\/it\/#\/schema\/logo\/image\/"},"sameAs":["https:\/\/www.facebook.com\/matrix4designmagazine\/","https:\/\/www.instagram.com\/matrix4designmagazine\/","https:\/\/www.youtube.com\/channel\/UCtuhSSrP3MOO_URZgv8mQ1A"]},{"@type":"Person","@id":"https:\/\/www.matrix4design.com\/it\/#\/schema\/person\/b2b6dd48f9d6892ca224742379951fa1","name":"Redazione","image":{"@type":"ImageObject","inLanguage":"it-IT","@id":"https:\/\/www.matrix4design.com\/it\/#\/schema\/person\/image\/","url":"https:\/\/www.matrix4design.com\/wp-content\/uploads\/2023\/01\/logo_M4D_2023-96x96.jpg","contentUrl":"https:\/\/www.matrix4design.com\/wp-content\/uploads\/2023\/01\/logo_M4D_2023-96x96.jpg","caption":"Redazione"},"url":"https:\/\/www.matrix4design.com\/it\/author\/redazione\/"}]}},"_links":{"self":[{"href":"https:\/\/www.matrix4design.com\/it\/wp-json\/wp\/v2\/posts\/58243","targetHints":{"allow":["GET"]}}],"collection":[{"href":"https:\/\/www.matrix4design.com\/it\/wp-json\/wp\/v2\/posts"}],"about":[{"href":"https:\/\/www.matrix4design.com\/it\/wp-json\/wp\/v2\/types\/post"}],"author":[{"embeddable":true,"href":"https:\/\/www.matrix4design.com\/it\/wp-json\/wp\/v2\/users\/6"}],"replies":[{"embeddable":true,"href":"https:\/\/www.matrix4design.com\/it\/wp-json\/wp\/v2\/comments?post=58243"}],"version-history":[{"count":1,"href":"https:\/\/www.matrix4design.com\/it\/wp-json\/wp\/v2\/posts\/58243\/revisions"}],"predecessor-version":[{"id":63143,"href":"https:\/\/www.matrix4design.com\/it\/wp-json\/wp\/v2\/posts\/58243\/revisions\/63143"}],"wp:featuredmedia":[{"embeddable":true,"href":"https:\/\/www.matrix4design.com\/it\/wp-json\/wp\/v2\/media\/58244"}],"wp:attachment":[{"href":"https:\/\/www.matrix4design.com\/it\/wp-json\/wp\/v2\/media?parent=58243"}],"wp:term":[{"taxonomy":"category","embeddable":true,"href":"https:\/\/www.matrix4design.com\/it\/wp-json\/wp\/v2\/categories?post=58243"},{"taxonomy":"post_tag","embeddable":true,"href":"https:\/\/www.matrix4design.com\/it\/wp-json\/wp\/v2\/tags?post=58243"}],"curies":[{"name":"wp","href":"https:\/\/api.w.org\/{rel}","templated":true}]}}