{"id":58327,"date":"2019-03-06T00:00:00","date_gmt":"2019-03-06T00:00:00","guid":{"rendered":""},"modified":"2020-03-26T10:53:37","modified_gmt":"2020-03-26T10:53:37","slug":"il-senso-di-essere-architetti-matrix4design-incontra-obr-2013-open-building-research","status":"publish","type":"post","link":"https:\/\/www.matrix4design.com\/it\/architettura\/il-senso-di-essere-architetti-matrix4design-incontra-obr-2013-open-building-research\/","title":{"rendered":"Il senso di essere architetti: Matrix4Design incontra OBR \u2013 Open Building Research"},"content":{"rendered":"<p><body>                   <\/p>\n<div id=\"main-text\">\n<p>Un concetto di architettura che sia al tempo stesso specchio del mondo e strumento del suo cambiamento, una visione del progetto come elemento di relazione tra l\u2019uomo e l\u2019ambiente, capace di promuovere il senso di comunit\u00e0 attraverso la valorizzazione delle identit\u00e0 individuali e molteplici. Il lavoro di studio <b>OBR \u2013 Open Building Research<\/b>, fondato nel 2000 dagli architetti <b>Paolo Brescia<\/b> e <b>Tommaso Principi<\/b> (dopo un\u2019importante esperienza a fianco di Renzo Piano) e diventato presto un vero e proprio <i>design network<\/i> distribuito tra Milano, Londra e Mumbai, trova le sue radici in una meditazione profonda sul senso del progettare e del costruire, in un percorso sempre aperto a nuovi stimoli e suggestioni, in costante sintonia con l\u2019evolvere delle abitudini umane. Prendendo spunto dalla mostra <i>Re-build in the built environment<\/i>, conclusasi poche settimane fa alla Triennale di Milano e focalizzata sul tema del \u201ccostruire sul costruito\u201d, abbiamo chiesto a Paolo Brescia di raccontarci che cosa significa essere architetto oggi, tra interrogativi sul presente e aspettative per il futuro.<\/p>\n<p><b>Partiamo dalla mostra <i>Re-build in the built environment<\/i>, conclusasi alla Triennale di Milano lo scorso 20 gennaio. Siete stati tra i protagonisti con un progetto che gioca in casa, quello relativo alla Terrazza Triennale. Ci raccontate le caratteristiche principali del vostro intervento?<\/b><\/p>\n<p>&nbsp;\u00abLa Terrazza Triennale \u00e8 stata pensata in occasione dell\u2019Expo 2015, per valorizzare la copertura del Palazzo dell\u2019Arte di Giovanni Muzio.<\/p>\n<p>Durante il sopralluogo del concorso, lo ricordo come se fosse ieri, \u00e8 stato impressionante l\u2019effetto sorpresa. Quella terrazza, infatti, era sempre stata chiusa al pubblico e, bench\u00e9 fossimo fin da studenti del Politecnico assidui frequentatori della Triennale, nessuno di noi ne conosceva l\u2019esistenza. La vista era sorprendente, avevi la sensazione di essere al centro di tutto.<\/p>\n<p>Il nostro desiderio era dunque quello di restituire questa nuova centralit\u00e0 ai Milanesi, facendo di questa terrazza un luogo super-pubblico, vissuto da tutti, in cui condividere gli stessi valori all\u2019interno dello stesso spazio, un salotto urbano sul Parco Sempione, il Castello Sforzesco e il nuovo skyline di Milano.<\/p>\n<p>Ammetto per\u00f2 che subivamo anche un\u2019altra strana sensazione: quella di essere come dei nani sulle spalle di un gigante. Non c\u2019era nulla da inventare, c\u2019era gi\u00e0 tutto. Al limite volevi sentirti piccolo, scomparire, essere il meno evidente possibile, in punta di piedi, ma senza mimetizzarti, bens\u00ec essendo \u201cgi\u00e0 l\u00ec da sempre\u201d.<\/p>\n<p>Cos\u00ec abbiamo pensato a un padiglione vetrato come una serra sospesa sul parco, arretrata rispetto al perimetro dell\u2019edificio storico di Muzio, ma tale da recuperare lo stesso passo strutturale. Il perimetro del padiglione \u00e8 completamente apribile sui quattro lati, creando un sistema senza soluzione di continuit\u00e0 spaziale con la terrazza, non avendo pi\u00f9 angoli che ne delimitano lo spazio. &nbsp;L\u2019ospite \u00e8 accolto inizialmente da un piccolo orto aromatico disegnato dal paesaggista Marco Perazzi: lo stesso orto, oltre a servire direttamente il ristorante, protegge i commensali e crea una relazione di figura\/sfondo con il Parco Sempione.\u00bb<\/p>\n<p><img decoding=\"async\" src=\"https:\/\/www.matrix4design.com\/wp-content\/uploads\/2020\/03\/OBR_Triennale_2.jpg\" alt=\"\" class=\"image-inline\" title=\"\"><\/p>\n<p class=\"Pa0\"><b>Costruire sul costruito, tra identit\u00e0 e trasformazione, \u00e8 una delle sfide decisive dell\u2019architettura contemporanea. Qual \u00e8 il vostro modo di affrontare progetti di questo tipo?<\/b><\/p>\n<p>&nbsp;\u00abCredo che costruire sul costruito imponga un nuovo punto di vista. In genere si pensa che il costruire sia finalizzato alla costruzione, e che il costruire e il costruito stiano tra loro come fine\/mezzo. In realt\u00e0 io credo che lo schema fine\/mezzo ci precluda l\u2019accesso ai rapporti essenziali tra costruire e costruito.<\/p>\n<p>\u00c8 chiaro che, dovendo azzerare l\u2019ulteriore consumo di suolo e favorire interventi che rivalutino ci\u00f2 che abbiamo ricevuto, il costruire e il costruito debbano assumere un nuovo significato contemporaneo all\u2019interno di una visione unitaria. L\u2019opera, infatti, non \u00e8 la somma delle sue parti, essa \u00e8 un tutto.<\/p>\n<p>Credo che per costruire sul costruito occorra un cambio di paradigma. Nel costruire sul costruito non c\u2019\u00e8 \u201cstile\u201d, non c\u2019\u00e8 differenza tra logica espressiva e logica costruttiva. L\u2019architettura \u00e8 <i>poietica<\/i>, nel senso classico del <i>saper fare<\/i> (bene). Il tecnico sa il <i>come<\/i>. L\u2019architetto deve domandarsi anche il <i>perch\u00e9<\/i>.<\/p>\n<p>Sono convinto che costruire sul costruito possa produrre una nuova bellezza, che celebrer\u00e0 il lavoro di chi \u00e8 venuto prima di noi e la vita di chi ha abitato prima di noi, prolungando in un certo senso la loro vita. Ci\u00f2 sar\u00e0 possibile se l\u2019architetto, come un antico greco, sapr\u00e0 tenere insieme teoria e pratica, fare e pensare, ragione e sentimento.\u00bb<\/p>\n<p><b><\/b><b>Il vostro lavoro si lega sempre strettamente alla realt\u00e0 che lo ospita, in un continuo scambio con la natura del luogo, la comunit\u00e0 e le sue esigenze. Come si trova il giusto equilibrio tra la volont\u00e0 di dare la propria impronta al progetto, guidandone lo sviluppo, e la necessit\u00e0 di sintonizzarsi con il contesto, rivitalizzandolo senza snaturarlo?<\/b><\/p>\n<p>\u00abPenso che la verit\u00e0 del progetto stia nelle sue condizioni contingenti. Non esiste una verit\u00e0 a-priori. Essa si \u201ccostruisce\u201d dalle contingenze dell\u2019opera, non \u00e8 mai una verit\u00e0 \u201capplicata\u201d. Tuttavia penso anche che l\u2019opera diventi una sorta di \u201cmemoria di un futuro assoluto\u201d, con una vita propria al di l\u00e0 del tempo che sopravvive alle sue funzioni.<\/p>\n<p>Ma, se \u00e8 vero che la verit\u00e0 dell\u2019opera \u00e8 a partire dalle sue contingenze, \u00e8 anche vero che \u00e8 l\u2019architettura che <i>fa<\/i> il luogo. Progettare \u00e8 costruire un pensiero, e costruire \u00e8 pensare. Quello che inseguiamo facendo quello che facciamo \u00e8 un\u2019idea di architettura che sia \u201cgi\u00e0 l\u00ec da sempre\u201d.\u00bb<\/p>\n<p><img decoding=\"async\" src=\"https:\/\/www.matrix4design.com\/wp-content\/uploads\/2020\/03\/OBR_Laheriya_01.jpg\" alt=\"\" class=\"image-inline\" title=\"\"><\/p>\n<p><b>Il nome del vostro studio \u00e8 un acronimo: OBR \u2013 Open Building Research. Se doveste spiegarne il significato in poche parole, quali usereste? Qual \u00e8, in generale, il tratto essenziale che contraddistingue la vostra idea di progetto?<\/b><\/p>\n<p>&nbsp;\u00abIl nome OBR \u2013 Open Building Research \u2013 viene, come spesso avviene, da una serata al ristorante tra amici, gli stessi con cui \u00e8 nato il collettivo nel 2000. Volevamo esprimere qualcosa che sintetizzasse la \u201clibera ricerca sul costruire\u201d e al tempo stesso volevamo emanciparci dalla classica impostazione di studio professionale gerarchico.<\/p>\n<p>Da noi in OBR tutti sono ugualmente coinvolti nel processo progettuale. Quando cominciamo un nuovo progetto, abbiamo imparato a coinvolgere chi ne sa pi\u00f9 di noi, condividendo la stessa visione. La scelta iniziale di non specializzarci in nulla di particolare, ci consente di ibridare saperi diversi acquisiti in esperienze diverse. Il design in questo modo non \u00e8 l\u2019input ma l\u2019output, non \u00e8 l\u2019obiettivo ma il risultato. In questo modo gli esiti saranno superiori alle aspettative iniziali. Il progetto non \u00e8 un fatto individuale, \u00e8 una <i>common task<\/i>. \u00c8 chiaro che all\u2019inizio del processo non la pensiamo tutti esattamente allo stesso modo, ma discutiamo, spesso anche animatamente. A distanza di tempo devo dire che \u00e8 proprio il dialogo \u2013 soprattutto l\u2019ascolto reciproco &#8211; la linfa vitale del processo progettuale.<\/p>\n<p>Lavorando insieme in OBR, stiamo convergendo verso un\u2019idea di progetto come processo collettivo, cooperativo, evolutivo, che si sviluppa mettendosi in gioco, prendendosi dei rischi, anche facendo degli errori, ma pur sempre esplorando il futuro e indagando l\u2019ignoto, che poi \u00e8 l\u2019unica meta verso cui andare, se dobbiamo andare da qualche parte.\u00bb<\/p>\n<p><img decoding=\"async\" src=\"https:\/\/www.matrix4design.com\/wp-content\/uploads\/2020\/03\/OBR_Firm.jpg\" alt=\"\" class=\"image-inline\" title=\"\"><\/p>\n<p>&nbsp;<b>Su quali realizzazioni vi state concentrando attualmente?<\/b><\/p>\n<p>&nbsp;\u00abAl momento siamo impegnati negli Emirati, in India e in Italia.&nbsp;<\/p>\n<p>A Dubai stiamo seguendo il progetto dello sviluppo di Jafza di fronte a Dubai Expo 2020. Si tratta di un centro multifunzionale che si estende per 3 km lungo l\u2019<i>highway <\/i>verso Abu Dhabi. Lo stiamo immaginando come un luogo super-urbano, che favorisca l\u2019incontro, lo scambio e la scoperta inattesa di qualcosa che non stai propriamente cercando, che poi \u00e8 la caratteristica essenziale dello spazio pubblico. Per questo motivo abbiamo pensato ad una <i>promenade<\/i> all\u2019aperto ma coperta, che ha come riferimento il Suq, illuminata naturalmente e articolata in una serie di piazze interne su pi\u00f9 livelli che consentono diverse modalit\u00e0 di mobilit\u00e0 alternative in continuit\u00e0 con l\u2019Expo 2020. Vorremmo dimostrare che anche a Dubai \u00e8 possibile estendere alcune attivit\u00e0 aggregative outdoor, non pi\u00f9 importando modelli da altrove, ma grazie all\u2019evoluzione di tipologie locali (come appunto il Suq) reinterpretate <i>site specific<\/i> in chiave contemporanea.<\/p>\n<p>In India stiamo realizzando un <i>cluster <\/i>a Jaipur con laboratori, <i>art galleries<\/i>, <i>retail<\/i> e hotel. In mancanza di una vera e propria industria dell\u2019edilizia (come avviene per esempio in Cina), la nostra intenzione \u00e8 dimostrare che \u00e8 possibile sviluppare un progetto di <i>real estate<\/i> con un alto grado di sostenibilit\u00e0 sociale, mediante la valorizzazione delle maestranze artigiane e artistiche locali, contribuendo in questo modo allo sviluppo economico e culturale del territorio. Lavorando con gli artigiani e gli artisti locali abbiamo cercato di operare una trasposizione dalla piccola scala dell\u2019<i>art and craft <\/i>alla grande scala dell\u2019architettura, combinando la progettazione parametrica di OBR con la tecnologia costruttiva basilare locale. In questo caso, l\u2019approccio \u00e8 quello della <i>Multiplicity<\/i>, intesa come ripetizione (artigianale), e non come moltiplicazione (industriale). L\u2019obiettivo che stiamo perseguendo in India, non \u00e8 un progetto <i>for <\/i>India, ma <i>by <\/i>India.<\/p>\n<p>In Italia stiamo lavorando prevalentemente sul tema del \u201ccostruire sul costruito\u201d, come il complesso per uffici di Generali in Via Bassi a Milano riutilizzando le strutture di un precedente complesso, il Museo di Mitoraj a Pietrasanta all\u2019interno di un vecchio mercato comunale dismesso, il riuso dell\u2019Ex Ospedale Psichiatrico di Genova per CDP ripensato con nuove funzioni aperte alla citt\u00e0, il porto e soprattutto il retro porto di Santa Margherita Ligure che diventer\u00e0 un nuovo fronte della citt\u00e0 sul mare, e il complesso di Marina Grande ad Arenzano ri-naturalizzando il vecchio tunnel della ferrovia.\u00bb<\/p>\n<p><img decoding=\"async\" src=\"https:\/\/www.matrix4design.com\/wp-content\/uploads\/2020\/03\/OBR_SantaMargherita.jpg\" alt=\"\" class=\"image-inline\" title=\"\"><\/p>\n<p><b><\/b><b>Prossimi obiettivi da raggiungere?<\/b><\/p>\n<p>\u00abIndagare la realt\u00e0, soprattutto quella che verr\u00e0, attraverso l\u2019architettura.<\/p>\n<p>Come dice Paul Virilio, oggi viviamo in un mondo che \u00e8 diventato un <i>mondo-citt\u00e0<\/i>, all\u2019interno del quale circolano informazioni, messaggi, immagini, cose e persone\u2026 Ma \u00e8 anche vero che la citt\u00e0 oggi \u00e8 sempre pi\u00f9 una <i>citt\u00e0-mondo<\/i>, con le proprie differenze etniche, culturali e sociali (smentendo in un certo senso le illusioni del mondo-citt\u00e0). \u00c8 su questo terreno incerto, sospeso tra citt\u00e0 e mondo, che pensiamo all\u2019architettura oggi, intesa come spirito del nostro tempo, come specchio della nostra realt\u00e0. Ora, essendo la realt\u00e0 in continuo mutamento, credo che come architetti siamo chiamati a manifestare questo divenire.<\/p>\n<p>Non so se con l\u2019architettura cambieremo il mondo, ma credo che inseguendo un\u2019idea di bellezza come valore comune, di tutti, allora possiamo fare qualcosa per migliorarlo.\u00bb<\/p>\n<\/div>\n<p>                   <!--                                   \n\n<div id=\"load-section\">                                     \n\n<div class=\"load-bar\">                                       <span>Load More<\/span>                                     <\/div>\n\n                                   <\/div>\n\n                   -->                                                       <br \/><\/body><\/p>\n","protected":false},"excerpt":{"rendered":"<p>Un concetto di architettura che sia al tempo stesso specchio del mondo e strumento del suo cambiamento, una visione del progetto come elemento di relazione tra l\u2019uomo e l\u2019ambiente, capace di promuovere il senso di comunit\u00e0 attraverso la valorizzazione delle identit\u00e0 individuali e molteplici. Il lavoro di studio OBR \u2013 Open Building Research, fondato nel [&hellip;]<\/p>\n","protected":false},"author":6,"featured_media":58328,"comment_status":"open","ping_status":"open","sticky":false,"template":"","format":"standard","meta":{"_acf_changed":false,"footnotes":""},"categories":[367],"tags":[37,322,57],"class_list":{"0":"post-58327","1":"post","2":"type-post","3":"status-publish","4":"format-standard","5":"has-post-thumbnail","7":"category-architettura","8":"tag-architettura","9":"tag-cersaie-2019","10":"tag-design"},"acf":[],"yoast_head":"<!-- This site is optimized with the Yoast SEO plugin v27.0 - https:\/\/yoast.com\/product\/yoast-seo-wordpress\/ -->\n<title>Il senso di essere architetti: Matrix4Design incontra OBR \u2013 Open Building Research<\/title>\n<meta name=\"description\" content=\"L&#039;architetto Paolo Brescia di studio OBR - Open Building Research dialoga con noi in questa intervista esclusiva.\" \/>\n<meta name=\"robots\" content=\"index, follow, max-snippet:-1, max-image-preview:large, max-video-preview:-1\" \/>\n<link rel=\"canonical\" href=\"https:\/\/www.matrix4design.com\/it\/architettura\/il-senso-di-essere-architetti-matrix4design-incontra-obr-2013-open-building-research\/\" \/>\n<meta property=\"og:locale\" content=\"it_IT\" \/>\n<meta property=\"og:type\" content=\"article\" \/>\n<meta property=\"og:title\" content=\"Il senso di essere architetti: Matrix4Design incontra OBR \u2013 Open Building Research\" \/>\n<meta property=\"og:description\" content=\"L&#039;architetto Paolo Brescia di studio OBR - Open Building Research dialoga con noi in questa intervista esclusiva.\" \/>\n<meta property=\"og:url\" content=\"https:\/\/www.matrix4design.com\/it\/architettura\/il-senso-di-essere-architetti-matrix4design-incontra-obr-2013-open-building-research\/\" \/>\n<meta property=\"og:site_name\" content=\"Matrix4Design\" \/>\n<meta property=\"article:publisher\" content=\"https:\/\/www.facebook.com\/matrix4designmagazine\/\" \/>\n<meta property=\"article:published_time\" content=\"2019-03-06T00:00:00+00:00\" \/>\n<meta property=\"article:modified_time\" content=\"2020-03-26T10:53:37+00:00\" \/>\n<meta property=\"og:image\" content=\"https:\/\/www.matrix4design.com\/wp-content\/uploads\/2020\/03\/OBR_Triennale_2.jpg\" \/>\n\t<meta property=\"og:image:width\" content=\"1200\" \/>\n\t<meta property=\"og:image:height\" content=\"786\" \/>\n\t<meta property=\"og:image:type\" content=\"image\/jpeg\" \/>\n<meta name=\"author\" content=\"Redazione\" \/>\n<meta name=\"twitter:card\" content=\"summary_large_image\" \/>\n<meta name=\"twitter:label1\" content=\"Scritto da\" \/>\n\t<meta name=\"twitter:data1\" content=\"Redazione\" \/>\n\t<meta name=\"twitter:label2\" content=\"Tempo di lettura stimato\" \/>\n\t<meta name=\"twitter:data2\" content=\"8 minuti\" \/>\n<script type=\"application\/ld+json\" class=\"yoast-schema-graph\">{\"@context\":\"https:\/\/schema.org\",\"@graph\":[{\"@type\":\"Article\",\"@id\":\"https:\/\/www.matrix4design.com\/it\/architettura\/il-senso-di-essere-architetti-matrix4design-incontra-obr-2013-open-building-research\/#article\",\"isPartOf\":{\"@id\":\"https:\/\/www.matrix4design.com\/it\/architettura\/il-senso-di-essere-architetti-matrix4design-incontra-obr-2013-open-building-research\/\"},\"author\":{\"name\":\"Redazione\",\"@id\":\"https:\/\/www.matrix4design.com\/it\/#\/schema\/person\/b2b6dd48f9d6892ca224742379951fa1\"},\"headline\":\"Il senso di essere architetti: Matrix4Design incontra OBR \u2013 Open Building Research\",\"datePublished\":\"2019-03-06T00:00:00+00:00\",\"dateModified\":\"2020-03-26T10:53:37+00:00\",\"mainEntityOfPage\":{\"@id\":\"https:\/\/www.matrix4design.com\/it\/architettura\/il-senso-di-essere-architetti-matrix4design-incontra-obr-2013-open-building-research\/\"},\"wordCount\":1693,\"commentCount\":0,\"publisher\":{\"@id\":\"https:\/\/www.matrix4design.com\/it\/#organization\"},\"image\":{\"@id\":\"https:\/\/www.matrix4design.com\/it\/architettura\/il-senso-di-essere-architetti-matrix4design-incontra-obr-2013-open-building-research\/#primaryimage\"},\"thumbnailUrl\":\"https:\/\/www.matrix4design.com\/wp-content\/uploads\/2020\/03\/OBR_Triennale_2.jpg\",\"keywords\":[\"Architettura\",\"Cersaie 2019\",\"Design\"],\"articleSection\":[\"Architettura\"],\"inLanguage\":\"it-IT\"},{\"@type\":\"WebPage\",\"@id\":\"https:\/\/www.matrix4design.com\/it\/architettura\/il-senso-di-essere-architetti-matrix4design-incontra-obr-2013-open-building-research\/\",\"url\":\"https:\/\/www.matrix4design.com\/it\/architettura\/il-senso-di-essere-architetti-matrix4design-incontra-obr-2013-open-building-research\/\",\"name\":\"Il senso di essere architetti: Matrix4Design incontra OBR \u2013 Open Building Research\",\"isPartOf\":{\"@id\":\"https:\/\/www.matrix4design.com\/it\/#website\"},\"primaryImageOfPage\":{\"@id\":\"https:\/\/www.matrix4design.com\/it\/architettura\/il-senso-di-essere-architetti-matrix4design-incontra-obr-2013-open-building-research\/#primaryimage\"},\"image\":{\"@id\":\"https:\/\/www.matrix4design.com\/it\/architettura\/il-senso-di-essere-architetti-matrix4design-incontra-obr-2013-open-building-research\/#primaryimage\"},\"thumbnailUrl\":\"https:\/\/www.matrix4design.com\/wp-content\/uploads\/2020\/03\/OBR_Triennale_2.jpg\",\"datePublished\":\"2019-03-06T00:00:00+00:00\",\"dateModified\":\"2020-03-26T10:53:37+00:00\",\"description\":\"L'architetto Paolo Brescia di studio OBR - Open Building Research dialoga con noi in questa intervista esclusiva.\",\"breadcrumb\":{\"@id\":\"https:\/\/www.matrix4design.com\/it\/architettura\/il-senso-di-essere-architetti-matrix4design-incontra-obr-2013-open-building-research\/#breadcrumb\"},\"inLanguage\":\"it-IT\",\"potentialAction\":[{\"@type\":\"ReadAction\",\"target\":[\"https:\/\/www.matrix4design.com\/it\/architettura\/il-senso-di-essere-architetti-matrix4design-incontra-obr-2013-open-building-research\/\"]}]},{\"@type\":\"ImageObject\",\"inLanguage\":\"it-IT\",\"@id\":\"https:\/\/www.matrix4design.com\/it\/architettura\/il-senso-di-essere-architetti-matrix4design-incontra-obr-2013-open-building-research\/#primaryimage\",\"url\":\"https:\/\/www.matrix4design.com\/wp-content\/uploads\/2020\/03\/OBR_Triennale_2.jpg\",\"contentUrl\":\"https:\/\/www.matrix4design.com\/wp-content\/uploads\/2020\/03\/OBR_Triennale_2.jpg\",\"width\":1200,\"height\":786},{\"@type\":\"BreadcrumbList\",\"@id\":\"https:\/\/www.matrix4design.com\/it\/architettura\/il-senso-di-essere-architetti-matrix4design-incontra-obr-2013-open-building-research\/#breadcrumb\",\"itemListElement\":[{\"@type\":\"ListItem\",\"position\":1,\"name\":\"Home\",\"item\":\"https:\/\/www.matrix4design.com\/it\/\"},{\"@type\":\"ListItem\",\"position\":2,\"name\":\"Il senso di essere architetti: Matrix4Design incontra OBR \u2013 Open Building Research\"}]},{\"@type\":\"WebSite\",\"@id\":\"https:\/\/www.matrix4design.com\/it\/#website\",\"url\":\"https:\/\/www.matrix4design.com\/it\/\",\"name\":\"Matrix4Design\",\"description\":\"Digital architecture and design b2b magazine\",\"publisher\":{\"@id\":\"https:\/\/www.matrix4design.com\/it\/#organization\"},\"potentialAction\":[{\"@type\":\"SearchAction\",\"target\":{\"@type\":\"EntryPoint\",\"urlTemplate\":\"https:\/\/www.matrix4design.com\/it\/?s={search_term_string}\"},\"query-input\":{\"@type\":\"PropertyValueSpecification\",\"valueRequired\":true,\"valueName\":\"search_term_string\"}}],\"inLanguage\":\"it-IT\"},{\"@type\":\"Organization\",\"@id\":\"https:\/\/www.matrix4design.com\/it\/#organization\",\"name\":\"Matrix4Design\",\"url\":\"https:\/\/www.matrix4design.com\/it\/\",\"logo\":{\"@type\":\"ImageObject\",\"inLanguage\":\"it-IT\",\"@id\":\"https:\/\/www.matrix4design.com\/it\/#\/schema\/logo\/image\/\",\"url\":\"https:\/\/www.matrix4design.com\/wp-content\/uploads\/2020\/04\/logo_matrix4design.png\",\"contentUrl\":\"https:\/\/www.matrix4design.com\/wp-content\/uploads\/2020\/04\/logo_matrix4design.png\",\"width\":804,\"height\":114,\"caption\":\"Matrix4Design\"},\"image\":{\"@id\":\"https:\/\/www.matrix4design.com\/it\/#\/schema\/logo\/image\/\"},\"sameAs\":[\"https:\/\/www.facebook.com\/matrix4designmagazine\/\",\"https:\/\/www.instagram.com\/matrix4designmagazine\/\",\"https:\/\/www.youtube.com\/channel\/UCtuhSSrP3MOO_URZgv8mQ1A\"]},{\"@type\":\"Person\",\"@id\":\"https:\/\/www.matrix4design.com\/it\/#\/schema\/person\/b2b6dd48f9d6892ca224742379951fa1\",\"name\":\"Redazione\",\"image\":{\"@type\":\"ImageObject\",\"inLanguage\":\"it-IT\",\"@id\":\"https:\/\/www.matrix4design.com\/it\/#\/schema\/person\/image\/\",\"url\":\"https:\/\/www.matrix4design.com\/wp-content\/uploads\/2023\/01\/logo_M4D_2023-96x96.jpg\",\"contentUrl\":\"https:\/\/www.matrix4design.com\/wp-content\/uploads\/2023\/01\/logo_M4D_2023-96x96.jpg\",\"caption\":\"Redazione\"},\"url\":\"https:\/\/www.matrix4design.com\/it\/author\/redazione\/\"}]}<\/script>\n<!-- \/ Yoast SEO plugin. -->","yoast_head_json":{"title":"Il senso di essere architetti: Matrix4Design incontra OBR \u2013 Open Building Research","description":"L'architetto Paolo Brescia di studio OBR - Open Building Research dialoga con noi in questa intervista esclusiva.","robots":{"index":"index","follow":"follow","max-snippet":"max-snippet:-1","max-image-preview":"max-image-preview:large","max-video-preview":"max-video-preview:-1"},"canonical":"https:\/\/www.matrix4design.com\/it\/architettura\/il-senso-di-essere-architetti-matrix4design-incontra-obr-2013-open-building-research\/","og_locale":"it_IT","og_type":"article","og_title":"Il senso di essere architetti: Matrix4Design incontra OBR \u2013 Open Building Research","og_description":"L'architetto Paolo Brescia di studio OBR - Open Building Research dialoga con noi in questa intervista esclusiva.","og_url":"https:\/\/www.matrix4design.com\/it\/architettura\/il-senso-di-essere-architetti-matrix4design-incontra-obr-2013-open-building-research\/","og_site_name":"Matrix4Design","article_publisher":"https:\/\/www.facebook.com\/matrix4designmagazine\/","article_published_time":"2019-03-06T00:00:00+00:00","article_modified_time":"2020-03-26T10:53:37+00:00","og_image":[{"width":1200,"height":786,"url":"https:\/\/www.matrix4design.com\/wp-content\/uploads\/2020\/03\/OBR_Triennale_2.jpg","type":"image\/jpeg"}],"author":"Redazione","twitter_card":"summary_large_image","twitter_misc":{"Scritto da":"Redazione","Tempo di lettura stimato":"8 minuti"},"schema":{"@context":"https:\/\/schema.org","@graph":[{"@type":"Article","@id":"https:\/\/www.matrix4design.com\/it\/architettura\/il-senso-di-essere-architetti-matrix4design-incontra-obr-2013-open-building-research\/#article","isPartOf":{"@id":"https:\/\/www.matrix4design.com\/it\/architettura\/il-senso-di-essere-architetti-matrix4design-incontra-obr-2013-open-building-research\/"},"author":{"name":"Redazione","@id":"https:\/\/www.matrix4design.com\/it\/#\/schema\/person\/b2b6dd48f9d6892ca224742379951fa1"},"headline":"Il senso di essere architetti: Matrix4Design incontra OBR \u2013 Open Building Research","datePublished":"2019-03-06T00:00:00+00:00","dateModified":"2020-03-26T10:53:37+00:00","mainEntityOfPage":{"@id":"https:\/\/www.matrix4design.com\/it\/architettura\/il-senso-di-essere-architetti-matrix4design-incontra-obr-2013-open-building-research\/"},"wordCount":1693,"commentCount":0,"publisher":{"@id":"https:\/\/www.matrix4design.com\/it\/#organization"},"image":{"@id":"https:\/\/www.matrix4design.com\/it\/architettura\/il-senso-di-essere-architetti-matrix4design-incontra-obr-2013-open-building-research\/#primaryimage"},"thumbnailUrl":"https:\/\/www.matrix4design.com\/wp-content\/uploads\/2020\/03\/OBR_Triennale_2.jpg","keywords":["Architettura","Cersaie 2019","Design"],"articleSection":["Architettura"],"inLanguage":"it-IT"},{"@type":"WebPage","@id":"https:\/\/www.matrix4design.com\/it\/architettura\/il-senso-di-essere-architetti-matrix4design-incontra-obr-2013-open-building-research\/","url":"https:\/\/www.matrix4design.com\/it\/architettura\/il-senso-di-essere-architetti-matrix4design-incontra-obr-2013-open-building-research\/","name":"Il senso di essere architetti: Matrix4Design incontra OBR \u2013 Open Building Research","isPartOf":{"@id":"https:\/\/www.matrix4design.com\/it\/#website"},"primaryImageOfPage":{"@id":"https:\/\/www.matrix4design.com\/it\/architettura\/il-senso-di-essere-architetti-matrix4design-incontra-obr-2013-open-building-research\/#primaryimage"},"image":{"@id":"https:\/\/www.matrix4design.com\/it\/architettura\/il-senso-di-essere-architetti-matrix4design-incontra-obr-2013-open-building-research\/#primaryimage"},"thumbnailUrl":"https:\/\/www.matrix4design.com\/wp-content\/uploads\/2020\/03\/OBR_Triennale_2.jpg","datePublished":"2019-03-06T00:00:00+00:00","dateModified":"2020-03-26T10:53:37+00:00","description":"L'architetto Paolo Brescia di studio OBR - Open Building Research dialoga con noi in questa intervista esclusiva.","breadcrumb":{"@id":"https:\/\/www.matrix4design.com\/it\/architettura\/il-senso-di-essere-architetti-matrix4design-incontra-obr-2013-open-building-research\/#breadcrumb"},"inLanguage":"it-IT","potentialAction":[{"@type":"ReadAction","target":["https:\/\/www.matrix4design.com\/it\/architettura\/il-senso-di-essere-architetti-matrix4design-incontra-obr-2013-open-building-research\/"]}]},{"@type":"ImageObject","inLanguage":"it-IT","@id":"https:\/\/www.matrix4design.com\/it\/architettura\/il-senso-di-essere-architetti-matrix4design-incontra-obr-2013-open-building-research\/#primaryimage","url":"https:\/\/www.matrix4design.com\/wp-content\/uploads\/2020\/03\/OBR_Triennale_2.jpg","contentUrl":"https:\/\/www.matrix4design.com\/wp-content\/uploads\/2020\/03\/OBR_Triennale_2.jpg","width":1200,"height":786},{"@type":"BreadcrumbList","@id":"https:\/\/www.matrix4design.com\/it\/architettura\/il-senso-di-essere-architetti-matrix4design-incontra-obr-2013-open-building-research\/#breadcrumb","itemListElement":[{"@type":"ListItem","position":1,"name":"Home","item":"https:\/\/www.matrix4design.com\/it\/"},{"@type":"ListItem","position":2,"name":"Il senso di essere architetti: Matrix4Design incontra OBR \u2013 Open Building Research"}]},{"@type":"WebSite","@id":"https:\/\/www.matrix4design.com\/it\/#website","url":"https:\/\/www.matrix4design.com\/it\/","name":"Matrix4Design","description":"Digital architecture and design b2b magazine","publisher":{"@id":"https:\/\/www.matrix4design.com\/it\/#organization"},"potentialAction":[{"@type":"SearchAction","target":{"@type":"EntryPoint","urlTemplate":"https:\/\/www.matrix4design.com\/it\/?s={search_term_string}"},"query-input":{"@type":"PropertyValueSpecification","valueRequired":true,"valueName":"search_term_string"}}],"inLanguage":"it-IT"},{"@type":"Organization","@id":"https:\/\/www.matrix4design.com\/it\/#organization","name":"Matrix4Design","url":"https:\/\/www.matrix4design.com\/it\/","logo":{"@type":"ImageObject","inLanguage":"it-IT","@id":"https:\/\/www.matrix4design.com\/it\/#\/schema\/logo\/image\/","url":"https:\/\/www.matrix4design.com\/wp-content\/uploads\/2020\/04\/logo_matrix4design.png","contentUrl":"https:\/\/www.matrix4design.com\/wp-content\/uploads\/2020\/04\/logo_matrix4design.png","width":804,"height":114,"caption":"Matrix4Design"},"image":{"@id":"https:\/\/www.matrix4design.com\/it\/#\/schema\/logo\/image\/"},"sameAs":["https:\/\/www.facebook.com\/matrix4designmagazine\/","https:\/\/www.instagram.com\/matrix4designmagazine\/","https:\/\/www.youtube.com\/channel\/UCtuhSSrP3MOO_URZgv8mQ1A"]},{"@type":"Person","@id":"https:\/\/www.matrix4design.com\/it\/#\/schema\/person\/b2b6dd48f9d6892ca224742379951fa1","name":"Redazione","image":{"@type":"ImageObject","inLanguage":"it-IT","@id":"https:\/\/www.matrix4design.com\/it\/#\/schema\/person\/image\/","url":"https:\/\/www.matrix4design.com\/wp-content\/uploads\/2023\/01\/logo_M4D_2023-96x96.jpg","contentUrl":"https:\/\/www.matrix4design.com\/wp-content\/uploads\/2023\/01\/logo_M4D_2023-96x96.jpg","caption":"Redazione"},"url":"https:\/\/www.matrix4design.com\/it\/author\/redazione\/"}]}},"_links":{"self":[{"href":"https:\/\/www.matrix4design.com\/it\/wp-json\/wp\/v2\/posts\/58327","targetHints":{"allow":["GET"]}}],"collection":[{"href":"https:\/\/www.matrix4design.com\/it\/wp-json\/wp\/v2\/posts"}],"about":[{"href":"https:\/\/www.matrix4design.com\/it\/wp-json\/wp\/v2\/types\/post"}],"author":[{"embeddable":true,"href":"https:\/\/www.matrix4design.com\/it\/wp-json\/wp\/v2\/users\/6"}],"replies":[{"embeddable":true,"href":"https:\/\/www.matrix4design.com\/it\/wp-json\/wp\/v2\/comments?post=58327"}],"version-history":[{"count":1,"href":"https:\/\/www.matrix4design.com\/it\/wp-json\/wp\/v2\/posts\/58327\/revisions"}],"predecessor-version":[{"id":63668,"href":"https:\/\/www.matrix4design.com\/it\/wp-json\/wp\/v2\/posts\/58327\/revisions\/63668"}],"wp:featuredmedia":[{"embeddable":true,"href":"https:\/\/www.matrix4design.com\/it\/wp-json\/wp\/v2\/media\/58328"}],"wp:attachment":[{"href":"https:\/\/www.matrix4design.com\/it\/wp-json\/wp\/v2\/media?parent=58327"}],"wp:term":[{"taxonomy":"category","embeddable":true,"href":"https:\/\/www.matrix4design.com\/it\/wp-json\/wp\/v2\/categories?post=58327"},{"taxonomy":"post_tag","embeddable":true,"href":"https:\/\/www.matrix4design.com\/it\/wp-json\/wp\/v2\/tags?post=58327"}],"curies":[{"name":"wp","href":"https:\/\/api.w.org\/{rel}","templated":true}]}}