{"id":58332,"date":"2019-12-12T00:00:00","date_gmt":"2019-12-12T00:00:00","guid":{"rendered":""},"modified":"2020-03-26T10:52:50","modified_gmt":"2020-03-26T10:52:50","slug":"in-cibum-il-progetto-201cumanista201d-della-scuola-gastronomica-a-salerno","status":"publish","type":"post","link":"https:\/\/www.matrix4design.com\/it\/architettura\/in-cibum-il-progetto-201cumanista201d-della-scuola-gastronomica-a-salerno\/","title":{"rendered":"In cibum, il progetto \u201cumanista\u201d della Scuola Gastronomica a Salerno"},"content":{"rendered":"<p><body>                   <\/p>\n<div id=\"main-text\">\n<p><b><i>In Cibum \u2013 Scuola di Alta Formazione Gastronomica<\/i><\/b> \u00e8 il progetto nato a Pontecagnano, in provincia di Salerno, per iniziativa della societ\u00e0 FTMS Group, leader nella formazione e nella ricerca di personale in Italia, con l\u2019obiettivo di far convergere gli attori del mondo della gastronomia e del settore agroalimentare in un unico contesto.<\/p>\n<p>Il progetto architettonico e strutturale \u00e8 stato affidato all\u2019architetto <b>Sabrina Masala<\/b>, depositaria di una grande esperienza negli spazi legati al tema <i>food<\/i>, la quale ha scelto di creare uno spazio lavorativo in cui la percezione \u00e8 quella di <b>un sistema fortemente antropocentrico<\/b>, in sintonia con il concept di altri opifici nella zona.<\/p>\n<p><img decoding=\"async\" src=\"https:\/\/www.matrix4design.com\/wp-content\/uploads\/2020\/03\/Formamentis_fotoesterni5.JPG\" alt=\"\" class=\"image-inline\" title=\"\"><\/p>\n<p>Il progetto di FMTS Group parte del resto proprio dalla preesistenza di <b>una scatola prefabbricata<\/b> tra le tante presenti nelle periferie industriali campane, realizzata in origine come opificio industriale e apparentemente definito e vincolante.<\/p>\n<p>In questo contesto \u00e8 stato creato un progetto di elegante<b> multifunzionalit\u00e0<\/b>, per una importante azione comunicativa, in cui il piano degli esterni \u00e8 stato centrato su quello degli interni per aumentare la percezione degli operatori, comprendendo i locali tecnici, gli uffici, la struttura interna ed esterna, fino al giardino.<\/p>\n<p><img decoding=\"async\" src=\"https:\/\/www.matrix4design.com\/wp-content\/uploads\/2020\/03\/Formamentis_fotoesterni1.jpg\" alt=\"\" class=\"image-inline\" title=\"\"><\/p>\n<p>L&#8217;edificio \u00e8 costituito da <b>tre piani<\/b> e in particolare il piano terra di 1000mq \u00e8 stato pensato per ospitare <b>la scuola di cucina<\/b>: \u00e8 suddiviso in 5 ampie aree, oltre alle aree accessorie, e l\u2019area scuola pizzeria \u00e8 prospiciente al giardino con la miglior prospettiva esterna, per compensare la maggior semplicit\u00e0 del processo ed esaltare la naturalit\u00e0 del prodotto; tre tipologie di forni permettono differenti esecuzioni in uno spazio ampio con un\u2019area degustazione separata, esposta anch\u2019essa sul giardino.<\/p>\n<p>Dall\u2019area degustazione ci si affaccia all\u2019ampia cucina in cui possono operare almeno 25 persone: su questa area affaccia<b> l\u2019elegantissimo auditorium da 80 posti<\/b>, realizzato in legno chiaro e dotato di ogni supporto multimediale.<\/p>\n<p><img decoding=\"async\" src=\"https:\/\/www.matrix4design.com\/wp-content\/uploads\/2020\/03\/Formamentis_fotoesterni4.jpg\" alt=\"\" class=\"image-inline\" title=\"\"><\/p>\n<p>Intorno ai 100mq in cui sar\u00e0 realizzato <b>un orto artificiale<\/b>, c\u2019\u00e8 poi l\u2019area per la scuola di cucina professionalizzante centrata sui prodotti naturali e dotata di tutta l\u2019ultima tecnologia <b>Electrolux<\/b>, forni, piani a induzione, cappe circolari e il prestigioso monoblocco Molteni.<\/p>\n<p>La zona per <b>la scuola di pasticceria <\/b>\u00e8 invece concepita con lo spirito di guidare gli allievi a un concept di formazione simile a quello della farmacia: l\u2019ambiente \u00e8 pi\u00f9 rigoroso, insonorizzato, concentrato.<\/p>\n<p><img decoding=\"async\" src=\"https:\/\/www.matrix4design.com\/wp-content\/uploads\/2020\/03\/Formamentis_fotosalariunioni2.jpg\" alt=\"\" class=\"image-inline\" title=\"\"><\/p>\n<p>Il <b>secondo piano<\/b> \u00e8 pensato per le attivit\u00e0 formative aziendali e gli spin off e il rigore e la monoliticit\u00e0 degli stili sono gli stessi degli altri due piani, mentre il <b>terzo piano <\/b>\u00e8 centrato sui dipendenti e quindi \u00e8 il pi\u00f9 luminoso, pur essendo in un capannone, e sfrutta al meglio le soluzioni vetrate: in generale, <b>gli ambienti sono ampi e acusticamente insonorizzati e ben illuminati<\/b>.<\/p>\n<p>Oltre 150 mq sono inoltre dedicati a una <b>nursery <\/b>per bambini e a un\u2019area ricreativa, a cui si aggiungono i 100 mq della <b>palestra<\/b> equipaggiata Tecnogym.<\/p>\n<p><img decoding=\"async\" src=\"https:\/\/www.matrix4design.com\/wp-content\/uploads\/2020\/03\/formamentis_fotoesternisera.jpg\" alt=\"\" class=\"image-inline\" title=\"\"><\/p>\n<p>Una splendida area con <b>una tenda curva realizzata da infinite catene colorate<\/b> separa, senza dividere, lo spazio riunioni con l\u2019ampia facciata tutto vetro che affaccia sul giardino in erba: a questo proposito gli esterni si caratterizzano per il colore non banale che ricorda <b>le tinte calde del Sud<\/b> (dei mattoni del tabacchificio di Eboli e della terra di Battipaglia), in aggiunta al<b> legno<\/b> che conferisce una forma sinuosa alla scatola originaria; in origine infatti l\u2019azienda doveva essere una falegnameria e l\u2019uso del legno nell\u2019esterno e nella decorazione nell\u2018interno lo rende percepibile.<\/p>\n<p>Il risultato del progetto \u00e8 una struttura al tempo stesso <b>innovativa e profondamente \u201cumana\u201d<\/b>, dove i professionisti possono lavorare con la massima efficienza senza rinunciare al comfort e alla possibilit\u00e0 di coltivare la loro autentica personalit\u00e0 umana e professionale.<\/p>\n<p><em>Fotografie di Formamentis.<\/em><\/p>\n<\/div>\n<p>                   <!--                                   \n\n<div id=\"load-section\">                                     \n\n<div class=\"load-bar\">                                       <span>Load More<\/span>                                     <\/div>\n\n                                   <\/div>\n\n                   -->                                                       <br \/><\/body><\/p>\n","protected":false},"excerpt":{"rendered":"<p>In Cibum \u2013 Scuola di Alta Formazione Gastronomica \u00e8 il progetto nato a Pontecagnano, in provincia di Salerno, per iniziativa della societ\u00e0 FTMS Group, leader nella formazione e nella ricerca di personale in Italia, con l\u2019obiettivo di far convergere gli attori del mondo della gastronomia e del settore agroalimentare in un unico contesto. Il progetto [&hellip;]<\/p>\n","protected":false},"author":6,"featured_media":58333,"comment_status":"open","ping_status":"open","sticky":false,"template":"","format":"standard","meta":{"_acf_changed":false,"footnotes":""},"categories":[367],"tags":[37,322,57],"class_list":{"0":"post-58332","1":"post","2":"type-post","3":"status-publish","4":"format-standard","5":"has-post-thumbnail","7":"category-architettura","8":"tag-architettura","9":"tag-cersaie-2019","10":"tag-design"},"acf":[],"yoast_head":"<!-- This site is optimized with the Yoast SEO plugin v27.0 - https:\/\/yoast.com\/product\/yoast-seo-wordpress\/ -->\n<title>In cibum, il progetto \u201cumanista\u201d della Scuola Gastronomica a Salerno<\/title>\n<meta name=\"description\" content=\"L\u2019architetto Sabrina Masala ha curato il progetto della Scuola di Alta Formazione Gastronomica voluta da FTMS Group.\" \/>\n<meta name=\"robots\" content=\"index, follow, max-snippet:-1, max-image-preview:large, max-video-preview:-1\" \/>\n<link rel=\"canonical\" href=\"https:\/\/www.matrix4design.com\/it\/architettura\/in-cibum-il-progetto-201cumanista201d-della-scuola-gastronomica-a-salerno\/\" \/>\n<meta property=\"og:locale\" content=\"it_IT\" \/>\n<meta property=\"og:type\" content=\"article\" \/>\n<meta property=\"og:title\" content=\"In cibum, il progetto \u201cumanista\u201d della Scuola Gastronomica a Salerno\" \/>\n<meta property=\"og:description\" content=\"L\u2019architetto Sabrina Masala ha curato il progetto della Scuola di Alta Formazione Gastronomica voluta da FTMS Group.\" \/>\n<meta property=\"og:url\" content=\"https:\/\/www.matrix4design.com\/it\/architettura\/in-cibum-il-progetto-201cumanista201d-della-scuola-gastronomica-a-salerno\/\" \/>\n<meta property=\"og:site_name\" content=\"Matrix4Design\" \/>\n<meta property=\"article:publisher\" content=\"https:\/\/www.facebook.com\/matrix4designmagazine\/\" \/>\n<meta property=\"article:published_time\" content=\"2019-12-12T00:00:00+00:00\" \/>\n<meta property=\"article:modified_time\" content=\"2020-03-26T10:52:50+00:00\" \/>\n<meta property=\"og:image\" content=\"https:\/\/www.matrix4design.com\/wp-content\/uploads\/2020\/03\/Formamentis_fotoesterni5.JPG\" \/>\n\t<meta property=\"og:image:width\" content=\"1200\" \/>\n\t<meta property=\"og:image:height\" content=\"900\" \/>\n\t<meta property=\"og:image:type\" content=\"image\/jpeg\" \/>\n<meta name=\"author\" content=\"Redazione\" \/>\n<meta name=\"twitter:card\" content=\"summary_large_image\" \/>\n<meta name=\"twitter:label1\" content=\"Scritto da\" \/>\n\t<meta name=\"twitter:data1\" content=\"Redazione\" \/>\n\t<meta name=\"twitter:label2\" content=\"Tempo di lettura stimato\" \/>\n\t<meta name=\"twitter:data2\" content=\"3 minuti\" \/>\n<script type=\"application\/ld+json\" class=\"yoast-schema-graph\">{\"@context\":\"https:\/\/schema.org\",\"@graph\":[{\"@type\":\"Article\",\"@id\":\"https:\/\/www.matrix4design.com\/it\/architettura\/in-cibum-il-progetto-201cumanista201d-della-scuola-gastronomica-a-salerno\/#article\",\"isPartOf\":{\"@id\":\"https:\/\/www.matrix4design.com\/it\/architettura\/in-cibum-il-progetto-201cumanista201d-della-scuola-gastronomica-a-salerno\/\"},\"author\":{\"name\":\"Redazione\",\"@id\":\"https:\/\/www.matrix4design.com\/it\/#\/schema\/person\/b2b6dd48f9d6892ca224742379951fa1\"},\"headline\":\"In cibum, il progetto \u201cumanista\u201d della Scuola Gastronomica a Salerno\",\"datePublished\":\"2019-12-12T00:00:00+00:00\",\"dateModified\":\"2020-03-26T10:52:50+00:00\",\"mainEntityOfPage\":{\"@id\":\"https:\/\/www.matrix4design.com\/it\/architettura\/in-cibum-il-progetto-201cumanista201d-della-scuola-gastronomica-a-salerno\/\"},\"wordCount\":606,\"commentCount\":0,\"publisher\":{\"@id\":\"https:\/\/www.matrix4design.com\/it\/#organization\"},\"image\":{\"@id\":\"https:\/\/www.matrix4design.com\/it\/architettura\/in-cibum-il-progetto-201cumanista201d-della-scuola-gastronomica-a-salerno\/#primaryimage\"},\"thumbnailUrl\":\"https:\/\/www.matrix4design.com\/wp-content\/uploads\/2020\/03\/Formamentis_fotoesterni5.JPG\",\"keywords\":[\"Architettura\",\"Cersaie 2019\",\"Design\"],\"articleSection\":[\"Architettura\"],\"inLanguage\":\"it-IT\"},{\"@type\":\"WebPage\",\"@id\":\"https:\/\/www.matrix4design.com\/it\/architettura\/in-cibum-il-progetto-201cumanista201d-della-scuola-gastronomica-a-salerno\/\",\"url\":\"https:\/\/www.matrix4design.com\/it\/architettura\/in-cibum-il-progetto-201cumanista201d-della-scuola-gastronomica-a-salerno\/\",\"name\":\"In cibum, il progetto \u201cumanista\u201d della Scuola Gastronomica a Salerno\",\"isPartOf\":{\"@id\":\"https:\/\/www.matrix4design.com\/it\/#website\"},\"primaryImageOfPage\":{\"@id\":\"https:\/\/www.matrix4design.com\/it\/architettura\/in-cibum-il-progetto-201cumanista201d-della-scuola-gastronomica-a-salerno\/#primaryimage\"},\"image\":{\"@id\":\"https:\/\/www.matrix4design.com\/it\/architettura\/in-cibum-il-progetto-201cumanista201d-della-scuola-gastronomica-a-salerno\/#primaryimage\"},\"thumbnailUrl\":\"https:\/\/www.matrix4design.com\/wp-content\/uploads\/2020\/03\/Formamentis_fotoesterni5.JPG\",\"datePublished\":\"2019-12-12T00:00:00+00:00\",\"dateModified\":\"2020-03-26T10:52:50+00:00\",\"description\":\"L\u2019architetto Sabrina Masala ha curato il progetto della Scuola di Alta Formazione Gastronomica voluta da FTMS Group.\",\"breadcrumb\":{\"@id\":\"https:\/\/www.matrix4design.com\/it\/architettura\/in-cibum-il-progetto-201cumanista201d-della-scuola-gastronomica-a-salerno\/#breadcrumb\"},\"inLanguage\":\"it-IT\",\"potentialAction\":[{\"@type\":\"ReadAction\",\"target\":[\"https:\/\/www.matrix4design.com\/it\/architettura\/in-cibum-il-progetto-201cumanista201d-della-scuola-gastronomica-a-salerno\/\"]}]},{\"@type\":\"ImageObject\",\"inLanguage\":\"it-IT\",\"@id\":\"https:\/\/www.matrix4design.com\/it\/architettura\/in-cibum-il-progetto-201cumanista201d-della-scuola-gastronomica-a-salerno\/#primaryimage\",\"url\":\"https:\/\/www.matrix4design.com\/wp-content\/uploads\/2020\/03\/Formamentis_fotoesterni5.JPG\",\"contentUrl\":\"https:\/\/www.matrix4design.com\/wp-content\/uploads\/2020\/03\/Formamentis_fotoesterni5.JPG\",\"width\":1200,\"height\":900},{\"@type\":\"BreadcrumbList\",\"@id\":\"https:\/\/www.matrix4design.com\/it\/architettura\/in-cibum-il-progetto-201cumanista201d-della-scuola-gastronomica-a-salerno\/#breadcrumb\",\"itemListElement\":[{\"@type\":\"ListItem\",\"position\":1,\"name\":\"Home\",\"item\":\"https:\/\/www.matrix4design.com\/it\/\"},{\"@type\":\"ListItem\",\"position\":2,\"name\":\"In cibum, il progetto \u201cumanista\u201d della Scuola Gastronomica a Salerno\"}]},{\"@type\":\"WebSite\",\"@id\":\"https:\/\/www.matrix4design.com\/it\/#website\",\"url\":\"https:\/\/www.matrix4design.com\/it\/\",\"name\":\"Matrix4Design\",\"description\":\"Digital architecture and design b2b magazine\",\"publisher\":{\"@id\":\"https:\/\/www.matrix4design.com\/it\/#organization\"},\"potentialAction\":[{\"@type\":\"SearchAction\",\"target\":{\"@type\":\"EntryPoint\",\"urlTemplate\":\"https:\/\/www.matrix4design.com\/it\/?s={search_term_string}\"},\"query-input\":{\"@type\":\"PropertyValueSpecification\",\"valueRequired\":true,\"valueName\":\"search_term_string\"}}],\"inLanguage\":\"it-IT\"},{\"@type\":\"Organization\",\"@id\":\"https:\/\/www.matrix4design.com\/it\/#organization\",\"name\":\"Matrix4Design\",\"url\":\"https:\/\/www.matrix4design.com\/it\/\",\"logo\":{\"@type\":\"ImageObject\",\"inLanguage\":\"it-IT\",\"@id\":\"https:\/\/www.matrix4design.com\/it\/#\/schema\/logo\/image\/\",\"url\":\"https:\/\/www.matrix4design.com\/wp-content\/uploads\/2020\/04\/logo_matrix4design.png\",\"contentUrl\":\"https:\/\/www.matrix4design.com\/wp-content\/uploads\/2020\/04\/logo_matrix4design.png\",\"width\":804,\"height\":114,\"caption\":\"Matrix4Design\"},\"image\":{\"@id\":\"https:\/\/www.matrix4design.com\/it\/#\/schema\/logo\/image\/\"},\"sameAs\":[\"https:\/\/www.facebook.com\/matrix4designmagazine\/\",\"https:\/\/www.instagram.com\/matrix4designmagazine\/\",\"https:\/\/www.youtube.com\/channel\/UCtuhSSrP3MOO_URZgv8mQ1A\"]},{\"@type\":\"Person\",\"@id\":\"https:\/\/www.matrix4design.com\/it\/#\/schema\/person\/b2b6dd48f9d6892ca224742379951fa1\",\"name\":\"Redazione\",\"image\":{\"@type\":\"ImageObject\",\"inLanguage\":\"it-IT\",\"@id\":\"https:\/\/www.matrix4design.com\/it\/#\/schema\/person\/image\/\",\"url\":\"https:\/\/www.matrix4design.com\/wp-content\/uploads\/2023\/01\/logo_M4D_2023-96x96.jpg\",\"contentUrl\":\"https:\/\/www.matrix4design.com\/wp-content\/uploads\/2023\/01\/logo_M4D_2023-96x96.jpg\",\"caption\":\"Redazione\"},\"url\":\"https:\/\/www.matrix4design.com\/it\/author\/redazione\/\"}]}<\/script>\n<!-- \/ Yoast SEO plugin. -->","yoast_head_json":{"title":"In cibum, il progetto \u201cumanista\u201d della Scuola Gastronomica a Salerno","description":"L\u2019architetto Sabrina Masala ha curato il progetto della Scuola di Alta Formazione Gastronomica voluta da FTMS Group.","robots":{"index":"index","follow":"follow","max-snippet":"max-snippet:-1","max-image-preview":"max-image-preview:large","max-video-preview":"max-video-preview:-1"},"canonical":"https:\/\/www.matrix4design.com\/it\/architettura\/in-cibum-il-progetto-201cumanista201d-della-scuola-gastronomica-a-salerno\/","og_locale":"it_IT","og_type":"article","og_title":"In cibum, il progetto \u201cumanista\u201d della Scuola Gastronomica a Salerno","og_description":"L\u2019architetto Sabrina Masala ha curato il progetto della Scuola di Alta Formazione Gastronomica voluta da FTMS Group.","og_url":"https:\/\/www.matrix4design.com\/it\/architettura\/in-cibum-il-progetto-201cumanista201d-della-scuola-gastronomica-a-salerno\/","og_site_name":"Matrix4Design","article_publisher":"https:\/\/www.facebook.com\/matrix4designmagazine\/","article_published_time":"2019-12-12T00:00:00+00:00","article_modified_time":"2020-03-26T10:52:50+00:00","og_image":[{"width":1200,"height":900,"url":"https:\/\/www.matrix4design.com\/wp-content\/uploads\/2020\/03\/Formamentis_fotoesterni5.JPG","type":"image\/jpeg"}],"author":"Redazione","twitter_card":"summary_large_image","twitter_misc":{"Scritto da":"Redazione","Tempo di lettura stimato":"3 minuti"},"schema":{"@context":"https:\/\/schema.org","@graph":[{"@type":"Article","@id":"https:\/\/www.matrix4design.com\/it\/architettura\/in-cibum-il-progetto-201cumanista201d-della-scuola-gastronomica-a-salerno\/#article","isPartOf":{"@id":"https:\/\/www.matrix4design.com\/it\/architettura\/in-cibum-il-progetto-201cumanista201d-della-scuola-gastronomica-a-salerno\/"},"author":{"name":"Redazione","@id":"https:\/\/www.matrix4design.com\/it\/#\/schema\/person\/b2b6dd48f9d6892ca224742379951fa1"},"headline":"In cibum, il progetto \u201cumanista\u201d della Scuola Gastronomica a Salerno","datePublished":"2019-12-12T00:00:00+00:00","dateModified":"2020-03-26T10:52:50+00:00","mainEntityOfPage":{"@id":"https:\/\/www.matrix4design.com\/it\/architettura\/in-cibum-il-progetto-201cumanista201d-della-scuola-gastronomica-a-salerno\/"},"wordCount":606,"commentCount":0,"publisher":{"@id":"https:\/\/www.matrix4design.com\/it\/#organization"},"image":{"@id":"https:\/\/www.matrix4design.com\/it\/architettura\/in-cibum-il-progetto-201cumanista201d-della-scuola-gastronomica-a-salerno\/#primaryimage"},"thumbnailUrl":"https:\/\/www.matrix4design.com\/wp-content\/uploads\/2020\/03\/Formamentis_fotoesterni5.JPG","keywords":["Architettura","Cersaie 2019","Design"],"articleSection":["Architettura"],"inLanguage":"it-IT"},{"@type":"WebPage","@id":"https:\/\/www.matrix4design.com\/it\/architettura\/in-cibum-il-progetto-201cumanista201d-della-scuola-gastronomica-a-salerno\/","url":"https:\/\/www.matrix4design.com\/it\/architettura\/in-cibum-il-progetto-201cumanista201d-della-scuola-gastronomica-a-salerno\/","name":"In cibum, il progetto \u201cumanista\u201d della Scuola Gastronomica a Salerno","isPartOf":{"@id":"https:\/\/www.matrix4design.com\/it\/#website"},"primaryImageOfPage":{"@id":"https:\/\/www.matrix4design.com\/it\/architettura\/in-cibum-il-progetto-201cumanista201d-della-scuola-gastronomica-a-salerno\/#primaryimage"},"image":{"@id":"https:\/\/www.matrix4design.com\/it\/architettura\/in-cibum-il-progetto-201cumanista201d-della-scuola-gastronomica-a-salerno\/#primaryimage"},"thumbnailUrl":"https:\/\/www.matrix4design.com\/wp-content\/uploads\/2020\/03\/Formamentis_fotoesterni5.JPG","datePublished":"2019-12-12T00:00:00+00:00","dateModified":"2020-03-26T10:52:50+00:00","description":"L\u2019architetto Sabrina Masala ha curato il progetto della Scuola di Alta Formazione Gastronomica voluta da FTMS Group.","breadcrumb":{"@id":"https:\/\/www.matrix4design.com\/it\/architettura\/in-cibum-il-progetto-201cumanista201d-della-scuola-gastronomica-a-salerno\/#breadcrumb"},"inLanguage":"it-IT","potentialAction":[{"@type":"ReadAction","target":["https:\/\/www.matrix4design.com\/it\/architettura\/in-cibum-il-progetto-201cumanista201d-della-scuola-gastronomica-a-salerno\/"]}]},{"@type":"ImageObject","inLanguage":"it-IT","@id":"https:\/\/www.matrix4design.com\/it\/architettura\/in-cibum-il-progetto-201cumanista201d-della-scuola-gastronomica-a-salerno\/#primaryimage","url":"https:\/\/www.matrix4design.com\/wp-content\/uploads\/2020\/03\/Formamentis_fotoesterni5.JPG","contentUrl":"https:\/\/www.matrix4design.com\/wp-content\/uploads\/2020\/03\/Formamentis_fotoesterni5.JPG","width":1200,"height":900},{"@type":"BreadcrumbList","@id":"https:\/\/www.matrix4design.com\/it\/architettura\/in-cibum-il-progetto-201cumanista201d-della-scuola-gastronomica-a-salerno\/#breadcrumb","itemListElement":[{"@type":"ListItem","position":1,"name":"Home","item":"https:\/\/www.matrix4design.com\/it\/"},{"@type":"ListItem","position":2,"name":"In cibum, il progetto \u201cumanista\u201d della Scuola Gastronomica a Salerno"}]},{"@type":"WebSite","@id":"https:\/\/www.matrix4design.com\/it\/#website","url":"https:\/\/www.matrix4design.com\/it\/","name":"Matrix4Design","description":"Digital architecture and design b2b magazine","publisher":{"@id":"https:\/\/www.matrix4design.com\/it\/#organization"},"potentialAction":[{"@type":"SearchAction","target":{"@type":"EntryPoint","urlTemplate":"https:\/\/www.matrix4design.com\/it\/?s={search_term_string}"},"query-input":{"@type":"PropertyValueSpecification","valueRequired":true,"valueName":"search_term_string"}}],"inLanguage":"it-IT"},{"@type":"Organization","@id":"https:\/\/www.matrix4design.com\/it\/#organization","name":"Matrix4Design","url":"https:\/\/www.matrix4design.com\/it\/","logo":{"@type":"ImageObject","inLanguage":"it-IT","@id":"https:\/\/www.matrix4design.com\/it\/#\/schema\/logo\/image\/","url":"https:\/\/www.matrix4design.com\/wp-content\/uploads\/2020\/04\/logo_matrix4design.png","contentUrl":"https:\/\/www.matrix4design.com\/wp-content\/uploads\/2020\/04\/logo_matrix4design.png","width":804,"height":114,"caption":"Matrix4Design"},"image":{"@id":"https:\/\/www.matrix4design.com\/it\/#\/schema\/logo\/image\/"},"sameAs":["https:\/\/www.facebook.com\/matrix4designmagazine\/","https:\/\/www.instagram.com\/matrix4designmagazine\/","https:\/\/www.youtube.com\/channel\/UCtuhSSrP3MOO_URZgv8mQ1A"]},{"@type":"Person","@id":"https:\/\/www.matrix4design.com\/it\/#\/schema\/person\/b2b6dd48f9d6892ca224742379951fa1","name":"Redazione","image":{"@type":"ImageObject","inLanguage":"it-IT","@id":"https:\/\/www.matrix4design.com\/it\/#\/schema\/person\/image\/","url":"https:\/\/www.matrix4design.com\/wp-content\/uploads\/2023\/01\/logo_M4D_2023-96x96.jpg","contentUrl":"https:\/\/www.matrix4design.com\/wp-content\/uploads\/2023\/01\/logo_M4D_2023-96x96.jpg","caption":"Redazione"},"url":"https:\/\/www.matrix4design.com\/it\/author\/redazione\/"}]}},"_links":{"self":[{"href":"https:\/\/www.matrix4design.com\/it\/wp-json\/wp\/v2\/posts\/58332","targetHints":{"allow":["GET"]}}],"collection":[{"href":"https:\/\/www.matrix4design.com\/it\/wp-json\/wp\/v2\/posts"}],"about":[{"href":"https:\/\/www.matrix4design.com\/it\/wp-json\/wp\/v2\/types\/post"}],"author":[{"embeddable":true,"href":"https:\/\/www.matrix4design.com\/it\/wp-json\/wp\/v2\/users\/6"}],"replies":[{"embeddable":true,"href":"https:\/\/www.matrix4design.com\/it\/wp-json\/wp\/v2\/comments?post=58332"}],"version-history":[{"count":1,"href":"https:\/\/www.matrix4design.com\/it\/wp-json\/wp\/v2\/posts\/58332\/revisions"}],"predecessor-version":[{"id":63124,"href":"https:\/\/www.matrix4design.com\/it\/wp-json\/wp\/v2\/posts\/58332\/revisions\/63124"}],"wp:featuredmedia":[{"embeddable":true,"href":"https:\/\/www.matrix4design.com\/it\/wp-json\/wp\/v2\/media\/58333"}],"wp:attachment":[{"href":"https:\/\/www.matrix4design.com\/it\/wp-json\/wp\/v2\/media?parent=58332"}],"wp:term":[{"taxonomy":"category","embeddable":true,"href":"https:\/\/www.matrix4design.com\/it\/wp-json\/wp\/v2\/categories?post=58332"},{"taxonomy":"post_tag","embeddable":true,"href":"https:\/\/www.matrix4design.com\/it\/wp-json\/wp\/v2\/tags?post=58332"}],"curies":[{"name":"wp","href":"https:\/\/api.w.org\/{rel}","templated":true}]}}