{"id":59131,"date":"2019-03-07T00:00:00","date_gmt":"2019-03-07T00:00:00","guid":{"rendered":""},"modified":"2020-03-26T10:53:36","modified_gmt":"2020-03-26T10:53:36","slug":"milano-design-week-2019-hotel-regeneration-torna-a-lambrate","status":"publish","type":"post","link":"https:\/\/www.matrix4design.com\/it\/architettura\/milano-design-week-2019-hotel-regeneration-torna-a-lambrate\/","title":{"rendered":"Milano Design Week 2019, Hotel Regeneration torna a Lambrate"},"content":{"rendered":"<p><body>                   <\/p>\n<div id=\"main-text\">\n<p>In occasione della Milano Design Week 2019, <b>Hotel Regeneration<\/b> torna al <b>Lambrate Design District<\/b> negli spazi di <b>OfficinaVentura14<\/b>: quest\u2019anno <b>la pi\u00f9 grande e coinvolgente mostra\/agor\u00e0 dedicata al contract diventa ancora pi\u00f9 \u201csocial\u201d<\/b> e getta le basi di un innovativo concept che intende offrire al suo visitatore <b>un\u2019esperienza inclusiva, fruibile a 360 gradi<\/b>, basata sulla triade <b>social space | social life | social time<\/b>.&nbsp;<\/p>\n<p><b><i>Hospitality, smart technology<\/i> ed avanguardia progettuale <\/b>si fondono insieme dando vita ad un happening di grande valore espressivo e contenutistico in cui gli ambienti che usualmente compongono la struttura alberghiera assumono forme inaspettate, basate sulle mutate esigenze dell\u2019uomo contemporaneo e volte a favorire l\u2019interazione, lo scambio di informazione, l\u2019ibridazione delle funzioni; l\u2019idea di essere social, di comunicare, pervade l\u2019intero spazio dando vita a nuove modalit\u00e0 di pensiero e di movimento per gli ospiti.<\/p>\n<p>Hotel Regeneration, quindi, si con\ufb01gurer\u00e0 anche come<b> un contenitore frizzante e innovativo di eventi, conference, performance e meeting<\/b> in cui interverranno i maggiori operatori dei settori dell\u2019ospitalit\u00e0, del <i>contract<\/i> e del <i>real estate<\/i> attuale.<\/p>\n<p><img decoding=\"async\" src=\"https:\/\/www.matrix4design.com\/wp-content\/uploads\/2020\/03\/LDD21.jpg\" alt=\"\" class=\"image-inline\" title=\"\"><\/p>\n<p>Tra le novit\u00e0 del 2019 un panel convegnistico con l\u2019intervento delle pi\u00f9 alte cariche governative e associative illustrer\u00e0 i programmi futuri del comparto; ci sar\u00e0 una forte presenza di rappresentanti internazionali, grazie alla partnership con la tedesca <b>PKF hotelexperts<\/b>; investimenti, numeri di mercato e trend saranno in\ufb01ne gli altri argomenti oggetto di dibattito nel palinsesto degli incontri.<\/p>\n<p>Tutti gli elementi che compongono lo spazio disegnati da <strong>Simone Micheli<\/strong> si presentano come snodi fondamentali di <b>un unico network principale<\/b>, cuore pulsante dell\u2019installazione, che catalizza l\u2019attenzione e guida le differenti risposte spaziali e funzionali sulla base dell\u2019interazione live che avviene con i visitatori della mostra.<\/p>\n<p>Nove aree principali comporranno lo spazio e permetteranno al visitatore di accedere ad uno spaccato circa il prossimo futuro dell\u2019ospitalit\u00e0: <b>Love Life<\/b> \u00e8 una suite dedicata all\u2019amore ed alla condivisione, <b>Purity Time<\/b> al benessere; <b>Moon Space<\/b> rivela l\u2019enfasi di un ambiente outdoor, <b>Cozy Time <\/b>\u00e8 il luogo dedicato alla cultura ed al nutrimento della mente,&nbsp; <b>Creative Life<\/b> \u00e8 un appartamento, che stimola il pensiero e la voglia di fare insieme, <b>Balance Space<\/b> \u00e8 una dinamica ed accogliente hall, <b>Double Time<\/b> \u00e8 un luogo che combina l\u2019atmosfera di rilassamento sensoriale dell\u2019area notte con il networking e l\u2019incontro.&nbsp;<\/p>\n<p>Ancora, <b>Refresh Space<\/b> \u00e8 l\u2019area bar volta a rigenerare mente e corpo, mentre l\u2019avanguardistico recupero della zona bagno si trasforma in una vera e propria opera permanente \ufb01rmata dall\u2019architetto Simone Micheli per Of\ufb01cina Ventura 14, destinata a restare anche dopo la settimana del design; completano lo spazio <b>Social Space<\/b> e <b>Social Life<\/b>, luoghi volti al business, al networking e ad esaltare il valore delle eccellenti aziende e delle realt\u00e0 partner dell\u2019iniziativa; <b>Social Time<\/b> \u00e8 il nome della <em>conference area<\/em> dedicata agli <em>speech<\/em>, allo scambio di pensieri, al dialogo; infine, all\u2019ingresso <b>Hello Time<\/b> \u00e8 il desk che accoglier\u00e0 gli ospiti e fornir\u00e0 loro tutte le informazioni necessarie alla visita.<\/p>\n<p><img decoding=\"async\" src=\"https:\/\/www.matrix4design.com\/wp-content\/uploads\/2020\/03\/LDD65.jpg\" alt=\"\" class=\"image-inline\" title=\"\"><\/p>\n<p>Tutte le aree sono \ufb01rmate dall\u2019architetto Simone Micheli e realizzate con <b>prodotti <i>tailor-made<\/i><\/b> &#8211; ciascuna guidata dalla \ufb01loso\ufb01a primaria del brand che promuove la sua realizzazione con l\u2019obiettivo di costruire, insieme, una struttura in cui il visitatore usufruisce totalmente di ci\u00f2 che si trova di fronte: sperimenta gli arredi, testa gli oggetti, gioca con le funzioni ed esprime la sua opinione, indispensabile per il compimento dell\u2019opera, proprio come nel web 2.0.<\/p>\n<p>La tematica social attraversa l\u2019intera installazione assumendo aspetti diversi in base alle differenti applicazioni e costituendo il \ufb01lo rosso che lega l\u2019impianto progettuale all\u2019approccio espositivo: coinvolgendo il visitatore e promuovendo la creazione di esperienze totalizzanti con l\u2019intento di dare vita ad un\u2019intesa eterea ma salda e duratura, indispensabile alla buona riuscita di ogni incontro, meeting di lavoro, evento.<\/p>\n<p>In conclusione, grazie anche alla preziosa collaborazione di <b>Hotel &amp; Tourism Forum<\/b>, Hotel Regeneration si presenta al suo pubblico come luogo dinamico in cui domanda ed offerta si incontrano e mostrano al pubblico il risultato della loro collaborazione.<\/p>\n<p>Le porte si apriranno <b>luned\u00ec 8 aprile<\/b> con l\u201911esima edizione dell\u2019<b>Hospitality Award<\/b>, riconoscimento volto a premiare le eccellenze del mondo turistico e ricettivo. Ci vediamo l\u00ec.<\/p>\n<\/div>\n<p>                   <!--                                   \n\n<div id=\"load-section\">                                     \n\n<div class=\"load-bar\">                                       <span>Load More<\/span>                                     <\/div>\n\n                                   <\/div>\n\n                   -->                                                       <br \/><\/body><\/p>\n","protected":false},"excerpt":{"rendered":"<p>In occasione della Milano Design Week 2019, Hotel Regeneration torna al Lambrate Design District negli spazi di OfficinaVentura14: quest\u2019anno la pi\u00f9 grande e coinvolgente mostra\/agor\u00e0 dedicata al contract diventa ancora pi\u00f9 \u201csocial\u201d e getta le basi di un innovativo concept che intende offrire al suo visitatore un\u2019esperienza inclusiva, fruibile a 360 gradi, basata sulla triade [&hellip;]<\/p>\n","protected":false},"author":6,"featured_media":54735,"comment_status":"open","ping_status":"open","sticky":false,"template":"","format":"standard","meta":{"_acf_changed":false,"footnotes":""},"categories":[367],"tags":[37,325,318],"class_list":{"0":"post-59131","1":"post","2":"type-post","3":"status-publish","4":"format-standard","5":"has-post-thumbnail","7":"category-architettura","8":"tag-architettura","9":"tag-hotel-regeneration","10":"tag-salone-del-mobile-2019"},"acf":[],"yoast_head":"<!-- This site is optimized with the Yoast SEO plugin v27.0 - https:\/\/yoast.com\/product\/yoast-seo-wordpress\/ -->\n<title>Milano Design Week 2019, Hotel Regeneration torna a Lambrate<\/title>\n<meta name=\"description\" content=\"Alla Milano Design Week Hotel Regeneration, la mostra\/agor\u00e0 ideata da Simone Micheli, ripropone il proprio concept innovativo e diventa ancora pi\u00f9 social.\" \/>\n<meta name=\"robots\" content=\"index, follow, max-snippet:-1, max-image-preview:large, max-video-preview:-1\" \/>\n<link rel=\"canonical\" href=\"https:\/\/www.matrix4design.com\/it\/architettura\/milano-design-week-2019-hotel-regeneration-torna-a-lambrate\/\" \/>\n<meta property=\"og:locale\" content=\"it_IT\" \/>\n<meta property=\"og:type\" content=\"article\" \/>\n<meta property=\"og:title\" content=\"Milano Design Week 2019, Hotel Regeneration torna a Lambrate\" \/>\n<meta property=\"og:description\" content=\"Alla Milano Design Week Hotel Regeneration, la mostra\/agor\u00e0 ideata da Simone Micheli, ripropone il proprio concept innovativo e diventa ancora pi\u00f9 social.\" \/>\n<meta property=\"og:url\" content=\"https:\/\/www.matrix4design.com\/it\/architettura\/milano-design-week-2019-hotel-regeneration-torna-a-lambrate\/\" \/>\n<meta property=\"og:site_name\" content=\"Matrix4Design\" \/>\n<meta property=\"article:publisher\" content=\"https:\/\/www.facebook.com\/matrix4designmagazine\/\" \/>\n<meta property=\"article:published_time\" content=\"2019-03-07T00:00:00+00:00\" \/>\n<meta property=\"article:modified_time\" content=\"2020-03-26T10:53:36+00:00\" \/>\n<meta property=\"og:image\" content=\"https:\/\/www.matrix4design.com\/wp-content\/uploads\/2020\/03\/LDD21.jpg\" \/>\n\t<meta property=\"og:image:width\" content=\"1200\" \/>\n\t<meta property=\"og:image:height\" content=\"800\" \/>\n\t<meta property=\"og:image:type\" content=\"image\/jpeg\" \/>\n<meta name=\"author\" content=\"Redazione\" \/>\n<meta name=\"twitter:card\" content=\"summary_large_image\" \/>\n<meta name=\"twitter:label1\" content=\"Scritto da\" \/>\n\t<meta name=\"twitter:data1\" content=\"Redazione\" \/>\n\t<meta name=\"twitter:label2\" content=\"Tempo di lettura stimato\" \/>\n\t<meta name=\"twitter:data2\" content=\"3 minuti\" \/>\n<script type=\"application\/ld+json\" class=\"yoast-schema-graph\">{\"@context\":\"https:\/\/schema.org\",\"@graph\":[{\"@type\":\"Article\",\"@id\":\"https:\/\/www.matrix4design.com\/it\/architettura\/milano-design-week-2019-hotel-regeneration-torna-a-lambrate\/#article\",\"isPartOf\":{\"@id\":\"https:\/\/www.matrix4design.com\/it\/architettura\/milano-design-week-2019-hotel-regeneration-torna-a-lambrate\/\"},\"author\":{\"name\":\"Redazione\",\"@id\":\"https:\/\/www.matrix4design.com\/it\/#\/schema\/person\/b2b6dd48f9d6892ca224742379951fa1\"},\"headline\":\"Milano Design Week 2019, Hotel Regeneration torna a Lambrate\",\"datePublished\":\"2019-03-07T00:00:00+00:00\",\"dateModified\":\"2020-03-26T10:53:36+00:00\",\"mainEntityOfPage\":{\"@id\":\"https:\/\/www.matrix4design.com\/it\/architettura\/milano-design-week-2019-hotel-regeneration-torna-a-lambrate\/\"},\"wordCount\":703,\"commentCount\":0,\"publisher\":{\"@id\":\"https:\/\/www.matrix4design.com\/it\/#organization\"},\"image\":{\"@id\":\"https:\/\/www.matrix4design.com\/it\/architettura\/milano-design-week-2019-hotel-regeneration-torna-a-lambrate\/#primaryimage\"},\"thumbnailUrl\":\"https:\/\/www.matrix4design.com\/wp-content\/uploads\/2020\/03\/LDD21.jpg\",\"keywords\":[\"Architettura\",\"Hotel Regeneration\",\"Salone del Mobile 2019\"],\"articleSection\":[\"Architettura\"],\"inLanguage\":\"it-IT\"},{\"@type\":\"WebPage\",\"@id\":\"https:\/\/www.matrix4design.com\/it\/architettura\/milano-design-week-2019-hotel-regeneration-torna-a-lambrate\/\",\"url\":\"https:\/\/www.matrix4design.com\/it\/architettura\/milano-design-week-2019-hotel-regeneration-torna-a-lambrate\/\",\"name\":\"Milano Design Week 2019, Hotel Regeneration torna a Lambrate\",\"isPartOf\":{\"@id\":\"https:\/\/www.matrix4design.com\/it\/#website\"},\"primaryImageOfPage\":{\"@id\":\"https:\/\/www.matrix4design.com\/it\/architettura\/milano-design-week-2019-hotel-regeneration-torna-a-lambrate\/#primaryimage\"},\"image\":{\"@id\":\"https:\/\/www.matrix4design.com\/it\/architettura\/milano-design-week-2019-hotel-regeneration-torna-a-lambrate\/#primaryimage\"},\"thumbnailUrl\":\"https:\/\/www.matrix4design.com\/wp-content\/uploads\/2020\/03\/LDD21.jpg\",\"datePublished\":\"2019-03-07T00:00:00+00:00\",\"dateModified\":\"2020-03-26T10:53:36+00:00\",\"description\":\"Alla Milano Design Week Hotel Regeneration, la mostra\/agor\u00e0 ideata da Simone Micheli, ripropone il proprio concept innovativo e diventa ancora pi\u00f9 social.\",\"breadcrumb\":{\"@id\":\"https:\/\/www.matrix4design.com\/it\/architettura\/milano-design-week-2019-hotel-regeneration-torna-a-lambrate\/#breadcrumb\"},\"inLanguage\":\"it-IT\",\"potentialAction\":[{\"@type\":\"ReadAction\",\"target\":[\"https:\/\/www.matrix4design.com\/it\/architettura\/milano-design-week-2019-hotel-regeneration-torna-a-lambrate\/\"]}]},{\"@type\":\"ImageObject\",\"inLanguage\":\"it-IT\",\"@id\":\"https:\/\/www.matrix4design.com\/it\/architettura\/milano-design-week-2019-hotel-regeneration-torna-a-lambrate\/#primaryimage\",\"url\":\"https:\/\/www.matrix4design.com\/wp-content\/uploads\/2020\/03\/LDD21.jpg\",\"contentUrl\":\"https:\/\/www.matrix4design.com\/wp-content\/uploads\/2020\/03\/LDD21.jpg\",\"width\":1200,\"height\":800},{\"@type\":\"BreadcrumbList\",\"@id\":\"https:\/\/www.matrix4design.com\/it\/architettura\/milano-design-week-2019-hotel-regeneration-torna-a-lambrate\/#breadcrumb\",\"itemListElement\":[{\"@type\":\"ListItem\",\"position\":1,\"name\":\"Home\",\"item\":\"https:\/\/www.matrix4design.com\/it\/\"},{\"@type\":\"ListItem\",\"position\":2,\"name\":\"Milano Design Week 2019, Hotel Regeneration torna a Lambrate\"}]},{\"@type\":\"WebSite\",\"@id\":\"https:\/\/www.matrix4design.com\/it\/#website\",\"url\":\"https:\/\/www.matrix4design.com\/it\/\",\"name\":\"Matrix4Design\",\"description\":\"Digital architecture and design b2b magazine\",\"publisher\":{\"@id\":\"https:\/\/www.matrix4design.com\/it\/#organization\"},\"potentialAction\":[{\"@type\":\"SearchAction\",\"target\":{\"@type\":\"EntryPoint\",\"urlTemplate\":\"https:\/\/www.matrix4design.com\/it\/?s={search_term_string}\"},\"query-input\":{\"@type\":\"PropertyValueSpecification\",\"valueRequired\":true,\"valueName\":\"search_term_string\"}}],\"inLanguage\":\"it-IT\"},{\"@type\":\"Organization\",\"@id\":\"https:\/\/www.matrix4design.com\/it\/#organization\",\"name\":\"Matrix4Design\",\"url\":\"https:\/\/www.matrix4design.com\/it\/\",\"logo\":{\"@type\":\"ImageObject\",\"inLanguage\":\"it-IT\",\"@id\":\"https:\/\/www.matrix4design.com\/it\/#\/schema\/logo\/image\/\",\"url\":\"https:\/\/www.matrix4design.com\/wp-content\/uploads\/2020\/04\/logo_matrix4design.png\",\"contentUrl\":\"https:\/\/www.matrix4design.com\/wp-content\/uploads\/2020\/04\/logo_matrix4design.png\",\"width\":804,\"height\":114,\"caption\":\"Matrix4Design\"},\"image\":{\"@id\":\"https:\/\/www.matrix4design.com\/it\/#\/schema\/logo\/image\/\"},\"sameAs\":[\"https:\/\/www.facebook.com\/matrix4designmagazine\/\",\"https:\/\/www.instagram.com\/matrix4designmagazine\/\",\"https:\/\/www.youtube.com\/channel\/UCtuhSSrP3MOO_URZgv8mQ1A\"]},{\"@type\":\"Person\",\"@id\":\"https:\/\/www.matrix4design.com\/it\/#\/schema\/person\/b2b6dd48f9d6892ca224742379951fa1\",\"name\":\"Redazione\",\"image\":{\"@type\":\"ImageObject\",\"inLanguage\":\"it-IT\",\"@id\":\"https:\/\/www.matrix4design.com\/it\/#\/schema\/person\/image\/\",\"url\":\"https:\/\/www.matrix4design.com\/wp-content\/uploads\/2023\/01\/logo_M4D_2023-96x96.jpg\",\"contentUrl\":\"https:\/\/www.matrix4design.com\/wp-content\/uploads\/2023\/01\/logo_M4D_2023-96x96.jpg\",\"caption\":\"Redazione\"},\"url\":\"https:\/\/www.matrix4design.com\/it\/author\/redazione\/\"}]}<\/script>\n<!-- \/ Yoast SEO plugin. -->","yoast_head_json":{"title":"Milano Design Week 2019, Hotel Regeneration torna a Lambrate","description":"Alla Milano Design Week Hotel Regeneration, la mostra\/agor\u00e0 ideata da Simone Micheli, ripropone il proprio concept innovativo e diventa ancora pi\u00f9 social.","robots":{"index":"index","follow":"follow","max-snippet":"max-snippet:-1","max-image-preview":"max-image-preview:large","max-video-preview":"max-video-preview:-1"},"canonical":"https:\/\/www.matrix4design.com\/it\/architettura\/milano-design-week-2019-hotel-regeneration-torna-a-lambrate\/","og_locale":"it_IT","og_type":"article","og_title":"Milano Design Week 2019, Hotel Regeneration torna a Lambrate","og_description":"Alla Milano Design Week Hotel Regeneration, la mostra\/agor\u00e0 ideata da Simone Micheli, ripropone il proprio concept innovativo e diventa ancora pi\u00f9 social.","og_url":"https:\/\/www.matrix4design.com\/it\/architettura\/milano-design-week-2019-hotel-regeneration-torna-a-lambrate\/","og_site_name":"Matrix4Design","article_publisher":"https:\/\/www.facebook.com\/matrix4designmagazine\/","article_published_time":"2019-03-07T00:00:00+00:00","article_modified_time":"2020-03-26T10:53:36+00:00","og_image":[{"width":1200,"height":800,"url":"https:\/\/www.matrix4design.com\/wp-content\/uploads\/2020\/03\/LDD21.jpg","type":"image\/jpeg"}],"author":"Redazione","twitter_card":"summary_large_image","twitter_misc":{"Scritto da":"Redazione","Tempo di lettura stimato":"3 minuti"},"schema":{"@context":"https:\/\/schema.org","@graph":[{"@type":"Article","@id":"https:\/\/www.matrix4design.com\/it\/architettura\/milano-design-week-2019-hotel-regeneration-torna-a-lambrate\/#article","isPartOf":{"@id":"https:\/\/www.matrix4design.com\/it\/architettura\/milano-design-week-2019-hotel-regeneration-torna-a-lambrate\/"},"author":{"name":"Redazione","@id":"https:\/\/www.matrix4design.com\/it\/#\/schema\/person\/b2b6dd48f9d6892ca224742379951fa1"},"headline":"Milano Design Week 2019, Hotel Regeneration torna a Lambrate","datePublished":"2019-03-07T00:00:00+00:00","dateModified":"2020-03-26T10:53:36+00:00","mainEntityOfPage":{"@id":"https:\/\/www.matrix4design.com\/it\/architettura\/milano-design-week-2019-hotel-regeneration-torna-a-lambrate\/"},"wordCount":703,"commentCount":0,"publisher":{"@id":"https:\/\/www.matrix4design.com\/it\/#organization"},"image":{"@id":"https:\/\/www.matrix4design.com\/it\/architettura\/milano-design-week-2019-hotel-regeneration-torna-a-lambrate\/#primaryimage"},"thumbnailUrl":"https:\/\/www.matrix4design.com\/wp-content\/uploads\/2020\/03\/LDD21.jpg","keywords":["Architettura","Hotel Regeneration","Salone del Mobile 2019"],"articleSection":["Architettura"],"inLanguage":"it-IT"},{"@type":"WebPage","@id":"https:\/\/www.matrix4design.com\/it\/architettura\/milano-design-week-2019-hotel-regeneration-torna-a-lambrate\/","url":"https:\/\/www.matrix4design.com\/it\/architettura\/milano-design-week-2019-hotel-regeneration-torna-a-lambrate\/","name":"Milano Design Week 2019, Hotel Regeneration torna a Lambrate","isPartOf":{"@id":"https:\/\/www.matrix4design.com\/it\/#website"},"primaryImageOfPage":{"@id":"https:\/\/www.matrix4design.com\/it\/architettura\/milano-design-week-2019-hotel-regeneration-torna-a-lambrate\/#primaryimage"},"image":{"@id":"https:\/\/www.matrix4design.com\/it\/architettura\/milano-design-week-2019-hotel-regeneration-torna-a-lambrate\/#primaryimage"},"thumbnailUrl":"https:\/\/www.matrix4design.com\/wp-content\/uploads\/2020\/03\/LDD21.jpg","datePublished":"2019-03-07T00:00:00+00:00","dateModified":"2020-03-26T10:53:36+00:00","description":"Alla Milano Design Week Hotel Regeneration, la mostra\/agor\u00e0 ideata da Simone Micheli, ripropone il proprio concept innovativo e diventa ancora pi\u00f9 social.","breadcrumb":{"@id":"https:\/\/www.matrix4design.com\/it\/architettura\/milano-design-week-2019-hotel-regeneration-torna-a-lambrate\/#breadcrumb"},"inLanguage":"it-IT","potentialAction":[{"@type":"ReadAction","target":["https:\/\/www.matrix4design.com\/it\/architettura\/milano-design-week-2019-hotel-regeneration-torna-a-lambrate\/"]}]},{"@type":"ImageObject","inLanguage":"it-IT","@id":"https:\/\/www.matrix4design.com\/it\/architettura\/milano-design-week-2019-hotel-regeneration-torna-a-lambrate\/#primaryimage","url":"https:\/\/www.matrix4design.com\/wp-content\/uploads\/2020\/03\/LDD21.jpg","contentUrl":"https:\/\/www.matrix4design.com\/wp-content\/uploads\/2020\/03\/LDD21.jpg","width":1200,"height":800},{"@type":"BreadcrumbList","@id":"https:\/\/www.matrix4design.com\/it\/architettura\/milano-design-week-2019-hotel-regeneration-torna-a-lambrate\/#breadcrumb","itemListElement":[{"@type":"ListItem","position":1,"name":"Home","item":"https:\/\/www.matrix4design.com\/it\/"},{"@type":"ListItem","position":2,"name":"Milano Design Week 2019, Hotel Regeneration torna a Lambrate"}]},{"@type":"WebSite","@id":"https:\/\/www.matrix4design.com\/it\/#website","url":"https:\/\/www.matrix4design.com\/it\/","name":"Matrix4Design","description":"Digital architecture and design b2b magazine","publisher":{"@id":"https:\/\/www.matrix4design.com\/it\/#organization"},"potentialAction":[{"@type":"SearchAction","target":{"@type":"EntryPoint","urlTemplate":"https:\/\/www.matrix4design.com\/it\/?s={search_term_string}"},"query-input":{"@type":"PropertyValueSpecification","valueRequired":true,"valueName":"search_term_string"}}],"inLanguage":"it-IT"},{"@type":"Organization","@id":"https:\/\/www.matrix4design.com\/it\/#organization","name":"Matrix4Design","url":"https:\/\/www.matrix4design.com\/it\/","logo":{"@type":"ImageObject","inLanguage":"it-IT","@id":"https:\/\/www.matrix4design.com\/it\/#\/schema\/logo\/image\/","url":"https:\/\/www.matrix4design.com\/wp-content\/uploads\/2020\/04\/logo_matrix4design.png","contentUrl":"https:\/\/www.matrix4design.com\/wp-content\/uploads\/2020\/04\/logo_matrix4design.png","width":804,"height":114,"caption":"Matrix4Design"},"image":{"@id":"https:\/\/www.matrix4design.com\/it\/#\/schema\/logo\/image\/"},"sameAs":["https:\/\/www.facebook.com\/matrix4designmagazine\/","https:\/\/www.instagram.com\/matrix4designmagazine\/","https:\/\/www.youtube.com\/channel\/UCtuhSSrP3MOO_URZgv8mQ1A"]},{"@type":"Person","@id":"https:\/\/www.matrix4design.com\/it\/#\/schema\/person\/b2b6dd48f9d6892ca224742379951fa1","name":"Redazione","image":{"@type":"ImageObject","inLanguage":"it-IT","@id":"https:\/\/www.matrix4design.com\/it\/#\/schema\/person\/image\/","url":"https:\/\/www.matrix4design.com\/wp-content\/uploads\/2023\/01\/logo_M4D_2023-96x96.jpg","contentUrl":"https:\/\/www.matrix4design.com\/wp-content\/uploads\/2023\/01\/logo_M4D_2023-96x96.jpg","caption":"Redazione"},"url":"https:\/\/www.matrix4design.com\/it\/author\/redazione\/"}]}},"_links":{"self":[{"href":"https:\/\/www.matrix4design.com\/it\/wp-json\/wp\/v2\/posts\/59131","targetHints":{"allow":["GET"]}}],"collection":[{"href":"https:\/\/www.matrix4design.com\/it\/wp-json\/wp\/v2\/posts"}],"about":[{"href":"https:\/\/www.matrix4design.com\/it\/wp-json\/wp\/v2\/types\/post"}],"author":[{"embeddable":true,"href":"https:\/\/www.matrix4design.com\/it\/wp-json\/wp\/v2\/users\/6"}],"replies":[{"embeddable":true,"href":"https:\/\/www.matrix4design.com\/it\/wp-json\/wp\/v2\/comments?post=59131"}],"version-history":[{"count":1,"href":"https:\/\/www.matrix4design.com\/it\/wp-json\/wp\/v2\/posts\/59131\/revisions"}],"predecessor-version":[{"id":63666,"href":"https:\/\/www.matrix4design.com\/it\/wp-json\/wp\/v2\/posts\/59131\/revisions\/63666"}],"wp:featuredmedia":[{"embeddable":true,"href":"https:\/\/www.matrix4design.com\/it\/wp-json\/wp\/v2\/media\/54735"}],"wp:attachment":[{"href":"https:\/\/www.matrix4design.com\/it\/wp-json\/wp\/v2\/media?parent=59131"}],"wp:term":[{"taxonomy":"category","embeddable":true,"href":"https:\/\/www.matrix4design.com\/it\/wp-json\/wp\/v2\/categories?post=59131"},{"taxonomy":"post_tag","embeddable":true,"href":"https:\/\/www.matrix4design.com\/it\/wp-json\/wp\/v2\/tags?post=59131"}],"curies":[{"name":"wp","href":"https:\/\/api.w.org\/{rel}","templated":true}]}}