{"id":59247,"date":"2019-07-23T00:00:00","date_gmt":"2019-07-23T00:00:00","guid":{"rendered":""},"modified":"2026-02-10T12:25:16","modified_gmt":"2026-02-10T11:25:16","slug":"qad-quaderni-d2019architettura-e-design-terreal-potenzia-il-dialogo-con-i-progettisti","status":"publish","type":"post","link":"https:\/\/www.matrix4design.com\/it\/architettura\/qad-quaderni-d2019architettura-e-design-terreal-potenzia-il-dialogo-con-i-progettisti\/","title":{"rendered":"QAD_Quaderni d\u2019Architettura e Design, Terreal potenzia il dialogo con i progettisti"},"content":{"rendered":"<p>&nbsp;<\/p>\n<div id=\"main-text\">\n<p>Un dialogo diretto con architetti e progettisti per sviluppare al meglio le loro visioni e idee. <b>Terreal <\/b>coltiva da sempre una relazione privilegiata con i professionisti e oggi sceglie di potenziarla tramite un nuovo strumento di comunicazione pensato per loro: i <b>QAD_Quaderni d\u2019Architettura e Design<\/b>, ovvero una collana di brevi focus tematici che affrontano di volta in volta un tema monografico attraverso immagini di recenti realizzazioni ed un breve testo descrittivo.<\/p>\n<p>I Quaderni rappresentano lo spaccato pi\u00f9 attuale nel panorama delle <b>costruzioni realizzate con i materiali Terreal Italia<\/b>, raggruppati per <b>tipologie edilizie pubbliche o private<\/b>: nuove architetture isolate, interi quartieri rigenerati, aree dismesse rifunzionalizzate, edifici monumentali pubblici e interventi di <i>social housing<\/i> delineano i tratti di citt\u00e0 in fermento, ma quello che \u00e8 pi\u00f9 significativo \u00e8 che nel nuovo linguaggio architettonico la <b>terracotta <\/b>\u00e8 ancora, con rinnovata forza ed espressivit\u00e0, <b>il materiale in grado di incarnare gli slanci innovativi che i progettisti ricercano<\/b>.<\/p>\n<p><img decoding=\"async\" class=\"image-inline\" title=\"\" src=\"https:\/\/www.matrix4design.com\/wp-content\/uploads\/2020\/03\/sostenibileleggerezza_1.jpg\" alt=\"\" \/><\/p>\n<p>Finora, sono stati presentati i primi tre numeri: #1_LA SOSTENIBILE LEGGEREZZA DELLA TERRACOTTA; #2_ I CENTRI COMMERCIALI; #3_LA TRADIZIONE RINNOVA L\u2019INTERIOR; la collana avr\u00e0 poi una cadenza mensile e sar\u00e0 scaricabile dal sito istituzionale, nell\u2019area <i>comunicazione- news<\/i>.<\/p>\n<p><b>Davide Desiderio<\/b>, marketing &amp; communication manager di Terreal Italia, commenta:<\/p>\n<p>\u201c<i>Abbiamo pensato ad uno strumento di divulgazione snello, di rapida e piacevole lettura, che d\u00e0 testimonianza di come siamo in grado di rispondere alle pi\u00f9 esigenti richieste del mondo della progettazione e del costruire.<\/i>\u201d<\/p>\n<p><img decoding=\"async\" class=\"image-inline\" title=\"\" src=\"https:\/\/www.matrix4design.com\/wp-content\/uploads\/2020\/03\/centricommerciali_2.jpg\" alt=\"\" \/><\/p>\n<p>In ogni quaderno vengono presentate interessanti realizzazioni organizzate per tematiche: #1_LA SOSTENIBILE LEGGEREZZA DELLA TERRACOTTA affronta il tema del rivestimento di facciata ventilato con l\u2019utilizzo di elementi in terracotta a pasta molle realizzati a mano nei nostri stabilimenti su disegno dei progettisti; #2_ I CENTRI COMMERCIALI \u00e8 dedicato appunto ai centri commerciali, ovvero alle qualit\u00e0 di calore, comfort e bellezza della terracotta per queste cattedrali del consumo, al tempo stesso luoghi di nuova socialit\u00e0; #3_LA TRADIZIONE RINNOVA L\u2019INTERIOR approccia invece il tema della tradizionalit\u00e0 della terracotta nella declinazione di rivestimento d\u2019interior anche nei contesti pi\u00f9 moderni, mostrando gli esiti formali di particolare bellezza l\u00e0 dove la terracotta si mostra nelle sue molteplici texture e colorazioni e diventa un elemento caratterizzante dell\u2019abitare contemporaneo.<\/p>\n<p><img decoding=\"async\" class=\"image-inline\" title=\"\" src=\"https:\/\/www.matrix4design.com\/wp-content\/uploads\/2020\/03\/interiors_3.jpg\" alt=\"\" \/><\/p>\n<p>Si tratta in definitiva di un repertorio di casi in cui la terracotta \u00e8 declinata negli usi pi\u00f9 moderni che oggi il mercato richiede, un mercato che la misura sulle <b>prestazioni di durata<\/b>, di <b>eco-compatibilit\u00e0<\/b>, di <b>risparmio energetico<\/b>, di <b>isolamento termico e acustico<\/b>, ma soprattutto di <b>aderenza al linguaggio architettonico<\/b> ed ai gusti attuali.<\/p>\n<p>Conclude Desiderio:<\/p>\n<p>\u201c<i>Dagli hotel alle chiese ed ai luoghi di culto, dalle coperture italiane nel segno della tradizione a quelle pi\u00f9 moderne e avveniristiche, dalla riqualificazione energetica ed estetica del patrimonio edilizio alla nuova housing sociale\u2026saranno queste alcune delle tematiche che svilupperemo nei prossimi Quaderni. Arrivederci al prossimo QAD<\/i>!\u201d<\/p>\n<\/div>\n<p><!--\n\n\n<div id=\"load-section\">\n\n\n<div class=\"load-bar\">                                       <span>Load More<\/span><\/div>\n\n\n<\/div>\n\n\n--><\/p>\n","protected":false},"excerpt":{"rendered":"<p>&nbsp; Un dialogo diretto con architetti e progettisti per sviluppare al meglio le loro visioni e idee. Terreal coltiva da sempre una relazione privilegiata con i professionisti e oggi sceglie di potenziarla tramite un nuovo strumento di comunicazione pensato per loro: i QAD_Quaderni d\u2019Architettura e Design, ovvero una collana di brevi focus tematici che affrontano [&hellip;]<\/p>\n","protected":false},"author":6,"featured_media":59248,"comment_status":"closed","ping_status":"closed","sticky":false,"template":"","format":"standard","meta":{"_acf_changed":false,"footnotes":""},"categories":[367],"tags":[37,177],"class_list":{"0":"post-59247","1":"post","2":"type-post","3":"status-publish","4":"format-standard","5":"has-post-thumbnail","7":"category-architettura","8":"tag-architettura","9":"tag-terreal-italia-s-r-l"},"acf":[],"yoast_head":"<!-- This site is optimized with the Yoast SEO plugin v27.0 - https:\/\/yoast.com\/product\/yoast-seo-wordpress\/ -->\n<title>QAD_Quaderni d\u2019Architettura e Design, Terreal potenzia il dialogo con i progettisti<\/title>\n<meta name=\"description\" content=\"Una collana di brevi focus tematici che parlano ad architetti e progettisti: ecco la nuova iniziativa di Terreal Italia.\" \/>\n<meta name=\"robots\" content=\"index, follow, max-snippet:-1, max-image-preview:large, max-video-preview:-1\" \/>\n<link rel=\"canonical\" href=\"https:\/\/www.matrix4design.com\/it\/architettura\/qad-quaderni-d2019architettura-e-design-terreal-potenzia-il-dialogo-con-i-progettisti\/\" \/>\n<meta property=\"og:locale\" content=\"it_IT\" \/>\n<meta property=\"og:type\" content=\"article\" \/>\n<meta property=\"og:title\" content=\"QAD_Quaderni d\u2019Architettura e Design, Terreal potenzia il dialogo con i progettisti\" \/>\n<meta property=\"og:description\" content=\"Una collana di brevi focus tematici che parlano ad architetti e progettisti: ecco la nuova iniziativa di Terreal Italia.\" \/>\n<meta property=\"og:url\" content=\"https:\/\/www.matrix4design.com\/it\/architettura\/qad-quaderni-d2019architettura-e-design-terreal-potenzia-il-dialogo-con-i-progettisti\/\" \/>\n<meta property=\"og:site_name\" content=\"Matrix4Design\" \/>\n<meta property=\"article:publisher\" content=\"https:\/\/www.facebook.com\/matrix4designmagazine\/\" \/>\n<meta property=\"article:published_time\" content=\"2019-07-23T00:00:00+00:00\" \/>\n<meta property=\"article:modified_time\" content=\"2026-02-10T11:25:16+00:00\" \/>\n<meta property=\"og:image\" content=\"https:\/\/www.matrix4design.com\/wp-content\/uploads\/2020\/03\/sostenibileleggerezza_1.jpg\" \/>\n\t<meta property=\"og:image:width\" content=\"848\" \/>\n\t<meta property=\"og:image:height\" content=\"636\" \/>\n\t<meta property=\"og:image:type\" content=\"image\/jpeg\" \/>\n<meta name=\"author\" content=\"Redazione\" \/>\n<meta name=\"twitter:card\" content=\"summary_large_image\" \/>\n<meta name=\"twitter:label1\" content=\"Scritto da\" \/>\n\t<meta name=\"twitter:data1\" content=\"Redazione\" \/>\n\t<meta name=\"twitter:label2\" content=\"Tempo di lettura stimato\" \/>\n\t<meta name=\"twitter:data2\" content=\"4 minuti\" \/>\n<script type=\"application\/ld+json\" class=\"yoast-schema-graph\">{\"@context\":\"https:\/\/schema.org\",\"@graph\":[{\"@type\":\"Article\",\"@id\":\"https:\/\/www.matrix4design.com\/it\/architettura\/qad-quaderni-d2019architettura-e-design-terreal-potenzia-il-dialogo-con-i-progettisti\/#article\",\"isPartOf\":{\"@id\":\"https:\/\/www.matrix4design.com\/it\/architettura\/qad-quaderni-d2019architettura-e-design-terreal-potenzia-il-dialogo-con-i-progettisti\/\"},\"author\":{\"name\":\"Redazione\",\"@id\":\"https:\/\/www.matrix4design.com\/it\/#\/schema\/person\/b2b6dd48f9d6892ca224742379951fa1\"},\"headline\":\"QAD_Quaderni d\u2019Architettura e Design, Terreal potenzia il dialogo con i progettisti\",\"datePublished\":\"2019-07-23T00:00:00+00:00\",\"dateModified\":\"2026-02-10T11:25:16+00:00\",\"mainEntityOfPage\":{\"@id\":\"https:\/\/www.matrix4design.com\/it\/architettura\/qad-quaderni-d2019architettura-e-design-terreal-potenzia-il-dialogo-con-i-progettisti\/\"},\"wordCount\":475,\"publisher\":{\"@id\":\"https:\/\/www.matrix4design.com\/it\/#organization\"},\"image\":{\"@id\":\"https:\/\/www.matrix4design.com\/it\/architettura\/qad-quaderni-d2019architettura-e-design-terreal-potenzia-il-dialogo-con-i-progettisti\/#primaryimage\"},\"thumbnailUrl\":\"https:\/\/www.matrix4design.com\/wp-content\/uploads\/2020\/03\/sostenibileleggerezza_1.jpg\",\"keywords\":[\"Architettura\",\"Terreal Italia S.r.l.\"],\"articleSection\":[\"Architettura\"],\"inLanguage\":\"it-IT\"},{\"@type\":\"WebPage\",\"@id\":\"https:\/\/www.matrix4design.com\/it\/architettura\/qad-quaderni-d2019architettura-e-design-terreal-potenzia-il-dialogo-con-i-progettisti\/\",\"url\":\"https:\/\/www.matrix4design.com\/it\/architettura\/qad-quaderni-d2019architettura-e-design-terreal-potenzia-il-dialogo-con-i-progettisti\/\",\"name\":\"QAD_Quaderni d\u2019Architettura e Design, Terreal potenzia il dialogo con i progettisti\",\"isPartOf\":{\"@id\":\"https:\/\/www.matrix4design.com\/it\/#website\"},\"primaryImageOfPage\":{\"@id\":\"https:\/\/www.matrix4design.com\/it\/architettura\/qad-quaderni-d2019architettura-e-design-terreal-potenzia-il-dialogo-con-i-progettisti\/#primaryimage\"},\"image\":{\"@id\":\"https:\/\/www.matrix4design.com\/it\/architettura\/qad-quaderni-d2019architettura-e-design-terreal-potenzia-il-dialogo-con-i-progettisti\/#primaryimage\"},\"thumbnailUrl\":\"https:\/\/www.matrix4design.com\/wp-content\/uploads\/2020\/03\/sostenibileleggerezza_1.jpg\",\"datePublished\":\"2019-07-23T00:00:00+00:00\",\"dateModified\":\"2026-02-10T11:25:16+00:00\",\"description\":\"Una collana di brevi focus tematici che parlano ad architetti e progettisti: ecco la nuova iniziativa di Terreal Italia.\",\"breadcrumb\":{\"@id\":\"https:\/\/www.matrix4design.com\/it\/architettura\/qad-quaderni-d2019architettura-e-design-terreal-potenzia-il-dialogo-con-i-progettisti\/#breadcrumb\"},\"inLanguage\":\"it-IT\",\"potentialAction\":[{\"@type\":\"ReadAction\",\"target\":[\"https:\/\/www.matrix4design.com\/it\/architettura\/qad-quaderni-d2019architettura-e-design-terreal-potenzia-il-dialogo-con-i-progettisti\/\"]}]},{\"@type\":\"ImageObject\",\"inLanguage\":\"it-IT\",\"@id\":\"https:\/\/www.matrix4design.com\/it\/architettura\/qad-quaderni-d2019architettura-e-design-terreal-potenzia-il-dialogo-con-i-progettisti\/#primaryimage\",\"url\":\"https:\/\/www.matrix4design.com\/wp-content\/uploads\/2020\/03\/sostenibileleggerezza_1.jpg\",\"contentUrl\":\"https:\/\/www.matrix4design.com\/wp-content\/uploads\/2020\/03\/sostenibileleggerezza_1.jpg\",\"width\":848,\"height\":636},{\"@type\":\"BreadcrumbList\",\"@id\":\"https:\/\/www.matrix4design.com\/it\/architettura\/qad-quaderni-d2019architettura-e-design-terreal-potenzia-il-dialogo-con-i-progettisti\/#breadcrumb\",\"itemListElement\":[{\"@type\":\"ListItem\",\"position\":1,\"name\":\"Home\",\"item\":\"https:\/\/www.matrix4design.com\/it\/\"},{\"@type\":\"ListItem\",\"position\":2,\"name\":\"QAD_Quaderni d\u2019Architettura e Design, Terreal potenzia il dialogo con i progettisti\"}]},{\"@type\":\"WebSite\",\"@id\":\"https:\/\/www.matrix4design.com\/it\/#website\",\"url\":\"https:\/\/www.matrix4design.com\/it\/\",\"name\":\"Matrix4Design\",\"description\":\"Digital architecture and design b2b magazine\",\"publisher\":{\"@id\":\"https:\/\/www.matrix4design.com\/it\/#organization\"},\"potentialAction\":[{\"@type\":\"SearchAction\",\"target\":{\"@type\":\"EntryPoint\",\"urlTemplate\":\"https:\/\/www.matrix4design.com\/it\/?s={search_term_string}\"},\"query-input\":{\"@type\":\"PropertyValueSpecification\",\"valueRequired\":true,\"valueName\":\"search_term_string\"}}],\"inLanguage\":\"it-IT\"},{\"@type\":\"Organization\",\"@id\":\"https:\/\/www.matrix4design.com\/it\/#organization\",\"name\":\"Matrix4Design\",\"url\":\"https:\/\/www.matrix4design.com\/it\/\",\"logo\":{\"@type\":\"ImageObject\",\"inLanguage\":\"it-IT\",\"@id\":\"https:\/\/www.matrix4design.com\/it\/#\/schema\/logo\/image\/\",\"url\":\"https:\/\/www.matrix4design.com\/wp-content\/uploads\/2020\/04\/logo_matrix4design.png\",\"contentUrl\":\"https:\/\/www.matrix4design.com\/wp-content\/uploads\/2020\/04\/logo_matrix4design.png\",\"width\":804,\"height\":114,\"caption\":\"Matrix4Design\"},\"image\":{\"@id\":\"https:\/\/www.matrix4design.com\/it\/#\/schema\/logo\/image\/\"},\"sameAs\":[\"https:\/\/www.facebook.com\/matrix4designmagazine\/\",\"https:\/\/www.instagram.com\/matrix4designmagazine\/\",\"https:\/\/www.youtube.com\/channel\/UCtuhSSrP3MOO_URZgv8mQ1A\"]},{\"@type\":\"Person\",\"@id\":\"https:\/\/www.matrix4design.com\/it\/#\/schema\/person\/b2b6dd48f9d6892ca224742379951fa1\",\"name\":\"Redazione\",\"image\":{\"@type\":\"ImageObject\",\"inLanguage\":\"it-IT\",\"@id\":\"https:\/\/www.matrix4design.com\/it\/#\/schema\/person\/image\/\",\"url\":\"https:\/\/www.matrix4design.com\/wp-content\/uploads\/2023\/01\/logo_M4D_2023-96x96.jpg\",\"contentUrl\":\"https:\/\/www.matrix4design.com\/wp-content\/uploads\/2023\/01\/logo_M4D_2023-96x96.jpg\",\"caption\":\"Redazione\"},\"url\":\"https:\/\/www.matrix4design.com\/it\/author\/redazione\/\"}]}<\/script>\n<!-- \/ Yoast SEO plugin. -->","yoast_head_json":{"title":"QAD_Quaderni d\u2019Architettura e Design, Terreal potenzia il dialogo con i progettisti","description":"Una collana di brevi focus tematici che parlano ad architetti e progettisti: ecco la nuova iniziativa di Terreal Italia.","robots":{"index":"index","follow":"follow","max-snippet":"max-snippet:-1","max-image-preview":"max-image-preview:large","max-video-preview":"max-video-preview:-1"},"canonical":"https:\/\/www.matrix4design.com\/it\/architettura\/qad-quaderni-d2019architettura-e-design-terreal-potenzia-il-dialogo-con-i-progettisti\/","og_locale":"it_IT","og_type":"article","og_title":"QAD_Quaderni d\u2019Architettura e Design, Terreal potenzia il dialogo con i progettisti","og_description":"Una collana di brevi focus tematici che parlano ad architetti e progettisti: ecco la nuova iniziativa di Terreal Italia.","og_url":"https:\/\/www.matrix4design.com\/it\/architettura\/qad-quaderni-d2019architettura-e-design-terreal-potenzia-il-dialogo-con-i-progettisti\/","og_site_name":"Matrix4Design","article_publisher":"https:\/\/www.facebook.com\/matrix4designmagazine\/","article_published_time":"2019-07-23T00:00:00+00:00","article_modified_time":"2026-02-10T11:25:16+00:00","og_image":[{"width":848,"height":636,"url":"https:\/\/www.matrix4design.com\/wp-content\/uploads\/2020\/03\/sostenibileleggerezza_1.jpg","type":"image\/jpeg"}],"author":"Redazione","twitter_card":"summary_large_image","twitter_misc":{"Scritto da":"Redazione","Tempo di lettura stimato":"4 minuti"},"schema":{"@context":"https:\/\/schema.org","@graph":[{"@type":"Article","@id":"https:\/\/www.matrix4design.com\/it\/architettura\/qad-quaderni-d2019architettura-e-design-terreal-potenzia-il-dialogo-con-i-progettisti\/#article","isPartOf":{"@id":"https:\/\/www.matrix4design.com\/it\/architettura\/qad-quaderni-d2019architettura-e-design-terreal-potenzia-il-dialogo-con-i-progettisti\/"},"author":{"name":"Redazione","@id":"https:\/\/www.matrix4design.com\/it\/#\/schema\/person\/b2b6dd48f9d6892ca224742379951fa1"},"headline":"QAD_Quaderni d\u2019Architettura e Design, Terreal potenzia il dialogo con i progettisti","datePublished":"2019-07-23T00:00:00+00:00","dateModified":"2026-02-10T11:25:16+00:00","mainEntityOfPage":{"@id":"https:\/\/www.matrix4design.com\/it\/architettura\/qad-quaderni-d2019architettura-e-design-terreal-potenzia-il-dialogo-con-i-progettisti\/"},"wordCount":475,"publisher":{"@id":"https:\/\/www.matrix4design.com\/it\/#organization"},"image":{"@id":"https:\/\/www.matrix4design.com\/it\/architettura\/qad-quaderni-d2019architettura-e-design-terreal-potenzia-il-dialogo-con-i-progettisti\/#primaryimage"},"thumbnailUrl":"https:\/\/www.matrix4design.com\/wp-content\/uploads\/2020\/03\/sostenibileleggerezza_1.jpg","keywords":["Architettura","Terreal Italia S.r.l."],"articleSection":["Architettura"],"inLanguage":"it-IT"},{"@type":"WebPage","@id":"https:\/\/www.matrix4design.com\/it\/architettura\/qad-quaderni-d2019architettura-e-design-terreal-potenzia-il-dialogo-con-i-progettisti\/","url":"https:\/\/www.matrix4design.com\/it\/architettura\/qad-quaderni-d2019architettura-e-design-terreal-potenzia-il-dialogo-con-i-progettisti\/","name":"QAD_Quaderni d\u2019Architettura e Design, Terreal potenzia il dialogo con i progettisti","isPartOf":{"@id":"https:\/\/www.matrix4design.com\/it\/#website"},"primaryImageOfPage":{"@id":"https:\/\/www.matrix4design.com\/it\/architettura\/qad-quaderni-d2019architettura-e-design-terreal-potenzia-il-dialogo-con-i-progettisti\/#primaryimage"},"image":{"@id":"https:\/\/www.matrix4design.com\/it\/architettura\/qad-quaderni-d2019architettura-e-design-terreal-potenzia-il-dialogo-con-i-progettisti\/#primaryimage"},"thumbnailUrl":"https:\/\/www.matrix4design.com\/wp-content\/uploads\/2020\/03\/sostenibileleggerezza_1.jpg","datePublished":"2019-07-23T00:00:00+00:00","dateModified":"2026-02-10T11:25:16+00:00","description":"Una collana di brevi focus tematici che parlano ad architetti e progettisti: ecco la nuova iniziativa di Terreal Italia.","breadcrumb":{"@id":"https:\/\/www.matrix4design.com\/it\/architettura\/qad-quaderni-d2019architettura-e-design-terreal-potenzia-il-dialogo-con-i-progettisti\/#breadcrumb"},"inLanguage":"it-IT","potentialAction":[{"@type":"ReadAction","target":["https:\/\/www.matrix4design.com\/it\/architettura\/qad-quaderni-d2019architettura-e-design-terreal-potenzia-il-dialogo-con-i-progettisti\/"]}]},{"@type":"ImageObject","inLanguage":"it-IT","@id":"https:\/\/www.matrix4design.com\/it\/architettura\/qad-quaderni-d2019architettura-e-design-terreal-potenzia-il-dialogo-con-i-progettisti\/#primaryimage","url":"https:\/\/www.matrix4design.com\/wp-content\/uploads\/2020\/03\/sostenibileleggerezza_1.jpg","contentUrl":"https:\/\/www.matrix4design.com\/wp-content\/uploads\/2020\/03\/sostenibileleggerezza_1.jpg","width":848,"height":636},{"@type":"BreadcrumbList","@id":"https:\/\/www.matrix4design.com\/it\/architettura\/qad-quaderni-d2019architettura-e-design-terreal-potenzia-il-dialogo-con-i-progettisti\/#breadcrumb","itemListElement":[{"@type":"ListItem","position":1,"name":"Home","item":"https:\/\/www.matrix4design.com\/it\/"},{"@type":"ListItem","position":2,"name":"QAD_Quaderni d\u2019Architettura e Design, Terreal potenzia il dialogo con i progettisti"}]},{"@type":"WebSite","@id":"https:\/\/www.matrix4design.com\/it\/#website","url":"https:\/\/www.matrix4design.com\/it\/","name":"Matrix4Design","description":"Digital architecture and design b2b magazine","publisher":{"@id":"https:\/\/www.matrix4design.com\/it\/#organization"},"potentialAction":[{"@type":"SearchAction","target":{"@type":"EntryPoint","urlTemplate":"https:\/\/www.matrix4design.com\/it\/?s={search_term_string}"},"query-input":{"@type":"PropertyValueSpecification","valueRequired":true,"valueName":"search_term_string"}}],"inLanguage":"it-IT"},{"@type":"Organization","@id":"https:\/\/www.matrix4design.com\/it\/#organization","name":"Matrix4Design","url":"https:\/\/www.matrix4design.com\/it\/","logo":{"@type":"ImageObject","inLanguage":"it-IT","@id":"https:\/\/www.matrix4design.com\/it\/#\/schema\/logo\/image\/","url":"https:\/\/www.matrix4design.com\/wp-content\/uploads\/2020\/04\/logo_matrix4design.png","contentUrl":"https:\/\/www.matrix4design.com\/wp-content\/uploads\/2020\/04\/logo_matrix4design.png","width":804,"height":114,"caption":"Matrix4Design"},"image":{"@id":"https:\/\/www.matrix4design.com\/it\/#\/schema\/logo\/image\/"},"sameAs":["https:\/\/www.facebook.com\/matrix4designmagazine\/","https:\/\/www.instagram.com\/matrix4designmagazine\/","https:\/\/www.youtube.com\/channel\/UCtuhSSrP3MOO_URZgv8mQ1A"]},{"@type":"Person","@id":"https:\/\/www.matrix4design.com\/it\/#\/schema\/person\/b2b6dd48f9d6892ca224742379951fa1","name":"Redazione","image":{"@type":"ImageObject","inLanguage":"it-IT","@id":"https:\/\/www.matrix4design.com\/it\/#\/schema\/person\/image\/","url":"https:\/\/www.matrix4design.com\/wp-content\/uploads\/2023\/01\/logo_M4D_2023-96x96.jpg","contentUrl":"https:\/\/www.matrix4design.com\/wp-content\/uploads\/2023\/01\/logo_M4D_2023-96x96.jpg","caption":"Redazione"},"url":"https:\/\/www.matrix4design.com\/it\/author\/redazione\/"}]}},"_links":{"self":[{"href":"https:\/\/www.matrix4design.com\/it\/wp-json\/wp\/v2\/posts\/59247","targetHints":{"allow":["GET"]}}],"collection":[{"href":"https:\/\/www.matrix4design.com\/it\/wp-json\/wp\/v2\/posts"}],"about":[{"href":"https:\/\/www.matrix4design.com\/it\/wp-json\/wp\/v2\/types\/post"}],"author":[{"embeddable":true,"href":"https:\/\/www.matrix4design.com\/it\/wp-json\/wp\/v2\/users\/6"}],"replies":[{"embeddable":true,"href":"https:\/\/www.matrix4design.com\/it\/wp-json\/wp\/v2\/comments?post=59247"}],"version-history":[{"count":3,"href":"https:\/\/www.matrix4design.com\/it\/wp-json\/wp\/v2\/posts\/59247\/revisions"}],"predecessor-version":[{"id":118453,"href":"https:\/\/www.matrix4design.com\/it\/wp-json\/wp\/v2\/posts\/59247\/revisions\/118453"}],"wp:featuredmedia":[{"embeddable":true,"href":"https:\/\/www.matrix4design.com\/it\/wp-json\/wp\/v2\/media\/59248"}],"wp:attachment":[{"href":"https:\/\/www.matrix4design.com\/it\/wp-json\/wp\/v2\/media?parent=59247"}],"wp:term":[{"taxonomy":"category","embeddable":true,"href":"https:\/\/www.matrix4design.com\/it\/wp-json\/wp\/v2\/categories?post=59247"},{"taxonomy":"post_tag","embeddable":true,"href":"https:\/\/www.matrix4design.com\/it\/wp-json\/wp\/v2\/tags?post=59247"}],"curies":[{"name":"wp","href":"https:\/\/api.w.org\/{rel}","templated":true}]}}