{"id":59464,"date":"2019-08-26T00:00:00","date_gmt":"2019-08-26T00:00:00","guid":{"rendered":""},"modified":"2023-02-03T12:05:56","modified_gmt":"2023-02-03T11:05:56","slug":"stefano-boeri-progetta-il-primo-bosco-verticale-in-africa","status":"publish","type":"post","link":"https:\/\/www.matrix4design.com\/it\/architettura\/stefano-boeri-progetta-il-primo-bosco-verticale-in-africa\/","title":{"rendered":"Stefano Boeri progetta il primo Bosco Verticale in Africa"},"content":{"rendered":"<p>&nbsp;<\/p>\n<div id=\"main-text\">\n<p>Il Bosco Verticale di Stefano Boeri sta diventando sempre pi\u00f9 popolare in tutto il mondo grazie al suo concept innovativo, pensato per rispondere alle esigenze dell\u2019ambiente: non a caso, secondo le ultime notizie, la prossima tappa sar\u00e0 l\u2019Africa.<\/p>\n<p><img decoding=\"async\" class=\"image-inline\" title=\"\" src=\"https:\/\/www.matrix4design.com\/wp-content\/uploads\/2020\/03\/ilnuovoprogettodelboscoverticalealcairo.jpg\" alt=\"\" \/><\/p>\n<p>Lo studio <b>Stefano Boeri Architetti<\/b> (in collaborazione con il partner locale <b>Shimaa Shalash e<\/b> l\u2019esperta di paesaggio <b>Laura Gatti<\/b>) ha infatti svelato di recente il progetto per <b>il primo Bosco Verticale in Africa<\/b>, che consiste nella realizzazione di <b>tre cubi verdi<\/b> in una zona centrale della nuova capitale amministrativa dell\u2019Egitto, attualmente in costruzione nell\u2019area sudorientale del Cairo.<\/p>\n<p><img decoding=\"async\" class=\"image-inline\" title=\"\" src=\"https:\/\/www.matrix4design.com\/wp-content\/uploads\/2020\/03\/stefanoboericairoverticalforestegyptdesignboom01.jpg\" alt=\"\" \/><\/p>\n<p>Il progetto comprende tre edifici sperimentali (<b>un hotel e due blocchi residenziali<\/b>) che misureranno 30 metri in altezza e larghezza e ospiteranno <b>350 alberi, pi\u00f9 di 14 000 arbusti e 100 diverse specie di piante<\/b>.<\/p>\n<p>Il complesso, la cui costruzione inizier\u00e0 nel 2020 e il cui completamento \u00e8 previsto per il 2022, \u00e8 parte di una pi\u00f9 ampia iniziativa che mira a rendere Il Cairo pi\u00f9 verde: a questo proposito, <b>le tre foreste verticali, del tutto autosufficienti, assorbiranno circa sette tonnellate di anidride carbonica all\u2019anno e produrranno otto tonnellate di ossigeno<\/b>.<\/p>\n<p><img decoding=\"async\" class=\"image-inline\" title=\"\" src=\"https:\/\/www.matrix4design.com\/wp-content\/uploads\/2020\/03\/alcairosorgerc3a0ilboscoverticale1.jpg\" alt=\"\" \/><\/p>\n<p>Secondo gli architetti, i tre boschi verticali puntano a costituire la prima metropoli nordafricana in grado di affrontare la grande sfida del cambiamento climatico e della riconversione ecologica.<\/p>\n<\/div>\n<p><!--\n\n\n<div id=\"load-section\">\n\n\n<div class=\"load-bar\">                                       <span>Load More<\/span><\/div>\n\n\n<\/div>\n\n\n--><\/p>\n","protected":false},"excerpt":{"rendered":"<p>&nbsp; Il Bosco Verticale di Stefano Boeri sta diventando sempre pi\u00f9 popolare in tutto il mondo grazie al suo concept innovativo, pensato per rispondere alle esigenze dell\u2019ambiente: non a caso, secondo le ultime notizie, la prossima tappa sar\u00e0 l\u2019Africa. Lo studio Stefano Boeri Architetti (in collaborazione con il partner locale Shimaa Shalash e l\u2019esperta di [&hellip;]<\/p>\n","protected":false},"author":31,"featured_media":54893,"comment_status":"closed","ping_status":"closed","sticky":false,"template":"","format":"standard","meta":{"_acf_changed":false,"footnotes":""},"categories":[367],"tags":[37,322],"class_list":{"0":"post-59464","1":"post","2":"type-post","3":"status-publish","4":"format-standard","5":"has-post-thumbnail","7":"category-architettura","8":"tag-architettura","9":"tag-cersaie-2019"},"acf":[],"yoast_head":"<!-- This site is optimized with the Yoast SEO plugin v27.0 - https:\/\/yoast.com\/product\/yoast-seo-wordpress\/ -->\n<title>Stefano Boeri progetta il primo Bosco Verticale in Africa<\/title>\n<meta name=\"description\" content=\"Stefano Boeri Architetti ha recentemente svelato il piano per tre nuovi \u201ccubi verdi\u201d al Cairo.\" \/>\n<meta name=\"robots\" content=\"index, follow, max-snippet:-1, max-image-preview:large, max-video-preview:-1\" \/>\n<link rel=\"canonical\" href=\"https:\/\/www.matrix4design.com\/it\/architettura\/stefano-boeri-progetta-il-primo-bosco-verticale-in-africa\/\" \/>\n<meta property=\"og:locale\" content=\"it_IT\" \/>\n<meta property=\"og:type\" content=\"article\" \/>\n<meta property=\"og:title\" content=\"Stefano Boeri progetta il primo Bosco Verticale in Africa\" \/>\n<meta property=\"og:description\" content=\"Stefano Boeri Architetti ha recentemente svelato il piano per tre nuovi \u201ccubi verdi\u201d al Cairo.\" \/>\n<meta property=\"og:url\" content=\"https:\/\/www.matrix4design.com\/it\/architettura\/stefano-boeri-progetta-il-primo-bosco-verticale-in-africa\/\" \/>\n<meta property=\"og:site_name\" content=\"Matrix4Design\" \/>\n<meta property=\"article:publisher\" content=\"https:\/\/www.facebook.com\/matrix4designmagazine\/\" \/>\n<meta property=\"article:published_time\" content=\"2019-08-26T00:00:00+00:00\" \/>\n<meta property=\"article:modified_time\" content=\"2023-02-03T11:05:56+00:00\" \/>\n<meta property=\"og:image\" content=\"https:\/\/www.matrix4design.com\/wp-content\/uploads\/2020\/03\/ilnuovoprogettodelboscoverticalealcairo.jpg\" \/>\n\t<meta property=\"og:image:width\" content=\"1200\" \/>\n\t<meta property=\"og:image:height\" content=\"684\" \/>\n\t<meta property=\"og:image:type\" content=\"image\/jpeg\" \/>\n<meta name=\"author\" content=\"Giulia Guerra\" \/>\n<meta name=\"twitter:card\" content=\"summary_large_image\" \/>\n<meta name=\"twitter:label1\" content=\"Scritto da\" \/>\n\t<meta name=\"twitter:data1\" content=\"Giulia Guerra\" \/>\n\t<meta name=\"twitter:label2\" content=\"Tempo di lettura stimato\" \/>\n\t<meta name=\"twitter:data2\" content=\"1 minuto\" \/>\n<script type=\"application\/ld+json\" class=\"yoast-schema-graph\">{\"@context\":\"https:\/\/schema.org\",\"@graph\":[{\"@type\":\"Article\",\"@id\":\"https:\/\/www.matrix4design.com\/it\/architettura\/stefano-boeri-progetta-il-primo-bosco-verticale-in-africa\/#article\",\"isPartOf\":{\"@id\":\"https:\/\/www.matrix4design.com\/it\/architettura\/stefano-boeri-progetta-il-primo-bosco-verticale-in-africa\/\"},\"author\":{\"name\":\"Giulia Guerra\",\"@id\":\"https:\/\/www.matrix4design.com\/it\/#\/schema\/person\/9904de51b5d381af5b1b998563d3adfe\"},\"headline\":\"Stefano Boeri progetta il primo Bosco Verticale in Africa\",\"datePublished\":\"2019-08-26T00:00:00+00:00\",\"dateModified\":\"2023-02-03T11:05:56+00:00\",\"mainEntityOfPage\":{\"@id\":\"https:\/\/www.matrix4design.com\/it\/architettura\/stefano-boeri-progetta-il-primo-bosco-verticale-in-africa\/\"},\"wordCount\":221,\"publisher\":{\"@id\":\"https:\/\/www.matrix4design.com\/it\/#organization\"},\"image\":{\"@id\":\"https:\/\/www.matrix4design.com\/it\/architettura\/stefano-boeri-progetta-il-primo-bosco-verticale-in-africa\/#primaryimage\"},\"thumbnailUrl\":\"https:\/\/www.matrix4design.com\/wp-content\/uploads\/2020\/03\/ilnuovoprogettodelboscoverticalealcairo.jpg\",\"keywords\":[\"Architettura\",\"Cersaie 2019\"],\"articleSection\":[\"Architettura\"],\"inLanguage\":\"it-IT\"},{\"@type\":\"WebPage\",\"@id\":\"https:\/\/www.matrix4design.com\/it\/architettura\/stefano-boeri-progetta-il-primo-bosco-verticale-in-africa\/\",\"url\":\"https:\/\/www.matrix4design.com\/it\/architettura\/stefano-boeri-progetta-il-primo-bosco-verticale-in-africa\/\",\"name\":\"Stefano Boeri progetta il primo Bosco Verticale in Africa\",\"isPartOf\":{\"@id\":\"https:\/\/www.matrix4design.com\/it\/#website\"},\"primaryImageOfPage\":{\"@id\":\"https:\/\/www.matrix4design.com\/it\/architettura\/stefano-boeri-progetta-il-primo-bosco-verticale-in-africa\/#primaryimage\"},\"image\":{\"@id\":\"https:\/\/www.matrix4design.com\/it\/architettura\/stefano-boeri-progetta-il-primo-bosco-verticale-in-africa\/#primaryimage\"},\"thumbnailUrl\":\"https:\/\/www.matrix4design.com\/wp-content\/uploads\/2020\/03\/ilnuovoprogettodelboscoverticalealcairo.jpg\",\"datePublished\":\"2019-08-26T00:00:00+00:00\",\"dateModified\":\"2023-02-03T11:05:56+00:00\",\"description\":\"Stefano Boeri Architetti ha recentemente svelato il piano per tre nuovi \u201ccubi verdi\u201d al Cairo.\",\"breadcrumb\":{\"@id\":\"https:\/\/www.matrix4design.com\/it\/architettura\/stefano-boeri-progetta-il-primo-bosco-verticale-in-africa\/#breadcrumb\"},\"inLanguage\":\"it-IT\",\"potentialAction\":[{\"@type\":\"ReadAction\",\"target\":[\"https:\/\/www.matrix4design.com\/it\/architettura\/stefano-boeri-progetta-il-primo-bosco-verticale-in-africa\/\"]}]},{\"@type\":\"ImageObject\",\"inLanguage\":\"it-IT\",\"@id\":\"https:\/\/www.matrix4design.com\/it\/architettura\/stefano-boeri-progetta-il-primo-bosco-verticale-in-africa\/#primaryimage\",\"url\":\"https:\/\/www.matrix4design.com\/wp-content\/uploads\/2020\/03\/ilnuovoprogettodelboscoverticalealcairo.jpg\",\"contentUrl\":\"https:\/\/www.matrix4design.com\/wp-content\/uploads\/2020\/03\/ilnuovoprogettodelboscoverticalealcairo.jpg\",\"width\":1200,\"height\":684},{\"@type\":\"BreadcrumbList\",\"@id\":\"https:\/\/www.matrix4design.com\/it\/architettura\/stefano-boeri-progetta-il-primo-bosco-verticale-in-africa\/#breadcrumb\",\"itemListElement\":[{\"@type\":\"ListItem\",\"position\":1,\"name\":\"Home\",\"item\":\"https:\/\/www.matrix4design.com\/it\/\"},{\"@type\":\"ListItem\",\"position\":2,\"name\":\"Stefano Boeri progetta il primo Bosco Verticale in Africa\"}]},{\"@type\":\"WebSite\",\"@id\":\"https:\/\/www.matrix4design.com\/it\/#website\",\"url\":\"https:\/\/www.matrix4design.com\/it\/\",\"name\":\"Matrix4Design\",\"description\":\"Digital architecture and design b2b magazine\",\"publisher\":{\"@id\":\"https:\/\/www.matrix4design.com\/it\/#organization\"},\"potentialAction\":[{\"@type\":\"SearchAction\",\"target\":{\"@type\":\"EntryPoint\",\"urlTemplate\":\"https:\/\/www.matrix4design.com\/it\/?s={search_term_string}\"},\"query-input\":{\"@type\":\"PropertyValueSpecification\",\"valueRequired\":true,\"valueName\":\"search_term_string\"}}],\"inLanguage\":\"it-IT\"},{\"@type\":\"Organization\",\"@id\":\"https:\/\/www.matrix4design.com\/it\/#organization\",\"name\":\"Matrix4Design\",\"url\":\"https:\/\/www.matrix4design.com\/it\/\",\"logo\":{\"@type\":\"ImageObject\",\"inLanguage\":\"it-IT\",\"@id\":\"https:\/\/www.matrix4design.com\/it\/#\/schema\/logo\/image\/\",\"url\":\"https:\/\/www.matrix4design.com\/wp-content\/uploads\/2020\/04\/logo_matrix4design.png\",\"contentUrl\":\"https:\/\/www.matrix4design.com\/wp-content\/uploads\/2020\/04\/logo_matrix4design.png\",\"width\":804,\"height\":114,\"caption\":\"Matrix4Design\"},\"image\":{\"@id\":\"https:\/\/www.matrix4design.com\/it\/#\/schema\/logo\/image\/\"},\"sameAs\":[\"https:\/\/www.facebook.com\/matrix4designmagazine\/\",\"https:\/\/www.instagram.com\/matrix4designmagazine\/\",\"https:\/\/www.youtube.com\/channel\/UCtuhSSrP3MOO_URZgv8mQ1A\"]},{\"@type\":\"Person\",\"@id\":\"https:\/\/www.matrix4design.com\/it\/#\/schema\/person\/9904de51b5d381af5b1b998563d3adfe\",\"name\":\"Giulia Guerra\",\"image\":{\"@type\":\"ImageObject\",\"inLanguage\":\"it-IT\",\"@id\":\"https:\/\/www.matrix4design.com\/it\/#\/schema\/person\/image\/\",\"url\":\"https:\/\/www.matrix4design.com\/wp-content\/uploads\/2023\/02\/logo_M4D_2023-96x96.jpg\",\"contentUrl\":\"https:\/\/www.matrix4design.com\/wp-content\/uploads\/2023\/02\/logo_M4D_2023-96x96.jpg\",\"caption\":\"Giulia Guerra\"},\"url\":\"https:\/\/www.matrix4design.com\/it\/author\/giuliag\/\"}]}<\/script>\n<!-- \/ Yoast SEO plugin. -->","yoast_head_json":{"title":"Stefano Boeri progetta il primo Bosco Verticale in Africa","description":"Stefano Boeri Architetti ha recentemente svelato il piano per tre nuovi \u201ccubi verdi\u201d al Cairo.","robots":{"index":"index","follow":"follow","max-snippet":"max-snippet:-1","max-image-preview":"max-image-preview:large","max-video-preview":"max-video-preview:-1"},"canonical":"https:\/\/www.matrix4design.com\/it\/architettura\/stefano-boeri-progetta-il-primo-bosco-verticale-in-africa\/","og_locale":"it_IT","og_type":"article","og_title":"Stefano Boeri progetta il primo Bosco Verticale in Africa","og_description":"Stefano Boeri Architetti ha recentemente svelato il piano per tre nuovi \u201ccubi verdi\u201d al Cairo.","og_url":"https:\/\/www.matrix4design.com\/it\/architettura\/stefano-boeri-progetta-il-primo-bosco-verticale-in-africa\/","og_site_name":"Matrix4Design","article_publisher":"https:\/\/www.facebook.com\/matrix4designmagazine\/","article_published_time":"2019-08-26T00:00:00+00:00","article_modified_time":"2023-02-03T11:05:56+00:00","og_image":[{"width":1200,"height":684,"url":"https:\/\/www.matrix4design.com\/wp-content\/uploads\/2020\/03\/ilnuovoprogettodelboscoverticalealcairo.jpg","type":"image\/jpeg"}],"author":"Giulia Guerra","twitter_card":"summary_large_image","twitter_misc":{"Scritto da":"Giulia Guerra","Tempo di lettura stimato":"1 minuto"},"schema":{"@context":"https:\/\/schema.org","@graph":[{"@type":"Article","@id":"https:\/\/www.matrix4design.com\/it\/architettura\/stefano-boeri-progetta-il-primo-bosco-verticale-in-africa\/#article","isPartOf":{"@id":"https:\/\/www.matrix4design.com\/it\/architettura\/stefano-boeri-progetta-il-primo-bosco-verticale-in-africa\/"},"author":{"name":"Giulia Guerra","@id":"https:\/\/www.matrix4design.com\/it\/#\/schema\/person\/9904de51b5d381af5b1b998563d3adfe"},"headline":"Stefano Boeri progetta il primo Bosco Verticale in Africa","datePublished":"2019-08-26T00:00:00+00:00","dateModified":"2023-02-03T11:05:56+00:00","mainEntityOfPage":{"@id":"https:\/\/www.matrix4design.com\/it\/architettura\/stefano-boeri-progetta-il-primo-bosco-verticale-in-africa\/"},"wordCount":221,"publisher":{"@id":"https:\/\/www.matrix4design.com\/it\/#organization"},"image":{"@id":"https:\/\/www.matrix4design.com\/it\/architettura\/stefano-boeri-progetta-il-primo-bosco-verticale-in-africa\/#primaryimage"},"thumbnailUrl":"https:\/\/www.matrix4design.com\/wp-content\/uploads\/2020\/03\/ilnuovoprogettodelboscoverticalealcairo.jpg","keywords":["Architettura","Cersaie 2019"],"articleSection":["Architettura"],"inLanguage":"it-IT"},{"@type":"WebPage","@id":"https:\/\/www.matrix4design.com\/it\/architettura\/stefano-boeri-progetta-il-primo-bosco-verticale-in-africa\/","url":"https:\/\/www.matrix4design.com\/it\/architettura\/stefano-boeri-progetta-il-primo-bosco-verticale-in-africa\/","name":"Stefano Boeri progetta il primo Bosco Verticale in Africa","isPartOf":{"@id":"https:\/\/www.matrix4design.com\/it\/#website"},"primaryImageOfPage":{"@id":"https:\/\/www.matrix4design.com\/it\/architettura\/stefano-boeri-progetta-il-primo-bosco-verticale-in-africa\/#primaryimage"},"image":{"@id":"https:\/\/www.matrix4design.com\/it\/architettura\/stefano-boeri-progetta-il-primo-bosco-verticale-in-africa\/#primaryimage"},"thumbnailUrl":"https:\/\/www.matrix4design.com\/wp-content\/uploads\/2020\/03\/ilnuovoprogettodelboscoverticalealcairo.jpg","datePublished":"2019-08-26T00:00:00+00:00","dateModified":"2023-02-03T11:05:56+00:00","description":"Stefano Boeri Architetti ha recentemente svelato il piano per tre nuovi \u201ccubi verdi\u201d al Cairo.","breadcrumb":{"@id":"https:\/\/www.matrix4design.com\/it\/architettura\/stefano-boeri-progetta-il-primo-bosco-verticale-in-africa\/#breadcrumb"},"inLanguage":"it-IT","potentialAction":[{"@type":"ReadAction","target":["https:\/\/www.matrix4design.com\/it\/architettura\/stefano-boeri-progetta-il-primo-bosco-verticale-in-africa\/"]}]},{"@type":"ImageObject","inLanguage":"it-IT","@id":"https:\/\/www.matrix4design.com\/it\/architettura\/stefano-boeri-progetta-il-primo-bosco-verticale-in-africa\/#primaryimage","url":"https:\/\/www.matrix4design.com\/wp-content\/uploads\/2020\/03\/ilnuovoprogettodelboscoverticalealcairo.jpg","contentUrl":"https:\/\/www.matrix4design.com\/wp-content\/uploads\/2020\/03\/ilnuovoprogettodelboscoverticalealcairo.jpg","width":1200,"height":684},{"@type":"BreadcrumbList","@id":"https:\/\/www.matrix4design.com\/it\/architettura\/stefano-boeri-progetta-il-primo-bosco-verticale-in-africa\/#breadcrumb","itemListElement":[{"@type":"ListItem","position":1,"name":"Home","item":"https:\/\/www.matrix4design.com\/it\/"},{"@type":"ListItem","position":2,"name":"Stefano Boeri progetta il primo Bosco Verticale in Africa"}]},{"@type":"WebSite","@id":"https:\/\/www.matrix4design.com\/it\/#website","url":"https:\/\/www.matrix4design.com\/it\/","name":"Matrix4Design","description":"Digital architecture and design b2b magazine","publisher":{"@id":"https:\/\/www.matrix4design.com\/it\/#organization"},"potentialAction":[{"@type":"SearchAction","target":{"@type":"EntryPoint","urlTemplate":"https:\/\/www.matrix4design.com\/it\/?s={search_term_string}"},"query-input":{"@type":"PropertyValueSpecification","valueRequired":true,"valueName":"search_term_string"}}],"inLanguage":"it-IT"},{"@type":"Organization","@id":"https:\/\/www.matrix4design.com\/it\/#organization","name":"Matrix4Design","url":"https:\/\/www.matrix4design.com\/it\/","logo":{"@type":"ImageObject","inLanguage":"it-IT","@id":"https:\/\/www.matrix4design.com\/it\/#\/schema\/logo\/image\/","url":"https:\/\/www.matrix4design.com\/wp-content\/uploads\/2020\/04\/logo_matrix4design.png","contentUrl":"https:\/\/www.matrix4design.com\/wp-content\/uploads\/2020\/04\/logo_matrix4design.png","width":804,"height":114,"caption":"Matrix4Design"},"image":{"@id":"https:\/\/www.matrix4design.com\/it\/#\/schema\/logo\/image\/"},"sameAs":["https:\/\/www.facebook.com\/matrix4designmagazine\/","https:\/\/www.instagram.com\/matrix4designmagazine\/","https:\/\/www.youtube.com\/channel\/UCtuhSSrP3MOO_URZgv8mQ1A"]},{"@type":"Person","@id":"https:\/\/www.matrix4design.com\/it\/#\/schema\/person\/9904de51b5d381af5b1b998563d3adfe","name":"Giulia Guerra","image":{"@type":"ImageObject","inLanguage":"it-IT","@id":"https:\/\/www.matrix4design.com\/it\/#\/schema\/person\/image\/","url":"https:\/\/www.matrix4design.com\/wp-content\/uploads\/2023\/02\/logo_M4D_2023-96x96.jpg","contentUrl":"https:\/\/www.matrix4design.com\/wp-content\/uploads\/2023\/02\/logo_M4D_2023-96x96.jpg","caption":"Giulia Guerra"},"url":"https:\/\/www.matrix4design.com\/it\/author\/giuliag\/"}]}},"_links":{"self":[{"href":"https:\/\/www.matrix4design.com\/it\/wp-json\/wp\/v2\/posts\/59464","targetHints":{"allow":["GET"]}}],"collection":[{"href":"https:\/\/www.matrix4design.com\/it\/wp-json\/wp\/v2\/posts"}],"about":[{"href":"https:\/\/www.matrix4design.com\/it\/wp-json\/wp\/v2\/types\/post"}],"author":[{"embeddable":true,"href":"https:\/\/www.matrix4design.com\/it\/wp-json\/wp\/v2\/users\/31"}],"replies":[{"embeddable":true,"href":"https:\/\/www.matrix4design.com\/it\/wp-json\/wp\/v2\/comments?post=59464"}],"version-history":[{"count":2,"href":"https:\/\/www.matrix4design.com\/it\/wp-json\/wp\/v2\/posts\/59464\/revisions"}],"predecessor-version":[{"id":75272,"href":"https:\/\/www.matrix4design.com\/it\/wp-json\/wp\/v2\/posts\/59464\/revisions\/75272"}],"wp:featuredmedia":[{"embeddable":true,"href":"https:\/\/www.matrix4design.com\/it\/wp-json\/wp\/v2\/media\/54893"}],"wp:attachment":[{"href":"https:\/\/www.matrix4design.com\/it\/wp-json\/wp\/v2\/media?parent=59464"}],"wp:term":[{"taxonomy":"category","embeddable":true,"href":"https:\/\/www.matrix4design.com\/it\/wp-json\/wp\/v2\/categories?post=59464"},{"taxonomy":"post_tag","embeddable":true,"href":"https:\/\/www.matrix4design.com\/it\/wp-json\/wp\/v2\/tags?post=59464"}],"curies":[{"name":"wp","href":"https:\/\/api.w.org\/{rel}","templated":true}]}}