{"id":59550,"date":"2019-02-21T00:00:00","date_gmt":"2019-02-21T00:00:00","guid":{"rendered":""},"modified":"2020-03-26T10:53:38","modified_gmt":"2020-03-26T10:53:38","slug":"sumitomo-forestry-group-il-legno-protagonista-alla-milano-design-week","status":"publish","type":"post","link":"https:\/\/www.matrix4design.com\/it\/architettura\/sumitomo-forestry-group-il-legno-protagonista-alla-milano-design-week\/","title":{"rendered":"Sumitomo Forestry Group, il legno protagonista alla Milano Design Week"},"content":{"rendered":"<p><body>                   <\/p>\n<div id=\"main-text\">\n<p>Favorisce la concentrazione, la memoria e il riposo, aiuta a gestire lo stress e il trascorrere del tempo, attenua l\u2019impatto della luce artificiale e potenzia l\u2019attivit\u00e0 cerebrale: non sorprende che il legno, depositario delle qualit\u00e0 appena elencate come indicato dalle ultime ricerche, sia un materiale utilizzato fin dall\u2019antichit\u00e0 per diverse soluzioni abitative, dagli spazi domestici agli ambienti di lavoro e di apprendimento.&nbsp;<\/p>\n<p><span>Nobile e versatile, il legno dunque pu\u00f2 e deve avere&nbsp;<b>un ruolo primario per il futuro dell\u2019edilizia abitativa e per migliorare la salute delle persone&nbsp;<\/b>che oramai trascorrono il 90% della propria giornata all\u2019interno di uno spazio chiuso: una missione fatta propria da&nbsp;<b>Sumitomo Forestry Group<\/b>, divisione aziendale del gruppo giapponese&nbsp;<b>Sumitomo<\/b>,&nbsp;<b>dal 1691 specializzata nella lavorazione del legname<\/b>, che, nei secoli, ha sviluppato un know how tale da renderla leader a livello mondiale in questo settore unitamente all\u2019impegno per la tutela ambientale, all\u2019insegna di uno stile di vita sempre pi\u00f9 green.<\/span><span><\/span><\/p>\n<p><span>Antesignani, \u00e8 dal&nbsp;<b>1903&nbsp;<\/b>che&nbsp;<b>Sumitomo Forestry Group si impegna a preservare le risorse che l\u2019ambiente ci offre&nbsp;<\/b>con l\u2019istituzione dell\u2019<b><i>Operation Forestry Plan&nbsp;<\/i><\/b><i><\/i>che si basa sul principio di \u201csustainable forestry\u201d per cui \u00e8 previsto il continuo rinnovo degli alberi utilizzati.<\/span><span><\/span><\/p>\n<p><span><span>Per la prima volta presente alla&nbsp;<b>Milano Design Week<\/b>,&nbsp;<b>Sumitomo Forestry Group&nbsp;<\/b>presenter\u00e0 proprio qui&nbsp;<b>alcune soluzioni di design, elementi modulari dalle forme ovali,&nbsp;<\/b>che hanno come obiettivo quello di rendere pi\u00f9 naturali e funzionali gli ambienti abitativi, incoraggiando cos\u00ec nuovi utilizzi dei materiali e pi\u00f9 validi criteri di scelta degli oggetti di cui ci circondiamo, per uno stile di vita sostenibile all\u2019insegna del motto&nbsp;<i>Happiness grows from trees<\/i>.<\/span><span><\/span><\/span><\/p>\n<p><span><span><img decoding=\"async\" src=\"https:\/\/www.matrix4design.com\/wp-content\/uploads\/2020\/03\/unnamed2-7-1-7.jpg\" alt=\"\" class=\"image-inline\" title=\"\"><\/span><\/span><\/p>\n<p><b><span>Gli elementi modulari decorativi a soffitto&nbsp;<\/span><\/b><span>si presentano come grandi petali di legno, strutture leggere in sospensione che, enfatizzando esteticamente la bellezza del materiale e la sua leggerezza ottenuta con tecniche di lavorazione all\u2019avanguardia, agiscono sulla limitazione dell\u2019impatto acustico e sull\u2019illuminazione degli ambienti rendendo la luce pi\u00f9 naturale.<\/span><\/p>\n<p><span><b><span>Le partizioni da tavolo&nbsp;<\/span><\/b><span>mantengono anch\u2019esse forme fluide e leggere, realizzate in diverse tonalit\u00e0 naturali, e producono effetti positivi ricreando uno spazio personale pi\u00f9 accogliente dove i livelli di stress diminuiscono.<\/span><\/span><\/p>\n<p><span><span><img decoding=\"async\" src=\"https:\/\/www.matrix4design.com\/wp-content\/uploads\/2020\/03\/unnamed3-0-3-7.jpg\" alt=\"\" class=\"image-inline\" title=\"\"><\/span><\/span><\/p>\n<p><span><span><span>Oltre alla funzione di&nbsp;<i>restorative design&nbsp;<\/i>che rinsalda il legame tra uomo e natura all\u2019insegna di una nuova consapevolezza, i moduli si presentano come versatili strutture di interior decor e possono essere utilizzate per un\u2019infinit\u00e0 di applicazioni.<\/span><span><\/span><\/span><\/span><\/p>\n<p><span><span><span><span>Durante l\u2019esposizione, inoltre, le indagini sui benefici del legno si arricchiranno di ulteriori dati coinvolgendo il pubblico, per compiere un ulteriore passo verso la realizzazione del progetto visionario di Sumitomo Forestry Group &#8211;&nbsp;<b><i>Changing City into Forest&nbsp;<\/i><\/b>&#8211; che prevede l\u2019utilizzo del legno a 360 gradi per riformulare la citt\u00e0.<\/span><span><\/span><\/span><\/span><\/span><\/p>\n<p><span><span><span><span><span>In occasione del 350esimo anniversario della sua fondazione che cadr\u00e0 nel 2041, l\u2019azienda ha infatti annunciato la costruzione della torre&nbsp;<b>W350, un grattacielo di 350 m interamente realizzato in legno<\/b>: l&#8217;obiettivo \u00e8 quello di creare citt\u00e0 rispettose dell&#8217;ambiente unicamente costruite con il legname, in modo che diventino autentiche \u201cforeste\u201d urbane grazie a un maggiore impiego dell&#8217;architettura in legno per edifici di grandi dimensioni.<\/span><span><\/span><\/span><\/span><\/span><\/span><\/p>\n<p><span><span><span><span><span><span>Uno straordinario progetto d\u2019innovazione, ma con radici antichissime.<\/span><span><\/span><\/span><\/span><\/span><\/span><\/span><\/p>\n<p>&nbsp;<\/p>\n<\/div>\n<p>                   <!--                                   \n\n<div id=\"load-section\">                                     \n\n<div class=\"load-bar\">                                       <span>Load More<\/span>                                     <\/div>\n\n                                   <\/div>\n\n                   -->                                                       <br \/><\/body><\/p>\n","protected":false},"excerpt":{"rendered":"<p>Favorisce la concentrazione, la memoria e il riposo, aiuta a gestire lo stress e il trascorrere del tempo, attenua l\u2019impatto della luce artificiale e potenzia l\u2019attivit\u00e0 cerebrale: non sorprende che il legno, depositario delle qualit\u00e0 appena elencate come indicato dalle ultime ricerche, sia un materiale utilizzato fin dall\u2019antichit\u00e0 per diverse soluzioni abitative, dagli spazi domestici [&hellip;]<\/p>\n","protected":false},"author":6,"featured_media":59551,"comment_status":"open","ping_status":"open","sticky":false,"template":"","format":"standard","meta":{"_acf_changed":false,"footnotes":""},"categories":[367],"tags":[37,318],"class_list":{"0":"post-59550","1":"post","2":"type-post","3":"status-publish","4":"format-standard","5":"has-post-thumbnail","7":"category-architettura","8":"tag-architettura","9":"tag-salone-del-mobile-2019"},"acf":[],"yoast_head":"<!-- This site is optimized with the Yoast SEO plugin v27.0 - https:\/\/yoast.com\/product\/yoast-seo-wordpress\/ -->\n<title>Sumitomo Forestry Group, il legno protagonista alla Milano Design Week<\/title>\n<meta name=\"description\" content=\"Alla Milano Design Week sbarca l\u2019innovazione della giapponese Sumitomo: \u00e8 il legno il materiale di domani.\" \/>\n<meta name=\"robots\" content=\"index, follow, max-snippet:-1, max-image-preview:large, max-video-preview:-1\" \/>\n<link rel=\"canonical\" href=\"https:\/\/www.matrix4design.com\/it\/architettura\/sumitomo-forestry-group-il-legno-protagonista-alla-milano-design-week\/\" \/>\n<meta property=\"og:locale\" content=\"it_IT\" \/>\n<meta property=\"og:type\" content=\"article\" \/>\n<meta property=\"og:title\" content=\"Sumitomo Forestry Group, il legno protagonista alla Milano Design Week\" \/>\n<meta property=\"og:description\" content=\"Alla Milano Design Week sbarca l\u2019innovazione della giapponese Sumitomo: \u00e8 il legno il materiale di domani.\" \/>\n<meta property=\"og:url\" content=\"https:\/\/www.matrix4design.com\/it\/architettura\/sumitomo-forestry-group-il-legno-protagonista-alla-milano-design-week\/\" \/>\n<meta property=\"og:site_name\" content=\"Matrix4Design\" \/>\n<meta property=\"article:publisher\" content=\"https:\/\/www.facebook.com\/matrix4designmagazine\/\" \/>\n<meta property=\"article:published_time\" content=\"2019-02-21T00:00:00+00:00\" \/>\n<meta property=\"article:modified_time\" content=\"2020-03-26T10:53:38+00:00\" \/>\n<meta property=\"og:image\" content=\"https:\/\/www.matrix4design.com\/wp-content\/uploads\/2020\/03\/unnamed2-5-9-9.jpg\" \/>\n\t<meta property=\"og:image:width\" content=\"150\" \/>\n\t<meta property=\"og:image:height\" content=\"150\" \/>\n\t<meta property=\"og:image:type\" content=\"image\/jpeg\" \/>\n<meta name=\"author\" content=\"Redazione\" \/>\n<meta name=\"twitter:card\" content=\"summary_large_image\" \/>\n<meta name=\"twitter:label1\" content=\"Scritto da\" \/>\n\t<meta name=\"twitter:data1\" content=\"Redazione\" \/>\n\t<meta name=\"twitter:label2\" content=\"Tempo di lettura stimato\" \/>\n\t<meta name=\"twitter:data2\" content=\"3 minuti\" \/>\n<script type=\"application\/ld+json\" class=\"yoast-schema-graph\">{\"@context\":\"https:\/\/schema.org\",\"@graph\":[{\"@type\":\"Article\",\"@id\":\"https:\/\/www.matrix4design.com\/it\/architettura\/sumitomo-forestry-group-il-legno-protagonista-alla-milano-design-week\/#article\",\"isPartOf\":{\"@id\":\"https:\/\/www.matrix4design.com\/it\/architettura\/sumitomo-forestry-group-il-legno-protagonista-alla-milano-design-week\/\"},\"author\":{\"name\":\"Redazione\",\"@id\":\"https:\/\/www.matrix4design.com\/it\/#\/schema\/person\/b2b6dd48f9d6892ca224742379951fa1\"},\"headline\":\"Sumitomo Forestry Group, il legno protagonista alla Milano Design Week\",\"datePublished\":\"2019-02-21T00:00:00+00:00\",\"dateModified\":\"2020-03-26T10:53:38+00:00\",\"mainEntityOfPage\":{\"@id\":\"https:\/\/www.matrix4design.com\/it\/architettura\/sumitomo-forestry-group-il-legno-protagonista-alla-milano-design-week\/\"},\"wordCount\":551,\"commentCount\":0,\"publisher\":{\"@id\":\"https:\/\/www.matrix4design.com\/it\/#organization\"},\"image\":{\"@id\":\"https:\/\/www.matrix4design.com\/it\/architettura\/sumitomo-forestry-group-il-legno-protagonista-alla-milano-design-week\/#primaryimage\"},\"thumbnailUrl\":\"https:\/\/www.matrix4design.com\/wp-content\/uploads\/2020\/03\/unnamed2-5-9-9.jpg\",\"keywords\":[\"Architettura\",\"Salone del Mobile 2019\"],\"articleSection\":[\"Architettura\"],\"inLanguage\":\"it-IT\"},{\"@type\":\"WebPage\",\"@id\":\"https:\/\/www.matrix4design.com\/it\/architettura\/sumitomo-forestry-group-il-legno-protagonista-alla-milano-design-week\/\",\"url\":\"https:\/\/www.matrix4design.com\/it\/architettura\/sumitomo-forestry-group-il-legno-protagonista-alla-milano-design-week\/\",\"name\":\"Sumitomo Forestry Group, il legno protagonista alla Milano Design Week\",\"isPartOf\":{\"@id\":\"https:\/\/www.matrix4design.com\/it\/#website\"},\"primaryImageOfPage\":{\"@id\":\"https:\/\/www.matrix4design.com\/it\/architettura\/sumitomo-forestry-group-il-legno-protagonista-alla-milano-design-week\/#primaryimage\"},\"image\":{\"@id\":\"https:\/\/www.matrix4design.com\/it\/architettura\/sumitomo-forestry-group-il-legno-protagonista-alla-milano-design-week\/#primaryimage\"},\"thumbnailUrl\":\"https:\/\/www.matrix4design.com\/wp-content\/uploads\/2020\/03\/unnamed2-5-9-9.jpg\",\"datePublished\":\"2019-02-21T00:00:00+00:00\",\"dateModified\":\"2020-03-26T10:53:38+00:00\",\"description\":\"Alla Milano Design Week sbarca l\u2019innovazione della giapponese Sumitomo: \u00e8 il legno il materiale di domani.\",\"breadcrumb\":{\"@id\":\"https:\/\/www.matrix4design.com\/it\/architettura\/sumitomo-forestry-group-il-legno-protagonista-alla-milano-design-week\/#breadcrumb\"},\"inLanguage\":\"it-IT\",\"potentialAction\":[{\"@type\":\"ReadAction\",\"target\":[\"https:\/\/www.matrix4design.com\/it\/architettura\/sumitomo-forestry-group-il-legno-protagonista-alla-milano-design-week\/\"]}]},{\"@type\":\"ImageObject\",\"inLanguage\":\"it-IT\",\"@id\":\"https:\/\/www.matrix4design.com\/it\/architettura\/sumitomo-forestry-group-il-legno-protagonista-alla-milano-design-week\/#primaryimage\",\"url\":\"https:\/\/www.matrix4design.com\/wp-content\/uploads\/2020\/03\/unnamed2-5-9-9.jpg\",\"contentUrl\":\"https:\/\/www.matrix4design.com\/wp-content\/uploads\/2020\/03\/unnamed2-5-9-9.jpg\",\"width\":150,\"height\":150},{\"@type\":\"BreadcrumbList\",\"@id\":\"https:\/\/www.matrix4design.com\/it\/architettura\/sumitomo-forestry-group-il-legno-protagonista-alla-milano-design-week\/#breadcrumb\",\"itemListElement\":[{\"@type\":\"ListItem\",\"position\":1,\"name\":\"Home\",\"item\":\"https:\/\/www.matrix4design.com\/it\/\"},{\"@type\":\"ListItem\",\"position\":2,\"name\":\"Sumitomo Forestry Group, il legno protagonista alla Milano Design Week\"}]},{\"@type\":\"WebSite\",\"@id\":\"https:\/\/www.matrix4design.com\/it\/#website\",\"url\":\"https:\/\/www.matrix4design.com\/it\/\",\"name\":\"Matrix4Design\",\"description\":\"Digital architecture and design b2b magazine\",\"publisher\":{\"@id\":\"https:\/\/www.matrix4design.com\/it\/#organization\"},\"potentialAction\":[{\"@type\":\"SearchAction\",\"target\":{\"@type\":\"EntryPoint\",\"urlTemplate\":\"https:\/\/www.matrix4design.com\/it\/?s={search_term_string}\"},\"query-input\":{\"@type\":\"PropertyValueSpecification\",\"valueRequired\":true,\"valueName\":\"search_term_string\"}}],\"inLanguage\":\"it-IT\"},{\"@type\":\"Organization\",\"@id\":\"https:\/\/www.matrix4design.com\/it\/#organization\",\"name\":\"Matrix4Design\",\"url\":\"https:\/\/www.matrix4design.com\/it\/\",\"logo\":{\"@type\":\"ImageObject\",\"inLanguage\":\"it-IT\",\"@id\":\"https:\/\/www.matrix4design.com\/it\/#\/schema\/logo\/image\/\",\"url\":\"https:\/\/www.matrix4design.com\/wp-content\/uploads\/2020\/04\/logo_matrix4design.png\",\"contentUrl\":\"https:\/\/www.matrix4design.com\/wp-content\/uploads\/2020\/04\/logo_matrix4design.png\",\"width\":804,\"height\":114,\"caption\":\"Matrix4Design\"},\"image\":{\"@id\":\"https:\/\/www.matrix4design.com\/it\/#\/schema\/logo\/image\/\"},\"sameAs\":[\"https:\/\/www.facebook.com\/matrix4designmagazine\/\",\"https:\/\/www.instagram.com\/matrix4designmagazine\/\",\"https:\/\/www.youtube.com\/channel\/UCtuhSSrP3MOO_URZgv8mQ1A\"]},{\"@type\":\"Person\",\"@id\":\"https:\/\/www.matrix4design.com\/it\/#\/schema\/person\/b2b6dd48f9d6892ca224742379951fa1\",\"name\":\"Redazione\",\"image\":{\"@type\":\"ImageObject\",\"inLanguage\":\"it-IT\",\"@id\":\"https:\/\/www.matrix4design.com\/it\/#\/schema\/person\/image\/\",\"url\":\"https:\/\/www.matrix4design.com\/wp-content\/uploads\/2023\/01\/logo_M4D_2023-96x96.jpg\",\"contentUrl\":\"https:\/\/www.matrix4design.com\/wp-content\/uploads\/2023\/01\/logo_M4D_2023-96x96.jpg\",\"caption\":\"Redazione\"},\"url\":\"https:\/\/www.matrix4design.com\/it\/author\/redazione\/\"}]}<\/script>\n<!-- \/ Yoast SEO plugin. -->","yoast_head_json":{"title":"Sumitomo Forestry Group, il legno protagonista alla Milano Design Week","description":"Alla Milano Design Week sbarca l\u2019innovazione della giapponese Sumitomo: \u00e8 il legno il materiale di domani.","robots":{"index":"index","follow":"follow","max-snippet":"max-snippet:-1","max-image-preview":"max-image-preview:large","max-video-preview":"max-video-preview:-1"},"canonical":"https:\/\/www.matrix4design.com\/it\/architettura\/sumitomo-forestry-group-il-legno-protagonista-alla-milano-design-week\/","og_locale":"it_IT","og_type":"article","og_title":"Sumitomo Forestry Group, il legno protagonista alla Milano Design Week","og_description":"Alla Milano Design Week sbarca l\u2019innovazione della giapponese Sumitomo: \u00e8 il legno il materiale di domani.","og_url":"https:\/\/www.matrix4design.com\/it\/architettura\/sumitomo-forestry-group-il-legno-protagonista-alla-milano-design-week\/","og_site_name":"Matrix4Design","article_publisher":"https:\/\/www.facebook.com\/matrix4designmagazine\/","article_published_time":"2019-02-21T00:00:00+00:00","article_modified_time":"2020-03-26T10:53:38+00:00","og_image":[{"width":150,"height":150,"url":"https:\/\/www.matrix4design.com\/wp-content\/uploads\/2020\/03\/unnamed2-5-9-9.jpg","type":"image\/jpeg"}],"author":"Redazione","twitter_card":"summary_large_image","twitter_misc":{"Scritto da":"Redazione","Tempo di lettura stimato":"3 minuti"},"schema":{"@context":"https:\/\/schema.org","@graph":[{"@type":"Article","@id":"https:\/\/www.matrix4design.com\/it\/architettura\/sumitomo-forestry-group-il-legno-protagonista-alla-milano-design-week\/#article","isPartOf":{"@id":"https:\/\/www.matrix4design.com\/it\/architettura\/sumitomo-forestry-group-il-legno-protagonista-alla-milano-design-week\/"},"author":{"name":"Redazione","@id":"https:\/\/www.matrix4design.com\/it\/#\/schema\/person\/b2b6dd48f9d6892ca224742379951fa1"},"headline":"Sumitomo Forestry Group, il legno protagonista alla Milano Design Week","datePublished":"2019-02-21T00:00:00+00:00","dateModified":"2020-03-26T10:53:38+00:00","mainEntityOfPage":{"@id":"https:\/\/www.matrix4design.com\/it\/architettura\/sumitomo-forestry-group-il-legno-protagonista-alla-milano-design-week\/"},"wordCount":551,"commentCount":0,"publisher":{"@id":"https:\/\/www.matrix4design.com\/it\/#organization"},"image":{"@id":"https:\/\/www.matrix4design.com\/it\/architettura\/sumitomo-forestry-group-il-legno-protagonista-alla-milano-design-week\/#primaryimage"},"thumbnailUrl":"https:\/\/www.matrix4design.com\/wp-content\/uploads\/2020\/03\/unnamed2-5-9-9.jpg","keywords":["Architettura","Salone del Mobile 2019"],"articleSection":["Architettura"],"inLanguage":"it-IT"},{"@type":"WebPage","@id":"https:\/\/www.matrix4design.com\/it\/architettura\/sumitomo-forestry-group-il-legno-protagonista-alla-milano-design-week\/","url":"https:\/\/www.matrix4design.com\/it\/architettura\/sumitomo-forestry-group-il-legno-protagonista-alla-milano-design-week\/","name":"Sumitomo Forestry Group, il legno protagonista alla Milano Design Week","isPartOf":{"@id":"https:\/\/www.matrix4design.com\/it\/#website"},"primaryImageOfPage":{"@id":"https:\/\/www.matrix4design.com\/it\/architettura\/sumitomo-forestry-group-il-legno-protagonista-alla-milano-design-week\/#primaryimage"},"image":{"@id":"https:\/\/www.matrix4design.com\/it\/architettura\/sumitomo-forestry-group-il-legno-protagonista-alla-milano-design-week\/#primaryimage"},"thumbnailUrl":"https:\/\/www.matrix4design.com\/wp-content\/uploads\/2020\/03\/unnamed2-5-9-9.jpg","datePublished":"2019-02-21T00:00:00+00:00","dateModified":"2020-03-26T10:53:38+00:00","description":"Alla Milano Design Week sbarca l\u2019innovazione della giapponese Sumitomo: \u00e8 il legno il materiale di domani.","breadcrumb":{"@id":"https:\/\/www.matrix4design.com\/it\/architettura\/sumitomo-forestry-group-il-legno-protagonista-alla-milano-design-week\/#breadcrumb"},"inLanguage":"it-IT","potentialAction":[{"@type":"ReadAction","target":["https:\/\/www.matrix4design.com\/it\/architettura\/sumitomo-forestry-group-il-legno-protagonista-alla-milano-design-week\/"]}]},{"@type":"ImageObject","inLanguage":"it-IT","@id":"https:\/\/www.matrix4design.com\/it\/architettura\/sumitomo-forestry-group-il-legno-protagonista-alla-milano-design-week\/#primaryimage","url":"https:\/\/www.matrix4design.com\/wp-content\/uploads\/2020\/03\/unnamed2-5-9-9.jpg","contentUrl":"https:\/\/www.matrix4design.com\/wp-content\/uploads\/2020\/03\/unnamed2-5-9-9.jpg","width":150,"height":150},{"@type":"BreadcrumbList","@id":"https:\/\/www.matrix4design.com\/it\/architettura\/sumitomo-forestry-group-il-legno-protagonista-alla-milano-design-week\/#breadcrumb","itemListElement":[{"@type":"ListItem","position":1,"name":"Home","item":"https:\/\/www.matrix4design.com\/it\/"},{"@type":"ListItem","position":2,"name":"Sumitomo Forestry Group, il legno protagonista alla Milano Design Week"}]},{"@type":"WebSite","@id":"https:\/\/www.matrix4design.com\/it\/#website","url":"https:\/\/www.matrix4design.com\/it\/","name":"Matrix4Design","description":"Digital architecture and design b2b magazine","publisher":{"@id":"https:\/\/www.matrix4design.com\/it\/#organization"},"potentialAction":[{"@type":"SearchAction","target":{"@type":"EntryPoint","urlTemplate":"https:\/\/www.matrix4design.com\/it\/?s={search_term_string}"},"query-input":{"@type":"PropertyValueSpecification","valueRequired":true,"valueName":"search_term_string"}}],"inLanguage":"it-IT"},{"@type":"Organization","@id":"https:\/\/www.matrix4design.com\/it\/#organization","name":"Matrix4Design","url":"https:\/\/www.matrix4design.com\/it\/","logo":{"@type":"ImageObject","inLanguage":"it-IT","@id":"https:\/\/www.matrix4design.com\/it\/#\/schema\/logo\/image\/","url":"https:\/\/www.matrix4design.com\/wp-content\/uploads\/2020\/04\/logo_matrix4design.png","contentUrl":"https:\/\/www.matrix4design.com\/wp-content\/uploads\/2020\/04\/logo_matrix4design.png","width":804,"height":114,"caption":"Matrix4Design"},"image":{"@id":"https:\/\/www.matrix4design.com\/it\/#\/schema\/logo\/image\/"},"sameAs":["https:\/\/www.facebook.com\/matrix4designmagazine\/","https:\/\/www.instagram.com\/matrix4designmagazine\/","https:\/\/www.youtube.com\/channel\/UCtuhSSrP3MOO_URZgv8mQ1A"]},{"@type":"Person","@id":"https:\/\/www.matrix4design.com\/it\/#\/schema\/person\/b2b6dd48f9d6892ca224742379951fa1","name":"Redazione","image":{"@type":"ImageObject","inLanguage":"it-IT","@id":"https:\/\/www.matrix4design.com\/it\/#\/schema\/person\/image\/","url":"https:\/\/www.matrix4design.com\/wp-content\/uploads\/2023\/01\/logo_M4D_2023-96x96.jpg","contentUrl":"https:\/\/www.matrix4design.com\/wp-content\/uploads\/2023\/01\/logo_M4D_2023-96x96.jpg","caption":"Redazione"},"url":"https:\/\/www.matrix4design.com\/it\/author\/redazione\/"}]}},"_links":{"self":[{"href":"https:\/\/www.matrix4design.com\/it\/wp-json\/wp\/v2\/posts\/59550","targetHints":{"allow":["GET"]}}],"collection":[{"href":"https:\/\/www.matrix4design.com\/it\/wp-json\/wp\/v2\/posts"}],"about":[{"href":"https:\/\/www.matrix4design.com\/it\/wp-json\/wp\/v2\/types\/post"}],"author":[{"embeddable":true,"href":"https:\/\/www.matrix4design.com\/it\/wp-json\/wp\/v2\/users\/6"}],"replies":[{"embeddable":true,"href":"https:\/\/www.matrix4design.com\/it\/wp-json\/wp\/v2\/comments?post=59550"}],"version-history":[{"count":1,"href":"https:\/\/www.matrix4design.com\/it\/wp-json\/wp\/v2\/posts\/59550\/revisions"}],"predecessor-version":[{"id":63695,"href":"https:\/\/www.matrix4design.com\/it\/wp-json\/wp\/v2\/posts\/59550\/revisions\/63695"}],"wp:featuredmedia":[{"embeddable":true,"href":"https:\/\/www.matrix4design.com\/it\/wp-json\/wp\/v2\/media\/59551"}],"wp:attachment":[{"href":"https:\/\/www.matrix4design.com\/it\/wp-json\/wp\/v2\/media?parent=59550"}],"wp:term":[{"taxonomy":"category","embeddable":true,"href":"https:\/\/www.matrix4design.com\/it\/wp-json\/wp\/v2\/categories?post=59550"},{"taxonomy":"post_tag","embeddable":true,"href":"https:\/\/www.matrix4design.com\/it\/wp-json\/wp\/v2\/tags?post=59550"}],"curies":[{"name":"wp","href":"https:\/\/api.w.org\/{rel}","templated":true}]}}