{"id":59897,"date":"2019-04-01T00:00:00","date_gmt":"2019-04-01T00:00:00","guid":{"rendered":""},"modified":"2020-03-26T10:53:32","modified_gmt":"2020-03-26T10:53:32","slug":"2019-l2019anno-di-barel","status":"publish","type":"post","link":"https:\/\/www.matrix4design.com\/it\/design\/2019-l2019anno-di-barel\/","title":{"rendered":"2019, l\u2019anno di Barel"},"content":{"rendered":"<p><body>                   <\/p>\n<div id=\"main-text\">\n<p>Un anno sensazionale, pieno di conferme e novit\u00e0: nel 2019<b> Barel<\/b> \u00e8 pronta a presentare al suo pubblico una gamma di prodotti estremamente vasta, con il fondamentale supporto dell\u2019architetto <b>Simone Micheli<\/b>, consulente strategico per l\u2019immagine dell\u2019azienda ed autore del progetto dello stand Barel al Salone del Mobile di quest\u2019anno.<\/p>\n<p>Parallelamente, durante la <b>Milano Design Week<\/b>, l\u2019azienda sar\u00e0 fra i protagonisti del Fuori Salone targato Micheli: a Lambrate, la mostra <b>HOTEL REGENERATION&nbsp; social space | social life | social time<\/b> vedr\u00e0 ancora i prodotti Barel in prima linea.<\/p>\n<p><img decoding=\"async\" src=\"https:\/\/www.matrix4design.com\/wp-content\/uploads\/2020\/03\/BAREL_ZONA_NOTTE_3507X1973_IMG_01_VISTA_PRINCIPALE.jpg\" alt=\"\" class=\"image-inline\" title=\"\"><\/p>\n<p>In particolare, per la realizzazione di elementi fondamentali dell\u2019architettura dello stand, Simone Micheli ha selezionato anche quest\u2019anno prodotti di altissimo profilo come il parquet di Bruno Parquet e le carte da parati di Skinwall, e proprio in questa splendida cornice, Barel presenter\u00e0 al pubblico nuovi accattivanti pezzi dell\u2019architetto Micheli: il coffee table-pouf <b>Sfera<\/b>, il tavolino-pouf <strong>Girotondo<\/strong>&nbsp;e la lampada <b>ET<\/b>, progettata in collaborazione con <b>Gerbaldo Polimeri<\/b> (nota azienda nel campo dei materiali plastici) e creata utilizzando l\u2019innovativo materiale Hexell Aeon 99.<\/p>\n<p><img decoding=\"async\" src=\"https:\/\/www.matrix4design.com\/wp-content\/uploads\/2020\/03\/Living.jpg\" alt=\"\" class=\"image-inline\" title=\"\"><\/p>\n<p>Il capitolo novit\u00e0 di Barel \u00e8 altrettanto ricco poich\u00e9 Il Salone 2019 vedr\u00e0 protagonisti anche un altro importante architetto: <b>Andrea Lucatello <\/b>ha infatti firmato per Barel il tavolo <strong>Eiger<\/strong>, la consolle <strong>Quartz<\/strong>, la madia <b>Brilliant<\/b>, il letto <strong>Globe<\/strong><b>&nbsp;<\/b>e lo specchio<b> Flash<\/b>, disegnato in collaborazione con lo studio Tecnico Interno.<\/p>\n<p><img decoding=\"async\" src=\"https:\/\/www.matrix4design.com\/wp-content\/uploads\/2020\/03\/BAR_3507X1973_4NL_05FD_VISTA_PRINCIPALE_InteractiveLightMix.jpg\" alt=\"\" class=\"image-inline\" title=\"\"><\/p>\n<p>Ma non solo. Barel presenter\u00e0 la<b> poltroncina<\/b> <b>Aliko<\/b>, del famoso architetto <b>Gianni Arnaudo<\/b>, e la sua variante <b>panchetta Aliko<\/b>: Aliko viene creata da Gianni Arnaudo in occasione dell\u2019arredamento di una delle discoteche esposte nella mostra Night Fever, prima a Basilea al Vitra Design Museum e ora all\u2019Atomium Design Art Museum di Bruxelles.<\/p>\n<p>Un oggetto iconico e senza tempo, esattamente come lo stile Barel.<\/p>\n<\/div>\n<p>                   <!--                                   \n\n<div id=\"load-section\">                                     \n\n<div class=\"load-bar\">                                       <span>Load More<\/span>                                     <\/div>\n\n                                   <\/div>\n\n                   -->                                      <\/p>\n<div id=\"gallery-section\">\n<div id=\"gallery-init\">                                                <a href=\"https:\/\/www.matrix4design.com\/wp-content\/uploads\/attachments\/consolle-eiger-2.jpg\" onclick=\"ga('send', 'pageview','GALLERY - 2019, l\u2019anno di Barel')\">                      <span>                        <i class=\"fa fa-search-plus\"><\/i>                       <\/span>                           <img loading=\"lazy\" decoding=\"async\" src=\"https:\/\/www.matrix4design.com\/wp-content\/uploads\/2020\/03\/image_preview-5-9-5-1-4.jpg\" alt=\"Consolle Eiger 2.jpg\" title=\"Consolle Eiger 2.jpg\" height=\"200\" width=\"266\">                         <\/a>                                                                       <a href=\"https:\/\/www.matrix4design.com\/wp-content\/uploads\/attachments\/letto-sphere.jpg\" onclick=\"ga('send', 'pageview','GALLERY - 2019, l\u2019anno di Barel')\">                      <span>                        <i class=\"fa fa-search-plus\"><\/i>                       <\/span>                           <img loading=\"lazy\" decoding=\"async\" src=\"https:\/\/www.matrix4design.com\/wp-content\/uploads\/2020\/03\/image_preview-4-7-1-7.jpg\" alt=\"letto Sphere.jpg\" title=\"letto Sphere.jpg\" height=\"200\" width=\"266\">                         <\/a>                                                                       <a href=\"https:\/\/www.matrix4design.com\/wp-content\/uploads\/attachments\/madia-brillian.jpg\" onclick=\"ga('send', 'pageview','GALLERY - 2019, l\u2019anno di Barel')\">                      <span>                        <i class=\"fa fa-search-plus\"><\/i>                       <\/span>                           <img loading=\"lazy\" decoding=\"async\" src=\"https:\/\/www.matrix4design.com\/wp-content\/uploads\/2020\/03\/image_preview-2-0-2-9-2.jpg\" alt=\"Madia Brillian.jpg\" title=\"Madia Brillian.jpg\" height=\"200\" width=\"266\">                         <\/a>                                                                       <a href=\"https:\/\/www.matrix4design.com\/wp-content\/uploads\/attachments\/seduta-medio-stondata.jpg\" onclick=\"ga('send', 'pageview','GALLERY - 2019, l\u2019anno di Barel')\">                      <span>                        <i class=\"fa fa-search-plus\"><\/i>                       <\/span>                           <img loading=\"lazy\" decoding=\"async\" src=\"https:\/\/www.matrix4design.com\/wp-content\/uploads\/2020\/03\/image_preview-3-2-8-6-9-6.jpg\" alt=\"seduta medio-stondata.jpg\" title=\"seduta medio-stondata.jpg\" height=\"200\" width=\"266\">                         <\/a>                                                                       <a href=\"https:\/\/www.matrix4design.com\/wp-content\/uploads\/attachments\/seduta-rettangolare.jpg\" onclick=\"ga('send', 'pageview','GALLERY - 2019, l\u2019anno di Barel')\">                      <span>                        <i class=\"fa fa-search-plus\"><\/i>                       <\/span>                           <img loading=\"lazy\" decoding=\"async\" src=\"https:\/\/www.matrix4design.com\/wp-content\/uploads\/2020\/03\/image_preview-3-0-7-3.jpg\" alt=\"seduta rettangolare.jpg\" title=\"seduta rettangolare.jpg\" height=\"200\" width=\"266\">                         <\/a>                                                                       <a href=\"https:\/\/www.matrix4design.com\/wp-content\/uploads\/attachments\/seduta-stondata.jpg\" onclick=\"ga('send', 'pageview','GALLERY - 2019, l\u2019anno di Barel')\">                      <span>                        <i class=\"fa fa-search-plus\"><\/i>                       <\/span>                           <img loading=\"lazy\" decoding=\"async\" src=\"https:\/\/www.matrix4design.com\/wp-content\/uploads\/2020\/03\/image_preview-5-6-1-2-5.jpg\" alt=\"seduta stondata.jpg\" title=\"seduta stondata.jpg\" height=\"200\" width=\"266\">                         <\/a>                                                                       <a href=\"https:\/\/www.matrix4design.com\/wp-content\/uploads\/attachments\/sgabello-mike-2.jpg\" onclick=\"ga('send', 'pageview','GALLERY - 2019, l\u2019anno di Barel')\">                      <span>                        <i class=\"fa fa-search-plus\"><\/i>                       <\/span>                           <img loading=\"lazy\" decoding=\"async\" src=\"https:\/\/www.matrix4design.com\/wp-content\/uploads\/2020\/03\/image_preview-6-4-1-5.jpg\" alt=\"Sgabello Mike 2.jpg\" title=\"Sgabello Mike 2.jpg\" height=\"200\" width=\"266\">                         <\/a>                                                                       <a href=\"https:\/\/www.matrix4design.com\/wp-content\/uploads\/attachments\/sgabello-mike.jpg\" onclick=\"ga('send', 'pageview','GALLERY - 2019, l\u2019anno di Barel')\">                      <span>                        <i class=\"fa fa-search-plus\"><\/i>                       <\/span>                           <img loading=\"lazy\" decoding=\"async\" src=\"https:\/\/www.matrix4design.com\/wp-content\/uploads\/2020\/03\/image_preview-0-3-0-4-0.jpg\" alt=\"Sgabello Mike.jpg\" title=\"Sgabello Mike.jpg\" height=\"200\" width=\"266\">                         <\/a>                                                                       <a href=\"https:\/\/www.matrix4design.com\/wp-content\/uploads\/attachments\/specchio-flash.jpg\" onclick=\"ga('send', 'pageview','GALLERY - 2019, l\u2019anno di Barel')\">                      <span>                        <i class=\"fa fa-search-plus\"><\/i>                       <\/span>                           <img loading=\"lazy\" decoding=\"async\" src=\"https:\/\/www.matrix4design.com\/wp-content\/uploads\/2020\/03\/image_preview-1-2-3-2.jpg\" alt=\"specchio Flash.jpg\" title=\"specchio Flash.jpg\" height=\"200\" width=\"266\">                         <\/a>                                                                       <a href=\"https:\/\/www.matrix4design.com\/wp-content\/uploads\/attachments\/tavolo-eiger.jpg\" onclick=\"ga('send', 'pageview','GALLERY - 2019, l\u2019anno di Barel')\">                      <span>                        <i class=\"fa fa-search-plus\"><\/i>                       <\/span>                           <img loading=\"lazy\" decoding=\"async\" src=\"https:\/\/www.matrix4design.com\/wp-content\/uploads\/2020\/03\/image_preview-5-2-4-9-4.jpg\" alt=\"Tavolo Eiger.jpg\" title=\"Tavolo Eiger.jpg\" height=\"200\" width=\"266\">                         <\/a>                                                                       <a href=\"https:\/\/www.matrix4design.com\/wp-content\/uploads\/attachments\/versione-grande.jpg\" onclick=\"ga('send', 'pageview','GALLERY - 2019, l\u2019anno di Barel')\">                      <span>                        <i class=\"fa fa-search-plus\"><\/i>                       <\/span>                           <img loading=\"lazy\" decoding=\"async\" src=\"https:\/\/www.matrix4design.com\/wp-content\/uploads\/2020\/03\/image_preview-2-6-4-9-9-5.jpg\" alt=\"versione grande.jpg\" title=\"versione grande.jpg\" height=\"200\" width=\"266\">                         <\/a>                                                                       <a href=\"https:\/\/www.matrix4design.com\/wp-content\/uploads\/attachments\/versione-piccola-1.jpg\" onclick=\"ga('send', 'pageview','GALLERY - 2019, l\u2019anno di Barel')\">                      <span>                        <i class=\"fa fa-search-plus\"><\/i>                       <\/span>                           <img loading=\"lazy\" decoding=\"async\" src=\"https:\/\/www.matrix4design.com\/wp-content\/uploads\/2020\/03\/image_preview-6-2-0-3-4.jpg\" alt=\"versione piccola (1).jpg\" title=\"versione piccola (1).jpg\" height=\"200\" width=\"266\">                         <\/a>                                                                       <a href=\"https:\/\/www.matrix4design.com\/wp-content\/uploads\/attachments\/versione-piccola.jpg\" onclick=\"ga('send', 'pageview','GALLERY - 2019, l\u2019anno di Barel')\">                      <span>                        <i class=\"fa fa-search-plus\"><\/i>                       <\/span>                           <img loading=\"lazy\" decoding=\"async\" src=\"https:\/\/www.matrix4design.com\/wp-content\/uploads\/2020\/03\/image_preview-3-9-0-8-0.jpg\" alt=\"versione piccola.jpg\" title=\"versione piccola.jpg\" height=\"200\" width=\"266\">                         <\/a>                                                                       <a href=\"https:\/\/www.matrix4design.com\/wp-content\/uploads\/attachments\/vesione-grande.jpg\" onclick=\"ga('send', 'pageview','GALLERY - 2019, l\u2019anno di Barel')\">                      <span>                        <i class=\"fa fa-search-plus\"><\/i>                       <\/span>                           <img loading=\"lazy\" decoding=\"async\" src=\"https:\/\/www.matrix4design.com\/wp-content\/uploads\/2020\/03\/image_preview-6-9-3-6.jpg\" alt=\"vesione grande.jpg\" title=\"vesione grande.jpg\" height=\"200\" width=\"266\">                         <\/a>                                                                       <a href=\"https:\/\/www.matrix4design.com\/wp-content\/uploads\/attachments\/panchetta-aliko-img-2.jpeg\" onclick=\"ga('send', 'pageview','GALLERY - 2019, l\u2019anno di Barel')\">                      <span>                        <i class=\"fa fa-search-plus\"><\/i>                       <\/span>                           <img loading=\"lazy\" decoding=\"async\" src=\"https:\/\/www.matrix4design.com\/wp-content\/uploads\/2020\/03\/image_preview-4-4-8-6-7.jpg\" alt=\"panchetta Aliko - img 2.jpeg\" title=\"panchetta Aliko - img 2.jpeg\" height=\"200\" width=\"266\">                         <\/a>                                                                       <a href=\"https:\/\/www.matrix4design.com\/wp-content\/uploads\/attachments\/panchetta-aliko-img-1.jpeg\" onclick=\"ga('send', 'pageview','GALLERY - 2019, l\u2019anno di Barel')\">                      <span>                        <i class=\"fa fa-search-plus\"><\/i>                       <\/span>                           <img loading=\"lazy\" decoding=\"async\" src=\"https:\/\/www.matrix4design.com\/wp-content\/uploads\/2020\/03\/image_preview-0-1-0-5-0.jpg\" alt=\"panchetta Aliko - img 1.jpeg\" title=\"panchetta Aliko - img 1.jpeg\" height=\"200\" width=\"266\">                         <\/a>                                                                       <a href=\"https:\/\/www.matrix4design.com\/wp-content\/uploads\/attachments\/poltroncina-aliko-img-1.jpeg\" onclick=\"ga('send', 'pageview','GALLERY - 2019, l\u2019anno di Barel')\">                      <span>                        <i class=\"fa fa-search-plus\"><\/i>                       <\/span>                           <img loading=\"lazy\" decoding=\"async\" src=\"https:\/\/www.matrix4design.com\/wp-content\/uploads\/2020\/03\/image_preview-4-7-7-9-7.jpg\" alt=\"poltroncina Aliko - img 1.jpeg\" title=\"poltroncina Aliko - img 1.jpeg\" height=\"200\" width=\"266\">                         <\/a>                                                                       <a href=\"https:\/\/www.matrix4design.com\/wp-content\/uploads\/attachments\/poltroncina-aliko-img-3.jpeg\" onclick=\"ga('send', 'pageview','GALLERY - 2019, l\u2019anno di Barel')\">                      <span>                        <i class=\"fa fa-search-plus\"><\/i>                       <\/span>                           <img loading=\"lazy\" decoding=\"async\" src=\"https:\/\/www.matrix4design.com\/wp-content\/uploads\/2020\/03\/image_preview-6-4-4-9-5.jpg\" alt=\"poltroncina Aliko - img 3.jpeg\" title=\"poltroncina Aliko - img 3.jpeg\" height=\"200\" width=\"266\">                         <\/a>                                                                       <a href=\"https:\/\/www.matrix4design.com\/wp-content\/uploads\/attachments\/poltroncina-aliko-img-2.jpeg\" onclick=\"ga('send', 'pageview','GALLERY - 2019, l\u2019anno di Barel')\">                      <span>                        <i class=\"fa fa-search-plus\"><\/i>                       <\/span>                           <img loading=\"lazy\" decoding=\"async\" src=\"https:\/\/www.matrix4design.com\/wp-content\/uploads\/2020\/03\/image_preview-7-3-9-7-4.jpg\" alt=\"poltroncina Aliko - img 2.jpeg\" title=\"poltroncina Aliko - img 2.jpeg\" height=\"200\" width=\"266\">                         <\/a>                                            <\/div><\/div>\n<p><\/body><\/p>\n","protected":false},"excerpt":{"rendered":"<p>Un anno sensazionale, pieno di conferme e novit\u00e0: nel 2019 Barel \u00e8 pronta a presentare al suo pubblico una gamma di prodotti estremamente vasta, con il fondamentale supporto dell\u2019architetto Simone Micheli, consulente strategico per l\u2019immagine dell\u2019azienda ed autore del progetto dello stand Barel al Salone del Mobile di quest\u2019anno. Parallelamente, durante la Milano Design Week, [&hellip;]<\/p>\n","protected":false},"author":6,"featured_media":55663,"comment_status":"open","ping_status":"open","sticky":false,"template":"","format":"standard","meta":{"_acf_changed":false,"footnotes":""},"categories":[366],"tags":[303,57,321,318],"class_list":{"0":"post-59897","1":"post","2":"type-post","3":"status-publish","4":"format-standard","5":"has-post-thumbnail","7":"category-design","8":"tag-barel","9":"tag-design","10":"tag-hotel-regeneratio","11":"tag-salone-del-mobile-2019"},"acf":[],"yoast_head":"<!-- This site is optimized with the Yoast SEO plugin v27.0 - https:\/\/yoast.com\/product\/yoast-seo-wordpress\/ -->\n<title>2019, l\u2019anno di Barel<\/title>\n<meta name=\"description\" content=\"Barel \u00e8 pronta per la Milano Design Week con tante sorprese e novit\u00e0: scopritele con noi.\" \/>\n<meta name=\"robots\" content=\"index, follow, max-snippet:-1, max-image-preview:large, max-video-preview:-1\" \/>\n<link rel=\"canonical\" href=\"https:\/\/www.matrix4design.com\/it\/design\/2019-l2019anno-di-barel\/\" \/>\n<meta property=\"og:locale\" content=\"it_IT\" \/>\n<meta property=\"og:type\" content=\"article\" \/>\n<meta property=\"og:title\" content=\"2019, l\u2019anno di Barel\" \/>\n<meta property=\"og:description\" content=\"Barel \u00e8 pronta per la Milano Design Week con tante sorprese e novit\u00e0: scopritele con noi.\" \/>\n<meta property=\"og:url\" content=\"https:\/\/www.matrix4design.com\/it\/design\/2019-l2019anno-di-barel\/\" \/>\n<meta property=\"og:site_name\" content=\"Matrix4Design\" \/>\n<meta property=\"article:publisher\" content=\"https:\/\/www.facebook.com\/matrix4designmagazine\/\" \/>\n<meta property=\"article:published_time\" content=\"2019-04-01T00:00:00+00:00\" \/>\n<meta property=\"article:modified_time\" content=\"2020-03-26T10:53:32+00:00\" \/>\n<meta property=\"og:image\" content=\"https:\/\/www.matrix4design.com\/wp-content\/uploads\/2020\/03\/BAREL_ZONA_NOTTE_3507X1973_IMG_01_VISTA_PRINCIPALE.jpg\" \/>\n\t<meta property=\"og:image:width\" content=\"1200\" \/>\n\t<meta property=\"og:image:height\" content=\"675\" \/>\n\t<meta property=\"og:image:type\" content=\"image\/jpeg\" \/>\n<meta name=\"author\" content=\"Redazione\" \/>\n<meta name=\"twitter:card\" content=\"summary_large_image\" \/>\n<meta name=\"twitter:label1\" content=\"Scritto da\" \/>\n\t<meta name=\"twitter:data1\" content=\"Redazione\" \/>\n\t<meta name=\"twitter:label2\" content=\"Tempo di lettura stimato\" \/>\n\t<meta name=\"twitter:data2\" content=\"1 minuto\" \/>\n<script type=\"application\/ld+json\" class=\"yoast-schema-graph\">{\"@context\":\"https:\/\/schema.org\",\"@graph\":[{\"@type\":\"Article\",\"@id\":\"https:\/\/www.matrix4design.com\/it\/design\/2019-l2019anno-di-barel\/#article\",\"isPartOf\":{\"@id\":\"https:\/\/www.matrix4design.com\/it\/design\/2019-l2019anno-di-barel\/\"},\"author\":{\"name\":\"Redazione\",\"@id\":\"https:\/\/www.matrix4design.com\/it\/#\/schema\/person\/b2b6dd48f9d6892ca224742379951fa1\"},\"headline\":\"2019, l\u2019anno di Barel\",\"datePublished\":\"2019-04-01T00:00:00+00:00\",\"dateModified\":\"2020-03-26T10:53:32+00:00\",\"mainEntityOfPage\":{\"@id\":\"https:\/\/www.matrix4design.com\/it\/design\/2019-l2019anno-di-barel\/\"},\"wordCount\":292,\"commentCount\":0,\"publisher\":{\"@id\":\"https:\/\/www.matrix4design.com\/it\/#organization\"},\"image\":{\"@id\":\"https:\/\/www.matrix4design.com\/it\/design\/2019-l2019anno-di-barel\/#primaryimage\"},\"thumbnailUrl\":\"https:\/\/www.matrix4design.com\/wp-content\/uploads\/2020\/03\/BAREL_ZONA_NOTTE_3507X1973_IMG_01_VISTA_PRINCIPALE.jpg\",\"keywords\":[\"Barel\",\"Design\",\"Hotel Regeneratio\",\"Salone del Mobile 2019\"],\"articleSection\":[\"Design\"],\"inLanguage\":\"it-IT\"},{\"@type\":\"WebPage\",\"@id\":\"https:\/\/www.matrix4design.com\/it\/design\/2019-l2019anno-di-barel\/\",\"url\":\"https:\/\/www.matrix4design.com\/it\/design\/2019-l2019anno-di-barel\/\",\"name\":\"2019, l\u2019anno di Barel\",\"isPartOf\":{\"@id\":\"https:\/\/www.matrix4design.com\/it\/#website\"},\"primaryImageOfPage\":{\"@id\":\"https:\/\/www.matrix4design.com\/it\/design\/2019-l2019anno-di-barel\/#primaryimage\"},\"image\":{\"@id\":\"https:\/\/www.matrix4design.com\/it\/design\/2019-l2019anno-di-barel\/#primaryimage\"},\"thumbnailUrl\":\"https:\/\/www.matrix4design.com\/wp-content\/uploads\/2020\/03\/BAREL_ZONA_NOTTE_3507X1973_IMG_01_VISTA_PRINCIPALE.jpg\",\"datePublished\":\"2019-04-01T00:00:00+00:00\",\"dateModified\":\"2020-03-26T10:53:32+00:00\",\"description\":\"Barel \u00e8 pronta per la Milano Design Week con tante sorprese e novit\u00e0: scopritele con noi.\",\"breadcrumb\":{\"@id\":\"https:\/\/www.matrix4design.com\/it\/design\/2019-l2019anno-di-barel\/#breadcrumb\"},\"inLanguage\":\"it-IT\",\"potentialAction\":[{\"@type\":\"ReadAction\",\"target\":[\"https:\/\/www.matrix4design.com\/it\/design\/2019-l2019anno-di-barel\/\"]}]},{\"@type\":\"ImageObject\",\"inLanguage\":\"it-IT\",\"@id\":\"https:\/\/www.matrix4design.com\/it\/design\/2019-l2019anno-di-barel\/#primaryimage\",\"url\":\"https:\/\/www.matrix4design.com\/wp-content\/uploads\/2020\/03\/BAREL_ZONA_NOTTE_3507X1973_IMG_01_VISTA_PRINCIPALE.jpg\",\"contentUrl\":\"https:\/\/www.matrix4design.com\/wp-content\/uploads\/2020\/03\/BAREL_ZONA_NOTTE_3507X1973_IMG_01_VISTA_PRINCIPALE.jpg\",\"width\":1200,\"height\":675},{\"@type\":\"BreadcrumbList\",\"@id\":\"https:\/\/www.matrix4design.com\/it\/design\/2019-l2019anno-di-barel\/#breadcrumb\",\"itemListElement\":[{\"@type\":\"ListItem\",\"position\":1,\"name\":\"Home\",\"item\":\"https:\/\/www.matrix4design.com\/it\/\"},{\"@type\":\"ListItem\",\"position\":2,\"name\":\"2019, l\u2019anno di Barel\"}]},{\"@type\":\"WebSite\",\"@id\":\"https:\/\/www.matrix4design.com\/it\/#website\",\"url\":\"https:\/\/www.matrix4design.com\/it\/\",\"name\":\"Matrix4Design\",\"description\":\"Digital architecture and design b2b magazine\",\"publisher\":{\"@id\":\"https:\/\/www.matrix4design.com\/it\/#organization\"},\"potentialAction\":[{\"@type\":\"SearchAction\",\"target\":{\"@type\":\"EntryPoint\",\"urlTemplate\":\"https:\/\/www.matrix4design.com\/it\/?s={search_term_string}\"},\"query-input\":{\"@type\":\"PropertyValueSpecification\",\"valueRequired\":true,\"valueName\":\"search_term_string\"}}],\"inLanguage\":\"it-IT\"},{\"@type\":\"Organization\",\"@id\":\"https:\/\/www.matrix4design.com\/it\/#organization\",\"name\":\"Matrix4Design\",\"url\":\"https:\/\/www.matrix4design.com\/it\/\",\"logo\":{\"@type\":\"ImageObject\",\"inLanguage\":\"it-IT\",\"@id\":\"https:\/\/www.matrix4design.com\/it\/#\/schema\/logo\/image\/\",\"url\":\"https:\/\/www.matrix4design.com\/wp-content\/uploads\/2020\/04\/logo_matrix4design.png\",\"contentUrl\":\"https:\/\/www.matrix4design.com\/wp-content\/uploads\/2020\/04\/logo_matrix4design.png\",\"width\":804,\"height\":114,\"caption\":\"Matrix4Design\"},\"image\":{\"@id\":\"https:\/\/www.matrix4design.com\/it\/#\/schema\/logo\/image\/\"},\"sameAs\":[\"https:\/\/www.facebook.com\/matrix4designmagazine\/\",\"https:\/\/www.instagram.com\/matrix4designmagazine\/\",\"https:\/\/www.youtube.com\/channel\/UCtuhSSrP3MOO_URZgv8mQ1A\"]},{\"@type\":\"Person\",\"@id\":\"https:\/\/www.matrix4design.com\/it\/#\/schema\/person\/b2b6dd48f9d6892ca224742379951fa1\",\"name\":\"Redazione\",\"image\":{\"@type\":\"ImageObject\",\"inLanguage\":\"it-IT\",\"@id\":\"https:\/\/www.matrix4design.com\/it\/#\/schema\/person\/image\/\",\"url\":\"https:\/\/www.matrix4design.com\/wp-content\/uploads\/2023\/01\/logo_M4D_2023-96x96.jpg\",\"contentUrl\":\"https:\/\/www.matrix4design.com\/wp-content\/uploads\/2023\/01\/logo_M4D_2023-96x96.jpg\",\"caption\":\"Redazione\"},\"url\":\"https:\/\/www.matrix4design.com\/it\/author\/redazione\/\"}]}<\/script>\n<!-- \/ Yoast SEO plugin. -->","yoast_head_json":{"title":"2019, l\u2019anno di Barel","description":"Barel \u00e8 pronta per la Milano Design Week con tante sorprese e novit\u00e0: scopritele con noi.","robots":{"index":"index","follow":"follow","max-snippet":"max-snippet:-1","max-image-preview":"max-image-preview:large","max-video-preview":"max-video-preview:-1"},"canonical":"https:\/\/www.matrix4design.com\/it\/design\/2019-l2019anno-di-barel\/","og_locale":"it_IT","og_type":"article","og_title":"2019, l\u2019anno di Barel","og_description":"Barel \u00e8 pronta per la Milano Design Week con tante sorprese e novit\u00e0: scopritele con noi.","og_url":"https:\/\/www.matrix4design.com\/it\/design\/2019-l2019anno-di-barel\/","og_site_name":"Matrix4Design","article_publisher":"https:\/\/www.facebook.com\/matrix4designmagazine\/","article_published_time":"2019-04-01T00:00:00+00:00","article_modified_time":"2020-03-26T10:53:32+00:00","og_image":[{"width":1200,"height":675,"url":"https:\/\/www.matrix4design.com\/wp-content\/uploads\/2020\/03\/BAREL_ZONA_NOTTE_3507X1973_IMG_01_VISTA_PRINCIPALE.jpg","type":"image\/jpeg"}],"author":"Redazione","twitter_card":"summary_large_image","twitter_misc":{"Scritto da":"Redazione","Tempo di lettura stimato":"1 minuto"},"schema":{"@context":"https:\/\/schema.org","@graph":[{"@type":"Article","@id":"https:\/\/www.matrix4design.com\/it\/design\/2019-l2019anno-di-barel\/#article","isPartOf":{"@id":"https:\/\/www.matrix4design.com\/it\/design\/2019-l2019anno-di-barel\/"},"author":{"name":"Redazione","@id":"https:\/\/www.matrix4design.com\/it\/#\/schema\/person\/b2b6dd48f9d6892ca224742379951fa1"},"headline":"2019, l\u2019anno di Barel","datePublished":"2019-04-01T00:00:00+00:00","dateModified":"2020-03-26T10:53:32+00:00","mainEntityOfPage":{"@id":"https:\/\/www.matrix4design.com\/it\/design\/2019-l2019anno-di-barel\/"},"wordCount":292,"commentCount":0,"publisher":{"@id":"https:\/\/www.matrix4design.com\/it\/#organization"},"image":{"@id":"https:\/\/www.matrix4design.com\/it\/design\/2019-l2019anno-di-barel\/#primaryimage"},"thumbnailUrl":"https:\/\/www.matrix4design.com\/wp-content\/uploads\/2020\/03\/BAREL_ZONA_NOTTE_3507X1973_IMG_01_VISTA_PRINCIPALE.jpg","keywords":["Barel","Design","Hotel Regeneratio","Salone del Mobile 2019"],"articleSection":["Design"],"inLanguage":"it-IT"},{"@type":"WebPage","@id":"https:\/\/www.matrix4design.com\/it\/design\/2019-l2019anno-di-barel\/","url":"https:\/\/www.matrix4design.com\/it\/design\/2019-l2019anno-di-barel\/","name":"2019, l\u2019anno di Barel","isPartOf":{"@id":"https:\/\/www.matrix4design.com\/it\/#website"},"primaryImageOfPage":{"@id":"https:\/\/www.matrix4design.com\/it\/design\/2019-l2019anno-di-barel\/#primaryimage"},"image":{"@id":"https:\/\/www.matrix4design.com\/it\/design\/2019-l2019anno-di-barel\/#primaryimage"},"thumbnailUrl":"https:\/\/www.matrix4design.com\/wp-content\/uploads\/2020\/03\/BAREL_ZONA_NOTTE_3507X1973_IMG_01_VISTA_PRINCIPALE.jpg","datePublished":"2019-04-01T00:00:00+00:00","dateModified":"2020-03-26T10:53:32+00:00","description":"Barel \u00e8 pronta per la Milano Design Week con tante sorprese e novit\u00e0: scopritele con noi.","breadcrumb":{"@id":"https:\/\/www.matrix4design.com\/it\/design\/2019-l2019anno-di-barel\/#breadcrumb"},"inLanguage":"it-IT","potentialAction":[{"@type":"ReadAction","target":["https:\/\/www.matrix4design.com\/it\/design\/2019-l2019anno-di-barel\/"]}]},{"@type":"ImageObject","inLanguage":"it-IT","@id":"https:\/\/www.matrix4design.com\/it\/design\/2019-l2019anno-di-barel\/#primaryimage","url":"https:\/\/www.matrix4design.com\/wp-content\/uploads\/2020\/03\/BAREL_ZONA_NOTTE_3507X1973_IMG_01_VISTA_PRINCIPALE.jpg","contentUrl":"https:\/\/www.matrix4design.com\/wp-content\/uploads\/2020\/03\/BAREL_ZONA_NOTTE_3507X1973_IMG_01_VISTA_PRINCIPALE.jpg","width":1200,"height":675},{"@type":"BreadcrumbList","@id":"https:\/\/www.matrix4design.com\/it\/design\/2019-l2019anno-di-barel\/#breadcrumb","itemListElement":[{"@type":"ListItem","position":1,"name":"Home","item":"https:\/\/www.matrix4design.com\/it\/"},{"@type":"ListItem","position":2,"name":"2019, l\u2019anno di Barel"}]},{"@type":"WebSite","@id":"https:\/\/www.matrix4design.com\/it\/#website","url":"https:\/\/www.matrix4design.com\/it\/","name":"Matrix4Design","description":"Digital architecture and design b2b magazine","publisher":{"@id":"https:\/\/www.matrix4design.com\/it\/#organization"},"potentialAction":[{"@type":"SearchAction","target":{"@type":"EntryPoint","urlTemplate":"https:\/\/www.matrix4design.com\/it\/?s={search_term_string}"},"query-input":{"@type":"PropertyValueSpecification","valueRequired":true,"valueName":"search_term_string"}}],"inLanguage":"it-IT"},{"@type":"Organization","@id":"https:\/\/www.matrix4design.com\/it\/#organization","name":"Matrix4Design","url":"https:\/\/www.matrix4design.com\/it\/","logo":{"@type":"ImageObject","inLanguage":"it-IT","@id":"https:\/\/www.matrix4design.com\/it\/#\/schema\/logo\/image\/","url":"https:\/\/www.matrix4design.com\/wp-content\/uploads\/2020\/04\/logo_matrix4design.png","contentUrl":"https:\/\/www.matrix4design.com\/wp-content\/uploads\/2020\/04\/logo_matrix4design.png","width":804,"height":114,"caption":"Matrix4Design"},"image":{"@id":"https:\/\/www.matrix4design.com\/it\/#\/schema\/logo\/image\/"},"sameAs":["https:\/\/www.facebook.com\/matrix4designmagazine\/","https:\/\/www.instagram.com\/matrix4designmagazine\/","https:\/\/www.youtube.com\/channel\/UCtuhSSrP3MOO_URZgv8mQ1A"]},{"@type":"Person","@id":"https:\/\/www.matrix4design.com\/it\/#\/schema\/person\/b2b6dd48f9d6892ca224742379951fa1","name":"Redazione","image":{"@type":"ImageObject","inLanguage":"it-IT","@id":"https:\/\/www.matrix4design.com\/it\/#\/schema\/person\/image\/","url":"https:\/\/www.matrix4design.com\/wp-content\/uploads\/2023\/01\/logo_M4D_2023-96x96.jpg","contentUrl":"https:\/\/www.matrix4design.com\/wp-content\/uploads\/2023\/01\/logo_M4D_2023-96x96.jpg","caption":"Redazione"},"url":"https:\/\/www.matrix4design.com\/it\/author\/redazione\/"}]}},"_links":{"self":[{"href":"https:\/\/www.matrix4design.com\/it\/wp-json\/wp\/v2\/posts\/59897","targetHints":{"allow":["GET"]}}],"collection":[{"href":"https:\/\/www.matrix4design.com\/it\/wp-json\/wp\/v2\/posts"}],"about":[{"href":"https:\/\/www.matrix4design.com\/it\/wp-json\/wp\/v2\/types\/post"}],"author":[{"embeddable":true,"href":"https:\/\/www.matrix4design.com\/it\/wp-json\/wp\/v2\/users\/6"}],"replies":[{"embeddable":true,"href":"https:\/\/www.matrix4design.com\/it\/wp-json\/wp\/v2\/comments?post=59897"}],"version-history":[{"count":1,"href":"https:\/\/www.matrix4design.com\/it\/wp-json\/wp\/v2\/posts\/59897\/revisions"}],"predecessor-version":[{"id":63617,"href":"https:\/\/www.matrix4design.com\/it\/wp-json\/wp\/v2\/posts\/59897\/revisions\/63617"}],"wp:featuredmedia":[{"embeddable":true,"href":"https:\/\/www.matrix4design.com\/it\/wp-json\/wp\/v2\/media\/55663"}],"wp:attachment":[{"href":"https:\/\/www.matrix4design.com\/it\/wp-json\/wp\/v2\/media?parent=59897"}],"wp:term":[{"taxonomy":"category","embeddable":true,"href":"https:\/\/www.matrix4design.com\/it\/wp-json\/wp\/v2\/categories?post=59897"},{"taxonomy":"post_tag","embeddable":true,"href":"https:\/\/www.matrix4design.com\/it\/wp-json\/wp\/v2\/tags?post=59897"}],"curies":[{"name":"wp","href":"https:\/\/api.w.org\/{rel}","templated":true}]}}