{"id":60275,"date":"2020-01-07T00:00:00","date_gmt":"2020-01-07T00:00:00","guid":{"rendered":""},"modified":"2020-04-01T09:25:35","modified_gmt":"2020-04-01T09:25:35","slug":"arper-arreda-il-nuovo-ufficio-ef-a-zurigo","status":"publish","type":"post","link":"https:\/\/www.matrix4design.com\/it\/design\/arper-arreda-il-nuovo-ufficio-ef-a-zurigo\/","title":{"rendered":"Arper arreda il nuovo ufficio EF a Zurigo"},"content":{"rendered":"<p><body>                   <\/p>\n<div id=\"main-text\">\n<p>Nel cuore di Zurigo \u00e8 stato di recente inaugurato un ufficio <b>EF \u2013 Education First<\/b>, situato nell\u2019ex Swiss Stock Exchange Building.<\/p>\n<p><img decoding=\"async\" src=\"https:\/\/www.matrix4design.com\/wp-content\/uploads\/2020\/03\/Arper_EFZURICH_CY_127_phDe_Pasquale_Maffini.jpg\" alt=\"\" class=\"image-inline\" title=\"\"><\/p>\n<p>Gli interni sono stati sviluppati da <b>EF Architecture and Design Studio<\/b>, che ha convertito il monumentale edificio in granito costruito tra gli anni \u201970 e \u201980 in un ampio e luminoso ufficio open space, pensato per risultare accogliente, confortevole e allo stesso tempo capace di consentire a tutti gli utenti di essere produttivi e flessibili.<\/p>\n<p><img decoding=\"async\" src=\"https:\/\/www.matrix4design.com\/wp-content\/uploads\/2020\/03\/Arper_EFZURICHF0_170_phDe_Pasquale_Maffini.jpg\" alt=\"\" class=\"image-inline\" title=\"\"><\/p>\n<p>Il design \u00e8 un elemento fondamentale per EF, uno strumento con il quale condividere e comunicare i valori del brand, ragion per cui le collezioni <b>Cross, Kinesit, Steeve, Zinta<\/b> e <b>Cila <\/b>di <b>Arper<\/b> sono state selezionate per le loro qualit\u00e0 estetiche e geometriche tanto quanto per le loro linee confortevoli e accoglienti.<\/p>\n<p><img decoding=\"async\" src=\"https:\/\/www.matrix4design.com\/wp-content\/uploads\/2020\/03\/Arper_EFZURICHF1_101_phDe_Pasquale_Maffini.jpg\" alt=\"\" class=\"image-inline\" title=\"\"><\/p>\n<p>Spiegano i designer:<\/p>\n<p>\u201c<i>Ci\u00f2 che rende grandioso uno spazio di lavoro \u00e8 la possibilit\u00e0 di cambiare. Le esigenze che vogliamo soddisfare negli spazi pubblici sono le stesse che riscontriamo in quelli privati. Dunque, abbiamo pensato che ci fosse un diffuso bisogno di leggerezza e calore e abbiamo deciso di tradurlo in design.<\/i>\u201d<\/p>\n<p><img decoding=\"async\" src=\"https:\/\/www.matrix4design.com\/wp-content\/uploads\/2020\/03\/Arper_EFZURICHF1_120_phDe_Pasquale_Maffini.jpg\" alt=\"\" class=\"image-inline\" title=\"\"><\/p>\n<p>In particolare, per arredare questi spazi ibridi sono stati scelti <b>i sistemi di sedute modulari Zinta e Kiik<\/b>, che si integrano perfettamente con l\u2019altezza variabile dei tavoli Pix, offrendo tutta la versatilit\u00e0 necessaria ad uno spazio polifunzionale, dedicato innanzitutto alla formazione.<\/p>\n<p><em>Fotografie di De Pasquale Maffini.<\/em><\/p>\n<p>&nbsp;<\/p>\n<\/div>\n<p>                   <!--                                   \n\n<div id=\"load-section\">                                     \n\n<div class=\"load-bar\">                                       <span>Load More<\/span>                                     <\/div>\n\n                                   <\/div>\n\n                   -->                                                       <br \/><\/body><\/p>\n","protected":false},"excerpt":{"rendered":"<p>Nel cuore di Zurigo \u00e8 stato di recente inaugurato un ufficio EF \u2013 Education First, situato nell\u2019ex Swiss Stock Exchange Building. Gli interni sono stati sviluppati da EF Architecture and Design Studio, che ha convertito il monumentale edificio in granito costruito tra gli anni \u201970 e \u201980 in un ampio e luminoso ufficio open space, [&hellip;]<\/p>\n","protected":false},"author":6,"featured_media":55872,"comment_status":"open","ping_status":"open","sticky":false,"template":"","format":"standard","meta":{"_acf_changed":false,"footnotes":""},"categories":[366],"tags":[57,336],"class_list":{"0":"post-60275","1":"post","2":"type-post","3":"status-publish","4":"format-standard","5":"has-post-thumbnail","7":"category-design","8":"tag-design","9":"tag-megius"},"acf":[],"yoast_head":"<!-- This site is optimized with the Yoast SEO plugin v27.0 - https:\/\/yoast.com\/product\/yoast-seo-wordpress\/ -->\n<title>Arper arreda il nuovo ufficio EF a Zurigo<\/title>\n<meta name=\"description\" content=\"EF \u2013 Education First sceglie Arper per rendere il suo spazio flessibile e accogliente.\" \/>\n<meta name=\"robots\" content=\"index, follow, max-snippet:-1, max-image-preview:large, max-video-preview:-1\" \/>\n<link rel=\"canonical\" href=\"https:\/\/www.matrix4design.com\/it\/design\/arper-arreda-il-nuovo-ufficio-ef-a-zurigo\/\" \/>\n<meta property=\"og:locale\" content=\"it_IT\" \/>\n<meta property=\"og:type\" content=\"article\" \/>\n<meta property=\"og:title\" content=\"Arper arreda il nuovo ufficio EF a Zurigo\" \/>\n<meta property=\"og:description\" content=\"EF \u2013 Education First sceglie Arper per rendere il suo spazio flessibile e accogliente.\" \/>\n<meta property=\"og:url\" content=\"https:\/\/www.matrix4design.com\/it\/design\/arper-arreda-il-nuovo-ufficio-ef-a-zurigo\/\" \/>\n<meta property=\"og:site_name\" content=\"Matrix4Design\" \/>\n<meta property=\"article:publisher\" content=\"https:\/\/www.facebook.com\/matrix4designmagazine\/\" \/>\n<meta property=\"article:published_time\" content=\"2020-01-07T00:00:00+00:00\" \/>\n<meta property=\"article:modified_time\" content=\"2020-04-01T09:25:35+00:00\" \/>\n<meta property=\"og:image\" content=\"https:\/\/www.matrix4design.com\/wp-content\/uploads\/2020\/03\/Arper_EFZURICH_CY_127_phDe_Pasquale_Maffini.jpg\" \/>\n\t<meta property=\"og:image:width\" content=\"1200\" \/>\n\t<meta property=\"og:image:height\" content=\"800\" \/>\n\t<meta property=\"og:image:type\" content=\"image\/jpeg\" \/>\n<meta name=\"author\" content=\"Redazione\" \/>\n<meta name=\"twitter:card\" content=\"summary_large_image\" \/>\n<meta name=\"twitter:label1\" content=\"Scritto da\" \/>\n\t<meta name=\"twitter:data1\" content=\"Redazione\" \/>\n\t<meta name=\"twitter:label2\" content=\"Tempo di lettura stimato\" \/>\n\t<meta name=\"twitter:data2\" content=\"1 minuto\" \/>\n<script type=\"application\/ld+json\" class=\"yoast-schema-graph\">{\"@context\":\"https:\/\/schema.org\",\"@graph\":[{\"@type\":\"Article\",\"@id\":\"https:\/\/www.matrix4design.com\/it\/design\/arper-arreda-il-nuovo-ufficio-ef-a-zurigo\/#article\",\"isPartOf\":{\"@id\":\"https:\/\/www.matrix4design.com\/it\/design\/arper-arreda-il-nuovo-ufficio-ef-a-zurigo\/\"},\"author\":{\"name\":\"Redazione\",\"@id\":\"https:\/\/www.matrix4design.com\/it\/#\/schema\/person\/b2b6dd48f9d6892ca224742379951fa1\"},\"headline\":\"Arper arreda il nuovo ufficio EF a Zurigo\",\"datePublished\":\"2020-01-07T00:00:00+00:00\",\"dateModified\":\"2020-04-01T09:25:35+00:00\",\"mainEntityOfPage\":{\"@id\":\"https:\/\/www.matrix4design.com\/it\/design\/arper-arreda-il-nuovo-ufficio-ef-a-zurigo\/\"},\"wordCount\":231,\"commentCount\":0,\"publisher\":{\"@id\":\"https:\/\/www.matrix4design.com\/it\/#organization\"},\"image\":{\"@id\":\"https:\/\/www.matrix4design.com\/it\/design\/arper-arreda-il-nuovo-ufficio-ef-a-zurigo\/#primaryimage\"},\"thumbnailUrl\":\"https:\/\/www.matrix4design.com\/wp-content\/uploads\/2020\/03\/Arper_EFZURICH_CY_127_phDe_Pasquale_Maffini.jpg\",\"keywords\":[\"Design\",\"Megius\"],\"articleSection\":[\"Design\"],\"inLanguage\":\"it-IT\"},{\"@type\":\"WebPage\",\"@id\":\"https:\/\/www.matrix4design.com\/it\/design\/arper-arreda-il-nuovo-ufficio-ef-a-zurigo\/\",\"url\":\"https:\/\/www.matrix4design.com\/it\/design\/arper-arreda-il-nuovo-ufficio-ef-a-zurigo\/\",\"name\":\"Arper arreda il nuovo ufficio EF a Zurigo\",\"isPartOf\":{\"@id\":\"https:\/\/www.matrix4design.com\/it\/#website\"},\"primaryImageOfPage\":{\"@id\":\"https:\/\/www.matrix4design.com\/it\/design\/arper-arreda-il-nuovo-ufficio-ef-a-zurigo\/#primaryimage\"},\"image\":{\"@id\":\"https:\/\/www.matrix4design.com\/it\/design\/arper-arreda-il-nuovo-ufficio-ef-a-zurigo\/#primaryimage\"},\"thumbnailUrl\":\"https:\/\/www.matrix4design.com\/wp-content\/uploads\/2020\/03\/Arper_EFZURICH_CY_127_phDe_Pasquale_Maffini.jpg\",\"datePublished\":\"2020-01-07T00:00:00+00:00\",\"dateModified\":\"2020-04-01T09:25:35+00:00\",\"description\":\"EF \u2013 Education First sceglie Arper per rendere il suo spazio flessibile e accogliente.\",\"breadcrumb\":{\"@id\":\"https:\/\/www.matrix4design.com\/it\/design\/arper-arreda-il-nuovo-ufficio-ef-a-zurigo\/#breadcrumb\"},\"inLanguage\":\"it-IT\",\"potentialAction\":[{\"@type\":\"ReadAction\",\"target\":[\"https:\/\/www.matrix4design.com\/it\/design\/arper-arreda-il-nuovo-ufficio-ef-a-zurigo\/\"]}]},{\"@type\":\"ImageObject\",\"inLanguage\":\"it-IT\",\"@id\":\"https:\/\/www.matrix4design.com\/it\/design\/arper-arreda-il-nuovo-ufficio-ef-a-zurigo\/#primaryimage\",\"url\":\"https:\/\/www.matrix4design.com\/wp-content\/uploads\/2020\/03\/Arper_EFZURICH_CY_127_phDe_Pasquale_Maffini.jpg\",\"contentUrl\":\"https:\/\/www.matrix4design.com\/wp-content\/uploads\/2020\/03\/Arper_EFZURICH_CY_127_phDe_Pasquale_Maffini.jpg\",\"width\":1200,\"height\":800},{\"@type\":\"BreadcrumbList\",\"@id\":\"https:\/\/www.matrix4design.com\/it\/design\/arper-arreda-il-nuovo-ufficio-ef-a-zurigo\/#breadcrumb\",\"itemListElement\":[{\"@type\":\"ListItem\",\"position\":1,\"name\":\"Home\",\"item\":\"https:\/\/www.matrix4design.com\/it\/\"},{\"@type\":\"ListItem\",\"position\":2,\"name\":\"Arper arreda il nuovo ufficio EF a Zurigo\"}]},{\"@type\":\"WebSite\",\"@id\":\"https:\/\/www.matrix4design.com\/it\/#website\",\"url\":\"https:\/\/www.matrix4design.com\/it\/\",\"name\":\"Matrix4Design\",\"description\":\"Digital architecture and design b2b magazine\",\"publisher\":{\"@id\":\"https:\/\/www.matrix4design.com\/it\/#organization\"},\"potentialAction\":[{\"@type\":\"SearchAction\",\"target\":{\"@type\":\"EntryPoint\",\"urlTemplate\":\"https:\/\/www.matrix4design.com\/it\/?s={search_term_string}\"},\"query-input\":{\"@type\":\"PropertyValueSpecification\",\"valueRequired\":true,\"valueName\":\"search_term_string\"}}],\"inLanguage\":\"it-IT\"},{\"@type\":\"Organization\",\"@id\":\"https:\/\/www.matrix4design.com\/it\/#organization\",\"name\":\"Matrix4Design\",\"url\":\"https:\/\/www.matrix4design.com\/it\/\",\"logo\":{\"@type\":\"ImageObject\",\"inLanguage\":\"it-IT\",\"@id\":\"https:\/\/www.matrix4design.com\/it\/#\/schema\/logo\/image\/\",\"url\":\"https:\/\/www.matrix4design.com\/wp-content\/uploads\/2020\/04\/logo_matrix4design.png\",\"contentUrl\":\"https:\/\/www.matrix4design.com\/wp-content\/uploads\/2020\/04\/logo_matrix4design.png\",\"width\":804,\"height\":114,\"caption\":\"Matrix4Design\"},\"image\":{\"@id\":\"https:\/\/www.matrix4design.com\/it\/#\/schema\/logo\/image\/\"},\"sameAs\":[\"https:\/\/www.facebook.com\/matrix4designmagazine\/\",\"https:\/\/www.instagram.com\/matrix4designmagazine\/\",\"https:\/\/www.youtube.com\/channel\/UCtuhSSrP3MOO_URZgv8mQ1A\"]},{\"@type\":\"Person\",\"@id\":\"https:\/\/www.matrix4design.com\/it\/#\/schema\/person\/b2b6dd48f9d6892ca224742379951fa1\",\"name\":\"Redazione\",\"image\":{\"@type\":\"ImageObject\",\"inLanguage\":\"it-IT\",\"@id\":\"https:\/\/www.matrix4design.com\/it\/#\/schema\/person\/image\/\",\"url\":\"https:\/\/www.matrix4design.com\/wp-content\/uploads\/2023\/01\/logo_M4D_2023-96x96.jpg\",\"contentUrl\":\"https:\/\/www.matrix4design.com\/wp-content\/uploads\/2023\/01\/logo_M4D_2023-96x96.jpg\",\"caption\":\"Redazione\"},\"url\":\"https:\/\/www.matrix4design.com\/it\/author\/redazione\/\"}]}<\/script>\n<!-- \/ Yoast SEO plugin. -->","yoast_head_json":{"title":"Arper arreda il nuovo ufficio EF a Zurigo","description":"EF \u2013 Education First sceglie Arper per rendere il suo spazio flessibile e accogliente.","robots":{"index":"index","follow":"follow","max-snippet":"max-snippet:-1","max-image-preview":"max-image-preview:large","max-video-preview":"max-video-preview:-1"},"canonical":"https:\/\/www.matrix4design.com\/it\/design\/arper-arreda-il-nuovo-ufficio-ef-a-zurigo\/","og_locale":"it_IT","og_type":"article","og_title":"Arper arreda il nuovo ufficio EF a Zurigo","og_description":"EF \u2013 Education First sceglie Arper per rendere il suo spazio flessibile e accogliente.","og_url":"https:\/\/www.matrix4design.com\/it\/design\/arper-arreda-il-nuovo-ufficio-ef-a-zurigo\/","og_site_name":"Matrix4Design","article_publisher":"https:\/\/www.facebook.com\/matrix4designmagazine\/","article_published_time":"2020-01-07T00:00:00+00:00","article_modified_time":"2020-04-01T09:25:35+00:00","og_image":[{"width":1200,"height":800,"url":"https:\/\/www.matrix4design.com\/wp-content\/uploads\/2020\/03\/Arper_EFZURICH_CY_127_phDe_Pasquale_Maffini.jpg","type":"image\/jpeg"}],"author":"Redazione","twitter_card":"summary_large_image","twitter_misc":{"Scritto da":"Redazione","Tempo di lettura stimato":"1 minuto"},"schema":{"@context":"https:\/\/schema.org","@graph":[{"@type":"Article","@id":"https:\/\/www.matrix4design.com\/it\/design\/arper-arreda-il-nuovo-ufficio-ef-a-zurigo\/#article","isPartOf":{"@id":"https:\/\/www.matrix4design.com\/it\/design\/arper-arreda-il-nuovo-ufficio-ef-a-zurigo\/"},"author":{"name":"Redazione","@id":"https:\/\/www.matrix4design.com\/it\/#\/schema\/person\/b2b6dd48f9d6892ca224742379951fa1"},"headline":"Arper arreda il nuovo ufficio EF a Zurigo","datePublished":"2020-01-07T00:00:00+00:00","dateModified":"2020-04-01T09:25:35+00:00","mainEntityOfPage":{"@id":"https:\/\/www.matrix4design.com\/it\/design\/arper-arreda-il-nuovo-ufficio-ef-a-zurigo\/"},"wordCount":231,"commentCount":0,"publisher":{"@id":"https:\/\/www.matrix4design.com\/it\/#organization"},"image":{"@id":"https:\/\/www.matrix4design.com\/it\/design\/arper-arreda-il-nuovo-ufficio-ef-a-zurigo\/#primaryimage"},"thumbnailUrl":"https:\/\/www.matrix4design.com\/wp-content\/uploads\/2020\/03\/Arper_EFZURICH_CY_127_phDe_Pasquale_Maffini.jpg","keywords":["Design","Megius"],"articleSection":["Design"],"inLanguage":"it-IT"},{"@type":"WebPage","@id":"https:\/\/www.matrix4design.com\/it\/design\/arper-arreda-il-nuovo-ufficio-ef-a-zurigo\/","url":"https:\/\/www.matrix4design.com\/it\/design\/arper-arreda-il-nuovo-ufficio-ef-a-zurigo\/","name":"Arper arreda il nuovo ufficio EF a Zurigo","isPartOf":{"@id":"https:\/\/www.matrix4design.com\/it\/#website"},"primaryImageOfPage":{"@id":"https:\/\/www.matrix4design.com\/it\/design\/arper-arreda-il-nuovo-ufficio-ef-a-zurigo\/#primaryimage"},"image":{"@id":"https:\/\/www.matrix4design.com\/it\/design\/arper-arreda-il-nuovo-ufficio-ef-a-zurigo\/#primaryimage"},"thumbnailUrl":"https:\/\/www.matrix4design.com\/wp-content\/uploads\/2020\/03\/Arper_EFZURICH_CY_127_phDe_Pasquale_Maffini.jpg","datePublished":"2020-01-07T00:00:00+00:00","dateModified":"2020-04-01T09:25:35+00:00","description":"EF \u2013 Education First sceglie Arper per rendere il suo spazio flessibile e accogliente.","breadcrumb":{"@id":"https:\/\/www.matrix4design.com\/it\/design\/arper-arreda-il-nuovo-ufficio-ef-a-zurigo\/#breadcrumb"},"inLanguage":"it-IT","potentialAction":[{"@type":"ReadAction","target":["https:\/\/www.matrix4design.com\/it\/design\/arper-arreda-il-nuovo-ufficio-ef-a-zurigo\/"]}]},{"@type":"ImageObject","inLanguage":"it-IT","@id":"https:\/\/www.matrix4design.com\/it\/design\/arper-arreda-il-nuovo-ufficio-ef-a-zurigo\/#primaryimage","url":"https:\/\/www.matrix4design.com\/wp-content\/uploads\/2020\/03\/Arper_EFZURICH_CY_127_phDe_Pasquale_Maffini.jpg","contentUrl":"https:\/\/www.matrix4design.com\/wp-content\/uploads\/2020\/03\/Arper_EFZURICH_CY_127_phDe_Pasquale_Maffini.jpg","width":1200,"height":800},{"@type":"BreadcrumbList","@id":"https:\/\/www.matrix4design.com\/it\/design\/arper-arreda-il-nuovo-ufficio-ef-a-zurigo\/#breadcrumb","itemListElement":[{"@type":"ListItem","position":1,"name":"Home","item":"https:\/\/www.matrix4design.com\/it\/"},{"@type":"ListItem","position":2,"name":"Arper arreda il nuovo ufficio EF a Zurigo"}]},{"@type":"WebSite","@id":"https:\/\/www.matrix4design.com\/it\/#website","url":"https:\/\/www.matrix4design.com\/it\/","name":"Matrix4Design","description":"Digital architecture and design b2b magazine","publisher":{"@id":"https:\/\/www.matrix4design.com\/it\/#organization"},"potentialAction":[{"@type":"SearchAction","target":{"@type":"EntryPoint","urlTemplate":"https:\/\/www.matrix4design.com\/it\/?s={search_term_string}"},"query-input":{"@type":"PropertyValueSpecification","valueRequired":true,"valueName":"search_term_string"}}],"inLanguage":"it-IT"},{"@type":"Organization","@id":"https:\/\/www.matrix4design.com\/it\/#organization","name":"Matrix4Design","url":"https:\/\/www.matrix4design.com\/it\/","logo":{"@type":"ImageObject","inLanguage":"it-IT","@id":"https:\/\/www.matrix4design.com\/it\/#\/schema\/logo\/image\/","url":"https:\/\/www.matrix4design.com\/wp-content\/uploads\/2020\/04\/logo_matrix4design.png","contentUrl":"https:\/\/www.matrix4design.com\/wp-content\/uploads\/2020\/04\/logo_matrix4design.png","width":804,"height":114,"caption":"Matrix4Design"},"image":{"@id":"https:\/\/www.matrix4design.com\/it\/#\/schema\/logo\/image\/"},"sameAs":["https:\/\/www.facebook.com\/matrix4designmagazine\/","https:\/\/www.instagram.com\/matrix4designmagazine\/","https:\/\/www.youtube.com\/channel\/UCtuhSSrP3MOO_URZgv8mQ1A"]},{"@type":"Person","@id":"https:\/\/www.matrix4design.com\/it\/#\/schema\/person\/b2b6dd48f9d6892ca224742379951fa1","name":"Redazione","image":{"@type":"ImageObject","inLanguage":"it-IT","@id":"https:\/\/www.matrix4design.com\/it\/#\/schema\/person\/image\/","url":"https:\/\/www.matrix4design.com\/wp-content\/uploads\/2023\/01\/logo_M4D_2023-96x96.jpg","contentUrl":"https:\/\/www.matrix4design.com\/wp-content\/uploads\/2023\/01\/logo_M4D_2023-96x96.jpg","caption":"Redazione"},"url":"https:\/\/www.matrix4design.com\/it\/author\/redazione\/"}]}},"_links":{"self":[{"href":"https:\/\/www.matrix4design.com\/it\/wp-json\/wp\/v2\/posts\/60275","targetHints":{"allow":["GET"]}}],"collection":[{"href":"https:\/\/www.matrix4design.com\/it\/wp-json\/wp\/v2\/posts"}],"about":[{"href":"https:\/\/www.matrix4design.com\/it\/wp-json\/wp\/v2\/types\/post"}],"author":[{"embeddable":true,"href":"https:\/\/www.matrix4design.com\/it\/wp-json\/wp\/v2\/users\/6"}],"replies":[{"embeddable":true,"href":"https:\/\/www.matrix4design.com\/it\/wp-json\/wp\/v2\/comments?post=60275"}],"version-history":[{"count":1,"href":"https:\/\/www.matrix4design.com\/it\/wp-json\/wp\/v2\/posts\/60275\/revisions"}],"predecessor-version":[{"id":63100,"href":"https:\/\/www.matrix4design.com\/it\/wp-json\/wp\/v2\/posts\/60275\/revisions\/63100"}],"wp:featuredmedia":[{"embeddable":true,"href":"https:\/\/www.matrix4design.com\/it\/wp-json\/wp\/v2\/media\/55872"}],"wp:attachment":[{"href":"https:\/\/www.matrix4design.com\/it\/wp-json\/wp\/v2\/media?parent=60275"}],"wp:term":[{"taxonomy":"category","embeddable":true,"href":"https:\/\/www.matrix4design.com\/it\/wp-json\/wp\/v2\/categories?post=60275"},{"taxonomy":"post_tag","embeddable":true,"href":"https:\/\/www.matrix4design.com\/it\/wp-json\/wp\/v2\/tags?post=60275"}],"curies":[{"name":"wp","href":"https:\/\/api.w.org\/{rel}","templated":true}]}}