{"id":60292,"date":"2019-07-16T00:00:00","date_gmt":"2019-07-16T00:00:00","guid":{"rendered":""},"modified":"2020-04-01T09:25:45","modified_gmt":"2020-04-01T09:25:45","slug":"artelinea-l2019innovazione-del-vetro-si-chiama-dama","status":"publish","type":"post","link":"https:\/\/www.matrix4design.com\/it\/design\/artelinea-l2019innovazione-del-vetro-si-chiama-dama\/","title":{"rendered":"Dama di Artelinea, tutta l&#8217;innovazione del vetro"},"content":{"rendered":"<p><body>                   <\/p>\n<div id=\"main-text\">\n<p>L\u2019attitudine contemporanea del vetro declinata in salsa vintage. Comincia qui la formula vincente di <b>Dama<\/b>, la nuova iconica collezione <b>Artelinea<\/b> disegnata dall\u2019architetto e designer <b>Anita Brotto<\/b> per valorizzare pienamente tutta l\u2019esperienza vetraria dell\u2019azienda, in perfetto equilibrio tra bellezza e funzionalit\u00e0.<\/p>\n<p><img decoding=\"async\" src=\"https:\/\/www.matrix4design.com\/wp-content\/uploads\/2020\/03\/Artelinea_Damacollection4.jpg\" alt=\"\" class=\"image-inline\" title=\"\"><\/p>\n<p><b>Dama<\/b>, in particolare, nasce dal desiderio di esaltare l\u2019uso di <b>Dualite<\/b>, l\u2019innovativo materiale brevettato da Artelinea che unisce due vetri retrocolorati in un unico prodotto attraverso la tecnologia dell\u2019incollaggio sottovuoto con uno speciale sigillante posto tra le lastre.<\/p>\n<p><img decoding=\"async\" src=\"https:\/\/www.matrix4design.com\/wp-content\/uploads\/2020\/03\/Artelinea_Damacollection1.jpg\" alt=\"\" class=\"image-inline\" title=\"\"><\/p>\n<p>L\u2019utilizzo di Dualite permette infatti di sfruttare tutte le potenzialit\u00e0 tecniche ed estetiche di questa unione, tra cui <b>la raddoppiata resistenza, la massima sicurezza nonostante i bassi spessori e la possibilit\u00e0 di personalizzazione del vetro nella finitura silk o lucido e nel colore in tutta la gamma della cartella Artelinea<\/b>; quest\u2019ultima particolarit\u00e0 sdrammatizza la razionalit\u00e0 del disegno del monoblocco e la sua perfetta pulizia formale, amplificando le sue capacit\u00e0 espressive.<\/p>\n<p><img decoding=\"async\" src=\"https:\/\/www.matrix4design.com\/wp-content\/uploads\/2020\/03\/Artelinea_Damacollection5.jpg\" alt=\"\" class=\"image-inline\" title=\"\"><\/p>\n<p>L\u2019estrema <b>modularit\u00e0<\/b> di questo prodotto \u00e8 espressa inoltre sia nella possibilit\u00e0 di posizionare cassetti e vani a giorno liberamente all\u2019interno dello spazio interno sia nella realizzazione su misura, come per tutte le collezioni Artelinea.<\/p>\n<p><img decoding=\"async\" src=\"https:\/\/www.matrix4design.com\/wp-content\/uploads\/2020\/03\/Artelinea_Damacollection6.jpg\" alt=\"\" class=\"image-inline\" title=\"\"><\/p>\n<p>Fanno poi parte della collezione Dama anche i relativi complementi, che comprendono <b>specchi, mensole, colonne, portariviste<\/b>, anch\u2019essi personalizzabili per essere abbinati con i colori e le finiture dei mobili.<\/p>\n<p><img decoding=\"async\" src=\"https:\/\/www.matrix4design.com\/wp-content\/uploads\/2020\/03\/Artelinea_Damacollection3.jpg\" alt=\"\" class=\"image-inline\" title=\"\"><\/p>\n<p>Una rivisitazione sofisticata del materiale vetro, che da semplice ornamento si fa autentica struttura, trovando una nuova esclusiva identit\u00e0.<\/p>\n<\/div>\n<p>                   <!--                                   \n\n<div id=\"load-section\">                                     \n\n<div class=\"load-bar\">                                       <span>Load More<\/span>                                     <\/div>\n\n                                   <\/div>\n\n                   -->                                                       <br \/><\/body><\/p>\n","protected":false},"excerpt":{"rendered":"<p>L\u2019attitudine contemporanea del vetro declinata in salsa vintage. Comincia qui la formula vincente di Dama, la nuova iconica collezione Artelinea disegnata dall\u2019architetto e designer Anita Brotto per valorizzare pienamente tutta l\u2019esperienza vetraria dell\u2019azienda, in perfetto equilibrio tra bellezza e funzionalit\u00e0. Dama, in particolare, nasce dal desiderio di esaltare l\u2019uso di Dualite, l\u2019innovativo materiale brevettato da [&hellip;]<\/p>\n","protected":false},"author":6,"featured_media":60293,"comment_status":"open","ping_status":"open","sticky":false,"template":"","format":"standard","meta":{"_acf_changed":false,"footnotes":""},"categories":[366],"tags":[57,337],"class_list":{"0":"post-60292","1":"post","2":"type-post","3":"status-publish","4":"format-standard","5":"has-post-thumbnail","7":"category-design","8":"tag-design","9":"tag-linki"},"acf":[],"yoast_head":"<!-- This site is optimized with the Yoast SEO plugin v27.0 - https:\/\/yoast.com\/product\/yoast-seo-wordpress\/ -->\n<title>Dama di Artelinea, tutta l&#039;innovazione del vetro<\/title>\n<meta name=\"description\" content=\"Dama \u00e8 l\u2019iconica collezione Artelinea che utilizza l\u2019innovativo materiale Dualite.\" \/>\n<meta name=\"robots\" content=\"index, follow, max-snippet:-1, max-image-preview:large, max-video-preview:-1\" \/>\n<link rel=\"canonical\" href=\"https:\/\/www.matrix4design.com\/it\/design\/artelinea-l2019innovazione-del-vetro-si-chiama-dama\/\" \/>\n<meta property=\"og:locale\" content=\"it_IT\" \/>\n<meta property=\"og:type\" content=\"article\" \/>\n<meta property=\"og:title\" content=\"Dama di Artelinea, tutta l&#039;innovazione del vetro\" \/>\n<meta property=\"og:description\" content=\"Dama \u00e8 l\u2019iconica collezione Artelinea che utilizza l\u2019innovativo materiale Dualite.\" \/>\n<meta property=\"og:url\" content=\"https:\/\/www.matrix4design.com\/it\/design\/artelinea-l2019innovazione-del-vetro-si-chiama-dama\/\" \/>\n<meta property=\"og:site_name\" content=\"Matrix4Design\" \/>\n<meta property=\"article:publisher\" content=\"https:\/\/www.facebook.com\/matrix4designmagazine\/\" \/>\n<meta property=\"article:published_time\" content=\"2019-07-16T00:00:00+00:00\" \/>\n<meta property=\"article:modified_time\" content=\"2020-04-01T09:25:45+00:00\" \/>\n<meta property=\"og:image\" content=\"https:\/\/www.matrix4design.com\/wp-content\/uploads\/2020\/03\/Artelinea_Damacollection4.jpg\" \/>\n\t<meta property=\"og:image:width\" content=\"1200\" \/>\n\t<meta property=\"og:image:height\" content=\"800\" \/>\n\t<meta property=\"og:image:type\" content=\"image\/jpeg\" \/>\n<meta name=\"author\" content=\"Redazione\" \/>\n<meta name=\"twitter:card\" content=\"summary_large_image\" \/>\n<meta name=\"twitter:label1\" content=\"Scritto da\" \/>\n\t<meta name=\"twitter:data1\" content=\"Redazione\" \/>\n\t<meta name=\"twitter:label2\" content=\"Tempo di lettura stimato\" \/>\n\t<meta name=\"twitter:data2\" content=\"1 minuto\" \/>\n<script type=\"application\/ld+json\" class=\"yoast-schema-graph\">{\"@context\":\"https:\/\/schema.org\",\"@graph\":[{\"@type\":\"Article\",\"@id\":\"https:\/\/www.matrix4design.com\/it\/design\/artelinea-l2019innovazione-del-vetro-si-chiama-dama\/#article\",\"isPartOf\":{\"@id\":\"https:\/\/www.matrix4design.com\/it\/design\/artelinea-l2019innovazione-del-vetro-si-chiama-dama\/\"},\"author\":{\"name\":\"Redazione\",\"@id\":\"https:\/\/www.matrix4design.com\/it\/#\/schema\/person\/b2b6dd48f9d6892ca224742379951fa1\"},\"headline\":\"Dama di Artelinea, tutta l&#8217;innovazione del vetro\",\"datePublished\":\"2019-07-16T00:00:00+00:00\",\"dateModified\":\"2020-04-01T09:25:45+00:00\",\"mainEntityOfPage\":{\"@id\":\"https:\/\/www.matrix4design.com\/it\/design\/artelinea-l2019innovazione-del-vetro-si-chiama-dama\/\"},\"wordCount\":249,\"commentCount\":0,\"publisher\":{\"@id\":\"https:\/\/www.matrix4design.com\/it\/#organization\"},\"image\":{\"@id\":\"https:\/\/www.matrix4design.com\/it\/design\/artelinea-l2019innovazione-del-vetro-si-chiama-dama\/#primaryimage\"},\"thumbnailUrl\":\"https:\/\/www.matrix4design.com\/wp-content\/uploads\/2020\/03\/Artelinea_Damacollection4.jpg\",\"keywords\":[\"Design\",\"Linki\"],\"articleSection\":[\"Design\"],\"inLanguage\":\"it-IT\"},{\"@type\":\"WebPage\",\"@id\":\"https:\/\/www.matrix4design.com\/it\/design\/artelinea-l2019innovazione-del-vetro-si-chiama-dama\/\",\"url\":\"https:\/\/www.matrix4design.com\/it\/design\/artelinea-l2019innovazione-del-vetro-si-chiama-dama\/\",\"name\":\"Dama di Artelinea, tutta l'innovazione del vetro\",\"isPartOf\":{\"@id\":\"https:\/\/www.matrix4design.com\/it\/#website\"},\"primaryImageOfPage\":{\"@id\":\"https:\/\/www.matrix4design.com\/it\/design\/artelinea-l2019innovazione-del-vetro-si-chiama-dama\/#primaryimage\"},\"image\":{\"@id\":\"https:\/\/www.matrix4design.com\/it\/design\/artelinea-l2019innovazione-del-vetro-si-chiama-dama\/#primaryimage\"},\"thumbnailUrl\":\"https:\/\/www.matrix4design.com\/wp-content\/uploads\/2020\/03\/Artelinea_Damacollection4.jpg\",\"datePublished\":\"2019-07-16T00:00:00+00:00\",\"dateModified\":\"2020-04-01T09:25:45+00:00\",\"description\":\"Dama \u00e8 l\u2019iconica collezione Artelinea che utilizza l\u2019innovativo materiale Dualite.\",\"breadcrumb\":{\"@id\":\"https:\/\/www.matrix4design.com\/it\/design\/artelinea-l2019innovazione-del-vetro-si-chiama-dama\/#breadcrumb\"},\"inLanguage\":\"it-IT\",\"potentialAction\":[{\"@type\":\"ReadAction\",\"target\":[\"https:\/\/www.matrix4design.com\/it\/design\/artelinea-l2019innovazione-del-vetro-si-chiama-dama\/\"]}]},{\"@type\":\"ImageObject\",\"inLanguage\":\"it-IT\",\"@id\":\"https:\/\/www.matrix4design.com\/it\/design\/artelinea-l2019innovazione-del-vetro-si-chiama-dama\/#primaryimage\",\"url\":\"https:\/\/www.matrix4design.com\/wp-content\/uploads\/2020\/03\/Artelinea_Damacollection4.jpg\",\"contentUrl\":\"https:\/\/www.matrix4design.com\/wp-content\/uploads\/2020\/03\/Artelinea_Damacollection4.jpg\",\"width\":1200,\"height\":800},{\"@type\":\"BreadcrumbList\",\"@id\":\"https:\/\/www.matrix4design.com\/it\/design\/artelinea-l2019innovazione-del-vetro-si-chiama-dama\/#breadcrumb\",\"itemListElement\":[{\"@type\":\"ListItem\",\"position\":1,\"name\":\"Home\",\"item\":\"https:\/\/www.matrix4design.com\/it\/\"},{\"@type\":\"ListItem\",\"position\":2,\"name\":\"Dama di Artelinea, tutta l&#8217;innovazione del vetro\"}]},{\"@type\":\"WebSite\",\"@id\":\"https:\/\/www.matrix4design.com\/it\/#website\",\"url\":\"https:\/\/www.matrix4design.com\/it\/\",\"name\":\"Matrix4Design\",\"description\":\"Digital architecture and design b2b magazine\",\"publisher\":{\"@id\":\"https:\/\/www.matrix4design.com\/it\/#organization\"},\"potentialAction\":[{\"@type\":\"SearchAction\",\"target\":{\"@type\":\"EntryPoint\",\"urlTemplate\":\"https:\/\/www.matrix4design.com\/it\/?s={search_term_string}\"},\"query-input\":{\"@type\":\"PropertyValueSpecification\",\"valueRequired\":true,\"valueName\":\"search_term_string\"}}],\"inLanguage\":\"it-IT\"},{\"@type\":\"Organization\",\"@id\":\"https:\/\/www.matrix4design.com\/it\/#organization\",\"name\":\"Matrix4Design\",\"url\":\"https:\/\/www.matrix4design.com\/it\/\",\"logo\":{\"@type\":\"ImageObject\",\"inLanguage\":\"it-IT\",\"@id\":\"https:\/\/www.matrix4design.com\/it\/#\/schema\/logo\/image\/\",\"url\":\"https:\/\/www.matrix4design.com\/wp-content\/uploads\/2020\/04\/logo_matrix4design.png\",\"contentUrl\":\"https:\/\/www.matrix4design.com\/wp-content\/uploads\/2020\/04\/logo_matrix4design.png\",\"width\":804,\"height\":114,\"caption\":\"Matrix4Design\"},\"image\":{\"@id\":\"https:\/\/www.matrix4design.com\/it\/#\/schema\/logo\/image\/\"},\"sameAs\":[\"https:\/\/www.facebook.com\/matrix4designmagazine\/\",\"https:\/\/www.instagram.com\/matrix4designmagazine\/\",\"https:\/\/www.youtube.com\/channel\/UCtuhSSrP3MOO_URZgv8mQ1A\"]},{\"@type\":\"Person\",\"@id\":\"https:\/\/www.matrix4design.com\/it\/#\/schema\/person\/b2b6dd48f9d6892ca224742379951fa1\",\"name\":\"Redazione\",\"image\":{\"@type\":\"ImageObject\",\"inLanguage\":\"it-IT\",\"@id\":\"https:\/\/www.matrix4design.com\/it\/#\/schema\/person\/image\/\",\"url\":\"https:\/\/www.matrix4design.com\/wp-content\/uploads\/2023\/01\/logo_M4D_2023-96x96.jpg\",\"contentUrl\":\"https:\/\/www.matrix4design.com\/wp-content\/uploads\/2023\/01\/logo_M4D_2023-96x96.jpg\",\"caption\":\"Redazione\"},\"url\":\"https:\/\/www.matrix4design.com\/it\/author\/redazione\/\"}]}<\/script>\n<!-- \/ Yoast SEO plugin. -->","yoast_head_json":{"title":"Dama di Artelinea, tutta l'innovazione del vetro","description":"Dama \u00e8 l\u2019iconica collezione Artelinea che utilizza l\u2019innovativo materiale Dualite.","robots":{"index":"index","follow":"follow","max-snippet":"max-snippet:-1","max-image-preview":"max-image-preview:large","max-video-preview":"max-video-preview:-1"},"canonical":"https:\/\/www.matrix4design.com\/it\/design\/artelinea-l2019innovazione-del-vetro-si-chiama-dama\/","og_locale":"it_IT","og_type":"article","og_title":"Dama di Artelinea, tutta l'innovazione del vetro","og_description":"Dama \u00e8 l\u2019iconica collezione Artelinea che utilizza l\u2019innovativo materiale Dualite.","og_url":"https:\/\/www.matrix4design.com\/it\/design\/artelinea-l2019innovazione-del-vetro-si-chiama-dama\/","og_site_name":"Matrix4Design","article_publisher":"https:\/\/www.facebook.com\/matrix4designmagazine\/","article_published_time":"2019-07-16T00:00:00+00:00","article_modified_time":"2020-04-01T09:25:45+00:00","og_image":[{"width":1200,"height":800,"url":"https:\/\/www.matrix4design.com\/wp-content\/uploads\/2020\/03\/Artelinea_Damacollection4.jpg","type":"image\/jpeg"}],"author":"Redazione","twitter_card":"summary_large_image","twitter_misc":{"Scritto da":"Redazione","Tempo di lettura stimato":"1 minuto"},"schema":{"@context":"https:\/\/schema.org","@graph":[{"@type":"Article","@id":"https:\/\/www.matrix4design.com\/it\/design\/artelinea-l2019innovazione-del-vetro-si-chiama-dama\/#article","isPartOf":{"@id":"https:\/\/www.matrix4design.com\/it\/design\/artelinea-l2019innovazione-del-vetro-si-chiama-dama\/"},"author":{"name":"Redazione","@id":"https:\/\/www.matrix4design.com\/it\/#\/schema\/person\/b2b6dd48f9d6892ca224742379951fa1"},"headline":"Dama di Artelinea, tutta l&#8217;innovazione del vetro","datePublished":"2019-07-16T00:00:00+00:00","dateModified":"2020-04-01T09:25:45+00:00","mainEntityOfPage":{"@id":"https:\/\/www.matrix4design.com\/it\/design\/artelinea-l2019innovazione-del-vetro-si-chiama-dama\/"},"wordCount":249,"commentCount":0,"publisher":{"@id":"https:\/\/www.matrix4design.com\/it\/#organization"},"image":{"@id":"https:\/\/www.matrix4design.com\/it\/design\/artelinea-l2019innovazione-del-vetro-si-chiama-dama\/#primaryimage"},"thumbnailUrl":"https:\/\/www.matrix4design.com\/wp-content\/uploads\/2020\/03\/Artelinea_Damacollection4.jpg","keywords":["Design","Linki"],"articleSection":["Design"],"inLanguage":"it-IT"},{"@type":"WebPage","@id":"https:\/\/www.matrix4design.com\/it\/design\/artelinea-l2019innovazione-del-vetro-si-chiama-dama\/","url":"https:\/\/www.matrix4design.com\/it\/design\/artelinea-l2019innovazione-del-vetro-si-chiama-dama\/","name":"Dama di Artelinea, tutta l'innovazione del vetro","isPartOf":{"@id":"https:\/\/www.matrix4design.com\/it\/#website"},"primaryImageOfPage":{"@id":"https:\/\/www.matrix4design.com\/it\/design\/artelinea-l2019innovazione-del-vetro-si-chiama-dama\/#primaryimage"},"image":{"@id":"https:\/\/www.matrix4design.com\/it\/design\/artelinea-l2019innovazione-del-vetro-si-chiama-dama\/#primaryimage"},"thumbnailUrl":"https:\/\/www.matrix4design.com\/wp-content\/uploads\/2020\/03\/Artelinea_Damacollection4.jpg","datePublished":"2019-07-16T00:00:00+00:00","dateModified":"2020-04-01T09:25:45+00:00","description":"Dama \u00e8 l\u2019iconica collezione Artelinea che utilizza l\u2019innovativo materiale Dualite.","breadcrumb":{"@id":"https:\/\/www.matrix4design.com\/it\/design\/artelinea-l2019innovazione-del-vetro-si-chiama-dama\/#breadcrumb"},"inLanguage":"it-IT","potentialAction":[{"@type":"ReadAction","target":["https:\/\/www.matrix4design.com\/it\/design\/artelinea-l2019innovazione-del-vetro-si-chiama-dama\/"]}]},{"@type":"ImageObject","inLanguage":"it-IT","@id":"https:\/\/www.matrix4design.com\/it\/design\/artelinea-l2019innovazione-del-vetro-si-chiama-dama\/#primaryimage","url":"https:\/\/www.matrix4design.com\/wp-content\/uploads\/2020\/03\/Artelinea_Damacollection4.jpg","contentUrl":"https:\/\/www.matrix4design.com\/wp-content\/uploads\/2020\/03\/Artelinea_Damacollection4.jpg","width":1200,"height":800},{"@type":"BreadcrumbList","@id":"https:\/\/www.matrix4design.com\/it\/design\/artelinea-l2019innovazione-del-vetro-si-chiama-dama\/#breadcrumb","itemListElement":[{"@type":"ListItem","position":1,"name":"Home","item":"https:\/\/www.matrix4design.com\/it\/"},{"@type":"ListItem","position":2,"name":"Dama di Artelinea, tutta l&#8217;innovazione del vetro"}]},{"@type":"WebSite","@id":"https:\/\/www.matrix4design.com\/it\/#website","url":"https:\/\/www.matrix4design.com\/it\/","name":"Matrix4Design","description":"Digital architecture and design b2b magazine","publisher":{"@id":"https:\/\/www.matrix4design.com\/it\/#organization"},"potentialAction":[{"@type":"SearchAction","target":{"@type":"EntryPoint","urlTemplate":"https:\/\/www.matrix4design.com\/it\/?s={search_term_string}"},"query-input":{"@type":"PropertyValueSpecification","valueRequired":true,"valueName":"search_term_string"}}],"inLanguage":"it-IT"},{"@type":"Organization","@id":"https:\/\/www.matrix4design.com\/it\/#organization","name":"Matrix4Design","url":"https:\/\/www.matrix4design.com\/it\/","logo":{"@type":"ImageObject","inLanguage":"it-IT","@id":"https:\/\/www.matrix4design.com\/it\/#\/schema\/logo\/image\/","url":"https:\/\/www.matrix4design.com\/wp-content\/uploads\/2020\/04\/logo_matrix4design.png","contentUrl":"https:\/\/www.matrix4design.com\/wp-content\/uploads\/2020\/04\/logo_matrix4design.png","width":804,"height":114,"caption":"Matrix4Design"},"image":{"@id":"https:\/\/www.matrix4design.com\/it\/#\/schema\/logo\/image\/"},"sameAs":["https:\/\/www.facebook.com\/matrix4designmagazine\/","https:\/\/www.instagram.com\/matrix4designmagazine\/","https:\/\/www.youtube.com\/channel\/UCtuhSSrP3MOO_URZgv8mQ1A"]},{"@type":"Person","@id":"https:\/\/www.matrix4design.com\/it\/#\/schema\/person\/b2b6dd48f9d6892ca224742379951fa1","name":"Redazione","image":{"@type":"ImageObject","inLanguage":"it-IT","@id":"https:\/\/www.matrix4design.com\/it\/#\/schema\/person\/image\/","url":"https:\/\/www.matrix4design.com\/wp-content\/uploads\/2023\/01\/logo_M4D_2023-96x96.jpg","contentUrl":"https:\/\/www.matrix4design.com\/wp-content\/uploads\/2023\/01\/logo_M4D_2023-96x96.jpg","caption":"Redazione"},"url":"https:\/\/www.matrix4design.com\/it\/author\/redazione\/"}]}},"_links":{"self":[{"href":"https:\/\/www.matrix4design.com\/it\/wp-json\/wp\/v2\/posts\/60292","targetHints":{"allow":["GET"]}}],"collection":[{"href":"https:\/\/www.matrix4design.com\/it\/wp-json\/wp\/v2\/posts"}],"about":[{"href":"https:\/\/www.matrix4design.com\/it\/wp-json\/wp\/v2\/types\/post"}],"author":[{"embeddable":true,"href":"https:\/\/www.matrix4design.com\/it\/wp-json\/wp\/v2\/users\/6"}],"replies":[{"embeddable":true,"href":"https:\/\/www.matrix4design.com\/it\/wp-json\/wp\/v2\/comments?post=60292"}],"version-history":[{"count":1,"href":"https:\/\/www.matrix4design.com\/it\/wp-json\/wp\/v2\/posts\/60292\/revisions"}],"predecessor-version":[{"id":63408,"href":"https:\/\/www.matrix4design.com\/it\/wp-json\/wp\/v2\/posts\/60292\/revisions\/63408"}],"wp:featuredmedia":[{"embeddable":true,"href":"https:\/\/www.matrix4design.com\/it\/wp-json\/wp\/v2\/media\/60293"}],"wp:attachment":[{"href":"https:\/\/www.matrix4design.com\/it\/wp-json\/wp\/v2\/media?parent=60292"}],"wp:term":[{"taxonomy":"category","embeddable":true,"href":"https:\/\/www.matrix4design.com\/it\/wp-json\/wp\/v2\/categories?post=60292"},{"taxonomy":"post_tag","embeddable":true,"href":"https:\/\/www.matrix4design.com\/it\/wp-json\/wp\/v2\/tags?post=60292"}],"curies":[{"name":"wp","href":"https:\/\/api.w.org\/{rel}","templated":true}]}}