{"id":60891,"date":"2019-11-27T00:00:00","date_gmt":"2019-11-27T00:00:00","guid":{"rendered":""},"modified":"2020-04-01T09:25:37","modified_gmt":"2020-04-01T09:25:37","slug":"eden-rodolfo-dordoni-disegna-il-nuovo-spazio-outdoor-firmato-roda","status":"publish","type":"post","link":"https:\/\/www.matrix4design.com\/it\/design\/eden-rodolfo-dordoni-disegna-il-nuovo-spazio-outdoor-firmato-roda\/","title":{"rendered":"EDEN, Rodolfo Dordoni disegna il nuovo spazio outdoor firmato Roda"},"content":{"rendered":"<p><body>                   <\/p>\n<div id=\"main-text\">\n<p>Una collezione sofisticata e contemporanea per arredare lo spazio outdoor secondo i dettami del vero stile italiano: \u00e8 <b>EDEN<\/b>, il sistema living firmato da <b>Rodolfo Dordoni<\/b> per <b>Roda<\/b>, un\u2019espressione di sintesi delle esperienze RODA caratterizzata da versatilit\u00e0 e vocazione internazionale.<\/p>\n<p><img decoding=\"async\" src=\"https:\/\/www.matrix4design.com\/wp-content\/uploads\/2020\/03\/RODA_EDENmodularloungecollection1.jpg\" alt=\"\" class=\"image-inline\" title=\"\"><\/p>\n<p>Il divano si caratterizza per il comfort dato dall\u2019ampiezza e dallo spessore dei cuscini di seduta (che con una profondit\u00e0 di 95 cm invitano al relax pi\u00f9 totale), per la sua modularit\u00e0 e per la combinazione di due materiali distintivi: <b>il teak e l\u2019acciaio inox verniciato<\/b>.<\/p>\n<p><img decoding=\"async\" src=\"https:\/\/www.matrix4design.com\/wp-content\/uploads\/2020\/03\/RODA_EDENmodularloungecollection2.jpg\" alt=\"\" class=\"image-inline\" title=\"\"><\/p>\n<p>Il <strong>teak<\/strong> utilizzato per EDEN viene chiamato Weather Resistant Teak, nella variante bianca, e subisce cicli di spazzolatura e verniciatura che ne aumentano per propriet\u00e0 di impermeabilizzazione e resistenza ad agenti atmosferici.<\/p>\n<p>La combinazione innovativa di materiali differenti si estende anche agli <strong>schienali<\/strong>, presenti sia nell\u2019alternativa Batyline sia nell\u2019opzione con tubolare imbottito, disponibili in tutti i colori del progetto Mix&amp;Match RODA.<\/p>\n<p><img decoding=\"async\" src=\"https:\/\/www.matrix4design.com\/wp-content\/uploads\/2020\/03\/RODA_EDENmodularloungecollection3.jpg\" alt=\"\" class=\"image-inline\" title=\"\"><\/p>\n<p>Quest\u2019ultima variante materica (<b>tubolare imbottito<\/b>) \u00e8 ci\u00f2 che contraddistingue ulteriormente EDEN, una particolarit\u00e0 e un intreccio che aggiungono fascino e morbidezza all\u2019intera collezione, conferendo al prodotto una maggiore sensazione di sofficit\u00e0 e pienezza visiva.&nbsp;<\/p>\n<p><img decoding=\"async\" src=\"https:\/\/www.matrix4design.com\/wp-content\/uploads\/2020\/03\/RODA_EDENmodularloungecollection4.jpg\" alt=\"\" class=\"image-inline\" title=\"\"><\/p>\n<p>I moduli sono da uno, due, tre posti cos\u00ec come gli schienali che possono essere montati anche \u201ccross over\u201d; inoltre, le varianti da uno, due e tre posti possono essere abbinate senza limiti compositivi con gli schienali, proposti separatamente per garantire massima libert\u00e0 nella configurazione del prodotto.&nbsp;<\/p>\n<p><img decoding=\"async\" src=\"https:\/\/www.matrix4design.com\/wp-content\/uploads\/2020\/03\/RODA_EDENmodularloungecollection5.jpg\" alt=\"\" class=\"image-inline\" title=\"\"><\/p>\n<p>La collezione include poi un elemento inedito per RODA: <strong>un modulo a forma esagonale<\/strong> che rende il divano adattabile a differenti ambienti domestici, sia come unico componente d\u2019arredo sia come modulo d\u2019angolo per composizioni; inoltre, il comfort del divano EDEN \u00e8 garantito anche dai cuscini particolarmente spessi, realizzabili sia nella versione con imbottitura standard sia in quella idro-drenante.<\/p>\n<p><img decoding=\"async\" src=\"https:\/\/www.matrix4design.com\/wp-content\/uploads\/2020\/03\/RODA_EDENmodularloungecollection6.jpg\" alt=\"\" class=\"image-inline\" title=\"\"><\/p>\n<p>Per completare il sistema EDEN, infine, esiste la possibilit\u00e0 di abbinare al divano un <b>coffee table<\/b> in teak sbiancato (anche con piano in pietra), che mantiene una continuit\u00e0 con il disegno e la finitura dei moduli.<\/p>\n<p><img decoding=\"async\" src=\"https:\/\/www.matrix4design.com\/wp-content\/uploads\/2020\/03\/RODA_EDENmodularloungecollection7.jpg\" alt=\"\" class=\"image-inline\" title=\"\"><\/p>\n<p>EDEN diventa cos\u00ec la soluzione perfetta per rinnovare lo spazio esterno con eleganza e uno speciale tocco di internazionalit\u00e0.<\/p>\n<\/div>\n<p>                   <!--                                   \n\n<div id=\"load-section\">                                     \n\n<div class=\"load-bar\">                                       <span>Load More<\/span>                                     <\/div>\n\n                                   <\/div>\n\n                   -->                                                       <br \/><\/body><\/p>\n","protected":false},"excerpt":{"rendered":"<p>Una collezione sofisticata e contemporanea per arredare lo spazio outdoor secondo i dettami del vero stile italiano: \u00e8 EDEN, il sistema living firmato da Rodolfo Dordoni per Roda, un\u2019espressione di sintesi delle esperienze RODA caratterizzata da versatilit\u00e0 e vocazione internazionale. Il divano si caratterizza per il comfort dato dall\u2019ampiezza e dallo spessore dei cuscini di [&hellip;]<\/p>\n","protected":false},"author":6,"featured_media":56079,"comment_status":"open","ping_status":"open","sticky":false,"template":"","format":"standard","meta":{"_acf_changed":false,"footnotes":""},"categories":[366],"tags":[322,57],"class_list":{"0":"post-60891","1":"post","2":"type-post","3":"status-publish","4":"format-standard","5":"has-post-thumbnail","7":"category-design","8":"tag-cersaie-2019","9":"tag-design"},"acf":[],"yoast_head":"<!-- This site is optimized with the Yoast SEO plugin v27.0 - https:\/\/yoast.com\/product\/yoast-seo-wordpress\/ -->\n<title>EDEN, Rodolfo Dordoni disegna il nuovo spazio outdoor firmato Roda<\/title>\n<meta name=\"description\" content=\"EDEN \u00e8 la collezione outdoor progettata da Rodolfo Dordoni per Roda nel segno dello stile italiano.\" \/>\n<meta name=\"robots\" content=\"index, follow, max-snippet:-1, max-image-preview:large, max-video-preview:-1\" \/>\n<link rel=\"canonical\" href=\"https:\/\/www.matrix4design.com\/it\/design\/eden-rodolfo-dordoni-disegna-il-nuovo-spazio-outdoor-firmato-roda\/\" \/>\n<meta property=\"og:locale\" content=\"it_IT\" \/>\n<meta property=\"og:type\" content=\"article\" \/>\n<meta property=\"og:title\" content=\"EDEN, Rodolfo Dordoni disegna il nuovo spazio outdoor firmato Roda\" \/>\n<meta property=\"og:description\" content=\"EDEN \u00e8 la collezione outdoor progettata da Rodolfo Dordoni per Roda nel segno dello stile italiano.\" \/>\n<meta property=\"og:url\" content=\"https:\/\/www.matrix4design.com\/it\/design\/eden-rodolfo-dordoni-disegna-il-nuovo-spazio-outdoor-firmato-roda\/\" \/>\n<meta property=\"og:site_name\" content=\"Matrix4Design\" \/>\n<meta property=\"article:publisher\" content=\"https:\/\/www.facebook.com\/matrix4designmagazine\/\" \/>\n<meta property=\"article:published_time\" content=\"2019-11-27T00:00:00+00:00\" \/>\n<meta property=\"article:modified_time\" content=\"2020-04-01T09:25:37+00:00\" \/>\n<meta property=\"og:image\" content=\"https:\/\/www.matrix4design.com\/wp-content\/uploads\/2020\/03\/RODA_EDENmodularloungecollection1.jpg\" \/>\n\t<meta property=\"og:image:width\" content=\"1200\" \/>\n\t<meta property=\"og:image:height\" content=\"800\" \/>\n\t<meta property=\"og:image:type\" content=\"image\/jpeg\" \/>\n<meta name=\"author\" content=\"Redazione\" \/>\n<meta name=\"twitter:card\" content=\"summary_large_image\" \/>\n<meta name=\"twitter:label1\" content=\"Scritto da\" \/>\n\t<meta name=\"twitter:data1\" content=\"Redazione\" \/>\n\t<meta name=\"twitter:label2\" content=\"Tempo di lettura stimato\" \/>\n\t<meta name=\"twitter:data2\" content=\"2 minuti\" \/>\n<script type=\"application\/ld+json\" class=\"yoast-schema-graph\">{\"@context\":\"https:\/\/schema.org\",\"@graph\":[{\"@type\":\"Article\",\"@id\":\"https:\/\/www.matrix4design.com\/it\/design\/eden-rodolfo-dordoni-disegna-il-nuovo-spazio-outdoor-firmato-roda\/#article\",\"isPartOf\":{\"@id\":\"https:\/\/www.matrix4design.com\/it\/design\/eden-rodolfo-dordoni-disegna-il-nuovo-spazio-outdoor-firmato-roda\/\"},\"author\":{\"name\":\"Redazione\",\"@id\":\"https:\/\/www.matrix4design.com\/it\/#\/schema\/person\/b2b6dd48f9d6892ca224742379951fa1\"},\"headline\":\"EDEN, Rodolfo Dordoni disegna il nuovo spazio outdoor firmato Roda\",\"datePublished\":\"2019-11-27T00:00:00+00:00\",\"dateModified\":\"2020-04-01T09:25:37+00:00\",\"mainEntityOfPage\":{\"@id\":\"https:\/\/www.matrix4design.com\/it\/design\/eden-rodolfo-dordoni-disegna-il-nuovo-spazio-outdoor-firmato-roda\/\"},\"wordCount\":360,\"commentCount\":0,\"publisher\":{\"@id\":\"https:\/\/www.matrix4design.com\/it\/#organization\"},\"image\":{\"@id\":\"https:\/\/www.matrix4design.com\/it\/design\/eden-rodolfo-dordoni-disegna-il-nuovo-spazio-outdoor-firmato-roda\/#primaryimage\"},\"thumbnailUrl\":\"https:\/\/www.matrix4design.com\/wp-content\/uploads\/2020\/03\/RODA_EDENmodularloungecollection1.jpg\",\"keywords\":[\"Cersaie 2019\",\"Design\"],\"articleSection\":[\"Design\"],\"inLanguage\":\"it-IT\"},{\"@type\":\"WebPage\",\"@id\":\"https:\/\/www.matrix4design.com\/it\/design\/eden-rodolfo-dordoni-disegna-il-nuovo-spazio-outdoor-firmato-roda\/\",\"url\":\"https:\/\/www.matrix4design.com\/it\/design\/eden-rodolfo-dordoni-disegna-il-nuovo-spazio-outdoor-firmato-roda\/\",\"name\":\"EDEN, Rodolfo Dordoni disegna il nuovo spazio outdoor firmato Roda\",\"isPartOf\":{\"@id\":\"https:\/\/www.matrix4design.com\/it\/#website\"},\"primaryImageOfPage\":{\"@id\":\"https:\/\/www.matrix4design.com\/it\/design\/eden-rodolfo-dordoni-disegna-il-nuovo-spazio-outdoor-firmato-roda\/#primaryimage\"},\"image\":{\"@id\":\"https:\/\/www.matrix4design.com\/it\/design\/eden-rodolfo-dordoni-disegna-il-nuovo-spazio-outdoor-firmato-roda\/#primaryimage\"},\"thumbnailUrl\":\"https:\/\/www.matrix4design.com\/wp-content\/uploads\/2020\/03\/RODA_EDENmodularloungecollection1.jpg\",\"datePublished\":\"2019-11-27T00:00:00+00:00\",\"dateModified\":\"2020-04-01T09:25:37+00:00\",\"description\":\"EDEN \u00e8 la collezione outdoor progettata da Rodolfo Dordoni per Roda nel segno dello stile italiano.\",\"breadcrumb\":{\"@id\":\"https:\/\/www.matrix4design.com\/it\/design\/eden-rodolfo-dordoni-disegna-il-nuovo-spazio-outdoor-firmato-roda\/#breadcrumb\"},\"inLanguage\":\"it-IT\",\"potentialAction\":[{\"@type\":\"ReadAction\",\"target\":[\"https:\/\/www.matrix4design.com\/it\/design\/eden-rodolfo-dordoni-disegna-il-nuovo-spazio-outdoor-firmato-roda\/\"]}]},{\"@type\":\"ImageObject\",\"inLanguage\":\"it-IT\",\"@id\":\"https:\/\/www.matrix4design.com\/it\/design\/eden-rodolfo-dordoni-disegna-il-nuovo-spazio-outdoor-firmato-roda\/#primaryimage\",\"url\":\"https:\/\/www.matrix4design.com\/wp-content\/uploads\/2020\/03\/RODA_EDENmodularloungecollection1.jpg\",\"contentUrl\":\"https:\/\/www.matrix4design.com\/wp-content\/uploads\/2020\/03\/RODA_EDENmodularloungecollection1.jpg\",\"width\":1200,\"height\":800},{\"@type\":\"BreadcrumbList\",\"@id\":\"https:\/\/www.matrix4design.com\/it\/design\/eden-rodolfo-dordoni-disegna-il-nuovo-spazio-outdoor-firmato-roda\/#breadcrumb\",\"itemListElement\":[{\"@type\":\"ListItem\",\"position\":1,\"name\":\"Home\",\"item\":\"https:\/\/www.matrix4design.com\/it\/\"},{\"@type\":\"ListItem\",\"position\":2,\"name\":\"EDEN, Rodolfo Dordoni disegna il nuovo spazio outdoor firmato Roda\"}]},{\"@type\":\"WebSite\",\"@id\":\"https:\/\/www.matrix4design.com\/it\/#website\",\"url\":\"https:\/\/www.matrix4design.com\/it\/\",\"name\":\"Matrix4Design\",\"description\":\"Digital architecture and design b2b magazine\",\"publisher\":{\"@id\":\"https:\/\/www.matrix4design.com\/it\/#organization\"},\"potentialAction\":[{\"@type\":\"SearchAction\",\"target\":{\"@type\":\"EntryPoint\",\"urlTemplate\":\"https:\/\/www.matrix4design.com\/it\/?s={search_term_string}\"},\"query-input\":{\"@type\":\"PropertyValueSpecification\",\"valueRequired\":true,\"valueName\":\"search_term_string\"}}],\"inLanguage\":\"it-IT\"},{\"@type\":\"Organization\",\"@id\":\"https:\/\/www.matrix4design.com\/it\/#organization\",\"name\":\"Matrix4Design\",\"url\":\"https:\/\/www.matrix4design.com\/it\/\",\"logo\":{\"@type\":\"ImageObject\",\"inLanguage\":\"it-IT\",\"@id\":\"https:\/\/www.matrix4design.com\/it\/#\/schema\/logo\/image\/\",\"url\":\"https:\/\/www.matrix4design.com\/wp-content\/uploads\/2020\/04\/logo_matrix4design.png\",\"contentUrl\":\"https:\/\/www.matrix4design.com\/wp-content\/uploads\/2020\/04\/logo_matrix4design.png\",\"width\":804,\"height\":114,\"caption\":\"Matrix4Design\"},\"image\":{\"@id\":\"https:\/\/www.matrix4design.com\/it\/#\/schema\/logo\/image\/\"},\"sameAs\":[\"https:\/\/www.facebook.com\/matrix4designmagazine\/\",\"https:\/\/www.instagram.com\/matrix4designmagazine\/\",\"https:\/\/www.youtube.com\/channel\/UCtuhSSrP3MOO_URZgv8mQ1A\"]},{\"@type\":\"Person\",\"@id\":\"https:\/\/www.matrix4design.com\/it\/#\/schema\/person\/b2b6dd48f9d6892ca224742379951fa1\",\"name\":\"Redazione\",\"image\":{\"@type\":\"ImageObject\",\"inLanguage\":\"it-IT\",\"@id\":\"https:\/\/www.matrix4design.com\/it\/#\/schema\/person\/image\/\",\"url\":\"https:\/\/www.matrix4design.com\/wp-content\/uploads\/2023\/01\/logo_M4D_2023-96x96.jpg\",\"contentUrl\":\"https:\/\/www.matrix4design.com\/wp-content\/uploads\/2023\/01\/logo_M4D_2023-96x96.jpg\",\"caption\":\"Redazione\"},\"url\":\"https:\/\/www.matrix4design.com\/it\/author\/redazione\/\"}]}<\/script>\n<!-- \/ Yoast SEO plugin. -->","yoast_head_json":{"title":"EDEN, Rodolfo Dordoni disegna il nuovo spazio outdoor firmato Roda","description":"EDEN \u00e8 la collezione outdoor progettata da Rodolfo Dordoni per Roda nel segno dello stile italiano.","robots":{"index":"index","follow":"follow","max-snippet":"max-snippet:-1","max-image-preview":"max-image-preview:large","max-video-preview":"max-video-preview:-1"},"canonical":"https:\/\/www.matrix4design.com\/it\/design\/eden-rodolfo-dordoni-disegna-il-nuovo-spazio-outdoor-firmato-roda\/","og_locale":"it_IT","og_type":"article","og_title":"EDEN, Rodolfo Dordoni disegna il nuovo spazio outdoor firmato Roda","og_description":"EDEN \u00e8 la collezione outdoor progettata da Rodolfo Dordoni per Roda nel segno dello stile italiano.","og_url":"https:\/\/www.matrix4design.com\/it\/design\/eden-rodolfo-dordoni-disegna-il-nuovo-spazio-outdoor-firmato-roda\/","og_site_name":"Matrix4Design","article_publisher":"https:\/\/www.facebook.com\/matrix4designmagazine\/","article_published_time":"2019-11-27T00:00:00+00:00","article_modified_time":"2020-04-01T09:25:37+00:00","og_image":[{"width":1200,"height":800,"url":"https:\/\/www.matrix4design.com\/wp-content\/uploads\/2020\/03\/RODA_EDENmodularloungecollection1.jpg","type":"image\/jpeg"}],"author":"Redazione","twitter_card":"summary_large_image","twitter_misc":{"Scritto da":"Redazione","Tempo di lettura stimato":"2 minuti"},"schema":{"@context":"https:\/\/schema.org","@graph":[{"@type":"Article","@id":"https:\/\/www.matrix4design.com\/it\/design\/eden-rodolfo-dordoni-disegna-il-nuovo-spazio-outdoor-firmato-roda\/#article","isPartOf":{"@id":"https:\/\/www.matrix4design.com\/it\/design\/eden-rodolfo-dordoni-disegna-il-nuovo-spazio-outdoor-firmato-roda\/"},"author":{"name":"Redazione","@id":"https:\/\/www.matrix4design.com\/it\/#\/schema\/person\/b2b6dd48f9d6892ca224742379951fa1"},"headline":"EDEN, Rodolfo Dordoni disegna il nuovo spazio outdoor firmato Roda","datePublished":"2019-11-27T00:00:00+00:00","dateModified":"2020-04-01T09:25:37+00:00","mainEntityOfPage":{"@id":"https:\/\/www.matrix4design.com\/it\/design\/eden-rodolfo-dordoni-disegna-il-nuovo-spazio-outdoor-firmato-roda\/"},"wordCount":360,"commentCount":0,"publisher":{"@id":"https:\/\/www.matrix4design.com\/it\/#organization"},"image":{"@id":"https:\/\/www.matrix4design.com\/it\/design\/eden-rodolfo-dordoni-disegna-il-nuovo-spazio-outdoor-firmato-roda\/#primaryimage"},"thumbnailUrl":"https:\/\/www.matrix4design.com\/wp-content\/uploads\/2020\/03\/RODA_EDENmodularloungecollection1.jpg","keywords":["Cersaie 2019","Design"],"articleSection":["Design"],"inLanguage":"it-IT"},{"@type":"WebPage","@id":"https:\/\/www.matrix4design.com\/it\/design\/eden-rodolfo-dordoni-disegna-il-nuovo-spazio-outdoor-firmato-roda\/","url":"https:\/\/www.matrix4design.com\/it\/design\/eden-rodolfo-dordoni-disegna-il-nuovo-spazio-outdoor-firmato-roda\/","name":"EDEN, Rodolfo Dordoni disegna il nuovo spazio outdoor firmato Roda","isPartOf":{"@id":"https:\/\/www.matrix4design.com\/it\/#website"},"primaryImageOfPage":{"@id":"https:\/\/www.matrix4design.com\/it\/design\/eden-rodolfo-dordoni-disegna-il-nuovo-spazio-outdoor-firmato-roda\/#primaryimage"},"image":{"@id":"https:\/\/www.matrix4design.com\/it\/design\/eden-rodolfo-dordoni-disegna-il-nuovo-spazio-outdoor-firmato-roda\/#primaryimage"},"thumbnailUrl":"https:\/\/www.matrix4design.com\/wp-content\/uploads\/2020\/03\/RODA_EDENmodularloungecollection1.jpg","datePublished":"2019-11-27T00:00:00+00:00","dateModified":"2020-04-01T09:25:37+00:00","description":"EDEN \u00e8 la collezione outdoor progettata da Rodolfo Dordoni per Roda nel segno dello stile italiano.","breadcrumb":{"@id":"https:\/\/www.matrix4design.com\/it\/design\/eden-rodolfo-dordoni-disegna-il-nuovo-spazio-outdoor-firmato-roda\/#breadcrumb"},"inLanguage":"it-IT","potentialAction":[{"@type":"ReadAction","target":["https:\/\/www.matrix4design.com\/it\/design\/eden-rodolfo-dordoni-disegna-il-nuovo-spazio-outdoor-firmato-roda\/"]}]},{"@type":"ImageObject","inLanguage":"it-IT","@id":"https:\/\/www.matrix4design.com\/it\/design\/eden-rodolfo-dordoni-disegna-il-nuovo-spazio-outdoor-firmato-roda\/#primaryimage","url":"https:\/\/www.matrix4design.com\/wp-content\/uploads\/2020\/03\/RODA_EDENmodularloungecollection1.jpg","contentUrl":"https:\/\/www.matrix4design.com\/wp-content\/uploads\/2020\/03\/RODA_EDENmodularloungecollection1.jpg","width":1200,"height":800},{"@type":"BreadcrumbList","@id":"https:\/\/www.matrix4design.com\/it\/design\/eden-rodolfo-dordoni-disegna-il-nuovo-spazio-outdoor-firmato-roda\/#breadcrumb","itemListElement":[{"@type":"ListItem","position":1,"name":"Home","item":"https:\/\/www.matrix4design.com\/it\/"},{"@type":"ListItem","position":2,"name":"EDEN, Rodolfo Dordoni disegna il nuovo spazio outdoor firmato Roda"}]},{"@type":"WebSite","@id":"https:\/\/www.matrix4design.com\/it\/#website","url":"https:\/\/www.matrix4design.com\/it\/","name":"Matrix4Design","description":"Digital architecture and design b2b magazine","publisher":{"@id":"https:\/\/www.matrix4design.com\/it\/#organization"},"potentialAction":[{"@type":"SearchAction","target":{"@type":"EntryPoint","urlTemplate":"https:\/\/www.matrix4design.com\/it\/?s={search_term_string}"},"query-input":{"@type":"PropertyValueSpecification","valueRequired":true,"valueName":"search_term_string"}}],"inLanguage":"it-IT"},{"@type":"Organization","@id":"https:\/\/www.matrix4design.com\/it\/#organization","name":"Matrix4Design","url":"https:\/\/www.matrix4design.com\/it\/","logo":{"@type":"ImageObject","inLanguage":"it-IT","@id":"https:\/\/www.matrix4design.com\/it\/#\/schema\/logo\/image\/","url":"https:\/\/www.matrix4design.com\/wp-content\/uploads\/2020\/04\/logo_matrix4design.png","contentUrl":"https:\/\/www.matrix4design.com\/wp-content\/uploads\/2020\/04\/logo_matrix4design.png","width":804,"height":114,"caption":"Matrix4Design"},"image":{"@id":"https:\/\/www.matrix4design.com\/it\/#\/schema\/logo\/image\/"},"sameAs":["https:\/\/www.facebook.com\/matrix4designmagazine\/","https:\/\/www.instagram.com\/matrix4designmagazine\/","https:\/\/www.youtube.com\/channel\/UCtuhSSrP3MOO_URZgv8mQ1A"]},{"@type":"Person","@id":"https:\/\/www.matrix4design.com\/it\/#\/schema\/person\/b2b6dd48f9d6892ca224742379951fa1","name":"Redazione","image":{"@type":"ImageObject","inLanguage":"it-IT","@id":"https:\/\/www.matrix4design.com\/it\/#\/schema\/person\/image\/","url":"https:\/\/www.matrix4design.com\/wp-content\/uploads\/2023\/01\/logo_M4D_2023-96x96.jpg","contentUrl":"https:\/\/www.matrix4design.com\/wp-content\/uploads\/2023\/01\/logo_M4D_2023-96x96.jpg","caption":"Redazione"},"url":"https:\/\/www.matrix4design.com\/it\/author\/redazione\/"}]}},"_links":{"self":[{"href":"https:\/\/www.matrix4design.com\/it\/wp-json\/wp\/v2\/posts\/60891","targetHints":{"allow":["GET"]}}],"collection":[{"href":"https:\/\/www.matrix4design.com\/it\/wp-json\/wp\/v2\/posts"}],"about":[{"href":"https:\/\/www.matrix4design.com\/it\/wp-json\/wp\/v2\/types\/post"}],"author":[{"embeddable":true,"href":"https:\/\/www.matrix4design.com\/it\/wp-json\/wp\/v2\/users\/6"}],"replies":[{"embeddable":true,"href":"https:\/\/www.matrix4design.com\/it\/wp-json\/wp\/v2\/comments?post=60891"}],"version-history":[{"count":1,"href":"https:\/\/www.matrix4design.com\/it\/wp-json\/wp\/v2\/posts\/60891\/revisions"}],"predecessor-version":[{"id":63157,"href":"https:\/\/www.matrix4design.com\/it\/wp-json\/wp\/v2\/posts\/60891\/revisions\/63157"}],"wp:featuredmedia":[{"embeddable":true,"href":"https:\/\/www.matrix4design.com\/it\/wp-json\/wp\/v2\/media\/56079"}],"wp:attachment":[{"href":"https:\/\/www.matrix4design.com\/it\/wp-json\/wp\/v2\/media?parent=60891"}],"wp:term":[{"taxonomy":"category","embeddable":true,"href":"https:\/\/www.matrix4design.com\/it\/wp-json\/wp\/v2\/categories?post=60891"},{"taxonomy":"post_tag","embeddable":true,"href":"https:\/\/www.matrix4design.com\/it\/wp-json\/wp\/v2\/tags?post=60891"}],"curies":[{"name":"wp","href":"https:\/\/api.w.org\/{rel}","templated":true}]}}