{"id":61039,"date":"2019-03-12T00:00:00","date_gmt":"2019-03-12T00:00:00","guid":{"rendered":""},"modified":"2020-03-26T10:53:35","modified_gmt":"2020-03-26T10:53:35","slug":"fuorisalone-2019-ideagroup-e-rubinetterie-treemme-presentano-riflessi-materici","status":"publish","type":"post","link":"https:\/\/www.matrix4design.com\/it\/design\/fuorisalone-2019-ideagroup-e-rubinetterie-treemme-presentano-riflessi-materici\/","title":{"rendered":"Fuorisalone 2019, Ideagroup e Rubinetterie Treemme presentano Riflessi Materici"},"content":{"rendered":"<p><body>                   <\/p>\n<div id=\"main-text\">\n<p>Si chiamer\u00e0 <b><i>Riflessi Materici<\/i><\/b> e sar\u00e0 un\u2019esperienza sensoriale in grado di trasmettere appieno ai visitatori una concezione innovativa dell\u2019ambiente bagno.<\/p>\n<p><b><\/b><b>Ideagroup<\/b> e <b>Rubinetterie Treemme<\/b>, aziende leader nel settore dell\u2019arredo bagno, partecipano da protagonista alla <b>Milano Design Week 2019<\/b>, dando vita ad <b>un grande evento <\/b>in <b>Via del Carmine 11<\/b>, nel cuore del <b>Brera Design District<\/b>, pensato per esprimere a tutto tondo un nuovo modo di vivere l\u2019ambiente <i>bathroom<\/i>.<\/p>\n<p><b>Matericit\u00e0, innovazione, colore e design<\/b> saranno gli elementi fondamentali di <i>Riflessi Materici<\/i>, fondendosi in un percorso che coinvolger\u00e0 il visitatore in uno spazio emozionale ed evocativo dove <b>gli effetti di luce esalteranno la materia <\/b>mostrandone l\u2019evoluzione in prospettiva contemporanea.<\/p>\n<p><img decoding=\"async\" src=\"https:\/\/www.matrix4design.com\/wp-content\/uploads\/2020\/03\/image001.png\" alt=\"\" class=\"image-inline\" title=\"\"><\/p>\n<p>L\u2019allestimento si distinguer\u00e0 per le suggestioni scenografiche che faranno da cornice alle <b>collezioni esclusive <\/b>delle due aziende, alcune realizzate <i>ad hoc<\/i> per questo evento, dimostrando come l\u2019unione di due eccellenze pu\u00f2 diventare lo scenario privilegiato per supportare la qualit\u00e0 della produzione Made in Italy, promuovendone la conoscenza e la visibilit\u00e0.&nbsp;<\/p>\n<\/div>\n<p>                   <!--                                   \n\n<div id=\"load-section\">                                     \n\n<div class=\"load-bar\">                                       <span>Load More<\/span>                                     <\/div>\n\n                                   <\/div>\n\n                   -->                                                       <br \/><\/body><\/p>\n","protected":false},"excerpt":{"rendered":"<p>Si chiamer\u00e0 Riflessi Materici e sar\u00e0 un\u2019esperienza sensoriale in grado di trasmettere appieno ai visitatori una concezione innovativa dell\u2019ambiente bagno. Ideagroup e Rubinetterie Treemme, aziende leader nel settore dell\u2019arredo bagno, partecipano da protagonista alla Milano Design Week 2019, dando vita ad un grande evento in Via del Carmine 11, nel cuore del Brera Design District, [&hellip;]<\/p>\n","protected":false},"author":6,"featured_media":61040,"comment_status":"open","ping_status":"open","sticky":false,"template":"","format":"standard","meta":{"_acf_changed":false,"footnotes":""},"categories":[366],"tags":[57,318,90],"class_list":{"0":"post-61039","1":"post","2":"type-post","3":"status-publish","4":"format-standard","5":"has-post-thumbnail","7":"category-design","8":"tag-design","9":"tag-salone-del-mobile-2019","10":"tag-treemme"},"acf":[],"yoast_head":"<!-- This site is optimized with the Yoast SEO plugin v27.0 - https:\/\/yoast.com\/product\/yoast-seo-wordpress\/ -->\n<title>Fuorisalone 2019, Ideagroup e Rubinetterie Treemme presentano Riflessi Materici<\/title>\n<meta name=\"description\" content=\"Un grande evento nel Brera Design District promosso da Ideagroup e Treemme Rubinetterie per valorizzare la qualit\u00e0 del bagno Made in Italy.\" \/>\n<meta name=\"robots\" content=\"index, follow, max-snippet:-1, max-image-preview:large, max-video-preview:-1\" \/>\n<link rel=\"canonical\" href=\"https:\/\/www.matrix4design.com\/it\/design\/fuorisalone-2019-ideagroup-e-rubinetterie-treemme-presentano-riflessi-materici\/\" \/>\n<meta property=\"og:locale\" content=\"it_IT\" \/>\n<meta property=\"og:type\" content=\"article\" \/>\n<meta property=\"og:title\" content=\"Fuorisalone 2019, Ideagroup e Rubinetterie Treemme presentano Riflessi Materici\" \/>\n<meta property=\"og:description\" content=\"Un grande evento nel Brera Design District promosso da Ideagroup e Treemme Rubinetterie per valorizzare la qualit\u00e0 del bagno Made in Italy.\" \/>\n<meta property=\"og:url\" content=\"https:\/\/www.matrix4design.com\/it\/design\/fuorisalone-2019-ideagroup-e-rubinetterie-treemme-presentano-riflessi-materici\/\" \/>\n<meta property=\"og:site_name\" content=\"Matrix4Design\" \/>\n<meta property=\"article:publisher\" content=\"https:\/\/www.facebook.com\/matrix4designmagazine\/\" \/>\n<meta property=\"article:published_time\" content=\"2019-03-12T00:00:00+00:00\" \/>\n<meta property=\"article:modified_time\" content=\"2020-03-26T10:53:35+00:00\" \/>\n<meta property=\"og:image\" content=\"https:\/\/www.matrix4design.com\/wp-content\/uploads\/2020\/03\/image001.png\" \/>\n\t<meta property=\"og:image:width\" content=\"418\" \/>\n\t<meta property=\"og:image:height\" content=\"418\" \/>\n\t<meta property=\"og:image:type\" content=\"image\/png\" \/>\n<meta name=\"author\" content=\"Redazione\" \/>\n<meta name=\"twitter:card\" content=\"summary_large_image\" \/>\n<meta name=\"twitter:label1\" content=\"Scritto da\" \/>\n\t<meta name=\"twitter:data1\" content=\"Redazione\" \/>\n\t<meta name=\"twitter:label2\" content=\"Tempo di lettura stimato\" \/>\n\t<meta name=\"twitter:data2\" content=\"1 minuto\" \/>\n<script type=\"application\/ld+json\" class=\"yoast-schema-graph\">{\"@context\":\"https:\/\/schema.org\",\"@graph\":[{\"@type\":\"Article\",\"@id\":\"https:\/\/www.matrix4design.com\/it\/design\/fuorisalone-2019-ideagroup-e-rubinetterie-treemme-presentano-riflessi-materici\/#article\",\"isPartOf\":{\"@id\":\"https:\/\/www.matrix4design.com\/it\/design\/fuorisalone-2019-ideagroup-e-rubinetterie-treemme-presentano-riflessi-materici\/\"},\"author\":{\"name\":\"Redazione\",\"@id\":\"https:\/\/www.matrix4design.com\/it\/#\/schema\/person\/b2b6dd48f9d6892ca224742379951fa1\"},\"headline\":\"Fuorisalone 2019, Ideagroup e Rubinetterie Treemme presentano Riflessi Materici\",\"datePublished\":\"2019-03-12T00:00:00+00:00\",\"dateModified\":\"2020-03-26T10:53:35+00:00\",\"mainEntityOfPage\":{\"@id\":\"https:\/\/www.matrix4design.com\/it\/design\/fuorisalone-2019-ideagroup-e-rubinetterie-treemme-presentano-riflessi-materici\/\"},\"wordCount\":171,\"commentCount\":0,\"publisher\":{\"@id\":\"https:\/\/www.matrix4design.com\/it\/#organization\"},\"image\":{\"@id\":\"https:\/\/www.matrix4design.com\/it\/design\/fuorisalone-2019-ideagroup-e-rubinetterie-treemme-presentano-riflessi-materici\/#primaryimage\"},\"thumbnailUrl\":\"https:\/\/www.matrix4design.com\/wp-content\/uploads\/2020\/03\/image001.png\",\"keywords\":[\"Design\",\"Salone del Mobile 2019\",\"Treemme\"],\"articleSection\":[\"Design\"],\"inLanguage\":\"it-IT\"},{\"@type\":\"WebPage\",\"@id\":\"https:\/\/www.matrix4design.com\/it\/design\/fuorisalone-2019-ideagroup-e-rubinetterie-treemme-presentano-riflessi-materici\/\",\"url\":\"https:\/\/www.matrix4design.com\/it\/design\/fuorisalone-2019-ideagroup-e-rubinetterie-treemme-presentano-riflessi-materici\/\",\"name\":\"Fuorisalone 2019, Ideagroup e Rubinetterie Treemme presentano Riflessi Materici\",\"isPartOf\":{\"@id\":\"https:\/\/www.matrix4design.com\/it\/#website\"},\"primaryImageOfPage\":{\"@id\":\"https:\/\/www.matrix4design.com\/it\/design\/fuorisalone-2019-ideagroup-e-rubinetterie-treemme-presentano-riflessi-materici\/#primaryimage\"},\"image\":{\"@id\":\"https:\/\/www.matrix4design.com\/it\/design\/fuorisalone-2019-ideagroup-e-rubinetterie-treemme-presentano-riflessi-materici\/#primaryimage\"},\"thumbnailUrl\":\"https:\/\/www.matrix4design.com\/wp-content\/uploads\/2020\/03\/image001.png\",\"datePublished\":\"2019-03-12T00:00:00+00:00\",\"dateModified\":\"2020-03-26T10:53:35+00:00\",\"description\":\"Un grande evento nel Brera Design District promosso da Ideagroup e Treemme Rubinetterie per valorizzare la qualit\u00e0 del bagno Made in Italy.\",\"breadcrumb\":{\"@id\":\"https:\/\/www.matrix4design.com\/it\/design\/fuorisalone-2019-ideagroup-e-rubinetterie-treemme-presentano-riflessi-materici\/#breadcrumb\"},\"inLanguage\":\"it-IT\",\"potentialAction\":[{\"@type\":\"ReadAction\",\"target\":[\"https:\/\/www.matrix4design.com\/it\/design\/fuorisalone-2019-ideagroup-e-rubinetterie-treemme-presentano-riflessi-materici\/\"]}]},{\"@type\":\"ImageObject\",\"inLanguage\":\"it-IT\",\"@id\":\"https:\/\/www.matrix4design.com\/it\/design\/fuorisalone-2019-ideagroup-e-rubinetterie-treemme-presentano-riflessi-materici\/#primaryimage\",\"url\":\"https:\/\/www.matrix4design.com\/wp-content\/uploads\/2020\/03\/image001.png\",\"contentUrl\":\"https:\/\/www.matrix4design.com\/wp-content\/uploads\/2020\/03\/image001.png\",\"width\":418,\"height\":418},{\"@type\":\"BreadcrumbList\",\"@id\":\"https:\/\/www.matrix4design.com\/it\/design\/fuorisalone-2019-ideagroup-e-rubinetterie-treemme-presentano-riflessi-materici\/#breadcrumb\",\"itemListElement\":[{\"@type\":\"ListItem\",\"position\":1,\"name\":\"Home\",\"item\":\"https:\/\/www.matrix4design.com\/it\/\"},{\"@type\":\"ListItem\",\"position\":2,\"name\":\"Fuorisalone 2019, Ideagroup e Rubinetterie Treemme presentano Riflessi Materici\"}]},{\"@type\":\"WebSite\",\"@id\":\"https:\/\/www.matrix4design.com\/it\/#website\",\"url\":\"https:\/\/www.matrix4design.com\/it\/\",\"name\":\"Matrix4Design\",\"description\":\"Digital architecture and design b2b magazine\",\"publisher\":{\"@id\":\"https:\/\/www.matrix4design.com\/it\/#organization\"},\"potentialAction\":[{\"@type\":\"SearchAction\",\"target\":{\"@type\":\"EntryPoint\",\"urlTemplate\":\"https:\/\/www.matrix4design.com\/it\/?s={search_term_string}\"},\"query-input\":{\"@type\":\"PropertyValueSpecification\",\"valueRequired\":true,\"valueName\":\"search_term_string\"}}],\"inLanguage\":\"it-IT\"},{\"@type\":\"Organization\",\"@id\":\"https:\/\/www.matrix4design.com\/it\/#organization\",\"name\":\"Matrix4Design\",\"url\":\"https:\/\/www.matrix4design.com\/it\/\",\"logo\":{\"@type\":\"ImageObject\",\"inLanguage\":\"it-IT\",\"@id\":\"https:\/\/www.matrix4design.com\/it\/#\/schema\/logo\/image\/\",\"url\":\"https:\/\/www.matrix4design.com\/wp-content\/uploads\/2020\/04\/logo_matrix4design.png\",\"contentUrl\":\"https:\/\/www.matrix4design.com\/wp-content\/uploads\/2020\/04\/logo_matrix4design.png\",\"width\":804,\"height\":114,\"caption\":\"Matrix4Design\"},\"image\":{\"@id\":\"https:\/\/www.matrix4design.com\/it\/#\/schema\/logo\/image\/\"},\"sameAs\":[\"https:\/\/www.facebook.com\/matrix4designmagazine\/\",\"https:\/\/www.instagram.com\/matrix4designmagazine\/\",\"https:\/\/www.youtube.com\/channel\/UCtuhSSrP3MOO_URZgv8mQ1A\"]},{\"@type\":\"Person\",\"@id\":\"https:\/\/www.matrix4design.com\/it\/#\/schema\/person\/b2b6dd48f9d6892ca224742379951fa1\",\"name\":\"Redazione\",\"image\":{\"@type\":\"ImageObject\",\"inLanguage\":\"it-IT\",\"@id\":\"https:\/\/www.matrix4design.com\/it\/#\/schema\/person\/image\/\",\"url\":\"https:\/\/www.matrix4design.com\/wp-content\/uploads\/2023\/01\/logo_M4D_2023-96x96.jpg\",\"contentUrl\":\"https:\/\/www.matrix4design.com\/wp-content\/uploads\/2023\/01\/logo_M4D_2023-96x96.jpg\",\"caption\":\"Redazione\"},\"url\":\"https:\/\/www.matrix4design.com\/it\/author\/redazione\/\"}]}<\/script>\n<!-- \/ Yoast SEO plugin. -->","yoast_head_json":{"title":"Fuorisalone 2019, Ideagroup e Rubinetterie Treemme presentano Riflessi Materici","description":"Un grande evento nel Brera Design District promosso da Ideagroup e Treemme Rubinetterie per valorizzare la qualit\u00e0 del bagno Made in Italy.","robots":{"index":"index","follow":"follow","max-snippet":"max-snippet:-1","max-image-preview":"max-image-preview:large","max-video-preview":"max-video-preview:-1"},"canonical":"https:\/\/www.matrix4design.com\/it\/design\/fuorisalone-2019-ideagroup-e-rubinetterie-treemme-presentano-riflessi-materici\/","og_locale":"it_IT","og_type":"article","og_title":"Fuorisalone 2019, Ideagroup e Rubinetterie Treemme presentano Riflessi Materici","og_description":"Un grande evento nel Brera Design District promosso da Ideagroup e Treemme Rubinetterie per valorizzare la qualit\u00e0 del bagno Made in Italy.","og_url":"https:\/\/www.matrix4design.com\/it\/design\/fuorisalone-2019-ideagroup-e-rubinetterie-treemme-presentano-riflessi-materici\/","og_site_name":"Matrix4Design","article_publisher":"https:\/\/www.facebook.com\/matrix4designmagazine\/","article_published_time":"2019-03-12T00:00:00+00:00","article_modified_time":"2020-03-26T10:53:35+00:00","og_image":[{"width":418,"height":418,"url":"https:\/\/www.matrix4design.com\/wp-content\/uploads\/2020\/03\/image001.png","type":"image\/png"}],"author":"Redazione","twitter_card":"summary_large_image","twitter_misc":{"Scritto da":"Redazione","Tempo di lettura stimato":"1 minuto"},"schema":{"@context":"https:\/\/schema.org","@graph":[{"@type":"Article","@id":"https:\/\/www.matrix4design.com\/it\/design\/fuorisalone-2019-ideagroup-e-rubinetterie-treemme-presentano-riflessi-materici\/#article","isPartOf":{"@id":"https:\/\/www.matrix4design.com\/it\/design\/fuorisalone-2019-ideagroup-e-rubinetterie-treemme-presentano-riflessi-materici\/"},"author":{"name":"Redazione","@id":"https:\/\/www.matrix4design.com\/it\/#\/schema\/person\/b2b6dd48f9d6892ca224742379951fa1"},"headline":"Fuorisalone 2019, Ideagroup e Rubinetterie Treemme presentano Riflessi Materici","datePublished":"2019-03-12T00:00:00+00:00","dateModified":"2020-03-26T10:53:35+00:00","mainEntityOfPage":{"@id":"https:\/\/www.matrix4design.com\/it\/design\/fuorisalone-2019-ideagroup-e-rubinetterie-treemme-presentano-riflessi-materici\/"},"wordCount":171,"commentCount":0,"publisher":{"@id":"https:\/\/www.matrix4design.com\/it\/#organization"},"image":{"@id":"https:\/\/www.matrix4design.com\/it\/design\/fuorisalone-2019-ideagroup-e-rubinetterie-treemme-presentano-riflessi-materici\/#primaryimage"},"thumbnailUrl":"https:\/\/www.matrix4design.com\/wp-content\/uploads\/2020\/03\/image001.png","keywords":["Design","Salone del Mobile 2019","Treemme"],"articleSection":["Design"],"inLanguage":"it-IT"},{"@type":"WebPage","@id":"https:\/\/www.matrix4design.com\/it\/design\/fuorisalone-2019-ideagroup-e-rubinetterie-treemme-presentano-riflessi-materici\/","url":"https:\/\/www.matrix4design.com\/it\/design\/fuorisalone-2019-ideagroup-e-rubinetterie-treemme-presentano-riflessi-materici\/","name":"Fuorisalone 2019, Ideagroup e Rubinetterie Treemme presentano Riflessi Materici","isPartOf":{"@id":"https:\/\/www.matrix4design.com\/it\/#website"},"primaryImageOfPage":{"@id":"https:\/\/www.matrix4design.com\/it\/design\/fuorisalone-2019-ideagroup-e-rubinetterie-treemme-presentano-riflessi-materici\/#primaryimage"},"image":{"@id":"https:\/\/www.matrix4design.com\/it\/design\/fuorisalone-2019-ideagroup-e-rubinetterie-treemme-presentano-riflessi-materici\/#primaryimage"},"thumbnailUrl":"https:\/\/www.matrix4design.com\/wp-content\/uploads\/2020\/03\/image001.png","datePublished":"2019-03-12T00:00:00+00:00","dateModified":"2020-03-26T10:53:35+00:00","description":"Un grande evento nel Brera Design District promosso da Ideagroup e Treemme Rubinetterie per valorizzare la qualit\u00e0 del bagno Made in Italy.","breadcrumb":{"@id":"https:\/\/www.matrix4design.com\/it\/design\/fuorisalone-2019-ideagroup-e-rubinetterie-treemme-presentano-riflessi-materici\/#breadcrumb"},"inLanguage":"it-IT","potentialAction":[{"@type":"ReadAction","target":["https:\/\/www.matrix4design.com\/it\/design\/fuorisalone-2019-ideagroup-e-rubinetterie-treemme-presentano-riflessi-materici\/"]}]},{"@type":"ImageObject","inLanguage":"it-IT","@id":"https:\/\/www.matrix4design.com\/it\/design\/fuorisalone-2019-ideagroup-e-rubinetterie-treemme-presentano-riflessi-materici\/#primaryimage","url":"https:\/\/www.matrix4design.com\/wp-content\/uploads\/2020\/03\/image001.png","contentUrl":"https:\/\/www.matrix4design.com\/wp-content\/uploads\/2020\/03\/image001.png","width":418,"height":418},{"@type":"BreadcrumbList","@id":"https:\/\/www.matrix4design.com\/it\/design\/fuorisalone-2019-ideagroup-e-rubinetterie-treemme-presentano-riflessi-materici\/#breadcrumb","itemListElement":[{"@type":"ListItem","position":1,"name":"Home","item":"https:\/\/www.matrix4design.com\/it\/"},{"@type":"ListItem","position":2,"name":"Fuorisalone 2019, Ideagroup e Rubinetterie Treemme presentano Riflessi Materici"}]},{"@type":"WebSite","@id":"https:\/\/www.matrix4design.com\/it\/#website","url":"https:\/\/www.matrix4design.com\/it\/","name":"Matrix4Design","description":"Digital architecture and design b2b magazine","publisher":{"@id":"https:\/\/www.matrix4design.com\/it\/#organization"},"potentialAction":[{"@type":"SearchAction","target":{"@type":"EntryPoint","urlTemplate":"https:\/\/www.matrix4design.com\/it\/?s={search_term_string}"},"query-input":{"@type":"PropertyValueSpecification","valueRequired":true,"valueName":"search_term_string"}}],"inLanguage":"it-IT"},{"@type":"Organization","@id":"https:\/\/www.matrix4design.com\/it\/#organization","name":"Matrix4Design","url":"https:\/\/www.matrix4design.com\/it\/","logo":{"@type":"ImageObject","inLanguage":"it-IT","@id":"https:\/\/www.matrix4design.com\/it\/#\/schema\/logo\/image\/","url":"https:\/\/www.matrix4design.com\/wp-content\/uploads\/2020\/04\/logo_matrix4design.png","contentUrl":"https:\/\/www.matrix4design.com\/wp-content\/uploads\/2020\/04\/logo_matrix4design.png","width":804,"height":114,"caption":"Matrix4Design"},"image":{"@id":"https:\/\/www.matrix4design.com\/it\/#\/schema\/logo\/image\/"},"sameAs":["https:\/\/www.facebook.com\/matrix4designmagazine\/","https:\/\/www.instagram.com\/matrix4designmagazine\/","https:\/\/www.youtube.com\/channel\/UCtuhSSrP3MOO_URZgv8mQ1A"]},{"@type":"Person","@id":"https:\/\/www.matrix4design.com\/it\/#\/schema\/person\/b2b6dd48f9d6892ca224742379951fa1","name":"Redazione","image":{"@type":"ImageObject","inLanguage":"it-IT","@id":"https:\/\/www.matrix4design.com\/it\/#\/schema\/person\/image\/","url":"https:\/\/www.matrix4design.com\/wp-content\/uploads\/2023\/01\/logo_M4D_2023-96x96.jpg","contentUrl":"https:\/\/www.matrix4design.com\/wp-content\/uploads\/2023\/01\/logo_M4D_2023-96x96.jpg","caption":"Redazione"},"url":"https:\/\/www.matrix4design.com\/it\/author\/redazione\/"}]}},"_links":{"self":[{"href":"https:\/\/www.matrix4design.com\/it\/wp-json\/wp\/v2\/posts\/61039","targetHints":{"allow":["GET"]}}],"collection":[{"href":"https:\/\/www.matrix4design.com\/it\/wp-json\/wp\/v2\/posts"}],"about":[{"href":"https:\/\/www.matrix4design.com\/it\/wp-json\/wp\/v2\/types\/post"}],"author":[{"embeddable":true,"href":"https:\/\/www.matrix4design.com\/it\/wp-json\/wp\/v2\/users\/6"}],"replies":[{"embeddable":true,"href":"https:\/\/www.matrix4design.com\/it\/wp-json\/wp\/v2\/comments?post=61039"}],"version-history":[{"count":1,"href":"https:\/\/www.matrix4design.com\/it\/wp-json\/wp\/v2\/posts\/61039\/revisions"}],"predecessor-version":[{"id":63657,"href":"https:\/\/www.matrix4design.com\/it\/wp-json\/wp\/v2\/posts\/61039\/revisions\/63657"}],"wp:featuredmedia":[{"embeddable":true,"href":"https:\/\/www.matrix4design.com\/it\/wp-json\/wp\/v2\/media\/61040"}],"wp:attachment":[{"href":"https:\/\/www.matrix4design.com\/it\/wp-json\/wp\/v2\/media?parent=61039"}],"wp:term":[{"taxonomy":"category","embeddable":true,"href":"https:\/\/www.matrix4design.com\/it\/wp-json\/wp\/v2\/categories?post=61039"},{"taxonomy":"post_tag","embeddable":true,"href":"https:\/\/www.matrix4design.com\/it\/wp-json\/wp\/v2\/tags?post=61039"}],"curies":[{"name":"wp","href":"https:\/\/api.w.org\/{rel}","templated":true}]}}