{"id":61209,"date":"2019-04-12T00:00:00","date_gmt":"2019-04-12T00:00:00","guid":{"rendered":""},"modified":"2020-03-26T10:53:30","modified_gmt":"2020-03-26T10:53:30","slug":"il-lusso-del-mobile-e-made-in-italy-matrix4design-incontra-francesco-pasi","status":"publish","type":"post","link":"https:\/\/www.matrix4design.com\/it\/design\/il-lusso-del-mobile-e-made-in-italy-matrix4design-incontra-francesco-pasi\/","title":{"rendered":"Il lusso del mobile \u00e8 Made in Italy: Matrix4Design incontra Francesco Pasi"},"content":{"rendered":"<p><body>                   <\/p>\n<div id=\"main-text\">\n<p><i>Nata nel 1975 nel cuore del distretto del mobile veronese, <strong>Francesco Pasi<\/strong> \u00e8 da anni un\u2019azienda simbolo della migliore tradizione ebanista italiana, apprezzata in tutto il mondo per la sua capacit\u00e0 di unire la qualit\u00e0 dei materiali alla raffinatezza del design, in sintonia con un concetto di lusso senza tempo legato a doppio filo con i temi dell\u2019eleganza e del comfort. Personalizzazione, ricerca e valore del Made in Italy sono stati al centro della nostra conversazione con <strong>Alberto Pasi<\/strong>, Export Manager del brand che abbiamo incontrato al Salone del Mobile di Milano. <\/i><\/p>\n<p><b>Quali sono le novit\u00e0 su cui punta Francesco Pasi al Salone del Mobile 2019?<\/b><\/p>\n<p>\u201cPresentiamo la nuova collezione Ellipse, pi\u00f9 contemporanea rispetto alle nostre linee precedenti, marcate dallo stile classico. Il materiale protagonista \u00e8 il legno di noce a cui si affianca il legno di palissandro, un\u2019essenza molto pregiata utilizzata per i top, i cassetti e le ante, in tutti gli articoli proposti. La collezione, disegnata da un architetto veronese come noi, si caratterizza per il simbolo dell\u2019ellisse realizzato in un marmo scelto dal cliente, che in questo modo pu\u00f2 personalizzare il prodotto.\u201d<\/p>\n<p><b>Quanto \u00e8 importante la qualit\u00e0 dei materiali nelle vostre collezioni?<\/b><\/p>\n<p>\u201cLa nuova collezione, oltre al tradizionale uso del legno massello, introduce materiali inediti come il metallo, il marmo in varie tipologie, il palissandro (particolarmente ricercato e anche difficile da trattare, in quanto richiede un grande lavoro artigianale per la verniciatura), i cristalli, le pelli, il nabuk, i velluti naturali di cotone che utilizziamo per gli imbottiti.\u201d<\/p>\n<p><b>Che cos\u2019\u00e8 per voi il lusso italiano?<\/b><\/p>\n<p>\u201cSecondo noi il lusso combina la selezione di materiali pregiati allo studio di un design ricercato, attuale ma al tempo stesso in grado di garantire il massimo comfort, oltre naturalmente alla bellezza estetica.\u201d<\/p>\n<p><b>Obiettivi per il futuro?<\/b><\/p>\n<p>\u201cL\u2019obiettivo principale \u00e8 senza dubbio la conquista del mercato cinese, affinch\u00e9 vada ad aggiungersi a quelli russo, arabo e centro europeo, mercati in cui la nostra presenza si \u00e8 ormai consolidata nel tempo.\u201d<\/p>\n<p>&nbsp;<\/p>\n<\/div>\n<p>                   <!--                                   \n\n<div id=\"load-section\">                                     \n\n<div class=\"load-bar\">                                       <span>Load More<\/span>                                     <\/div>\n\n                                   <\/div>\n\n                   -->                                      <\/p>\n<div id=\"gallery-section\">\n<div id=\"gallery-init\">                                                <a href=\"https:\/\/www.matrix4design.com\/wp-content\/uploads\/attachments\/ellipse_2.jpg\" onclick=\"ga('send', 'pageview','GALLERY - Il lusso del mobile \u00e8 Made in Italy: Matrix4Design incontra Francesco Pasi')\">                      <span>                        <i class=\"fa fa-search-plus\"><\/i>                       <\/span>                           <img loading=\"lazy\" decoding=\"async\" src=\"https:\/\/www.matrix4design.com\/wp-content\/uploads\/2020\/03\/image_preview-2-9-3-7.jpg\" alt=\"Ellipse_2.jpg\" title=\"Ellipse_2.jpg\" height=\"207\" width=\"200\">                         <\/a>                                                                       <a href=\"https:\/\/www.matrix4design.com\/wp-content\/uploads\/attachments\/ellipse_1.jpg\" onclick=\"ga('send', 'pageview','GALLERY - Il lusso del mobile \u00e8 Made in Italy: Matrix4Design incontra Francesco Pasi')\">                      <span>                        <i class=\"fa fa-search-plus\"><\/i>                       <\/span>                           <img loading=\"lazy\" decoding=\"async\" src=\"https:\/\/www.matrix4design.com\/wp-content\/uploads\/2020\/03\/image_preview-6-4-4-3-0.jpg\" alt=\"Ellipse_1.jpg\" title=\"Ellipse_1.jpg\" height=\"200\" width=\"379\">                         <\/a>                                                                       <a href=\"https:\/\/www.matrix4design.com\/wp-content\/uploads\/attachments\/ellipse_3.jpg\" onclick=\"ga('send', 'pageview','GALLERY - Il lusso del mobile \u00e8 Made in Italy: Matrix4Design incontra Francesco Pasi')\">                      <span>                        <i class=\"fa fa-search-plus\"><\/i>                       <\/span>                           <img loading=\"lazy\" decoding=\"async\" src=\"https:\/\/www.matrix4design.com\/wp-content\/uploads\/2020\/03\/image_preview-2-4-8-9.jpg\" alt=\"Ellipse_3.jpg\" title=\"Ellipse_3.jpg\" height=\"206\" width=\"200\">                         <\/a>                                                                       <a href=\"https:\/\/www.matrix4design.com\/wp-content\/uploads\/attachments\/ellipse_4.jpg\" onclick=\"ga('send', 'pageview','GALLERY - Il lusso del mobile \u00e8 Made in Italy: Matrix4Design incontra Francesco Pasi')\">                      <span>                        <i class=\"fa fa-search-plus\"><\/i>                       <\/span>                           <img loading=\"lazy\" decoding=\"async\" src=\"https:\/\/www.matrix4design.com\/wp-content\/uploads\/2020\/03\/image_preview-7-4-0-6-3.jpg\" alt=\"Ellipse_4.jpg\" title=\"Ellipse_4.jpg\" height=\"200\" width=\"380\">                         <\/a>                                                                       <a href=\"https:\/\/www.matrix4design.com\/wp-content\/uploads\/attachments\/ellipse_5.jpg\" onclick=\"ga('send', 'pageview','GALLERY - Il lusso del mobile \u00e8 Made in Italy: Matrix4Design incontra Francesco Pasi')\">                      <span>                        <i class=\"fa fa-search-plus\"><\/i>                       <\/span>                           <img loading=\"lazy\" decoding=\"async\" src=\"https:\/\/www.matrix4design.com\/wp-content\/uploads\/2020\/03\/image_preview-9-7-8-1-6.jpg\" alt=\"Ellipse_5.jpg\" title=\"Ellipse_5.jpg\" height=\"200\" width=\"380\">                         <\/a>                                                                       <a href=\"https:\/\/www.matrix4design.com\/wp-content\/uploads\/attachments\/ellipse_6.jpg\" onclick=\"ga('send', 'pageview','GALLERY - Il lusso del mobile \u00e8 Made in Italy: Matrix4Design incontra Francesco Pasi')\">                      <span>                        <i class=\"fa fa-search-plus\"><\/i>                       <\/span>                           <img loading=\"lazy\" decoding=\"async\" src=\"https:\/\/www.matrix4design.com\/wp-content\/uploads\/2020\/03\/image_preview-9-3-5-0-7.jpg\" alt=\"Ellipse_6.jpg\" title=\"Ellipse_6.jpg\" height=\"200\" width=\"380\">                         <\/a>                                                                       <a href=\"https:\/\/www.matrix4design.com\/wp-content\/uploads\/attachments\/ellipse_7.jpg\" onclick=\"ga('send', 'pageview','GALLERY - Il lusso del mobile \u00e8 Made in Italy: Matrix4Design incontra Francesco Pasi')\">                      <span>                        <i class=\"fa fa-search-plus\"><\/i>                       <\/span>                           <img loading=\"lazy\" decoding=\"async\" src=\"https:\/\/www.matrix4design.com\/wp-content\/uploads\/2020\/03\/image_preview-0-4-2-2.jpg\" alt=\"Ellipse_7.jpg\" title=\"Ellipse_7.jpg\" height=\"200\" width=\"380\">                         <\/a>                                                                       <a href=\"https:\/\/www.matrix4design.com\/wp-content\/uploads\/attachments\/ellipse_8.jpg\" onclick=\"ga('send', 'pageview','GALLERY - Il lusso del mobile \u00e8 Made in Italy: Matrix4Design incontra Francesco Pasi')\">                      <span>                        <i class=\"fa fa-search-plus\"><\/i>                       <\/span>                           <img loading=\"lazy\" decoding=\"async\" src=\"https:\/\/www.matrix4design.com\/wp-content\/uploads\/2020\/03\/image_preview-3-6-0-0.jpg\" alt=\"Ellipse_8.jpg\" title=\"Ellipse_8.jpg\" height=\"200\" width=\"380\">                         <\/a>                                                                       <a href=\"https:\/\/www.matrix4design.com\/wp-content\/uploads\/attachments\/ellipse_9.jpg\" onclick=\"ga('send', 'pageview','GALLERY - Il lusso del mobile \u00e8 Made in Italy: Matrix4Design incontra Francesco Pasi')\">                      <span>                        <i class=\"fa fa-search-plus\"><\/i>                       <\/span>                           <img loading=\"lazy\" decoding=\"async\" src=\"https:\/\/www.matrix4design.com\/wp-content\/uploads\/2020\/03\/image_preview-0-4-4-1-6.jpg\" alt=\"Ellipse_9.jpg\" title=\"Ellipse_9.jpg\" height=\"200\" width=\"380\">                         <\/a>                                                                       <a href=\"https:\/\/www.matrix4design.com\/wp-content\/uploads\/attachments\/ellipse_10.jpg\" onclick=\"ga('send', 'pageview','GALLERY - Il lusso del mobile \u00e8 Made in Italy: Matrix4Design incontra Francesco Pasi')\">                      <span>                        <i class=\"fa fa-search-plus\"><\/i>                       <\/span>                           <img loading=\"lazy\" decoding=\"async\" src=\"https:\/\/www.matrix4design.com\/wp-content\/uploads\/2020\/03\/image_preview-9-9-5-7-4.jpg\" alt=\"Ellipse_10.jpg\" title=\"Ellipse_10.jpg\" height=\"214\" width=\"200\">                         <\/a>                                                                       <a href=\"https:\/\/www.matrix4design.com\/wp-content\/uploads\/attachments\/ellipse_11.jpg\" onclick=\"ga('send', 'pageview','GALLERY - Il lusso del mobile \u00e8 Made in Italy: Matrix4Design incontra Francesco Pasi')\">                      <span>                        <i class=\"fa fa-search-plus\"><\/i>                       <\/span>                           <img loading=\"lazy\" decoding=\"async\" src=\"https:\/\/www.matrix4design.com\/wp-content\/uploads\/2020\/03\/image_preview-5-3-8-5-1.jpg\" alt=\"Ellipse_11.jpg\" title=\"Ellipse_11.jpg\" height=\"200\" width=\"212\">                         <\/a>                                                                       <a href=\"https:\/\/www.matrix4design.com\/wp-content\/uploads\/attachments\/ellipse_12.jpg\" onclick=\"ga('send', 'pageview','GALLERY - Il lusso del mobile \u00e8 Made in Italy: Matrix4Design incontra Francesco Pasi')\">                      <span>                        <i class=\"fa fa-search-plus\"><\/i>                       <\/span>                           <img loading=\"lazy\" decoding=\"async\" src=\"https:\/\/www.matrix4design.com\/wp-content\/uploads\/2020\/03\/image_preview-6-7-8-5-0.jpg\" alt=\"Ellipse_12.jpg\" title=\"Ellipse_12.jpg\" height=\"209\" width=\"200\">                         <\/a>                                                                       <a href=\"https:\/\/www.matrix4design.com\/wp-content\/uploads\/attachments\/ellipse_13.jpg\" onclick=\"ga('send', 'pageview','GALLERY - Il lusso del mobile \u00e8 Made in Italy: Matrix4Design incontra Francesco Pasi')\">                      <span>                        <i class=\"fa fa-search-plus\"><\/i>                       <\/span>                           <img loading=\"lazy\" decoding=\"async\" src=\"https:\/\/www.matrix4design.com\/wp-content\/uploads\/2020\/03\/image_preview-3-6-8-3-0.jpg\" alt=\"Ellipse_13.jpg\" title=\"Ellipse_13.jpg\" height=\"208\" width=\"200\">                         <\/a>                                                                       <a href=\"https:\/\/www.matrix4design.com\/wp-content\/uploads\/attachments\/ellipse_14.jpg\" onclick=\"ga('send', 'pageview','GALLERY - Il lusso del mobile \u00e8 Made in Italy: Matrix4Design incontra Francesco Pasi')\">                      <span>                        <i class=\"fa fa-search-plus\"><\/i>                       <\/span>                           <img loading=\"lazy\" decoding=\"async\" src=\"https:\/\/www.matrix4design.com\/wp-content\/uploads\/2020\/03\/image_preview-0-6-4-6-6.jpg\" alt=\"Ellipse_14.jpg\" title=\"Ellipse_14.jpg\" height=\"209\" width=\"200\">                         <\/a>                                            <\/div><\/div>\n<p><\/body><\/p>\n","protected":false},"excerpt":{"rendered":"<p>Nata nel 1975 nel cuore del distretto del mobile veronese, Francesco Pasi \u00e8 da anni un\u2019azienda simbolo della migliore tradizione ebanista italiana, apprezzata in tutto il mondo per la sua capacit\u00e0 di unire la qualit\u00e0 dei materiali alla raffinatezza del design, in sintonia con un concetto di lusso senza tempo legato a doppio filo con [&hellip;]<\/p>\n","protected":false},"author":6,"featured_media":61210,"comment_status":"open","ping_status":"open","sticky":false,"template":"","format":"standard","meta":{"_acf_changed":false,"footnotes":""},"categories":[366],"tags":[57,318],"class_list":{"0":"post-61209","1":"post","2":"type-post","3":"status-publish","4":"format-standard","5":"has-post-thumbnail","7":"category-design","8":"tag-design","9":"tag-salone-del-mobile-2019"},"acf":[],"yoast_head":"<!-- This site is optimized with the Yoast SEO plugin v27.0 - https:\/\/yoast.com\/product\/yoast-seo-wordpress\/ -->\n<title>Il lusso del mobile \u00e8 Made in Italy: Matrix4Design incontra Francesco Pasi<\/title>\n<meta name=\"description\" content=\"Al Salone del Mobile 2019 abbiamo intervistato in esclusiva Alberto Pasi, Export Manager di Francesco Pasi. Leggete qui per scoprire tutte le novit\u00e0 dell&#039;azienda!\" \/>\n<meta name=\"robots\" content=\"index, follow, max-snippet:-1, max-image-preview:large, max-video-preview:-1\" \/>\n<link rel=\"canonical\" href=\"https:\/\/www.matrix4design.com\/it\/design\/il-lusso-del-mobile-e-made-in-italy-matrix4design-incontra-francesco-pasi\/\" \/>\n<meta property=\"og:locale\" content=\"it_IT\" \/>\n<meta property=\"og:type\" content=\"article\" \/>\n<meta property=\"og:title\" content=\"Il lusso del mobile \u00e8 Made in Italy: Matrix4Design incontra Francesco Pasi\" \/>\n<meta property=\"og:description\" content=\"Al Salone del Mobile 2019 abbiamo intervistato in esclusiva Alberto Pasi, Export Manager di Francesco Pasi. Leggete qui per scoprire tutte le novit\u00e0 dell&#039;azienda!\" \/>\n<meta property=\"og:url\" content=\"https:\/\/www.matrix4design.com\/it\/design\/il-lusso-del-mobile-e-made-in-italy-matrix4design-incontra-francesco-pasi\/\" \/>\n<meta property=\"og:site_name\" content=\"Matrix4Design\" \/>\n<meta property=\"article:publisher\" content=\"https:\/\/www.facebook.com\/matrix4designmagazine\/\" \/>\n<meta property=\"article:published_time\" content=\"2019-04-12T00:00:00+00:00\" \/>\n<meta property=\"article:modified_time\" content=\"2020-03-26T10:53:30+00:00\" \/>\n<meta property=\"og:image\" content=\"https:\/\/www.matrix4design.com\/wp-content\/uploads\/2020\/03\/image_preview-5-7-0-9-8.jpg\" \/>\n\t<meta property=\"og:image:width\" content=\"150\" \/>\n\t<meta property=\"og:image:height\" content=\"150\" \/>\n\t<meta property=\"og:image:type\" content=\"image\/jpeg\" \/>\n<meta name=\"author\" content=\"Redazione\" \/>\n<meta name=\"twitter:card\" content=\"summary_large_image\" \/>\n<meta name=\"twitter:label1\" content=\"Scritto da\" \/>\n\t<meta name=\"twitter:data1\" content=\"Redazione\" \/>\n\t<meta name=\"twitter:label2\" content=\"Tempo di lettura stimato\" \/>\n\t<meta name=\"twitter:data2\" content=\"2 minuti\" \/>\n<script type=\"application\/ld+json\" class=\"yoast-schema-graph\">{\"@context\":\"https:\/\/schema.org\",\"@graph\":[{\"@type\":\"Article\",\"@id\":\"https:\/\/www.matrix4design.com\/it\/design\/il-lusso-del-mobile-e-made-in-italy-matrix4design-incontra-francesco-pasi\/#article\",\"isPartOf\":{\"@id\":\"https:\/\/www.matrix4design.com\/it\/design\/il-lusso-del-mobile-e-made-in-italy-matrix4design-incontra-francesco-pasi\/\"},\"author\":{\"name\":\"Redazione\",\"@id\":\"https:\/\/www.matrix4design.com\/it\/#\/schema\/person\/b2b6dd48f9d6892ca224742379951fa1\"},\"headline\":\"Il lusso del mobile \u00e8 Made in Italy: Matrix4Design incontra Francesco Pasi\",\"datePublished\":\"2019-04-12T00:00:00+00:00\",\"dateModified\":\"2020-03-26T10:53:30+00:00\",\"mainEntityOfPage\":{\"@id\":\"https:\/\/www.matrix4design.com\/it\/design\/il-lusso-del-mobile-e-made-in-italy-matrix4design-incontra-francesco-pasi\/\"},\"wordCount\":339,\"commentCount\":0,\"publisher\":{\"@id\":\"https:\/\/www.matrix4design.com\/it\/#organization\"},\"image\":{\"@id\":\"https:\/\/www.matrix4design.com\/it\/design\/il-lusso-del-mobile-e-made-in-italy-matrix4design-incontra-francesco-pasi\/#primaryimage\"},\"thumbnailUrl\":\"https:\/\/www.matrix4design.com\/wp-content\/uploads\/2020\/03\/image_preview-5-7-0-9-8.jpg\",\"keywords\":[\"Design\",\"Salone del Mobile 2019\"],\"articleSection\":[\"Design\"],\"inLanguage\":\"it-IT\"},{\"@type\":\"WebPage\",\"@id\":\"https:\/\/www.matrix4design.com\/it\/design\/il-lusso-del-mobile-e-made-in-italy-matrix4design-incontra-francesco-pasi\/\",\"url\":\"https:\/\/www.matrix4design.com\/it\/design\/il-lusso-del-mobile-e-made-in-italy-matrix4design-incontra-francesco-pasi\/\",\"name\":\"Il lusso del mobile \u00e8 Made in Italy: Matrix4Design incontra Francesco Pasi\",\"isPartOf\":{\"@id\":\"https:\/\/www.matrix4design.com\/it\/#website\"},\"primaryImageOfPage\":{\"@id\":\"https:\/\/www.matrix4design.com\/it\/design\/il-lusso-del-mobile-e-made-in-italy-matrix4design-incontra-francesco-pasi\/#primaryimage\"},\"image\":{\"@id\":\"https:\/\/www.matrix4design.com\/it\/design\/il-lusso-del-mobile-e-made-in-italy-matrix4design-incontra-francesco-pasi\/#primaryimage\"},\"thumbnailUrl\":\"https:\/\/www.matrix4design.com\/wp-content\/uploads\/2020\/03\/image_preview-5-7-0-9-8.jpg\",\"datePublished\":\"2019-04-12T00:00:00+00:00\",\"dateModified\":\"2020-03-26T10:53:30+00:00\",\"description\":\"Al Salone del Mobile 2019 abbiamo intervistato in esclusiva Alberto Pasi, Export Manager di Francesco Pasi. Leggete qui per scoprire tutte le novit\u00e0 dell'azienda!\",\"breadcrumb\":{\"@id\":\"https:\/\/www.matrix4design.com\/it\/design\/il-lusso-del-mobile-e-made-in-italy-matrix4design-incontra-francesco-pasi\/#breadcrumb\"},\"inLanguage\":\"it-IT\",\"potentialAction\":[{\"@type\":\"ReadAction\",\"target\":[\"https:\/\/www.matrix4design.com\/it\/design\/il-lusso-del-mobile-e-made-in-italy-matrix4design-incontra-francesco-pasi\/\"]}]},{\"@type\":\"ImageObject\",\"inLanguage\":\"it-IT\",\"@id\":\"https:\/\/www.matrix4design.com\/it\/design\/il-lusso-del-mobile-e-made-in-italy-matrix4design-incontra-francesco-pasi\/#primaryimage\",\"url\":\"https:\/\/www.matrix4design.com\/wp-content\/uploads\/2020\/03\/image_preview-5-7-0-9-8.jpg\",\"contentUrl\":\"https:\/\/www.matrix4design.com\/wp-content\/uploads\/2020\/03\/image_preview-5-7-0-9-8.jpg\",\"width\":150,\"height\":150},{\"@type\":\"BreadcrumbList\",\"@id\":\"https:\/\/www.matrix4design.com\/it\/design\/il-lusso-del-mobile-e-made-in-italy-matrix4design-incontra-francesco-pasi\/#breadcrumb\",\"itemListElement\":[{\"@type\":\"ListItem\",\"position\":1,\"name\":\"Home\",\"item\":\"https:\/\/www.matrix4design.com\/it\/\"},{\"@type\":\"ListItem\",\"position\":2,\"name\":\"Il lusso del mobile \u00e8 Made in Italy: Matrix4Design incontra Francesco Pasi\"}]},{\"@type\":\"WebSite\",\"@id\":\"https:\/\/www.matrix4design.com\/it\/#website\",\"url\":\"https:\/\/www.matrix4design.com\/it\/\",\"name\":\"Matrix4Design\",\"description\":\"Digital architecture and design b2b magazine\",\"publisher\":{\"@id\":\"https:\/\/www.matrix4design.com\/it\/#organization\"},\"potentialAction\":[{\"@type\":\"SearchAction\",\"target\":{\"@type\":\"EntryPoint\",\"urlTemplate\":\"https:\/\/www.matrix4design.com\/it\/?s={search_term_string}\"},\"query-input\":{\"@type\":\"PropertyValueSpecification\",\"valueRequired\":true,\"valueName\":\"search_term_string\"}}],\"inLanguage\":\"it-IT\"},{\"@type\":\"Organization\",\"@id\":\"https:\/\/www.matrix4design.com\/it\/#organization\",\"name\":\"Matrix4Design\",\"url\":\"https:\/\/www.matrix4design.com\/it\/\",\"logo\":{\"@type\":\"ImageObject\",\"inLanguage\":\"it-IT\",\"@id\":\"https:\/\/www.matrix4design.com\/it\/#\/schema\/logo\/image\/\",\"url\":\"https:\/\/www.matrix4design.com\/wp-content\/uploads\/2020\/04\/logo_matrix4design.png\",\"contentUrl\":\"https:\/\/www.matrix4design.com\/wp-content\/uploads\/2020\/04\/logo_matrix4design.png\",\"width\":804,\"height\":114,\"caption\":\"Matrix4Design\"},\"image\":{\"@id\":\"https:\/\/www.matrix4design.com\/it\/#\/schema\/logo\/image\/\"},\"sameAs\":[\"https:\/\/www.facebook.com\/matrix4designmagazine\/\",\"https:\/\/www.instagram.com\/matrix4designmagazine\/\",\"https:\/\/www.youtube.com\/channel\/UCtuhSSrP3MOO_URZgv8mQ1A\"]},{\"@type\":\"Person\",\"@id\":\"https:\/\/www.matrix4design.com\/it\/#\/schema\/person\/b2b6dd48f9d6892ca224742379951fa1\",\"name\":\"Redazione\",\"image\":{\"@type\":\"ImageObject\",\"inLanguage\":\"it-IT\",\"@id\":\"https:\/\/www.matrix4design.com\/it\/#\/schema\/person\/image\/\",\"url\":\"https:\/\/www.matrix4design.com\/wp-content\/uploads\/2023\/01\/logo_M4D_2023-96x96.jpg\",\"contentUrl\":\"https:\/\/www.matrix4design.com\/wp-content\/uploads\/2023\/01\/logo_M4D_2023-96x96.jpg\",\"caption\":\"Redazione\"},\"url\":\"https:\/\/www.matrix4design.com\/it\/author\/redazione\/\"}]}<\/script>\n<!-- \/ Yoast SEO plugin. -->","yoast_head_json":{"title":"Il lusso del mobile \u00e8 Made in Italy: Matrix4Design incontra Francesco Pasi","description":"Al Salone del Mobile 2019 abbiamo intervistato in esclusiva Alberto Pasi, Export Manager di Francesco Pasi. Leggete qui per scoprire tutte le novit\u00e0 dell'azienda!","robots":{"index":"index","follow":"follow","max-snippet":"max-snippet:-1","max-image-preview":"max-image-preview:large","max-video-preview":"max-video-preview:-1"},"canonical":"https:\/\/www.matrix4design.com\/it\/design\/il-lusso-del-mobile-e-made-in-italy-matrix4design-incontra-francesco-pasi\/","og_locale":"it_IT","og_type":"article","og_title":"Il lusso del mobile \u00e8 Made in Italy: Matrix4Design incontra Francesco Pasi","og_description":"Al Salone del Mobile 2019 abbiamo intervistato in esclusiva Alberto Pasi, Export Manager di Francesco Pasi. Leggete qui per scoprire tutte le novit\u00e0 dell'azienda!","og_url":"https:\/\/www.matrix4design.com\/it\/design\/il-lusso-del-mobile-e-made-in-italy-matrix4design-incontra-francesco-pasi\/","og_site_name":"Matrix4Design","article_publisher":"https:\/\/www.facebook.com\/matrix4designmagazine\/","article_published_time":"2019-04-12T00:00:00+00:00","article_modified_time":"2020-03-26T10:53:30+00:00","og_image":[{"width":150,"height":150,"url":"https:\/\/www.matrix4design.com\/wp-content\/uploads\/2020\/03\/image_preview-5-7-0-9-8.jpg","type":"image\/jpeg"}],"author":"Redazione","twitter_card":"summary_large_image","twitter_misc":{"Scritto da":"Redazione","Tempo di lettura stimato":"2 minuti"},"schema":{"@context":"https:\/\/schema.org","@graph":[{"@type":"Article","@id":"https:\/\/www.matrix4design.com\/it\/design\/il-lusso-del-mobile-e-made-in-italy-matrix4design-incontra-francesco-pasi\/#article","isPartOf":{"@id":"https:\/\/www.matrix4design.com\/it\/design\/il-lusso-del-mobile-e-made-in-italy-matrix4design-incontra-francesco-pasi\/"},"author":{"name":"Redazione","@id":"https:\/\/www.matrix4design.com\/it\/#\/schema\/person\/b2b6dd48f9d6892ca224742379951fa1"},"headline":"Il lusso del mobile \u00e8 Made in Italy: Matrix4Design incontra Francesco Pasi","datePublished":"2019-04-12T00:00:00+00:00","dateModified":"2020-03-26T10:53:30+00:00","mainEntityOfPage":{"@id":"https:\/\/www.matrix4design.com\/it\/design\/il-lusso-del-mobile-e-made-in-italy-matrix4design-incontra-francesco-pasi\/"},"wordCount":339,"commentCount":0,"publisher":{"@id":"https:\/\/www.matrix4design.com\/it\/#organization"},"image":{"@id":"https:\/\/www.matrix4design.com\/it\/design\/il-lusso-del-mobile-e-made-in-italy-matrix4design-incontra-francesco-pasi\/#primaryimage"},"thumbnailUrl":"https:\/\/www.matrix4design.com\/wp-content\/uploads\/2020\/03\/image_preview-5-7-0-9-8.jpg","keywords":["Design","Salone del Mobile 2019"],"articleSection":["Design"],"inLanguage":"it-IT"},{"@type":"WebPage","@id":"https:\/\/www.matrix4design.com\/it\/design\/il-lusso-del-mobile-e-made-in-italy-matrix4design-incontra-francesco-pasi\/","url":"https:\/\/www.matrix4design.com\/it\/design\/il-lusso-del-mobile-e-made-in-italy-matrix4design-incontra-francesco-pasi\/","name":"Il lusso del mobile \u00e8 Made in Italy: Matrix4Design incontra Francesco Pasi","isPartOf":{"@id":"https:\/\/www.matrix4design.com\/it\/#website"},"primaryImageOfPage":{"@id":"https:\/\/www.matrix4design.com\/it\/design\/il-lusso-del-mobile-e-made-in-italy-matrix4design-incontra-francesco-pasi\/#primaryimage"},"image":{"@id":"https:\/\/www.matrix4design.com\/it\/design\/il-lusso-del-mobile-e-made-in-italy-matrix4design-incontra-francesco-pasi\/#primaryimage"},"thumbnailUrl":"https:\/\/www.matrix4design.com\/wp-content\/uploads\/2020\/03\/image_preview-5-7-0-9-8.jpg","datePublished":"2019-04-12T00:00:00+00:00","dateModified":"2020-03-26T10:53:30+00:00","description":"Al Salone del Mobile 2019 abbiamo intervistato in esclusiva Alberto Pasi, Export Manager di Francesco Pasi. Leggete qui per scoprire tutte le novit\u00e0 dell'azienda!","breadcrumb":{"@id":"https:\/\/www.matrix4design.com\/it\/design\/il-lusso-del-mobile-e-made-in-italy-matrix4design-incontra-francesco-pasi\/#breadcrumb"},"inLanguage":"it-IT","potentialAction":[{"@type":"ReadAction","target":["https:\/\/www.matrix4design.com\/it\/design\/il-lusso-del-mobile-e-made-in-italy-matrix4design-incontra-francesco-pasi\/"]}]},{"@type":"ImageObject","inLanguage":"it-IT","@id":"https:\/\/www.matrix4design.com\/it\/design\/il-lusso-del-mobile-e-made-in-italy-matrix4design-incontra-francesco-pasi\/#primaryimage","url":"https:\/\/www.matrix4design.com\/wp-content\/uploads\/2020\/03\/image_preview-5-7-0-9-8.jpg","contentUrl":"https:\/\/www.matrix4design.com\/wp-content\/uploads\/2020\/03\/image_preview-5-7-0-9-8.jpg","width":150,"height":150},{"@type":"BreadcrumbList","@id":"https:\/\/www.matrix4design.com\/it\/design\/il-lusso-del-mobile-e-made-in-italy-matrix4design-incontra-francesco-pasi\/#breadcrumb","itemListElement":[{"@type":"ListItem","position":1,"name":"Home","item":"https:\/\/www.matrix4design.com\/it\/"},{"@type":"ListItem","position":2,"name":"Il lusso del mobile \u00e8 Made in Italy: Matrix4Design incontra Francesco Pasi"}]},{"@type":"WebSite","@id":"https:\/\/www.matrix4design.com\/it\/#website","url":"https:\/\/www.matrix4design.com\/it\/","name":"Matrix4Design","description":"Digital architecture and design b2b magazine","publisher":{"@id":"https:\/\/www.matrix4design.com\/it\/#organization"},"potentialAction":[{"@type":"SearchAction","target":{"@type":"EntryPoint","urlTemplate":"https:\/\/www.matrix4design.com\/it\/?s={search_term_string}"},"query-input":{"@type":"PropertyValueSpecification","valueRequired":true,"valueName":"search_term_string"}}],"inLanguage":"it-IT"},{"@type":"Organization","@id":"https:\/\/www.matrix4design.com\/it\/#organization","name":"Matrix4Design","url":"https:\/\/www.matrix4design.com\/it\/","logo":{"@type":"ImageObject","inLanguage":"it-IT","@id":"https:\/\/www.matrix4design.com\/it\/#\/schema\/logo\/image\/","url":"https:\/\/www.matrix4design.com\/wp-content\/uploads\/2020\/04\/logo_matrix4design.png","contentUrl":"https:\/\/www.matrix4design.com\/wp-content\/uploads\/2020\/04\/logo_matrix4design.png","width":804,"height":114,"caption":"Matrix4Design"},"image":{"@id":"https:\/\/www.matrix4design.com\/it\/#\/schema\/logo\/image\/"},"sameAs":["https:\/\/www.facebook.com\/matrix4designmagazine\/","https:\/\/www.instagram.com\/matrix4designmagazine\/","https:\/\/www.youtube.com\/channel\/UCtuhSSrP3MOO_URZgv8mQ1A"]},{"@type":"Person","@id":"https:\/\/www.matrix4design.com\/it\/#\/schema\/person\/b2b6dd48f9d6892ca224742379951fa1","name":"Redazione","image":{"@type":"ImageObject","inLanguage":"it-IT","@id":"https:\/\/www.matrix4design.com\/it\/#\/schema\/person\/image\/","url":"https:\/\/www.matrix4design.com\/wp-content\/uploads\/2023\/01\/logo_M4D_2023-96x96.jpg","contentUrl":"https:\/\/www.matrix4design.com\/wp-content\/uploads\/2023\/01\/logo_M4D_2023-96x96.jpg","caption":"Redazione"},"url":"https:\/\/www.matrix4design.com\/it\/author\/redazione\/"}]}},"_links":{"self":[{"href":"https:\/\/www.matrix4design.com\/it\/wp-json\/wp\/v2\/posts\/61209","targetHints":{"allow":["GET"]}}],"collection":[{"href":"https:\/\/www.matrix4design.com\/it\/wp-json\/wp\/v2\/posts"}],"about":[{"href":"https:\/\/www.matrix4design.com\/it\/wp-json\/wp\/v2\/types\/post"}],"author":[{"embeddable":true,"href":"https:\/\/www.matrix4design.com\/it\/wp-json\/wp\/v2\/users\/6"}],"replies":[{"embeddable":true,"href":"https:\/\/www.matrix4design.com\/it\/wp-json\/wp\/v2\/comments?post=61209"}],"version-history":[{"count":1,"href":"https:\/\/www.matrix4design.com\/it\/wp-json\/wp\/v2\/posts\/61209\/revisions"}],"predecessor-version":[{"id":63591,"href":"https:\/\/www.matrix4design.com\/it\/wp-json\/wp\/v2\/posts\/61209\/revisions\/63591"}],"wp:featuredmedia":[{"embeddable":true,"href":"https:\/\/www.matrix4design.com\/it\/wp-json\/wp\/v2\/media\/61210"}],"wp:attachment":[{"href":"https:\/\/www.matrix4design.com\/it\/wp-json\/wp\/v2\/media?parent=61209"}],"wp:term":[{"taxonomy":"category","embeddable":true,"href":"https:\/\/www.matrix4design.com\/it\/wp-json\/wp\/v2\/categories?post=61209"},{"taxonomy":"post_tag","embeddable":true,"href":"https:\/\/www.matrix4design.com\/it\/wp-json\/wp\/v2\/tags?post=61209"}],"curies":[{"name":"wp","href":"https:\/\/api.w.org\/{rel}","templated":true}]}}