{"id":61483,"date":"2020-02-25T00:00:00","date_gmt":"2020-02-25T00:00:00","guid":{"rendered":""},"modified":"2023-02-03T12:05:47","modified_gmt":"2023-02-03T11:05:47","slug":"l2019equilibrio-tra-estetica-e-funzione-marco-zaminato-racconta-i-rubinetti-linki","status":"publish","type":"post","link":"https:\/\/www.matrix4design.com\/it\/design\/l2019equilibrio-tra-estetica-e-funzione-marco-zaminato-racconta-i-rubinetti-linki\/","title":{"rendered":"L\u2019equilibrio tra estetica e funzione, Marco Zaminato racconta i rubinetti Linki"},"content":{"rendered":"<p><body>                   <\/p>\n<div id=\"main-text\">\n<p>L\u2019innovazione nel settore rubinetteria, delicato mix di design e performance, \u00e8 da sempre la mission di <b>Linki<\/b>, marchio che negli anni ha saputo affermarsi sul mercato grazie alla capacit\u00e0 di fare scelte controcorrente, puntando sin da subito sulla qualit\u00e0 materica dell\u2019acciaio inox, sull\u2019impatto di uno stile unico e sul valore della sostenibilit\u00e0. Ne deriva una gamma di prodotti destinati ad arricchire l\u2019ambiente bagno rispondendo alle esigenze dell\u2019uso quotidiano, per trovare il punto di equilibrio perfetto tra funzionalit\u00e0 ed estetica, come ci ha raccontato l\u2019amministratore delegato <b>Marco Zaminato<\/b> in questa intervista esclusiva.<\/p>\n<p><img decoding=\"async\" src=\"https:\/\/www.matrix4design.com\/wp-content\/uploads\/2020\/03\/AeT_ambiente3_generale.jpg\" alt=\"\" class=\"image-inline\" title=\"\"><\/p>\n<p><b>Quali sono le qualit\u00e0 che contraddistinguono i rubinetti Linki?<\/b><\/p>\n<p>Linki \u00e8 una delle poche aziende in Italia che produce rubinetteria 100% in acciaio inox. Inoltre, al di l\u00e0 del materiale gi\u00e0 di per s\u00e9 caratteristica fondamentale, tutti i rubinetti hanno un design moderno e <i>minimal<\/i> e ogni collezione comprende una vasta gamma di prodotti per bagno.<\/p>\n<p><img decoding=\"async\" src=\"https:\/\/www.matrix4design.com\/wp-content\/uploads\/2020\/03\/AeT_ambiente3_part02.jpg\" alt=\"\" class=\"image-inline\" title=\"\"><\/p>\n<p><b>Quali sono i principali vantaggi che garantisce l\u2019uso dell\u2019acciaio inox?<\/b><\/p>\n<p>Sono diversi, in particolare l\u2019uso dell\u2019acciaio inox ci permette di realizzare un prodotto totalmente riciclabile, resistente alla corrosione e alla ruggine e altamente igienico.<\/p>\n<p><img decoding=\"async\" src=\"https:\/\/www.matrix4design.com\/wp-content\/uploads\/2020\/03\/ARROW_1.jpg\" alt=\"\" class=\"image-inline\" title=\"\"><\/p>\n<p><b>Un altro aspetto molto importante \u00e8 l\u2019attenzione all\u2019ambiente. Come si declinano i principi della sostenibilit\u00e0 nel corso della filiera produttiva?<\/b><\/p>\n<p>Tutti i prodotti Linki sono lavorati \u201ca barra\u201d, ci\u00f2 significa che la lavorazione avviene soltanto con macchine CNC e non attraverso la fusione del materiale. Inoltre, a differenza della maggior parte della rubinetteria realizzata in ottone, l\u2019acciaio inox non necessit\u00e0 di ulteriori trattamenti galvanici e verniciature, ma la sua finitura (lucida o satinata) si ottiene naturalmente dal materiale.<\/p>\n<p><img decoding=\"async\" src=\"https:\/\/www.matrix4design.com\/wp-content\/uploads\/2020\/03\/ARROW2-8.jpg\" alt=\"\" class=\"image-inline\" title=\"\"><\/p>\n<p><b>Quali sono le novit\u00e0 e\/o gli appuntamenti in programma per il 2020?<\/b><\/p>\n<p>Al Salone del Mobile in aprile presenteremo i nostri prodotti puntando su una nuova linea di rubinetteria e lavabi all\u2019interno di un progetto integrato realizzato in collaborazione con un architetto italiano di esperienza.<\/p>\n<p><iframe loading=\"lazy\" allowfullscreen=\"true\" frameborder=\"0\" height=\"315\" scrolling=\"no\" src=\"https:\/\/www.facebook.com\/plugins\/video.php?href=https%3A%2F%2Fwww.facebook.com%2Fmatrix4design%2Fvideos%2F875906899498248%2F&amp;show_text=0&amp;width=560\" width=\"560\" id=\"iFrameResizer0\" style=\"overflow: hidden;\"><\/iframe><\/p>\n<\/div>\n<p>                   <!--                                   \n\n<div id=\"load-section\">                                     \n\n<div class=\"load-bar\">                                       <span>Load More<\/span>                                     <\/div>\n\n                                   <\/div>\n\n                   -->                                                       <br \/><\/body><\/p>\n","protected":false},"excerpt":{"rendered":"<p>L\u2019innovazione nel settore rubinetteria, delicato mix di design e performance, \u00e8 da sempre la mission di Linki, marchio che negli anni ha saputo affermarsi sul mercato grazie alla capacit\u00e0 di fare scelte controcorrente, puntando sin da subito sulla qualit\u00e0 materica dell\u2019acciaio inox, sull\u2019impatto di uno stile unico e sul valore della sostenibilit\u00e0. Ne deriva una [&hellip;]<\/p>\n","protected":false},"author":31,"featured_media":61484,"comment_status":"open","ping_status":"open","sticky":false,"template":"","format":"standard","meta":{"_acf_changed":false,"footnotes":""},"categories":[366],"tags":[57,337],"class_list":{"0":"post-61483","1":"post","2":"type-post","3":"status-publish","4":"format-standard","5":"has-post-thumbnail","7":"category-design","8":"tag-design","9":"tag-linki"},"acf":[],"yoast_head":"<!-- This site is optimized with the Yoast SEO plugin v27.0 - https:\/\/yoast.com\/product\/yoast-seo-wordpress\/ -->\n<title>L\u2019equilibrio tra estetica e funzione, Marco Zaminato racconta i rubinetti Linki<\/title>\n<meta name=\"description\" content=\"Il CEO di Linki Marco Zaminato racconta l&#039;identit\u00e0 e le ultime novit\u00e0 del brand in questa intervista esclusiva.\" \/>\n<meta name=\"robots\" content=\"index, follow, max-snippet:-1, max-image-preview:large, max-video-preview:-1\" \/>\n<link rel=\"canonical\" href=\"https:\/\/www.matrix4design.com\/it\/design\/l2019equilibrio-tra-estetica-e-funzione-marco-zaminato-racconta-i-rubinetti-linki\/\" \/>\n<meta property=\"og:locale\" content=\"it_IT\" \/>\n<meta property=\"og:type\" content=\"article\" \/>\n<meta property=\"og:title\" content=\"L\u2019equilibrio tra estetica e funzione, Marco Zaminato racconta i rubinetti Linki\" \/>\n<meta property=\"og:description\" content=\"Il CEO di Linki Marco Zaminato racconta l&#039;identit\u00e0 e le ultime novit\u00e0 del brand in questa intervista esclusiva.\" \/>\n<meta property=\"og:url\" content=\"https:\/\/www.matrix4design.com\/it\/design\/l2019equilibrio-tra-estetica-e-funzione-marco-zaminato-racconta-i-rubinetti-linki\/\" \/>\n<meta property=\"og:site_name\" content=\"Matrix4Design\" \/>\n<meta property=\"article:publisher\" content=\"https:\/\/www.facebook.com\/matrix4designmagazine\/\" \/>\n<meta property=\"article:published_time\" content=\"2020-02-25T00:00:00+00:00\" \/>\n<meta property=\"article:modified_time\" content=\"2023-02-03T11:05:47+00:00\" \/>\n<meta property=\"og:image\" content=\"https:\/\/www.matrix4design.com\/wp-content\/uploads\/2020\/03\/AeT_ambiente3_generale.jpg\" \/>\n\t<meta property=\"og:image:width\" content=\"1200\" \/>\n\t<meta property=\"og:image:height\" content=\"713\" \/>\n\t<meta property=\"og:image:type\" content=\"image\/jpeg\" \/>\n<meta name=\"author\" content=\"Giulia Guerra\" \/>\n<meta name=\"twitter:card\" content=\"summary_large_image\" \/>\n<meta name=\"twitter:label1\" content=\"Scritto da\" \/>\n\t<meta name=\"twitter:data1\" content=\"Giulia Guerra\" \/>\n\t<meta name=\"twitter:label2\" content=\"Tempo di lettura stimato\" \/>\n\t<meta name=\"twitter:data2\" content=\"2 minuti\" \/>\n<script type=\"application\/ld+json\" class=\"yoast-schema-graph\">{\"@context\":\"https:\/\/schema.org\",\"@graph\":[{\"@type\":\"Article\",\"@id\":\"https:\/\/www.matrix4design.com\/it\/design\/l2019equilibrio-tra-estetica-e-funzione-marco-zaminato-racconta-i-rubinetti-linki\/#article\",\"isPartOf\":{\"@id\":\"https:\/\/www.matrix4design.com\/it\/design\/l2019equilibrio-tra-estetica-e-funzione-marco-zaminato-racconta-i-rubinetti-linki\/\"},\"author\":{\"name\":\"Giulia Guerra\",\"@id\":\"https:\/\/www.matrix4design.com\/it\/#\/schema\/person\/9904de51b5d381af5b1b998563d3adfe\"},\"headline\":\"L\u2019equilibrio tra estetica e funzione, Marco Zaminato racconta i rubinetti Linki\",\"datePublished\":\"2020-02-25T00:00:00+00:00\",\"dateModified\":\"2023-02-03T11:05:47+00:00\",\"mainEntityOfPage\":{\"@id\":\"https:\/\/www.matrix4design.com\/it\/design\/l2019equilibrio-tra-estetica-e-funzione-marco-zaminato-racconta-i-rubinetti-linki\/\"},\"wordCount\":326,\"commentCount\":0,\"publisher\":{\"@id\":\"https:\/\/www.matrix4design.com\/it\/#organization\"},\"image\":{\"@id\":\"https:\/\/www.matrix4design.com\/it\/design\/l2019equilibrio-tra-estetica-e-funzione-marco-zaminato-racconta-i-rubinetti-linki\/#primaryimage\"},\"thumbnailUrl\":\"https:\/\/www.matrix4design.com\/wp-content\/uploads\/2020\/03\/AeT_ambiente3_generale.jpg\",\"keywords\":[\"Design\",\"Linki\"],\"articleSection\":[\"Design\"],\"inLanguage\":\"it-IT\"},{\"@type\":\"WebPage\",\"@id\":\"https:\/\/www.matrix4design.com\/it\/design\/l2019equilibrio-tra-estetica-e-funzione-marco-zaminato-racconta-i-rubinetti-linki\/\",\"url\":\"https:\/\/www.matrix4design.com\/it\/design\/l2019equilibrio-tra-estetica-e-funzione-marco-zaminato-racconta-i-rubinetti-linki\/\",\"name\":\"L\u2019equilibrio tra estetica e funzione, Marco Zaminato racconta i rubinetti Linki\",\"isPartOf\":{\"@id\":\"https:\/\/www.matrix4design.com\/it\/#website\"},\"primaryImageOfPage\":{\"@id\":\"https:\/\/www.matrix4design.com\/it\/design\/l2019equilibrio-tra-estetica-e-funzione-marco-zaminato-racconta-i-rubinetti-linki\/#primaryimage\"},\"image\":{\"@id\":\"https:\/\/www.matrix4design.com\/it\/design\/l2019equilibrio-tra-estetica-e-funzione-marco-zaminato-racconta-i-rubinetti-linki\/#primaryimage\"},\"thumbnailUrl\":\"https:\/\/www.matrix4design.com\/wp-content\/uploads\/2020\/03\/AeT_ambiente3_generale.jpg\",\"datePublished\":\"2020-02-25T00:00:00+00:00\",\"dateModified\":\"2023-02-03T11:05:47+00:00\",\"description\":\"Il CEO di Linki Marco Zaminato racconta l'identit\u00e0 e le ultime novit\u00e0 del brand in questa intervista esclusiva.\",\"breadcrumb\":{\"@id\":\"https:\/\/www.matrix4design.com\/it\/design\/l2019equilibrio-tra-estetica-e-funzione-marco-zaminato-racconta-i-rubinetti-linki\/#breadcrumb\"},\"inLanguage\":\"it-IT\",\"potentialAction\":[{\"@type\":\"ReadAction\",\"target\":[\"https:\/\/www.matrix4design.com\/it\/design\/l2019equilibrio-tra-estetica-e-funzione-marco-zaminato-racconta-i-rubinetti-linki\/\"]}]},{\"@type\":\"ImageObject\",\"inLanguage\":\"it-IT\",\"@id\":\"https:\/\/www.matrix4design.com\/it\/design\/l2019equilibrio-tra-estetica-e-funzione-marco-zaminato-racconta-i-rubinetti-linki\/#primaryimage\",\"url\":\"https:\/\/www.matrix4design.com\/wp-content\/uploads\/2020\/03\/AeT_ambiente3_generale.jpg\",\"contentUrl\":\"https:\/\/www.matrix4design.com\/wp-content\/uploads\/2020\/03\/AeT_ambiente3_generale.jpg\",\"width\":1200,\"height\":713},{\"@type\":\"BreadcrumbList\",\"@id\":\"https:\/\/www.matrix4design.com\/it\/design\/l2019equilibrio-tra-estetica-e-funzione-marco-zaminato-racconta-i-rubinetti-linki\/#breadcrumb\",\"itemListElement\":[{\"@type\":\"ListItem\",\"position\":1,\"name\":\"Home\",\"item\":\"https:\/\/www.matrix4design.com\/it\/\"},{\"@type\":\"ListItem\",\"position\":2,\"name\":\"L\u2019equilibrio tra estetica e funzione, Marco Zaminato racconta i rubinetti Linki\"}]},{\"@type\":\"WebSite\",\"@id\":\"https:\/\/www.matrix4design.com\/it\/#website\",\"url\":\"https:\/\/www.matrix4design.com\/it\/\",\"name\":\"Matrix4Design\",\"description\":\"Digital architecture and design b2b magazine\",\"publisher\":{\"@id\":\"https:\/\/www.matrix4design.com\/it\/#organization\"},\"potentialAction\":[{\"@type\":\"SearchAction\",\"target\":{\"@type\":\"EntryPoint\",\"urlTemplate\":\"https:\/\/www.matrix4design.com\/it\/?s={search_term_string}\"},\"query-input\":{\"@type\":\"PropertyValueSpecification\",\"valueRequired\":true,\"valueName\":\"search_term_string\"}}],\"inLanguage\":\"it-IT\"},{\"@type\":\"Organization\",\"@id\":\"https:\/\/www.matrix4design.com\/it\/#organization\",\"name\":\"Matrix4Design\",\"url\":\"https:\/\/www.matrix4design.com\/it\/\",\"logo\":{\"@type\":\"ImageObject\",\"inLanguage\":\"it-IT\",\"@id\":\"https:\/\/www.matrix4design.com\/it\/#\/schema\/logo\/image\/\",\"url\":\"https:\/\/www.matrix4design.com\/wp-content\/uploads\/2020\/04\/logo_matrix4design.png\",\"contentUrl\":\"https:\/\/www.matrix4design.com\/wp-content\/uploads\/2020\/04\/logo_matrix4design.png\",\"width\":804,\"height\":114,\"caption\":\"Matrix4Design\"},\"image\":{\"@id\":\"https:\/\/www.matrix4design.com\/it\/#\/schema\/logo\/image\/\"},\"sameAs\":[\"https:\/\/www.facebook.com\/matrix4designmagazine\/\",\"https:\/\/www.instagram.com\/matrix4designmagazine\/\",\"https:\/\/www.youtube.com\/channel\/UCtuhSSrP3MOO_URZgv8mQ1A\"]},{\"@type\":\"Person\",\"@id\":\"https:\/\/www.matrix4design.com\/it\/#\/schema\/person\/9904de51b5d381af5b1b998563d3adfe\",\"name\":\"Giulia Guerra\",\"image\":{\"@type\":\"ImageObject\",\"inLanguage\":\"it-IT\",\"@id\":\"https:\/\/www.matrix4design.com\/it\/#\/schema\/person\/image\/\",\"url\":\"https:\/\/www.matrix4design.com\/wp-content\/uploads\/2023\/02\/logo_M4D_2023-96x96.jpg\",\"contentUrl\":\"https:\/\/www.matrix4design.com\/wp-content\/uploads\/2023\/02\/logo_M4D_2023-96x96.jpg\",\"caption\":\"Giulia Guerra\"},\"url\":\"https:\/\/www.matrix4design.com\/it\/author\/giuliag\/\"}]}<\/script>\n<!-- \/ Yoast SEO plugin. -->","yoast_head_json":{"title":"L\u2019equilibrio tra estetica e funzione, Marco Zaminato racconta i rubinetti Linki","description":"Il CEO di Linki Marco Zaminato racconta l'identit\u00e0 e le ultime novit\u00e0 del brand in questa intervista esclusiva.","robots":{"index":"index","follow":"follow","max-snippet":"max-snippet:-1","max-image-preview":"max-image-preview:large","max-video-preview":"max-video-preview:-1"},"canonical":"https:\/\/www.matrix4design.com\/it\/design\/l2019equilibrio-tra-estetica-e-funzione-marco-zaminato-racconta-i-rubinetti-linki\/","og_locale":"it_IT","og_type":"article","og_title":"L\u2019equilibrio tra estetica e funzione, Marco Zaminato racconta i rubinetti Linki","og_description":"Il CEO di Linki Marco Zaminato racconta l'identit\u00e0 e le ultime novit\u00e0 del brand in questa intervista esclusiva.","og_url":"https:\/\/www.matrix4design.com\/it\/design\/l2019equilibrio-tra-estetica-e-funzione-marco-zaminato-racconta-i-rubinetti-linki\/","og_site_name":"Matrix4Design","article_publisher":"https:\/\/www.facebook.com\/matrix4designmagazine\/","article_published_time":"2020-02-25T00:00:00+00:00","article_modified_time":"2023-02-03T11:05:47+00:00","og_image":[{"width":1200,"height":713,"url":"https:\/\/www.matrix4design.com\/wp-content\/uploads\/2020\/03\/AeT_ambiente3_generale.jpg","type":"image\/jpeg"}],"author":"Giulia Guerra","twitter_card":"summary_large_image","twitter_misc":{"Scritto da":"Giulia Guerra","Tempo di lettura stimato":"2 minuti"},"schema":{"@context":"https:\/\/schema.org","@graph":[{"@type":"Article","@id":"https:\/\/www.matrix4design.com\/it\/design\/l2019equilibrio-tra-estetica-e-funzione-marco-zaminato-racconta-i-rubinetti-linki\/#article","isPartOf":{"@id":"https:\/\/www.matrix4design.com\/it\/design\/l2019equilibrio-tra-estetica-e-funzione-marco-zaminato-racconta-i-rubinetti-linki\/"},"author":{"name":"Giulia Guerra","@id":"https:\/\/www.matrix4design.com\/it\/#\/schema\/person\/9904de51b5d381af5b1b998563d3adfe"},"headline":"L\u2019equilibrio tra estetica e funzione, Marco Zaminato racconta i rubinetti Linki","datePublished":"2020-02-25T00:00:00+00:00","dateModified":"2023-02-03T11:05:47+00:00","mainEntityOfPage":{"@id":"https:\/\/www.matrix4design.com\/it\/design\/l2019equilibrio-tra-estetica-e-funzione-marco-zaminato-racconta-i-rubinetti-linki\/"},"wordCount":326,"commentCount":0,"publisher":{"@id":"https:\/\/www.matrix4design.com\/it\/#organization"},"image":{"@id":"https:\/\/www.matrix4design.com\/it\/design\/l2019equilibrio-tra-estetica-e-funzione-marco-zaminato-racconta-i-rubinetti-linki\/#primaryimage"},"thumbnailUrl":"https:\/\/www.matrix4design.com\/wp-content\/uploads\/2020\/03\/AeT_ambiente3_generale.jpg","keywords":["Design","Linki"],"articleSection":["Design"],"inLanguage":"it-IT"},{"@type":"WebPage","@id":"https:\/\/www.matrix4design.com\/it\/design\/l2019equilibrio-tra-estetica-e-funzione-marco-zaminato-racconta-i-rubinetti-linki\/","url":"https:\/\/www.matrix4design.com\/it\/design\/l2019equilibrio-tra-estetica-e-funzione-marco-zaminato-racconta-i-rubinetti-linki\/","name":"L\u2019equilibrio tra estetica e funzione, Marco Zaminato racconta i rubinetti Linki","isPartOf":{"@id":"https:\/\/www.matrix4design.com\/it\/#website"},"primaryImageOfPage":{"@id":"https:\/\/www.matrix4design.com\/it\/design\/l2019equilibrio-tra-estetica-e-funzione-marco-zaminato-racconta-i-rubinetti-linki\/#primaryimage"},"image":{"@id":"https:\/\/www.matrix4design.com\/it\/design\/l2019equilibrio-tra-estetica-e-funzione-marco-zaminato-racconta-i-rubinetti-linki\/#primaryimage"},"thumbnailUrl":"https:\/\/www.matrix4design.com\/wp-content\/uploads\/2020\/03\/AeT_ambiente3_generale.jpg","datePublished":"2020-02-25T00:00:00+00:00","dateModified":"2023-02-03T11:05:47+00:00","description":"Il CEO di Linki Marco Zaminato racconta l'identit\u00e0 e le ultime novit\u00e0 del brand in questa intervista esclusiva.","breadcrumb":{"@id":"https:\/\/www.matrix4design.com\/it\/design\/l2019equilibrio-tra-estetica-e-funzione-marco-zaminato-racconta-i-rubinetti-linki\/#breadcrumb"},"inLanguage":"it-IT","potentialAction":[{"@type":"ReadAction","target":["https:\/\/www.matrix4design.com\/it\/design\/l2019equilibrio-tra-estetica-e-funzione-marco-zaminato-racconta-i-rubinetti-linki\/"]}]},{"@type":"ImageObject","inLanguage":"it-IT","@id":"https:\/\/www.matrix4design.com\/it\/design\/l2019equilibrio-tra-estetica-e-funzione-marco-zaminato-racconta-i-rubinetti-linki\/#primaryimage","url":"https:\/\/www.matrix4design.com\/wp-content\/uploads\/2020\/03\/AeT_ambiente3_generale.jpg","contentUrl":"https:\/\/www.matrix4design.com\/wp-content\/uploads\/2020\/03\/AeT_ambiente3_generale.jpg","width":1200,"height":713},{"@type":"BreadcrumbList","@id":"https:\/\/www.matrix4design.com\/it\/design\/l2019equilibrio-tra-estetica-e-funzione-marco-zaminato-racconta-i-rubinetti-linki\/#breadcrumb","itemListElement":[{"@type":"ListItem","position":1,"name":"Home","item":"https:\/\/www.matrix4design.com\/it\/"},{"@type":"ListItem","position":2,"name":"L\u2019equilibrio tra estetica e funzione, Marco Zaminato racconta i rubinetti Linki"}]},{"@type":"WebSite","@id":"https:\/\/www.matrix4design.com\/it\/#website","url":"https:\/\/www.matrix4design.com\/it\/","name":"Matrix4Design","description":"Digital architecture and design b2b magazine","publisher":{"@id":"https:\/\/www.matrix4design.com\/it\/#organization"},"potentialAction":[{"@type":"SearchAction","target":{"@type":"EntryPoint","urlTemplate":"https:\/\/www.matrix4design.com\/it\/?s={search_term_string}"},"query-input":{"@type":"PropertyValueSpecification","valueRequired":true,"valueName":"search_term_string"}}],"inLanguage":"it-IT"},{"@type":"Organization","@id":"https:\/\/www.matrix4design.com\/it\/#organization","name":"Matrix4Design","url":"https:\/\/www.matrix4design.com\/it\/","logo":{"@type":"ImageObject","inLanguage":"it-IT","@id":"https:\/\/www.matrix4design.com\/it\/#\/schema\/logo\/image\/","url":"https:\/\/www.matrix4design.com\/wp-content\/uploads\/2020\/04\/logo_matrix4design.png","contentUrl":"https:\/\/www.matrix4design.com\/wp-content\/uploads\/2020\/04\/logo_matrix4design.png","width":804,"height":114,"caption":"Matrix4Design"},"image":{"@id":"https:\/\/www.matrix4design.com\/it\/#\/schema\/logo\/image\/"},"sameAs":["https:\/\/www.facebook.com\/matrix4designmagazine\/","https:\/\/www.instagram.com\/matrix4designmagazine\/","https:\/\/www.youtube.com\/channel\/UCtuhSSrP3MOO_URZgv8mQ1A"]},{"@type":"Person","@id":"https:\/\/www.matrix4design.com\/it\/#\/schema\/person\/9904de51b5d381af5b1b998563d3adfe","name":"Giulia Guerra","image":{"@type":"ImageObject","inLanguage":"it-IT","@id":"https:\/\/www.matrix4design.com\/it\/#\/schema\/person\/image\/","url":"https:\/\/www.matrix4design.com\/wp-content\/uploads\/2023\/02\/logo_M4D_2023-96x96.jpg","contentUrl":"https:\/\/www.matrix4design.com\/wp-content\/uploads\/2023\/02\/logo_M4D_2023-96x96.jpg","caption":"Giulia Guerra"},"url":"https:\/\/www.matrix4design.com\/it\/author\/giuliag\/"}]}},"_links":{"self":[{"href":"https:\/\/www.matrix4design.com\/it\/wp-json\/wp\/v2\/posts\/61483","targetHints":{"allow":["GET"]}}],"collection":[{"href":"https:\/\/www.matrix4design.com\/it\/wp-json\/wp\/v2\/posts"}],"about":[{"href":"https:\/\/www.matrix4design.com\/it\/wp-json\/wp\/v2\/types\/post"}],"author":[{"embeddable":true,"href":"https:\/\/www.matrix4design.com\/it\/wp-json\/wp\/v2\/users\/31"}],"replies":[{"embeddable":true,"href":"https:\/\/www.matrix4design.com\/it\/wp-json\/wp\/v2\/comments?post=61483"}],"version-history":[{"count":1,"href":"https:\/\/www.matrix4design.com\/it\/wp-json\/wp\/v2\/posts\/61483\/revisions"}],"predecessor-version":[{"id":63001,"href":"https:\/\/www.matrix4design.com\/it\/wp-json\/wp\/v2\/posts\/61483\/revisions\/63001"}],"wp:featuredmedia":[{"embeddable":true,"href":"https:\/\/www.matrix4design.com\/it\/wp-json\/wp\/v2\/media\/61484"}],"wp:attachment":[{"href":"https:\/\/www.matrix4design.com\/it\/wp-json\/wp\/v2\/media?parent=61483"}],"wp:term":[{"taxonomy":"category","embeddable":true,"href":"https:\/\/www.matrix4design.com\/it\/wp-json\/wp\/v2\/categories?post=61483"},{"taxonomy":"post_tag","embeddable":true,"href":"https:\/\/www.matrix4design.com\/it\/wp-json\/wp\/v2\/tags?post=61483"}],"curies":[{"name":"wp","href":"https:\/\/api.w.org\/{rel}","templated":true}]}}