{"id":62478,"date":"2019-04-15T00:00:00","date_gmt":"2019-04-15T00:00:00","guid":{"rendered":""},"modified":"2020-03-26T10:53:29","modified_gmt":"2020-03-26T10:53:29","slug":"salone-2019-matrix4design-incontra-philipp-selva-e-francesco-lucchese","status":"publish","type":"post","link":"https:\/\/www.matrix4design.com\/it\/design\/salone-2019-matrix4design-incontra-philipp-selva-e-francesco-lucchese\/","title":{"rendered":"Salone 2019, Matrix4Design incontra Philipp Selva e Francesco Lucchese"},"content":{"rendered":"<p><body>                   <\/p>\n<div id=\"main-text\">\n<p>E\u2019 senza dubbio rinnovamento la parola chiave da cui partire per raccontare la partecipazione di <b>Selva<\/b> all\u2019ultima edizione del Salone del Mobile di Milano, l\u2019occasione colta dal marchio per presentare diverse novit\u00e0, a partire dalla scelta di puntare sul grande design d\u2019autore assoldando grandi nomi del progetto come <b>Aldo Cibic<\/b> e <b>Francesco Lucchese<\/b>, che volentieri si sono prestati a disegnare alcuni nuovi, iconici prodotti del brand. Milano \u00e8 stata per\u00f2 anche la location perfetta per lanciare un nuovo brand di arredi transitional, <b>JVM Design<\/b>, e proporre il concept <b>Selv(A)part<\/b> per una nuova visione dell\u2019abitare. Proprio durante la fiera abbiamo cercato di saperne di pi\u00f9 e per farlo abbiamo posto alcune domande a <b>Philipp Selva<\/b>, Presidente e CEO dell\u2019azienda, e a Francesco Lucchese, architetto e designer tra i protagonisti di questa settimana milanese.<\/p>\n<p><img decoding=\"async\" src=\"https:\/\/www.matrix4design.com\/wp-content\/uploads\/2020\/03\/SelvaPhilipp.jpg\" alt=\"\" class=\"image-inline\" title=\"\"><\/p>\n<p>PHILIPP SELVA<\/p>\n<p><b>Quali sono le novit\u00e0 che segnano la partecipazione di Selva al Salone del Mobile di quest\u2019anno?<\/b><\/p>\n<p>\u201cComincio dicendo che per Selva il Salone del Mobile di Milano \u00e8 un appuntamento internazionale impossibile da mancare, in quanto si tratta di una vetrina della massima importanza a livello mondiale. Quest\u2019anno, in particolare, abbiamo voluto lanciare una serie di messaggi forti, a partire dalla nuova collaborazione con gli architetti Aldo Cibic e Francesco Lucchese, che hanno disegnato rispettivamente l\u2019iconico tavolo Pont e l\u2019elegante set di poltrone Lucrezia.<\/p>\n<p>Abbiamo poi voluto presentare il Selv(A)part, un concept di appartamento che mira a riunire i prodotti Selva, eliminando la rigida divisione tra le collezioni e connettendo l\u2019universo pi\u00f9 classico al comparto pi\u00f9 innovativo, cos\u00ec da mostrare in maniera complessiva tutto ci\u00f2 che si pu\u00f2 realizzare con i complementi firmati Selva e proporre la nostra filosofia dell\u2019abitare.<\/p>\n<p>Lanciamo inoltre un nuovo brand, JVM Design, che nasce dalla volont\u00e0 di creare una linea di prodotti trasversali da combinare liberamente puntando sul metallo come materiale protagonista; il lancio del marchio, che comprende anche una linea di specchi, sar\u00e0 veicolato tramite un sito web dedicato e naturalmente con la distribuzione nei negozi monomarca.\u201d<\/p>\n<p><b>E dal punto di vista commerciale, quali saranno le prossime tappe importanti?<\/b><\/p>\n<p>\u201cSul fronte commerciale i nostri mercati strategici sono come sempre la Germania in testa, seguita dalla Russia, dove Selva \u00e8 una presenza storica (ci siamo da 35 anni), e poi Stati Uniti e Medio Oriente. Abbiamo recentemente aperto un nuovo showroom a Dubai, dove abbiamo anche una societ\u00e0 che funge da hub per la regione del Golfo. E\u2019 prevista infine l\u2019apertura di un flagship store proprio a Milano, che dovrebbe essere ultimato entro settembre 2019. Per noi \u00e8 infatti fondamentale presidiare la citt\u00e0 di Milano, che rappresenta ormai un punto di riferimento imprescindibile per la clientela internazionale e per il mondo del design in generale.\u201d<\/p>\n<p><img decoding=\"async\" src=\"https:\/\/www.matrix4design.com\/wp-content\/uploads\/2020\/03\/c4-5.jpg\" alt=\"\" class=\"image-inline\" title=\"\"><\/p>\n<p>FRANCESCO LUCCHESE<\/p>\n<p><b>Come \u00e8 nata la collaborazione tra lei e Selva? Che cosa dobbiamo aspettarci da questa sinergia?<\/b><\/p>\n<p>\u201cLa collaborazione con Selva nasce da un viaggio fortunato in Germania e da un incontro a Colonia, che ci ha permesso di esporre la nostra idea di contract e al tempo stesso di conoscere la loro produzione. E\u2019 nata cos\u00ec l\u2019opportunit\u00e0 di raccontare con un prodotto la nostra visione del contract, legata in particolare alle hall di hotel e alle aree soggette a continui cambiamenti. Oggi, di frequente, \u00e8 infatti difficile individuare una destinazione univoca per le hall di hotel, a differenza di ci\u00f2 che \u00e8 accaduto a lungo nelle grandi catene alberghiere con la tendenza a proporre un\u2019immagine molto coordinata e, se vogliamo, rigida. Nell\u2019epoca contemporanea s\u2019impone invece un\u2019idea di aree diversificate che, come nel caso della poltroncina, si prestano ad accogliere forme e misure diverse, flessibili. Per Selva abbiamo cos\u00ec sviluppato un concept generale che accomuna sia la poltrona presentata in fiera sia un\u2019altra che abbiamo gi\u00e0 in cantiere e che si caratterizzer\u00e0 per la presenza del legno: ognuna di esse ha misure e dimensioni che, pur parlando un linguaggio simile, consentono la collocazione in aree con funzioni differenti e destinate ad un pubblico differente.\u201d<\/p>\n<p><b>Che cosa ha significato per lei lavorare con un marchio come Selva?<\/b><\/p>\n<p>\u201cDevo dire che, per il nostro lavoro sugli imbottiti, c\u2019era bisogno di una collaborazione con un\u2019azienda come Selva, cos\u00ec focalizzata sul mondo contract. Nei nostri progetti di architettura, infatti, spesso ci capita di voler coordinare alla struttura anche lo spazio d\u2019interni e non \u00e8 sempre facile. Un\u2019azienda come Selva ci conforta da questo punto di vista, proprio per la sua straordinaria attenzione all\u2019universo contract, e quindi spero che questa sia soltanto la prima tappa di un lungo e proficuo percorso insieme.\u201d<\/p>\n<p>&nbsp;<\/p>\n<\/div>\n<p>                   <!--                                   \n\n<div id=\"load-section\">                                     \n\n<div class=\"load-bar\">                                       <span>Load More<\/span>                                     <\/div>\n\n                                   <\/div>\n\n                   -->                                                       <br \/><\/body><\/p>\n","protected":false},"excerpt":{"rendered":"<p>E\u2019 senza dubbio rinnovamento la parola chiave da cui partire per raccontare la partecipazione di Selva all\u2019ultima edizione del Salone del Mobile di Milano, l\u2019occasione colta dal marchio per presentare diverse novit\u00e0, a partire dalla scelta di puntare sul grande design d\u2019autore assoldando grandi nomi del progetto come Aldo Cibic e Francesco Lucchese, che volentieri [&hellip;]<\/p>\n","protected":false},"author":6,"featured_media":62479,"comment_status":"open","ping_status":"open","sticky":false,"template":"","format":"standard","meta":{"_acf_changed":false,"footnotes":""},"categories":[366],"tags":[57,318],"class_list":{"0":"post-62478","1":"post","2":"type-post","3":"status-publish","4":"format-standard","5":"has-post-thumbnail","7":"category-design","8":"tag-design","9":"tag-salone-del-mobile-2019"},"acf":[],"yoast_head":"<!-- This site is optimized with the Yoast SEO plugin v27.0 - https:\/\/yoast.com\/product\/yoast-seo-wordpress\/ -->\n<title>Salone 2019, Matrix4Design incontra Philipp Selva e Francesco Lucchese<\/title>\n<meta name=\"description\" content=\"Un nuovo corso si apre per l&#039;azienda Philipp Selva, anche grazie a prestigiose collaborazioni come quella con l&#039;architetto Francesco Lucchese: nella nostra intervista il racconto dei protagonisti direttamente dalla fiera milanese.\" \/>\n<meta name=\"robots\" content=\"index, follow, max-snippet:-1, max-image-preview:large, max-video-preview:-1\" \/>\n<link rel=\"canonical\" href=\"https:\/\/www.matrix4design.com\/it\/design\/salone-2019-matrix4design-incontra-philipp-selva-e-francesco-lucchese\/\" \/>\n<meta property=\"og:locale\" content=\"it_IT\" \/>\n<meta property=\"og:type\" content=\"article\" \/>\n<meta property=\"og:title\" content=\"Salone 2019, Matrix4Design incontra Philipp Selva e Francesco Lucchese\" \/>\n<meta property=\"og:description\" content=\"Un nuovo corso si apre per l&#039;azienda Philipp Selva, anche grazie a prestigiose collaborazioni come quella con l&#039;architetto Francesco Lucchese: nella nostra intervista il racconto dei protagonisti direttamente dalla fiera milanese.\" \/>\n<meta property=\"og:url\" content=\"https:\/\/www.matrix4design.com\/it\/design\/salone-2019-matrix4design-incontra-philipp-selva-e-francesco-lucchese\/\" \/>\n<meta property=\"og:site_name\" content=\"Matrix4Design\" \/>\n<meta property=\"article:publisher\" content=\"https:\/\/www.facebook.com\/matrix4designmagazine\/\" \/>\n<meta property=\"article:published_time\" content=\"2019-04-15T00:00:00+00:00\" \/>\n<meta property=\"article:modified_time\" content=\"2020-03-26T10:53:29+00:00\" \/>\n<meta property=\"og:image\" content=\"https:\/\/www.matrix4design.com\/wp-content\/uploads\/2020\/03\/SelvaPhilipp.jpg\" \/>\n\t<meta property=\"og:image:width\" content=\"800\" \/>\n\t<meta property=\"og:image:height\" content=\"600\" \/>\n\t<meta property=\"og:image:type\" content=\"image\/jpeg\" \/>\n<meta name=\"author\" content=\"Redazione\" \/>\n<meta name=\"twitter:card\" content=\"summary_large_image\" \/>\n<meta name=\"twitter:label1\" content=\"Scritto da\" \/>\n\t<meta name=\"twitter:data1\" content=\"Redazione\" \/>\n\t<meta name=\"twitter:label2\" content=\"Tempo di lettura stimato\" \/>\n\t<meta name=\"twitter:data2\" content=\"4 minuti\" \/>\n<script type=\"application\/ld+json\" class=\"yoast-schema-graph\">{\"@context\":\"https:\/\/schema.org\",\"@graph\":[{\"@type\":\"Article\",\"@id\":\"https:\/\/www.matrix4design.com\/it\/design\/salone-2019-matrix4design-incontra-philipp-selva-e-francesco-lucchese\/#article\",\"isPartOf\":{\"@id\":\"https:\/\/www.matrix4design.com\/it\/design\/salone-2019-matrix4design-incontra-philipp-selva-e-francesco-lucchese\/\"},\"author\":{\"name\":\"Redazione\",\"@id\":\"https:\/\/www.matrix4design.com\/it\/#\/schema\/person\/b2b6dd48f9d6892ca224742379951fa1\"},\"headline\":\"Salone 2019, Matrix4Design incontra Philipp Selva e Francesco Lucchese\",\"datePublished\":\"2019-04-15T00:00:00+00:00\",\"dateModified\":\"2020-03-26T10:53:29+00:00\",\"mainEntityOfPage\":{\"@id\":\"https:\/\/www.matrix4design.com\/it\/design\/salone-2019-matrix4design-incontra-philipp-selva-e-francesco-lucchese\/\"},\"wordCount\":769,\"commentCount\":0,\"publisher\":{\"@id\":\"https:\/\/www.matrix4design.com\/it\/#organization\"},\"image\":{\"@id\":\"https:\/\/www.matrix4design.com\/it\/design\/salone-2019-matrix4design-incontra-philipp-selva-e-francesco-lucchese\/#primaryimage\"},\"thumbnailUrl\":\"https:\/\/www.matrix4design.com\/wp-content\/uploads\/2020\/03\/SelvaPhilipp.jpg\",\"keywords\":[\"Design\",\"Salone del Mobile 2019\"],\"articleSection\":[\"Design\"],\"inLanguage\":\"it-IT\"},{\"@type\":\"WebPage\",\"@id\":\"https:\/\/www.matrix4design.com\/it\/design\/salone-2019-matrix4design-incontra-philipp-selva-e-francesco-lucchese\/\",\"url\":\"https:\/\/www.matrix4design.com\/it\/design\/salone-2019-matrix4design-incontra-philipp-selva-e-francesco-lucchese\/\",\"name\":\"Salone 2019, Matrix4Design incontra Philipp Selva e Francesco Lucchese\",\"isPartOf\":{\"@id\":\"https:\/\/www.matrix4design.com\/it\/#website\"},\"primaryImageOfPage\":{\"@id\":\"https:\/\/www.matrix4design.com\/it\/design\/salone-2019-matrix4design-incontra-philipp-selva-e-francesco-lucchese\/#primaryimage\"},\"image\":{\"@id\":\"https:\/\/www.matrix4design.com\/it\/design\/salone-2019-matrix4design-incontra-philipp-selva-e-francesco-lucchese\/#primaryimage\"},\"thumbnailUrl\":\"https:\/\/www.matrix4design.com\/wp-content\/uploads\/2020\/03\/SelvaPhilipp.jpg\",\"datePublished\":\"2019-04-15T00:00:00+00:00\",\"dateModified\":\"2020-03-26T10:53:29+00:00\",\"description\":\"Un nuovo corso si apre per l'azienda Philipp Selva, anche grazie a prestigiose collaborazioni come quella con l'architetto Francesco Lucchese: nella nostra intervista il racconto dei protagonisti direttamente dalla fiera milanese.\",\"breadcrumb\":{\"@id\":\"https:\/\/www.matrix4design.com\/it\/design\/salone-2019-matrix4design-incontra-philipp-selva-e-francesco-lucchese\/#breadcrumb\"},\"inLanguage\":\"it-IT\",\"potentialAction\":[{\"@type\":\"ReadAction\",\"target\":[\"https:\/\/www.matrix4design.com\/it\/design\/salone-2019-matrix4design-incontra-philipp-selva-e-francesco-lucchese\/\"]}]},{\"@type\":\"ImageObject\",\"inLanguage\":\"it-IT\",\"@id\":\"https:\/\/www.matrix4design.com\/it\/design\/salone-2019-matrix4design-incontra-philipp-selva-e-francesco-lucchese\/#primaryimage\",\"url\":\"https:\/\/www.matrix4design.com\/wp-content\/uploads\/2020\/03\/SelvaPhilipp.jpg\",\"contentUrl\":\"https:\/\/www.matrix4design.com\/wp-content\/uploads\/2020\/03\/SelvaPhilipp.jpg\",\"width\":800,\"height\":600},{\"@type\":\"BreadcrumbList\",\"@id\":\"https:\/\/www.matrix4design.com\/it\/design\/salone-2019-matrix4design-incontra-philipp-selva-e-francesco-lucchese\/#breadcrumb\",\"itemListElement\":[{\"@type\":\"ListItem\",\"position\":1,\"name\":\"Home\",\"item\":\"https:\/\/www.matrix4design.com\/it\/\"},{\"@type\":\"ListItem\",\"position\":2,\"name\":\"Salone 2019, Matrix4Design incontra Philipp Selva e Francesco Lucchese\"}]},{\"@type\":\"WebSite\",\"@id\":\"https:\/\/www.matrix4design.com\/it\/#website\",\"url\":\"https:\/\/www.matrix4design.com\/it\/\",\"name\":\"Matrix4Design\",\"description\":\"Digital architecture and design b2b magazine\",\"publisher\":{\"@id\":\"https:\/\/www.matrix4design.com\/it\/#organization\"},\"potentialAction\":[{\"@type\":\"SearchAction\",\"target\":{\"@type\":\"EntryPoint\",\"urlTemplate\":\"https:\/\/www.matrix4design.com\/it\/?s={search_term_string}\"},\"query-input\":{\"@type\":\"PropertyValueSpecification\",\"valueRequired\":true,\"valueName\":\"search_term_string\"}}],\"inLanguage\":\"it-IT\"},{\"@type\":\"Organization\",\"@id\":\"https:\/\/www.matrix4design.com\/it\/#organization\",\"name\":\"Matrix4Design\",\"url\":\"https:\/\/www.matrix4design.com\/it\/\",\"logo\":{\"@type\":\"ImageObject\",\"inLanguage\":\"it-IT\",\"@id\":\"https:\/\/www.matrix4design.com\/it\/#\/schema\/logo\/image\/\",\"url\":\"https:\/\/www.matrix4design.com\/wp-content\/uploads\/2020\/04\/logo_matrix4design.png\",\"contentUrl\":\"https:\/\/www.matrix4design.com\/wp-content\/uploads\/2020\/04\/logo_matrix4design.png\",\"width\":804,\"height\":114,\"caption\":\"Matrix4Design\"},\"image\":{\"@id\":\"https:\/\/www.matrix4design.com\/it\/#\/schema\/logo\/image\/\"},\"sameAs\":[\"https:\/\/www.facebook.com\/matrix4designmagazine\/\",\"https:\/\/www.instagram.com\/matrix4designmagazine\/\",\"https:\/\/www.youtube.com\/channel\/UCtuhSSrP3MOO_URZgv8mQ1A\"]},{\"@type\":\"Person\",\"@id\":\"https:\/\/www.matrix4design.com\/it\/#\/schema\/person\/b2b6dd48f9d6892ca224742379951fa1\",\"name\":\"Redazione\",\"image\":{\"@type\":\"ImageObject\",\"inLanguage\":\"it-IT\",\"@id\":\"https:\/\/www.matrix4design.com\/it\/#\/schema\/person\/image\/\",\"url\":\"https:\/\/www.matrix4design.com\/wp-content\/uploads\/2023\/01\/logo_M4D_2023-96x96.jpg\",\"contentUrl\":\"https:\/\/www.matrix4design.com\/wp-content\/uploads\/2023\/01\/logo_M4D_2023-96x96.jpg\",\"caption\":\"Redazione\"},\"url\":\"https:\/\/www.matrix4design.com\/it\/author\/redazione\/\"}]}<\/script>\n<!-- \/ Yoast SEO plugin. -->","yoast_head_json":{"title":"Salone 2019, Matrix4Design incontra Philipp Selva e Francesco Lucchese","description":"Un nuovo corso si apre per l'azienda Philipp Selva, anche grazie a prestigiose collaborazioni come quella con l'architetto Francesco Lucchese: nella nostra intervista il racconto dei protagonisti direttamente dalla fiera milanese.","robots":{"index":"index","follow":"follow","max-snippet":"max-snippet:-1","max-image-preview":"max-image-preview:large","max-video-preview":"max-video-preview:-1"},"canonical":"https:\/\/www.matrix4design.com\/it\/design\/salone-2019-matrix4design-incontra-philipp-selva-e-francesco-lucchese\/","og_locale":"it_IT","og_type":"article","og_title":"Salone 2019, Matrix4Design incontra Philipp Selva e Francesco Lucchese","og_description":"Un nuovo corso si apre per l'azienda Philipp Selva, anche grazie a prestigiose collaborazioni come quella con l'architetto Francesco Lucchese: nella nostra intervista il racconto dei protagonisti direttamente dalla fiera milanese.","og_url":"https:\/\/www.matrix4design.com\/it\/design\/salone-2019-matrix4design-incontra-philipp-selva-e-francesco-lucchese\/","og_site_name":"Matrix4Design","article_publisher":"https:\/\/www.facebook.com\/matrix4designmagazine\/","article_published_time":"2019-04-15T00:00:00+00:00","article_modified_time":"2020-03-26T10:53:29+00:00","og_image":[{"width":800,"height":600,"url":"https:\/\/www.matrix4design.com\/wp-content\/uploads\/2020\/03\/SelvaPhilipp.jpg","type":"image\/jpeg"}],"author":"Redazione","twitter_card":"summary_large_image","twitter_misc":{"Scritto da":"Redazione","Tempo di lettura stimato":"4 minuti"},"schema":{"@context":"https:\/\/schema.org","@graph":[{"@type":"Article","@id":"https:\/\/www.matrix4design.com\/it\/design\/salone-2019-matrix4design-incontra-philipp-selva-e-francesco-lucchese\/#article","isPartOf":{"@id":"https:\/\/www.matrix4design.com\/it\/design\/salone-2019-matrix4design-incontra-philipp-selva-e-francesco-lucchese\/"},"author":{"name":"Redazione","@id":"https:\/\/www.matrix4design.com\/it\/#\/schema\/person\/b2b6dd48f9d6892ca224742379951fa1"},"headline":"Salone 2019, Matrix4Design incontra Philipp Selva e Francesco Lucchese","datePublished":"2019-04-15T00:00:00+00:00","dateModified":"2020-03-26T10:53:29+00:00","mainEntityOfPage":{"@id":"https:\/\/www.matrix4design.com\/it\/design\/salone-2019-matrix4design-incontra-philipp-selva-e-francesco-lucchese\/"},"wordCount":769,"commentCount":0,"publisher":{"@id":"https:\/\/www.matrix4design.com\/it\/#organization"},"image":{"@id":"https:\/\/www.matrix4design.com\/it\/design\/salone-2019-matrix4design-incontra-philipp-selva-e-francesco-lucchese\/#primaryimage"},"thumbnailUrl":"https:\/\/www.matrix4design.com\/wp-content\/uploads\/2020\/03\/SelvaPhilipp.jpg","keywords":["Design","Salone del Mobile 2019"],"articleSection":["Design"],"inLanguage":"it-IT"},{"@type":"WebPage","@id":"https:\/\/www.matrix4design.com\/it\/design\/salone-2019-matrix4design-incontra-philipp-selva-e-francesco-lucchese\/","url":"https:\/\/www.matrix4design.com\/it\/design\/salone-2019-matrix4design-incontra-philipp-selva-e-francesco-lucchese\/","name":"Salone 2019, Matrix4Design incontra Philipp Selva e Francesco Lucchese","isPartOf":{"@id":"https:\/\/www.matrix4design.com\/it\/#website"},"primaryImageOfPage":{"@id":"https:\/\/www.matrix4design.com\/it\/design\/salone-2019-matrix4design-incontra-philipp-selva-e-francesco-lucchese\/#primaryimage"},"image":{"@id":"https:\/\/www.matrix4design.com\/it\/design\/salone-2019-matrix4design-incontra-philipp-selva-e-francesco-lucchese\/#primaryimage"},"thumbnailUrl":"https:\/\/www.matrix4design.com\/wp-content\/uploads\/2020\/03\/SelvaPhilipp.jpg","datePublished":"2019-04-15T00:00:00+00:00","dateModified":"2020-03-26T10:53:29+00:00","description":"Un nuovo corso si apre per l'azienda Philipp Selva, anche grazie a prestigiose collaborazioni come quella con l'architetto Francesco Lucchese: nella nostra intervista il racconto dei protagonisti direttamente dalla fiera milanese.","breadcrumb":{"@id":"https:\/\/www.matrix4design.com\/it\/design\/salone-2019-matrix4design-incontra-philipp-selva-e-francesco-lucchese\/#breadcrumb"},"inLanguage":"it-IT","potentialAction":[{"@type":"ReadAction","target":["https:\/\/www.matrix4design.com\/it\/design\/salone-2019-matrix4design-incontra-philipp-selva-e-francesco-lucchese\/"]}]},{"@type":"ImageObject","inLanguage":"it-IT","@id":"https:\/\/www.matrix4design.com\/it\/design\/salone-2019-matrix4design-incontra-philipp-selva-e-francesco-lucchese\/#primaryimage","url":"https:\/\/www.matrix4design.com\/wp-content\/uploads\/2020\/03\/SelvaPhilipp.jpg","contentUrl":"https:\/\/www.matrix4design.com\/wp-content\/uploads\/2020\/03\/SelvaPhilipp.jpg","width":800,"height":600},{"@type":"BreadcrumbList","@id":"https:\/\/www.matrix4design.com\/it\/design\/salone-2019-matrix4design-incontra-philipp-selva-e-francesco-lucchese\/#breadcrumb","itemListElement":[{"@type":"ListItem","position":1,"name":"Home","item":"https:\/\/www.matrix4design.com\/it\/"},{"@type":"ListItem","position":2,"name":"Salone 2019, Matrix4Design incontra Philipp Selva e Francesco Lucchese"}]},{"@type":"WebSite","@id":"https:\/\/www.matrix4design.com\/it\/#website","url":"https:\/\/www.matrix4design.com\/it\/","name":"Matrix4Design","description":"Digital architecture and design b2b magazine","publisher":{"@id":"https:\/\/www.matrix4design.com\/it\/#organization"},"potentialAction":[{"@type":"SearchAction","target":{"@type":"EntryPoint","urlTemplate":"https:\/\/www.matrix4design.com\/it\/?s={search_term_string}"},"query-input":{"@type":"PropertyValueSpecification","valueRequired":true,"valueName":"search_term_string"}}],"inLanguage":"it-IT"},{"@type":"Organization","@id":"https:\/\/www.matrix4design.com\/it\/#organization","name":"Matrix4Design","url":"https:\/\/www.matrix4design.com\/it\/","logo":{"@type":"ImageObject","inLanguage":"it-IT","@id":"https:\/\/www.matrix4design.com\/it\/#\/schema\/logo\/image\/","url":"https:\/\/www.matrix4design.com\/wp-content\/uploads\/2020\/04\/logo_matrix4design.png","contentUrl":"https:\/\/www.matrix4design.com\/wp-content\/uploads\/2020\/04\/logo_matrix4design.png","width":804,"height":114,"caption":"Matrix4Design"},"image":{"@id":"https:\/\/www.matrix4design.com\/it\/#\/schema\/logo\/image\/"},"sameAs":["https:\/\/www.facebook.com\/matrix4designmagazine\/","https:\/\/www.instagram.com\/matrix4designmagazine\/","https:\/\/www.youtube.com\/channel\/UCtuhSSrP3MOO_URZgv8mQ1A"]},{"@type":"Person","@id":"https:\/\/www.matrix4design.com\/it\/#\/schema\/person\/b2b6dd48f9d6892ca224742379951fa1","name":"Redazione","image":{"@type":"ImageObject","inLanguage":"it-IT","@id":"https:\/\/www.matrix4design.com\/it\/#\/schema\/person\/image\/","url":"https:\/\/www.matrix4design.com\/wp-content\/uploads\/2023\/01\/logo_M4D_2023-96x96.jpg","contentUrl":"https:\/\/www.matrix4design.com\/wp-content\/uploads\/2023\/01\/logo_M4D_2023-96x96.jpg","caption":"Redazione"},"url":"https:\/\/www.matrix4design.com\/it\/author\/redazione\/"}]}},"_links":{"self":[{"href":"https:\/\/www.matrix4design.com\/it\/wp-json\/wp\/v2\/posts\/62478","targetHints":{"allow":["GET"]}}],"collection":[{"href":"https:\/\/www.matrix4design.com\/it\/wp-json\/wp\/v2\/posts"}],"about":[{"href":"https:\/\/www.matrix4design.com\/it\/wp-json\/wp\/v2\/types\/post"}],"author":[{"embeddable":true,"href":"https:\/\/www.matrix4design.com\/it\/wp-json\/wp\/v2\/users\/6"}],"replies":[{"embeddable":true,"href":"https:\/\/www.matrix4design.com\/it\/wp-json\/wp\/v2\/comments?post=62478"}],"version-history":[{"count":1,"href":"https:\/\/www.matrix4design.com\/it\/wp-json\/wp\/v2\/posts\/62478\/revisions"}],"predecessor-version":[{"id":63587,"href":"https:\/\/www.matrix4design.com\/it\/wp-json\/wp\/v2\/posts\/62478\/revisions\/63587"}],"wp:featuredmedia":[{"embeddable":true,"href":"https:\/\/www.matrix4design.com\/it\/wp-json\/wp\/v2\/media\/62479"}],"wp:attachment":[{"href":"https:\/\/www.matrix4design.com\/it\/wp-json\/wp\/v2\/media?parent=62478"}],"wp:term":[{"taxonomy":"category","embeddable":true,"href":"https:\/\/www.matrix4design.com\/it\/wp-json\/wp\/v2\/categories?post=62478"},{"taxonomy":"post_tag","embeddable":true,"href":"https:\/\/www.matrix4design.com\/it\/wp-json\/wp\/v2\/tags?post=62478"}],"curies":[{"name":"wp","href":"https:\/\/api.w.org\/{rel}","templated":true}]}}