{"id":67661,"date":"2020-04-30T10:00:48","date_gmt":"2020-04-30T08:00:48","guid":{"rendered":"https:\/\/www.matrix4design.com\/?p=67661"},"modified":"2020-04-29T09:47:38","modified_gmt":"2020-04-29T07:47:38","slug":"desiree-il-divano-ludwig-e-un-sistema-di-sedute","status":"publish","type":"post","link":"https:\/\/www.matrix4design.com\/it\/design\/desiree-il-divano-ludwig-e-un-sistema-di-sedute\/","title":{"rendered":"D\u00e9sir\u00e9e, il divano Ludwig \u00e8 un sistema di sedute"},"content":{"rendered":"<p>&nbsp;<\/p>\n<p>Un divano dalle geometrie essenziali, destinato a diventare icona: \u00e8 LUDWIG, la nuova proposta per lo spazio living creata da <a href=\"http:\/\/www.gruppoeuromobil.com\/ita\/desiree\/index.php\" target=\"_blank\" rel=\"noopener noreferrer\"><strong>D\u00e9sir\u00e9e<\/strong><\/a>, il brand di imbottiti di Gruppo Euromobil che in questo caso ha scelto di prendere ispirazione <strong>dalle radicali idee progettuali nate in centro Europa dopo il primo conflitto mondiale<\/strong>, la cui portata ebbe un\u2019influenza fondamentale sul mondo dell\u2019abitare, riducendo al minimo la distanza tra arte e design.<\/p>\n<p><img loading=\"lazy\" decoding=\"async\" class=\"size-large wp-image-67663 aligncenter\" src=\"https:\/\/www.matrix4design.com\/wp-content\/uploads\/2020\/04\/Ludwig_2-MR-1024x608.jpg\" alt=\"\" width=\"1024\" height=\"608\" srcset=\"https:\/\/www.matrix4design.com\/wp-content\/uploads\/2020\/04\/Ludwig_2-MR-1024x608.jpg 1024w, https:\/\/www.matrix4design.com\/wp-content\/uploads\/2020\/04\/Ludwig_2-MR-300x178.jpg 300w, https:\/\/www.matrix4design.com\/wp-content\/uploads\/2020\/04\/Ludwig_2-MR-768x456.jpg 768w, https:\/\/www.matrix4design.com\/wp-content\/uploads\/2020\/04\/Ludwig_2-MR.jpg 1200w\" sizes=\"auto, (max-width: 1024px) 100vw, 1024px\" \/><\/p>\n<p>Temi dominanti di quella corrente erano la <strong>riduzione delle forme<\/strong> insieme a un <strong>rivoluzionario uso dei materiali<\/strong>, e non a caso <strong>LUDWIG si configura come un vero e proprio \u201csistema di sedute\u201d<\/strong>, caratterizzato da un\u2019<strong>imbottitura a forma di parallelepipedo alto 9 cm<\/strong> nella parte superiore e rastremata nella parte inferiore, impreziosita da un\u2019impuntura passo 24 cm, <strong>completamente sfoderabile<\/strong> per la massima praticit\u00e0 di gestione.<\/p>\n<p><img loading=\"lazy\" decoding=\"async\" class=\"size-large wp-image-67664 aligncenter\" src=\"https:\/\/www.matrix4design.com\/wp-content\/uploads\/2020\/04\/Ludwig_3-MR-602x1024.jpg\" alt=\"\" width=\"602\" height=\"1024\" srcset=\"https:\/\/www.matrix4design.com\/wp-content\/uploads\/2020\/04\/Ludwig_3-MR-602x1024.jpg 602w, https:\/\/www.matrix4design.com\/wp-content\/uploads\/2020\/04\/Ludwig_3-MR-177x300.jpg 177w, https:\/\/www.matrix4design.com\/wp-content\/uploads\/2020\/04\/Ludwig_3-MR.jpg 706w\" sizes=\"auto, (max-width: 602px) 100vw, 602px\" \/><\/p>\n<p><strong>Il rivestimento \u00e8 finito con un delicato bordino in tono di colore<\/strong>, mentre un altro dettaglio di grande essenzialit\u00e0, che gioca un ruolo determinante nella definizione delle geometrie, \u00e8 il <strong>basamento, costituito da due pattini paralleli in metallo bronzo opaco<\/strong>, con unione a 90\u00b0.<\/p>\n<p><img loading=\"lazy\" decoding=\"async\" class=\"size-large wp-image-67662 aligncenter\" src=\"https:\/\/www.matrix4design.com\/wp-content\/uploads\/2020\/04\/Ludwig_1-MR-1024x607.jpg\" alt=\"\" width=\"1024\" height=\"607\" srcset=\"https:\/\/www.matrix4design.com\/wp-content\/uploads\/2020\/04\/Ludwig_1-MR-1024x607.jpg 1024w, https:\/\/www.matrix4design.com\/wp-content\/uploads\/2020\/04\/Ludwig_1-MR-300x178.jpg 300w, https:\/\/www.matrix4design.com\/wp-content\/uploads\/2020\/04\/Ludwig_1-MR-768x455.jpg 768w, https:\/\/www.matrix4design.com\/wp-content\/uploads\/2020\/04\/Ludwig_1-MR-150x89.jpg 150w, https:\/\/www.matrix4design.com\/wp-content\/uploads\/2020\/04\/Ludwig_1-MR-696x412.jpg 696w, https:\/\/www.matrix4design.com\/wp-content\/uploads\/2020\/04\/Ludwig_1-MR-1068x633.jpg 1068w, https:\/\/www.matrix4design.com\/wp-content\/uploads\/2020\/04\/Ludwig_1-MR.jpg 1200w\" sizes=\"auto, (max-width: 1024px) 100vw, 1024px\" \/><\/p>\n<p>La raffinatezza della composizione \u00e8 poi ribadita dalla <strong>mancanza di uno schienale canonico<\/strong>: i designer di D\u00e9sir\u00e9e hanno voluto lasciare <strong>massima libert\u00e0 di fruizione <\/strong>inserendo uno <strong>schienale monoposto a forma cilindrica del diametro di 30 cm con cuscino annesso<\/strong>, posizionabile dove si preferisce per favorire diverse posture, da quella seduta a quella semi stesa e stesa.<\/p>\n<p><img loading=\"lazy\" decoding=\"async\" class=\"size-large wp-image-67665 aligncenter\" src=\"https:\/\/www.matrix4design.com\/wp-content\/uploads\/2020\/04\/Ludwig_4-MR-602x1024.jpg\" alt=\"\" width=\"602\" height=\"1024\" srcset=\"https:\/\/www.matrix4design.com\/wp-content\/uploads\/2020\/04\/Ludwig_4-MR-602x1024.jpg 602w, https:\/\/www.matrix4design.com\/wp-content\/uploads\/2020\/04\/Ludwig_4-MR-177x300.jpg 177w, https:\/\/www.matrix4design.com\/wp-content\/uploads\/2020\/04\/Ludwig_4-MR.jpg 706w\" sizes=\"auto, (max-width: 602px) 100vw, 602px\" \/><\/p>\n<p>L\u2019immagine che ne scaturisce \u00e8 di <strong>estrema eleganza e leggerezza<\/strong> e, al tempo stesso, di <strong>forte resistenza<\/strong> coniugata all\u2019<strong>estrema versatilit\u00e0 di utilizzo<\/strong>: la pulizia delle linee lo rende infatti adatto a tutti gli ambienti della casa &#8211; non solo in salotto -, e anche a contesti professionali, come uno studio o un ufficio.<\/p>\n<p><img loading=\"lazy\" decoding=\"async\" class=\"size-large wp-image-67666 aligncenter\" src=\"https:\/\/www.matrix4design.com\/wp-content\/uploads\/2020\/04\/Ludwig_5-MR-copia-2-911x1024.jpg\" alt=\"\" width=\"911\" height=\"1024\" srcset=\"https:\/\/www.matrix4design.com\/wp-content\/uploads\/2020\/04\/Ludwig_5-MR-copia-2-911x1024.jpg 911w, https:\/\/www.matrix4design.com\/wp-content\/uploads\/2020\/04\/Ludwig_5-MR-copia-2-267x300.jpg 267w, https:\/\/www.matrix4design.com\/wp-content\/uploads\/2020\/04\/Ludwig_5-MR-copia-2-768x864.jpg 768w, https:\/\/www.matrix4design.com\/wp-content\/uploads\/2020\/04\/Ludwig_5-MR-copia-2.jpg 1067w\" sizes=\"auto, (max-width: 911px) 100vw, 911px\" \/><\/p>\n<p><strong>LUDWIG<\/strong> \u00e8 infine <strong>coordinato con il divano KUBIC<\/strong>, modello tra i pi\u00f9 apprezzati della gamma dei divani D\u00e9sir\u00e9e: dal loro abbinamento deriva cos\u00ec un <strong>dialogo degli opposti, pieno e vuoto<\/strong>, per un tocco davvero originale e distintivo.<\/p>\n<p>&nbsp;<\/p>\n","protected":false},"excerpt":{"rendered":"<p>&nbsp; Un divano dalle geometrie essenziali, destinato a diventare icona: \u00e8 LUDWIG, la nuova proposta per lo spazio living creata da D\u00e9sir\u00e9e, il brand di imbottiti di Gruppo Euromobil che in questo caso ha scelto di prendere ispirazione dalle radicali idee progettuali nate in centro Europa dopo il primo conflitto mondiale, la cui portata ebbe [&hellip;]<\/p>\n","protected":false},"author":6,"featured_media":67662,"comment_status":"closed","ping_status":"closed","sticky":false,"template":"","format":"standard","meta":{"_acf_changed":false,"footnotes":""},"categories":[366,418,368],"tags":[],"class_list":{"0":"post-67661","1":"post","2":"type-post","3":"status-publish","4":"format-standard","5":"has-post-thumbnail","7":"category-design","8":"category-design-home","9":"category-featured"},"acf":[],"yoast_head":"<!-- This site is optimized with the Yoast SEO plugin v27.0 - https:\/\/yoast.com\/product\/yoast-seo-wordpress\/ -->\n<title>D\u00e9sir\u00e9e, il divano Ludwig diventa un sistema di sedute<\/title>\n<meta name=\"description\" content=\"Concettuale e innovativo, il nuovo divano Ludwig di D\u00e9sir\u00e9e si ispira alle idee progettuali nate in Europa centrale dopo la Prima Guerra Mondiale.\" \/>\n<meta name=\"robots\" content=\"index, follow, max-snippet:-1, max-image-preview:large, max-video-preview:-1\" \/>\n<link rel=\"canonical\" href=\"https:\/\/www.matrix4design.com\/it\/design\/desiree-il-divano-ludwig-e-un-sistema-di-sedute\/\" \/>\n<meta property=\"og:locale\" content=\"it_IT\" \/>\n<meta property=\"og:type\" content=\"article\" \/>\n<meta property=\"og:title\" content=\"D\u00e9sir\u00e9e, il divano Ludwig diventa un sistema di sedute\" \/>\n<meta property=\"og:description\" content=\"Concettuale e innovativo, il nuovo divano Ludwig di D\u00e9sir\u00e9e si ispira alle idee progettuali nate in Europa centrale dopo la Prima Guerra Mondiale.\" \/>\n<meta property=\"og:url\" content=\"https:\/\/www.matrix4design.com\/it\/design\/desiree-il-divano-ludwig-e-un-sistema-di-sedute\/\" \/>\n<meta property=\"og:site_name\" content=\"Matrix4Design\" \/>\n<meta property=\"article:publisher\" content=\"https:\/\/www.facebook.com\/matrix4designmagazine\/\" \/>\n<meta property=\"article:published_time\" content=\"2020-04-30T08:00:48+00:00\" \/>\n<meta property=\"og:image\" content=\"https:\/\/www.matrix4design.com\/wp-content\/uploads\/2020\/04\/Ludwig_1-MR.jpg\" \/>\n\t<meta property=\"og:image:width\" content=\"1200\" \/>\n\t<meta property=\"og:image:height\" content=\"711\" \/>\n\t<meta property=\"og:image:type\" content=\"image\/jpeg\" \/>\n<meta name=\"author\" content=\"Redazione\" \/>\n<meta name=\"twitter:card\" content=\"summary_large_image\" \/>\n<meta name=\"twitter:label1\" content=\"Scritto da\" \/>\n\t<meta name=\"twitter:data1\" content=\"Redazione\" \/>\n\t<meta name=\"twitter:label2\" content=\"Tempo di lettura stimato\" \/>\n\t<meta name=\"twitter:data2\" content=\"2 minuti\" \/>\n<script type=\"application\/ld+json\" class=\"yoast-schema-graph\">{\"@context\":\"https:\/\/schema.org\",\"@graph\":[{\"@type\":\"Article\",\"@id\":\"https:\/\/www.matrix4design.com\/it\/design\/desiree-il-divano-ludwig-e-un-sistema-di-sedute\/#article\",\"isPartOf\":{\"@id\":\"https:\/\/www.matrix4design.com\/it\/design\/desiree-il-divano-ludwig-e-un-sistema-di-sedute\/\"},\"author\":{\"name\":\"Redazione\",\"@id\":\"https:\/\/www.matrix4design.com\/it\/#\/schema\/person\/b2b6dd48f9d6892ca224742379951fa1\"},\"headline\":\"D\u00e9sir\u00e9e, il divano Ludwig \u00e8 un sistema di sedute\",\"datePublished\":\"2020-04-30T08:00:48+00:00\",\"mainEntityOfPage\":{\"@id\":\"https:\/\/www.matrix4design.com\/it\/design\/desiree-il-divano-ludwig-e-un-sistema-di-sedute\/\"},\"wordCount\":336,\"publisher\":{\"@id\":\"https:\/\/www.matrix4design.com\/it\/#organization\"},\"image\":{\"@id\":\"https:\/\/www.matrix4design.com\/it\/design\/desiree-il-divano-ludwig-e-un-sistema-di-sedute\/#primaryimage\"},\"thumbnailUrl\":\"https:\/\/www.matrix4design.com\/wp-content\/uploads\/2020\/04\/Ludwig_1-MR.jpg\",\"articleSection\":[\"Design\",\"Design home\",\"Featured\"],\"inLanguage\":\"it-IT\"},{\"@type\":\"WebPage\",\"@id\":\"https:\/\/www.matrix4design.com\/it\/design\/desiree-il-divano-ludwig-e-un-sistema-di-sedute\/\",\"url\":\"https:\/\/www.matrix4design.com\/it\/design\/desiree-il-divano-ludwig-e-un-sistema-di-sedute\/\",\"name\":\"D\u00e9sir\u00e9e, il divano Ludwig diventa un sistema di sedute\",\"isPartOf\":{\"@id\":\"https:\/\/www.matrix4design.com\/it\/#website\"},\"primaryImageOfPage\":{\"@id\":\"https:\/\/www.matrix4design.com\/it\/design\/desiree-il-divano-ludwig-e-un-sistema-di-sedute\/#primaryimage\"},\"image\":{\"@id\":\"https:\/\/www.matrix4design.com\/it\/design\/desiree-il-divano-ludwig-e-un-sistema-di-sedute\/#primaryimage\"},\"thumbnailUrl\":\"https:\/\/www.matrix4design.com\/wp-content\/uploads\/2020\/04\/Ludwig_1-MR.jpg\",\"datePublished\":\"2020-04-30T08:00:48+00:00\",\"description\":\"Concettuale e innovativo, il nuovo divano Ludwig di D\u00e9sir\u00e9e si ispira alle idee progettuali nate in Europa centrale dopo la Prima Guerra Mondiale.\",\"breadcrumb\":{\"@id\":\"https:\/\/www.matrix4design.com\/it\/design\/desiree-il-divano-ludwig-e-un-sistema-di-sedute\/#breadcrumb\"},\"inLanguage\":\"it-IT\",\"potentialAction\":[{\"@type\":\"ReadAction\",\"target\":[\"https:\/\/www.matrix4design.com\/it\/design\/desiree-il-divano-ludwig-e-un-sistema-di-sedute\/\"]}]},{\"@type\":\"ImageObject\",\"inLanguage\":\"it-IT\",\"@id\":\"https:\/\/www.matrix4design.com\/it\/design\/desiree-il-divano-ludwig-e-un-sistema-di-sedute\/#primaryimage\",\"url\":\"https:\/\/www.matrix4design.com\/wp-content\/uploads\/2020\/04\/Ludwig_1-MR.jpg\",\"contentUrl\":\"https:\/\/www.matrix4design.com\/wp-content\/uploads\/2020\/04\/Ludwig_1-MR.jpg\",\"width\":1200,\"height\":711},{\"@type\":\"BreadcrumbList\",\"@id\":\"https:\/\/www.matrix4design.com\/it\/design\/desiree-il-divano-ludwig-e-un-sistema-di-sedute\/#breadcrumb\",\"itemListElement\":[{\"@type\":\"ListItem\",\"position\":1,\"name\":\"Home\",\"item\":\"https:\/\/www.matrix4design.com\/it\/\"},{\"@type\":\"ListItem\",\"position\":2,\"name\":\"D\u00e9sir\u00e9e, il divano Ludwig \u00e8 un sistema di sedute\"}]},{\"@type\":\"WebSite\",\"@id\":\"https:\/\/www.matrix4design.com\/it\/#website\",\"url\":\"https:\/\/www.matrix4design.com\/it\/\",\"name\":\"Matrix4Design\",\"description\":\"Digital architecture and design b2b magazine\",\"publisher\":{\"@id\":\"https:\/\/www.matrix4design.com\/it\/#organization\"},\"potentialAction\":[{\"@type\":\"SearchAction\",\"target\":{\"@type\":\"EntryPoint\",\"urlTemplate\":\"https:\/\/www.matrix4design.com\/it\/?s={search_term_string}\"},\"query-input\":{\"@type\":\"PropertyValueSpecification\",\"valueRequired\":true,\"valueName\":\"search_term_string\"}}],\"inLanguage\":\"it-IT\"},{\"@type\":\"Organization\",\"@id\":\"https:\/\/www.matrix4design.com\/it\/#organization\",\"name\":\"Matrix4Design\",\"url\":\"https:\/\/www.matrix4design.com\/it\/\",\"logo\":{\"@type\":\"ImageObject\",\"inLanguage\":\"it-IT\",\"@id\":\"https:\/\/www.matrix4design.com\/it\/#\/schema\/logo\/image\/\",\"url\":\"https:\/\/www.matrix4design.com\/wp-content\/uploads\/2020\/04\/logo_matrix4design.png\",\"contentUrl\":\"https:\/\/www.matrix4design.com\/wp-content\/uploads\/2020\/04\/logo_matrix4design.png\",\"width\":804,\"height\":114,\"caption\":\"Matrix4Design\"},\"image\":{\"@id\":\"https:\/\/www.matrix4design.com\/it\/#\/schema\/logo\/image\/\"},\"sameAs\":[\"https:\/\/www.facebook.com\/matrix4designmagazine\/\",\"https:\/\/www.instagram.com\/matrix4designmagazine\/\",\"https:\/\/www.youtube.com\/channel\/UCtuhSSrP3MOO_URZgv8mQ1A\"]},{\"@type\":\"Person\",\"@id\":\"https:\/\/www.matrix4design.com\/it\/#\/schema\/person\/b2b6dd48f9d6892ca224742379951fa1\",\"name\":\"Redazione\",\"image\":{\"@type\":\"ImageObject\",\"inLanguage\":\"it-IT\",\"@id\":\"https:\/\/www.matrix4design.com\/it\/#\/schema\/person\/image\/\",\"url\":\"https:\/\/www.matrix4design.com\/wp-content\/uploads\/2023\/01\/logo_M4D_2023-96x96.jpg\",\"contentUrl\":\"https:\/\/www.matrix4design.com\/wp-content\/uploads\/2023\/01\/logo_M4D_2023-96x96.jpg\",\"caption\":\"Redazione\"},\"url\":\"https:\/\/www.matrix4design.com\/it\/author\/redazione\/\"}]}<\/script>\n<!-- \/ Yoast SEO plugin. -->","yoast_head_json":{"title":"D\u00e9sir\u00e9e, il divano Ludwig diventa un sistema di sedute","description":"Concettuale e innovativo, il nuovo divano Ludwig di D\u00e9sir\u00e9e si ispira alle idee progettuali nate in Europa centrale dopo la Prima Guerra Mondiale.","robots":{"index":"index","follow":"follow","max-snippet":"max-snippet:-1","max-image-preview":"max-image-preview:large","max-video-preview":"max-video-preview:-1"},"canonical":"https:\/\/www.matrix4design.com\/it\/design\/desiree-il-divano-ludwig-e-un-sistema-di-sedute\/","og_locale":"it_IT","og_type":"article","og_title":"D\u00e9sir\u00e9e, il divano Ludwig diventa un sistema di sedute","og_description":"Concettuale e innovativo, il nuovo divano Ludwig di D\u00e9sir\u00e9e si ispira alle idee progettuali nate in Europa centrale dopo la Prima Guerra Mondiale.","og_url":"https:\/\/www.matrix4design.com\/it\/design\/desiree-il-divano-ludwig-e-un-sistema-di-sedute\/","og_site_name":"Matrix4Design","article_publisher":"https:\/\/www.facebook.com\/matrix4designmagazine\/","article_published_time":"2020-04-30T08:00:48+00:00","og_image":[{"width":1200,"height":711,"url":"https:\/\/www.matrix4design.com\/wp-content\/uploads\/2020\/04\/Ludwig_1-MR.jpg","type":"image\/jpeg"}],"author":"Redazione","twitter_card":"summary_large_image","twitter_misc":{"Scritto da":"Redazione","Tempo di lettura stimato":"2 minuti"},"schema":{"@context":"https:\/\/schema.org","@graph":[{"@type":"Article","@id":"https:\/\/www.matrix4design.com\/it\/design\/desiree-il-divano-ludwig-e-un-sistema-di-sedute\/#article","isPartOf":{"@id":"https:\/\/www.matrix4design.com\/it\/design\/desiree-il-divano-ludwig-e-un-sistema-di-sedute\/"},"author":{"name":"Redazione","@id":"https:\/\/www.matrix4design.com\/it\/#\/schema\/person\/b2b6dd48f9d6892ca224742379951fa1"},"headline":"D\u00e9sir\u00e9e, il divano Ludwig \u00e8 un sistema di sedute","datePublished":"2020-04-30T08:00:48+00:00","mainEntityOfPage":{"@id":"https:\/\/www.matrix4design.com\/it\/design\/desiree-il-divano-ludwig-e-un-sistema-di-sedute\/"},"wordCount":336,"publisher":{"@id":"https:\/\/www.matrix4design.com\/it\/#organization"},"image":{"@id":"https:\/\/www.matrix4design.com\/it\/design\/desiree-il-divano-ludwig-e-un-sistema-di-sedute\/#primaryimage"},"thumbnailUrl":"https:\/\/www.matrix4design.com\/wp-content\/uploads\/2020\/04\/Ludwig_1-MR.jpg","articleSection":["Design","Design home","Featured"],"inLanguage":"it-IT"},{"@type":"WebPage","@id":"https:\/\/www.matrix4design.com\/it\/design\/desiree-il-divano-ludwig-e-un-sistema-di-sedute\/","url":"https:\/\/www.matrix4design.com\/it\/design\/desiree-il-divano-ludwig-e-un-sistema-di-sedute\/","name":"D\u00e9sir\u00e9e, il divano Ludwig diventa un sistema di sedute","isPartOf":{"@id":"https:\/\/www.matrix4design.com\/it\/#website"},"primaryImageOfPage":{"@id":"https:\/\/www.matrix4design.com\/it\/design\/desiree-il-divano-ludwig-e-un-sistema-di-sedute\/#primaryimage"},"image":{"@id":"https:\/\/www.matrix4design.com\/it\/design\/desiree-il-divano-ludwig-e-un-sistema-di-sedute\/#primaryimage"},"thumbnailUrl":"https:\/\/www.matrix4design.com\/wp-content\/uploads\/2020\/04\/Ludwig_1-MR.jpg","datePublished":"2020-04-30T08:00:48+00:00","description":"Concettuale e innovativo, il nuovo divano Ludwig di D\u00e9sir\u00e9e si ispira alle idee progettuali nate in Europa centrale dopo la Prima Guerra Mondiale.","breadcrumb":{"@id":"https:\/\/www.matrix4design.com\/it\/design\/desiree-il-divano-ludwig-e-un-sistema-di-sedute\/#breadcrumb"},"inLanguage":"it-IT","potentialAction":[{"@type":"ReadAction","target":["https:\/\/www.matrix4design.com\/it\/design\/desiree-il-divano-ludwig-e-un-sistema-di-sedute\/"]}]},{"@type":"ImageObject","inLanguage":"it-IT","@id":"https:\/\/www.matrix4design.com\/it\/design\/desiree-il-divano-ludwig-e-un-sistema-di-sedute\/#primaryimage","url":"https:\/\/www.matrix4design.com\/wp-content\/uploads\/2020\/04\/Ludwig_1-MR.jpg","contentUrl":"https:\/\/www.matrix4design.com\/wp-content\/uploads\/2020\/04\/Ludwig_1-MR.jpg","width":1200,"height":711},{"@type":"BreadcrumbList","@id":"https:\/\/www.matrix4design.com\/it\/design\/desiree-il-divano-ludwig-e-un-sistema-di-sedute\/#breadcrumb","itemListElement":[{"@type":"ListItem","position":1,"name":"Home","item":"https:\/\/www.matrix4design.com\/it\/"},{"@type":"ListItem","position":2,"name":"D\u00e9sir\u00e9e, il divano Ludwig \u00e8 un sistema di sedute"}]},{"@type":"WebSite","@id":"https:\/\/www.matrix4design.com\/it\/#website","url":"https:\/\/www.matrix4design.com\/it\/","name":"Matrix4Design","description":"Digital architecture and design b2b magazine","publisher":{"@id":"https:\/\/www.matrix4design.com\/it\/#organization"},"potentialAction":[{"@type":"SearchAction","target":{"@type":"EntryPoint","urlTemplate":"https:\/\/www.matrix4design.com\/it\/?s={search_term_string}"},"query-input":{"@type":"PropertyValueSpecification","valueRequired":true,"valueName":"search_term_string"}}],"inLanguage":"it-IT"},{"@type":"Organization","@id":"https:\/\/www.matrix4design.com\/it\/#organization","name":"Matrix4Design","url":"https:\/\/www.matrix4design.com\/it\/","logo":{"@type":"ImageObject","inLanguage":"it-IT","@id":"https:\/\/www.matrix4design.com\/it\/#\/schema\/logo\/image\/","url":"https:\/\/www.matrix4design.com\/wp-content\/uploads\/2020\/04\/logo_matrix4design.png","contentUrl":"https:\/\/www.matrix4design.com\/wp-content\/uploads\/2020\/04\/logo_matrix4design.png","width":804,"height":114,"caption":"Matrix4Design"},"image":{"@id":"https:\/\/www.matrix4design.com\/it\/#\/schema\/logo\/image\/"},"sameAs":["https:\/\/www.facebook.com\/matrix4designmagazine\/","https:\/\/www.instagram.com\/matrix4designmagazine\/","https:\/\/www.youtube.com\/channel\/UCtuhSSrP3MOO_URZgv8mQ1A"]},{"@type":"Person","@id":"https:\/\/www.matrix4design.com\/it\/#\/schema\/person\/b2b6dd48f9d6892ca224742379951fa1","name":"Redazione","image":{"@type":"ImageObject","inLanguage":"it-IT","@id":"https:\/\/www.matrix4design.com\/it\/#\/schema\/person\/image\/","url":"https:\/\/www.matrix4design.com\/wp-content\/uploads\/2023\/01\/logo_M4D_2023-96x96.jpg","contentUrl":"https:\/\/www.matrix4design.com\/wp-content\/uploads\/2023\/01\/logo_M4D_2023-96x96.jpg","caption":"Redazione"},"url":"https:\/\/www.matrix4design.com\/it\/author\/redazione\/"}]}},"_links":{"self":[{"href":"https:\/\/www.matrix4design.com\/it\/wp-json\/wp\/v2\/posts\/67661","targetHints":{"allow":["GET"]}}],"collection":[{"href":"https:\/\/www.matrix4design.com\/it\/wp-json\/wp\/v2\/posts"}],"about":[{"href":"https:\/\/www.matrix4design.com\/it\/wp-json\/wp\/v2\/types\/post"}],"author":[{"embeddable":true,"href":"https:\/\/www.matrix4design.com\/it\/wp-json\/wp\/v2\/users\/6"}],"replies":[{"embeddable":true,"href":"https:\/\/www.matrix4design.com\/it\/wp-json\/wp\/v2\/comments?post=67661"}],"version-history":[{"count":2,"href":"https:\/\/www.matrix4design.com\/it\/wp-json\/wp\/v2\/posts\/67661\/revisions"}],"predecessor-version":[{"id":67668,"href":"https:\/\/www.matrix4design.com\/it\/wp-json\/wp\/v2\/posts\/67661\/revisions\/67668"}],"wp:featuredmedia":[{"embeddable":true,"href":"https:\/\/www.matrix4design.com\/it\/wp-json\/wp\/v2\/media\/67662"}],"wp:attachment":[{"href":"https:\/\/www.matrix4design.com\/it\/wp-json\/wp\/v2\/media?parent=67661"}],"wp:term":[{"taxonomy":"category","embeddable":true,"href":"https:\/\/www.matrix4design.com\/it\/wp-json\/wp\/v2\/categories?post=67661"},{"taxonomy":"post_tag","embeddable":true,"href":"https:\/\/www.matrix4design.com\/it\/wp-json\/wp\/v2\/tags?post=67661"}],"curies":[{"name":"wp","href":"https:\/\/api.w.org\/{rel}","templated":true}]}}