{"id":69991,"date":"2020-07-28T12:00:44","date_gmt":"2020-07-28T10:00:44","guid":{"rendered":"https:\/\/www.matrix4design.com\/?p=69991"},"modified":"2023-02-03T12:05:37","modified_gmt":"2023-02-03T11:05:37","slug":"eleganza-e-fantasia-il-progetto-secondo-andrea-auletta","status":"publish","type":"post","link":"https:\/\/www.matrix4design.com\/it\/dontstopdesign\/eleganza-e-fantasia-il-progetto-secondo-andrea-auletta\/","title":{"rendered":"Eleganza e fantasia: il progetto secondo Andrea Auletta"},"content":{"rendered":"<p>&nbsp;<\/p>\n<p>Milanese d\u2019origine e italianissimo nella creativit\u00e0 e nello stile, per <a href=\"http:\/\/andreaauletta.net\/\" target=\"_blank\" rel=\"noopener noreferrer\"><strong>Andrea Auletta<\/strong><\/a> l\u2019interior design non \u00e8 semplicemente un lavoro ma una vera e propria vocazione, che comincia con i due anni trascorsi nello studio di Andrea Branzi da ragazzo e prosegue con esperienze progettuali di alto profilo in Italia e all\u2019estero, spaziando dal settore residenziale all\u2019hospitality e collaborando con importanti committenti, uno tra tutti: il Gruppo Starhotels. Appassionato di Made in Italy e attento a curare ogni progetto fin nel minimo dettaglio, spesso disegnando lui stesso mobili, decorazioni e complementi, Auletta ama non ripetersi mai: di fronte a lui c\u2019\u00e8 sempre un foglio bianco, da riempire lavorando a stretto contatto con la committenza per dare vita ogni volta a spazi nuovi, capaci di interpretare l\u2019identit\u00e0 di un luogo e lo spirito del tempo. Lo abbiamo incontrato nel suo studio a Milano, dove i raggi del sole fluiscono a cascata dal soffitto, illuminando un mondo progettuale fatto di eleganza, inventiva e fantasia.<\/p>\n<figure id=\"attachment_69993\" aria-describedby=\"caption-attachment-69993\" style=\"width: 1024px\" class=\"wp-caption aligncenter\"><img loading=\"lazy\" decoding=\"async\" class=\"size-large wp-image-69993\" src=\"https:\/\/www.matrix4design.com\/wp-content\/uploads\/2020\/07\/Appartamento-in-Brera-by-Andrea-Auletta-6-1024x726.jpg\" alt=\"\" width=\"1024\" height=\"726\" srcset=\"https:\/\/www.matrix4design.com\/wp-content\/uploads\/2020\/07\/Appartamento-in-Brera-by-Andrea-Auletta-6-1024x726.jpg 1024w, https:\/\/www.matrix4design.com\/wp-content\/uploads\/2020\/07\/Appartamento-in-Brera-by-Andrea-Auletta-6-300x213.jpg 300w, https:\/\/www.matrix4design.com\/wp-content\/uploads\/2020\/07\/Appartamento-in-Brera-by-Andrea-Auletta-6-768x544.jpg 768w, https:\/\/www.matrix4design.com\/wp-content\/uploads\/2020\/07\/Appartamento-in-Brera-by-Andrea-Auletta-6-1536x1089.jpg 1536w, https:\/\/www.matrix4design.com\/wp-content\/uploads\/2020\/07\/Appartamento-in-Brera-by-Andrea-Auletta-6.jpg 1600w\" sizes=\"auto, (max-width: 1024px) 100vw, 1024px\" \/><figcaption id=\"caption-attachment-69993\" class=\"wp-caption-text\">Appartamento privato in Brera<\/figcaption><\/figure>\n<p><strong>Sulla base di quali elementi si innesca il processo creativo che conduce alla realizzazione dei suoi progetti?<\/strong><\/p>\n<p>L\u2019elemento principale da cui parto per la realizzazione di un progetto \u00e8 senza dubbio il contesto: analizzo a fondo il luogo in cui mi trovo e l\u2019edificio su cui intervengo. In generale mi piace valorizzare la location, magari conservando alcuni elementi che ritengo belli o identitari per metterli in relazione con il nuovo.<\/p>\n<p>Un\u2019altra variabile fondamentale \u00e8 rappresentata dalla committenza: se si tratta di un progetto residenziale privato, ascolto attentamente le esigenze del committente, mentre se si tratta di un progetto hospitality presto molta attenzione anche al target di clienti a cui si rivolge la struttura, che pu\u00f2 essere per esempio pi\u00f9 orientata al <em>business<\/em> o al<em> leisure<\/em>.<\/p>\n<figure id=\"attachment_69994\" aria-describedby=\"caption-attachment-69994\" style=\"width: 1024px\" class=\"wp-caption aligncenter\"><img loading=\"lazy\" decoding=\"async\" class=\"size-large wp-image-69994\" src=\"https:\/\/www.matrix4design.com\/wp-content\/uploads\/2020\/07\/Common-Area-Il-Tornabuoni-Hotel-by-Andrea-Auletta-33-1024x630.jpeg\" alt=\"\" width=\"1024\" height=\"630\" srcset=\"https:\/\/www.matrix4design.com\/wp-content\/uploads\/2020\/07\/Common-Area-Il-Tornabuoni-Hotel-by-Andrea-Auletta-33-1024x630.jpeg 1024w, https:\/\/www.matrix4design.com\/wp-content\/uploads\/2020\/07\/Common-Area-Il-Tornabuoni-Hotel-by-Andrea-Auletta-33-300x185.jpeg 300w, https:\/\/www.matrix4design.com\/wp-content\/uploads\/2020\/07\/Common-Area-Il-Tornabuoni-Hotel-by-Andrea-Auletta-33-768x472.jpeg 768w, https:\/\/www.matrix4design.com\/wp-content\/uploads\/2020\/07\/Common-Area-Il-Tornabuoni-Hotel-by-Andrea-Auletta-33-1536x945.jpeg 1536w, https:\/\/www.matrix4design.com\/wp-content\/uploads\/2020\/07\/Common-Area-Il-Tornabuoni-Hotel-by-Andrea-Auletta-33.jpeg 1600w\" sizes=\"auto, (max-width: 1024px) 100vw, 1024px\" \/><figcaption id=\"caption-attachment-69994\" class=\"wp-caption-text\">Tornabuoni Hotel<\/figcaption><\/figure>\n<p><strong>Nel corso della sua carriera ha maturato un\u2019importante esperienza nei settori dell\u2019hospitality e dell\u2019hotellerie, che comincia con la collaborazione con il Gruppo Starhotels e prosegue da anni con grandi progetti in Italia e all\u2019estero. Qual \u00e8 secondo lei oggi il significato della parola accoglienza? Quali sono gli elementi che non devono mancare nella progettazione di un hotel davvero contemporaneo?<\/strong><\/p>\n<p>Credo che innanzitutto, per quanto riguarda il mondo<em> hospitality<\/em>, sia necessario distinguere tra il prodotto e il servizio, entrambi parte integrante dell\u2019esperienza del cliente. Io penso che il servizio vinca sempre sul prodotto: se l\u2019albergo \u00e8 <em>fan\u00e9 <\/em>ma offre un servizio strepitoso, il cliente si trover\u00e0 bene e vorr\u00e0 tornare; al contrario, se l\u2019albergo \u00e8 esteticamente perfetto ma il servizio \u00e8 mediocre, l\u2019esperienza non sar\u00e0 altrettanto soddisfacente. Pi\u00f9 in generale ritengo che sia il fattore umano a fare la differenza in termini di accoglienza.<\/p>\n<p>Detto questo, il prodotto, cio\u00e8 la struttura, contribuisce certamente a regalare un\u2019esperienza positiva, creando una sorta di micro-universo capace di raccontare una storia. Parlando concretamente, io resto poi affezionato alla vecchia regola delle tre B: Bed, Bathroom e Breakfast. Un letto super confortevole, un bagno bello, funzionale e ben illuminato e infine un\u2019ottima colazione sono elementi che non devono mai mancare in un progetto hospitality che si rispetti.<\/p>\n<figure id=\"attachment_69996\" aria-describedby=\"caption-attachment-69996\" style=\"width: 1024px\" class=\"wp-caption aligncenter\"><img loading=\"lazy\" decoding=\"async\" class=\"size-large wp-image-69996\" src=\"https:\/\/www.matrix4design.com\/wp-content\/uploads\/2020\/07\/Starhotels-Echo_Mi_Deluxe-View-by-Andrea-Auletta-6-1024x683.jpg\" alt=\"\" width=\"1024\" height=\"683\" srcset=\"https:\/\/www.matrix4design.com\/wp-content\/uploads\/2020\/07\/Starhotels-Echo_Mi_Deluxe-View-by-Andrea-Auletta-6-1024x683.jpg 1024w, https:\/\/www.matrix4design.com\/wp-content\/uploads\/2020\/07\/Starhotels-Echo_Mi_Deluxe-View-by-Andrea-Auletta-6-300x200.jpg 300w, https:\/\/www.matrix4design.com\/wp-content\/uploads\/2020\/07\/Starhotels-Echo_Mi_Deluxe-View-by-Andrea-Auletta-6-768x512.jpg 768w, https:\/\/www.matrix4design.com\/wp-content\/uploads\/2020\/07\/Starhotels-Echo_Mi_Deluxe-View-by-Andrea-Auletta-6-1536x1024.jpg 1536w, https:\/\/www.matrix4design.com\/wp-content\/uploads\/2020\/07\/Starhotels-Echo_Mi_Deluxe-View-by-Andrea-Auletta-6.jpg 1600w\" sizes=\"auto, (max-width: 1024px) 100vw, 1024px\" \/><figcaption id=\"caption-attachment-69996\" class=\"wp-caption-text\">Starhotels E.cho<\/figcaption><\/figure>\n<p><strong>Qual \u00e8 il suo rapporto con il Made in Italy? Il design italiano \u00e8 ancora una risorsa imprescindibile per l\u2019architetto?<\/strong><\/p>\n<p>Nei miei progetti il Made in Italy \u00e8 fondamentale. Che io lavori in Italia, a Londra, a Parigi o a New York, porto sempre con me il design italiano. Non rinuncio al valore unico delle nostre aziende e dei nostri artigiani, il cui livello \u00e8 superiore sotto tutti i punti di vista rispetto alle proposte che provengono dal resto del mondo.<\/p>\n<figure id=\"attachment_69995\" aria-describedby=\"caption-attachment-69995\" style=\"width: 1024px\" class=\"wp-caption aligncenter\"><img loading=\"lazy\" decoding=\"async\" class=\"size-large wp-image-69995\" src=\"https:\/\/www.matrix4design.com\/wp-content\/uploads\/2020\/07\/Le-Massif_Hotel-Fa\u00e7ade_By-Night_by-Andrea-Auletta-1024x694.jpg\" alt=\"\" width=\"1024\" height=\"694\" srcset=\"https:\/\/www.matrix4design.com\/wp-content\/uploads\/2020\/07\/Le-Massif_Hotel-Fa\u00e7ade_By-Night_by-Andrea-Auletta-1024x694.jpg 1024w, https:\/\/www.matrix4design.com\/wp-content\/uploads\/2020\/07\/Le-Massif_Hotel-Fa\u00e7ade_By-Night_by-Andrea-Auletta-300x203.jpg 300w, https:\/\/www.matrix4design.com\/wp-content\/uploads\/2020\/07\/Le-Massif_Hotel-Fa\u00e7ade_By-Night_by-Andrea-Auletta-768x521.jpg 768w, https:\/\/www.matrix4design.com\/wp-content\/uploads\/2020\/07\/Le-Massif_Hotel-Fa\u00e7ade_By-Night_by-Andrea-Auletta-1536x1042.jpg 1536w, https:\/\/www.matrix4design.com\/wp-content\/uploads\/2020\/07\/Le-Massif_Hotel-Fa\u00e7ade_By-Night_by-Andrea-Auletta.jpg 1600w\" sizes=\"auto, (max-width: 1024px) 100vw, 1024px\" \/><figcaption id=\"caption-attachment-69995\" class=\"wp-caption-text\">Le Massif Hotel<\/figcaption><\/figure>\n<p><strong>Nei suoi progetti, come si relaziona al tema attualissimo della sostenibilit\u00e0? Il lavoro che ha svolto nel caso dell\u2019hotel milanese E.c.ho di Starhotels \u00e8 emblematico da questo punto di vista.<\/strong><\/p>\n<p>Oggi la sostenibilit\u00e0 \u00e8 un tema fondamentale, soprattutto quando si parla di alberghi. Gli alberghi infatti sono divoratori di energia perch\u00e9 sono aperti 365 giorni l\u2019anno 24 ore su 24. L\u2019obiettivo di E.c.ho a Milano era proprio quello di creare un concept di albergo davvero sostenibile. Questo significa applicare i principi della sostenibilit\u00e0 non soltanto attraverso l\u2019uso dei pannelli fotovoltaici all\u2019esterno e della tecnologia all\u2019interno, ma anche scegliere materiali ecologici, provenienti da una filiera controllata (\u00e8 il caso per esempio della moquette in filati riciclati), ridurre il pi\u00f9 possibile la necessit\u00e0 di manutenzione e gli sprechi, favorire il ricircolo delle acque saponose, eccetera. Ogni anno si presentano soluzioni nuove, che \u00e8 doveroso adottare. Certo, all\u2019inizio progettare sostenibile ha un costo maggiore, ma poi, oltre alla soddisfazione etica, il ritorno nell\u2019investimento \u00e8 incomparabile.<\/p>\n<figure id=\"attachment_69997\" aria-describedby=\"caption-attachment-69997\" style=\"width: 1024px\" class=\"wp-caption aligncenter\"><img loading=\"lazy\" decoding=\"async\" class=\"size-large wp-image-69997\" src=\"https:\/\/www.matrix4design.com\/wp-content\/uploads\/2020\/07\/Silva-International-by-Andrea-Auletta-2-1024x768.jpg\" alt=\"\" width=\"1024\" height=\"768\" srcset=\"https:\/\/www.matrix4design.com\/wp-content\/uploads\/2020\/07\/Silva-International-by-Andrea-Auletta-2-1024x768.jpg 1024w, https:\/\/www.matrix4design.com\/wp-content\/uploads\/2020\/07\/Silva-International-by-Andrea-Auletta-2-300x225.jpg 300w, https:\/\/www.matrix4design.com\/wp-content\/uploads\/2020\/07\/Silva-International-by-Andrea-Auletta-2-768x576.jpg 768w, https:\/\/www.matrix4design.com\/wp-content\/uploads\/2020\/07\/Silva-International-by-Andrea-Auletta-2-1536x1152.jpg 1536w, https:\/\/www.matrix4design.com\/wp-content\/uploads\/2020\/07\/Silva-International-by-Andrea-Auletta-2.jpg 1600w\" sizes=\"auto, (max-width: 1024px) 100vw, 1024px\" \/><figcaption id=\"caption-attachment-69997\" class=\"wp-caption-text\">Silva International<\/figcaption><\/figure>\n<p><strong>A quali progetti sta lavorando in questo momento? Quali novit\u00e0 dobbiamo aspettarci nel prossimo futuro?<\/strong><\/p>\n<p>Al momento sto concludendo il lavoro per l\u2019Hotel Tornabuoni di Firenze, un Cinque Stelle nella centralissima Via Tornabuoni che sar\u00e0 inaugurato a ottobre e prevede 63 camere, due ristoranti, un bar. Si tratta di un progetto nuovo per Firenze, perch\u00e9 propone un\u2019esperienza dentro la citt\u00e0 nella quale alcuni elementi e materiali richiamano l\u2019ambientazione fiorentina ma coesistono con caratteristiche nuove e sorprendenti, per esempio l\u2019uso del colore, il disegno dei tessuti e delle carte da parati.<\/p>\n<p>Ci sono poi anche altri progetti in evoluzione: per esempio, due nuovi alberghi su Roma, uno a Torino e un innovativo progetto residenziale a Milano dotato di spazi co-working, palestra, aree delivery e lounge condivise. In questi casi i tempi di realizzazione sono un po\u2019 pi\u00f9 lunghi ma conto che avremo modo di riparlarne presto.<\/p>\n","protected":false},"excerpt":{"rendered":"<p>&nbsp; Milanese d\u2019origine e italianissimo nella creativit\u00e0 e nello stile, per Andrea Auletta l\u2019interior design non \u00e8 semplicemente un lavoro ma una vera e propria vocazione, che comincia con i due anni trascorsi nello studio di Andrea Branzi da ragazzo e prosegue con esperienze progettuali di alto profilo in Italia e all\u2019estero, spaziando dal settore [&hellip;]<\/p>\n","protected":false},"author":31,"featured_media":69992,"comment_status":"closed","ping_status":"closed","sticky":false,"template":"","format":"standard","meta":{"_acf_changed":false,"footnotes":""},"categories":[421,366,418,368,379],"tags":[],"class_list":{"0":"post-69991","1":"post","2":"type-post","3":"status-publish","4":"format-standard","5":"has-post-thumbnail","7":"category-dontstopdesign","8":"category-design","9":"category-design-home","10":"category-featured","11":"category-focus-home"},"acf":[],"yoast_head":"<!-- This site is optimized with the Yoast SEO plugin v27.0 - https:\/\/yoast.com\/product\/yoast-seo-wordpress\/ -->\n<title>Eleganza e fantasia: il progetto secondo Andrea Auletta<\/title>\n<meta name=\"description\" content=\"La nostra intervista esclusiva all\u2019interior designer milanese Andrea Auletta, alla scoperta del suo stile e del suo lavoro.\" \/>\n<meta name=\"robots\" content=\"index, follow, max-snippet:-1, max-image-preview:large, max-video-preview:-1\" \/>\n<link rel=\"canonical\" href=\"https:\/\/www.matrix4design.com\/it\/dontstopdesign\/eleganza-e-fantasia-il-progetto-secondo-andrea-auletta\/\" \/>\n<meta property=\"og:locale\" content=\"it_IT\" \/>\n<meta property=\"og:type\" content=\"article\" \/>\n<meta property=\"og:title\" content=\"Eleganza e fantasia: il progetto secondo Andrea Auletta\" \/>\n<meta property=\"og:description\" content=\"La nostra intervista esclusiva all\u2019interior designer milanese Andrea Auletta, alla scoperta del suo stile e del suo lavoro.\" \/>\n<meta property=\"og:url\" content=\"https:\/\/www.matrix4design.com\/it\/dontstopdesign\/eleganza-e-fantasia-il-progetto-secondo-andrea-auletta\/\" \/>\n<meta property=\"og:site_name\" content=\"Matrix4Design\" \/>\n<meta property=\"article:publisher\" content=\"https:\/\/www.facebook.com\/matrix4designmagazine\/\" \/>\n<meta property=\"article:published_time\" content=\"2020-07-28T10:00:44+00:00\" \/>\n<meta property=\"article:modified_time\" content=\"2023-02-03T11:05:37+00:00\" \/>\n<meta property=\"og:image\" content=\"https:\/\/www.matrix4design.com\/wp-content\/uploads\/2020\/07\/Andrea-Auletta-Portrait-3.jpeg\" \/>\n\t<meta property=\"og:image:width\" content=\"1056\" \/>\n\t<meta property=\"og:image:height\" content=\"1083\" \/>\n\t<meta property=\"og:image:type\" content=\"image\/jpeg\" \/>\n<meta name=\"author\" content=\"Giulia Guerra\" \/>\n<meta name=\"twitter:card\" content=\"summary_large_image\" \/>\n<meta name=\"twitter:label1\" content=\"Scritto da\" \/>\n\t<meta name=\"twitter:data1\" content=\"Giulia Guerra\" \/>\n\t<meta name=\"twitter:label2\" content=\"Tempo di lettura stimato\" \/>\n\t<meta name=\"twitter:data2\" content=\"5 minuti\" \/>\n<script type=\"application\/ld+json\" class=\"yoast-schema-graph\">{\"@context\":\"https:\/\/schema.org\",\"@graph\":[{\"@type\":\"Article\",\"@id\":\"https:\/\/www.matrix4design.com\/it\/dontstopdesign\/eleganza-e-fantasia-il-progetto-secondo-andrea-auletta\/#article\",\"isPartOf\":{\"@id\":\"https:\/\/www.matrix4design.com\/it\/dontstopdesign\/eleganza-e-fantasia-il-progetto-secondo-andrea-auletta\/\"},\"author\":{\"name\":\"Giulia Guerra\",\"@id\":\"https:\/\/www.matrix4design.com\/it\/#\/schema\/person\/9904de51b5d381af5b1b998563d3adfe\"},\"headline\":\"Eleganza e fantasia: il progetto secondo Andrea Auletta\",\"datePublished\":\"2020-07-28T10:00:44+00:00\",\"dateModified\":\"2023-02-03T11:05:37+00:00\",\"mainEntityOfPage\":{\"@id\":\"https:\/\/www.matrix4design.com\/it\/dontstopdesign\/eleganza-e-fantasia-il-progetto-secondo-andrea-auletta\/\"},\"wordCount\":958,\"publisher\":{\"@id\":\"https:\/\/www.matrix4design.com\/it\/#organization\"},\"image\":{\"@id\":\"https:\/\/www.matrix4design.com\/it\/dontstopdesign\/eleganza-e-fantasia-il-progetto-secondo-andrea-auletta\/#primaryimage\"},\"thumbnailUrl\":\"https:\/\/www.matrix4design.com\/wp-content\/uploads\/2020\/07\/Andrea-Auletta-Portrait-3.jpeg\",\"articleSection\":[\"#dontstopdesign\",\"Design\",\"Design home\",\"Featured\",\"Focus home\"],\"inLanguage\":\"it-IT\"},{\"@type\":\"WebPage\",\"@id\":\"https:\/\/www.matrix4design.com\/it\/dontstopdesign\/eleganza-e-fantasia-il-progetto-secondo-andrea-auletta\/\",\"url\":\"https:\/\/www.matrix4design.com\/it\/dontstopdesign\/eleganza-e-fantasia-il-progetto-secondo-andrea-auletta\/\",\"name\":\"Eleganza e fantasia: il progetto secondo Andrea Auletta\",\"isPartOf\":{\"@id\":\"https:\/\/www.matrix4design.com\/it\/#website\"},\"primaryImageOfPage\":{\"@id\":\"https:\/\/www.matrix4design.com\/it\/dontstopdesign\/eleganza-e-fantasia-il-progetto-secondo-andrea-auletta\/#primaryimage\"},\"image\":{\"@id\":\"https:\/\/www.matrix4design.com\/it\/dontstopdesign\/eleganza-e-fantasia-il-progetto-secondo-andrea-auletta\/#primaryimage\"},\"thumbnailUrl\":\"https:\/\/www.matrix4design.com\/wp-content\/uploads\/2020\/07\/Andrea-Auletta-Portrait-3.jpeg\",\"datePublished\":\"2020-07-28T10:00:44+00:00\",\"dateModified\":\"2023-02-03T11:05:37+00:00\",\"description\":\"La nostra intervista esclusiva all\u2019interior designer milanese Andrea Auletta, alla scoperta del suo stile e del suo lavoro.\",\"breadcrumb\":{\"@id\":\"https:\/\/www.matrix4design.com\/it\/dontstopdesign\/eleganza-e-fantasia-il-progetto-secondo-andrea-auletta\/#breadcrumb\"},\"inLanguage\":\"it-IT\",\"potentialAction\":[{\"@type\":\"ReadAction\",\"target\":[\"https:\/\/www.matrix4design.com\/it\/dontstopdesign\/eleganza-e-fantasia-il-progetto-secondo-andrea-auletta\/\"]}]},{\"@type\":\"ImageObject\",\"inLanguage\":\"it-IT\",\"@id\":\"https:\/\/www.matrix4design.com\/it\/dontstopdesign\/eleganza-e-fantasia-il-progetto-secondo-andrea-auletta\/#primaryimage\",\"url\":\"https:\/\/www.matrix4design.com\/wp-content\/uploads\/2020\/07\/Andrea-Auletta-Portrait-3.jpeg\",\"contentUrl\":\"https:\/\/www.matrix4design.com\/wp-content\/uploads\/2020\/07\/Andrea-Auletta-Portrait-3.jpeg\",\"width\":1056,\"height\":1083},{\"@type\":\"BreadcrumbList\",\"@id\":\"https:\/\/www.matrix4design.com\/it\/dontstopdesign\/eleganza-e-fantasia-il-progetto-secondo-andrea-auletta\/#breadcrumb\",\"itemListElement\":[{\"@type\":\"ListItem\",\"position\":1,\"name\":\"Home\",\"item\":\"https:\/\/www.matrix4design.com\/it\/\"},{\"@type\":\"ListItem\",\"position\":2,\"name\":\"Eleganza e fantasia: il progetto secondo Andrea Auletta\"}]},{\"@type\":\"WebSite\",\"@id\":\"https:\/\/www.matrix4design.com\/it\/#website\",\"url\":\"https:\/\/www.matrix4design.com\/it\/\",\"name\":\"Matrix4Design\",\"description\":\"Digital architecture and design b2b magazine\",\"publisher\":{\"@id\":\"https:\/\/www.matrix4design.com\/it\/#organization\"},\"potentialAction\":[{\"@type\":\"SearchAction\",\"target\":{\"@type\":\"EntryPoint\",\"urlTemplate\":\"https:\/\/www.matrix4design.com\/it\/?s={search_term_string}\"},\"query-input\":{\"@type\":\"PropertyValueSpecification\",\"valueRequired\":true,\"valueName\":\"search_term_string\"}}],\"inLanguage\":\"it-IT\"},{\"@type\":\"Organization\",\"@id\":\"https:\/\/www.matrix4design.com\/it\/#organization\",\"name\":\"Matrix4Design\",\"url\":\"https:\/\/www.matrix4design.com\/it\/\",\"logo\":{\"@type\":\"ImageObject\",\"inLanguage\":\"it-IT\",\"@id\":\"https:\/\/www.matrix4design.com\/it\/#\/schema\/logo\/image\/\",\"url\":\"https:\/\/www.matrix4design.com\/wp-content\/uploads\/2020\/04\/logo_matrix4design.png\",\"contentUrl\":\"https:\/\/www.matrix4design.com\/wp-content\/uploads\/2020\/04\/logo_matrix4design.png\",\"width\":804,\"height\":114,\"caption\":\"Matrix4Design\"},\"image\":{\"@id\":\"https:\/\/www.matrix4design.com\/it\/#\/schema\/logo\/image\/\"},\"sameAs\":[\"https:\/\/www.facebook.com\/matrix4designmagazine\/\",\"https:\/\/www.instagram.com\/matrix4designmagazine\/\",\"https:\/\/www.youtube.com\/channel\/UCtuhSSrP3MOO_URZgv8mQ1A\"]},{\"@type\":\"Person\",\"@id\":\"https:\/\/www.matrix4design.com\/it\/#\/schema\/person\/9904de51b5d381af5b1b998563d3adfe\",\"name\":\"Giulia Guerra\",\"image\":{\"@type\":\"ImageObject\",\"inLanguage\":\"it-IT\",\"@id\":\"https:\/\/www.matrix4design.com\/it\/#\/schema\/person\/image\/\",\"url\":\"https:\/\/www.matrix4design.com\/wp-content\/uploads\/2023\/02\/logo_M4D_2023-96x96.jpg\",\"contentUrl\":\"https:\/\/www.matrix4design.com\/wp-content\/uploads\/2023\/02\/logo_M4D_2023-96x96.jpg\",\"caption\":\"Giulia Guerra\"},\"url\":\"https:\/\/www.matrix4design.com\/it\/author\/giuliag\/\"}]}<\/script>\n<!-- \/ Yoast SEO plugin. -->","yoast_head_json":{"title":"Eleganza e fantasia: il progetto secondo Andrea Auletta","description":"La nostra intervista esclusiva all\u2019interior designer milanese Andrea Auletta, alla scoperta del suo stile e del suo lavoro.","robots":{"index":"index","follow":"follow","max-snippet":"max-snippet:-1","max-image-preview":"max-image-preview:large","max-video-preview":"max-video-preview:-1"},"canonical":"https:\/\/www.matrix4design.com\/it\/dontstopdesign\/eleganza-e-fantasia-il-progetto-secondo-andrea-auletta\/","og_locale":"it_IT","og_type":"article","og_title":"Eleganza e fantasia: il progetto secondo Andrea Auletta","og_description":"La nostra intervista esclusiva all\u2019interior designer milanese Andrea Auletta, alla scoperta del suo stile e del suo lavoro.","og_url":"https:\/\/www.matrix4design.com\/it\/dontstopdesign\/eleganza-e-fantasia-il-progetto-secondo-andrea-auletta\/","og_site_name":"Matrix4Design","article_publisher":"https:\/\/www.facebook.com\/matrix4designmagazine\/","article_published_time":"2020-07-28T10:00:44+00:00","article_modified_time":"2023-02-03T11:05:37+00:00","og_image":[{"width":1056,"height":1083,"url":"https:\/\/www.matrix4design.com\/wp-content\/uploads\/2020\/07\/Andrea-Auletta-Portrait-3.jpeg","type":"image\/jpeg"}],"author":"Giulia Guerra","twitter_card":"summary_large_image","twitter_misc":{"Scritto da":"Giulia Guerra","Tempo di lettura stimato":"5 minuti"},"schema":{"@context":"https:\/\/schema.org","@graph":[{"@type":"Article","@id":"https:\/\/www.matrix4design.com\/it\/dontstopdesign\/eleganza-e-fantasia-il-progetto-secondo-andrea-auletta\/#article","isPartOf":{"@id":"https:\/\/www.matrix4design.com\/it\/dontstopdesign\/eleganza-e-fantasia-il-progetto-secondo-andrea-auletta\/"},"author":{"name":"Giulia Guerra","@id":"https:\/\/www.matrix4design.com\/it\/#\/schema\/person\/9904de51b5d381af5b1b998563d3adfe"},"headline":"Eleganza e fantasia: il progetto secondo Andrea Auletta","datePublished":"2020-07-28T10:00:44+00:00","dateModified":"2023-02-03T11:05:37+00:00","mainEntityOfPage":{"@id":"https:\/\/www.matrix4design.com\/it\/dontstopdesign\/eleganza-e-fantasia-il-progetto-secondo-andrea-auletta\/"},"wordCount":958,"publisher":{"@id":"https:\/\/www.matrix4design.com\/it\/#organization"},"image":{"@id":"https:\/\/www.matrix4design.com\/it\/dontstopdesign\/eleganza-e-fantasia-il-progetto-secondo-andrea-auletta\/#primaryimage"},"thumbnailUrl":"https:\/\/www.matrix4design.com\/wp-content\/uploads\/2020\/07\/Andrea-Auletta-Portrait-3.jpeg","articleSection":["#dontstopdesign","Design","Design home","Featured","Focus home"],"inLanguage":"it-IT"},{"@type":"WebPage","@id":"https:\/\/www.matrix4design.com\/it\/dontstopdesign\/eleganza-e-fantasia-il-progetto-secondo-andrea-auletta\/","url":"https:\/\/www.matrix4design.com\/it\/dontstopdesign\/eleganza-e-fantasia-il-progetto-secondo-andrea-auletta\/","name":"Eleganza e fantasia: il progetto secondo Andrea Auletta","isPartOf":{"@id":"https:\/\/www.matrix4design.com\/it\/#website"},"primaryImageOfPage":{"@id":"https:\/\/www.matrix4design.com\/it\/dontstopdesign\/eleganza-e-fantasia-il-progetto-secondo-andrea-auletta\/#primaryimage"},"image":{"@id":"https:\/\/www.matrix4design.com\/it\/dontstopdesign\/eleganza-e-fantasia-il-progetto-secondo-andrea-auletta\/#primaryimage"},"thumbnailUrl":"https:\/\/www.matrix4design.com\/wp-content\/uploads\/2020\/07\/Andrea-Auletta-Portrait-3.jpeg","datePublished":"2020-07-28T10:00:44+00:00","dateModified":"2023-02-03T11:05:37+00:00","description":"La nostra intervista esclusiva all\u2019interior designer milanese Andrea Auletta, alla scoperta del suo stile e del suo lavoro.","breadcrumb":{"@id":"https:\/\/www.matrix4design.com\/it\/dontstopdesign\/eleganza-e-fantasia-il-progetto-secondo-andrea-auletta\/#breadcrumb"},"inLanguage":"it-IT","potentialAction":[{"@type":"ReadAction","target":["https:\/\/www.matrix4design.com\/it\/dontstopdesign\/eleganza-e-fantasia-il-progetto-secondo-andrea-auletta\/"]}]},{"@type":"ImageObject","inLanguage":"it-IT","@id":"https:\/\/www.matrix4design.com\/it\/dontstopdesign\/eleganza-e-fantasia-il-progetto-secondo-andrea-auletta\/#primaryimage","url":"https:\/\/www.matrix4design.com\/wp-content\/uploads\/2020\/07\/Andrea-Auletta-Portrait-3.jpeg","contentUrl":"https:\/\/www.matrix4design.com\/wp-content\/uploads\/2020\/07\/Andrea-Auletta-Portrait-3.jpeg","width":1056,"height":1083},{"@type":"BreadcrumbList","@id":"https:\/\/www.matrix4design.com\/it\/dontstopdesign\/eleganza-e-fantasia-il-progetto-secondo-andrea-auletta\/#breadcrumb","itemListElement":[{"@type":"ListItem","position":1,"name":"Home","item":"https:\/\/www.matrix4design.com\/it\/"},{"@type":"ListItem","position":2,"name":"Eleganza e fantasia: il progetto secondo Andrea Auletta"}]},{"@type":"WebSite","@id":"https:\/\/www.matrix4design.com\/it\/#website","url":"https:\/\/www.matrix4design.com\/it\/","name":"Matrix4Design","description":"Digital architecture and design b2b magazine","publisher":{"@id":"https:\/\/www.matrix4design.com\/it\/#organization"},"potentialAction":[{"@type":"SearchAction","target":{"@type":"EntryPoint","urlTemplate":"https:\/\/www.matrix4design.com\/it\/?s={search_term_string}"},"query-input":{"@type":"PropertyValueSpecification","valueRequired":true,"valueName":"search_term_string"}}],"inLanguage":"it-IT"},{"@type":"Organization","@id":"https:\/\/www.matrix4design.com\/it\/#organization","name":"Matrix4Design","url":"https:\/\/www.matrix4design.com\/it\/","logo":{"@type":"ImageObject","inLanguage":"it-IT","@id":"https:\/\/www.matrix4design.com\/it\/#\/schema\/logo\/image\/","url":"https:\/\/www.matrix4design.com\/wp-content\/uploads\/2020\/04\/logo_matrix4design.png","contentUrl":"https:\/\/www.matrix4design.com\/wp-content\/uploads\/2020\/04\/logo_matrix4design.png","width":804,"height":114,"caption":"Matrix4Design"},"image":{"@id":"https:\/\/www.matrix4design.com\/it\/#\/schema\/logo\/image\/"},"sameAs":["https:\/\/www.facebook.com\/matrix4designmagazine\/","https:\/\/www.instagram.com\/matrix4designmagazine\/","https:\/\/www.youtube.com\/channel\/UCtuhSSrP3MOO_URZgv8mQ1A"]},{"@type":"Person","@id":"https:\/\/www.matrix4design.com\/it\/#\/schema\/person\/9904de51b5d381af5b1b998563d3adfe","name":"Giulia Guerra","image":{"@type":"ImageObject","inLanguage":"it-IT","@id":"https:\/\/www.matrix4design.com\/it\/#\/schema\/person\/image\/","url":"https:\/\/www.matrix4design.com\/wp-content\/uploads\/2023\/02\/logo_M4D_2023-96x96.jpg","contentUrl":"https:\/\/www.matrix4design.com\/wp-content\/uploads\/2023\/02\/logo_M4D_2023-96x96.jpg","caption":"Giulia Guerra"},"url":"https:\/\/www.matrix4design.com\/it\/author\/giuliag\/"}]}},"_links":{"self":[{"href":"https:\/\/www.matrix4design.com\/it\/wp-json\/wp\/v2\/posts\/69991","targetHints":{"allow":["GET"]}}],"collection":[{"href":"https:\/\/www.matrix4design.com\/it\/wp-json\/wp\/v2\/posts"}],"about":[{"href":"https:\/\/www.matrix4design.com\/it\/wp-json\/wp\/v2\/types\/post"}],"author":[{"embeddable":true,"href":"https:\/\/www.matrix4design.com\/it\/wp-json\/wp\/v2\/users\/31"}],"replies":[{"embeddable":true,"href":"https:\/\/www.matrix4design.com\/it\/wp-json\/wp\/v2\/comments?post=69991"}],"version-history":[{"count":3,"href":"https:\/\/www.matrix4design.com\/it\/wp-json\/wp\/v2\/posts\/69991\/revisions"}],"predecessor-version":[{"id":70000,"href":"https:\/\/www.matrix4design.com\/it\/wp-json\/wp\/v2\/posts\/69991\/revisions\/70000"}],"wp:featuredmedia":[{"embeddable":true,"href":"https:\/\/www.matrix4design.com\/it\/wp-json\/wp\/v2\/media\/69992"}],"wp:attachment":[{"href":"https:\/\/www.matrix4design.com\/it\/wp-json\/wp\/v2\/media?parent=69991"}],"wp:term":[{"taxonomy":"category","embeddable":true,"href":"https:\/\/www.matrix4design.com\/it\/wp-json\/wp\/v2\/categories?post=69991"},{"taxonomy":"post_tag","embeddable":true,"href":"https:\/\/www.matrix4design.com\/it\/wp-json\/wp\/v2\/tags?post=69991"}],"curies":[{"name":"wp","href":"https:\/\/api.w.org\/{rel}","templated":true}]}}