{"id":70656,"date":"2020-09-02T12:00:34","date_gmt":"2020-09-02T10:00:34","guid":{"rendered":"https:\/\/www.matrix4design.com\/?p=70656"},"modified":"2023-02-03T12:05:36","modified_gmt":"2023-02-03T11:05:36","slug":"da-dove-arrivano-le-maniglie","status":"publish","type":"post","link":"https:\/\/www.matrix4design.com\/it\/design\/da-dove-arrivano-le-maniglie\/","title":{"rendered":"Da dove arrivano le maniglie?"},"content":{"rendered":"<p>&nbsp;<\/p>\n<p>In tempi di emergenza sanitaria, anche il gesto pi\u00f9 automatico pu\u00f2 diventare meritevole di attenzione. E spesso questi gesti hanno a che fare con la struttura dei luoghi che abitiamo e frequentiamo, dato che non esiste forma di espressione (di arte, direbbero alcuni) pi\u00f9 fisica dell\u2019architettura.<\/p>\n<p>Un dettaglio degli edifici a cui pensiamo raramente e che pure \u00e8 fondamentale, anche solo per il fatto che le tocchiamo cos\u00ec spesso, sono le <strong>maniglie<\/strong>. L\u2019Art Magazine internazionale <a href=\"https:\/\/www.apollo-magazine.com\/history-door-handle-designs\/\" target=\"_blank\" rel=\"noopener noreferrer\"><em>Apollo<\/em><\/a>, ripreso in Italia anche da <em>Il Post<\/em>, ha ricostruito la storia di questi piccoli oggetti che da sempre fungono da interfaccia tra noi e gli edifici e che oggi sono diventati, loro malgrado, protagonisti di svariate misure di precauzione.<\/p>\n<figure id=\"attachment_70658\" aria-describedby=\"caption-attachment-70658\" style=\"width: 1024px\" class=\"wp-caption aligncenter\"><img loading=\"lazy\" decoding=\"async\" class=\"size-full wp-image-70658\" src=\"https:\/\/www.matrix4design.com\/wp-content\/uploads\/2020\/09\/diva_luca-casini_002-1024x683-1.jpg\" alt=\"\" width=\"1024\" height=\"683\" srcset=\"https:\/\/www.matrix4design.com\/wp-content\/uploads\/2020\/09\/diva_luca-casini_002-1024x683-1.jpg 1024w, https:\/\/www.matrix4design.com\/wp-content\/uploads\/2020\/09\/diva_luca-casini_002-1024x683-1-300x200.jpg 300w, https:\/\/www.matrix4design.com\/wp-content\/uploads\/2020\/09\/diva_luca-casini_002-1024x683-1-768x512.jpg 768w\" sizes=\"auto, (max-width: 1024px) 100vw, 1024px\" \/><figcaption id=\"caption-attachment-70658\" class=\"wp-caption-text\">Maniglia Diva di Luca Casini per Olivari \/ 2020<\/figcaption><\/figure>\n<p>Ci sono poche informazioni sull\u2019origine delle maniglie, ma possiamo farla risalire con un buon margine di certezza alla nascita delle <strong>porte<\/strong>, inizialmente interpretate nella loro funzione da chiavistelli, pomelli, addirittura pezzi di spago o lacci di cuoio.<\/p>\n<p>Gi\u00e0 nel Settecento in Europa centrale sulle porte d\u2019ingresso si diffusero <strong>maniglie a leva<\/strong> dal design sofisticato, di solito in ferro battuto, ma erano per lo pi\u00f9 oggetti prodotti localmente, con materiali facilmente reperibili, tra cui legno e ceramica, e scarsa cura progettuale.<\/p>\n<figure id=\"attachment_70659\" aria-describedby=\"caption-attachment-70659\" style=\"width: 800px\" class=\"wp-caption aligncenter\"><img loading=\"lazy\" decoding=\"async\" class=\"size-full wp-image-70659\" src=\"https:\/\/www.matrix4design.com\/wp-content\/uploads\/2020\/09\/65469834_2288973057836148_229650136085561344_n.jpg\" alt=\"\" width=\"800\" height=\"800\" srcset=\"https:\/\/www.matrix4design.com\/wp-content\/uploads\/2020\/09\/65469834_2288973057836148_229650136085561344_n.jpg 800w, https:\/\/www.matrix4design.com\/wp-content\/uploads\/2020\/09\/65469834_2288973057836148_229650136085561344_n-300x300.jpg 300w, https:\/\/www.matrix4design.com\/wp-content\/uploads\/2020\/09\/65469834_2288973057836148_229650136085561344_n-150x150.jpg 150w, https:\/\/www.matrix4design.com\/wp-content\/uploads\/2020\/09\/65469834_2288973057836148_229650136085561344_n-768x768.jpg 768w, https:\/\/www.matrix4design.com\/wp-content\/uploads\/2020\/09\/65469834_2288973057836148_229650136085561344_n-540x540.jpg 540w\" sizes=\"auto, (max-width: 800px) 100vw, 800px\" \/><figcaption id=\"caption-attachment-70659\" class=\"wp-caption-text\">Il brevetto della prima maniglia inventata da Osborne Dorsey nel 1878 \/ \u00a9 Handles Inc.<\/figcaption><\/figure>\n<p>Dobbiamo arrivare al <strong>1878<\/strong> perch\u00e9 l\u2019inventore afroamericano <strong>Osborn Dorsey<\/strong> registri negli <strong>Stati Uniti<\/strong> <strong>il primo brevetto di una maniglia<\/strong>: da allora, per\u00f2, e per tutto il XX secolo, questa tipologia di oggetto seppe risvegliare finalmente non solo l\u2019interesse degli artigiani ma quello degli <strong>architetti<\/strong>, probabilmente influenzati anche dall\u2019avvento dell\u2019<strong>Art Nouveau<\/strong>.<\/p>\n<p>Grazie a questa corrente artistica e culturale, le maniglie vennero percepite sempre di pi\u00f9 come <strong>un elemento architettonico a tutti gli effetti<\/strong>, da integrare alle linee, ricche e sinuose, degli edifici: lo dimostrano per esempio i disegni di <strong>Antoni Gaud\u00ec<\/strong>, celebre artista e architetto catalano le cui maniglie sono tuttora in produzione.<\/p>\n<figure id=\"attachment_70660\" aria-describedby=\"caption-attachment-70660\" style=\"width: 525px\" class=\"wp-caption alignright\"><img loading=\"lazy\" decoding=\"async\" class=\"size-full wp-image-70660\" src=\"https:\/\/www.matrix4design.com\/wp-content\/uploads\/2020\/09\/5350.jpg\" alt=\"\" width=\"525\" height=\"310\" srcset=\"https:\/\/www.matrix4design.com\/wp-content\/uploads\/2020\/09\/5350.jpg 525w, https:\/\/www.matrix4design.com\/wp-content\/uploads\/2020\/09\/5350-300x177.jpg 300w\" sizes=\"auto, (max-width: 525px) 100vw, 525px\" \/><figcaption id=\"caption-attachment-70660\" class=\"wp-caption-text\">Un progetto di maniglia firmato da Antoni Gaud\u00ec \/ \u00a9 BD Barcelona Design<\/figcaption><\/figure>\n<p>Altri che diedero il loro fondamentale contributo a questa nicchia di progetti architettonici furono i maestri del <strong>Bauhaus<\/strong>, secondo i quali anche il pi\u00f9 piccolo elemento doveva essere in grado di esprimere appieno lo spirito d\u2019insieme, nel loro caso identificato con un rigoroso minimalismo.<\/p>\n<p>Non a caso, nel <strong>1923 <\/strong>la <strong>maniglia modernista<\/strong> progettata da <strong>Walter Gropius<\/strong>, basata su una sezione quadrata e una cilindrica, divenne uno dei primi prodotti ad essere commercializzati dal Bauhaus nel tentativo di raccogliere fondi e oggi si trova ancora in diversi edifici pubblici tedeschi.<\/p>\n<p>La maniglia pi\u00f9 influente della Storia fu per\u00f2 creata da un filosofo, laureato in ingegneria: la progett\u00f2 Ludwig Wittgenstein per la casa di sua sorella a Vienna nel <strong>1928<\/strong> e si presenta come una semplice barra di metallo piegata, antenata diretta delle maniglie come le conosciamo noi oggi.<\/p>\n<figure id=\"attachment_70661\" aria-describedby=\"caption-attachment-70661\" style=\"width: 546px\" class=\"wp-caption aligncenter\"><img loading=\"lazy\" decoding=\"async\" class=\"size-full wp-image-70661\" src=\"https:\/\/www.matrix4design.com\/wp-content\/uploads\/2020\/09\/EMze6utU4AEPfrz.jpg\" alt=\"\" width=\"546\" height=\"575\" srcset=\"https:\/\/www.matrix4design.com\/wp-content\/uploads\/2020\/09\/EMze6utU4AEPfrz.jpg 546w, https:\/\/www.matrix4design.com\/wp-content\/uploads\/2020\/09\/EMze6utU4AEPfrz-285x300.jpg 285w\" sizes=\"auto, (max-width: 546px) 100vw, 546px\" \/><figcaption id=\"caption-attachment-70661\" class=\"wp-caption-text\">La maniglia di casa Wittgenstein \/ \u00a9 Paul Holdengraber<\/figcaption><\/figure>\n<p>Nel Secondo Dopoguerra, <strong>il rapido sviluppo del design industriale<\/strong> che si verific\u00f2 in Germania, in Francia e in Italia fece esplodere il mercato delle maniglie, le quali diventarono protagoniste della scena grazie ai blasonati designer che vi si cimentarono, da <strong>Gio Ponti<\/strong> ad <strong>Arne Jacobson<\/strong>, e alle nuove aziende nate per una produzione di fascia alta.<\/p>\n<figure id=\"attachment_70657\" aria-describedby=\"caption-attachment-70657\" style=\"width: 1024px\" class=\"wp-caption aligncenter\"><img loading=\"lazy\" decoding=\"async\" class=\"size-large wp-image-70657\" src=\"https:\/\/www.matrix4design.com\/wp-content\/uploads\/2020\/09\/vola_max-pajetta_002-1024x683.jpg\" alt=\"\" width=\"1024\" height=\"683\" srcset=\"https:\/\/www.matrix4design.com\/wp-content\/uploads\/2020\/09\/vola_max-pajetta_002-1024x683.jpg 1024w, https:\/\/www.matrix4design.com\/wp-content\/uploads\/2020\/09\/vola_max-pajetta_002-300x200.jpg 300w, https:\/\/www.matrix4design.com\/wp-content\/uploads\/2020\/09\/vola_max-pajetta_002-768x512.jpg 768w, https:\/\/www.matrix4design.com\/wp-content\/uploads\/2020\/09\/vola_max-pajetta_002-1536x1024.jpg 1536w, https:\/\/www.matrix4design.com\/wp-content\/uploads\/2020\/09\/vola_max-pajetta_002-150x100.jpg 150w, https:\/\/www.matrix4design.com\/wp-content\/uploads\/2020\/09\/vola_max-pajetta_002-696x464.jpg 696w, https:\/\/www.matrix4design.com\/wp-content\/uploads\/2020\/09\/vola_max-pajetta_002-1068x712.jpg 1068w, https:\/\/www.matrix4design.com\/wp-content\/uploads\/2020\/09\/vola_max-pajetta_002.jpg 1600w\" sizes=\"auto, (max-width: 1024px) 100vw, 1024px\" \/><figcaption id=\"caption-attachment-70657\" class=\"wp-caption-text\">La maniglia di Max Pajetta per Olivari \/ 2020<\/figcaption><\/figure>\n<p>Da allora, l\u2019offerta di maniglie va di pari passo con la creativit\u00e0 dei designer, e scommettiamo che la situazione attuale, che ci ha portato a guardarle con altri occhi, potr\u00e0 presto diventare la scusa perfetta per inventarne di nuove, ancora pi\u00f9 iconiche.<\/p>\n","protected":false},"excerpt":{"rendered":"<p>&nbsp; In tempi di emergenza sanitaria, anche il gesto pi\u00f9 automatico pu\u00f2 diventare meritevole di attenzione. E spesso questi gesti hanno a che fare con la struttura dei luoghi che abitiamo e frequentiamo, dato che non esiste forma di espressione (di arte, direbbero alcuni) pi\u00f9 fisica dell\u2019architettura. Un dettaglio degli edifici a cui pensiamo raramente [&hellip;]<\/p>\n","protected":false},"author":31,"featured_media":70657,"comment_status":"closed","ping_status":"closed","sticky":false,"template":"","format":"standard","meta":{"_acf_changed":false,"footnotes":""},"categories":[366,418,368,379],"tags":[],"class_list":{"0":"post-70656","1":"post","2":"type-post","3":"status-publish","4":"format-standard","5":"has-post-thumbnail","7":"category-design","8":"category-design-home","9":"category-featured","10":"category-focus-home"},"acf":[],"yoast_head":"<!-- This site is optimized with the Yoast SEO plugin v27.0 - https:\/\/yoast.com\/product\/yoast-seo-wordpress\/ -->\n<title>Da dove arrivano le maniglie? Ecco la loro (lunga) storia<\/title>\n<meta name=\"description\" content=\"Per secoli considerate un dettaglio minore ma sorvegliate speciali ai tempi del Covid, oggi le maniglie sfidano architetti e designer: ecco la loro storia.\" \/>\n<meta name=\"robots\" content=\"index, follow, max-snippet:-1, max-image-preview:large, max-video-preview:-1\" \/>\n<link rel=\"canonical\" href=\"https:\/\/www.matrix4design.com\/it\/design\/da-dove-arrivano-le-maniglie\/\" \/>\n<meta property=\"og:locale\" content=\"it_IT\" \/>\n<meta property=\"og:type\" content=\"article\" \/>\n<meta property=\"og:title\" content=\"Da dove arrivano le maniglie? Ecco la loro (lunga) storia\" \/>\n<meta property=\"og:description\" content=\"Per secoli considerate un dettaglio minore ma sorvegliate speciali ai tempi del Covid, oggi le maniglie sfidano architetti e designer: ecco la loro storia.\" \/>\n<meta property=\"og:url\" content=\"https:\/\/www.matrix4design.com\/it\/design\/da-dove-arrivano-le-maniglie\/\" \/>\n<meta property=\"og:site_name\" content=\"Matrix4Design\" \/>\n<meta property=\"article:publisher\" content=\"https:\/\/www.facebook.com\/matrix4designmagazine\/\" \/>\n<meta property=\"article:published_time\" content=\"2020-09-02T10:00:34+00:00\" \/>\n<meta property=\"article:modified_time\" content=\"2023-02-03T11:05:36+00:00\" \/>\n<meta property=\"og:image\" content=\"https:\/\/www.matrix4design.com\/wp-content\/uploads\/2020\/09\/vola_max-pajetta_002.jpg\" \/>\n\t<meta property=\"og:image:width\" content=\"1600\" \/>\n\t<meta property=\"og:image:height\" content=\"1067\" \/>\n\t<meta property=\"og:image:type\" content=\"image\/jpeg\" \/>\n<meta name=\"author\" content=\"Giulia Guerra\" \/>\n<meta name=\"twitter:card\" content=\"summary_large_image\" \/>\n<meta name=\"twitter:label1\" content=\"Scritto da\" \/>\n\t<meta name=\"twitter:data1\" content=\"Giulia Guerra\" \/>\n\t<meta name=\"twitter:label2\" content=\"Tempo di lettura stimato\" \/>\n\t<meta name=\"twitter:data2\" content=\"3 minuti\" \/>\n<script type=\"application\/ld+json\" class=\"yoast-schema-graph\">{\"@context\":\"https:\/\/schema.org\",\"@graph\":[{\"@type\":\"Article\",\"@id\":\"https:\/\/www.matrix4design.com\/it\/design\/da-dove-arrivano-le-maniglie\/#article\",\"isPartOf\":{\"@id\":\"https:\/\/www.matrix4design.com\/it\/design\/da-dove-arrivano-le-maniglie\/\"},\"author\":{\"name\":\"Giulia Guerra\",\"@id\":\"https:\/\/www.matrix4design.com\/it\/#\/schema\/person\/9904de51b5d381af5b1b998563d3adfe\"},\"headline\":\"Da dove arrivano le maniglie?\",\"datePublished\":\"2020-09-02T10:00:34+00:00\",\"dateModified\":\"2023-02-03T11:05:36+00:00\",\"mainEntityOfPage\":{\"@id\":\"https:\/\/www.matrix4design.com\/it\/design\/da-dove-arrivano-le-maniglie\/\"},\"wordCount\":623,\"publisher\":{\"@id\":\"https:\/\/www.matrix4design.com\/it\/#organization\"},\"image\":{\"@id\":\"https:\/\/www.matrix4design.com\/it\/design\/da-dove-arrivano-le-maniglie\/#primaryimage\"},\"thumbnailUrl\":\"https:\/\/www.matrix4design.com\/wp-content\/uploads\/2020\/09\/vola_max-pajetta_002.jpg\",\"articleSection\":[\"Design\",\"Design home\",\"Featured\",\"Focus home\"],\"inLanguage\":\"it-IT\"},{\"@type\":\"WebPage\",\"@id\":\"https:\/\/www.matrix4design.com\/it\/design\/da-dove-arrivano-le-maniglie\/\",\"url\":\"https:\/\/www.matrix4design.com\/it\/design\/da-dove-arrivano-le-maniglie\/\",\"name\":\"Da dove arrivano le maniglie? Ecco la loro (lunga) storia\",\"isPartOf\":{\"@id\":\"https:\/\/www.matrix4design.com\/it\/#website\"},\"primaryImageOfPage\":{\"@id\":\"https:\/\/www.matrix4design.com\/it\/design\/da-dove-arrivano-le-maniglie\/#primaryimage\"},\"image\":{\"@id\":\"https:\/\/www.matrix4design.com\/it\/design\/da-dove-arrivano-le-maniglie\/#primaryimage\"},\"thumbnailUrl\":\"https:\/\/www.matrix4design.com\/wp-content\/uploads\/2020\/09\/vola_max-pajetta_002.jpg\",\"datePublished\":\"2020-09-02T10:00:34+00:00\",\"dateModified\":\"2023-02-03T11:05:36+00:00\",\"description\":\"Per secoli considerate un dettaglio minore ma sorvegliate speciali ai tempi del Covid, oggi le maniglie sfidano architetti e designer: ecco la loro storia.\",\"breadcrumb\":{\"@id\":\"https:\/\/www.matrix4design.com\/it\/design\/da-dove-arrivano-le-maniglie\/#breadcrumb\"},\"inLanguage\":\"it-IT\",\"potentialAction\":[{\"@type\":\"ReadAction\",\"target\":[\"https:\/\/www.matrix4design.com\/it\/design\/da-dove-arrivano-le-maniglie\/\"]}]},{\"@type\":\"ImageObject\",\"inLanguage\":\"it-IT\",\"@id\":\"https:\/\/www.matrix4design.com\/it\/design\/da-dove-arrivano-le-maniglie\/#primaryimage\",\"url\":\"https:\/\/www.matrix4design.com\/wp-content\/uploads\/2020\/09\/vola_max-pajetta_002.jpg\",\"contentUrl\":\"https:\/\/www.matrix4design.com\/wp-content\/uploads\/2020\/09\/vola_max-pajetta_002.jpg\",\"width\":1600,\"height\":1067,\"caption\":\"La maniglia di Max Pajetta per Olivari \/ 2020\"},{\"@type\":\"BreadcrumbList\",\"@id\":\"https:\/\/www.matrix4design.com\/it\/design\/da-dove-arrivano-le-maniglie\/#breadcrumb\",\"itemListElement\":[{\"@type\":\"ListItem\",\"position\":1,\"name\":\"Home\",\"item\":\"https:\/\/www.matrix4design.com\/it\/\"},{\"@type\":\"ListItem\",\"position\":2,\"name\":\"Da dove arrivano le maniglie?\"}]},{\"@type\":\"WebSite\",\"@id\":\"https:\/\/www.matrix4design.com\/it\/#website\",\"url\":\"https:\/\/www.matrix4design.com\/it\/\",\"name\":\"Matrix4Design\",\"description\":\"Digital architecture and design b2b magazine\",\"publisher\":{\"@id\":\"https:\/\/www.matrix4design.com\/it\/#organization\"},\"potentialAction\":[{\"@type\":\"SearchAction\",\"target\":{\"@type\":\"EntryPoint\",\"urlTemplate\":\"https:\/\/www.matrix4design.com\/it\/?s={search_term_string}\"},\"query-input\":{\"@type\":\"PropertyValueSpecification\",\"valueRequired\":true,\"valueName\":\"search_term_string\"}}],\"inLanguage\":\"it-IT\"},{\"@type\":\"Organization\",\"@id\":\"https:\/\/www.matrix4design.com\/it\/#organization\",\"name\":\"Matrix4Design\",\"url\":\"https:\/\/www.matrix4design.com\/it\/\",\"logo\":{\"@type\":\"ImageObject\",\"inLanguage\":\"it-IT\",\"@id\":\"https:\/\/www.matrix4design.com\/it\/#\/schema\/logo\/image\/\",\"url\":\"https:\/\/www.matrix4design.com\/wp-content\/uploads\/2020\/04\/logo_matrix4design.png\",\"contentUrl\":\"https:\/\/www.matrix4design.com\/wp-content\/uploads\/2020\/04\/logo_matrix4design.png\",\"width\":804,\"height\":114,\"caption\":\"Matrix4Design\"},\"image\":{\"@id\":\"https:\/\/www.matrix4design.com\/it\/#\/schema\/logo\/image\/\"},\"sameAs\":[\"https:\/\/www.facebook.com\/matrix4designmagazine\/\",\"https:\/\/www.instagram.com\/matrix4designmagazine\/\",\"https:\/\/www.youtube.com\/channel\/UCtuhSSrP3MOO_URZgv8mQ1A\"]},{\"@type\":\"Person\",\"@id\":\"https:\/\/www.matrix4design.com\/it\/#\/schema\/person\/9904de51b5d381af5b1b998563d3adfe\",\"name\":\"Giulia Guerra\",\"image\":{\"@type\":\"ImageObject\",\"inLanguage\":\"it-IT\",\"@id\":\"https:\/\/www.matrix4design.com\/it\/#\/schema\/person\/image\/\",\"url\":\"https:\/\/www.matrix4design.com\/wp-content\/uploads\/2023\/02\/logo_M4D_2023-96x96.jpg\",\"contentUrl\":\"https:\/\/www.matrix4design.com\/wp-content\/uploads\/2023\/02\/logo_M4D_2023-96x96.jpg\",\"caption\":\"Giulia Guerra\"},\"url\":\"https:\/\/www.matrix4design.com\/it\/author\/giuliag\/\"}]}<\/script>\n<!-- \/ Yoast SEO plugin. -->","yoast_head_json":{"title":"Da dove arrivano le maniglie? Ecco la loro (lunga) storia","description":"Per secoli considerate un dettaglio minore ma sorvegliate speciali ai tempi del Covid, oggi le maniglie sfidano architetti e designer: ecco la loro storia.","robots":{"index":"index","follow":"follow","max-snippet":"max-snippet:-1","max-image-preview":"max-image-preview:large","max-video-preview":"max-video-preview:-1"},"canonical":"https:\/\/www.matrix4design.com\/it\/design\/da-dove-arrivano-le-maniglie\/","og_locale":"it_IT","og_type":"article","og_title":"Da dove arrivano le maniglie? Ecco la loro (lunga) storia","og_description":"Per secoli considerate un dettaglio minore ma sorvegliate speciali ai tempi del Covid, oggi le maniglie sfidano architetti e designer: ecco la loro storia.","og_url":"https:\/\/www.matrix4design.com\/it\/design\/da-dove-arrivano-le-maniglie\/","og_site_name":"Matrix4Design","article_publisher":"https:\/\/www.facebook.com\/matrix4designmagazine\/","article_published_time":"2020-09-02T10:00:34+00:00","article_modified_time":"2023-02-03T11:05:36+00:00","og_image":[{"width":1600,"height":1067,"url":"https:\/\/www.matrix4design.com\/wp-content\/uploads\/2020\/09\/vola_max-pajetta_002.jpg","type":"image\/jpeg"}],"author":"Giulia Guerra","twitter_card":"summary_large_image","twitter_misc":{"Scritto da":"Giulia Guerra","Tempo di lettura stimato":"3 minuti"},"schema":{"@context":"https:\/\/schema.org","@graph":[{"@type":"Article","@id":"https:\/\/www.matrix4design.com\/it\/design\/da-dove-arrivano-le-maniglie\/#article","isPartOf":{"@id":"https:\/\/www.matrix4design.com\/it\/design\/da-dove-arrivano-le-maniglie\/"},"author":{"name":"Giulia Guerra","@id":"https:\/\/www.matrix4design.com\/it\/#\/schema\/person\/9904de51b5d381af5b1b998563d3adfe"},"headline":"Da dove arrivano le maniglie?","datePublished":"2020-09-02T10:00:34+00:00","dateModified":"2023-02-03T11:05:36+00:00","mainEntityOfPage":{"@id":"https:\/\/www.matrix4design.com\/it\/design\/da-dove-arrivano-le-maniglie\/"},"wordCount":623,"publisher":{"@id":"https:\/\/www.matrix4design.com\/it\/#organization"},"image":{"@id":"https:\/\/www.matrix4design.com\/it\/design\/da-dove-arrivano-le-maniglie\/#primaryimage"},"thumbnailUrl":"https:\/\/www.matrix4design.com\/wp-content\/uploads\/2020\/09\/vola_max-pajetta_002.jpg","articleSection":["Design","Design home","Featured","Focus home"],"inLanguage":"it-IT"},{"@type":"WebPage","@id":"https:\/\/www.matrix4design.com\/it\/design\/da-dove-arrivano-le-maniglie\/","url":"https:\/\/www.matrix4design.com\/it\/design\/da-dove-arrivano-le-maniglie\/","name":"Da dove arrivano le maniglie? Ecco la loro (lunga) storia","isPartOf":{"@id":"https:\/\/www.matrix4design.com\/it\/#website"},"primaryImageOfPage":{"@id":"https:\/\/www.matrix4design.com\/it\/design\/da-dove-arrivano-le-maniglie\/#primaryimage"},"image":{"@id":"https:\/\/www.matrix4design.com\/it\/design\/da-dove-arrivano-le-maniglie\/#primaryimage"},"thumbnailUrl":"https:\/\/www.matrix4design.com\/wp-content\/uploads\/2020\/09\/vola_max-pajetta_002.jpg","datePublished":"2020-09-02T10:00:34+00:00","dateModified":"2023-02-03T11:05:36+00:00","description":"Per secoli considerate un dettaglio minore ma sorvegliate speciali ai tempi del Covid, oggi le maniglie sfidano architetti e designer: ecco la loro storia.","breadcrumb":{"@id":"https:\/\/www.matrix4design.com\/it\/design\/da-dove-arrivano-le-maniglie\/#breadcrumb"},"inLanguage":"it-IT","potentialAction":[{"@type":"ReadAction","target":["https:\/\/www.matrix4design.com\/it\/design\/da-dove-arrivano-le-maniglie\/"]}]},{"@type":"ImageObject","inLanguage":"it-IT","@id":"https:\/\/www.matrix4design.com\/it\/design\/da-dove-arrivano-le-maniglie\/#primaryimage","url":"https:\/\/www.matrix4design.com\/wp-content\/uploads\/2020\/09\/vola_max-pajetta_002.jpg","contentUrl":"https:\/\/www.matrix4design.com\/wp-content\/uploads\/2020\/09\/vola_max-pajetta_002.jpg","width":1600,"height":1067,"caption":"La maniglia di Max Pajetta per Olivari \/ 2020"},{"@type":"BreadcrumbList","@id":"https:\/\/www.matrix4design.com\/it\/design\/da-dove-arrivano-le-maniglie\/#breadcrumb","itemListElement":[{"@type":"ListItem","position":1,"name":"Home","item":"https:\/\/www.matrix4design.com\/it\/"},{"@type":"ListItem","position":2,"name":"Da dove arrivano le maniglie?"}]},{"@type":"WebSite","@id":"https:\/\/www.matrix4design.com\/it\/#website","url":"https:\/\/www.matrix4design.com\/it\/","name":"Matrix4Design","description":"Digital architecture and design b2b magazine","publisher":{"@id":"https:\/\/www.matrix4design.com\/it\/#organization"},"potentialAction":[{"@type":"SearchAction","target":{"@type":"EntryPoint","urlTemplate":"https:\/\/www.matrix4design.com\/it\/?s={search_term_string}"},"query-input":{"@type":"PropertyValueSpecification","valueRequired":true,"valueName":"search_term_string"}}],"inLanguage":"it-IT"},{"@type":"Organization","@id":"https:\/\/www.matrix4design.com\/it\/#organization","name":"Matrix4Design","url":"https:\/\/www.matrix4design.com\/it\/","logo":{"@type":"ImageObject","inLanguage":"it-IT","@id":"https:\/\/www.matrix4design.com\/it\/#\/schema\/logo\/image\/","url":"https:\/\/www.matrix4design.com\/wp-content\/uploads\/2020\/04\/logo_matrix4design.png","contentUrl":"https:\/\/www.matrix4design.com\/wp-content\/uploads\/2020\/04\/logo_matrix4design.png","width":804,"height":114,"caption":"Matrix4Design"},"image":{"@id":"https:\/\/www.matrix4design.com\/it\/#\/schema\/logo\/image\/"},"sameAs":["https:\/\/www.facebook.com\/matrix4designmagazine\/","https:\/\/www.instagram.com\/matrix4designmagazine\/","https:\/\/www.youtube.com\/channel\/UCtuhSSrP3MOO_URZgv8mQ1A"]},{"@type":"Person","@id":"https:\/\/www.matrix4design.com\/it\/#\/schema\/person\/9904de51b5d381af5b1b998563d3adfe","name":"Giulia Guerra","image":{"@type":"ImageObject","inLanguage":"it-IT","@id":"https:\/\/www.matrix4design.com\/it\/#\/schema\/person\/image\/","url":"https:\/\/www.matrix4design.com\/wp-content\/uploads\/2023\/02\/logo_M4D_2023-96x96.jpg","contentUrl":"https:\/\/www.matrix4design.com\/wp-content\/uploads\/2023\/02\/logo_M4D_2023-96x96.jpg","caption":"Giulia Guerra"},"url":"https:\/\/www.matrix4design.com\/it\/author\/giuliag\/"}]}},"_links":{"self":[{"href":"https:\/\/www.matrix4design.com\/it\/wp-json\/wp\/v2\/posts\/70656","targetHints":{"allow":["GET"]}}],"collection":[{"href":"https:\/\/www.matrix4design.com\/it\/wp-json\/wp\/v2\/posts"}],"about":[{"href":"https:\/\/www.matrix4design.com\/it\/wp-json\/wp\/v2\/types\/post"}],"author":[{"embeddable":true,"href":"https:\/\/www.matrix4design.com\/it\/wp-json\/wp\/v2\/users\/31"}],"replies":[{"embeddable":true,"href":"https:\/\/www.matrix4design.com\/it\/wp-json\/wp\/v2\/comments?post=70656"}],"version-history":[{"count":3,"href":"https:\/\/www.matrix4design.com\/it\/wp-json\/wp\/v2\/posts\/70656\/revisions"}],"predecessor-version":[{"id":70717,"href":"https:\/\/www.matrix4design.com\/it\/wp-json\/wp\/v2\/posts\/70656\/revisions\/70717"}],"wp:featuredmedia":[{"embeddable":true,"href":"https:\/\/www.matrix4design.com\/it\/wp-json\/wp\/v2\/media\/70657"}],"wp:attachment":[{"href":"https:\/\/www.matrix4design.com\/it\/wp-json\/wp\/v2\/media?parent=70656"}],"wp:term":[{"taxonomy":"category","embeddable":true,"href":"https:\/\/www.matrix4design.com\/it\/wp-json\/wp\/v2\/categories?post=70656"},{"taxonomy":"post_tag","embeddable":true,"href":"https:\/\/www.matrix4design.com\/it\/wp-json\/wp\/v2\/tags?post=70656"}],"curies":[{"name":"wp","href":"https:\/\/api.w.org\/{rel}","templated":true}]}}