{"id":72989,"date":"2020-11-23T12:00:56","date_gmt":"2020-11-23T11:00:56","guid":{"rendered":"https:\/\/www.matrix4design.com\/?p=72989"},"modified":"2023-02-03T12:05:30","modified_gmt":"2023-02-03T11:05:30","slug":"15-anni-di-arte-laguna-prize-laura-gallon-racconta-ledizione-2021","status":"publish","type":"post","link":"https:\/\/www.matrix4design.com\/it\/dontstopdesign\/15-anni-di-arte-laguna-prize-laura-gallon-racconta-ledizione-2021\/","title":{"rendered":"15 anni di Arte Laguna Prize, Laura Gallon racconta l&#8217;edizione 2021"},"content":{"rendered":"<p>&nbsp;<\/p>\n<p>Doppia mostra, doppia festa nel 2021 per il quindicesimo compleanno di <a href=\"https:\/\/www.premioartelaguna.it\/\" target=\"_blank\" rel=\"noopener noreferrer\"><strong>Arte Laguna Prize<\/strong><\/a>, il concorso internazionale d\u2019arte aperto a molteplici discipline creative che fa di Venezia la cornice ideale per offrire una panoramica sullo stato dell\u2019arte contemporanea con uno sguardo aperto alla globalit\u00e0. Un\u2019occasione che invita i visitatori a lasciarsi rapire dalla bellezza e i giovani talenti a proporre opere capaci di fare emergere la loro sensibilit\u00e0, in un contesto di contaminazione totale tra arti visive e performative, multimedialit\u00e0 e design. Per scoprire qualcosa di pi\u00f9 sulla prossima edizione di Arte Laguna Prize, che Matrix4Design seguir\u00e0 in veste di media partner, abbiamo fatto alcune domande a <strong>Laura Gallon<\/strong>, ideatrice e anima della kermesse veneziana. Ecco quello che ci ha raccontato.<\/p>\n<figure id=\"attachment_72990\" aria-describedby=\"caption-attachment-72990\" style=\"width: 1024px\" class=\"wp-caption aligncenter\"><img loading=\"lazy\" decoding=\"async\" class=\"size-large wp-image-72990\" src=\"https:\/\/www.matrix4design.com\/wp-content\/uploads\/2020\/11\/Laura_1-1024x682.jpg\" alt=\"\" width=\"1024\" height=\"682\" srcset=\"https:\/\/www.matrix4design.com\/wp-content\/uploads\/2020\/11\/Laura_1-1024x682.jpg 1024w, https:\/\/www.matrix4design.com\/wp-content\/uploads\/2020\/11\/Laura_1-300x200.jpg 300w, https:\/\/www.matrix4design.com\/wp-content\/uploads\/2020\/11\/Laura_1-768x512.jpg 768w, https:\/\/www.matrix4design.com\/wp-content\/uploads\/2020\/11\/Laura_1.jpg 1280w\" sizes=\"auto, (max-width: 1024px) 100vw, 1024px\" \/><figcaption id=\"caption-attachment-72990\" class=\"wp-caption-text\">Laura Gallon<\/figcaption><\/figure>\n<p><strong>Nel 2021 Arte Laguna Prize compie 15 anni. Come festeggerete questo importante traguardo?<\/strong><\/p>\n<p>Nel 2021 Arte Laguna Prize festegger\u00e0 i suoi 15 anni di storia con una doppia mostra all\u2019Arsenale di Venezia. Sar\u00e0 un grande evento con i finalisti della 14^ e 15^ edizione e verranno esposte 240 opere provenienti da tutto il mondo in uno spazio di 4.000 mq. In questi 15 anni Arte Laguna Prize \u00e8 cresciuto moltissimo ed ha creato un\u2019enorme rete di collaborazioni a livello internazionale. La doppia mostra rappresenta il degno coronamento di un traguardo davvero importante e di 15 anni intensi e pieni di soddisfazioni.<\/p>\n<p><strong>Lo staff che ogni anno consente lo svolgimento del concorso \u00e8 a prevalenza femminile. Qual \u00e8 il valore aggiunto di lavorare con un team di donne?<\/strong><\/p>\n<p>Si \u00e8 trattato di un caso pi\u00f9 che di una scelta, ma \u00e8 sicuramente motivo di grande stabilit\u00e0. I vantaggi sono tanti, in primis la collaborazione, ci si sente infatti parte di una squadra con obiettivi condivisi e si lavora assieme per ottenerli, senza competizione. Grande capacit\u00e0 di ascolto e di relazione, comprensione e soddisfazione delle richieste di assistenza. Infine, flessibilit\u00e0 e multitasking, doti fondamentali per poter portare a termine tutte le fasi di organizzazione del concorso.<\/p>\n<figure id=\"attachment_72991\" aria-describedby=\"caption-attachment-72991\" style=\"width: 1024px\" class=\"wp-caption aligncenter\"><img loading=\"lazy\" decoding=\"async\" class=\"size-large wp-image-72991\" src=\"https:\/\/www.matrix4design.com\/wp-content\/uploads\/2020\/11\/credit-photo-Nicola-D_Orta-10-1024x683.jpg\" alt=\"\" width=\"1024\" height=\"683\" srcset=\"https:\/\/www.matrix4design.com\/wp-content\/uploads\/2020\/11\/credit-photo-Nicola-D_Orta-10-1024x683.jpg 1024w, https:\/\/www.matrix4design.com\/wp-content\/uploads\/2020\/11\/credit-photo-Nicola-D_Orta-10-300x200.jpg 300w, https:\/\/www.matrix4design.com\/wp-content\/uploads\/2020\/11\/credit-photo-Nicola-D_Orta-10-768x512.jpg 768w, https:\/\/www.matrix4design.com\/wp-content\/uploads\/2020\/11\/credit-photo-Nicola-D_Orta-10-1536x1024.jpg 1536w, https:\/\/www.matrix4design.com\/wp-content\/uploads\/2020\/11\/credit-photo-Nicola-D_Orta-10.jpg 1600w\" sizes=\"auto, (max-width: 1024px) 100vw, 1024px\" \/><figcaption id=\"caption-attachment-72991\" class=\"wp-caption-text\">\u00a9 Nicola D&#8217;Orta<\/figcaption><\/figure>\n<p><strong>Anche quest\u2019anno la giuria chiamata a valutare le opere in concorso \u00e8 ricca di nomi prestigiosi. Che approccio si aspetta? Ci saranno sorprese?<\/strong><\/p>\n<p>La formazione della giuria \u00e8 uno dei punti chiave per il concorso, dalle scelte della giuria dipende infatti la mostra finale, perci\u00f2 \u00e8 fondamentale scegliere persone competenti e nomi prestigiosi che siano sinonimo di qualit\u00e0. La giuria cambia ad ogni edizione proprio per far s\u00ec che ci siano sempre nuovi punti di vista e per offrire una panoramica sull\u2019arte contemporanea internazionale a 360\u00b0.<\/p>\n<p>I giurati votano in 3 fasi: in un primo momento le votazioni avvengono individualmente on line, ognuno nella propria area riservata, in seguito i giurati votano in gruppo, confrontandosi tra loro nelle categorie di competenza, per individuare i 120 finalisti che esporranno a Venezia. Infine, il giorno prima dell&#8217;inaugurazione della mostra, in gruppo di fronte all&#8217;opera, scelgono i vincitori assoluti.<\/p>\n<p>La modalit\u00e0 di voto assicura una selezione democratica e pari opportunit\u00e0 per tutti gli artisti, e anche un talento inespresso pu\u00f2 emergere e farsi notare dalla giuria e dal grande pubblico. La sorpresa pi\u00f9 bella \u00e8 sempre questa, dare visibilit\u00e0 a nuovi artisti, creando per loro opportunit\u00e0 e connessioni professionali, cosicch\u00e9 fare arte non rimanga solo un sogno nel cassetto.<\/p>\n<figure id=\"attachment_72992\" aria-describedby=\"caption-attachment-72992\" style=\"width: 1024px\" class=\"wp-caption aligncenter\"><img loading=\"lazy\" decoding=\"async\" class=\"size-large wp-image-72992\" src=\"https:\/\/www.matrix4design.com\/wp-content\/uploads\/2020\/11\/giacomo-di-lillo-6-1024x682.jpg\" alt=\"\" width=\"1024\" height=\"682\" srcset=\"https:\/\/www.matrix4design.com\/wp-content\/uploads\/2020\/11\/giacomo-di-lillo-6-1024x682.jpg 1024w, https:\/\/www.matrix4design.com\/wp-content\/uploads\/2020\/11\/giacomo-di-lillo-6-300x200.jpg 300w, https:\/\/www.matrix4design.com\/wp-content\/uploads\/2020\/11\/giacomo-di-lillo-6-768x512.jpg 768w, https:\/\/www.matrix4design.com\/wp-content\/uploads\/2020\/11\/giacomo-di-lillo-6-1536x1023.jpg 1536w, https:\/\/www.matrix4design.com\/wp-content\/uploads\/2020\/11\/giacomo-di-lillo-6.jpg 1600w\" sizes=\"auto, (max-width: 1024px) 100vw, 1024px\" \/><figcaption id=\"caption-attachment-72992\" class=\"wp-caption-text\">\u00a9 Giacomo Di Lillo<\/figcaption><\/figure>\n<p><strong>Matrix4Design, da quest\u2019anno media partner di Arte Laguna Prize, \u00e8 una testata specializzata in architettura e design. Che cosa lega il mondo dell\u2019arte al mondo del progetto?<\/strong><\/p>\n<p>La sezione di design \u00e8 nata nel 2018 per promuovere e valorizzare la creativit\u00e0 artistica applicata all&#8217;arredamento. Nel 2019 la sezione \u00e8 stata rinominata Art Design per sottolineare ulteriormente i labili confini tra queste due discipline, legate da un inestricabile file rouge. Nell\u2019art design la forza poetica e creatrice dell\u2019arte si intreccia con la funzionalit\u00e0 del design. Al giorno d\u2019oggi nella progettazione di oggetti di design vengono interpellati sempre pi\u00f9 spesso gli artisti e il risultato sono oggetti unici che rappresentano un perfetto connubio tra creativit\u00e0 e funzionalit\u00e0. Arte Laguna Prize cerca proprio questo: prodotti che nascono in ambito artistico e trovano poi una loro applicazione nel mondo del design.<\/p>\n<p><strong>Una cornice unica come quella della laguna veneziana esalta il valore delle opere d\u2019arte esposte? In che modo?<\/strong><\/p>\n<p>Venezia \u00e8 sicuramente una citt\u00e0 unica, ricca di storia e di cultura ed esporre in un luogo cos\u00ec magico rappresenta sempre un valore aggiunto per gli artisti che si iscrivono al concorso. A dare ancora pi\u00f9 prestigio alla mostra e alle opere esposte \u00e8 la sede scelta da Arte Laguna Prize: l\u2019Arsenale Nord. Dal 2010 i finalisti hanno l&#8217;opportunit\u00e0 di esporre in una delle location pi\u00f9 rinomate del mondo dell&#8217;arte, una sede cinquecentesca nel cuore di Venezia che un tempo era il grande cantiere navale della Repubblica Serenissima e che conserva ancora il fascino dell&#8217;archeologia industriale. In passato questi meravigliosi spazi erano chiusi per la maggior parte dell\u2019anno, le mostre di Arte Laguna Prize hanno aperto la strada per farlo rivivere e diventare un polo importante per molti eventi.<\/p>\n<figure id=\"attachment_72993\" aria-describedby=\"caption-attachment-72993\" style=\"width: 1024px\" class=\"wp-caption aligncenter\"><img loading=\"lazy\" decoding=\"async\" class=\"size-large wp-image-72993\" src=\"https:\/\/www.matrix4design.com\/wp-content\/uploads\/2020\/11\/credit-photo-Valeriia-Safiulina-29-1024x682.jpg\" alt=\"\" width=\"1024\" height=\"682\" srcset=\"https:\/\/www.matrix4design.com\/wp-content\/uploads\/2020\/11\/credit-photo-Valeriia-Safiulina-29-1024x682.jpg 1024w, https:\/\/www.matrix4design.com\/wp-content\/uploads\/2020\/11\/credit-photo-Valeriia-Safiulina-29-300x200.jpg 300w, https:\/\/www.matrix4design.com\/wp-content\/uploads\/2020\/11\/credit-photo-Valeriia-Safiulina-29-768x511.jpg 768w, https:\/\/www.matrix4design.com\/wp-content\/uploads\/2020\/11\/credit-photo-Valeriia-Safiulina-29-1536x1022.jpg 1536w, https:\/\/www.matrix4design.com\/wp-content\/uploads\/2020\/11\/credit-photo-Valeriia-Safiulina-29.jpg 1600w\" sizes=\"auto, (max-width: 1024px) 100vw, 1024px\" \/><figcaption id=\"caption-attachment-72993\" class=\"wp-caption-text\">\u00a9 Valeria Safiulina<\/figcaption><\/figure>\n<p><strong>Qual \u00e8 il messaggio che Arte Laguna Prize e l\u2019arte in generale ci trasmettono oggi, in una fase cos\u00ec complessa per il mondo intero?<\/strong><\/p>\n<p>L\u2019arte rappresenta sicuramente un punto di ripartenza da cui attingere per superare il difficile periodo che il mondo intero si \u00e8 trovato ad affrontare. L\u2019arte \u00e8 bellezza, e oggi pi\u00f9 che mai c\u2019\u00e8 bisogno di bellezza nel mondo. Da sempre l\u2019arte \u00e8 in grado di reagire alle avversit\u00e0 e creare opere meravigliose. Forse \u00e8 proprio nei periodi pi\u00f9 bui che l\u2019arte assume il suo significato pi\u00f9 alto ed illumina la via, diventando fonte di speranza e di ispirazione.<\/p>\n<p>&nbsp;<\/p>\n<p><em>La scadenza ultima per le iscrizioni ad Arte Laguna Prize \u00e8 fissata per il <strong>27 novembre 2020<\/strong>.<\/em><\/p>\n<p><em>Maggiori informazioni e bando di concorso disponibili su<\/em>\u00a0<a href=\"http:\/\/www.premioartelaguna.it\/\">www.premioartelaguna.it<\/a><\/p>\n","protected":false},"excerpt":{"rendered":"<p>&nbsp; Doppia mostra, doppia festa nel 2021 per il quindicesimo compleanno di Arte Laguna Prize, il concorso internazionale d\u2019arte aperto a molteplici discipline creative che fa di Venezia la cornice ideale per offrire una panoramica sullo stato dell\u2019arte contemporanea con uno sguardo aperto alla globalit\u00e0. Un\u2019occasione che invita i visitatori a lasciarsi rapire dalla bellezza [&hellip;]<\/p>\n","protected":false},"author":31,"featured_media":72995,"comment_status":"closed","ping_status":"closed","sticky":false,"template":"","format":"standard","meta":{"_acf_changed":false,"footnotes":""},"categories":[421,366,418,368,379],"tags":[455],"class_list":{"0":"post-72989","1":"post","2":"type-post","3":"status-publish","4":"format-standard","5":"has-post-thumbnail","7":"category-dontstopdesign","8":"category-design","9":"category-design-home","10":"category-featured","11":"category-focus-home","12":"tag-arte-laguna-prize-2021"},"acf":[],"yoast_head":"<!-- This site is optimized with the Yoast SEO plugin v27.0 - https:\/\/yoast.com\/product\/yoast-seo-wordpress\/ -->\n<title>15 anni di Arte Laguna Prize, Laura Gallon racconta l&#039;edizione 2021<\/title>\n<meta name=\"description\" content=\"In questa intervista esclusiva Laura Gallon racconta 15 anni di Arte Laguna Prize e anticipa le novit\u00e0 che caratterizzeranno l\u2019edizione 2021.\" \/>\n<meta name=\"robots\" content=\"index, follow, max-snippet:-1, max-image-preview:large, max-video-preview:-1\" \/>\n<link rel=\"canonical\" href=\"https:\/\/www.matrix4design.com\/it\/dontstopdesign\/15-anni-di-arte-laguna-prize-laura-gallon-racconta-ledizione-2021\/\" \/>\n<meta property=\"og:locale\" content=\"it_IT\" \/>\n<meta property=\"og:type\" content=\"article\" \/>\n<meta property=\"og:title\" content=\"15 anni di Arte Laguna Prize, Laura Gallon racconta l&#039;edizione 2021\" \/>\n<meta property=\"og:description\" content=\"In questa intervista esclusiva Laura Gallon racconta 15 anni di Arte Laguna Prize e anticipa le novit\u00e0 che caratterizzeranno l\u2019edizione 2021.\" \/>\n<meta property=\"og:url\" content=\"https:\/\/www.matrix4design.com\/it\/dontstopdesign\/15-anni-di-arte-laguna-prize-laura-gallon-racconta-ledizione-2021\/\" \/>\n<meta property=\"og:site_name\" content=\"Matrix4Design\" \/>\n<meta property=\"article:publisher\" content=\"https:\/\/www.facebook.com\/matrix4designmagazine\/\" \/>\n<meta property=\"article:published_time\" content=\"2020-11-23T11:00:56+00:00\" \/>\n<meta property=\"article:modified_time\" content=\"2023-02-03T11:05:30+00:00\" \/>\n<meta property=\"og:image\" content=\"https:\/\/www.matrix4design.com\/wp-content\/uploads\/2020\/11\/Laura_1-2.jpg\" \/>\n\t<meta property=\"og:image:width\" content=\"1269\" \/>\n\t<meta property=\"og:image:height\" content=\"663\" \/>\n\t<meta property=\"og:image:type\" content=\"image\/jpeg\" \/>\n<meta name=\"author\" content=\"Giulia Guerra\" \/>\n<meta name=\"twitter:card\" content=\"summary_large_image\" \/>\n<meta name=\"twitter:label1\" content=\"Scritto da\" \/>\n\t<meta name=\"twitter:data1\" content=\"Giulia Guerra\" \/>\n\t<meta name=\"twitter:label2\" content=\"Tempo di lettura stimato\" \/>\n\t<meta name=\"twitter:data2\" content=\"5 minuti\" \/>\n<script type=\"application\/ld+json\" class=\"yoast-schema-graph\">{\"@context\":\"https:\/\/schema.org\",\"@graph\":[{\"@type\":\"Article\",\"@id\":\"https:\/\/www.matrix4design.com\/it\/dontstopdesign\/15-anni-di-arte-laguna-prize-laura-gallon-racconta-ledizione-2021\/#article\",\"isPartOf\":{\"@id\":\"https:\/\/www.matrix4design.com\/it\/dontstopdesign\/15-anni-di-arte-laguna-prize-laura-gallon-racconta-ledizione-2021\/\"},\"author\":{\"name\":\"Giulia Guerra\",\"@id\":\"https:\/\/www.matrix4design.com\/it\/#\/schema\/person\/9904de51b5d381af5b1b998563d3adfe\"},\"headline\":\"15 anni di Arte Laguna Prize, Laura Gallon racconta l&#8217;edizione 2021\",\"datePublished\":\"2020-11-23T11:00:56+00:00\",\"dateModified\":\"2023-02-03T11:05:30+00:00\",\"mainEntityOfPage\":{\"@id\":\"https:\/\/www.matrix4design.com\/it\/dontstopdesign\/15-anni-di-arte-laguna-prize-laura-gallon-racconta-ledizione-2021\/\"},\"wordCount\":984,\"publisher\":{\"@id\":\"https:\/\/www.matrix4design.com\/it\/#organization\"},\"image\":{\"@id\":\"https:\/\/www.matrix4design.com\/it\/dontstopdesign\/15-anni-di-arte-laguna-prize-laura-gallon-racconta-ledizione-2021\/#primaryimage\"},\"thumbnailUrl\":\"https:\/\/www.matrix4design.com\/wp-content\/uploads\/2020\/11\/Laura_1-2.jpg\",\"keywords\":[\"arte laguna prize 2021\"],\"articleSection\":[\"#dontstopdesign\",\"Design\",\"Design home\",\"Featured\",\"Focus home\"],\"inLanguage\":\"it-IT\"},{\"@type\":\"WebPage\",\"@id\":\"https:\/\/www.matrix4design.com\/it\/dontstopdesign\/15-anni-di-arte-laguna-prize-laura-gallon-racconta-ledizione-2021\/\",\"url\":\"https:\/\/www.matrix4design.com\/it\/dontstopdesign\/15-anni-di-arte-laguna-prize-laura-gallon-racconta-ledizione-2021\/\",\"name\":\"15 anni di Arte Laguna Prize, Laura Gallon racconta l'edizione 2021\",\"isPartOf\":{\"@id\":\"https:\/\/www.matrix4design.com\/it\/#website\"},\"primaryImageOfPage\":{\"@id\":\"https:\/\/www.matrix4design.com\/it\/dontstopdesign\/15-anni-di-arte-laguna-prize-laura-gallon-racconta-ledizione-2021\/#primaryimage\"},\"image\":{\"@id\":\"https:\/\/www.matrix4design.com\/it\/dontstopdesign\/15-anni-di-arte-laguna-prize-laura-gallon-racconta-ledizione-2021\/#primaryimage\"},\"thumbnailUrl\":\"https:\/\/www.matrix4design.com\/wp-content\/uploads\/2020\/11\/Laura_1-2.jpg\",\"datePublished\":\"2020-11-23T11:00:56+00:00\",\"dateModified\":\"2023-02-03T11:05:30+00:00\",\"description\":\"In questa intervista esclusiva Laura Gallon racconta 15 anni di Arte Laguna Prize e anticipa le novit\u00e0 che caratterizzeranno l\u2019edizione 2021.\",\"breadcrumb\":{\"@id\":\"https:\/\/www.matrix4design.com\/it\/dontstopdesign\/15-anni-di-arte-laguna-prize-laura-gallon-racconta-ledizione-2021\/#breadcrumb\"},\"inLanguage\":\"it-IT\",\"potentialAction\":[{\"@type\":\"ReadAction\",\"target\":[\"https:\/\/www.matrix4design.com\/it\/dontstopdesign\/15-anni-di-arte-laguna-prize-laura-gallon-racconta-ledizione-2021\/\"]}]},{\"@type\":\"ImageObject\",\"inLanguage\":\"it-IT\",\"@id\":\"https:\/\/www.matrix4design.com\/it\/dontstopdesign\/15-anni-di-arte-laguna-prize-laura-gallon-racconta-ledizione-2021\/#primaryimage\",\"url\":\"https:\/\/www.matrix4design.com\/wp-content\/uploads\/2020\/11\/Laura_1-2.jpg\",\"contentUrl\":\"https:\/\/www.matrix4design.com\/wp-content\/uploads\/2020\/11\/Laura_1-2.jpg\",\"width\":1269,\"height\":663},{\"@type\":\"BreadcrumbList\",\"@id\":\"https:\/\/www.matrix4design.com\/it\/dontstopdesign\/15-anni-di-arte-laguna-prize-laura-gallon-racconta-ledizione-2021\/#breadcrumb\",\"itemListElement\":[{\"@type\":\"ListItem\",\"position\":1,\"name\":\"Home\",\"item\":\"https:\/\/www.matrix4design.com\/it\/\"},{\"@type\":\"ListItem\",\"position\":2,\"name\":\"15 anni di Arte Laguna Prize, Laura Gallon racconta l&#8217;edizione 2021\"}]},{\"@type\":\"WebSite\",\"@id\":\"https:\/\/www.matrix4design.com\/it\/#website\",\"url\":\"https:\/\/www.matrix4design.com\/it\/\",\"name\":\"Matrix4Design\",\"description\":\"Digital architecture and design b2b magazine\",\"publisher\":{\"@id\":\"https:\/\/www.matrix4design.com\/it\/#organization\"},\"potentialAction\":[{\"@type\":\"SearchAction\",\"target\":{\"@type\":\"EntryPoint\",\"urlTemplate\":\"https:\/\/www.matrix4design.com\/it\/?s={search_term_string}\"},\"query-input\":{\"@type\":\"PropertyValueSpecification\",\"valueRequired\":true,\"valueName\":\"search_term_string\"}}],\"inLanguage\":\"it-IT\"},{\"@type\":\"Organization\",\"@id\":\"https:\/\/www.matrix4design.com\/it\/#organization\",\"name\":\"Matrix4Design\",\"url\":\"https:\/\/www.matrix4design.com\/it\/\",\"logo\":{\"@type\":\"ImageObject\",\"inLanguage\":\"it-IT\",\"@id\":\"https:\/\/www.matrix4design.com\/it\/#\/schema\/logo\/image\/\",\"url\":\"https:\/\/www.matrix4design.com\/wp-content\/uploads\/2020\/04\/logo_matrix4design.png\",\"contentUrl\":\"https:\/\/www.matrix4design.com\/wp-content\/uploads\/2020\/04\/logo_matrix4design.png\",\"width\":804,\"height\":114,\"caption\":\"Matrix4Design\"},\"image\":{\"@id\":\"https:\/\/www.matrix4design.com\/it\/#\/schema\/logo\/image\/\"},\"sameAs\":[\"https:\/\/www.facebook.com\/matrix4designmagazine\/\",\"https:\/\/www.instagram.com\/matrix4designmagazine\/\",\"https:\/\/www.youtube.com\/channel\/UCtuhSSrP3MOO_URZgv8mQ1A\"]},{\"@type\":\"Person\",\"@id\":\"https:\/\/www.matrix4design.com\/it\/#\/schema\/person\/9904de51b5d381af5b1b998563d3adfe\",\"name\":\"Giulia Guerra\",\"image\":{\"@type\":\"ImageObject\",\"inLanguage\":\"it-IT\",\"@id\":\"https:\/\/www.matrix4design.com\/it\/#\/schema\/person\/image\/\",\"url\":\"https:\/\/www.matrix4design.com\/wp-content\/uploads\/2023\/02\/logo_M4D_2023-96x96.jpg\",\"contentUrl\":\"https:\/\/www.matrix4design.com\/wp-content\/uploads\/2023\/02\/logo_M4D_2023-96x96.jpg\",\"caption\":\"Giulia Guerra\"},\"url\":\"https:\/\/www.matrix4design.com\/it\/author\/giuliag\/\"}]}<\/script>\n<!-- \/ Yoast SEO plugin. -->","yoast_head_json":{"title":"15 anni di Arte Laguna Prize, Laura Gallon racconta l'edizione 2021","description":"In questa intervista esclusiva Laura Gallon racconta 15 anni di Arte Laguna Prize e anticipa le novit\u00e0 che caratterizzeranno l\u2019edizione 2021.","robots":{"index":"index","follow":"follow","max-snippet":"max-snippet:-1","max-image-preview":"max-image-preview:large","max-video-preview":"max-video-preview:-1"},"canonical":"https:\/\/www.matrix4design.com\/it\/dontstopdesign\/15-anni-di-arte-laguna-prize-laura-gallon-racconta-ledizione-2021\/","og_locale":"it_IT","og_type":"article","og_title":"15 anni di Arte Laguna Prize, Laura Gallon racconta l'edizione 2021","og_description":"In questa intervista esclusiva Laura Gallon racconta 15 anni di Arte Laguna Prize e anticipa le novit\u00e0 che caratterizzeranno l\u2019edizione 2021.","og_url":"https:\/\/www.matrix4design.com\/it\/dontstopdesign\/15-anni-di-arte-laguna-prize-laura-gallon-racconta-ledizione-2021\/","og_site_name":"Matrix4Design","article_publisher":"https:\/\/www.facebook.com\/matrix4designmagazine\/","article_published_time":"2020-11-23T11:00:56+00:00","article_modified_time":"2023-02-03T11:05:30+00:00","og_image":[{"width":1269,"height":663,"url":"https:\/\/www.matrix4design.com\/wp-content\/uploads\/2020\/11\/Laura_1-2.jpg","type":"image\/jpeg"}],"author":"Giulia Guerra","twitter_card":"summary_large_image","twitter_misc":{"Scritto da":"Giulia Guerra","Tempo di lettura stimato":"5 minuti"},"schema":{"@context":"https:\/\/schema.org","@graph":[{"@type":"Article","@id":"https:\/\/www.matrix4design.com\/it\/dontstopdesign\/15-anni-di-arte-laguna-prize-laura-gallon-racconta-ledizione-2021\/#article","isPartOf":{"@id":"https:\/\/www.matrix4design.com\/it\/dontstopdesign\/15-anni-di-arte-laguna-prize-laura-gallon-racconta-ledizione-2021\/"},"author":{"name":"Giulia Guerra","@id":"https:\/\/www.matrix4design.com\/it\/#\/schema\/person\/9904de51b5d381af5b1b998563d3adfe"},"headline":"15 anni di Arte Laguna Prize, Laura Gallon racconta l&#8217;edizione 2021","datePublished":"2020-11-23T11:00:56+00:00","dateModified":"2023-02-03T11:05:30+00:00","mainEntityOfPage":{"@id":"https:\/\/www.matrix4design.com\/it\/dontstopdesign\/15-anni-di-arte-laguna-prize-laura-gallon-racconta-ledizione-2021\/"},"wordCount":984,"publisher":{"@id":"https:\/\/www.matrix4design.com\/it\/#organization"},"image":{"@id":"https:\/\/www.matrix4design.com\/it\/dontstopdesign\/15-anni-di-arte-laguna-prize-laura-gallon-racconta-ledizione-2021\/#primaryimage"},"thumbnailUrl":"https:\/\/www.matrix4design.com\/wp-content\/uploads\/2020\/11\/Laura_1-2.jpg","keywords":["arte laguna prize 2021"],"articleSection":["#dontstopdesign","Design","Design home","Featured","Focus home"],"inLanguage":"it-IT"},{"@type":"WebPage","@id":"https:\/\/www.matrix4design.com\/it\/dontstopdesign\/15-anni-di-arte-laguna-prize-laura-gallon-racconta-ledizione-2021\/","url":"https:\/\/www.matrix4design.com\/it\/dontstopdesign\/15-anni-di-arte-laguna-prize-laura-gallon-racconta-ledizione-2021\/","name":"15 anni di Arte Laguna Prize, Laura Gallon racconta l'edizione 2021","isPartOf":{"@id":"https:\/\/www.matrix4design.com\/it\/#website"},"primaryImageOfPage":{"@id":"https:\/\/www.matrix4design.com\/it\/dontstopdesign\/15-anni-di-arte-laguna-prize-laura-gallon-racconta-ledizione-2021\/#primaryimage"},"image":{"@id":"https:\/\/www.matrix4design.com\/it\/dontstopdesign\/15-anni-di-arte-laguna-prize-laura-gallon-racconta-ledizione-2021\/#primaryimage"},"thumbnailUrl":"https:\/\/www.matrix4design.com\/wp-content\/uploads\/2020\/11\/Laura_1-2.jpg","datePublished":"2020-11-23T11:00:56+00:00","dateModified":"2023-02-03T11:05:30+00:00","description":"In questa intervista esclusiva Laura Gallon racconta 15 anni di Arte Laguna Prize e anticipa le novit\u00e0 che caratterizzeranno l\u2019edizione 2021.","breadcrumb":{"@id":"https:\/\/www.matrix4design.com\/it\/dontstopdesign\/15-anni-di-arte-laguna-prize-laura-gallon-racconta-ledizione-2021\/#breadcrumb"},"inLanguage":"it-IT","potentialAction":[{"@type":"ReadAction","target":["https:\/\/www.matrix4design.com\/it\/dontstopdesign\/15-anni-di-arte-laguna-prize-laura-gallon-racconta-ledizione-2021\/"]}]},{"@type":"ImageObject","inLanguage":"it-IT","@id":"https:\/\/www.matrix4design.com\/it\/dontstopdesign\/15-anni-di-arte-laguna-prize-laura-gallon-racconta-ledizione-2021\/#primaryimage","url":"https:\/\/www.matrix4design.com\/wp-content\/uploads\/2020\/11\/Laura_1-2.jpg","contentUrl":"https:\/\/www.matrix4design.com\/wp-content\/uploads\/2020\/11\/Laura_1-2.jpg","width":1269,"height":663},{"@type":"BreadcrumbList","@id":"https:\/\/www.matrix4design.com\/it\/dontstopdesign\/15-anni-di-arte-laguna-prize-laura-gallon-racconta-ledizione-2021\/#breadcrumb","itemListElement":[{"@type":"ListItem","position":1,"name":"Home","item":"https:\/\/www.matrix4design.com\/it\/"},{"@type":"ListItem","position":2,"name":"15 anni di Arte Laguna Prize, Laura Gallon racconta l&#8217;edizione 2021"}]},{"@type":"WebSite","@id":"https:\/\/www.matrix4design.com\/it\/#website","url":"https:\/\/www.matrix4design.com\/it\/","name":"Matrix4Design","description":"Digital architecture and design b2b magazine","publisher":{"@id":"https:\/\/www.matrix4design.com\/it\/#organization"},"potentialAction":[{"@type":"SearchAction","target":{"@type":"EntryPoint","urlTemplate":"https:\/\/www.matrix4design.com\/it\/?s={search_term_string}"},"query-input":{"@type":"PropertyValueSpecification","valueRequired":true,"valueName":"search_term_string"}}],"inLanguage":"it-IT"},{"@type":"Organization","@id":"https:\/\/www.matrix4design.com\/it\/#organization","name":"Matrix4Design","url":"https:\/\/www.matrix4design.com\/it\/","logo":{"@type":"ImageObject","inLanguage":"it-IT","@id":"https:\/\/www.matrix4design.com\/it\/#\/schema\/logo\/image\/","url":"https:\/\/www.matrix4design.com\/wp-content\/uploads\/2020\/04\/logo_matrix4design.png","contentUrl":"https:\/\/www.matrix4design.com\/wp-content\/uploads\/2020\/04\/logo_matrix4design.png","width":804,"height":114,"caption":"Matrix4Design"},"image":{"@id":"https:\/\/www.matrix4design.com\/it\/#\/schema\/logo\/image\/"},"sameAs":["https:\/\/www.facebook.com\/matrix4designmagazine\/","https:\/\/www.instagram.com\/matrix4designmagazine\/","https:\/\/www.youtube.com\/channel\/UCtuhSSrP3MOO_URZgv8mQ1A"]},{"@type":"Person","@id":"https:\/\/www.matrix4design.com\/it\/#\/schema\/person\/9904de51b5d381af5b1b998563d3adfe","name":"Giulia Guerra","image":{"@type":"ImageObject","inLanguage":"it-IT","@id":"https:\/\/www.matrix4design.com\/it\/#\/schema\/person\/image\/","url":"https:\/\/www.matrix4design.com\/wp-content\/uploads\/2023\/02\/logo_M4D_2023-96x96.jpg","contentUrl":"https:\/\/www.matrix4design.com\/wp-content\/uploads\/2023\/02\/logo_M4D_2023-96x96.jpg","caption":"Giulia Guerra"},"url":"https:\/\/www.matrix4design.com\/it\/author\/giuliag\/"}]}},"_links":{"self":[{"href":"https:\/\/www.matrix4design.com\/it\/wp-json\/wp\/v2\/posts\/72989","targetHints":{"allow":["GET"]}}],"collection":[{"href":"https:\/\/www.matrix4design.com\/it\/wp-json\/wp\/v2\/posts"}],"about":[{"href":"https:\/\/www.matrix4design.com\/it\/wp-json\/wp\/v2\/types\/post"}],"author":[{"embeddable":true,"href":"https:\/\/www.matrix4design.com\/it\/wp-json\/wp\/v2\/users\/31"}],"replies":[{"embeddable":true,"href":"https:\/\/www.matrix4design.com\/it\/wp-json\/wp\/v2\/comments?post=72989"}],"version-history":[{"count":2,"href":"https:\/\/www.matrix4design.com\/it\/wp-json\/wp\/v2\/posts\/72989\/revisions"}],"predecessor-version":[{"id":72996,"href":"https:\/\/www.matrix4design.com\/it\/wp-json\/wp\/v2\/posts\/72989\/revisions\/72996"}],"wp:featuredmedia":[{"embeddable":true,"href":"https:\/\/www.matrix4design.com\/it\/wp-json\/wp\/v2\/media\/72995"}],"wp:attachment":[{"href":"https:\/\/www.matrix4design.com\/it\/wp-json\/wp\/v2\/media?parent=72989"}],"wp:term":[{"taxonomy":"category","embeddable":true,"href":"https:\/\/www.matrix4design.com\/it\/wp-json\/wp\/v2\/categories?post=72989"},{"taxonomy":"post_tag","embeddable":true,"href":"https:\/\/www.matrix4design.com\/it\/wp-json\/wp\/v2\/tags?post=72989"}],"curies":[{"name":"wp","href":"https:\/\/api.w.org\/{rel}","templated":true}]}}