{"id":75262,"date":"2021-02-16T12:00:02","date_gmt":"2021-02-16T11:00:02","guid":{"rendered":"https:\/\/www.matrix4design.com\/?p=75262"},"modified":"2026-02-10T12:22:37","modified_gmt":"2026-02-10T11:22:37","slug":"fabric-la-terracotta-di-terreal-italia-scalda-gli-spazi-interni","status":"publish","type":"post","link":"https:\/\/www.matrix4design.com\/it\/design\/fabric-la-terracotta-di-terreal-italia-scalda-gli-spazi-interni\/","title":{"rendered":"FaBRIC, la terracotta di Terreal Italia \u201cscalda\u201d gli spazi interni"},"content":{"rendered":"<p>&nbsp;<\/p>\n<p>Terracotta per interni, o anche \u201cTerracotta da parati\u201d: \u00e8 questo il trend ormai affermato in molti spazi contemporanei, dove la decorazione delle case si affida sempre pi\u00f9 al calore e al colore dei mattoni per rendere gli ambienti pi\u00f9 accoglienti e confortevoli.<\/p>\n<p>In sintonia con l\u2019evoluzione del gusto, <a href=\"https:\/\/www.pica.it\/fabric\/\" target=\"_blank\" rel=\"noopener\"><strong>Terreal Italia<\/strong><\/a>, azienda di riferimento nella produzione e commercializzazione di sistemi di involucro in terracotta per l\u2019architettura, presenta <strong>FaBRIC<\/strong>, un nuovo pannello di rivestimento per interni con finitura in mattone faccia a vista.<\/p>\n<p><img loading=\"lazy\" decoding=\"async\" class=\"size-full wp-image-75265 aligncenter\" src=\"https:\/\/www.matrix4design.com\/wp-content\/uploads\/2021\/02\/Ambientazione_1.jpg\" alt=\"\" width=\"736\" height=\"877\" srcset=\"https:\/\/www.matrix4design.com\/wp-content\/uploads\/2021\/02\/Ambientazione_1.jpg 736w, https:\/\/www.matrix4design.com\/wp-content\/uploads\/2021\/02\/Ambientazione_1-252x300.jpg 252w\" sizes=\"auto, (max-width: 736px) 100vw, 736px\" \/><\/p>\n<p><strong>FaBRIC<\/strong> \u00e8 costituito da un supporto in lana di legno di abete rosso mineralizzata e legata con cemento e polvere di marmo a cui vengono applicati per incollaggio listelli in terracotta a pasta molle prodotti a stampo secondo l\u2019antica maniera.<\/p>\n<p>L\u2019estrema <strong>leggerezza<\/strong> del pannello lo rende non solo versatile nel trasporto, ma soprattutto <strong>facile e veloce<\/strong> da posare, anche con una semplice ed economica posa fai-da-te, visto che i pannelli possono essere fissati meccanicamente attraverso 4 viti su qualsiasi struttura di supporto e, una volta fissato, permette di procedere alla stilatura dei giunti con un fugante.<\/p>\n<figure id=\"attachment_75266\" aria-describedby=\"caption-attachment-75266\" style=\"width: 1024px\" class=\"wp-caption aligncenter\"><img loading=\"lazy\" decoding=\"async\" class=\"wp-image-75266 size-large\" src=\"https:\/\/www.matrix4design.com\/wp-content\/uploads\/2021\/02\/Pannello-Dogi-2.0-particolare-1024x683.jpg\" alt=\"\" width=\"1024\" height=\"683\" srcset=\"https:\/\/www.matrix4design.com\/wp-content\/uploads\/2021\/02\/Pannello-Dogi-2.0-particolare-1024x683.jpg 1024w, https:\/\/www.matrix4design.com\/wp-content\/uploads\/2021\/02\/Pannello-Dogi-2.0-particolare-300x200.jpg 300w, https:\/\/www.matrix4design.com\/wp-content\/uploads\/2021\/02\/Pannello-Dogi-2.0-particolare-768x512.jpg 768w, https:\/\/www.matrix4design.com\/wp-content\/uploads\/2021\/02\/Pannello-Dogi-2.0-particolare-1536x1024.jpg 1536w, https:\/\/www.matrix4design.com\/wp-content\/uploads\/2021\/02\/Pannello-Dogi-2.0-particolare.jpg 1600w\" sizes=\"auto, (max-width: 1024px) 100vw, 1024px\" \/><figcaption id=\"caption-attachment-75266\" class=\"wp-caption-text\">Pannello Dogi<\/figcaption><\/figure>\n<p><strong>FaBRIC<\/strong> \u00e8 inoltre disponibile in due finiture esclusive: <strong>DOGI2.0<\/strong> di <strong>SanMarco<\/strong> e <strong>RUSTICO 800<\/strong> di <strong>Pica<\/strong>, un\u2019opportunit\u00e0 per venire incontro alle diverse esigenze progettuali.<\/p>\n<p>Tra i vantaggi d\u2019uso<strong> FaBRIC<\/strong> ha il grande pregio di essere anche <strong>un igro-termo regolatore<\/strong>: la terracotta, materiale poroso, assorbe l\u2019umidit\u00e0 in eccesso e la cede col tempo, contribuendo cos\u00ec a migliorare il microclima indoor; abbinata alla lana di legno, la terracotta ha poi grandi <strong>doti fonoassorbenti<\/strong> e contribuisce a migliorare il comfort termico e acustico, ottimale per gli ambienti interni delle case ed in generale degli spazi abitativi.<\/p>\n<p><img loading=\"lazy\" decoding=\"async\" class=\"size-full wp-image-75264 aligncenter\" src=\"https:\/\/www.matrix4design.com\/wp-content\/uploads\/2021\/02\/Ambientazione_2.jpg\" alt=\"\" width=\"729\" height=\"874\" srcset=\"https:\/\/www.matrix4design.com\/wp-content\/uploads\/2021\/02\/Ambientazione_2.jpg 729w, https:\/\/www.matrix4design.com\/wp-content\/uploads\/2021\/02\/Ambientazione_2-250x300.jpg 250w, https:\/\/www.matrix4design.com\/wp-content\/uploads\/2021\/02\/Ambientazione_2-150x180.jpg 150w, https:\/\/www.matrix4design.com\/wp-content\/uploads\/2021\/02\/Ambientazione_2-300x360.jpg 300w, https:\/\/www.matrix4design.com\/wp-content\/uploads\/2021\/02\/Ambientazione_2-696x834.jpg 696w\" sizes=\"auto, (max-width: 729px) 100vw, 729px\" \/><\/p>\n<p><strong>Naturale, \u201cmade in Italy\u201d e biocompatibile al 100%<\/strong> cos\u00ec <strong>FaBRIC<\/strong> riveste di bellezza le pareti di casa arricchendole con la nobilt\u00e0 della vera terracotta italiana che evoca da sempre calore, decoro, prestigio e comfort.<\/p>\n","protected":false},"excerpt":{"rendered":"<p>&nbsp; Terracotta per interni, o anche \u201cTerracotta da parati\u201d: \u00e8 questo il trend ormai affermato in molti spazi contemporanei, dove la decorazione delle case si affida sempre pi\u00f9 al calore e al colore dei mattoni per rendere gli ambienti pi\u00f9 accoglienti e confortevoli. In sintonia con l\u2019evoluzione del gusto, Terreal Italia, azienda di riferimento nella [&hellip;]<\/p>\n","protected":false},"author":6,"featured_media":75264,"comment_status":"closed","ping_status":"closed","sticky":false,"template":"","format":"standard","meta":{"_acf_changed":false,"footnotes":""},"categories":[421,366,418,368,379],"tags":[437],"class_list":{"0":"post-75262","1":"post","2":"type-post","3":"status-publish","4":"format-standard","5":"has-post-thumbnail","7":"category-dontstopdesign","8":"category-design","9":"category-design-home","10":"category-featured","11":"category-focus-home","12":"tag-superfici"},"acf":[],"yoast_head":"<!-- This site is optimized with the Yoast SEO plugin v27.0 - https:\/\/yoast.com\/product\/yoast-seo-wordpress\/ -->\n<title>FaBRIC, la terracotta di Terreal Italia \u201cscalda\u201d gli spazi interni<\/title>\n<meta name=\"description\" content=\"Terreal Italia presenta FaBRIC, il nuovo pannello da rivestimento con finitura in mattoni faccia a vista per l\u2019interior design.\" \/>\n<meta name=\"robots\" content=\"index, follow, max-snippet:-1, max-image-preview:large, max-video-preview:-1\" \/>\n<link rel=\"canonical\" href=\"https:\/\/www.matrix4design.com\/it\/design\/fabric-la-terracotta-di-terreal-italia-scalda-gli-spazi-interni\/\" \/>\n<meta property=\"og:locale\" content=\"it_IT\" \/>\n<meta property=\"og:type\" content=\"article\" \/>\n<meta property=\"og:title\" content=\"FaBRIC, la terracotta di Terreal Italia \u201cscalda\u201d gli spazi interni\" \/>\n<meta property=\"og:description\" content=\"Terreal Italia presenta FaBRIC, il nuovo pannello da rivestimento con finitura in mattoni faccia a vista per l\u2019interior design.\" \/>\n<meta property=\"og:url\" content=\"https:\/\/www.matrix4design.com\/it\/design\/fabric-la-terracotta-di-terreal-italia-scalda-gli-spazi-interni\/\" \/>\n<meta property=\"og:site_name\" content=\"Matrix4Design\" \/>\n<meta property=\"article:publisher\" content=\"https:\/\/www.facebook.com\/matrix4designmagazine\/\" \/>\n<meta property=\"article:published_time\" content=\"2021-02-16T11:00:02+00:00\" \/>\n<meta property=\"article:modified_time\" content=\"2026-02-10T11:22:37+00:00\" \/>\n<meta property=\"og:image\" content=\"https:\/\/www.matrix4design.com\/wp-content\/uploads\/2021\/02\/Ambientazione_2.jpg\" \/>\n\t<meta property=\"og:image:width\" content=\"729\" \/>\n\t<meta property=\"og:image:height\" content=\"874\" \/>\n\t<meta property=\"og:image:type\" content=\"image\/jpeg\" \/>\n<meta name=\"author\" content=\"Redazione\" \/>\n<meta name=\"twitter:card\" content=\"summary_large_image\" \/>\n<meta name=\"twitter:label1\" content=\"Scritto da\" \/>\n\t<meta name=\"twitter:data1\" content=\"Redazione\" \/>\n\t<meta name=\"twitter:label2\" content=\"Tempo di lettura stimato\" \/>\n\t<meta name=\"twitter:data2\" content=\"3 minuti\" \/>\n<script type=\"application\/ld+json\" class=\"yoast-schema-graph\">{\"@context\":\"https:\/\/schema.org\",\"@graph\":[{\"@type\":\"Article\",\"@id\":\"https:\/\/www.matrix4design.com\/it\/design\/fabric-la-terracotta-di-terreal-italia-scalda-gli-spazi-interni\/#article\",\"isPartOf\":{\"@id\":\"https:\/\/www.matrix4design.com\/it\/design\/fabric-la-terracotta-di-terreal-italia-scalda-gli-spazi-interni\/\"},\"author\":{\"name\":\"Redazione\",\"@id\":\"https:\/\/www.matrix4design.com\/it\/#\/schema\/person\/b2b6dd48f9d6892ca224742379951fa1\"},\"headline\":\"FaBRIC, la terracotta di Terreal Italia \u201cscalda\u201d gli spazi interni\",\"datePublished\":\"2021-02-16T11:00:02+00:00\",\"dateModified\":\"2026-02-10T11:22:37+00:00\",\"mainEntityOfPage\":{\"@id\":\"https:\/\/www.matrix4design.com\/it\/design\/fabric-la-terracotta-di-terreal-italia-scalda-gli-spazi-interni\/\"},\"wordCount\":325,\"publisher\":{\"@id\":\"https:\/\/www.matrix4design.com\/it\/#organization\"},\"image\":{\"@id\":\"https:\/\/www.matrix4design.com\/it\/design\/fabric-la-terracotta-di-terreal-italia-scalda-gli-spazi-interni\/#primaryimage\"},\"thumbnailUrl\":\"https:\/\/www.matrix4design.com\/wp-content\/uploads\/2021\/02\/Ambientazione_2.jpg\",\"keywords\":[\"superfici\"],\"articleSection\":[\"#dontstopdesign\",\"Design\",\"Design home\",\"Featured\",\"Focus home\"],\"inLanguage\":\"it-IT\"},{\"@type\":\"WebPage\",\"@id\":\"https:\/\/www.matrix4design.com\/it\/design\/fabric-la-terracotta-di-terreal-italia-scalda-gli-spazi-interni\/\",\"url\":\"https:\/\/www.matrix4design.com\/it\/design\/fabric-la-terracotta-di-terreal-italia-scalda-gli-spazi-interni\/\",\"name\":\"FaBRIC, la terracotta di Terreal Italia \u201cscalda\u201d gli spazi interni\",\"isPartOf\":{\"@id\":\"https:\/\/www.matrix4design.com\/it\/#website\"},\"primaryImageOfPage\":{\"@id\":\"https:\/\/www.matrix4design.com\/it\/design\/fabric-la-terracotta-di-terreal-italia-scalda-gli-spazi-interni\/#primaryimage\"},\"image\":{\"@id\":\"https:\/\/www.matrix4design.com\/it\/design\/fabric-la-terracotta-di-terreal-italia-scalda-gli-spazi-interni\/#primaryimage\"},\"thumbnailUrl\":\"https:\/\/www.matrix4design.com\/wp-content\/uploads\/2021\/02\/Ambientazione_2.jpg\",\"datePublished\":\"2021-02-16T11:00:02+00:00\",\"dateModified\":\"2026-02-10T11:22:37+00:00\",\"description\":\"Terreal Italia presenta FaBRIC, il nuovo pannello da rivestimento con finitura in mattoni faccia a vista per l\u2019interior design.\",\"breadcrumb\":{\"@id\":\"https:\/\/www.matrix4design.com\/it\/design\/fabric-la-terracotta-di-terreal-italia-scalda-gli-spazi-interni\/#breadcrumb\"},\"inLanguage\":\"it-IT\",\"potentialAction\":[{\"@type\":\"ReadAction\",\"target\":[\"https:\/\/www.matrix4design.com\/it\/design\/fabric-la-terracotta-di-terreal-italia-scalda-gli-spazi-interni\/\"]}]},{\"@type\":\"ImageObject\",\"inLanguage\":\"it-IT\",\"@id\":\"https:\/\/www.matrix4design.com\/it\/design\/fabric-la-terracotta-di-terreal-italia-scalda-gli-spazi-interni\/#primaryimage\",\"url\":\"https:\/\/www.matrix4design.com\/wp-content\/uploads\/2021\/02\/Ambientazione_2.jpg\",\"contentUrl\":\"https:\/\/www.matrix4design.com\/wp-content\/uploads\/2021\/02\/Ambientazione_2.jpg\",\"width\":729,\"height\":874},{\"@type\":\"BreadcrumbList\",\"@id\":\"https:\/\/www.matrix4design.com\/it\/design\/fabric-la-terracotta-di-terreal-italia-scalda-gli-spazi-interni\/#breadcrumb\",\"itemListElement\":[{\"@type\":\"ListItem\",\"position\":1,\"name\":\"Home\",\"item\":\"https:\/\/www.matrix4design.com\/it\/\"},{\"@type\":\"ListItem\",\"position\":2,\"name\":\"FaBRIC, la terracotta di Terreal Italia \u201cscalda\u201d gli spazi interni\"}]},{\"@type\":\"WebSite\",\"@id\":\"https:\/\/www.matrix4design.com\/it\/#website\",\"url\":\"https:\/\/www.matrix4design.com\/it\/\",\"name\":\"Matrix4Design\",\"description\":\"Digital architecture and design b2b magazine\",\"publisher\":{\"@id\":\"https:\/\/www.matrix4design.com\/it\/#organization\"},\"potentialAction\":[{\"@type\":\"SearchAction\",\"target\":{\"@type\":\"EntryPoint\",\"urlTemplate\":\"https:\/\/www.matrix4design.com\/it\/?s={search_term_string}\"},\"query-input\":{\"@type\":\"PropertyValueSpecification\",\"valueRequired\":true,\"valueName\":\"search_term_string\"}}],\"inLanguage\":\"it-IT\"},{\"@type\":\"Organization\",\"@id\":\"https:\/\/www.matrix4design.com\/it\/#organization\",\"name\":\"Matrix4Design\",\"url\":\"https:\/\/www.matrix4design.com\/it\/\",\"logo\":{\"@type\":\"ImageObject\",\"inLanguage\":\"it-IT\",\"@id\":\"https:\/\/www.matrix4design.com\/it\/#\/schema\/logo\/image\/\",\"url\":\"https:\/\/www.matrix4design.com\/wp-content\/uploads\/2020\/04\/logo_matrix4design.png\",\"contentUrl\":\"https:\/\/www.matrix4design.com\/wp-content\/uploads\/2020\/04\/logo_matrix4design.png\",\"width\":804,\"height\":114,\"caption\":\"Matrix4Design\"},\"image\":{\"@id\":\"https:\/\/www.matrix4design.com\/it\/#\/schema\/logo\/image\/\"},\"sameAs\":[\"https:\/\/www.facebook.com\/matrix4designmagazine\/\",\"https:\/\/www.instagram.com\/matrix4designmagazine\/\",\"https:\/\/www.youtube.com\/channel\/UCtuhSSrP3MOO_URZgv8mQ1A\"]},{\"@type\":\"Person\",\"@id\":\"https:\/\/www.matrix4design.com\/it\/#\/schema\/person\/b2b6dd48f9d6892ca224742379951fa1\",\"name\":\"Redazione\",\"image\":{\"@type\":\"ImageObject\",\"inLanguage\":\"it-IT\",\"@id\":\"https:\/\/www.matrix4design.com\/it\/#\/schema\/person\/image\/\",\"url\":\"https:\/\/www.matrix4design.com\/wp-content\/uploads\/2023\/01\/logo_M4D_2023-96x96.jpg\",\"contentUrl\":\"https:\/\/www.matrix4design.com\/wp-content\/uploads\/2023\/01\/logo_M4D_2023-96x96.jpg\",\"caption\":\"Redazione\"},\"url\":\"https:\/\/www.matrix4design.com\/it\/author\/redazione\/\"}]}<\/script>\n<!-- \/ Yoast SEO plugin. -->","yoast_head_json":{"title":"FaBRIC, la terracotta di Terreal Italia \u201cscalda\u201d gli spazi interni","description":"Terreal Italia presenta FaBRIC, il nuovo pannello da rivestimento con finitura in mattoni faccia a vista per l\u2019interior design.","robots":{"index":"index","follow":"follow","max-snippet":"max-snippet:-1","max-image-preview":"max-image-preview:large","max-video-preview":"max-video-preview:-1"},"canonical":"https:\/\/www.matrix4design.com\/it\/design\/fabric-la-terracotta-di-terreal-italia-scalda-gli-spazi-interni\/","og_locale":"it_IT","og_type":"article","og_title":"FaBRIC, la terracotta di Terreal Italia \u201cscalda\u201d gli spazi interni","og_description":"Terreal Italia presenta FaBRIC, il nuovo pannello da rivestimento con finitura in mattoni faccia a vista per l\u2019interior design.","og_url":"https:\/\/www.matrix4design.com\/it\/design\/fabric-la-terracotta-di-terreal-italia-scalda-gli-spazi-interni\/","og_site_name":"Matrix4Design","article_publisher":"https:\/\/www.facebook.com\/matrix4designmagazine\/","article_published_time":"2021-02-16T11:00:02+00:00","article_modified_time":"2026-02-10T11:22:37+00:00","og_image":[{"width":729,"height":874,"url":"https:\/\/www.matrix4design.com\/wp-content\/uploads\/2021\/02\/Ambientazione_2.jpg","type":"image\/jpeg"}],"author":"Redazione","twitter_card":"summary_large_image","twitter_misc":{"Scritto da":"Redazione","Tempo di lettura stimato":"3 minuti"},"schema":{"@context":"https:\/\/schema.org","@graph":[{"@type":"Article","@id":"https:\/\/www.matrix4design.com\/it\/design\/fabric-la-terracotta-di-terreal-italia-scalda-gli-spazi-interni\/#article","isPartOf":{"@id":"https:\/\/www.matrix4design.com\/it\/design\/fabric-la-terracotta-di-terreal-italia-scalda-gli-spazi-interni\/"},"author":{"name":"Redazione","@id":"https:\/\/www.matrix4design.com\/it\/#\/schema\/person\/b2b6dd48f9d6892ca224742379951fa1"},"headline":"FaBRIC, la terracotta di Terreal Italia \u201cscalda\u201d gli spazi interni","datePublished":"2021-02-16T11:00:02+00:00","dateModified":"2026-02-10T11:22:37+00:00","mainEntityOfPage":{"@id":"https:\/\/www.matrix4design.com\/it\/design\/fabric-la-terracotta-di-terreal-italia-scalda-gli-spazi-interni\/"},"wordCount":325,"publisher":{"@id":"https:\/\/www.matrix4design.com\/it\/#organization"},"image":{"@id":"https:\/\/www.matrix4design.com\/it\/design\/fabric-la-terracotta-di-terreal-italia-scalda-gli-spazi-interni\/#primaryimage"},"thumbnailUrl":"https:\/\/www.matrix4design.com\/wp-content\/uploads\/2021\/02\/Ambientazione_2.jpg","keywords":["superfici"],"articleSection":["#dontstopdesign","Design","Design home","Featured","Focus home"],"inLanguage":"it-IT"},{"@type":"WebPage","@id":"https:\/\/www.matrix4design.com\/it\/design\/fabric-la-terracotta-di-terreal-italia-scalda-gli-spazi-interni\/","url":"https:\/\/www.matrix4design.com\/it\/design\/fabric-la-terracotta-di-terreal-italia-scalda-gli-spazi-interni\/","name":"FaBRIC, la terracotta di Terreal Italia \u201cscalda\u201d gli spazi interni","isPartOf":{"@id":"https:\/\/www.matrix4design.com\/it\/#website"},"primaryImageOfPage":{"@id":"https:\/\/www.matrix4design.com\/it\/design\/fabric-la-terracotta-di-terreal-italia-scalda-gli-spazi-interni\/#primaryimage"},"image":{"@id":"https:\/\/www.matrix4design.com\/it\/design\/fabric-la-terracotta-di-terreal-italia-scalda-gli-spazi-interni\/#primaryimage"},"thumbnailUrl":"https:\/\/www.matrix4design.com\/wp-content\/uploads\/2021\/02\/Ambientazione_2.jpg","datePublished":"2021-02-16T11:00:02+00:00","dateModified":"2026-02-10T11:22:37+00:00","description":"Terreal Italia presenta FaBRIC, il nuovo pannello da rivestimento con finitura in mattoni faccia a vista per l\u2019interior design.","breadcrumb":{"@id":"https:\/\/www.matrix4design.com\/it\/design\/fabric-la-terracotta-di-terreal-italia-scalda-gli-spazi-interni\/#breadcrumb"},"inLanguage":"it-IT","potentialAction":[{"@type":"ReadAction","target":["https:\/\/www.matrix4design.com\/it\/design\/fabric-la-terracotta-di-terreal-italia-scalda-gli-spazi-interni\/"]}]},{"@type":"ImageObject","inLanguage":"it-IT","@id":"https:\/\/www.matrix4design.com\/it\/design\/fabric-la-terracotta-di-terreal-italia-scalda-gli-spazi-interni\/#primaryimage","url":"https:\/\/www.matrix4design.com\/wp-content\/uploads\/2021\/02\/Ambientazione_2.jpg","contentUrl":"https:\/\/www.matrix4design.com\/wp-content\/uploads\/2021\/02\/Ambientazione_2.jpg","width":729,"height":874},{"@type":"BreadcrumbList","@id":"https:\/\/www.matrix4design.com\/it\/design\/fabric-la-terracotta-di-terreal-italia-scalda-gli-spazi-interni\/#breadcrumb","itemListElement":[{"@type":"ListItem","position":1,"name":"Home","item":"https:\/\/www.matrix4design.com\/it\/"},{"@type":"ListItem","position":2,"name":"FaBRIC, la terracotta di Terreal Italia \u201cscalda\u201d gli spazi interni"}]},{"@type":"WebSite","@id":"https:\/\/www.matrix4design.com\/it\/#website","url":"https:\/\/www.matrix4design.com\/it\/","name":"Matrix4Design","description":"Digital architecture and design b2b magazine","publisher":{"@id":"https:\/\/www.matrix4design.com\/it\/#organization"},"potentialAction":[{"@type":"SearchAction","target":{"@type":"EntryPoint","urlTemplate":"https:\/\/www.matrix4design.com\/it\/?s={search_term_string}"},"query-input":{"@type":"PropertyValueSpecification","valueRequired":true,"valueName":"search_term_string"}}],"inLanguage":"it-IT"},{"@type":"Organization","@id":"https:\/\/www.matrix4design.com\/it\/#organization","name":"Matrix4Design","url":"https:\/\/www.matrix4design.com\/it\/","logo":{"@type":"ImageObject","inLanguage":"it-IT","@id":"https:\/\/www.matrix4design.com\/it\/#\/schema\/logo\/image\/","url":"https:\/\/www.matrix4design.com\/wp-content\/uploads\/2020\/04\/logo_matrix4design.png","contentUrl":"https:\/\/www.matrix4design.com\/wp-content\/uploads\/2020\/04\/logo_matrix4design.png","width":804,"height":114,"caption":"Matrix4Design"},"image":{"@id":"https:\/\/www.matrix4design.com\/it\/#\/schema\/logo\/image\/"},"sameAs":["https:\/\/www.facebook.com\/matrix4designmagazine\/","https:\/\/www.instagram.com\/matrix4designmagazine\/","https:\/\/www.youtube.com\/channel\/UCtuhSSrP3MOO_URZgv8mQ1A"]},{"@type":"Person","@id":"https:\/\/www.matrix4design.com\/it\/#\/schema\/person\/b2b6dd48f9d6892ca224742379951fa1","name":"Redazione","image":{"@type":"ImageObject","inLanguage":"it-IT","@id":"https:\/\/www.matrix4design.com\/it\/#\/schema\/person\/image\/","url":"https:\/\/www.matrix4design.com\/wp-content\/uploads\/2023\/01\/logo_M4D_2023-96x96.jpg","contentUrl":"https:\/\/www.matrix4design.com\/wp-content\/uploads\/2023\/01\/logo_M4D_2023-96x96.jpg","caption":"Redazione"},"url":"https:\/\/www.matrix4design.com\/it\/author\/redazione\/"}]}},"_links":{"self":[{"href":"https:\/\/www.matrix4design.com\/it\/wp-json\/wp\/v2\/posts\/75262","targetHints":{"allow":["GET"]}}],"collection":[{"href":"https:\/\/www.matrix4design.com\/it\/wp-json\/wp\/v2\/posts"}],"about":[{"href":"https:\/\/www.matrix4design.com\/it\/wp-json\/wp\/v2\/types\/post"}],"author":[{"embeddable":true,"href":"https:\/\/www.matrix4design.com\/it\/wp-json\/wp\/v2\/users\/6"}],"replies":[{"embeddable":true,"href":"https:\/\/www.matrix4design.com\/it\/wp-json\/wp\/v2\/comments?post=75262"}],"version-history":[{"count":2,"href":"https:\/\/www.matrix4design.com\/it\/wp-json\/wp\/v2\/posts\/75262\/revisions"}],"predecessor-version":[{"id":118445,"href":"https:\/\/www.matrix4design.com\/it\/wp-json\/wp\/v2\/posts\/75262\/revisions\/118445"}],"wp:featuredmedia":[{"embeddable":true,"href":"https:\/\/www.matrix4design.com\/it\/wp-json\/wp\/v2\/media\/75264"}],"wp:attachment":[{"href":"https:\/\/www.matrix4design.com\/it\/wp-json\/wp\/v2\/media?parent=75262"}],"wp:term":[{"taxonomy":"category","embeddable":true,"href":"https:\/\/www.matrix4design.com\/it\/wp-json\/wp\/v2\/categories?post=75262"},{"taxonomy":"post_tag","embeddable":true,"href":"https:\/\/www.matrix4design.com\/it\/wp-json\/wp\/v2\/tags?post=75262"}],"curies":[{"name":"wp","href":"https:\/\/api.w.org\/{rel}","templated":true}]}}